{"id":11636,"date":"2021-05-10T11:54:54","date_gmt":"2021-05-10T11:54:54","guid":{"rendered":"https:\/\/www.africa-press.net\/burkina-faso\/?p=11636"},"modified":"2021-05-10T18:47:06","modified_gmt":"2021-05-10T18:47:06","slug":"prevention-et-gestion-des-conflits-les-acteurs-du-projet-jeunes-et-paix-prennent-conseils-chez-le-mogho-naba","status":"publish","type":"post","link":"https:\/\/www.africa-press.net\/burkina-faso\/toutes-les-actualites\/prevention-et-gestion-des-conflits-les-acteurs-du-projet-jeunes-et-paix-prennent-conseils-chez-le-mogho-naba","title":{"rendered":"Pr\u00e9vention et gestion des conflits : Les acteurs du projet \u00ab Jeunes et Paix \u00bb prennent conseils chez le Mogho Naba"},"content":{"rendered":"<p><span style=\"color: #ff6600\"><strong><a href=\"https:\/\/www.africa-press.net\/\">Africa-Press<\/a> &#8211; <a href=\"https:\/\/www.africa-press.net\/burkina-faso\">Burkina Faso<\/a>. <\/strong><\/span><b>Sa Majest\u00e9 le Mogho Naba Baongho a re\u00e7u, le vendredi 7 mai 2021, \u00e0 son palais une d\u00e9l\u00e9gation conduite par le repr\u00e9sentant r\u00e9sident du PNUD au Burkina Faso pour des \u00e9changes et conseils. Une visite qui rentre dans le cadre de la r\u00e9alisation des rencontres interg\u00e9n\u00e9rationnelles pour le partage d\u2019exp\u00e9rience sur la pr\u00e9vention et la gestion des conflits au Burkina, dans le cadre du projet \u00ab Jeune et Paix \u00bb : une approche transfrontali\u00e8re entre le Mali et Burkina Faso.<\/b><\/p>\n<p>Dans le but de soutenir les efforts du gouvernement du Burkina Faso dans la lutte contre lins\u00e9curit\u00e9 et linstabilit\u00e9 notamment \u00e0 travers le renforcement de la coh\u00e9sion sociale et la paix communautaire, le syst\u00e8me des Nations-unies a mis en place plusieurs activit\u00e9s dont le projet Peace Building fund, ax\u00e9es autour du renforcement des actions de paix durable.<\/p>\n<p>Depuis 2016, le Burkina Faso fait face \u00e0 une mont\u00e9e de violences et d\u2019attaques de la part de groupes arm\u00e9s irr\u00e9guliers qui ont fait de nombreuses victimes civiles et militaires. Cette situation a entrain\u00e9 un exode massif de populations \u00e0 l\u2019int\u00e9rieur du pays et une recrudescence de conflits communautaires exacerb\u00e9s par un contexte social d\u00e9l\u00e9t\u00e8re.<\/p>\n<p>Pour faire face \u00e0 ces contraintes, le gouvernement burkinab\u00e8 avec l\u2019appui des partenaires a d\u00e9ploy\u00e9 plusieurs programmes en appui \u00e0 la r\u00e9ponse aux d\u00e9fis humanitaires et s\u00e9curitaires. Pour soutenir ces efforts du gouvernement, le syst\u00e8me des Nations-unies a mis en place plusieurs projets financ\u00e9s par le Peace Building Fund et ax\u00e9s autour du renforcement des actions de paix durable. C\u2019est dans ce cadre que le projet \u00ab Jeune et Paix \u00bb : une approche transfrontali\u00e8re entre le Mali et Burkina Faso a \u00e9t\u00e9 mis en \u0153uvre par le PNUD et l\u2019UNFPA.<\/p>\n<p>Afin de pr\u00e9venir une meilleure int\u00e9gration des jeunes et leurs besoins dans les m\u00e9canismes, structures de pr\u00e9vention et de gestion des conflits, et les m\u00e9canismes de prise de d\u00e9cisions au niveau local, le PNUD a mandat\u00e9 l\u2019association Nodde Nooto A2N dans la r\u00e9gion du Sahel pour la mise en \u0153uvre des activit\u00e9s dudit projet dans six communes que sont Arbinda, Djibo, Kelbo, dans la province du Soum ; D\u00e9ou, Gorom-Gorom et Oursi dans la province de l\u2019Oudalan.<\/p>\n<p>Pour ce faire, l\u2019Association A2N pr\u00e9voit organiser des rencontres interg\u00e9n\u00e9rationnelles aupr\u00e8s des leaders de la r\u00e9gion, afin qu\u2019ils puissent partager leurs exp\u00e9riences avec les organisations de jeunes. L\u2019objectif \u00e9tant de permettre aux jeunes de s\u2019impr\u00e9gner des exp\u00e9riences pratiques de pr\u00e9vention, de gestion de conflits communautaires avec les autorit\u00e9s coutumi\u00e8res, les leaders religieux, les autorit\u00e9s locales et administratives ; de permettre en outre aux jeunes de participer \u00e0 des s\u00e9ances d\u2019\u00e9changes directs entre autorit\u00e9s morales et leaders d\u2019opinons.<\/p>\n<p>Ainsi, dans la mise en action du projet, la visite \u00e0 sa Majest\u00e9 le Mogho Naba Baongho entrait dans ce cadre. Les \u00e9changes qui se sont tenus sous forme de groupes focus ont permis aux jeunes venus du Sahel de s\u2019impr\u00e9gner du savoir-faire du Mogho Naba. Laur\u00e9at du Prix Macky Sall pour la paix, sa Majest\u00e9 a exprim\u00e9 toute sa satisfaction pour le choix de la jeunesse d\u2019\u0153uvrer pour la recherche de la paix. Une paix, dira-t-il, qui est le socle de toute action pour une nation. Cependant, il a demand\u00e9 aux jeunes de faire preuve de responsabilit\u00e9, de maturit\u00e9 dans leur engagement.<\/p>\n<p>Pour le repr\u00e9sentant r\u00e9sident du PNUD, Mathieu Ciowela, le projet qui est transfrontalier avec le Mali a permis de former 60 jeunes. Le choix des jeunes r\u00e9pond au fait que ceux-ci \u00e9tant acteurs par leurs engagements, ils \u0153uvrent \u00e0 la recherche de la paix, \u00e0 lutter contre le ph\u00e9nom\u00e8ne du terrorisme et peuvent directement impacter sur leurs camarades.<\/p>\n<p><b>\u00a0<\/b><\/p>\n","protected":false},"excerpt":{"rendered":"<p>Africa-Press &#8211; Burkina Faso. Sa Majest\u00e9 le Mogho Naba Baongho a re\u00e7u, le vendredi 7 mai 2021, \u00e0 son palais une d\u00e9l\u00e9gation conduite par le repr\u00e9sentant r\u00e9sident du PNUD au Burkina Faso pour des \u00e9changes et conseils. Une visite qui rentre dans le cadre de la r\u00e9alisation des rencontres interg\u00e9n\u00e9rationnelles pour le partage d\u2019exp\u00e9rience sur [&hellip;]<\/p>\n","protected":false},"author":82,"featured_media":11635,"comment_status":"open","ping_status":"closed","sticky":false,"template":"","format":"standard","meta":{"footnotes":""},"categories":[21,11,10],"tags":[111,725,29],"class_list":["post-11636","post","type-post","status-publish","format-standard","has-post-thumbnail","hentry","category-communaute","category-homepage-french","category-toutes-les-actualites","tag-africa-press","tag-africa-press-burkina-faso","tag-burkina-faso"],"yoast_head":"<!-- This site is optimized with the Yoast SEO Premium plugin v26.1 (Yoast SEO v27.0) - https:\/\/yoast.com\/product\/yoast-seo-premium-wordpress\/ -->\n<title>Pr\u00e9vention et gestion des conflits : Les acteurs du projet \u00ab Jeunes et Paix \u00bb prennent conseils chez le Mogho Naba - Burkina Faso<\/title>\n<meta name=\"description\" content=\"Sa Majest\u00e9 le Mogho Naba Baongho a re\u00e7u, le vendredi 7 mai 2021, \u00e0 son palais une d\u00e9l\u00e9gation conduite par le repr\u00e9sen ...\" \/>\n<meta name=\"robots\" content=\"index, follow, max-snippet:-1, max-image-preview:large, max-video-preview:-1\" \/>\n<link rel=\"canonical\" href=\"https:\/\/www.africa-press.net\/burkina-faso\/toutes-les-actualites\/prevention-et-gestion-des-conflits-les-acteurs-du-projet-jeunes-et-paix-prennent-conseils-chez-le-mogho-naba\" \/>\n<meta property=\"og:locale\" content=\"fr_FR\" \/>\n<meta property=\"og:type\" content=\"article\" \/>\n<meta property=\"og:title\" content=\"Pr\u00e9vention et gestion des conflits : Les acteurs du projet \u00ab Jeunes et Paix \u00bb prennent conseils chez le Mogho Naba\" \/>\n<meta property=\"og:description\" content=\"Sa Majest\u00e9 le Mogho Naba Baongho a re\u00e7u, le vendredi 7 mai 2021, \u00e0 son palais une d\u00e9l\u00e9gation conduite par le repr\u00e9sen ...\" \/>\n<meta property=\"og:url\" content=\"https:\/\/www.africa-press.net\/burkina-faso\/toutes-les-actualites\/prevention-et-gestion-des-conflits-les-acteurs-du-projet-jeunes-et-paix-prennent-conseils-chez-le-mogho-naba\" \/>\n<meta property=\"og:site_name\" content=\"Burkina Faso\" \/>\n<meta property=\"article:published_time\" content=\"2021-05-10T11:54:54+00:00\" \/>\n<meta property=\"article:modified_time\" content=\"2021-05-10T18:47:06+00:00\" \/>\n<meta property=\"og:image\" content=\"https:\/\/static.africa-press.net\/burkina\/sites\/42\/2021\/05\/img-60991294b0fbf.jpg\" \/>\n\t<meta property=\"og:image:width\" content=\"720\" \/>\n\t<meta property=\"og:image:height\" content=\"479\" \/>\n\t<meta property=\"og:image:type\" content=\"image\/jpeg\" \/>\n<meta name=\"author\" content=\"cfeditorfr\" \/>\n<meta name=\"twitter:card\" content=\"summary_large_image\" \/>\n<meta name=\"twitter:label1\" content=\"\u00c9crit par\" \/>\n\t<meta name=\"twitter:data1\" content=\"cfeditorfr\" \/>\n\t<meta name=\"twitter:label2\" content=\"Dur\u00e9e de lecture estim\u00e9e\" \/>\n\t<meta name=\"twitter:data2\" content=\"3 minutes\" \/>\n<script type=\"application\/ld+json\" class=\"yoast-schema-graph\">{\"@context\":\"https:\/\/schema.org\",\"@graph\":[{\"@type\":\"Article\",\"@id\":\"https:\/\/www.africa-press.net\/burkina-faso\/toutes-les-actualites\/prevention-et-gestion-des-conflits-les-acteurs-du-projet-jeunes-et-paix-prennent-conseils-chez-le-mogho-naba#article\",\"isPartOf\":{\"@id\":\"https:\/\/www.africa-press.net\/burkina-faso\/toutes-les-actualites\/prevention-et-gestion-des-conflits-les-acteurs-du-projet-jeunes-et-paix-prennent-conseils-chez-le-mogho-naba\"},\"author\":{\"name\":\"cfeditorfr\",\"@id\":\"https:\/\/www.africa-press.net\/burkina-faso\/#\/schema\/person\/2b1cf3cd81a31e3cd26889ca66d677f1\"},\"headline\":\"Pr\u00e9vention et gestion des conflits : Les acteurs du projet \u00ab Jeunes et Paix \u00bb prennent conseils chez le Mogho Naba\",\"datePublished\":\"2021-05-10T11:54:54+00:00\",\"dateModified\":\"2021-05-10T18:47:06+00:00\",\"mainEntityOfPage\":{\"@id\":\"https:\/\/www.africa-press.net\/burkina-faso\/toutes-les-actualites\/prevention-et-gestion-des-conflits-les-acteurs-du-projet-jeunes-et-paix-prennent-conseils-chez-le-mogho-naba\"},\"wordCount\":679,\"commentCount\":0,\"image\":{\"@id\":\"https:\/\/www.africa-press.net\/burkina-faso\/toutes-les-actualites\/prevention-et-gestion-des-conflits-les-acteurs-du-projet-jeunes-et-paix-prennent-conseils-chez-le-mogho-naba#primaryimage\"},\"thumbnailUrl\":\"https:\/\/static.africa-press.net\/burkina\/sites\/42\/2021\/05\/img-60991294b0fbf.jpg\",\"keywords\":[\"Africa Press\",\"Africa Press-Burkina Faso\",\"Burkina Faso\"],\"articleSection\":[\"Communaut\u00e9\",\"homepage-french\",\"Toutes les actualit\u00e9s\"],\"inLanguage\":\"fr-FR\",\"potentialAction\":[{\"@type\":\"CommentAction\",\"name\":\"Comment\",\"target\":[\"https:\/\/www.africa-press.net\/burkina-faso\/toutes-les-actualites\/prevention-et-gestion-des-conflits-les-acteurs-du-projet-jeunes-et-paix-prennent-conseils-chez-le-mogho-naba#respond\"]}]},{\"@type\":\"WebPage\",\"@id\":\"https:\/\/www.africa-press.net\/burkina-faso\/toutes-les-actualites\/prevention-et-gestion-des-conflits-les-acteurs-du-projet-jeunes-et-paix-prennent-conseils-chez-le-mogho-naba\",\"url\":\"https:\/\/www.africa-press.net\/burkina-faso\/toutes-les-actualites\/prevention-et-gestion-des-conflits-les-acteurs-du-projet-jeunes-et-paix-prennent-conseils-chez-le-mogho-naba\",\"name\":\"Pr\u00e9vention et gestion des conflits : Les acteurs du projet \u00ab Jeunes et Paix \u00bb prennent conseils chez le Mogho Naba - Burkina Faso\",\"isPartOf\":{\"@id\":\"https:\/\/www.africa-press.net\/burkina-faso\/#website\"},\"primaryImageOfPage\":{\"@id\":\"https:\/\/www.africa-press.net\/burkina-faso\/toutes-les-actualites\/prevention-et-gestion-des-conflits-les-acteurs-du-projet-jeunes-et-paix-prennent-conseils-chez-le-mogho-naba#primaryimage\"},\"image\":{\"@id\":\"https:\/\/www.africa-press.net\/burkina-faso\/toutes-les-actualites\/prevention-et-gestion-des-conflits-les-acteurs-du-projet-jeunes-et-paix-prennent-conseils-chez-le-mogho-naba#primaryimage\"},\"thumbnailUrl\":\"https:\/\/static.africa-press.net\/burkina\/sites\/42\/2021\/05\/img-60991294b0fbf.jpg\",\"datePublished\":\"2021-05-10T11:54:54+00:00\",\"dateModified\":\"2021-05-10T18:47:06+00:00\",\"author\":{\"@id\":\"https:\/\/www.africa-press.net\/burkina-faso\/#\/schema\/person\/2b1cf3cd81a31e3cd26889ca66d677f1\"},\"description\":\"Sa Majest\u00e9 le Mogho Naba Baongho a re\u00e7u, le vendredi 7 mai 2021, \u00e0 son palais une d\u00e9l\u00e9gation conduite par le repr\u00e9sen ...\",\"breadcrumb\":{\"@id\":\"https:\/\/www.africa-press.net\/burkina-faso\/toutes-les-actualites\/prevention-et-gestion-des-conflits-les-acteurs-du-projet-jeunes-et-paix-prennent-conseils-chez-le-mogho-naba#breadcrumb\"},\"inLanguage\":\"fr-FR\",\"potentialAction\":[{\"@type\":\"ReadAction\",\"target\":[\"https:\/\/www.africa-press.net\/burkina-faso\/toutes-les-actualites\/prevention-et-gestion-des-conflits-les-acteurs-du-projet-jeunes-et-paix-prennent-conseils-chez-le-mogho-naba\"]}]},{\"@type\":\"ImageObject\",\"inLanguage\":\"fr-FR\",\"@id\":\"https:\/\/www.africa-press.net\/burkina-faso\/toutes-les-actualites\/prevention-et-gestion-des-conflits-les-acteurs-du-projet-jeunes-et-paix-prennent-conseils-chez-le-mogho-naba#primaryimage\",\"url\":\"https:\/\/static.africa-press.net\/burkina\/sites\/42\/2021\/05\/img-60991294b0fbf.jpg\",\"contentUrl\":\"https:\/\/static.africa-press.net\/burkina\/sites\/42\/2021\/05\/img-60991294b0fbf.jpg\",\"width\":720,\"height\":479,\"caption\":\"Pr\u00e9vention et gestion des conflits : Les acteurs du projet \u00ab Jeunes et Paix \u00bb prennent conseils chez le Mogho Naba\"},{\"@type\":\"BreadcrumbList\",\"@id\":\"https:\/\/www.africa-press.net\/burkina-faso\/toutes-les-actualites\/prevention-et-gestion-des-conflits-les-acteurs-du-projet-jeunes-et-paix-prennent-conseils-chez-le-mogho-naba#breadcrumb\",\"itemListElement\":[{\"@type\":\"ListItem\",\"position\":1,\"name\":\"Accueil\",\"item\":\"https:\/\/www.africa-press.net\/burkina-faso\/\"},{\"@type\":\"ListItem\",\"position\":2,\"name\":\"Pr\u00e9vention et gestion des conflits : Les acteurs du projet \u00ab Jeunes et Paix \u00bb prennent conseils chez le Mogho Naba\"}]},{\"@type\":\"WebSite\",\"@id\":\"https:\/\/www.africa-press.net\/burkina-faso\/#website\",\"url\":\"https:\/\/www.africa-press.net\/burkina-faso\/\",\"name\":\"Burkina Faso\",\"description\":\"Just another Africa News Agency Sites site\",\"potentialAction\":[{\"@type\":\"SearchAction\",\"target\":{\"@type\":\"EntryPoint\",\"urlTemplate\":\"https:\/\/www.africa-press.net\/burkina-faso\/?s={search_term_string}\"},\"query-input\":{\"@type\":\"PropertyValueSpecification\",\"valueRequired\":true,\"valueName\":\"search_term_string\"}}],\"inLanguage\":\"fr-FR\"},{\"@type\":\"Person\",\"@id\":\"https:\/\/www.africa-press.net\/burkina-faso\/#\/schema\/person\/2b1cf3cd81a31e3cd26889ca66d677f1\",\"name\":\"cfeditorfr\"}]}<\/script>\n<!-- \/ Yoast SEO Premium plugin. -->","yoast_head_json":{"title":"Pr\u00e9vention et gestion des conflits : Les acteurs du projet \u00ab Jeunes et Paix \u00bb prennent conseils chez le Mogho Naba - Burkina Faso","description":"Sa Majest\u00e9 le Mogho Naba Baongho a re\u00e7u, le vendredi 7 mai 2021, \u00e0 son palais une d\u00e9l\u00e9gation conduite par le repr\u00e9sen ...","robots":{"index":"index","follow":"follow","max-snippet":"max-snippet:-1","max-image-preview":"max-image-preview:large","max-video-preview":"max-video-preview:-1"},"canonical":"https:\/\/www.africa-press.net\/burkina-faso\/toutes-les-actualites\/prevention-et-gestion-des-conflits-les-acteurs-du-projet-jeunes-et-paix-prennent-conseils-chez-le-mogho-naba","og_locale":"fr_FR","og_type":"article","og_title":"Pr\u00e9vention et gestion des conflits : Les acteurs du projet \u00ab Jeunes et Paix \u00bb prennent conseils chez le Mogho Naba","og_description":"Sa Majest\u00e9 le Mogho Naba Baongho a re\u00e7u, le vendredi 7 mai 2021, \u00e0 son palais une d\u00e9l\u00e9gation conduite par le repr\u00e9sen ...","og_url":"https:\/\/www.africa-press.net\/burkina-faso\/toutes-les-actualites\/prevention-et-gestion-des-conflits-les-acteurs-du-projet-jeunes-et-paix-prennent-conseils-chez-le-mogho-naba","og_site_name":"Burkina Faso","article_published_time":"2021-05-10T11:54:54+00:00","article_modified_time":"2021-05-10T18:47:06+00:00","og_image":[{"width":720,"height":479,"url":"https:\/\/static.africa-press.net\/burkina\/sites\/42\/2021\/05\/img-60991294b0fbf.jpg","type":"image\/jpeg"}],"author":"cfeditorfr","twitter_card":"summary_large_image","twitter_misc":{"\u00c9crit par":"cfeditorfr","Dur\u00e9e de lecture estim\u00e9e":"3 minutes"},"schema":{"@context":"https:\/\/schema.org","@graph":[{"@type":"Article","@id":"https:\/\/www.africa-press.net\/burkina-faso\/toutes-les-actualites\/prevention-et-gestion-des-conflits-les-acteurs-du-projet-jeunes-et-paix-prennent-conseils-chez-le-mogho-naba#article","isPartOf":{"@id":"https:\/\/www.africa-press.net\/burkina-faso\/toutes-les-actualites\/prevention-et-gestion-des-conflits-les-acteurs-du-projet-jeunes-et-paix-prennent-conseils-chez-le-mogho-naba"},"author":{"name":"cfeditorfr","@id":"https:\/\/www.africa-press.net\/burkina-faso\/#\/schema\/person\/2b1cf3cd81a31e3cd26889ca66d677f1"},"headline":"Pr\u00e9vention et gestion des conflits : Les acteurs du projet \u00ab Jeunes et Paix \u00bb prennent conseils chez le Mogho Naba","datePublished":"2021-05-10T11:54:54+00:00","dateModified":"2021-05-10T18:47:06+00:00","mainEntityOfPage":{"@id":"https:\/\/www.africa-press.net\/burkina-faso\/toutes-les-actualites\/prevention-et-gestion-des-conflits-les-acteurs-du-projet-jeunes-et-paix-prennent-conseils-chez-le-mogho-naba"},"wordCount":679,"commentCount":0,"image":{"@id":"https:\/\/www.africa-press.net\/burkina-faso\/toutes-les-actualites\/prevention-et-gestion-des-conflits-les-acteurs-du-projet-jeunes-et-paix-prennent-conseils-chez-le-mogho-naba#primaryimage"},"thumbnailUrl":"https:\/\/static.africa-press.net\/burkina\/sites\/42\/2021\/05\/img-60991294b0fbf.jpg","keywords":["Africa Press","Africa Press-Burkina Faso","Burkina Faso"],"articleSection":["Communaut\u00e9","homepage-french","Toutes les actualit\u00e9s"],"inLanguage":"fr-FR","potentialAction":[{"@type":"CommentAction","name":"Comment","target":["https:\/\/www.africa-press.net\/burkina-faso\/toutes-les-actualites\/prevention-et-gestion-des-conflits-les-acteurs-du-projet-jeunes-et-paix-prennent-conseils-chez-le-mogho-naba#respond"]}]},{"@type":"WebPage","@id":"https:\/\/www.africa-press.net\/burkina-faso\/toutes-les-actualites\/prevention-et-gestion-des-conflits-les-acteurs-du-projet-jeunes-et-paix-prennent-conseils-chez-le-mogho-naba","url":"https:\/\/www.africa-press.net\/burkina-faso\/toutes-les-actualites\/prevention-et-gestion-des-conflits-les-acteurs-du-projet-jeunes-et-paix-prennent-conseils-chez-le-mogho-naba","name":"Pr\u00e9vention et gestion des conflits : Les acteurs du projet \u00ab Jeunes et Paix \u00bb prennent conseils chez le Mogho Naba - Burkina Faso","isPartOf":{"@id":"https:\/\/www.africa-press.net\/burkina-faso\/#website"},"primaryImageOfPage":{"@id":"https:\/\/www.africa-press.net\/burkina-faso\/toutes-les-actualites\/prevention-et-gestion-des-conflits-les-acteurs-du-projet-jeunes-et-paix-prennent-conseils-chez-le-mogho-naba#primaryimage"},"image":{"@id":"https:\/\/www.africa-press.net\/burkina-faso\/toutes-les-actualites\/prevention-et-gestion-des-conflits-les-acteurs-du-projet-jeunes-et-paix-prennent-conseils-chez-le-mogho-naba#primaryimage"},"thumbnailUrl":"https:\/\/static.africa-press.net\/burkina\/sites\/42\/2021\/05\/img-60991294b0fbf.jpg","datePublished":"2021-05-10T11:54:54+00:00","dateModified":"2021-05-10T18:47:06+00:00","author":{"@id":"https:\/\/www.africa-press.net\/burkina-faso\/#\/schema\/person\/2b1cf3cd81a31e3cd26889ca66d677f1"},"description":"Sa Majest\u00e9 le Mogho Naba Baongho a re\u00e7u, le vendredi 7 mai 2021, \u00e0 son palais une d\u00e9l\u00e9gation conduite par le repr\u00e9sen ...","breadcrumb":{"@id":"https:\/\/www.africa-press.net\/burkina-faso\/toutes-les-actualites\/prevention-et-gestion-des-conflits-les-acteurs-du-projet-jeunes-et-paix-prennent-conseils-chez-le-mogho-naba#breadcrumb"},"inLanguage":"fr-FR","potentialAction":[{"@type":"ReadAction","target":["https:\/\/www.africa-press.net\/burkina-faso\/toutes-les-actualites\/prevention-et-gestion-des-conflits-les-acteurs-du-projet-jeunes-et-paix-prennent-conseils-chez-le-mogho-naba"]}]},{"@type":"ImageObject","inLanguage":"fr-FR","@id":"https:\/\/www.africa-press.net\/burkina-faso\/toutes-les-actualites\/prevention-et-gestion-des-conflits-les-acteurs-du-projet-jeunes-et-paix-prennent-conseils-chez-le-mogho-naba#primaryimage","url":"https:\/\/static.africa-press.net\/burkina\/sites\/42\/2021\/05\/img-60991294b0fbf.jpg","contentUrl":"https:\/\/static.africa-press.net\/burkina\/sites\/42\/2021\/05\/img-60991294b0fbf.jpg","width":720,"height":479,"caption":"Pr\u00e9vention et gestion des conflits : Les acteurs du projet \u00ab Jeunes et Paix \u00bb prennent conseils chez le Mogho Naba"},{"@type":"BreadcrumbList","@id":"https:\/\/www.africa-press.net\/burkina-faso\/toutes-les-actualites\/prevention-et-gestion-des-conflits-les-acteurs-du-projet-jeunes-et-paix-prennent-conseils-chez-le-mogho-naba#breadcrumb","itemListElement":[{"@type":"ListItem","position":1,"name":"Accueil","item":"https:\/\/www.africa-press.net\/burkina-faso\/"},{"@type":"ListItem","position":2,"name":"Pr\u00e9vention et gestion des conflits : Les acteurs du projet \u00ab Jeunes et Paix \u00bb prennent conseils chez le Mogho Naba"}]},{"@type":"WebSite","@id":"https:\/\/www.africa-press.net\/burkina-faso\/#website","url":"https:\/\/www.africa-press.net\/burkina-faso\/","name":"Burkina Faso","description":"Just another Africa News Agency Sites site","potentialAction":[{"@type":"SearchAction","target":{"@type":"EntryPoint","urlTemplate":"https:\/\/www.africa-press.net\/burkina-faso\/?s={search_term_string}"},"query-input":{"@type":"PropertyValueSpecification","valueRequired":true,"valueName":"search_term_string"}}],"inLanguage":"fr-FR"},{"@type":"Person","@id":"https:\/\/www.africa-press.net\/burkina-faso\/#\/schema\/person\/2b1cf3cd81a31e3cd26889ca66d677f1","name":"cfeditorfr"}]}},"_links":{"self":[{"href":"https:\/\/www.africa-press.net\/burkina-faso\/wp-json\/wp\/v2\/posts\/11636","targetHints":{"allow":["GET"]}}],"collection":[{"href":"https:\/\/www.africa-press.net\/burkina-faso\/wp-json\/wp\/v2\/posts"}],"about":[{"href":"https:\/\/www.africa-press.net\/burkina-faso\/wp-json\/wp\/v2\/types\/post"}],"author":[{"embeddable":true,"href":"https:\/\/www.africa-press.net\/burkina-faso\/wp-json\/wp\/v2\/users\/82"}],"replies":[{"embeddable":true,"href":"https:\/\/www.africa-press.net\/burkina-faso\/wp-json\/wp\/v2\/comments?post=11636"}],"version-history":[{"count":0,"href":"https:\/\/www.africa-press.net\/burkina-faso\/wp-json\/wp\/v2\/posts\/11636\/revisions"}],"wp:featuredmedia":[{"embeddable":true,"href":"https:\/\/www.africa-press.net\/burkina-faso\/wp-json\/wp\/v2\/media\/11635"}],"wp:attachment":[{"href":"https:\/\/www.africa-press.net\/burkina-faso\/wp-json\/wp\/v2\/media?parent=11636"}],"wp:term":[{"taxonomy":"category","embeddable":true,"href":"https:\/\/www.africa-press.net\/burkina-faso\/wp-json\/wp\/v2\/categories?post=11636"},{"taxonomy":"post_tag","embeddable":true,"href":"https:\/\/www.africa-press.net\/burkina-faso\/wp-json\/wp\/v2\/tags?post=11636"}],"curies":[{"name":"wp","href":"https:\/\/api.w.org\/{rel}","templated":true}]}}