{"id":11642,"date":"2021-05-10T12:10:08","date_gmt":"2021-05-10T12:10:08","guid":{"rendered":"https:\/\/www.africa-press.net\/burkina-faso\/?p=11642"},"modified":"2021-05-10T18:47:37","modified_gmt":"2021-05-10T18:47:37","slug":"oudalan-les-populations-de-tin-akof-se-refugient-pres-du-camp-militaire-apres-une-attaque","status":"publish","type":"post","link":"https:\/\/www.africa-press.net\/burkina-faso\/politique\/oudalan-les-populations-de-tin-akof-se-refugient-pres-du-camp-militaire-apres-une-attaque","title":{"rendered":"Oudalan : Les populations de Tin Akof se r\u00e9fugient pr\u00e8s du camp militaire apr\u00e8s une attaque"},"content":{"rendered":"<p><span style=\"color: #ff6600\"><strong><a href=\"https:\/\/www.africa-press.net\/\">Africa-Press<\/a> &#8211; <a href=\"https:\/\/www.africa-press.net\/burkina-faso\">Burkina Faso<\/a>. <\/strong><\/span><b>\u00ab Plusieurs habitants de Tin Akof dans la province de l\u2019Oudalan se sont r\u00e9fugi\u00e9s, ce dimanche 9 mai 2021, pr\u00e8s du camp militaire de la commune, au lendemain d\u2019une attaque terroriste \u00bb, rapporte l\u2019Agence d\u2019information du Burkina qui cite des sources locales.<\/b><\/p>\n<p>Selon l\u2019AIB, l\u2019attaque a \u00e9t\u00e9 perp\u00e9tr\u00e9e par une troupe d\u2019hommes arm\u00e9s non identifi\u00e9s, le 8 mai 2021, aux environs de 18h. Trois personnes ont p\u00e9ri et des habitats ont \u00e9t\u00e9 br\u00fbl\u00e9 lors du passage des terroristes sur vers Menzouri, un village situ\u00e9 \u00e0 5km de Tin Akof.<\/p>\n<p>\u00ab Au petit matin (du dimanche), ils sont revenus emporter tout ce qui \u00e9tait b\u00e9tail dans Menzouri et environs \u00bb, pr\u00e9cise la source \u00e0 l\u2019AIB.<\/p>\n<p>Ce n\u2019est pas la premi\u00e8re fois qu\u2019une attaque se produit dans cette localit\u00e9. Le mardi 4 mai dernier, six personnes ont perdu la vie et une vingtaine de maisons ont \u00e9t\u00e9 br\u00fbl\u00e9es.<\/p>\n<p>En novembre 2020, en pleine campagne \u00e9lectorale, une patrouille militaire \u00e9tait tomb\u00e9e dans une embuscade sur l\u2019axe Tin Akoff-Beldiab\u00e9 \u00bb, entra\u00eenant la mort de 14 soldats. L\u2019attaque avait \u00e9t\u00e9 revendiqu\u00e9e par l\u2019Etat islamique. Quatre ans plut\u00f4t, dans la nuit du 31 mai au 1er juin 2016, trois policiers tombaient dans l\u2019attaque d\u2019un commissariat.<\/p>\n","protected":false},"excerpt":{"rendered":"<p>Africa-Press &#8211; Burkina Faso. \u00ab Plusieurs habitants de Tin Akof dans la province de l\u2019Oudalan se sont r\u00e9fugi\u00e9s, ce dimanche 9 mai 2021, pr\u00e8s du camp militaire de la commune, au lendemain d\u2019une attaque terroriste \u00bb, rapporte l\u2019Agence d\u2019information du Burkina qui cite des sources locales. Selon l\u2019AIB, l\u2019attaque a \u00e9t\u00e9 perp\u00e9tr\u00e9e par une troupe [&hellip;]<\/p>\n","protected":false},"author":82,"featured_media":11641,"comment_status":"open","ping_status":"closed","sticky":false,"template":"","format":"standard","meta":{"footnotes":""},"categories":[11,2,10],"tags":[111,725,29],"class_list":["post-11642","post","type-post","status-publish","format-standard","has-post-thumbnail","hentry","category-homepage-french","category-politique","category-toutes-les-actualites","tag-africa-press","tag-africa-press-burkina-faso","tag-burkina-faso"],"yoast_head":"<!-- This site is optimized with the Yoast SEO Premium plugin v26.1 (Yoast SEO v27.0) - https:\/\/yoast.com\/product\/yoast-seo-premium-wordpress\/ -->\n<title>Oudalan : Les populations de Tin Akof se r\u00e9fugient pr\u00e8s du camp militaire apr\u00e8s une attaque - Burkina Faso<\/title>\n<meta name=\"description\" content=\"\u00ab Plusieurs habitants de Tin Akof dans la province de l\u2019Oudalan se sont r\u00e9fugi\u00e9s, ce dimanche 9 mai 2021, pr\u00e8s du cam ...\" \/>\n<meta name=\"robots\" content=\"index, follow, max-snippet:-1, max-image-preview:large, max-video-preview:-1\" \/>\n<link rel=\"canonical\" href=\"https:\/\/www.africa-press.net\/burkina-faso\/politique\/oudalan-les-populations-de-tin-akof-se-refugient-pres-du-camp-militaire-apres-une-attaque\" \/>\n<meta property=\"og:locale\" content=\"fr_FR\" \/>\n<meta property=\"og:type\" content=\"article\" \/>\n<meta property=\"og:title\" content=\"Oudalan : Les populations de Tin Akof se r\u00e9fugient pr\u00e8s du camp militaire apr\u00e8s une attaque\" \/>\n<meta property=\"og:description\" content=\"\u00ab Plusieurs habitants de Tin Akof dans la province de l\u2019Oudalan se sont r\u00e9fugi\u00e9s, ce dimanche 9 mai 2021, pr\u00e8s du cam ...\" \/>\n<meta property=\"og:url\" content=\"https:\/\/www.africa-press.net\/burkina-faso\/politique\/oudalan-les-populations-de-tin-akof-se-refugient-pres-du-camp-militaire-apres-une-attaque\" \/>\n<meta property=\"og:site_name\" content=\"Burkina Faso\" \/>\n<meta property=\"article:published_time\" content=\"2021-05-10T12:10:08+00:00\" \/>\n<meta property=\"article:modified_time\" content=\"2021-05-10T18:47:37+00:00\" \/>\n<meta property=\"og:image\" content=\"https:\/\/static.africa-press.net\/burkina\/sites\/42\/2021\/05\/img-609912de2349e.jpg\" \/>\n\t<meta property=\"og:image:width\" content=\"720\" \/>\n\t<meta property=\"og:image:height\" content=\"529\" \/>\n\t<meta property=\"og:image:type\" content=\"image\/jpeg\" \/>\n<meta name=\"author\" content=\"cfeditorfr\" \/>\n<meta name=\"twitter:card\" content=\"summary_large_image\" \/>\n<meta name=\"twitter:label1\" content=\"\u00c9crit par\" \/>\n\t<meta name=\"twitter:data1\" content=\"cfeditorfr\" \/>\n\t<meta name=\"twitter:label2\" content=\"Dur\u00e9e de lecture estim\u00e9e\" \/>\n\t<meta name=\"twitter:data2\" content=\"1 minute\" \/>\n<script type=\"application\/ld+json\" class=\"yoast-schema-graph\">{\"@context\":\"https:\/\/schema.org\",\"@graph\":[{\"@type\":\"Article\",\"@id\":\"https:\/\/www.africa-press.net\/burkina-faso\/politique\/oudalan-les-populations-de-tin-akof-se-refugient-pres-du-camp-militaire-apres-une-attaque#article\",\"isPartOf\":{\"@id\":\"https:\/\/www.africa-press.net\/burkina-faso\/politique\/oudalan-les-populations-de-tin-akof-se-refugient-pres-du-camp-militaire-apres-une-attaque\"},\"author\":{\"name\":\"cfeditorfr\",\"@id\":\"https:\/\/www.africa-press.net\/burkina-faso\/#\/schema\/person\/2b1cf3cd81a31e3cd26889ca66d677f1\"},\"headline\":\"Oudalan : Les populations de Tin Akof se r\u00e9fugient pr\u00e8s du camp militaire apr\u00e8s une attaque\",\"datePublished\":\"2021-05-10T12:10:08+00:00\",\"dateModified\":\"2021-05-10T18:47:37+00:00\",\"mainEntityOfPage\":{\"@id\":\"https:\/\/www.africa-press.net\/burkina-faso\/politique\/oudalan-les-populations-de-tin-akof-se-refugient-pres-du-camp-militaire-apres-une-attaque\"},\"wordCount\":238,\"commentCount\":0,\"image\":{\"@id\":\"https:\/\/www.africa-press.net\/burkina-faso\/politique\/oudalan-les-populations-de-tin-akof-se-refugient-pres-du-camp-militaire-apres-une-attaque#primaryimage\"},\"thumbnailUrl\":\"https:\/\/static.africa-press.net\/burkina\/sites\/42\/2021\/05\/img-609912de2349e.jpg\",\"keywords\":[\"Africa Press\",\"Africa Press-Burkina Faso\",\"Burkina Faso\"],\"articleSection\":[\"homepage-french\",\"Politique\",\"Toutes les actualit\u00e9s\"],\"inLanguage\":\"fr-FR\",\"potentialAction\":[{\"@type\":\"CommentAction\",\"name\":\"Comment\",\"target\":[\"https:\/\/www.africa-press.net\/burkina-faso\/politique\/oudalan-les-populations-de-tin-akof-se-refugient-pres-du-camp-militaire-apres-une-attaque#respond\"]}]},{\"@type\":\"WebPage\",\"@id\":\"https:\/\/www.africa-press.net\/burkina-faso\/politique\/oudalan-les-populations-de-tin-akof-se-refugient-pres-du-camp-militaire-apres-une-attaque\",\"url\":\"https:\/\/www.africa-press.net\/burkina-faso\/politique\/oudalan-les-populations-de-tin-akof-se-refugient-pres-du-camp-militaire-apres-une-attaque\",\"name\":\"Oudalan : Les populations de Tin Akof se r\u00e9fugient pr\u00e8s du camp militaire apr\u00e8s une attaque - Burkina Faso\",\"isPartOf\":{\"@id\":\"https:\/\/www.africa-press.net\/burkina-faso\/#website\"},\"primaryImageOfPage\":{\"@id\":\"https:\/\/www.africa-press.net\/burkina-faso\/politique\/oudalan-les-populations-de-tin-akof-se-refugient-pres-du-camp-militaire-apres-une-attaque#primaryimage\"},\"image\":{\"@id\":\"https:\/\/www.africa-press.net\/burkina-faso\/politique\/oudalan-les-populations-de-tin-akof-se-refugient-pres-du-camp-militaire-apres-une-attaque#primaryimage\"},\"thumbnailUrl\":\"https:\/\/static.africa-press.net\/burkina\/sites\/42\/2021\/05\/img-609912de2349e.jpg\",\"datePublished\":\"2021-05-10T12:10:08+00:00\",\"dateModified\":\"2021-05-10T18:47:37+00:00\",\"author\":{\"@id\":\"https:\/\/www.africa-press.net\/burkina-faso\/#\/schema\/person\/2b1cf3cd81a31e3cd26889ca66d677f1\"},\"description\":\"\u00ab Plusieurs habitants de Tin Akof dans la province de l\u2019Oudalan se sont r\u00e9fugi\u00e9s, ce dimanche 9 mai 2021, pr\u00e8s du cam ...\",\"breadcrumb\":{\"@id\":\"https:\/\/www.africa-press.net\/burkina-faso\/politique\/oudalan-les-populations-de-tin-akof-se-refugient-pres-du-camp-militaire-apres-une-attaque#breadcrumb\"},\"inLanguage\":\"fr-FR\",\"potentialAction\":[{\"@type\":\"ReadAction\",\"target\":[\"https:\/\/www.africa-press.net\/burkina-faso\/politique\/oudalan-les-populations-de-tin-akof-se-refugient-pres-du-camp-militaire-apres-une-attaque\"]}]},{\"@type\":\"ImageObject\",\"inLanguage\":\"fr-FR\",\"@id\":\"https:\/\/www.africa-press.net\/burkina-faso\/politique\/oudalan-les-populations-de-tin-akof-se-refugient-pres-du-camp-militaire-apres-une-attaque#primaryimage\",\"url\":\"https:\/\/static.africa-press.net\/burkina\/sites\/42\/2021\/05\/img-609912de2349e.jpg\",\"contentUrl\":\"https:\/\/static.africa-press.net\/burkina\/sites\/42\/2021\/05\/img-609912de2349e.jpg\",\"width\":720,\"height\":529,\"caption\":\"Oudalan : Les populations de Tin Akof se r\u00e9fugient pr\u00e8s du camp militaire apr\u00e8s une attaque\"},{\"@type\":\"BreadcrumbList\",\"@id\":\"https:\/\/www.africa-press.net\/burkina-faso\/politique\/oudalan-les-populations-de-tin-akof-se-refugient-pres-du-camp-militaire-apres-une-attaque#breadcrumb\",\"itemListElement\":[{\"@type\":\"ListItem\",\"position\":1,\"name\":\"Accueil\",\"item\":\"https:\/\/www.africa-press.net\/burkina-faso\/\"},{\"@type\":\"ListItem\",\"position\":2,\"name\":\"Oudalan : Les populations de Tin Akof se r\u00e9fugient pr\u00e8s du camp militaire apr\u00e8s une attaque\"}]},{\"@type\":\"WebSite\",\"@id\":\"https:\/\/www.africa-press.net\/burkina-faso\/#website\",\"url\":\"https:\/\/www.africa-press.net\/burkina-faso\/\",\"name\":\"Burkina Faso\",\"description\":\"Just another Africa News Agency Sites site\",\"potentialAction\":[{\"@type\":\"SearchAction\",\"target\":{\"@type\":\"EntryPoint\",\"urlTemplate\":\"https:\/\/www.africa-press.net\/burkina-faso\/?s={search_term_string}\"},\"query-input\":{\"@type\":\"PropertyValueSpecification\",\"valueRequired\":true,\"valueName\":\"search_term_string\"}}],\"inLanguage\":\"fr-FR\"},{\"@type\":\"Person\",\"@id\":\"https:\/\/www.africa-press.net\/burkina-faso\/#\/schema\/person\/2b1cf3cd81a31e3cd26889ca66d677f1\",\"name\":\"cfeditorfr\"}]}<\/script>\n<!-- \/ Yoast SEO Premium plugin. -->","yoast_head_json":{"title":"Oudalan : Les populations de Tin Akof se r\u00e9fugient pr\u00e8s du camp militaire apr\u00e8s une attaque - Burkina Faso","description":"\u00ab Plusieurs habitants de Tin Akof dans la province de l\u2019Oudalan se sont r\u00e9fugi\u00e9s, ce dimanche 9 mai 2021, pr\u00e8s du cam ...","robots":{"index":"index","follow":"follow","max-snippet":"max-snippet:-1","max-image-preview":"max-image-preview:large","max-video-preview":"max-video-preview:-1"},"canonical":"https:\/\/www.africa-press.net\/burkina-faso\/politique\/oudalan-les-populations-de-tin-akof-se-refugient-pres-du-camp-militaire-apres-une-attaque","og_locale":"fr_FR","og_type":"article","og_title":"Oudalan : Les populations de Tin Akof se r\u00e9fugient pr\u00e8s du camp militaire apr\u00e8s une attaque","og_description":"\u00ab Plusieurs habitants de Tin Akof dans la province de l\u2019Oudalan se sont r\u00e9fugi\u00e9s, ce dimanche 9 mai 2021, pr\u00e8s du cam ...","og_url":"https:\/\/www.africa-press.net\/burkina-faso\/politique\/oudalan-les-populations-de-tin-akof-se-refugient-pres-du-camp-militaire-apres-une-attaque","og_site_name":"Burkina Faso","article_published_time":"2021-05-10T12:10:08+00:00","article_modified_time":"2021-05-10T18:47:37+00:00","og_image":[{"width":720,"height":529,"url":"https:\/\/static.africa-press.net\/burkina\/sites\/42\/2021\/05\/img-609912de2349e.jpg","type":"image\/jpeg"}],"author":"cfeditorfr","twitter_card":"summary_large_image","twitter_misc":{"\u00c9crit par":"cfeditorfr","Dur\u00e9e de lecture estim\u00e9e":"1 minute"},"schema":{"@context":"https:\/\/schema.org","@graph":[{"@type":"Article","@id":"https:\/\/www.africa-press.net\/burkina-faso\/politique\/oudalan-les-populations-de-tin-akof-se-refugient-pres-du-camp-militaire-apres-une-attaque#article","isPartOf":{"@id":"https:\/\/www.africa-press.net\/burkina-faso\/politique\/oudalan-les-populations-de-tin-akof-se-refugient-pres-du-camp-militaire-apres-une-attaque"},"author":{"name":"cfeditorfr","@id":"https:\/\/www.africa-press.net\/burkina-faso\/#\/schema\/person\/2b1cf3cd81a31e3cd26889ca66d677f1"},"headline":"Oudalan : Les populations de Tin Akof se r\u00e9fugient pr\u00e8s du camp militaire apr\u00e8s une attaque","datePublished":"2021-05-10T12:10:08+00:00","dateModified":"2021-05-10T18:47:37+00:00","mainEntityOfPage":{"@id":"https:\/\/www.africa-press.net\/burkina-faso\/politique\/oudalan-les-populations-de-tin-akof-se-refugient-pres-du-camp-militaire-apres-une-attaque"},"wordCount":238,"commentCount":0,"image":{"@id":"https:\/\/www.africa-press.net\/burkina-faso\/politique\/oudalan-les-populations-de-tin-akof-se-refugient-pres-du-camp-militaire-apres-une-attaque#primaryimage"},"thumbnailUrl":"https:\/\/static.africa-press.net\/burkina\/sites\/42\/2021\/05\/img-609912de2349e.jpg","keywords":["Africa Press","Africa Press-Burkina Faso","Burkina Faso"],"articleSection":["homepage-french","Politique","Toutes les actualit\u00e9s"],"inLanguage":"fr-FR","potentialAction":[{"@type":"CommentAction","name":"Comment","target":["https:\/\/www.africa-press.net\/burkina-faso\/politique\/oudalan-les-populations-de-tin-akof-se-refugient-pres-du-camp-militaire-apres-une-attaque#respond"]}]},{"@type":"WebPage","@id":"https:\/\/www.africa-press.net\/burkina-faso\/politique\/oudalan-les-populations-de-tin-akof-se-refugient-pres-du-camp-militaire-apres-une-attaque","url":"https:\/\/www.africa-press.net\/burkina-faso\/politique\/oudalan-les-populations-de-tin-akof-se-refugient-pres-du-camp-militaire-apres-une-attaque","name":"Oudalan : Les populations de Tin Akof se r\u00e9fugient pr\u00e8s du camp militaire apr\u00e8s une attaque - Burkina Faso","isPartOf":{"@id":"https:\/\/www.africa-press.net\/burkina-faso\/#website"},"primaryImageOfPage":{"@id":"https:\/\/www.africa-press.net\/burkina-faso\/politique\/oudalan-les-populations-de-tin-akof-se-refugient-pres-du-camp-militaire-apres-une-attaque#primaryimage"},"image":{"@id":"https:\/\/www.africa-press.net\/burkina-faso\/politique\/oudalan-les-populations-de-tin-akof-se-refugient-pres-du-camp-militaire-apres-une-attaque#primaryimage"},"thumbnailUrl":"https:\/\/static.africa-press.net\/burkina\/sites\/42\/2021\/05\/img-609912de2349e.jpg","datePublished":"2021-05-10T12:10:08+00:00","dateModified":"2021-05-10T18:47:37+00:00","author":{"@id":"https:\/\/www.africa-press.net\/burkina-faso\/#\/schema\/person\/2b1cf3cd81a31e3cd26889ca66d677f1"},"description":"\u00ab Plusieurs habitants de Tin Akof dans la province de l\u2019Oudalan se sont r\u00e9fugi\u00e9s, ce dimanche 9 mai 2021, pr\u00e8s du cam ...","breadcrumb":{"@id":"https:\/\/www.africa-press.net\/burkina-faso\/politique\/oudalan-les-populations-de-tin-akof-se-refugient-pres-du-camp-militaire-apres-une-attaque#breadcrumb"},"inLanguage":"fr-FR","potentialAction":[{"@type":"ReadAction","target":["https:\/\/www.africa-press.net\/burkina-faso\/politique\/oudalan-les-populations-de-tin-akof-se-refugient-pres-du-camp-militaire-apres-une-attaque"]}]},{"@type":"ImageObject","inLanguage":"fr-FR","@id":"https:\/\/www.africa-press.net\/burkina-faso\/politique\/oudalan-les-populations-de-tin-akof-se-refugient-pres-du-camp-militaire-apres-une-attaque#primaryimage","url":"https:\/\/static.africa-press.net\/burkina\/sites\/42\/2021\/05\/img-609912de2349e.jpg","contentUrl":"https:\/\/static.africa-press.net\/burkina\/sites\/42\/2021\/05\/img-609912de2349e.jpg","width":720,"height":529,"caption":"Oudalan : Les populations de Tin Akof se r\u00e9fugient pr\u00e8s du camp militaire apr\u00e8s une attaque"},{"@type":"BreadcrumbList","@id":"https:\/\/www.africa-press.net\/burkina-faso\/politique\/oudalan-les-populations-de-tin-akof-se-refugient-pres-du-camp-militaire-apres-une-attaque#breadcrumb","itemListElement":[{"@type":"ListItem","position":1,"name":"Accueil","item":"https:\/\/www.africa-press.net\/burkina-faso\/"},{"@type":"ListItem","position":2,"name":"Oudalan : Les populations de Tin Akof se r\u00e9fugient pr\u00e8s du camp militaire apr\u00e8s une attaque"}]},{"@type":"WebSite","@id":"https:\/\/www.africa-press.net\/burkina-faso\/#website","url":"https:\/\/www.africa-press.net\/burkina-faso\/","name":"Burkina Faso","description":"Just another Africa News Agency Sites site","potentialAction":[{"@type":"SearchAction","target":{"@type":"EntryPoint","urlTemplate":"https:\/\/www.africa-press.net\/burkina-faso\/?s={search_term_string}"},"query-input":{"@type":"PropertyValueSpecification","valueRequired":true,"valueName":"search_term_string"}}],"inLanguage":"fr-FR"},{"@type":"Person","@id":"https:\/\/www.africa-press.net\/burkina-faso\/#\/schema\/person\/2b1cf3cd81a31e3cd26889ca66d677f1","name":"cfeditorfr"}]}},"_links":{"self":[{"href":"https:\/\/www.africa-press.net\/burkina-faso\/wp-json\/wp\/v2\/posts\/11642","targetHints":{"allow":["GET"]}}],"collection":[{"href":"https:\/\/www.africa-press.net\/burkina-faso\/wp-json\/wp\/v2\/posts"}],"about":[{"href":"https:\/\/www.africa-press.net\/burkina-faso\/wp-json\/wp\/v2\/types\/post"}],"author":[{"embeddable":true,"href":"https:\/\/www.africa-press.net\/burkina-faso\/wp-json\/wp\/v2\/users\/82"}],"replies":[{"embeddable":true,"href":"https:\/\/www.africa-press.net\/burkina-faso\/wp-json\/wp\/v2\/comments?post=11642"}],"version-history":[{"count":0,"href":"https:\/\/www.africa-press.net\/burkina-faso\/wp-json\/wp\/v2\/posts\/11642\/revisions"}],"wp:featuredmedia":[{"embeddable":true,"href":"https:\/\/www.africa-press.net\/burkina-faso\/wp-json\/wp\/v2\/media\/11641"}],"wp:attachment":[{"href":"https:\/\/www.africa-press.net\/burkina-faso\/wp-json\/wp\/v2\/media?parent=11642"}],"wp:term":[{"taxonomy":"category","embeddable":true,"href":"https:\/\/www.africa-press.net\/burkina-faso\/wp-json\/wp\/v2\/categories?post=11642"},{"taxonomy":"post_tag","embeddable":true,"href":"https:\/\/www.africa-press.net\/burkina-faso\/wp-json\/wp\/v2\/tags?post=11642"}],"curies":[{"name":"wp","href":"https:\/\/api.w.org\/{rel}","templated":true}]}}