{"id":116659,"date":"2025-09-02T15:52:46","date_gmt":"2025-09-02T15:52:46","guid":{"rendered":"https:\/\/www.africa-press.net\/burkina-faso\/politique\/burkina-proclame-rpp-vision-expliquee-prochainement"},"modified":"2025-09-02T16:14:47","modified_gmt":"2025-09-02T16:14:47","slug":"burkina-proclame-rpp-vision-expliquee-prochainement","status":"publish","type":"post","link":"https:\/\/www.africa-press.net\/burkina-faso\/parties\/burkina-proclame-rpp-vision-expliquee-prochainement","title":{"rendered":"Burkina Proclame RPP, Vision Expliqu\u00e9e Prochainement"},"content":{"rendered":"<p><span style=\"color: #ff6600\"><strong>Africa-Press &#8211; Burkina Faso. <\/strong><\/span>En se\u0301jour en Russie (fin aou\u0302t 2025), ou\u0300 il a conduit une de\u0301le\u0301gation burkinabe\u0300 au 17e\u0300 Festival international de musique militaire Spasskaya Tower, le ministre de la Communication, de la culture, des Arts et du Tourisme, Gilbert Oue\u0301draogo, a accorde\u0301 une interview a\u0300 la chai\u0302ne de te\u0301le\u0301vision RT. Dans cette grande sortie retranscrite et publie\u0301e par le me\u0301dia d\u2019E\u0301tat, Sidwaya, on note que le ministre porte-parole du gouvernement a brasse\u0301 les questions majeures de l\u2019heure, allant de la lutte contre le terrorisme a\u0300 la reconfiguration diplomatique en passant par la promotion de la culture et des potentialite\u0301s endoge\u0300nes.<\/p>\n<p>Dans cet oral, le chef de de\u0301le\u0301gation, le ministre Gilbert Oue\u0301draogo, s\u2019est attarde\u0301 sur la vision du chef d\u2019Etat, capitaine Ibrahim Traore\u0301, en soulignant qu\u2019elle s\u2019inscrit dans la dynamique de celle de Thomas Sankara, dont elle se nourrit. \u00ab Thomas Sankara aujourd\u2019hui est une figure emble\u0301matique africaine, parce qu\u2019il n\u2019appartient plus au Burkina Faso, mais a\u0300 l\u2019Afrique entie\u0300re et au monde entier. Beaucoup de gens se reconnaissent en sa vision et aux ide\u0301aux dont il fait la promotion de son vivant. Aujourd\u2019hui, le pre\u0301sident Ibrahim Traore\u0301 a proclame\u0301 la Re\u0301volution progressiste populaire (RPP) qui s\u2019inspire de la Re\u0301volution de\u0301mocratique et populaire (RDP) promue et dirige\u0301e justement par le capitaine Thomas Sankara. Nous sommes dans la dynamique du de\u0301veloppement endoge\u0300ne qui veut que nous puissions nous appuyer et compter sur nous-me\u0302mes, parce qu\u2019aucun peuple ne s\u2019est de\u0301veloppe\u0301 en comptant sur les autres. Nous voulons revenir a\u0300 nous-me\u0302mes, de\u0301couvrir et mettre en exergue nos potentialite\u0301s, notre savoir-faire, pour relancer le de\u0301veloppement a\u0300 tous les niveaux \u00bb, a de\u0301roule\u0301 le porte-parole du gouvernement.<\/p>\n<p>Il a ensuite annonce\u0301: \u00ab La RPP a e\u0301te\u0301 proclame\u0301e et dans les jours a\u0300 venir, le chef de l\u2019E\u0301tat lui-me\u0302me, a\u0300 travers un manifeste qui va e\u0302tre populaire, expliquera de fac\u0327on tre\u0300s claire sa vision a\u0300 travers<\/p>\n<p>cette Re\u0301volution progressiste populaire, qui je dois l\u2019avouer, a e\u0301te\u0301 salue\u0301e par l\u2019ensemble du peuple burkinabe\u0300 \u00bb.<\/p>\n<p>Une de\u0301claration qui, certainement, ne laissera pas indiffe\u0301rent tous ceux qui ressentent un gou\u0302t d\u2019inacheve\u0301 dans la proclamation de la RPP, car estimant qu\u2019elle manque de \u201cfeuille de route\u201d ; en re\u0301fe\u0301rence, pour les contemporains, au DOP (Discours d\u2019orientation politique) sous la RDP de Thomas Sankara et compagnons.<\/p>\n<p>Pour rappel, c\u2019est le mardi, 1er avril 2025, que le pre\u0301sident du Faso a, au cours d\u2019un message a\u0300 la nation, annonce\u0301: \u00ab Nous sommes bien en re\u0301volution progressiste populaire \u00bb. Depuis lors, des spe\u0301culations sur le contenu, notamment sa porte\u0301e ide\u0301ologique et son impact sur les institutions, vont bon train, chacun allant de sa propre compre\u0301hension et de ses aspirations.<\/p>\n<p>L\u2019interview a e\u0301galement fait une part belle a\u0300 la nouvelle dynamique de coope\u0301ration du Burkina Faso. En effet, le porte-parole du gouvernement est revenu sur les motivations pour lesquelles, le Burkina a leve\u0301 le pied sur certains axes de coope\u0301ration, pour renforcer d\u2019autres.<\/p>\n<p>\u00ab Nous ne sommes plus dans ce paradigme qui consiste a\u0300 dire: vous e\u0302tes une colonie et nous sommes l\u2019Etat de re\u0301fe\u0301rence. Nous ne sommes plus dans ces acceptations. Nous sommes beaucoup plus dans un partenariat gagnant-gagnant. Je voudrais me re\u0301fe\u0301rer au te\u0302te-a\u0300-te\u0302te que les deux chefs d\u2019Etat (Ibrahim Traore\u0301 et Vladimir Poutine: Ndlr) ont eu en mai dernier. Vous avez vu que c\u2019e\u0301tait ve\u0301ritablement sans complexe, sans condescendance. Aujourd\u2019hui, le partenariat avec la Russie est multisectoriel. Il concerne les secteurs de l\u2019e\u0301nergie, de la culture, mais aussi les domaines de l\u2019agriculture, de l\u2019e\u0301ducation et de la sante\u0301. Nous entretenons des relations fort appre\u0301ciables avec la Fe\u0301de\u0301ration de Russie. Pour nous, il ne s\u2019agit pas de venir vers la Russie pour dire, nous demandons telle aide, nous voulons telle chose, non. Le chef de l\u2019Etat l\u2019a indique\u0301, nous sommes dans une dynamique d\u2019e\u0301changes. Nous avons a\u0300 donner et la Russie a a\u0300 apporter \u00bb, a affiche\u0301 le ministre Gilbert Oue\u0301draogo.<\/p>\n<p>Il re\u0301affirme que le Burkina est dans le \u00ab paradigme de donner et de recevoir \u00bb et perc\u0327oit ainsi la coope\u0301ration, qu\u2019elle soit bilate\u0301rale ou multilate\u0301rale.<\/p>\n<p>\u00ab Nous entendons travailler a\u0300 affirmer notre souverainete\u0301 et a\u0300 conque\u0301rir totalement cette souverainete\u0301 \u00bb, s\u2019est voulu clair, le ministre porte-parole du gouvernement, Gilbert Oue\u0301draogo.<\/p>\n<p><strong>Pour plus d&rsquo;informations et d&rsquo;analyses sur la <span style=\"color: #ff6600\">Burkina Faso<\/span>, suivez <span style=\"color: #ff6600\">Africa-Press<\/span><\/strong><\/p>\n","protected":false},"excerpt":{"rendered":"<p>Africa-Press &#8211; Burkina Faso. En se\u0301jour en Russie (fin aou\u0302t 2025), ou\u0300 il a conduit une de\u0301le\u0301gation burkinabe\u0300 au 17e\u0300 Festival international de musique militaire Spasskaya Tower, le ministre de la Communication, de la culture, des Arts et du Tourisme, Gilbert Oue\u0301draogo, a accorde\u0301 une interview a\u0300 la chai\u0302ne de te\u0301le\u0301vision RT. Dans cette grande [&hellip;]<\/p>\n","protected":false},"author":82,"featured_media":116658,"comment_status":"open","ping_status":"closed","sticky":false,"template":"","format":"standard","meta":{"footnotes":""},"categories":[4,10],"tags":[29],"class_list":["post-116659","post","type-post","status-publish","format-standard","has-post-thumbnail","hentry","category-parties","category-toutes-les-actualites","tag-burkina-faso"],"yoast_head":"<!-- This site is optimized with the Yoast SEO Premium plugin v26.1 (Yoast SEO v27.0) - https:\/\/yoast.com\/product\/yoast-seo-premium-wordpress\/ -->\n<title>Burkina Proclame RPP, Vision Expliqu\u00e9e Prochainement - Burkina Faso<\/title>\n<meta name=\"description\" content=\"En se\u0301jour en Russie (fin aou\u0302t 2025), ou\u0300 il a conduit une de\u0301le\u0301gation burkinabe\u0300 au 17e\u0300 Festival international de mu ...\" \/>\n<meta name=\"robots\" content=\"index, follow, max-snippet:-1, max-image-preview:large, max-video-preview:-1\" \/>\n<link rel=\"canonical\" href=\"https:\/\/www.africa-press.net\/burkina-faso\/parties\/burkina-proclame-rpp-vision-expliquee-prochainement\" \/>\n<meta property=\"og:locale\" content=\"fr_FR\" \/>\n<meta property=\"og:type\" content=\"article\" \/>\n<meta property=\"og:title\" content=\"Burkina Proclame RPP, Vision Expliqu\u00e9e Prochainement\" \/>\n<meta property=\"og:description\" content=\"En se\u0301jour en Russie (fin aou\u0302t 2025), ou\u0300 il a conduit une de\u0301le\u0301gation burkinabe\u0300 au 17e\u0300 Festival international de mu ...\" \/>\n<meta property=\"og:url\" content=\"https:\/\/www.africa-press.net\/burkina-faso\/parties\/burkina-proclame-rpp-vision-expliquee-prochainement\" \/>\n<meta property=\"og:site_name\" content=\"Burkina Faso\" \/>\n<meta property=\"article:published_time\" content=\"2025-09-02T15:52:46+00:00\" \/>\n<meta property=\"article:modified_time\" content=\"2025-09-02T16:14:47+00:00\" \/>\n<meta property=\"og:image\" content=\"https:\/\/static.africa-press.net\/burkina\/sites\/42\/2025\/09\/sm_1756816986.48088.jpg\" \/>\n\t<meta property=\"og:image:width\" content=\"720\" \/>\n\t<meta property=\"og:image:height\" content=\"480\" \/>\n\t<meta property=\"og:image:type\" content=\"image\/jpeg\" \/>\n<meta name=\"author\" content=\"cfeditorfr\" \/>\n<meta name=\"twitter:card\" content=\"summary_large_image\" \/>\n<meta name=\"twitter:label1\" content=\"\u00c9crit par\" \/>\n\t<meta name=\"twitter:data1\" content=\"cfeditorfr\" \/>\n\t<meta name=\"twitter:label2\" content=\"Dur\u00e9e de lecture estim\u00e9e\" \/>\n\t<meta name=\"twitter:data2\" content=\"4 minutes\" \/>\n<script type=\"application\/ld+json\" class=\"yoast-schema-graph\">{\"@context\":\"https:\/\/schema.org\",\"@graph\":[{\"@type\":\"Article\",\"@id\":\"https:\/\/www.africa-press.net\/burkina-faso\/parties\/burkina-proclame-rpp-vision-expliquee-prochainement#article\",\"isPartOf\":{\"@id\":\"https:\/\/www.africa-press.net\/burkina-faso\/parties\/burkina-proclame-rpp-vision-expliquee-prochainement\"},\"author\":{\"name\":\"cfeditorfr\",\"@id\":\"https:\/\/www.africa-press.net\/burkina-faso\/#\/schema\/person\/2b1cf3cd81a31e3cd26889ca66d677f1\"},\"headline\":\"Burkina Proclame RPP, Vision Expliqu\u00e9e Prochainement\",\"datePublished\":\"2025-09-02T15:52:46+00:00\",\"dateModified\":\"2025-09-02T16:14:47+00:00\",\"mainEntityOfPage\":{\"@id\":\"https:\/\/www.africa-press.net\/burkina-faso\/parties\/burkina-proclame-rpp-vision-expliquee-prochainement\"},\"wordCount\":813,\"commentCount\":0,\"image\":{\"@id\":\"https:\/\/www.africa-press.net\/burkina-faso\/parties\/burkina-proclame-rpp-vision-expliquee-prochainement#primaryimage\"},\"thumbnailUrl\":\"https:\/\/static.africa-press.net\/burkina\/sites\/42\/2025\/09\/sm_1756816986.48088.jpg\",\"keywords\":[\"Burkina Faso\"],\"articleSection\":[\"Parties\",\"Toutes les actualit\u00e9s\"],\"inLanguage\":\"fr-FR\",\"potentialAction\":[{\"@type\":\"CommentAction\",\"name\":\"Comment\",\"target\":[\"https:\/\/www.africa-press.net\/burkina-faso\/parties\/burkina-proclame-rpp-vision-expliquee-prochainement#respond\"]}]},{\"@type\":\"WebPage\",\"@id\":\"https:\/\/www.africa-press.net\/burkina-faso\/parties\/burkina-proclame-rpp-vision-expliquee-prochainement\",\"url\":\"https:\/\/www.africa-press.net\/burkina-faso\/parties\/burkina-proclame-rpp-vision-expliquee-prochainement\",\"name\":\"Burkina Proclame RPP, Vision Expliqu\u00e9e Prochainement - Burkina Faso\",\"isPartOf\":{\"@id\":\"https:\/\/www.africa-press.net\/burkina-faso\/#website\"},\"primaryImageOfPage\":{\"@id\":\"https:\/\/www.africa-press.net\/burkina-faso\/parties\/burkina-proclame-rpp-vision-expliquee-prochainement#primaryimage\"},\"image\":{\"@id\":\"https:\/\/www.africa-press.net\/burkina-faso\/parties\/burkina-proclame-rpp-vision-expliquee-prochainement#primaryimage\"},\"thumbnailUrl\":\"https:\/\/static.africa-press.net\/burkina\/sites\/42\/2025\/09\/sm_1756816986.48088.jpg\",\"datePublished\":\"2025-09-02T15:52:46+00:00\",\"dateModified\":\"2025-09-02T16:14:47+00:00\",\"author\":{\"@id\":\"https:\/\/www.africa-press.net\/burkina-faso\/#\/schema\/person\/2b1cf3cd81a31e3cd26889ca66d677f1\"},\"description\":\"En se\u0301jour en Russie (fin aou\u0302t 2025), ou\u0300 il a conduit une de\u0301le\u0301gation burkinabe\u0300 au 17e\u0300 Festival international de mu ...\",\"breadcrumb\":{\"@id\":\"https:\/\/www.africa-press.net\/burkina-faso\/parties\/burkina-proclame-rpp-vision-expliquee-prochainement#breadcrumb\"},\"inLanguage\":\"fr-FR\",\"potentialAction\":[{\"@type\":\"ReadAction\",\"target\":[\"https:\/\/www.africa-press.net\/burkina-faso\/parties\/burkina-proclame-rpp-vision-expliquee-prochainement\"]}]},{\"@type\":\"ImageObject\",\"inLanguage\":\"fr-FR\",\"@id\":\"https:\/\/www.africa-press.net\/burkina-faso\/parties\/burkina-proclame-rpp-vision-expliquee-prochainement#primaryimage\",\"url\":\"https:\/\/static.africa-press.net\/burkina\/sites\/42\/2025\/09\/sm_1756816986.48088.jpg\",\"contentUrl\":\"https:\/\/static.africa-press.net\/burkina\/sites\/42\/2025\/09\/sm_1756816986.48088.jpg\",\"width\":720,\"height\":480,\"caption\":\"Burkina Proclame RPP, Vision Expliqu\u00e9e Prochainement\"},{\"@type\":\"BreadcrumbList\",\"@id\":\"https:\/\/www.africa-press.net\/burkina-faso\/parties\/burkina-proclame-rpp-vision-expliquee-prochainement#breadcrumb\",\"itemListElement\":[{\"@type\":\"ListItem\",\"position\":1,\"name\":\"Accueil\",\"item\":\"https:\/\/www.africa-press.net\/burkina-faso\/\"},{\"@type\":\"ListItem\",\"position\":2,\"name\":\"Burkina Proclame RPP, Vision Expliqu\u00e9e Prochainement\"}]},{\"@type\":\"WebSite\",\"@id\":\"https:\/\/www.africa-press.net\/burkina-faso\/#website\",\"url\":\"https:\/\/www.africa-press.net\/burkina-faso\/\",\"name\":\"Burkina Faso\",\"description\":\"Just another Africa News Agency Sites site\",\"potentialAction\":[{\"@type\":\"SearchAction\",\"target\":{\"@type\":\"EntryPoint\",\"urlTemplate\":\"https:\/\/www.africa-press.net\/burkina-faso\/?s={search_term_string}\"},\"query-input\":{\"@type\":\"PropertyValueSpecification\",\"valueRequired\":true,\"valueName\":\"search_term_string\"}}],\"inLanguage\":\"fr-FR\"},{\"@type\":\"Person\",\"@id\":\"https:\/\/www.africa-press.net\/burkina-faso\/#\/schema\/person\/2b1cf3cd81a31e3cd26889ca66d677f1\",\"name\":\"cfeditorfr\"}]}<\/script>\n<!-- \/ Yoast SEO Premium plugin. -->","yoast_head_json":{"title":"Burkina Proclame RPP, Vision Expliqu\u00e9e Prochainement - Burkina Faso","description":"En se\u0301jour en Russie (fin aou\u0302t 2025), ou\u0300 il a conduit une de\u0301le\u0301gation burkinabe\u0300 au 17e\u0300 Festival international de mu ...","robots":{"index":"index","follow":"follow","max-snippet":"max-snippet:-1","max-image-preview":"max-image-preview:large","max-video-preview":"max-video-preview:-1"},"canonical":"https:\/\/www.africa-press.net\/burkina-faso\/parties\/burkina-proclame-rpp-vision-expliquee-prochainement","og_locale":"fr_FR","og_type":"article","og_title":"Burkina Proclame RPP, Vision Expliqu\u00e9e Prochainement","og_description":"En se\u0301jour en Russie (fin aou\u0302t 2025), ou\u0300 il a conduit une de\u0301le\u0301gation burkinabe\u0300 au 17e\u0300 Festival international de mu ...","og_url":"https:\/\/www.africa-press.net\/burkina-faso\/parties\/burkina-proclame-rpp-vision-expliquee-prochainement","og_site_name":"Burkina Faso","article_published_time":"2025-09-02T15:52:46+00:00","article_modified_time":"2025-09-02T16:14:47+00:00","og_image":[{"width":720,"height":480,"url":"https:\/\/static.africa-press.net\/burkina\/sites\/42\/2025\/09\/sm_1756816986.48088.jpg","type":"image\/jpeg"}],"author":"cfeditorfr","twitter_card":"summary_large_image","twitter_misc":{"\u00c9crit par":"cfeditorfr","Dur\u00e9e de lecture estim\u00e9e":"4 minutes"},"schema":{"@context":"https:\/\/schema.org","@graph":[{"@type":"Article","@id":"https:\/\/www.africa-press.net\/burkina-faso\/parties\/burkina-proclame-rpp-vision-expliquee-prochainement#article","isPartOf":{"@id":"https:\/\/www.africa-press.net\/burkina-faso\/parties\/burkina-proclame-rpp-vision-expliquee-prochainement"},"author":{"name":"cfeditorfr","@id":"https:\/\/www.africa-press.net\/burkina-faso\/#\/schema\/person\/2b1cf3cd81a31e3cd26889ca66d677f1"},"headline":"Burkina Proclame RPP, Vision Expliqu\u00e9e Prochainement","datePublished":"2025-09-02T15:52:46+00:00","dateModified":"2025-09-02T16:14:47+00:00","mainEntityOfPage":{"@id":"https:\/\/www.africa-press.net\/burkina-faso\/parties\/burkina-proclame-rpp-vision-expliquee-prochainement"},"wordCount":813,"commentCount":0,"image":{"@id":"https:\/\/www.africa-press.net\/burkina-faso\/parties\/burkina-proclame-rpp-vision-expliquee-prochainement#primaryimage"},"thumbnailUrl":"https:\/\/static.africa-press.net\/burkina\/sites\/42\/2025\/09\/sm_1756816986.48088.jpg","keywords":["Burkina Faso"],"articleSection":["Parties","Toutes les actualit\u00e9s"],"inLanguage":"fr-FR","potentialAction":[{"@type":"CommentAction","name":"Comment","target":["https:\/\/www.africa-press.net\/burkina-faso\/parties\/burkina-proclame-rpp-vision-expliquee-prochainement#respond"]}]},{"@type":"WebPage","@id":"https:\/\/www.africa-press.net\/burkina-faso\/parties\/burkina-proclame-rpp-vision-expliquee-prochainement","url":"https:\/\/www.africa-press.net\/burkina-faso\/parties\/burkina-proclame-rpp-vision-expliquee-prochainement","name":"Burkina Proclame RPP, Vision Expliqu\u00e9e Prochainement - Burkina Faso","isPartOf":{"@id":"https:\/\/www.africa-press.net\/burkina-faso\/#website"},"primaryImageOfPage":{"@id":"https:\/\/www.africa-press.net\/burkina-faso\/parties\/burkina-proclame-rpp-vision-expliquee-prochainement#primaryimage"},"image":{"@id":"https:\/\/www.africa-press.net\/burkina-faso\/parties\/burkina-proclame-rpp-vision-expliquee-prochainement#primaryimage"},"thumbnailUrl":"https:\/\/static.africa-press.net\/burkina\/sites\/42\/2025\/09\/sm_1756816986.48088.jpg","datePublished":"2025-09-02T15:52:46+00:00","dateModified":"2025-09-02T16:14:47+00:00","author":{"@id":"https:\/\/www.africa-press.net\/burkina-faso\/#\/schema\/person\/2b1cf3cd81a31e3cd26889ca66d677f1"},"description":"En se\u0301jour en Russie (fin aou\u0302t 2025), ou\u0300 il a conduit une de\u0301le\u0301gation burkinabe\u0300 au 17e\u0300 Festival international de mu ...","breadcrumb":{"@id":"https:\/\/www.africa-press.net\/burkina-faso\/parties\/burkina-proclame-rpp-vision-expliquee-prochainement#breadcrumb"},"inLanguage":"fr-FR","potentialAction":[{"@type":"ReadAction","target":["https:\/\/www.africa-press.net\/burkina-faso\/parties\/burkina-proclame-rpp-vision-expliquee-prochainement"]}]},{"@type":"ImageObject","inLanguage":"fr-FR","@id":"https:\/\/www.africa-press.net\/burkina-faso\/parties\/burkina-proclame-rpp-vision-expliquee-prochainement#primaryimage","url":"https:\/\/static.africa-press.net\/burkina\/sites\/42\/2025\/09\/sm_1756816986.48088.jpg","contentUrl":"https:\/\/static.africa-press.net\/burkina\/sites\/42\/2025\/09\/sm_1756816986.48088.jpg","width":720,"height":480,"caption":"Burkina Proclame RPP, Vision Expliqu\u00e9e Prochainement"},{"@type":"BreadcrumbList","@id":"https:\/\/www.africa-press.net\/burkina-faso\/parties\/burkina-proclame-rpp-vision-expliquee-prochainement#breadcrumb","itemListElement":[{"@type":"ListItem","position":1,"name":"Accueil","item":"https:\/\/www.africa-press.net\/burkina-faso\/"},{"@type":"ListItem","position":2,"name":"Burkina Proclame RPP, Vision Expliqu\u00e9e Prochainement"}]},{"@type":"WebSite","@id":"https:\/\/www.africa-press.net\/burkina-faso\/#website","url":"https:\/\/www.africa-press.net\/burkina-faso\/","name":"Burkina Faso","description":"Just another Africa News Agency Sites site","potentialAction":[{"@type":"SearchAction","target":{"@type":"EntryPoint","urlTemplate":"https:\/\/www.africa-press.net\/burkina-faso\/?s={search_term_string}"},"query-input":{"@type":"PropertyValueSpecification","valueRequired":true,"valueName":"search_term_string"}}],"inLanguage":"fr-FR"},{"@type":"Person","@id":"https:\/\/www.africa-press.net\/burkina-faso\/#\/schema\/person\/2b1cf3cd81a31e3cd26889ca66d677f1","name":"cfeditorfr"}]}},"_links":{"self":[{"href":"https:\/\/www.africa-press.net\/burkina-faso\/wp-json\/wp\/v2\/posts\/116659","targetHints":{"allow":["GET"]}}],"collection":[{"href":"https:\/\/www.africa-press.net\/burkina-faso\/wp-json\/wp\/v2\/posts"}],"about":[{"href":"https:\/\/www.africa-press.net\/burkina-faso\/wp-json\/wp\/v2\/types\/post"}],"author":[{"embeddable":true,"href":"https:\/\/www.africa-press.net\/burkina-faso\/wp-json\/wp\/v2\/users\/82"}],"replies":[{"embeddable":true,"href":"https:\/\/www.africa-press.net\/burkina-faso\/wp-json\/wp\/v2\/comments?post=116659"}],"version-history":[{"count":0,"href":"https:\/\/www.africa-press.net\/burkina-faso\/wp-json\/wp\/v2\/posts\/116659\/revisions"}],"wp:featuredmedia":[{"embeddable":true,"href":"https:\/\/www.africa-press.net\/burkina-faso\/wp-json\/wp\/v2\/media\/116658"}],"wp:attachment":[{"href":"https:\/\/www.africa-press.net\/burkina-faso\/wp-json\/wp\/v2\/media?parent=116659"}],"wp:term":[{"taxonomy":"category","embeddable":true,"href":"https:\/\/www.africa-press.net\/burkina-faso\/wp-json\/wp\/v2\/categories?post=116659"},{"taxonomy":"post_tag","embeddable":true,"href":"https:\/\/www.africa-press.net\/burkina-faso\/wp-json\/wp\/v2\/tags?post=116659"}],"curies":[{"name":"wp","href":"https:\/\/api.w.org\/{rel}","templated":true}]}}