{"id":11672,"date":"2021-05-11T13:37:29","date_gmt":"2021-05-11T13:37:29","guid":{"rendered":"https:\/\/www.africa-press.net\/burkina-faso\/?p=11672"},"modified":"2021-05-11T15:07:25","modified_gmt":"2021-05-11T15:07:25","slug":"burkina-faso-les-syndicats-du-ministere-de-laction-sociale-ecrivent-au-premier-ministre","status":"publish","type":"post","link":"https:\/\/www.africa-press.net\/burkina-faso\/politique\/burkina-faso-les-syndicats-du-ministere-de-laction-sociale-ecrivent-au-premier-ministre","title":{"rendered":"Les syndicats du minist\u00e8re de l\u2019action sociale \u00e9crivent au Premier ministre"},"content":{"rendered":"<p><span style=\"color: #ff6600\"><strong><a href=\"https:\/\/www.africa-press.net\/\">Africa-Press<\/a> &#8211; <a href=\"https:\/\/www.africa-press.net\/burkina-faso\">Burkina Faso<\/a>. <\/strong><\/span>Excellence Monsieur le Premier Ministre, Par la pr\u00e9sente, nous portons \u00e0 votre bienveillante connaissance la d\u00e9gradation continue du climat social de travail qui pr\u00e9vaut au sein du Minist\u00e8re de la Femme, de la Solidarit\u00e9 Nationale, de la Famille et de l\u2019Action Humanitaire (MFSNFAH). Cette situation se caract\u00e9rise par des actes et faits visant la d\u00e9valorisation, la liquidation de notre outil de travail et d\u00e9note de la volont\u00e9 farouche d\u2019\u00e9riger la m\u00e9diocrit\u00e9 au rang de valeur et rel\u00e9guer la technicit\u00e9 et le professionnalisme au rang de crime. A titre illustratif, on peut noter entre autres<\/p>\n<p>\u2013 les coupures abusives de salaires pour fait de gr\u00e8ve ;<\/p>\n<p>\u2013 les suspensions de fonctions de plusieurs dizaines de travailleurs pour fait de gr\u00e8ve ; les nombreuses affectations arbitraires ; \u2013 l\u2019inexistence du dialogue social ;<\/p>\n<p>\u2013 l\u2019\u00e9criture unilat\u00e9rale des r\u00e9f\u00e9rentiels sans l\u2019implication des structures syndicales (l\u2019organigramme r\u00e9gissant l\u2019organisation et le fonctionnement du MFSNFAH, la Strat\u00e9gie Nationale de Protection de l\u2019Enfance, la Strat\u00e9gie Nationale pour la Protection et la Promotion des Personnes handicap\u00e9es, la Strat\u00e9gie Nationale Genre, le statut des Maisons de la femme, les services sociaux d\u2019arrondissement, etc.) ;<\/p>\n<p>\u2013 la non-prise en compte des observations de nos organisations syndicales dans l\u2019\u00e9laboration du Statut particulier du MFSNFAH ;<\/p>\n<p>\u2013 la tenue irr\u00e9guli\u00e8re des r\u00e9unions et conseils de cabinets ;<\/p>\n<p>\u2013 le non-respect des activit\u00e9s programm\u00e9es et adopt\u00e9es par le CASEM ;<\/p>\n<p>De toute \u00e9vidence, la reconduction frauduleuse de Madame Faty OUEDRAOGO\/ZIZIEN au poste du Secr\u00e9taire G\u00e9n\u00e9ral du MFSNFAH sous le \u201cMatricule 26 614 U\u201d, Conseiller en \u00e9conomie sociale (conf\u00e8re conseil des Ministres du 31 mars 2021) admise \u00e0 la retraite le 18 mars 2021, traduit la volont\u00e9 manifeste de l\u2019autorit\u00e9 \u00e0 saborder notre outil de travail et vassaliser les travailleurs et les publics cibles de notre d\u00e9partement.<\/p>\n<p>De plus, comment comprendre la nomination de monsieur Bouma Narcisse BAMOUNI, matricule 238 000 S, Conseiller en gestion des ressources humaines en tant qu\u2019administrateur repr\u00e9sentant le Minist\u00e8re en charge de la solidarit\u00e9 nationale au Conseil d\u2019administration de la Caisse nationale de s\u00e9curit\u00e9 sociale pour porter les probl\u00e9matiques en travail social ?<\/p>\n<p>Tout porte \u00e0 croire que le Conseil des ministres a \u00e9t\u00e9 dup\u00e9, sinon comment comprendre une telle forfaiture ? Ne peut-on donc pas conclure que ces nominations cachent une gestion opaque des ressources du secteur humanitaire et la poursuite de desseins inavouables ?<\/p>\n<p>L\u2019affectation \u00ab pour n\u00e9cessit\u00e9 de service \u00bb de monsieur OUEDRAOGO Boureima De Salam, Matricule 32 500 B, Administrateur des Affaires Sociales dans la R\u00e9gion de l\u2019Est par d\u00e9cision n\u00b02021-102\/MFSNFAH\/SG\/DRH du 13 avril 2021 proc\u00e8de de ces desseins inavouables ; elle est une violation de l\u2019ind\u00e9pendance du Travailleur Social, de sa libert\u00e9 d\u2019expression et d\u2019association.<\/p>\n<p>Il en est de m\u00eame que pour monsieur KABORE Kouka, Conseiller en Gestion des Ressources Humaines qui a re\u00e7u \u00ab sa fin de mise \u00e0 disposition forc\u00e9e \u00bb ainsi que sa cessation de service.<\/p>\n<p>Tous ces actes et faits ci-dessus, d\u00e9notent de l\u2019abus du pouvoir de Madame H\u00e9l\u00e8ne Marie Laurence ILBOUDO\/MARCHAL depuis son parachutage \u00e0 la t\u00eate du D\u00e9partement. Ainsi, nous, organisations syndicales du d\u00e9partement, condamnons cette forfaiture d\u2019un autre \u00e2ge et exigeons :<\/p>\n<p>Au regard de la situation d\u00e9l\u00e9t\u00e8re qui pr\u00e9vaut au sein du Minist\u00e8re de la Femme, de la Solidarit\u00e9 Nationale, de la Famille et de l\u2019Action Humanitaire et en raison de votre qualit\u00e9 de Chef de Gouvernement et garant de la bonne marche de l\u2019Administration, nous sollicitons votre implication diligente dans la gestion de cette crise pour un r\u00e9tablissement et une pr\u00e9servation du climat social de travail.<\/p>\n<p>Tout en vous souhaitant une bonne r\u00e9ception de la pr\u00e9sente correspondance, nous vous prions d\u2019agr\u00e9er, Excellence Monsieur le Premier Ministre, l\u2019expression de notre haute consid\u00e9ration.<\/p>\n<p>&nbsp;<\/p>\n","protected":false},"excerpt":{"rendered":"<p>Africa-Press &#8211; Burkina Faso. Excellence Monsieur le Premier Ministre, Par la pr\u00e9sente, nous portons \u00e0 votre bienveillante connaissance la d\u00e9gradation continue du climat social de travail qui pr\u00e9vaut au sein du Minist\u00e8re de la Femme, de la Solidarit\u00e9 Nationale, de la Famille et de l\u2019Action Humanitaire (MFSNFAH). Cette situation se caract\u00e9rise par des actes et [&hellip;]<\/p>\n","protected":false},"author":82,"featured_media":11671,"comment_status":"open","ping_status":"closed","sticky":false,"template":"","format":"standard","meta":{"footnotes":""},"categories":[11,2,10],"tags":[111,725,29],"class_list":["post-11672","post","type-post","status-publish","format-standard","has-post-thumbnail","hentry","category-homepage-french","category-politique","category-toutes-les-actualites","tag-africa-press","tag-africa-press-burkina-faso","tag-burkina-faso"],"yoast_head":"<!-- This site is optimized with the Yoast SEO Premium plugin v26.1 (Yoast SEO v27.0) - https:\/\/yoast.com\/product\/yoast-seo-premium-wordpress\/ -->\n<title>Les syndicats du minist\u00e8re de l\u2019action sociale \u00e9crivent au Premier ministre - Burkina Faso<\/title>\n<meta name=\"description\" content=\"Excellence Monsieur le Premier Ministre, Par la pr\u00e9sente, nous portons \u00e0 votre bienveillante connaissance la d\u00e9gradation ...\" \/>\n<meta name=\"robots\" content=\"index, follow, max-snippet:-1, max-image-preview:large, max-video-preview:-1\" \/>\n<link rel=\"canonical\" href=\"https:\/\/www.africa-press.net\/burkina-faso\/politique\/burkina-faso-les-syndicats-du-ministere-de-laction-sociale-ecrivent-au-premier-ministre\" \/>\n<meta property=\"og:locale\" content=\"fr_FR\" \/>\n<meta property=\"og:type\" content=\"article\" \/>\n<meta property=\"og:title\" content=\"Les syndicats du minist\u00e8re de l\u2019action sociale \u00e9crivent au Premier ministre\" \/>\n<meta property=\"og:description\" content=\"Excellence Monsieur le Premier Ministre, Par la pr\u00e9sente, nous portons \u00e0 votre bienveillante connaissance la d\u00e9gradation ...\" \/>\n<meta property=\"og:url\" content=\"https:\/\/www.africa-press.net\/burkina-faso\/politique\/burkina-faso-les-syndicats-du-ministere-de-laction-sociale-ecrivent-au-premier-ministre\" \/>\n<meta property=\"og:site_name\" content=\"Burkina Faso\" \/>\n<meta property=\"article:published_time\" content=\"2021-05-11T13:37:29+00:00\" \/>\n<meta property=\"article:modified_time\" content=\"2021-05-11T15:07:25+00:00\" \/>\n<meta property=\"og:image\" content=\"https:\/\/static.africa-press.net\/burkina\/sites\/42\/2021\/05\/img-609a879b1fc65.jpg\" \/>\n\t<meta property=\"og:image:width\" content=\"720\" \/>\n\t<meta property=\"og:image:height\" content=\"540\" \/>\n\t<meta property=\"og:image:type\" content=\"image\/jpeg\" \/>\n<meta name=\"author\" content=\"cfeditorfr\" \/>\n<meta name=\"twitter:card\" content=\"summary_large_image\" \/>\n<meta name=\"twitter:label1\" content=\"\u00c9crit par\" \/>\n\t<meta name=\"twitter:data1\" content=\"cfeditorfr\" \/>\n\t<meta name=\"twitter:label2\" content=\"Dur\u00e9e de lecture estim\u00e9e\" \/>\n\t<meta name=\"twitter:data2\" content=\"3 minutes\" \/>\n<script type=\"application\/ld+json\" class=\"yoast-schema-graph\">{\"@context\":\"https:\/\/schema.org\",\"@graph\":[{\"@type\":\"Article\",\"@id\":\"https:\/\/www.africa-press.net\/burkina-faso\/politique\/burkina-faso-les-syndicats-du-ministere-de-laction-sociale-ecrivent-au-premier-ministre#article\",\"isPartOf\":{\"@id\":\"https:\/\/www.africa-press.net\/burkina-faso\/politique\/burkina-faso-les-syndicats-du-ministere-de-laction-sociale-ecrivent-au-premier-ministre\"},\"author\":{\"name\":\"cfeditorfr\",\"@id\":\"https:\/\/www.africa-press.net\/burkina-faso\/#\/schema\/person\/2b1cf3cd81a31e3cd26889ca66d677f1\"},\"headline\":\"Les syndicats du minist\u00e8re de l\u2019action sociale \u00e9crivent au Premier ministre\",\"datePublished\":\"2021-05-11T13:37:29+00:00\",\"dateModified\":\"2021-05-11T15:07:25+00:00\",\"mainEntityOfPage\":{\"@id\":\"https:\/\/www.africa-press.net\/burkina-faso\/politique\/burkina-faso-les-syndicats-du-ministere-de-laction-sociale-ecrivent-au-premier-ministre\"},\"wordCount\":671,\"commentCount\":0,\"image\":{\"@id\":\"https:\/\/www.africa-press.net\/burkina-faso\/politique\/burkina-faso-les-syndicats-du-ministere-de-laction-sociale-ecrivent-au-premier-ministre#primaryimage\"},\"thumbnailUrl\":\"https:\/\/static.africa-press.net\/burkina\/sites\/42\/2021\/05\/img-609a879b1fc65.jpg\",\"keywords\":[\"Africa Press\",\"Africa Press-Burkina Faso\",\"Burkina Faso\"],\"articleSection\":[\"homepage-french\",\"Politique\",\"Toutes les actualit\u00e9s\"],\"inLanguage\":\"fr-FR\",\"potentialAction\":[{\"@type\":\"CommentAction\",\"name\":\"Comment\",\"target\":[\"https:\/\/www.africa-press.net\/burkina-faso\/politique\/burkina-faso-les-syndicats-du-ministere-de-laction-sociale-ecrivent-au-premier-ministre#respond\"]}]},{\"@type\":\"WebPage\",\"@id\":\"https:\/\/www.africa-press.net\/burkina-faso\/politique\/burkina-faso-les-syndicats-du-ministere-de-laction-sociale-ecrivent-au-premier-ministre\",\"url\":\"https:\/\/www.africa-press.net\/burkina-faso\/politique\/burkina-faso-les-syndicats-du-ministere-de-laction-sociale-ecrivent-au-premier-ministre\",\"name\":\"Les syndicats du minist\u00e8re de l\u2019action sociale \u00e9crivent au Premier ministre - Burkina Faso\",\"isPartOf\":{\"@id\":\"https:\/\/www.africa-press.net\/burkina-faso\/#website\"},\"primaryImageOfPage\":{\"@id\":\"https:\/\/www.africa-press.net\/burkina-faso\/politique\/burkina-faso-les-syndicats-du-ministere-de-laction-sociale-ecrivent-au-premier-ministre#primaryimage\"},\"image\":{\"@id\":\"https:\/\/www.africa-press.net\/burkina-faso\/politique\/burkina-faso-les-syndicats-du-ministere-de-laction-sociale-ecrivent-au-premier-ministre#primaryimage\"},\"thumbnailUrl\":\"https:\/\/static.africa-press.net\/burkina\/sites\/42\/2021\/05\/img-609a879b1fc65.jpg\",\"datePublished\":\"2021-05-11T13:37:29+00:00\",\"dateModified\":\"2021-05-11T15:07:25+00:00\",\"author\":{\"@id\":\"https:\/\/www.africa-press.net\/burkina-faso\/#\/schema\/person\/2b1cf3cd81a31e3cd26889ca66d677f1\"},\"description\":\"Excellence Monsieur le Premier Ministre, Par la pr\u00e9sente, nous portons \u00e0 votre bienveillante connaissance la d\u00e9gradation ...\",\"breadcrumb\":{\"@id\":\"https:\/\/www.africa-press.net\/burkina-faso\/politique\/burkina-faso-les-syndicats-du-ministere-de-laction-sociale-ecrivent-au-premier-ministre#breadcrumb\"},\"inLanguage\":\"fr-FR\",\"potentialAction\":[{\"@type\":\"ReadAction\",\"target\":[\"https:\/\/www.africa-press.net\/burkina-faso\/politique\/burkina-faso-les-syndicats-du-ministere-de-laction-sociale-ecrivent-au-premier-ministre\"]}]},{\"@type\":\"ImageObject\",\"inLanguage\":\"fr-FR\",\"@id\":\"https:\/\/www.africa-press.net\/burkina-faso\/politique\/burkina-faso-les-syndicats-du-ministere-de-laction-sociale-ecrivent-au-premier-ministre#primaryimage\",\"url\":\"https:\/\/static.africa-press.net\/burkina\/sites\/42\/2021\/05\/img-609a879b1fc65.jpg\",\"contentUrl\":\"https:\/\/static.africa-press.net\/burkina\/sites\/42\/2021\/05\/img-609a879b1fc65.jpg\",\"width\":720,\"height\":540,\"caption\":\"Burkina Faso : Les syndicats du minist\u00e8re de l\u2019action sociale \u00e9crivent au Premier ministre\"},{\"@type\":\"BreadcrumbList\",\"@id\":\"https:\/\/www.africa-press.net\/burkina-faso\/politique\/burkina-faso-les-syndicats-du-ministere-de-laction-sociale-ecrivent-au-premier-ministre#breadcrumb\",\"itemListElement\":[{\"@type\":\"ListItem\",\"position\":1,\"name\":\"Accueil\",\"item\":\"https:\/\/www.africa-press.net\/burkina-faso\/\"},{\"@type\":\"ListItem\",\"position\":2,\"name\":\"Les syndicats du minist\u00e8re de l\u2019action sociale \u00e9crivent au Premier ministre\"}]},{\"@type\":\"WebSite\",\"@id\":\"https:\/\/www.africa-press.net\/burkina-faso\/#website\",\"url\":\"https:\/\/www.africa-press.net\/burkina-faso\/\",\"name\":\"Burkina Faso\",\"description\":\"Just another Africa News Agency Sites site\",\"potentialAction\":[{\"@type\":\"SearchAction\",\"target\":{\"@type\":\"EntryPoint\",\"urlTemplate\":\"https:\/\/www.africa-press.net\/burkina-faso\/?s={search_term_string}\"},\"query-input\":{\"@type\":\"PropertyValueSpecification\",\"valueRequired\":true,\"valueName\":\"search_term_string\"}}],\"inLanguage\":\"fr-FR\"},{\"@type\":\"Person\",\"@id\":\"https:\/\/www.africa-press.net\/burkina-faso\/#\/schema\/person\/2b1cf3cd81a31e3cd26889ca66d677f1\",\"name\":\"cfeditorfr\"}]}<\/script>\n<!-- \/ Yoast SEO Premium plugin. -->","yoast_head_json":{"title":"Les syndicats du minist\u00e8re de l\u2019action sociale \u00e9crivent au Premier ministre - Burkina Faso","description":"Excellence Monsieur le Premier Ministre, Par la pr\u00e9sente, nous portons \u00e0 votre bienveillante connaissance la d\u00e9gradation ...","robots":{"index":"index","follow":"follow","max-snippet":"max-snippet:-1","max-image-preview":"max-image-preview:large","max-video-preview":"max-video-preview:-1"},"canonical":"https:\/\/www.africa-press.net\/burkina-faso\/politique\/burkina-faso-les-syndicats-du-ministere-de-laction-sociale-ecrivent-au-premier-ministre","og_locale":"fr_FR","og_type":"article","og_title":"Les syndicats du minist\u00e8re de l\u2019action sociale \u00e9crivent au Premier ministre","og_description":"Excellence Monsieur le Premier Ministre, Par la pr\u00e9sente, nous portons \u00e0 votre bienveillante connaissance la d\u00e9gradation ...","og_url":"https:\/\/www.africa-press.net\/burkina-faso\/politique\/burkina-faso-les-syndicats-du-ministere-de-laction-sociale-ecrivent-au-premier-ministre","og_site_name":"Burkina Faso","article_published_time":"2021-05-11T13:37:29+00:00","article_modified_time":"2021-05-11T15:07:25+00:00","og_image":[{"width":720,"height":540,"url":"https:\/\/static.africa-press.net\/burkina\/sites\/42\/2021\/05\/img-609a879b1fc65.jpg","type":"image\/jpeg"}],"author":"cfeditorfr","twitter_card":"summary_large_image","twitter_misc":{"\u00c9crit par":"cfeditorfr","Dur\u00e9e de lecture estim\u00e9e":"3 minutes"},"schema":{"@context":"https:\/\/schema.org","@graph":[{"@type":"Article","@id":"https:\/\/www.africa-press.net\/burkina-faso\/politique\/burkina-faso-les-syndicats-du-ministere-de-laction-sociale-ecrivent-au-premier-ministre#article","isPartOf":{"@id":"https:\/\/www.africa-press.net\/burkina-faso\/politique\/burkina-faso-les-syndicats-du-ministere-de-laction-sociale-ecrivent-au-premier-ministre"},"author":{"name":"cfeditorfr","@id":"https:\/\/www.africa-press.net\/burkina-faso\/#\/schema\/person\/2b1cf3cd81a31e3cd26889ca66d677f1"},"headline":"Les syndicats du minist\u00e8re de l\u2019action sociale \u00e9crivent au Premier ministre","datePublished":"2021-05-11T13:37:29+00:00","dateModified":"2021-05-11T15:07:25+00:00","mainEntityOfPage":{"@id":"https:\/\/www.africa-press.net\/burkina-faso\/politique\/burkina-faso-les-syndicats-du-ministere-de-laction-sociale-ecrivent-au-premier-ministre"},"wordCount":671,"commentCount":0,"image":{"@id":"https:\/\/www.africa-press.net\/burkina-faso\/politique\/burkina-faso-les-syndicats-du-ministere-de-laction-sociale-ecrivent-au-premier-ministre#primaryimage"},"thumbnailUrl":"https:\/\/static.africa-press.net\/burkina\/sites\/42\/2021\/05\/img-609a879b1fc65.jpg","keywords":["Africa Press","Africa Press-Burkina Faso","Burkina Faso"],"articleSection":["homepage-french","Politique","Toutes les actualit\u00e9s"],"inLanguage":"fr-FR","potentialAction":[{"@type":"CommentAction","name":"Comment","target":["https:\/\/www.africa-press.net\/burkina-faso\/politique\/burkina-faso-les-syndicats-du-ministere-de-laction-sociale-ecrivent-au-premier-ministre#respond"]}]},{"@type":"WebPage","@id":"https:\/\/www.africa-press.net\/burkina-faso\/politique\/burkina-faso-les-syndicats-du-ministere-de-laction-sociale-ecrivent-au-premier-ministre","url":"https:\/\/www.africa-press.net\/burkina-faso\/politique\/burkina-faso-les-syndicats-du-ministere-de-laction-sociale-ecrivent-au-premier-ministre","name":"Les syndicats du minist\u00e8re de l\u2019action sociale \u00e9crivent au Premier ministre - Burkina Faso","isPartOf":{"@id":"https:\/\/www.africa-press.net\/burkina-faso\/#website"},"primaryImageOfPage":{"@id":"https:\/\/www.africa-press.net\/burkina-faso\/politique\/burkina-faso-les-syndicats-du-ministere-de-laction-sociale-ecrivent-au-premier-ministre#primaryimage"},"image":{"@id":"https:\/\/www.africa-press.net\/burkina-faso\/politique\/burkina-faso-les-syndicats-du-ministere-de-laction-sociale-ecrivent-au-premier-ministre#primaryimage"},"thumbnailUrl":"https:\/\/static.africa-press.net\/burkina\/sites\/42\/2021\/05\/img-609a879b1fc65.jpg","datePublished":"2021-05-11T13:37:29+00:00","dateModified":"2021-05-11T15:07:25+00:00","author":{"@id":"https:\/\/www.africa-press.net\/burkina-faso\/#\/schema\/person\/2b1cf3cd81a31e3cd26889ca66d677f1"},"description":"Excellence Monsieur le Premier Ministre, Par la pr\u00e9sente, nous portons \u00e0 votre bienveillante connaissance la d\u00e9gradation ...","breadcrumb":{"@id":"https:\/\/www.africa-press.net\/burkina-faso\/politique\/burkina-faso-les-syndicats-du-ministere-de-laction-sociale-ecrivent-au-premier-ministre#breadcrumb"},"inLanguage":"fr-FR","potentialAction":[{"@type":"ReadAction","target":["https:\/\/www.africa-press.net\/burkina-faso\/politique\/burkina-faso-les-syndicats-du-ministere-de-laction-sociale-ecrivent-au-premier-ministre"]}]},{"@type":"ImageObject","inLanguage":"fr-FR","@id":"https:\/\/www.africa-press.net\/burkina-faso\/politique\/burkina-faso-les-syndicats-du-ministere-de-laction-sociale-ecrivent-au-premier-ministre#primaryimage","url":"https:\/\/static.africa-press.net\/burkina\/sites\/42\/2021\/05\/img-609a879b1fc65.jpg","contentUrl":"https:\/\/static.africa-press.net\/burkina\/sites\/42\/2021\/05\/img-609a879b1fc65.jpg","width":720,"height":540,"caption":"Burkina Faso : Les syndicats du minist\u00e8re de l\u2019action sociale \u00e9crivent au Premier ministre"},{"@type":"BreadcrumbList","@id":"https:\/\/www.africa-press.net\/burkina-faso\/politique\/burkina-faso-les-syndicats-du-ministere-de-laction-sociale-ecrivent-au-premier-ministre#breadcrumb","itemListElement":[{"@type":"ListItem","position":1,"name":"Accueil","item":"https:\/\/www.africa-press.net\/burkina-faso\/"},{"@type":"ListItem","position":2,"name":"Les syndicats du minist\u00e8re de l\u2019action sociale \u00e9crivent au Premier ministre"}]},{"@type":"WebSite","@id":"https:\/\/www.africa-press.net\/burkina-faso\/#website","url":"https:\/\/www.africa-press.net\/burkina-faso\/","name":"Burkina Faso","description":"Just another Africa News Agency Sites site","potentialAction":[{"@type":"SearchAction","target":{"@type":"EntryPoint","urlTemplate":"https:\/\/www.africa-press.net\/burkina-faso\/?s={search_term_string}"},"query-input":{"@type":"PropertyValueSpecification","valueRequired":true,"valueName":"search_term_string"}}],"inLanguage":"fr-FR"},{"@type":"Person","@id":"https:\/\/www.africa-press.net\/burkina-faso\/#\/schema\/person\/2b1cf3cd81a31e3cd26889ca66d677f1","name":"cfeditorfr"}]}},"_links":{"self":[{"href":"https:\/\/www.africa-press.net\/burkina-faso\/wp-json\/wp\/v2\/posts\/11672","targetHints":{"allow":["GET"]}}],"collection":[{"href":"https:\/\/www.africa-press.net\/burkina-faso\/wp-json\/wp\/v2\/posts"}],"about":[{"href":"https:\/\/www.africa-press.net\/burkina-faso\/wp-json\/wp\/v2\/types\/post"}],"author":[{"embeddable":true,"href":"https:\/\/www.africa-press.net\/burkina-faso\/wp-json\/wp\/v2\/users\/82"}],"replies":[{"embeddable":true,"href":"https:\/\/www.africa-press.net\/burkina-faso\/wp-json\/wp\/v2\/comments?post=11672"}],"version-history":[{"count":0,"href":"https:\/\/www.africa-press.net\/burkina-faso\/wp-json\/wp\/v2\/posts\/11672\/revisions"}],"wp:featuredmedia":[{"embeddable":true,"href":"https:\/\/www.africa-press.net\/burkina-faso\/wp-json\/wp\/v2\/media\/11671"}],"wp:attachment":[{"href":"https:\/\/www.africa-press.net\/burkina-faso\/wp-json\/wp\/v2\/media?parent=11672"}],"wp:term":[{"taxonomy":"category","embeddable":true,"href":"https:\/\/www.africa-press.net\/burkina-faso\/wp-json\/wp\/v2\/categories?post=11672"},{"taxonomy":"post_tag","embeddable":true,"href":"https:\/\/www.africa-press.net\/burkina-faso\/wp-json\/wp\/v2\/tags?post=11672"}],"curies":[{"name":"wp","href":"https:\/\/api.w.org\/{rel}","templated":true}]}}