{"id":11678,"date":"2021-05-11T13:49:46","date_gmt":"2021-05-11T13:49:46","guid":{"rendered":"https:\/\/www.africa-press.net\/burkina-faso\/?p=11678"},"modified":"2021-05-11T15:06:53","modified_gmt":"2021-05-11T15:06:53","slug":"burkina-faso-bientot-leducation-au-numerique-dans-les-ecoles","status":"publish","type":"post","link":"https:\/\/www.africa-press.net\/burkina-faso\/toutes-les-actualites\/burkina-faso-bientot-leducation-au-numerique-dans-les-ecoles","title":{"rendered":"Bient\u00f4t l\u2019\u00e9ducation au num\u00e9rique dans les \u00e9coles"},"content":{"rendered":"<p><span style=\"color: #ff6600\"><strong><a href=\"https:\/\/www.africa-press.net\/\">Africa-Press<\/a> &#8211; <a href=\"https:\/\/www.africa-press.net\/burkina-faso\">Burkina Faso<\/a>. <\/strong><\/span>Le ministre de l\u2019Education Nationale et de la Promotion des Langues Nationales (MENAPLN) a sign\u00e9 un protocole d\u2019accord avec la Commission Informatique des Libert\u00e9s ce lundi 10 mai 2021. Cette signature s\u2019inscrit dans le besoin de protection des donn\u00e9es \u00e0 caract\u00e8re personnel. La convention va durer 10 ans.<\/p>\n<p>C\u2019est scell\u00e9. La Commission Informatique des Libert\u00e9s (CIL) et le Minist\u00e8re de l\u2019Education Nationale et de la Promotion des Langues Nationales ont sign\u00e9 ce lundi un accord sur la protection des donn\u00e9es \u00e0 caract\u00e8re personnel.<\/p>\n<p>Cette convention a \u00e9t\u00e9 sign\u00e9e en vue de sensibiliser les \u00e9l\u00e8ves, notamment \u00e0 travers l\u2019insertion dans les curricula de l\u2019enseignement, des modules sur l\u2019\u00e9ducation au num\u00e9rique en lien avec la protection des donn\u00e9es \u00e0 caract\u00e8re personnel. Ce protocole permettra aussi de sensibiliser le personnel du MENAPLN \u00e0 une meilleure protection des donn\u00e9es personnelles.<\/p>\n<p>Selon le ministre Stanislas Ouaro, ce projet est nourri depuis plus d\u2019une ann\u00e9e au regard des enjeux, des manipulations des donn\u00e9es \u00e0 caract\u00e8re personnel et de tout ce qui se passe dans notre soci\u00e9t\u00e9 en lien avec la protection des donn\u00e9es personnelles.<\/p>\n<p>\u00ab Nous avons pens\u00e9 qu\u2019il \u00e9tait bon \u00e0 l\u2019\u00e9poque de signer une convention de collaboration pour que la CIL nous accompagne, pour que nous puissions \u00e9laborer des modules de formation qui vont \u00eatre ins\u00e9r\u00e9s dans les curricula de formation de nos \u00e9l\u00e8ves en termes d\u2019\u00e9ducation au num\u00e9rique et \u00e0 la protection de la vie priv\u00e9e. Ce sont ces d\u00e9marches qui ont abouti aujourd\u2019hui \u00e0 une convention de formation sur 10 ans pour que nous puissions travailler \u00e0 la sensibilisation sur la question des donn\u00e9es personnelles\u00bb, a-t-il laiss\u00e9 entendre.<\/p>\n<p>\u00c0 entendre Marguerite Ou\u00e9draogo, la pr\u00e9sidente de la Communaut\u00e9 Informatique des Libert\u00e9s, la mission principale est de prot\u00e9ger les droits des personnes en mati\u00e8re de leurs donn\u00e9es.<\/p>\n<p>Selon elle, en 2014, la commission a lanc\u00e9 une campagne d\u2019\u00e9ducation au num\u00e9rique \u00e0 l\u2019endroit de la jeunesse qui est avide des nouvelles technologies et qui utilise souvent les plateformes et r\u00e9seaux sociaux sans trop de pr\u00e9caution.<\/p>\n<p>\u00ab Nous avons sign\u00e9 ce protocole d\u2019accord en vue de pouvoir accompagner le minist\u00e8re dans l\u2019\u00e9ducation de nos enfants en ins\u00e9rant dans les curricula de l\u2019enseignement des modules relativement \u00e0 l\u2019\u00e9ducation au num\u00e9rique des jeunes et en lien surtout avec la protection de leurs donn\u00e9es personnelles et de leur vie priv\u00e9e \u00bb, a-t-elle d\u00e9clar\u00e9. Jo\u00ebl THIOMBIANO (stagiaire)<\/p>\n","protected":false},"excerpt":{"rendered":"<p>Africa-Press &#8211; Burkina Faso. Le ministre de l\u2019Education Nationale et de la Promotion des Langues Nationales (MENAPLN) a sign\u00e9 un protocole d\u2019accord avec la Commission Informatique des Libert\u00e9s ce lundi 10 mai 2021. Cette signature s\u2019inscrit dans le besoin de protection des donn\u00e9es \u00e0 caract\u00e8re personnel. La convention va durer 10 ans. C\u2019est scell\u00e9. La [&hellip;]<\/p>\n","protected":false},"author":82,"featured_media":11677,"comment_status":"open","ping_status":"closed","sticky":false,"template":"","format":"standard","meta":{"footnotes":""},"categories":[21,11,10],"tags":[111,725,29],"class_list":["post-11678","post","type-post","status-publish","format-standard","has-post-thumbnail","hentry","category-communaute","category-homepage-french","category-toutes-les-actualites","tag-africa-press","tag-africa-press-burkina-faso","tag-burkina-faso"],"yoast_head":"<!-- This site is optimized with the Yoast SEO Premium plugin v26.1 (Yoast SEO v27.0) - https:\/\/yoast.com\/product\/yoast-seo-premium-wordpress\/ -->\n<title>Bient\u00f4t l\u2019\u00e9ducation au num\u00e9rique dans les \u00e9coles - Burkina Faso<\/title>\n<meta name=\"description\" content=\"Le ministre de l\u2019Education Nationale et de la Promotion des Langues Nationales (MENAPLN) a sign\u00e9 un protocole d\u2019accord a ...\" \/>\n<meta name=\"robots\" content=\"index, follow, max-snippet:-1, max-image-preview:large, max-video-preview:-1\" \/>\n<link rel=\"canonical\" href=\"https:\/\/www.africa-press.net\/burkina-faso\/toutes-les-actualites\/burkina-faso-bientot-leducation-au-numerique-dans-les-ecoles\" \/>\n<meta property=\"og:locale\" content=\"fr_FR\" \/>\n<meta property=\"og:type\" content=\"article\" \/>\n<meta property=\"og:title\" content=\"Bient\u00f4t l\u2019\u00e9ducation au num\u00e9rique dans les \u00e9coles\" \/>\n<meta property=\"og:description\" content=\"Le ministre de l\u2019Education Nationale et de la Promotion des Langues Nationales (MENAPLN) a sign\u00e9 un protocole d\u2019accord a ...\" \/>\n<meta property=\"og:url\" content=\"https:\/\/www.africa-press.net\/burkina-faso\/toutes-les-actualites\/burkina-faso-bientot-leducation-au-numerique-dans-les-ecoles\" \/>\n<meta property=\"og:site_name\" content=\"Burkina Faso\" \/>\n<meta property=\"article:published_time\" content=\"2021-05-11T13:49:46+00:00\" \/>\n<meta property=\"article:modified_time\" content=\"2021-05-11T15:06:53+00:00\" \/>\n<meta property=\"og:image\" content=\"https:\/\/static.africa-press.net\/burkina\/sites\/42\/2021\/05\/img-609a87e8b3c9d.jpg\" \/>\n\t<meta property=\"og:image:width\" content=\"750\" \/>\n\t<meta property=\"og:image:height\" content=\"429\" \/>\n\t<meta property=\"og:image:type\" content=\"image\/jpeg\" \/>\n<meta name=\"author\" content=\"cfeditorfr\" \/>\n<meta name=\"twitter:card\" content=\"summary_large_image\" \/>\n<meta name=\"twitter:label1\" content=\"\u00c9crit par\" \/>\n\t<meta name=\"twitter:data1\" content=\"cfeditorfr\" \/>\n\t<meta name=\"twitter:label2\" content=\"Dur\u00e9e de lecture estim\u00e9e\" \/>\n\t<meta name=\"twitter:data2\" content=\"2 minutes\" \/>\n<script type=\"application\/ld+json\" class=\"yoast-schema-graph\">{\"@context\":\"https:\/\/schema.org\",\"@graph\":[{\"@type\":\"Article\",\"@id\":\"https:\/\/www.africa-press.net\/burkina-faso\/toutes-les-actualites\/burkina-faso-bientot-leducation-au-numerique-dans-les-ecoles#article\",\"isPartOf\":{\"@id\":\"https:\/\/www.africa-press.net\/burkina-faso\/toutes-les-actualites\/burkina-faso-bientot-leducation-au-numerique-dans-les-ecoles\"},\"author\":{\"name\":\"cfeditorfr\",\"@id\":\"https:\/\/www.africa-press.net\/burkina-faso\/#\/schema\/person\/2b1cf3cd81a31e3cd26889ca66d677f1\"},\"headline\":\"Bient\u00f4t l\u2019\u00e9ducation au num\u00e9rique dans les \u00e9coles\",\"datePublished\":\"2021-05-11T13:49:46+00:00\",\"dateModified\":\"2021-05-11T15:06:53+00:00\",\"mainEntityOfPage\":{\"@id\":\"https:\/\/www.africa-press.net\/burkina-faso\/toutes-les-actualites\/burkina-faso-bientot-leducation-au-numerique-dans-les-ecoles\"},\"wordCount\":440,\"commentCount\":0,\"image\":{\"@id\":\"https:\/\/www.africa-press.net\/burkina-faso\/toutes-les-actualites\/burkina-faso-bientot-leducation-au-numerique-dans-les-ecoles#primaryimage\"},\"thumbnailUrl\":\"https:\/\/static.africa-press.net\/burkina\/sites\/42\/2021\/05\/img-609a87e8b3c9d.jpg\",\"keywords\":[\"Africa Press\",\"Africa Press-Burkina Faso\",\"Burkina Faso\"],\"articleSection\":[\"Communaut\u00e9\",\"homepage-french\",\"Toutes les actualit\u00e9s\"],\"inLanguage\":\"fr-FR\",\"potentialAction\":[{\"@type\":\"CommentAction\",\"name\":\"Comment\",\"target\":[\"https:\/\/www.africa-press.net\/burkina-faso\/toutes-les-actualites\/burkina-faso-bientot-leducation-au-numerique-dans-les-ecoles#respond\"]}]},{\"@type\":\"WebPage\",\"@id\":\"https:\/\/www.africa-press.net\/burkina-faso\/toutes-les-actualites\/burkina-faso-bientot-leducation-au-numerique-dans-les-ecoles\",\"url\":\"https:\/\/www.africa-press.net\/burkina-faso\/toutes-les-actualites\/burkina-faso-bientot-leducation-au-numerique-dans-les-ecoles\",\"name\":\"Bient\u00f4t l\u2019\u00e9ducation au num\u00e9rique dans les \u00e9coles - Burkina Faso\",\"isPartOf\":{\"@id\":\"https:\/\/www.africa-press.net\/burkina-faso\/#website\"},\"primaryImageOfPage\":{\"@id\":\"https:\/\/www.africa-press.net\/burkina-faso\/toutes-les-actualites\/burkina-faso-bientot-leducation-au-numerique-dans-les-ecoles#primaryimage\"},\"image\":{\"@id\":\"https:\/\/www.africa-press.net\/burkina-faso\/toutes-les-actualites\/burkina-faso-bientot-leducation-au-numerique-dans-les-ecoles#primaryimage\"},\"thumbnailUrl\":\"https:\/\/static.africa-press.net\/burkina\/sites\/42\/2021\/05\/img-609a87e8b3c9d.jpg\",\"datePublished\":\"2021-05-11T13:49:46+00:00\",\"dateModified\":\"2021-05-11T15:06:53+00:00\",\"author\":{\"@id\":\"https:\/\/www.africa-press.net\/burkina-faso\/#\/schema\/person\/2b1cf3cd81a31e3cd26889ca66d677f1\"},\"description\":\"Le ministre de l\u2019Education Nationale et de la Promotion des Langues Nationales (MENAPLN) a sign\u00e9 un protocole d\u2019accord a ...\",\"breadcrumb\":{\"@id\":\"https:\/\/www.africa-press.net\/burkina-faso\/toutes-les-actualites\/burkina-faso-bientot-leducation-au-numerique-dans-les-ecoles#breadcrumb\"},\"inLanguage\":\"fr-FR\",\"potentialAction\":[{\"@type\":\"ReadAction\",\"target\":[\"https:\/\/www.africa-press.net\/burkina-faso\/toutes-les-actualites\/burkina-faso-bientot-leducation-au-numerique-dans-les-ecoles\"]}]},{\"@type\":\"ImageObject\",\"inLanguage\":\"fr-FR\",\"@id\":\"https:\/\/www.africa-press.net\/burkina-faso\/toutes-les-actualites\/burkina-faso-bientot-leducation-au-numerique-dans-les-ecoles#primaryimage\",\"url\":\"https:\/\/static.africa-press.net\/burkina\/sites\/42\/2021\/05\/img-609a87e8b3c9d.jpg\",\"contentUrl\":\"https:\/\/static.africa-press.net\/burkina\/sites\/42\/2021\/05\/img-609a87e8b3c9d.jpg\",\"width\":750,\"height\":429,\"caption\":\"Burkina Faso : Bient\u00f4t l\u2019\u00e9ducation au num\u00e9rique dans les \u00e9coles\"},{\"@type\":\"BreadcrumbList\",\"@id\":\"https:\/\/www.africa-press.net\/burkina-faso\/toutes-les-actualites\/burkina-faso-bientot-leducation-au-numerique-dans-les-ecoles#breadcrumb\",\"itemListElement\":[{\"@type\":\"ListItem\",\"position\":1,\"name\":\"Accueil\",\"item\":\"https:\/\/www.africa-press.net\/burkina-faso\/\"},{\"@type\":\"ListItem\",\"position\":2,\"name\":\"Bient\u00f4t l\u2019\u00e9ducation au num\u00e9rique dans les \u00e9coles\"}]},{\"@type\":\"WebSite\",\"@id\":\"https:\/\/www.africa-press.net\/burkina-faso\/#website\",\"url\":\"https:\/\/www.africa-press.net\/burkina-faso\/\",\"name\":\"Burkina Faso\",\"description\":\"Just another Africa News Agency Sites site\",\"potentialAction\":[{\"@type\":\"SearchAction\",\"target\":{\"@type\":\"EntryPoint\",\"urlTemplate\":\"https:\/\/www.africa-press.net\/burkina-faso\/?s={search_term_string}\"},\"query-input\":{\"@type\":\"PropertyValueSpecification\",\"valueRequired\":true,\"valueName\":\"search_term_string\"}}],\"inLanguage\":\"fr-FR\"},{\"@type\":\"Person\",\"@id\":\"https:\/\/www.africa-press.net\/burkina-faso\/#\/schema\/person\/2b1cf3cd81a31e3cd26889ca66d677f1\",\"name\":\"cfeditorfr\"}]}<\/script>\n<!-- \/ Yoast SEO Premium plugin. -->","yoast_head_json":{"title":"Bient\u00f4t l\u2019\u00e9ducation au num\u00e9rique dans les \u00e9coles - Burkina Faso","description":"Le ministre de l\u2019Education Nationale et de la Promotion des Langues Nationales (MENAPLN) a sign\u00e9 un protocole d\u2019accord a ...","robots":{"index":"index","follow":"follow","max-snippet":"max-snippet:-1","max-image-preview":"max-image-preview:large","max-video-preview":"max-video-preview:-1"},"canonical":"https:\/\/www.africa-press.net\/burkina-faso\/toutes-les-actualites\/burkina-faso-bientot-leducation-au-numerique-dans-les-ecoles","og_locale":"fr_FR","og_type":"article","og_title":"Bient\u00f4t l\u2019\u00e9ducation au num\u00e9rique dans les \u00e9coles","og_description":"Le ministre de l\u2019Education Nationale et de la Promotion des Langues Nationales (MENAPLN) a sign\u00e9 un protocole d\u2019accord a ...","og_url":"https:\/\/www.africa-press.net\/burkina-faso\/toutes-les-actualites\/burkina-faso-bientot-leducation-au-numerique-dans-les-ecoles","og_site_name":"Burkina Faso","article_published_time":"2021-05-11T13:49:46+00:00","article_modified_time":"2021-05-11T15:06:53+00:00","og_image":[{"width":750,"height":429,"url":"https:\/\/static.africa-press.net\/burkina\/sites\/42\/2021\/05\/img-609a87e8b3c9d.jpg","type":"image\/jpeg"}],"author":"cfeditorfr","twitter_card":"summary_large_image","twitter_misc":{"\u00c9crit par":"cfeditorfr","Dur\u00e9e de lecture estim\u00e9e":"2 minutes"},"schema":{"@context":"https:\/\/schema.org","@graph":[{"@type":"Article","@id":"https:\/\/www.africa-press.net\/burkina-faso\/toutes-les-actualites\/burkina-faso-bientot-leducation-au-numerique-dans-les-ecoles#article","isPartOf":{"@id":"https:\/\/www.africa-press.net\/burkina-faso\/toutes-les-actualites\/burkina-faso-bientot-leducation-au-numerique-dans-les-ecoles"},"author":{"name":"cfeditorfr","@id":"https:\/\/www.africa-press.net\/burkina-faso\/#\/schema\/person\/2b1cf3cd81a31e3cd26889ca66d677f1"},"headline":"Bient\u00f4t l\u2019\u00e9ducation au num\u00e9rique dans les \u00e9coles","datePublished":"2021-05-11T13:49:46+00:00","dateModified":"2021-05-11T15:06:53+00:00","mainEntityOfPage":{"@id":"https:\/\/www.africa-press.net\/burkina-faso\/toutes-les-actualites\/burkina-faso-bientot-leducation-au-numerique-dans-les-ecoles"},"wordCount":440,"commentCount":0,"image":{"@id":"https:\/\/www.africa-press.net\/burkina-faso\/toutes-les-actualites\/burkina-faso-bientot-leducation-au-numerique-dans-les-ecoles#primaryimage"},"thumbnailUrl":"https:\/\/static.africa-press.net\/burkina\/sites\/42\/2021\/05\/img-609a87e8b3c9d.jpg","keywords":["Africa Press","Africa Press-Burkina Faso","Burkina Faso"],"articleSection":["Communaut\u00e9","homepage-french","Toutes les actualit\u00e9s"],"inLanguage":"fr-FR","potentialAction":[{"@type":"CommentAction","name":"Comment","target":["https:\/\/www.africa-press.net\/burkina-faso\/toutes-les-actualites\/burkina-faso-bientot-leducation-au-numerique-dans-les-ecoles#respond"]}]},{"@type":"WebPage","@id":"https:\/\/www.africa-press.net\/burkina-faso\/toutes-les-actualites\/burkina-faso-bientot-leducation-au-numerique-dans-les-ecoles","url":"https:\/\/www.africa-press.net\/burkina-faso\/toutes-les-actualites\/burkina-faso-bientot-leducation-au-numerique-dans-les-ecoles","name":"Bient\u00f4t l\u2019\u00e9ducation au num\u00e9rique dans les \u00e9coles - Burkina Faso","isPartOf":{"@id":"https:\/\/www.africa-press.net\/burkina-faso\/#website"},"primaryImageOfPage":{"@id":"https:\/\/www.africa-press.net\/burkina-faso\/toutes-les-actualites\/burkina-faso-bientot-leducation-au-numerique-dans-les-ecoles#primaryimage"},"image":{"@id":"https:\/\/www.africa-press.net\/burkina-faso\/toutes-les-actualites\/burkina-faso-bientot-leducation-au-numerique-dans-les-ecoles#primaryimage"},"thumbnailUrl":"https:\/\/static.africa-press.net\/burkina\/sites\/42\/2021\/05\/img-609a87e8b3c9d.jpg","datePublished":"2021-05-11T13:49:46+00:00","dateModified":"2021-05-11T15:06:53+00:00","author":{"@id":"https:\/\/www.africa-press.net\/burkina-faso\/#\/schema\/person\/2b1cf3cd81a31e3cd26889ca66d677f1"},"description":"Le ministre de l\u2019Education Nationale et de la Promotion des Langues Nationales (MENAPLN) a sign\u00e9 un protocole d\u2019accord a ...","breadcrumb":{"@id":"https:\/\/www.africa-press.net\/burkina-faso\/toutes-les-actualites\/burkina-faso-bientot-leducation-au-numerique-dans-les-ecoles#breadcrumb"},"inLanguage":"fr-FR","potentialAction":[{"@type":"ReadAction","target":["https:\/\/www.africa-press.net\/burkina-faso\/toutes-les-actualites\/burkina-faso-bientot-leducation-au-numerique-dans-les-ecoles"]}]},{"@type":"ImageObject","inLanguage":"fr-FR","@id":"https:\/\/www.africa-press.net\/burkina-faso\/toutes-les-actualites\/burkina-faso-bientot-leducation-au-numerique-dans-les-ecoles#primaryimage","url":"https:\/\/static.africa-press.net\/burkina\/sites\/42\/2021\/05\/img-609a87e8b3c9d.jpg","contentUrl":"https:\/\/static.africa-press.net\/burkina\/sites\/42\/2021\/05\/img-609a87e8b3c9d.jpg","width":750,"height":429,"caption":"Burkina Faso : Bient\u00f4t l\u2019\u00e9ducation au num\u00e9rique dans les \u00e9coles"},{"@type":"BreadcrumbList","@id":"https:\/\/www.africa-press.net\/burkina-faso\/toutes-les-actualites\/burkina-faso-bientot-leducation-au-numerique-dans-les-ecoles#breadcrumb","itemListElement":[{"@type":"ListItem","position":1,"name":"Accueil","item":"https:\/\/www.africa-press.net\/burkina-faso\/"},{"@type":"ListItem","position":2,"name":"Bient\u00f4t l\u2019\u00e9ducation au num\u00e9rique dans les \u00e9coles"}]},{"@type":"WebSite","@id":"https:\/\/www.africa-press.net\/burkina-faso\/#website","url":"https:\/\/www.africa-press.net\/burkina-faso\/","name":"Burkina Faso","description":"Just another Africa News Agency Sites site","potentialAction":[{"@type":"SearchAction","target":{"@type":"EntryPoint","urlTemplate":"https:\/\/www.africa-press.net\/burkina-faso\/?s={search_term_string}"},"query-input":{"@type":"PropertyValueSpecification","valueRequired":true,"valueName":"search_term_string"}}],"inLanguage":"fr-FR"},{"@type":"Person","@id":"https:\/\/www.africa-press.net\/burkina-faso\/#\/schema\/person\/2b1cf3cd81a31e3cd26889ca66d677f1","name":"cfeditorfr"}]}},"_links":{"self":[{"href":"https:\/\/www.africa-press.net\/burkina-faso\/wp-json\/wp\/v2\/posts\/11678","targetHints":{"allow":["GET"]}}],"collection":[{"href":"https:\/\/www.africa-press.net\/burkina-faso\/wp-json\/wp\/v2\/posts"}],"about":[{"href":"https:\/\/www.africa-press.net\/burkina-faso\/wp-json\/wp\/v2\/types\/post"}],"author":[{"embeddable":true,"href":"https:\/\/www.africa-press.net\/burkina-faso\/wp-json\/wp\/v2\/users\/82"}],"replies":[{"embeddable":true,"href":"https:\/\/www.africa-press.net\/burkina-faso\/wp-json\/wp\/v2\/comments?post=11678"}],"version-history":[{"count":0,"href":"https:\/\/www.africa-press.net\/burkina-faso\/wp-json\/wp\/v2\/posts\/11678\/revisions"}],"wp:featuredmedia":[{"embeddable":true,"href":"https:\/\/www.africa-press.net\/burkina-faso\/wp-json\/wp\/v2\/media\/11677"}],"wp:attachment":[{"href":"https:\/\/www.africa-press.net\/burkina-faso\/wp-json\/wp\/v2\/media?parent=11678"}],"wp:term":[{"taxonomy":"category","embeddable":true,"href":"https:\/\/www.africa-press.net\/burkina-faso\/wp-json\/wp\/v2\/categories?post=11678"},{"taxonomy":"post_tag","embeddable":true,"href":"https:\/\/www.africa-press.net\/burkina-faso\/wp-json\/wp\/v2\/tags?post=11678"}],"curies":[{"name":"wp","href":"https:\/\/api.w.org\/{rel}","templated":true}]}}