{"id":11681,"date":"2021-05-11T13:59:29","date_gmt":"2021-05-11T13:59:29","guid":{"rendered":"https:\/\/www.africa-press.net\/burkina-faso\/?p=11681"},"modified":"2021-05-11T15:06:27","modified_gmt":"2021-05-11T15:06:27","slug":"crise-securitaire-au-burkina-une-strategie-nationale-elaboree-pour-contrer-la-radicalisation-et-lextremisme-violent","status":"publish","type":"post","link":"https:\/\/www.africa-press.net\/burkina-faso\/politique\/crise-securitaire-au-burkina-une-strategie-nationale-elaboree-pour-contrer-la-radicalisation-et-lextremisme-violent","title":{"rendered":"Crise s\u00e9curitaire au Burkina : Une strat\u00e9gie nationale \u00e9labor\u00e9e pour contrer la radicalisation et l\u2019extr\u00e9misme violent"},"content":{"rendered":"<p><span style=\"color: #ff6600\"><strong><a href=\"https:\/\/www.africa-press.net\/\">Africa-Press<\/a> &#8211; <a href=\"https:\/\/www.africa-press.net\/burkina-faso\">Burkina Faso<\/a>. <\/strong><\/span>Le gouvernement burkinab\u00e8 a r\u00e9uni un comit\u00e9 de pilotage interminist\u00e9riel et pluridisciplinaire de 41 membres en vue de mettre au point une strat\u00e9gie nationale de pr\u00e9vention de la radicalisation et de la lutte contre l\u2019extr\u00e9misme violent. Cette strat\u00e9gie a \u00e9t\u00e9 valid\u00e9e ce lundi 10 mai 2021 \u00e0 Ouagadougou par tous les acteurs impliqu\u00e9s dans le processus d\u2019\u00e9laboration du document.<\/p>\n<p>Le comit\u00e9 de pilotage (COPIL) ayant conduit l\u2019\u00e9laboration de la strat\u00e9gie nationale de pr\u00e9vention et de lutte contre l\u2019extr\u00e9misme violent s\u2019est r\u00e9uni en ce jour afin de valider le document final. C\u2019est une strat\u00e9gie qui r\u00e9pond non seulement \u00e0 l\u2019exigence de la situation nationale, mais qui est aussi conforme \u00e0 l\u2019appel du secr\u00e9taire g\u00e9n\u00e9ral des Nations Unies invitant chaque pays \u00e0 \u00e9laborer un plan d\u2019action nationale pour pr\u00e9venir l\u2019extr\u00e9misme violent.<\/p>\n<p>L\u2019objectif de cette strat\u00e9gie, selon le pr\u00e9sident du COPIL, Pierre Bicaba, \u00ab c\u2019est de doter le Burkina Faso d\u2019une politique efficace de pr\u00e9vention de la radicalisation et de lutte contre l\u2019extr\u00e9misme violent \u00bb. Officiellement lanc\u00e9 en juin 2018, le processus d\u2019\u00e9laboration de cette strat\u00e9gie a \u00e9t\u00e9 \u00ab participatif \u00bb selon les termes du pr\u00e9sident du COPIL et sera valid\u00e9 par le comit\u00e9 de pilotage en vue d\u2019\u00eatre soumis \u00e0 la commission charg\u00e9e d\u2019approuver les strat\u00e9gies au niveau du minist\u00e8re de l\u2019\u00e9conomie, des finances et du d\u00e9veloppement.<\/p>\n<p>Le d\u00e9partement de Cl\u00e9ment Sawadogo, ministre de l\u2019administration territoriale et de la d\u00e9centralisation (MATD) a jou\u00e9 un grand r\u00f4le dans l\u2019\u00e9laboration de cette strat\u00e9gie. Selon le ministre d\u2019Etat, le \u00ab d\u00e9partement du MATD est fortement impliqu\u00e9 dans la gestion courante des \u00e9v\u00e8nements car c\u2019est vers les pr\u00e9fectures, les mairies, les hauts commissariats que les cas de violences sont signal\u00e9s et c\u2019est \u00e9galement au sein de ces structures que les victimes des violences cherchent refuge \u00bb.<\/p>\n<p>Il ajoute que son minist\u00e8re a jou\u00e9 un r\u00f4le \u00ab important \u00bb dans la recherche des solutions dont l\u2019une des plus consistantes est l\u2019\u00e9laboration et la mise en \u0153uvre d\u2019une strat\u00e9gie nationale de pr\u00e9vention de la radicalisation et de la lutte contre l\u2019extr\u00e9misme violent.<\/p>\n<p>Cette c\u00e9r\u00e9monie de validation de la strat\u00e9gie nationale a \u00e9t\u00e9 plac\u00e9e sous la pr\u00e9sidence du ministre d\u2019Etat en charge de la r\u00e9conciliation nationale Z\u00e9phirin Diabr\u00e9 et l\u2019ambassadrice des Etats-Unis au Burkina Faso, Sandra Clark. Pour Z\u00e9phirin Diabr\u00e9, \u00ab cette \u00e9tape est cruciale puisque c\u2019est celle qui va pr\u00e9c\u00e9der le d\u00e9ploiement sur le terrain de cette strat\u00e9gie \u00bb. Il a confirm\u00e9 que l\u2019\u00e9laboration du document s\u2019est faite de fa\u00e7on participative. Le ministre en charge de la r\u00e9conciliation nationale a affirm\u00e9 qu\u2019il travaillera en collaboration avec le MATD \u00e0 faire de cette strat\u00e9gie et son plan d\u2019action des outils de base de tous les acteurs intervenant sur la pr\u00e9vention de la radicalisation et la lutte contre l\u2019extr\u00e9misme violent au Burkina Faso.<\/p>\n<p>Quant \u00e0 l\u2019ambassadrice des USA, Sandra Clark, elle a affirm\u00e9 que la strat\u00e9gie a des objectifs \u2018\u2019tr\u00e8s louables\u2019\u2019 et souhait\u00e9 donc sa mise en \u0153uvre effective dans l\u2019int\u00e9r\u00eat de tous. Elle a termin\u00e9 son propos en d\u00e9clarant que le gouvernement am\u00e9ricain s\u2019engage \u00e0 accompagner le Burkina Faso dans la lutte contre l\u2019extr\u00e9misme violent. Rappelons que cette strat\u00e9gie couvrira la p\u00e9riode 2022-2027 et constitue la deuxi\u00e8me dans l\u2019espace du G5 Sahel. Sanata GANSAGNE (stagiaire) Burkina24<\/p>\n","protected":false},"excerpt":{"rendered":"<p>Africa-Press &#8211; Burkina Faso. Le gouvernement burkinab\u00e8 a r\u00e9uni un comit\u00e9 de pilotage interminist\u00e9riel et pluridisciplinaire de 41 membres en vue de mettre au point une strat\u00e9gie nationale de pr\u00e9vention de la radicalisation et de la lutte contre l\u2019extr\u00e9misme violent. Cette strat\u00e9gie a \u00e9t\u00e9 valid\u00e9e ce lundi 10 mai 2021 \u00e0 Ouagadougou par tous les [&hellip;]<\/p>\n","protected":false},"author":82,"featured_media":11680,"comment_status":"open","ping_status":"closed","sticky":false,"template":"","format":"standard","meta":{"footnotes":""},"categories":[11,2,20,10],"tags":[111,725,29],"class_list":["post-11681","post","type-post","status-publish","format-standard","has-post-thumbnail","hentry","category-homepage-french","category-politique","category-top-nouvelles","category-toutes-les-actualites","tag-africa-press","tag-africa-press-burkina-faso","tag-burkina-faso"],"yoast_head":"<!-- This site is optimized with the Yoast SEO Premium plugin v26.1 (Yoast SEO v27.0) - https:\/\/yoast.com\/product\/yoast-seo-premium-wordpress\/ -->\n<title>Crise s\u00e9curitaire au Burkina : Une strat\u00e9gie nationale \u00e9labor\u00e9e pour contrer la radicalisation et l\u2019extr\u00e9misme violent - Burkina Faso<\/title>\n<meta name=\"description\" content=\"Le gouvernement burkinab\u00e8 a r\u00e9uni un comit\u00e9 de pilotage interminist\u00e9riel et pluridisciplinaire de 41 membres en vue de m ...\" \/>\n<meta name=\"robots\" content=\"index, follow, max-snippet:-1, max-image-preview:large, max-video-preview:-1\" \/>\n<link rel=\"canonical\" href=\"https:\/\/www.africa-press.net\/burkina-faso\/politique\/crise-securitaire-au-burkina-une-strategie-nationale-elaboree-pour-contrer-la-radicalisation-et-lextremisme-violent\" \/>\n<meta property=\"og:locale\" content=\"fr_FR\" \/>\n<meta property=\"og:type\" content=\"article\" \/>\n<meta property=\"og:title\" content=\"Crise s\u00e9curitaire au Burkina : Une strat\u00e9gie nationale \u00e9labor\u00e9e pour contrer la radicalisation et l\u2019extr\u00e9misme violent\" \/>\n<meta property=\"og:description\" content=\"Le gouvernement burkinab\u00e8 a r\u00e9uni un comit\u00e9 de pilotage interminist\u00e9riel et pluridisciplinaire de 41 membres en vue de m ...\" \/>\n<meta property=\"og:url\" content=\"https:\/\/www.africa-press.net\/burkina-faso\/politique\/crise-securitaire-au-burkina-une-strategie-nationale-elaboree-pour-contrer-la-radicalisation-et-lextremisme-violent\" \/>\n<meta property=\"og:site_name\" content=\"Burkina Faso\" \/>\n<meta property=\"article:published_time\" content=\"2021-05-11T13:59:29+00:00\" \/>\n<meta property=\"article:modified_time\" content=\"2021-05-11T15:06:27+00:00\" \/>\n<meta property=\"og:image\" content=\"https:\/\/static.africa-press.net\/burkina\/sites\/42\/2021\/05\/img-609a88117183d.jpg\" \/>\n\t<meta property=\"og:image:width\" content=\"1024\" \/>\n\t<meta property=\"og:image:height\" content=\"620\" \/>\n\t<meta property=\"og:image:type\" content=\"image\/jpeg\" \/>\n<meta name=\"author\" content=\"cfeditorfr\" \/>\n<meta name=\"twitter:card\" content=\"summary_large_image\" \/>\n<meta name=\"twitter:label1\" content=\"\u00c9crit par\" \/>\n\t<meta name=\"twitter:data1\" content=\"cfeditorfr\" \/>\n\t<meta name=\"twitter:label2\" content=\"Dur\u00e9e de lecture estim\u00e9e\" \/>\n\t<meta name=\"twitter:data2\" content=\"3 minutes\" \/>\n<script type=\"application\/ld+json\" class=\"yoast-schema-graph\">{\"@context\":\"https:\/\/schema.org\",\"@graph\":[{\"@type\":\"Article\",\"@id\":\"https:\/\/www.africa-press.net\/burkina-faso\/politique\/crise-securitaire-au-burkina-une-strategie-nationale-elaboree-pour-contrer-la-radicalisation-et-lextremisme-violent#article\",\"isPartOf\":{\"@id\":\"https:\/\/www.africa-press.net\/burkina-faso\/politique\/crise-securitaire-au-burkina-une-strategie-nationale-elaboree-pour-contrer-la-radicalisation-et-lextremisme-violent\"},\"author\":{\"name\":\"cfeditorfr\",\"@id\":\"https:\/\/www.africa-press.net\/burkina-faso\/#\/schema\/person\/2b1cf3cd81a31e3cd26889ca66d677f1\"},\"headline\":\"Crise s\u00e9curitaire au Burkina : Une strat\u00e9gie nationale \u00e9labor\u00e9e pour contrer la radicalisation et l\u2019extr\u00e9misme violent\",\"datePublished\":\"2021-05-11T13:59:29+00:00\",\"dateModified\":\"2021-05-11T15:06:27+00:00\",\"mainEntityOfPage\":{\"@id\":\"https:\/\/www.africa-press.net\/burkina-faso\/politique\/crise-securitaire-au-burkina-une-strategie-nationale-elaboree-pour-contrer-la-radicalisation-et-lextremisme-violent\"},\"wordCount\":639,\"commentCount\":0,\"image\":{\"@id\":\"https:\/\/www.africa-press.net\/burkina-faso\/politique\/crise-securitaire-au-burkina-une-strategie-nationale-elaboree-pour-contrer-la-radicalisation-et-lextremisme-violent#primaryimage\"},\"thumbnailUrl\":\"https:\/\/static.africa-press.net\/burkina\/sites\/42\/2021\/05\/img-609a88117183d.jpg\",\"keywords\":[\"Africa Press\",\"Africa Press-Burkina Faso\",\"Burkina Faso\"],\"articleSection\":[\"homepage-french\",\"Politique\",\"Top Nouvelles\",\"Toutes les actualit\u00e9s\"],\"inLanguage\":\"fr-FR\",\"potentialAction\":[{\"@type\":\"CommentAction\",\"name\":\"Comment\",\"target\":[\"https:\/\/www.africa-press.net\/burkina-faso\/politique\/crise-securitaire-au-burkina-une-strategie-nationale-elaboree-pour-contrer-la-radicalisation-et-lextremisme-violent#respond\"]}]},{\"@type\":\"WebPage\",\"@id\":\"https:\/\/www.africa-press.net\/burkina-faso\/politique\/crise-securitaire-au-burkina-une-strategie-nationale-elaboree-pour-contrer-la-radicalisation-et-lextremisme-violent\",\"url\":\"https:\/\/www.africa-press.net\/burkina-faso\/politique\/crise-securitaire-au-burkina-une-strategie-nationale-elaboree-pour-contrer-la-radicalisation-et-lextremisme-violent\",\"name\":\"Crise s\u00e9curitaire au Burkina : Une strat\u00e9gie nationale \u00e9labor\u00e9e pour contrer la radicalisation et l\u2019extr\u00e9misme violent - Burkina Faso\",\"isPartOf\":{\"@id\":\"https:\/\/www.africa-press.net\/burkina-faso\/#website\"},\"primaryImageOfPage\":{\"@id\":\"https:\/\/www.africa-press.net\/burkina-faso\/politique\/crise-securitaire-au-burkina-une-strategie-nationale-elaboree-pour-contrer-la-radicalisation-et-lextremisme-violent#primaryimage\"},\"image\":{\"@id\":\"https:\/\/www.africa-press.net\/burkina-faso\/politique\/crise-securitaire-au-burkina-une-strategie-nationale-elaboree-pour-contrer-la-radicalisation-et-lextremisme-violent#primaryimage\"},\"thumbnailUrl\":\"https:\/\/static.africa-press.net\/burkina\/sites\/42\/2021\/05\/img-609a88117183d.jpg\",\"datePublished\":\"2021-05-11T13:59:29+00:00\",\"dateModified\":\"2021-05-11T15:06:27+00:00\",\"author\":{\"@id\":\"https:\/\/www.africa-press.net\/burkina-faso\/#\/schema\/person\/2b1cf3cd81a31e3cd26889ca66d677f1\"},\"description\":\"Le gouvernement burkinab\u00e8 a r\u00e9uni un comit\u00e9 de pilotage interminist\u00e9riel et pluridisciplinaire de 41 membres en vue de m ...\",\"breadcrumb\":{\"@id\":\"https:\/\/www.africa-press.net\/burkina-faso\/politique\/crise-securitaire-au-burkina-une-strategie-nationale-elaboree-pour-contrer-la-radicalisation-et-lextremisme-violent#breadcrumb\"},\"inLanguage\":\"fr-FR\",\"potentialAction\":[{\"@type\":\"ReadAction\",\"target\":[\"https:\/\/www.africa-press.net\/burkina-faso\/politique\/crise-securitaire-au-burkina-une-strategie-nationale-elaboree-pour-contrer-la-radicalisation-et-lextremisme-violent\"]}]},{\"@type\":\"ImageObject\",\"inLanguage\":\"fr-FR\",\"@id\":\"https:\/\/www.africa-press.net\/burkina-faso\/politique\/crise-securitaire-au-burkina-une-strategie-nationale-elaboree-pour-contrer-la-radicalisation-et-lextremisme-violent#primaryimage\",\"url\":\"https:\/\/static.africa-press.net\/burkina\/sites\/42\/2021\/05\/img-609a88117183d.jpg\",\"contentUrl\":\"https:\/\/static.africa-press.net\/burkina\/sites\/42\/2021\/05\/img-609a88117183d.jpg\",\"width\":1024,\"height\":620,\"caption\":\"Crise s\u00e9curitaire au Burkina : Une strat\u00e9gie nationale \u00e9labor\u00e9e pour contrer la radicalisation et l\u2019extr\u00e9misme violent\"},{\"@type\":\"BreadcrumbList\",\"@id\":\"https:\/\/www.africa-press.net\/burkina-faso\/politique\/crise-securitaire-au-burkina-une-strategie-nationale-elaboree-pour-contrer-la-radicalisation-et-lextremisme-violent#breadcrumb\",\"itemListElement\":[{\"@type\":\"ListItem\",\"position\":1,\"name\":\"Accueil\",\"item\":\"https:\/\/www.africa-press.net\/burkina-faso\/\"},{\"@type\":\"ListItem\",\"position\":2,\"name\":\"Crise s\u00e9curitaire au Burkina : Une strat\u00e9gie nationale \u00e9labor\u00e9e pour contrer la radicalisation et l\u2019extr\u00e9misme violent\"}]},{\"@type\":\"WebSite\",\"@id\":\"https:\/\/www.africa-press.net\/burkina-faso\/#website\",\"url\":\"https:\/\/www.africa-press.net\/burkina-faso\/\",\"name\":\"Burkina Faso\",\"description\":\"Just another Africa News Agency Sites site\",\"potentialAction\":[{\"@type\":\"SearchAction\",\"target\":{\"@type\":\"EntryPoint\",\"urlTemplate\":\"https:\/\/www.africa-press.net\/burkina-faso\/?s={search_term_string}\"},\"query-input\":{\"@type\":\"PropertyValueSpecification\",\"valueRequired\":true,\"valueName\":\"search_term_string\"}}],\"inLanguage\":\"fr-FR\"},{\"@type\":\"Person\",\"@id\":\"https:\/\/www.africa-press.net\/burkina-faso\/#\/schema\/person\/2b1cf3cd81a31e3cd26889ca66d677f1\",\"name\":\"cfeditorfr\"}]}<\/script>\n<!-- \/ Yoast SEO Premium plugin. -->","yoast_head_json":{"title":"Crise s\u00e9curitaire au Burkina : Une strat\u00e9gie nationale \u00e9labor\u00e9e pour contrer la radicalisation et l\u2019extr\u00e9misme violent - Burkina Faso","description":"Le gouvernement burkinab\u00e8 a r\u00e9uni un comit\u00e9 de pilotage interminist\u00e9riel et pluridisciplinaire de 41 membres en vue de m ...","robots":{"index":"index","follow":"follow","max-snippet":"max-snippet:-1","max-image-preview":"max-image-preview:large","max-video-preview":"max-video-preview:-1"},"canonical":"https:\/\/www.africa-press.net\/burkina-faso\/politique\/crise-securitaire-au-burkina-une-strategie-nationale-elaboree-pour-contrer-la-radicalisation-et-lextremisme-violent","og_locale":"fr_FR","og_type":"article","og_title":"Crise s\u00e9curitaire au Burkina : Une strat\u00e9gie nationale \u00e9labor\u00e9e pour contrer la radicalisation et l\u2019extr\u00e9misme violent","og_description":"Le gouvernement burkinab\u00e8 a r\u00e9uni un comit\u00e9 de pilotage interminist\u00e9riel et pluridisciplinaire de 41 membres en vue de m ...","og_url":"https:\/\/www.africa-press.net\/burkina-faso\/politique\/crise-securitaire-au-burkina-une-strategie-nationale-elaboree-pour-contrer-la-radicalisation-et-lextremisme-violent","og_site_name":"Burkina Faso","article_published_time":"2021-05-11T13:59:29+00:00","article_modified_time":"2021-05-11T15:06:27+00:00","og_image":[{"width":1024,"height":620,"url":"https:\/\/static.africa-press.net\/burkina\/sites\/42\/2021\/05\/img-609a88117183d.jpg","type":"image\/jpeg"}],"author":"cfeditorfr","twitter_card":"summary_large_image","twitter_misc":{"\u00c9crit par":"cfeditorfr","Dur\u00e9e de lecture estim\u00e9e":"3 minutes"},"schema":{"@context":"https:\/\/schema.org","@graph":[{"@type":"Article","@id":"https:\/\/www.africa-press.net\/burkina-faso\/politique\/crise-securitaire-au-burkina-une-strategie-nationale-elaboree-pour-contrer-la-radicalisation-et-lextremisme-violent#article","isPartOf":{"@id":"https:\/\/www.africa-press.net\/burkina-faso\/politique\/crise-securitaire-au-burkina-une-strategie-nationale-elaboree-pour-contrer-la-radicalisation-et-lextremisme-violent"},"author":{"name":"cfeditorfr","@id":"https:\/\/www.africa-press.net\/burkina-faso\/#\/schema\/person\/2b1cf3cd81a31e3cd26889ca66d677f1"},"headline":"Crise s\u00e9curitaire au Burkina : Une strat\u00e9gie nationale \u00e9labor\u00e9e pour contrer la radicalisation et l\u2019extr\u00e9misme violent","datePublished":"2021-05-11T13:59:29+00:00","dateModified":"2021-05-11T15:06:27+00:00","mainEntityOfPage":{"@id":"https:\/\/www.africa-press.net\/burkina-faso\/politique\/crise-securitaire-au-burkina-une-strategie-nationale-elaboree-pour-contrer-la-radicalisation-et-lextremisme-violent"},"wordCount":639,"commentCount":0,"image":{"@id":"https:\/\/www.africa-press.net\/burkina-faso\/politique\/crise-securitaire-au-burkina-une-strategie-nationale-elaboree-pour-contrer-la-radicalisation-et-lextremisme-violent#primaryimage"},"thumbnailUrl":"https:\/\/static.africa-press.net\/burkina\/sites\/42\/2021\/05\/img-609a88117183d.jpg","keywords":["Africa Press","Africa Press-Burkina Faso","Burkina Faso"],"articleSection":["homepage-french","Politique","Top Nouvelles","Toutes les actualit\u00e9s"],"inLanguage":"fr-FR","potentialAction":[{"@type":"CommentAction","name":"Comment","target":["https:\/\/www.africa-press.net\/burkina-faso\/politique\/crise-securitaire-au-burkina-une-strategie-nationale-elaboree-pour-contrer-la-radicalisation-et-lextremisme-violent#respond"]}]},{"@type":"WebPage","@id":"https:\/\/www.africa-press.net\/burkina-faso\/politique\/crise-securitaire-au-burkina-une-strategie-nationale-elaboree-pour-contrer-la-radicalisation-et-lextremisme-violent","url":"https:\/\/www.africa-press.net\/burkina-faso\/politique\/crise-securitaire-au-burkina-une-strategie-nationale-elaboree-pour-contrer-la-radicalisation-et-lextremisme-violent","name":"Crise s\u00e9curitaire au Burkina : Une strat\u00e9gie nationale \u00e9labor\u00e9e pour contrer la radicalisation et l\u2019extr\u00e9misme violent - Burkina Faso","isPartOf":{"@id":"https:\/\/www.africa-press.net\/burkina-faso\/#website"},"primaryImageOfPage":{"@id":"https:\/\/www.africa-press.net\/burkina-faso\/politique\/crise-securitaire-au-burkina-une-strategie-nationale-elaboree-pour-contrer-la-radicalisation-et-lextremisme-violent#primaryimage"},"image":{"@id":"https:\/\/www.africa-press.net\/burkina-faso\/politique\/crise-securitaire-au-burkina-une-strategie-nationale-elaboree-pour-contrer-la-radicalisation-et-lextremisme-violent#primaryimage"},"thumbnailUrl":"https:\/\/static.africa-press.net\/burkina\/sites\/42\/2021\/05\/img-609a88117183d.jpg","datePublished":"2021-05-11T13:59:29+00:00","dateModified":"2021-05-11T15:06:27+00:00","author":{"@id":"https:\/\/www.africa-press.net\/burkina-faso\/#\/schema\/person\/2b1cf3cd81a31e3cd26889ca66d677f1"},"description":"Le gouvernement burkinab\u00e8 a r\u00e9uni un comit\u00e9 de pilotage interminist\u00e9riel et pluridisciplinaire de 41 membres en vue de m ...","breadcrumb":{"@id":"https:\/\/www.africa-press.net\/burkina-faso\/politique\/crise-securitaire-au-burkina-une-strategie-nationale-elaboree-pour-contrer-la-radicalisation-et-lextremisme-violent#breadcrumb"},"inLanguage":"fr-FR","potentialAction":[{"@type":"ReadAction","target":["https:\/\/www.africa-press.net\/burkina-faso\/politique\/crise-securitaire-au-burkina-une-strategie-nationale-elaboree-pour-contrer-la-radicalisation-et-lextremisme-violent"]}]},{"@type":"ImageObject","inLanguage":"fr-FR","@id":"https:\/\/www.africa-press.net\/burkina-faso\/politique\/crise-securitaire-au-burkina-une-strategie-nationale-elaboree-pour-contrer-la-radicalisation-et-lextremisme-violent#primaryimage","url":"https:\/\/static.africa-press.net\/burkina\/sites\/42\/2021\/05\/img-609a88117183d.jpg","contentUrl":"https:\/\/static.africa-press.net\/burkina\/sites\/42\/2021\/05\/img-609a88117183d.jpg","width":1024,"height":620,"caption":"Crise s\u00e9curitaire au Burkina : Une strat\u00e9gie nationale \u00e9labor\u00e9e pour contrer la radicalisation et l\u2019extr\u00e9misme violent"},{"@type":"BreadcrumbList","@id":"https:\/\/www.africa-press.net\/burkina-faso\/politique\/crise-securitaire-au-burkina-une-strategie-nationale-elaboree-pour-contrer-la-radicalisation-et-lextremisme-violent#breadcrumb","itemListElement":[{"@type":"ListItem","position":1,"name":"Accueil","item":"https:\/\/www.africa-press.net\/burkina-faso\/"},{"@type":"ListItem","position":2,"name":"Crise s\u00e9curitaire au Burkina : Une strat\u00e9gie nationale \u00e9labor\u00e9e pour contrer la radicalisation et l\u2019extr\u00e9misme violent"}]},{"@type":"WebSite","@id":"https:\/\/www.africa-press.net\/burkina-faso\/#website","url":"https:\/\/www.africa-press.net\/burkina-faso\/","name":"Burkina Faso","description":"Just another Africa News Agency Sites site","potentialAction":[{"@type":"SearchAction","target":{"@type":"EntryPoint","urlTemplate":"https:\/\/www.africa-press.net\/burkina-faso\/?s={search_term_string}"},"query-input":{"@type":"PropertyValueSpecification","valueRequired":true,"valueName":"search_term_string"}}],"inLanguage":"fr-FR"},{"@type":"Person","@id":"https:\/\/www.africa-press.net\/burkina-faso\/#\/schema\/person\/2b1cf3cd81a31e3cd26889ca66d677f1","name":"cfeditorfr"}]}},"_links":{"self":[{"href":"https:\/\/www.africa-press.net\/burkina-faso\/wp-json\/wp\/v2\/posts\/11681","targetHints":{"allow":["GET"]}}],"collection":[{"href":"https:\/\/www.africa-press.net\/burkina-faso\/wp-json\/wp\/v2\/posts"}],"about":[{"href":"https:\/\/www.africa-press.net\/burkina-faso\/wp-json\/wp\/v2\/types\/post"}],"author":[{"embeddable":true,"href":"https:\/\/www.africa-press.net\/burkina-faso\/wp-json\/wp\/v2\/users\/82"}],"replies":[{"embeddable":true,"href":"https:\/\/www.africa-press.net\/burkina-faso\/wp-json\/wp\/v2\/comments?post=11681"}],"version-history":[{"count":0,"href":"https:\/\/www.africa-press.net\/burkina-faso\/wp-json\/wp\/v2\/posts\/11681\/revisions"}],"wp:featuredmedia":[{"embeddable":true,"href":"https:\/\/www.africa-press.net\/burkina-faso\/wp-json\/wp\/v2\/media\/11680"}],"wp:attachment":[{"href":"https:\/\/www.africa-press.net\/burkina-faso\/wp-json\/wp\/v2\/media?parent=11681"}],"wp:term":[{"taxonomy":"category","embeddable":true,"href":"https:\/\/www.africa-press.net\/burkina-faso\/wp-json\/wp\/v2\/categories?post=11681"},{"taxonomy":"post_tag","embeddable":true,"href":"https:\/\/www.africa-press.net\/burkina-faso\/wp-json\/wp\/v2\/tags?post=11681"}],"curies":[{"name":"wp","href":"https:\/\/api.w.org\/{rel}","templated":true}]}}