{"id":11684,"date":"2021-05-11T14:09:25","date_gmt":"2021-05-11T14:09:25","guid":{"rendered":"https:\/\/www.africa-press.net\/burkina-faso\/?p=11684"},"modified":"2021-05-11T15:02:49","modified_gmt":"2021-05-11T15:02:49","slug":"cooperation-militaire-le-burkina-faso-et-la-cote-divoire-accordent-leurs-violons","status":"publish","type":"post","link":"https:\/\/www.africa-press.net\/burkina-faso\/politique\/cooperation-militaire-le-burkina-faso-et-la-cote-divoire-accordent-leurs-violons","title":{"rendered":"Coop\u00e9ration militaire\u00a0: Le Burkina Faso et la C\u00f4te d\u2019Ivoire accordent leurs violons"},"content":{"rendered":"<p><span style=\"color: #ff6600\"><strong><a href=\"https:\/\/www.africa-press.net\/\">Africa-Press<\/a> &#8211; <a href=\"https:\/\/www.africa-press.net\/burkina-faso\">Burkina Faso<\/a>. <\/strong><\/span>Dans le cadre de la collaboration entre le Burkina Faso et la C\u00f4te d\u2019Ivoire, le ministre de la d\u00e9fense ivoirien, T\u00e9n\u00e9 Birahima Ouattara, a effectu\u00e9 une visite au \u00ab Pays des Hommes int\u00e8gres \u00bb. Une visite en vue de renforcer les liens d\u2019amiti\u00e9 qui existent entre les deux pays et revisiter les partenariats dans le domaine de la s\u00e9curit\u00e9.<\/p>\n<p>A l\u2019instar du Burkina Faso, la C\u00f4te d\u2019Ivoire fait \u00e9galement face au ph\u00e9nom\u00e8ne de l\u2019ins\u00e9curit\u00e9 surtout dans la partie Nord de son territoire. Afin d\u2019accorder les actions pour aller dans le m\u00eame sens, le ministre ivoirien de la d\u00e9fense, T\u00e9n\u00e9 Birahima Ouattara effectue un s\u00e9jour au \u00ab Pays des Hommes int\u00e8gres \u00bb. Selon son homologue burkinab\u00e8, Sh\u00e9riff Sy, la visite du ministre d\u2019\u00c9tat ivoirien s\u2019inscrit dans un cadre bien pr\u00e9cis.<\/p>\n<p>\u00abComme vous le savez, le Burkina Faso et la C\u00f4te d\u2019Ivoire sont deux pays au m\u00eame destin. Ce sont deux pays qui travaillent continuellement ensemble. Dans le domaine de la d\u00e9fense nationale, nous collaborons parfaitement et nous avons eu \u00e0 mener un certain nombre d\u2019op\u00e9rations de s\u00e9curisation de nos fronti\u00e8res \u00bb, a indiqu\u00e9 le ministre burkinab\u00e8. Pour lui, T\u00e9n\u00e9 Birahima Ouattara est \u00ab chez lui \u00bb au \u00ab Pays des Hommes int\u00e8gres \u00bb.<\/p>\n<p>Nomm\u00e9 ministre en charge de la d\u00e9fense de la C\u00f4te d\u2019Ivoire depuis le d\u00e9c\u00e8s de Hamed Bakayoko, T\u00e9n\u00e9 Birahima Ouattara a entrepris une tourn\u00e9e sous r\u00e9gionale afin de discuter des questions s\u00e9curitaires. L\u2019\u00e9tape du Burkina Faso constitue ainsi le premier pas du ministre ivoirien dans le cadre de cette tourn\u00e9e. Pour Sheriff Sy, cela t\u00e9moigne de \u00ab l\u2019imbrication de nos territoires \u00bb. Il estime \u00e9galement que c\u2019est n\u00e9cessaire pour les deux pays de se prot\u00e9ger mutuellement. Une occasion alors de revisiter les partenariats qui existent dans le domaine de la d\u00e9fense.<\/p>\n<p>Pour le camp ivoirien, la visite au Burkina montre que les deux pays forment \u00ab une communaut\u00e9 de destin \u00bb. \u00ab Nul n\u2019ignore l\u2019excellence des relations qu\u2019entretiennent ces deux pays. Aussi bien le Burkina que la C\u00f4te d\u2019Ivoire sont tous confront\u00e9s \u00e0 des d\u00e9fis s\u00e9curitaires \u00bb, a lanc\u00e9 T\u00e9n\u00e9 Birahima Ouattara. Pour lui, le principal d\u00e9fi pour les deux nations est le terrorisme. C\u2019est donc l\u2019envie d\u2019harmoniser les forces dans la lutte qui a conduit le ministre ivoirien en terre burkinab\u00e8.<\/p>\n<p>Revenant sur les derni\u00e8res attaques au Nord de la C\u00f4te d\u2019Ivoire, le ministre ivoirien a estim\u00e9 que les aspects li\u00e9s \u00e0 l\u2019affaire rel\u00e8vent du \u00ab secret d\u00e9fense \u00bb. Cependant, il a soulign\u00e9 qu\u2019un certain nombre d\u2019actions ont \u00e9t\u00e9 planifi\u00e9es pour \u00ab essayer de contrer cette mont\u00e9e du terrorisme \u00bb. Cette question a \u00e9t\u00e9 aussi abord\u00e9e lors des \u00e9changes avec le ministre de la d\u00e9fense du Burkina Faso de l\u2019avis de T\u00e9n\u00e9 Biharima Ouattara. Basile SAMA, D\u00e9borah DARGA (stagiaire)<\/p>\n","protected":false},"excerpt":{"rendered":"<p>Africa-Press &#8211; Burkina Faso. Dans le cadre de la collaboration entre le Burkina Faso et la C\u00f4te d\u2019Ivoire, le ministre de la d\u00e9fense ivoirien, T\u00e9n\u00e9 Birahima Ouattara, a effectu\u00e9 une visite au \u00ab Pays des Hommes int\u00e8gres \u00bb. Une visite en vue de renforcer les liens d\u2019amiti\u00e9 qui existent entre les deux pays et revisiter [&hellip;]<\/p>\n","protected":false},"author":82,"featured_media":11683,"comment_status":"open","ping_status":"closed","sticky":false,"template":"","format":"standard","meta":{"footnotes":""},"categories":[11,2,20,10],"tags":[111,725,29],"class_list":["post-11684","post","type-post","status-publish","format-standard","has-post-thumbnail","hentry","category-homepage-french","category-politique","category-top-nouvelles","category-toutes-les-actualites","tag-africa-press","tag-africa-press-burkina-faso","tag-burkina-faso"],"yoast_head":"<!-- This site is optimized with the Yoast SEO Premium plugin v26.1 (Yoast SEO v27.0) - https:\/\/yoast.com\/product\/yoast-seo-premium-wordpress\/ -->\n<title>Coop\u00e9ration militaire\u00a0: Le Burkina Faso et la C\u00f4te d\u2019Ivoire accordent leurs violons - Burkina Faso<\/title>\n<meta name=\"description\" content=\"Dans le cadre de la collaboration entre le Burkina Faso et la C\u00f4te d\u2019Ivoire, le ministre de la d\u00e9fense ivoirien, T\u00e9n\u00e9 Bi ...\" \/>\n<meta name=\"robots\" content=\"index, follow, max-snippet:-1, max-image-preview:large, max-video-preview:-1\" \/>\n<link rel=\"canonical\" href=\"https:\/\/www.africa-press.net\/burkina-faso\/politique\/cooperation-militaire-le-burkina-faso-et-la-cote-divoire-accordent-leurs-violons\" \/>\n<meta property=\"og:locale\" content=\"fr_FR\" \/>\n<meta property=\"og:type\" content=\"article\" \/>\n<meta property=\"og:title\" content=\"Coop\u00e9ration militaire\u00a0: Le Burkina Faso et la C\u00f4te d\u2019Ivoire accordent leurs violons\" \/>\n<meta property=\"og:description\" content=\"Dans le cadre de la collaboration entre le Burkina Faso et la C\u00f4te d\u2019Ivoire, le ministre de la d\u00e9fense ivoirien, T\u00e9n\u00e9 Bi ...\" \/>\n<meta property=\"og:url\" content=\"https:\/\/www.africa-press.net\/burkina-faso\/politique\/cooperation-militaire-le-burkina-faso-et-la-cote-divoire-accordent-leurs-violons\" \/>\n<meta property=\"og:site_name\" content=\"Burkina Faso\" \/>\n<meta property=\"article:published_time\" content=\"2021-05-11T14:09:25+00:00\" \/>\n<meta property=\"article:modified_time\" content=\"2021-05-11T15:02:49+00:00\" \/>\n<meta property=\"og:image\" content=\"https:\/\/static.africa-press.net\/burkina\/sites\/42\/2021\/05\/img-609a88493f6fc.jpg\" \/>\n\t<meta property=\"og:image:width\" content=\"1024\" \/>\n\t<meta property=\"og:image:height\" content=\"639\" \/>\n\t<meta property=\"og:image:type\" content=\"image\/jpeg\" \/>\n<meta name=\"author\" content=\"cfeditorfr\" \/>\n<meta name=\"twitter:card\" content=\"summary_large_image\" \/>\n<meta name=\"twitter:label1\" content=\"\u00c9crit par\" \/>\n\t<meta name=\"twitter:data1\" content=\"cfeditorfr\" \/>\n\t<meta name=\"twitter:label2\" content=\"Dur\u00e9e de lecture estim\u00e9e\" \/>\n\t<meta name=\"twitter:data2\" content=\"3 minutes\" \/>\n<script type=\"application\/ld+json\" class=\"yoast-schema-graph\">{\"@context\":\"https:\/\/schema.org\",\"@graph\":[{\"@type\":\"Article\",\"@id\":\"https:\/\/www.africa-press.net\/burkina-faso\/politique\/cooperation-militaire-le-burkina-faso-et-la-cote-divoire-accordent-leurs-violons#article\",\"isPartOf\":{\"@id\":\"https:\/\/www.africa-press.net\/burkina-faso\/politique\/cooperation-militaire-le-burkina-faso-et-la-cote-divoire-accordent-leurs-violons\"},\"author\":{\"name\":\"cfeditorfr\",\"@id\":\"https:\/\/www.africa-press.net\/burkina-faso\/#\/schema\/person\/2b1cf3cd81a31e3cd26889ca66d677f1\"},\"headline\":\"Coop\u00e9ration militaire\u00a0: Le Burkina Faso et la C\u00f4te d\u2019Ivoire accordent leurs violons\",\"datePublished\":\"2021-05-11T14:09:25+00:00\",\"dateModified\":\"2021-05-11T15:02:49+00:00\",\"mainEntityOfPage\":{\"@id\":\"https:\/\/www.africa-press.net\/burkina-faso\/politique\/cooperation-militaire-le-burkina-faso-et-la-cote-divoire-accordent-leurs-violons\"},\"wordCount\":529,\"commentCount\":0,\"image\":{\"@id\":\"https:\/\/www.africa-press.net\/burkina-faso\/politique\/cooperation-militaire-le-burkina-faso-et-la-cote-divoire-accordent-leurs-violons#primaryimage\"},\"thumbnailUrl\":\"https:\/\/static.africa-press.net\/burkina\/sites\/42\/2021\/05\/img-609a88493f6fc.jpg\",\"keywords\":[\"Africa Press\",\"Africa Press-Burkina Faso\",\"Burkina Faso\"],\"articleSection\":[\"homepage-french\",\"Politique\",\"Top Nouvelles\",\"Toutes les actualit\u00e9s\"],\"inLanguage\":\"fr-FR\",\"potentialAction\":[{\"@type\":\"CommentAction\",\"name\":\"Comment\",\"target\":[\"https:\/\/www.africa-press.net\/burkina-faso\/politique\/cooperation-militaire-le-burkina-faso-et-la-cote-divoire-accordent-leurs-violons#respond\"]}]},{\"@type\":\"WebPage\",\"@id\":\"https:\/\/www.africa-press.net\/burkina-faso\/politique\/cooperation-militaire-le-burkina-faso-et-la-cote-divoire-accordent-leurs-violons\",\"url\":\"https:\/\/www.africa-press.net\/burkina-faso\/politique\/cooperation-militaire-le-burkina-faso-et-la-cote-divoire-accordent-leurs-violons\",\"name\":\"Coop\u00e9ration militaire\u00a0: Le Burkina Faso et la C\u00f4te d\u2019Ivoire accordent leurs violons - Burkina Faso\",\"isPartOf\":{\"@id\":\"https:\/\/www.africa-press.net\/burkina-faso\/#website\"},\"primaryImageOfPage\":{\"@id\":\"https:\/\/www.africa-press.net\/burkina-faso\/politique\/cooperation-militaire-le-burkina-faso-et-la-cote-divoire-accordent-leurs-violons#primaryimage\"},\"image\":{\"@id\":\"https:\/\/www.africa-press.net\/burkina-faso\/politique\/cooperation-militaire-le-burkina-faso-et-la-cote-divoire-accordent-leurs-violons#primaryimage\"},\"thumbnailUrl\":\"https:\/\/static.africa-press.net\/burkina\/sites\/42\/2021\/05\/img-609a88493f6fc.jpg\",\"datePublished\":\"2021-05-11T14:09:25+00:00\",\"dateModified\":\"2021-05-11T15:02:49+00:00\",\"author\":{\"@id\":\"https:\/\/www.africa-press.net\/burkina-faso\/#\/schema\/person\/2b1cf3cd81a31e3cd26889ca66d677f1\"},\"description\":\"Dans le cadre de la collaboration entre le Burkina Faso et la C\u00f4te d\u2019Ivoire, le ministre de la d\u00e9fense ivoirien, T\u00e9n\u00e9 Bi ...\",\"breadcrumb\":{\"@id\":\"https:\/\/www.africa-press.net\/burkina-faso\/politique\/cooperation-militaire-le-burkina-faso-et-la-cote-divoire-accordent-leurs-violons#breadcrumb\"},\"inLanguage\":\"fr-FR\",\"potentialAction\":[{\"@type\":\"ReadAction\",\"target\":[\"https:\/\/www.africa-press.net\/burkina-faso\/politique\/cooperation-militaire-le-burkina-faso-et-la-cote-divoire-accordent-leurs-violons\"]}]},{\"@type\":\"ImageObject\",\"inLanguage\":\"fr-FR\",\"@id\":\"https:\/\/www.africa-press.net\/burkina-faso\/politique\/cooperation-militaire-le-burkina-faso-et-la-cote-divoire-accordent-leurs-violons#primaryimage\",\"url\":\"https:\/\/static.africa-press.net\/burkina\/sites\/42\/2021\/05\/img-609a88493f6fc.jpg\",\"contentUrl\":\"https:\/\/static.africa-press.net\/burkina\/sites\/42\/2021\/05\/img-609a88493f6fc.jpg\",\"width\":1024,\"height\":639,\"caption\":\"Coop\u00e9ration militaire\u00a0: Le Burkina Faso et la C\u00f4te d\u2019Ivoire accordent leurs violons\"},{\"@type\":\"BreadcrumbList\",\"@id\":\"https:\/\/www.africa-press.net\/burkina-faso\/politique\/cooperation-militaire-le-burkina-faso-et-la-cote-divoire-accordent-leurs-violons#breadcrumb\",\"itemListElement\":[{\"@type\":\"ListItem\",\"position\":1,\"name\":\"Accueil\",\"item\":\"https:\/\/www.africa-press.net\/burkina-faso\/\"},{\"@type\":\"ListItem\",\"position\":2,\"name\":\"Coop\u00e9ration militaire\u00a0: Le Burkina Faso et la C\u00f4te d\u2019Ivoire accordent leurs violons\"}]},{\"@type\":\"WebSite\",\"@id\":\"https:\/\/www.africa-press.net\/burkina-faso\/#website\",\"url\":\"https:\/\/www.africa-press.net\/burkina-faso\/\",\"name\":\"Burkina Faso\",\"description\":\"Just another Africa News Agency Sites site\",\"potentialAction\":[{\"@type\":\"SearchAction\",\"target\":{\"@type\":\"EntryPoint\",\"urlTemplate\":\"https:\/\/www.africa-press.net\/burkina-faso\/?s={search_term_string}\"},\"query-input\":{\"@type\":\"PropertyValueSpecification\",\"valueRequired\":true,\"valueName\":\"search_term_string\"}}],\"inLanguage\":\"fr-FR\"},{\"@type\":\"Person\",\"@id\":\"https:\/\/www.africa-press.net\/burkina-faso\/#\/schema\/person\/2b1cf3cd81a31e3cd26889ca66d677f1\",\"name\":\"cfeditorfr\"}]}<\/script>\n<!-- \/ Yoast SEO Premium plugin. -->","yoast_head_json":{"title":"Coop\u00e9ration militaire\u00a0: Le Burkina Faso et la C\u00f4te d\u2019Ivoire accordent leurs violons - Burkina Faso","description":"Dans le cadre de la collaboration entre le Burkina Faso et la C\u00f4te d\u2019Ivoire, le ministre de la d\u00e9fense ivoirien, T\u00e9n\u00e9 Bi ...","robots":{"index":"index","follow":"follow","max-snippet":"max-snippet:-1","max-image-preview":"max-image-preview:large","max-video-preview":"max-video-preview:-1"},"canonical":"https:\/\/www.africa-press.net\/burkina-faso\/politique\/cooperation-militaire-le-burkina-faso-et-la-cote-divoire-accordent-leurs-violons","og_locale":"fr_FR","og_type":"article","og_title":"Coop\u00e9ration militaire\u00a0: Le Burkina Faso et la C\u00f4te d\u2019Ivoire accordent leurs violons","og_description":"Dans le cadre de la collaboration entre le Burkina Faso et la C\u00f4te d\u2019Ivoire, le ministre de la d\u00e9fense ivoirien, T\u00e9n\u00e9 Bi ...","og_url":"https:\/\/www.africa-press.net\/burkina-faso\/politique\/cooperation-militaire-le-burkina-faso-et-la-cote-divoire-accordent-leurs-violons","og_site_name":"Burkina Faso","article_published_time":"2021-05-11T14:09:25+00:00","article_modified_time":"2021-05-11T15:02:49+00:00","og_image":[{"width":1024,"height":639,"url":"https:\/\/static.africa-press.net\/burkina\/sites\/42\/2021\/05\/img-609a88493f6fc.jpg","type":"image\/jpeg"}],"author":"cfeditorfr","twitter_card":"summary_large_image","twitter_misc":{"\u00c9crit par":"cfeditorfr","Dur\u00e9e de lecture estim\u00e9e":"3 minutes"},"schema":{"@context":"https:\/\/schema.org","@graph":[{"@type":"Article","@id":"https:\/\/www.africa-press.net\/burkina-faso\/politique\/cooperation-militaire-le-burkina-faso-et-la-cote-divoire-accordent-leurs-violons#article","isPartOf":{"@id":"https:\/\/www.africa-press.net\/burkina-faso\/politique\/cooperation-militaire-le-burkina-faso-et-la-cote-divoire-accordent-leurs-violons"},"author":{"name":"cfeditorfr","@id":"https:\/\/www.africa-press.net\/burkina-faso\/#\/schema\/person\/2b1cf3cd81a31e3cd26889ca66d677f1"},"headline":"Coop\u00e9ration militaire\u00a0: Le Burkina Faso et la C\u00f4te d\u2019Ivoire accordent leurs violons","datePublished":"2021-05-11T14:09:25+00:00","dateModified":"2021-05-11T15:02:49+00:00","mainEntityOfPage":{"@id":"https:\/\/www.africa-press.net\/burkina-faso\/politique\/cooperation-militaire-le-burkina-faso-et-la-cote-divoire-accordent-leurs-violons"},"wordCount":529,"commentCount":0,"image":{"@id":"https:\/\/www.africa-press.net\/burkina-faso\/politique\/cooperation-militaire-le-burkina-faso-et-la-cote-divoire-accordent-leurs-violons#primaryimage"},"thumbnailUrl":"https:\/\/static.africa-press.net\/burkina\/sites\/42\/2021\/05\/img-609a88493f6fc.jpg","keywords":["Africa Press","Africa Press-Burkina Faso","Burkina Faso"],"articleSection":["homepage-french","Politique","Top Nouvelles","Toutes les actualit\u00e9s"],"inLanguage":"fr-FR","potentialAction":[{"@type":"CommentAction","name":"Comment","target":["https:\/\/www.africa-press.net\/burkina-faso\/politique\/cooperation-militaire-le-burkina-faso-et-la-cote-divoire-accordent-leurs-violons#respond"]}]},{"@type":"WebPage","@id":"https:\/\/www.africa-press.net\/burkina-faso\/politique\/cooperation-militaire-le-burkina-faso-et-la-cote-divoire-accordent-leurs-violons","url":"https:\/\/www.africa-press.net\/burkina-faso\/politique\/cooperation-militaire-le-burkina-faso-et-la-cote-divoire-accordent-leurs-violons","name":"Coop\u00e9ration militaire\u00a0: Le Burkina Faso et la C\u00f4te d\u2019Ivoire accordent leurs violons - Burkina Faso","isPartOf":{"@id":"https:\/\/www.africa-press.net\/burkina-faso\/#website"},"primaryImageOfPage":{"@id":"https:\/\/www.africa-press.net\/burkina-faso\/politique\/cooperation-militaire-le-burkina-faso-et-la-cote-divoire-accordent-leurs-violons#primaryimage"},"image":{"@id":"https:\/\/www.africa-press.net\/burkina-faso\/politique\/cooperation-militaire-le-burkina-faso-et-la-cote-divoire-accordent-leurs-violons#primaryimage"},"thumbnailUrl":"https:\/\/static.africa-press.net\/burkina\/sites\/42\/2021\/05\/img-609a88493f6fc.jpg","datePublished":"2021-05-11T14:09:25+00:00","dateModified":"2021-05-11T15:02:49+00:00","author":{"@id":"https:\/\/www.africa-press.net\/burkina-faso\/#\/schema\/person\/2b1cf3cd81a31e3cd26889ca66d677f1"},"description":"Dans le cadre de la collaboration entre le Burkina Faso et la C\u00f4te d\u2019Ivoire, le ministre de la d\u00e9fense ivoirien, T\u00e9n\u00e9 Bi ...","breadcrumb":{"@id":"https:\/\/www.africa-press.net\/burkina-faso\/politique\/cooperation-militaire-le-burkina-faso-et-la-cote-divoire-accordent-leurs-violons#breadcrumb"},"inLanguage":"fr-FR","potentialAction":[{"@type":"ReadAction","target":["https:\/\/www.africa-press.net\/burkina-faso\/politique\/cooperation-militaire-le-burkina-faso-et-la-cote-divoire-accordent-leurs-violons"]}]},{"@type":"ImageObject","inLanguage":"fr-FR","@id":"https:\/\/www.africa-press.net\/burkina-faso\/politique\/cooperation-militaire-le-burkina-faso-et-la-cote-divoire-accordent-leurs-violons#primaryimage","url":"https:\/\/static.africa-press.net\/burkina\/sites\/42\/2021\/05\/img-609a88493f6fc.jpg","contentUrl":"https:\/\/static.africa-press.net\/burkina\/sites\/42\/2021\/05\/img-609a88493f6fc.jpg","width":1024,"height":639,"caption":"Coop\u00e9ration militaire\u00a0: Le Burkina Faso et la C\u00f4te d\u2019Ivoire accordent leurs violons"},{"@type":"BreadcrumbList","@id":"https:\/\/www.africa-press.net\/burkina-faso\/politique\/cooperation-militaire-le-burkina-faso-et-la-cote-divoire-accordent-leurs-violons#breadcrumb","itemListElement":[{"@type":"ListItem","position":1,"name":"Accueil","item":"https:\/\/www.africa-press.net\/burkina-faso\/"},{"@type":"ListItem","position":2,"name":"Coop\u00e9ration militaire\u00a0: Le Burkina Faso et la C\u00f4te d\u2019Ivoire accordent leurs violons"}]},{"@type":"WebSite","@id":"https:\/\/www.africa-press.net\/burkina-faso\/#website","url":"https:\/\/www.africa-press.net\/burkina-faso\/","name":"Burkina Faso","description":"Just another Africa News Agency Sites site","potentialAction":[{"@type":"SearchAction","target":{"@type":"EntryPoint","urlTemplate":"https:\/\/www.africa-press.net\/burkina-faso\/?s={search_term_string}"},"query-input":{"@type":"PropertyValueSpecification","valueRequired":true,"valueName":"search_term_string"}}],"inLanguage":"fr-FR"},{"@type":"Person","@id":"https:\/\/www.africa-press.net\/burkina-faso\/#\/schema\/person\/2b1cf3cd81a31e3cd26889ca66d677f1","name":"cfeditorfr"}]}},"_links":{"self":[{"href":"https:\/\/www.africa-press.net\/burkina-faso\/wp-json\/wp\/v2\/posts\/11684","targetHints":{"allow":["GET"]}}],"collection":[{"href":"https:\/\/www.africa-press.net\/burkina-faso\/wp-json\/wp\/v2\/posts"}],"about":[{"href":"https:\/\/www.africa-press.net\/burkina-faso\/wp-json\/wp\/v2\/types\/post"}],"author":[{"embeddable":true,"href":"https:\/\/www.africa-press.net\/burkina-faso\/wp-json\/wp\/v2\/users\/82"}],"replies":[{"embeddable":true,"href":"https:\/\/www.africa-press.net\/burkina-faso\/wp-json\/wp\/v2\/comments?post=11684"}],"version-history":[{"count":0,"href":"https:\/\/www.africa-press.net\/burkina-faso\/wp-json\/wp\/v2\/posts\/11684\/revisions"}],"wp:featuredmedia":[{"embeddable":true,"href":"https:\/\/www.africa-press.net\/burkina-faso\/wp-json\/wp\/v2\/media\/11683"}],"wp:attachment":[{"href":"https:\/\/www.africa-press.net\/burkina-faso\/wp-json\/wp\/v2\/media?parent=11684"}],"wp:term":[{"taxonomy":"category","embeddable":true,"href":"https:\/\/www.africa-press.net\/burkina-faso\/wp-json\/wp\/v2\/categories?post=11684"},{"taxonomy":"post_tag","embeddable":true,"href":"https:\/\/www.africa-press.net\/burkina-faso\/wp-json\/wp\/v2\/tags?post=11684"}],"curies":[{"name":"wp","href":"https:\/\/api.w.org\/{rel}","templated":true}]}}