{"id":11687,"date":"2021-05-11T14:15:14","date_gmt":"2021-05-11T14:15:14","guid":{"rendered":"https:\/\/www.africa-press.net\/burkina-faso\/?p=11687"},"modified":"2021-05-11T15:03:02","modified_gmt":"2021-05-11T15:03:02","slug":"securite-au-burkina-faso-deux-engins-explosifs-neutralises-dans-le-soum","status":"publish","type":"post","link":"https:\/\/www.africa-press.net\/burkina-faso\/politique\/securite-au-burkina-faso-deux-engins-explosifs-neutralises-dans-le-soum","title":{"rendered":"Deux engins explosifs neutralis\u00e9s dans le Soum"},"content":{"rendered":"<p><span style=\"color: #ff6600\"><strong><a href=\"https:\/\/www.africa-press.net\/\">Africa-Press<\/a> &#8211; <a href=\"https:\/\/www.africa-press.net\/burkina-faso\">Burkina Faso<\/a>. <\/strong><\/span>Les Forces Arm\u00e9es Nationales(FAN) ont lanc\u00e9 une op\u00e9ration d\u2019envergure dans les r\u00e9gions du Nord et du Sahel d\u00e9nomm\u00e9e \u00abHOUNE\u00bb (Dignit\u00e9 en fulfuld\u00e9), le 5 mai 2021. Il s\u2019agit d\u2019une des activit\u00e9s r\u00e9alis\u00e9es dans le cadre d\u2019op\u00e9rations de s\u00e9curisation du territoire national.<\/p>\n<p>En vue de d\u00e9loger les groupes arm\u00e9s terroristes qui font leur loi dans les r\u00e9gions du Nord et du Sahel, les Forces Arm\u00e9es Nationales ont lanc\u00e9 une grande op\u00e9ration d\u00e9nomm\u00e9e \u00abHOUNE\u00bb (Dignit\u00e9 en fulfuld\u00e9) le 5 mai 2021. Cette op\u00e9ration qui vise \u00e0 rassurer les populations mobilise les unit\u00e9s conventionnelles et sp\u00e9ciales de l\u2019Arm\u00e9e de Terre, de l\u2019Arm\u00e9e de l\u2019Air et de la Gendarmerie Nationale.<\/p>\n<p>Outre cette op\u00e9ration, suite \u00e0 l\u2019attaque contre le village de Menzourou dans le d\u00e9partement de Tinakoff, une unit\u00e9 d\u2019intervention du d\u00e9tachement militaire de Tinakoff a \u00e9t\u00e9 d\u00e9ploy\u00e9e le 5 mai \u00e9galement pour s\u00e9curiser la zone, \u00e0 travers des op\u00e9rations de ratissage afin de retrouver les assaillants.<\/p>\n<p>Le 7 mai des unit\u00e9s sp\u00e9cialis\u00e9es du G\u00e9nie Militaire ont neutralis\u00e9 deux engins explosifs improvis\u00e9s dans la province du Soum. Ces engins ont \u00e9t\u00e9 d\u00e9couverts par des VDP qui les ont signal\u00e9s aux unit\u00e9s militaires voisines.<\/p>\n<p>Du c\u00f4t\u00e9 de la province du Yagha, un engin explosif improvis\u00e9 a explos\u00e9 au passage d\u2019une unit\u00e9 du d\u00e9tachement militaire de Mansila qui effectuait une mission d\u2019escorte. Il est \u00e0 noter que deux autres engins explosifs ont \u00e9t\u00e9 d\u00e9cel\u00e9s et neutralis\u00e9s, sur les m\u00eame lieux, par les \u00e9quipes sp\u00e9cialis\u00e9es du G\u00e9nie Militaire.<\/p>\n<p>Le bilan de l\u2019explosion fait \u00e9tat de trois (03) soldats bless\u00e9s qui ont \u00e9t\u00e9 \u00e9vacu\u00e9s et pris en charge par les \u00e9quipes du service de sant\u00e9 des Arm\u00e9es. Les FAN ont aussi assur\u00e9 une mission d\u2019escorte de vivres au profit de personnes d\u00e9plac\u00e9es internes du centre-nord le 3 mai 2021. Cette op\u00e9ration a \u00e9t\u00e9 organis\u00e9e par le Minist\u00e8re en charge de l\u2019action humanitaire en coordination avec le Conseil National de Secours d\u2019Urgence et de R\u00e9habilitation (CONASUR).<\/p>\n","protected":false},"excerpt":{"rendered":"<p>Africa-Press &#8211; Burkina Faso. Les Forces Arm\u00e9es Nationales(FAN) ont lanc\u00e9 une op\u00e9ration d\u2019envergure dans les r\u00e9gions du Nord et du Sahel d\u00e9nomm\u00e9e \u00abHOUNE\u00bb (Dignit\u00e9 en fulfuld\u00e9), le 5 mai 2021. Il s\u2019agit d\u2019une des activit\u00e9s r\u00e9alis\u00e9es dans le cadre d\u2019op\u00e9rations de s\u00e9curisation du territoire national. En vue de d\u00e9loger les groupes arm\u00e9s terroristes qui font [&hellip;]<\/p>\n","protected":false},"author":82,"featured_media":11686,"comment_status":"open","ping_status":"closed","sticky":false,"template":"","format":"standard","meta":{"footnotes":""},"categories":[11,2,10],"tags":[111,725,29],"class_list":["post-11687","post","type-post","status-publish","format-standard","has-post-thumbnail","hentry","category-homepage-french","category-politique","category-toutes-les-actualites","tag-africa-press","tag-africa-press-burkina-faso","tag-burkina-faso"],"yoast_head":"<!-- This site is optimized with the Yoast SEO Premium plugin v26.1 (Yoast SEO v27.0) - https:\/\/yoast.com\/product\/yoast-seo-premium-wordpress\/ -->\n<title>Deux engins explosifs neutralis\u00e9s dans le Soum - Burkina Faso<\/title>\n<meta name=\"description\" content=\"Les Forces Arm\u00e9es Nationales(FAN) ont lanc\u00e9 une op\u00e9ration d\u2019envergure dans les r\u00e9gions du Nord et du Sahel d\u00e9nomm\u00e9e \u00abHOU ...\" \/>\n<meta name=\"robots\" content=\"index, follow, max-snippet:-1, max-image-preview:large, max-video-preview:-1\" \/>\n<link rel=\"canonical\" href=\"https:\/\/www.africa-press.net\/burkina-faso\/politique\/securite-au-burkina-faso-deux-engins-explosifs-neutralises-dans-le-soum\" \/>\n<meta property=\"og:locale\" content=\"fr_FR\" \/>\n<meta property=\"og:type\" content=\"article\" \/>\n<meta property=\"og:title\" content=\"Deux engins explosifs neutralis\u00e9s dans le Soum\" \/>\n<meta property=\"og:description\" content=\"Les Forces Arm\u00e9es Nationales(FAN) ont lanc\u00e9 une op\u00e9ration d\u2019envergure dans les r\u00e9gions du Nord et du Sahel d\u00e9nomm\u00e9e \u00abHOU ...\" \/>\n<meta property=\"og:url\" content=\"https:\/\/www.africa-press.net\/burkina-faso\/politique\/securite-au-burkina-faso-deux-engins-explosifs-neutralises-dans-le-soum\" \/>\n<meta property=\"og:site_name\" content=\"Burkina Faso\" \/>\n<meta property=\"article:published_time\" content=\"2021-05-11T14:15:14+00:00\" \/>\n<meta property=\"article:modified_time\" content=\"2021-05-11T15:03:02+00:00\" \/>\n<meta property=\"og:image\" content=\"https:\/\/static.africa-press.net\/burkina\/sites\/42\/2021\/05\/img-609a887bc0895.jpg\" \/>\n\t<meta property=\"og:image:width\" content=\"1024\" \/>\n\t<meta property=\"og:image:height\" content=\"683\" \/>\n\t<meta property=\"og:image:type\" content=\"image\/jpeg\" \/>\n<meta name=\"author\" content=\"cfeditorfr\" \/>\n<meta name=\"twitter:card\" content=\"summary_large_image\" \/>\n<meta name=\"twitter:label1\" content=\"\u00c9crit par\" \/>\n\t<meta name=\"twitter:data1\" content=\"cfeditorfr\" \/>\n\t<meta name=\"twitter:label2\" content=\"Dur\u00e9e de lecture estim\u00e9e\" \/>\n\t<meta name=\"twitter:data2\" content=\"2 minutes\" \/>\n<script type=\"application\/ld+json\" class=\"yoast-schema-graph\">{\"@context\":\"https:\/\/schema.org\",\"@graph\":[{\"@type\":\"Article\",\"@id\":\"https:\/\/www.africa-press.net\/burkina-faso\/politique\/securite-au-burkina-faso-deux-engins-explosifs-neutralises-dans-le-soum#article\",\"isPartOf\":{\"@id\":\"https:\/\/www.africa-press.net\/burkina-faso\/politique\/securite-au-burkina-faso-deux-engins-explosifs-neutralises-dans-le-soum\"},\"author\":{\"name\":\"cfeditorfr\",\"@id\":\"https:\/\/www.africa-press.net\/burkina-faso\/#\/schema\/person\/2b1cf3cd81a31e3cd26889ca66d677f1\"},\"headline\":\"Deux engins explosifs neutralis\u00e9s dans le Soum\",\"datePublished\":\"2021-05-11T14:15:14+00:00\",\"dateModified\":\"2021-05-11T15:03:02+00:00\",\"mainEntityOfPage\":{\"@id\":\"https:\/\/www.africa-press.net\/burkina-faso\/politique\/securite-au-burkina-faso-deux-engins-explosifs-neutralises-dans-le-soum\"},\"wordCount\":386,\"commentCount\":0,\"image\":{\"@id\":\"https:\/\/www.africa-press.net\/burkina-faso\/politique\/securite-au-burkina-faso-deux-engins-explosifs-neutralises-dans-le-soum#primaryimage\"},\"thumbnailUrl\":\"https:\/\/static.africa-press.net\/burkina\/sites\/42\/2021\/05\/img-609a887bc0895.jpg\",\"keywords\":[\"Africa Press\",\"Africa Press-Burkina Faso\",\"Burkina Faso\"],\"articleSection\":[\"homepage-french\",\"Politique\",\"Toutes les actualit\u00e9s\"],\"inLanguage\":\"fr-FR\",\"potentialAction\":[{\"@type\":\"CommentAction\",\"name\":\"Comment\",\"target\":[\"https:\/\/www.africa-press.net\/burkina-faso\/politique\/securite-au-burkina-faso-deux-engins-explosifs-neutralises-dans-le-soum#respond\"]}]},{\"@type\":\"WebPage\",\"@id\":\"https:\/\/www.africa-press.net\/burkina-faso\/politique\/securite-au-burkina-faso-deux-engins-explosifs-neutralises-dans-le-soum\",\"url\":\"https:\/\/www.africa-press.net\/burkina-faso\/politique\/securite-au-burkina-faso-deux-engins-explosifs-neutralises-dans-le-soum\",\"name\":\"Deux engins explosifs neutralis\u00e9s dans le Soum - Burkina Faso\",\"isPartOf\":{\"@id\":\"https:\/\/www.africa-press.net\/burkina-faso\/#website\"},\"primaryImageOfPage\":{\"@id\":\"https:\/\/www.africa-press.net\/burkina-faso\/politique\/securite-au-burkina-faso-deux-engins-explosifs-neutralises-dans-le-soum#primaryimage\"},\"image\":{\"@id\":\"https:\/\/www.africa-press.net\/burkina-faso\/politique\/securite-au-burkina-faso-deux-engins-explosifs-neutralises-dans-le-soum#primaryimage\"},\"thumbnailUrl\":\"https:\/\/static.africa-press.net\/burkina\/sites\/42\/2021\/05\/img-609a887bc0895.jpg\",\"datePublished\":\"2021-05-11T14:15:14+00:00\",\"dateModified\":\"2021-05-11T15:03:02+00:00\",\"author\":{\"@id\":\"https:\/\/www.africa-press.net\/burkina-faso\/#\/schema\/person\/2b1cf3cd81a31e3cd26889ca66d677f1\"},\"description\":\"Les Forces Arm\u00e9es Nationales(FAN) ont lanc\u00e9 une op\u00e9ration d\u2019envergure dans les r\u00e9gions du Nord et du Sahel d\u00e9nomm\u00e9e \u00abHOU ...\",\"breadcrumb\":{\"@id\":\"https:\/\/www.africa-press.net\/burkina-faso\/politique\/securite-au-burkina-faso-deux-engins-explosifs-neutralises-dans-le-soum#breadcrumb\"},\"inLanguage\":\"fr-FR\",\"potentialAction\":[{\"@type\":\"ReadAction\",\"target\":[\"https:\/\/www.africa-press.net\/burkina-faso\/politique\/securite-au-burkina-faso-deux-engins-explosifs-neutralises-dans-le-soum\"]}]},{\"@type\":\"ImageObject\",\"inLanguage\":\"fr-FR\",\"@id\":\"https:\/\/www.africa-press.net\/burkina-faso\/politique\/securite-au-burkina-faso-deux-engins-explosifs-neutralises-dans-le-soum#primaryimage\",\"url\":\"https:\/\/static.africa-press.net\/burkina\/sites\/42\/2021\/05\/img-609a887bc0895.jpg\",\"contentUrl\":\"https:\/\/static.africa-press.net\/burkina\/sites\/42\/2021\/05\/img-609a887bc0895.jpg\",\"width\":1024,\"height\":683,\"caption\":\"S\u00e9curit\u00e9 au Burkina Faso : Deux engins explosifs neutralis\u00e9s dans le Soum\"},{\"@type\":\"BreadcrumbList\",\"@id\":\"https:\/\/www.africa-press.net\/burkina-faso\/politique\/securite-au-burkina-faso-deux-engins-explosifs-neutralises-dans-le-soum#breadcrumb\",\"itemListElement\":[{\"@type\":\"ListItem\",\"position\":1,\"name\":\"Accueil\",\"item\":\"https:\/\/www.africa-press.net\/burkina-faso\/\"},{\"@type\":\"ListItem\",\"position\":2,\"name\":\"Deux engins explosifs neutralis\u00e9s dans le Soum\"}]},{\"@type\":\"WebSite\",\"@id\":\"https:\/\/www.africa-press.net\/burkina-faso\/#website\",\"url\":\"https:\/\/www.africa-press.net\/burkina-faso\/\",\"name\":\"Burkina Faso\",\"description\":\"Just another Africa News Agency Sites site\",\"potentialAction\":[{\"@type\":\"SearchAction\",\"target\":{\"@type\":\"EntryPoint\",\"urlTemplate\":\"https:\/\/www.africa-press.net\/burkina-faso\/?s={search_term_string}\"},\"query-input\":{\"@type\":\"PropertyValueSpecification\",\"valueRequired\":true,\"valueName\":\"search_term_string\"}}],\"inLanguage\":\"fr-FR\"},{\"@type\":\"Person\",\"@id\":\"https:\/\/www.africa-press.net\/burkina-faso\/#\/schema\/person\/2b1cf3cd81a31e3cd26889ca66d677f1\",\"name\":\"cfeditorfr\"}]}<\/script>\n<!-- \/ Yoast SEO Premium plugin. -->","yoast_head_json":{"title":"Deux engins explosifs neutralis\u00e9s dans le Soum - Burkina Faso","description":"Les Forces Arm\u00e9es Nationales(FAN) ont lanc\u00e9 une op\u00e9ration d\u2019envergure dans les r\u00e9gions du Nord et du Sahel d\u00e9nomm\u00e9e \u00abHOU ...","robots":{"index":"index","follow":"follow","max-snippet":"max-snippet:-1","max-image-preview":"max-image-preview:large","max-video-preview":"max-video-preview:-1"},"canonical":"https:\/\/www.africa-press.net\/burkina-faso\/politique\/securite-au-burkina-faso-deux-engins-explosifs-neutralises-dans-le-soum","og_locale":"fr_FR","og_type":"article","og_title":"Deux engins explosifs neutralis\u00e9s dans le Soum","og_description":"Les Forces Arm\u00e9es Nationales(FAN) ont lanc\u00e9 une op\u00e9ration d\u2019envergure dans les r\u00e9gions du Nord et du Sahel d\u00e9nomm\u00e9e \u00abHOU ...","og_url":"https:\/\/www.africa-press.net\/burkina-faso\/politique\/securite-au-burkina-faso-deux-engins-explosifs-neutralises-dans-le-soum","og_site_name":"Burkina Faso","article_published_time":"2021-05-11T14:15:14+00:00","article_modified_time":"2021-05-11T15:03:02+00:00","og_image":[{"width":1024,"height":683,"url":"https:\/\/static.africa-press.net\/burkina\/sites\/42\/2021\/05\/img-609a887bc0895.jpg","type":"image\/jpeg"}],"author":"cfeditorfr","twitter_card":"summary_large_image","twitter_misc":{"\u00c9crit par":"cfeditorfr","Dur\u00e9e de lecture estim\u00e9e":"2 minutes"},"schema":{"@context":"https:\/\/schema.org","@graph":[{"@type":"Article","@id":"https:\/\/www.africa-press.net\/burkina-faso\/politique\/securite-au-burkina-faso-deux-engins-explosifs-neutralises-dans-le-soum#article","isPartOf":{"@id":"https:\/\/www.africa-press.net\/burkina-faso\/politique\/securite-au-burkina-faso-deux-engins-explosifs-neutralises-dans-le-soum"},"author":{"name":"cfeditorfr","@id":"https:\/\/www.africa-press.net\/burkina-faso\/#\/schema\/person\/2b1cf3cd81a31e3cd26889ca66d677f1"},"headline":"Deux engins explosifs neutralis\u00e9s dans le Soum","datePublished":"2021-05-11T14:15:14+00:00","dateModified":"2021-05-11T15:03:02+00:00","mainEntityOfPage":{"@id":"https:\/\/www.africa-press.net\/burkina-faso\/politique\/securite-au-burkina-faso-deux-engins-explosifs-neutralises-dans-le-soum"},"wordCount":386,"commentCount":0,"image":{"@id":"https:\/\/www.africa-press.net\/burkina-faso\/politique\/securite-au-burkina-faso-deux-engins-explosifs-neutralises-dans-le-soum#primaryimage"},"thumbnailUrl":"https:\/\/static.africa-press.net\/burkina\/sites\/42\/2021\/05\/img-609a887bc0895.jpg","keywords":["Africa Press","Africa Press-Burkina Faso","Burkina Faso"],"articleSection":["homepage-french","Politique","Toutes les actualit\u00e9s"],"inLanguage":"fr-FR","potentialAction":[{"@type":"CommentAction","name":"Comment","target":["https:\/\/www.africa-press.net\/burkina-faso\/politique\/securite-au-burkina-faso-deux-engins-explosifs-neutralises-dans-le-soum#respond"]}]},{"@type":"WebPage","@id":"https:\/\/www.africa-press.net\/burkina-faso\/politique\/securite-au-burkina-faso-deux-engins-explosifs-neutralises-dans-le-soum","url":"https:\/\/www.africa-press.net\/burkina-faso\/politique\/securite-au-burkina-faso-deux-engins-explosifs-neutralises-dans-le-soum","name":"Deux engins explosifs neutralis\u00e9s dans le Soum - Burkina Faso","isPartOf":{"@id":"https:\/\/www.africa-press.net\/burkina-faso\/#website"},"primaryImageOfPage":{"@id":"https:\/\/www.africa-press.net\/burkina-faso\/politique\/securite-au-burkina-faso-deux-engins-explosifs-neutralises-dans-le-soum#primaryimage"},"image":{"@id":"https:\/\/www.africa-press.net\/burkina-faso\/politique\/securite-au-burkina-faso-deux-engins-explosifs-neutralises-dans-le-soum#primaryimage"},"thumbnailUrl":"https:\/\/static.africa-press.net\/burkina\/sites\/42\/2021\/05\/img-609a887bc0895.jpg","datePublished":"2021-05-11T14:15:14+00:00","dateModified":"2021-05-11T15:03:02+00:00","author":{"@id":"https:\/\/www.africa-press.net\/burkina-faso\/#\/schema\/person\/2b1cf3cd81a31e3cd26889ca66d677f1"},"description":"Les Forces Arm\u00e9es Nationales(FAN) ont lanc\u00e9 une op\u00e9ration d\u2019envergure dans les r\u00e9gions du Nord et du Sahel d\u00e9nomm\u00e9e \u00abHOU ...","breadcrumb":{"@id":"https:\/\/www.africa-press.net\/burkina-faso\/politique\/securite-au-burkina-faso-deux-engins-explosifs-neutralises-dans-le-soum#breadcrumb"},"inLanguage":"fr-FR","potentialAction":[{"@type":"ReadAction","target":["https:\/\/www.africa-press.net\/burkina-faso\/politique\/securite-au-burkina-faso-deux-engins-explosifs-neutralises-dans-le-soum"]}]},{"@type":"ImageObject","inLanguage":"fr-FR","@id":"https:\/\/www.africa-press.net\/burkina-faso\/politique\/securite-au-burkina-faso-deux-engins-explosifs-neutralises-dans-le-soum#primaryimage","url":"https:\/\/static.africa-press.net\/burkina\/sites\/42\/2021\/05\/img-609a887bc0895.jpg","contentUrl":"https:\/\/static.africa-press.net\/burkina\/sites\/42\/2021\/05\/img-609a887bc0895.jpg","width":1024,"height":683,"caption":"S\u00e9curit\u00e9 au Burkina Faso : Deux engins explosifs neutralis\u00e9s dans le Soum"},{"@type":"BreadcrumbList","@id":"https:\/\/www.africa-press.net\/burkina-faso\/politique\/securite-au-burkina-faso-deux-engins-explosifs-neutralises-dans-le-soum#breadcrumb","itemListElement":[{"@type":"ListItem","position":1,"name":"Accueil","item":"https:\/\/www.africa-press.net\/burkina-faso\/"},{"@type":"ListItem","position":2,"name":"Deux engins explosifs neutralis\u00e9s dans le Soum"}]},{"@type":"WebSite","@id":"https:\/\/www.africa-press.net\/burkina-faso\/#website","url":"https:\/\/www.africa-press.net\/burkina-faso\/","name":"Burkina Faso","description":"Just another Africa News Agency Sites site","potentialAction":[{"@type":"SearchAction","target":{"@type":"EntryPoint","urlTemplate":"https:\/\/www.africa-press.net\/burkina-faso\/?s={search_term_string}"},"query-input":{"@type":"PropertyValueSpecification","valueRequired":true,"valueName":"search_term_string"}}],"inLanguage":"fr-FR"},{"@type":"Person","@id":"https:\/\/www.africa-press.net\/burkina-faso\/#\/schema\/person\/2b1cf3cd81a31e3cd26889ca66d677f1","name":"cfeditorfr"}]}},"_links":{"self":[{"href":"https:\/\/www.africa-press.net\/burkina-faso\/wp-json\/wp\/v2\/posts\/11687","targetHints":{"allow":["GET"]}}],"collection":[{"href":"https:\/\/www.africa-press.net\/burkina-faso\/wp-json\/wp\/v2\/posts"}],"about":[{"href":"https:\/\/www.africa-press.net\/burkina-faso\/wp-json\/wp\/v2\/types\/post"}],"author":[{"embeddable":true,"href":"https:\/\/www.africa-press.net\/burkina-faso\/wp-json\/wp\/v2\/users\/82"}],"replies":[{"embeddable":true,"href":"https:\/\/www.africa-press.net\/burkina-faso\/wp-json\/wp\/v2\/comments?post=11687"}],"version-history":[{"count":0,"href":"https:\/\/www.africa-press.net\/burkina-faso\/wp-json\/wp\/v2\/posts\/11687\/revisions"}],"wp:featuredmedia":[{"embeddable":true,"href":"https:\/\/www.africa-press.net\/burkina-faso\/wp-json\/wp\/v2\/media\/11686"}],"wp:attachment":[{"href":"https:\/\/www.africa-press.net\/burkina-faso\/wp-json\/wp\/v2\/media?parent=11687"}],"wp:term":[{"taxonomy":"category","embeddable":true,"href":"https:\/\/www.africa-press.net\/burkina-faso\/wp-json\/wp\/v2\/categories?post=11687"},{"taxonomy":"post_tag","embeddable":true,"href":"https:\/\/www.africa-press.net\/burkina-faso\/wp-json\/wp\/v2\/tags?post=11687"}],"curies":[{"name":"wp","href":"https:\/\/api.w.org\/{rel}","templated":true}]}}