{"id":11690,"date":"2021-05-11T14:22:55","date_gmt":"2021-05-11T14:22:55","guid":{"rendered":"https:\/\/www.africa-press.net\/burkina-faso\/?p=11690"},"modified":"2021-05-11T15:03:32","modified_gmt":"2021-05-11T15:03:32","slug":"burkina-faso-loperation-houne-tonne-dans-le-nord-et-le-sahel","status":"publish","type":"post","link":"https:\/\/www.africa-press.net\/burkina-faso\/politique\/burkina-faso-loperation-houne-tonne-dans-le-nord-et-le-sahel","title":{"rendered":"L\u2019op\u00e9ration \u201cHoun\u00e9\u201d tonne dans le Nord et le Sahel"},"content":{"rendered":"<p><span style=\"color: #ff6600\"><strong><a href=\"https:\/\/www.africa-press.net\/\">Africa-Press<\/a> &#8211; <a href=\"https:\/\/www.africa-press.net\/burkina-faso\">Burkina Faso<\/a>. <\/strong><\/span>Dans le cadre de la lutte contre le terrorisme, l\u2019arm\u00e9e nationale burkinab\u00e8 a lanc\u00e9 une op\u00e9ration militaire d\u2019envergure dans le Nord et le Sahel. Elle se nomme \u201cHoun\u00e9\u201d, \u201cdignit\u00e9\u201d en langue fulfuld\u00e9. L\u2019op\u00e9ration est en cours depuis le 5 mai 2021, mais sans grand tapage. Elle est nomm\u00e9e \u201cHoun\u00e9\u201d, qui signifie \u201cdignit\u00e9\u201d en langue fulfuld\u00e9.<\/p>\n<p>Les unit\u00e9s conventionnelles et sp\u00e9ciales de l\u2019Arm\u00e9e de terre, l\u2019Arm\u00e9e de l\u2019Air et de la Gendarmerie Nationale sont mobilis\u00e9es pour atteindre trois r\u00e9sultats pr\u00e9cis : \u201cneutraliser les Groupes Arm\u00e9s Terroristes qui s\u00e9vissent dans la zone\u201c, \u201cs\u00e9curiser et rassurer les populations\u201d et \u201cr\u00e9affirmer l\u2019autorit\u00e9 de l\u2019Etat\u201d. Les actions sont men\u00e9es dans les r\u00e9gions du Nord et du Sahel.<\/p>\n<p>A la date du 10 mai 2021, selon les informations de Burkina24, le bilan partiel de l\u2019op\u00e9ration, qui est toujours en cours, est d\u2019environ une vingtaine de terroristes \u201cneutralis\u00e9s\u201d, quatre de leurs bases d\u00e9mantel\u00e9es ainsi que du mat\u00e9riel saisi, dont notamment des armes, des munitions.<\/p>\n<p>Apr\u00e8s \u201cDoofu\u201d et \u201cOtapuanu\u201d en avril et mai 2019 men\u00e9es dans les r\u00e9gions du Nord, du Sahel et de l\u2019Est, \u201cHoun\u00e9\u201d est l\u2019une des op\u00e9rations militaires d\u2019envergure lanc\u00e9es contre les groupes arm\u00e9s terroristes qui essaiment au Burkina Faso. De r\u00e9centes vid\u00e9os virulentes sur les r\u00e9seaux sociaux montraient des hordes de terroristes qui circulaient dans certaines r\u00e9gions du Burkina Faso. Des attaques et exactions contre les populations civiles avaient \u00e9galement un regain ces derni\u00e8res semaines.<\/p>\n","protected":false},"excerpt":{"rendered":"<p>Africa-Press &#8211; Burkina Faso. Dans le cadre de la lutte contre le terrorisme, l\u2019arm\u00e9e nationale burkinab\u00e8 a lanc\u00e9 une op\u00e9ration militaire d\u2019envergure dans le Nord et le Sahel. Elle se nomme \u201cHoun\u00e9\u201d, \u201cdignit\u00e9\u201d en langue fulfuld\u00e9. L\u2019op\u00e9ration est en cours depuis le 5 mai 2021, mais sans grand tapage. Elle est nomm\u00e9e \u201cHoun\u00e9\u201d, qui signifie [&hellip;]<\/p>\n","protected":false},"author":82,"featured_media":11689,"comment_status":"open","ping_status":"closed","sticky":false,"template":"","format":"standard","meta":{"footnotes":""},"categories":[11,2,10],"tags":[111,725,29],"class_list":["post-11690","post","type-post","status-publish","format-standard","has-post-thumbnail","hentry","category-homepage-french","category-politique","category-toutes-les-actualites","tag-africa-press","tag-africa-press-burkina-faso","tag-burkina-faso"],"yoast_head":"<!-- This site is optimized with the Yoast SEO Premium plugin v26.1 (Yoast SEO v27.0) - https:\/\/yoast.com\/product\/yoast-seo-premium-wordpress\/ -->\n<title>L\u2019op\u00e9ration \u201cHoun\u00e9\u201d tonne dans le Nord et le Sahel - Burkina Faso<\/title>\n<meta name=\"description\" content=\"Dans le cadre de la lutte contre le terrorisme, l\u2019arm\u00e9e nationale burkinab\u00e8 a lanc\u00e9 une op\u00e9ration militaire d\u2019envergure ...\" \/>\n<meta name=\"robots\" content=\"index, follow, max-snippet:-1, max-image-preview:large, max-video-preview:-1\" \/>\n<link rel=\"canonical\" href=\"https:\/\/www.africa-press.net\/burkina-faso\/politique\/burkina-faso-loperation-houne-tonne-dans-le-nord-et-le-sahel\" \/>\n<meta property=\"og:locale\" content=\"fr_FR\" \/>\n<meta property=\"og:type\" content=\"article\" \/>\n<meta property=\"og:title\" content=\"L\u2019op\u00e9ration \u201cHoun\u00e9\u201d tonne dans le Nord et le Sahel\" \/>\n<meta property=\"og:description\" content=\"Dans le cadre de la lutte contre le terrorisme, l\u2019arm\u00e9e nationale burkinab\u00e8 a lanc\u00e9 une op\u00e9ration militaire d\u2019envergure ...\" \/>\n<meta property=\"og:url\" content=\"https:\/\/www.africa-press.net\/burkina-faso\/politique\/burkina-faso-loperation-houne-tonne-dans-le-nord-et-le-sahel\" \/>\n<meta property=\"og:site_name\" content=\"Burkina Faso\" \/>\n<meta property=\"article:published_time\" content=\"2021-05-11T14:22:55+00:00\" \/>\n<meta property=\"article:modified_time\" content=\"2021-05-11T15:03:32+00:00\" \/>\n<meta property=\"og:image\" content=\"https:\/\/static.africa-press.net\/burkina\/sites\/42\/2021\/05\/img-609a88a51c341.jpg\" \/>\n\t<meta property=\"og:image:width\" content=\"1024\" \/>\n\t<meta property=\"og:image:height\" content=\"683\" \/>\n\t<meta property=\"og:image:type\" content=\"image\/jpeg\" \/>\n<meta name=\"author\" content=\"cfeditorfr\" \/>\n<meta name=\"twitter:card\" content=\"summary_large_image\" \/>\n<meta name=\"twitter:label1\" content=\"\u00c9crit par\" \/>\n\t<meta name=\"twitter:data1\" content=\"cfeditorfr\" \/>\n\t<meta name=\"twitter:label2\" content=\"Dur\u00e9e de lecture estim\u00e9e\" \/>\n\t<meta name=\"twitter:data2\" content=\"1 minute\" \/>\n<script type=\"application\/ld+json\" class=\"yoast-schema-graph\">{\"@context\":\"https:\/\/schema.org\",\"@graph\":[{\"@type\":\"Article\",\"@id\":\"https:\/\/www.africa-press.net\/burkina-faso\/politique\/burkina-faso-loperation-houne-tonne-dans-le-nord-et-le-sahel#article\",\"isPartOf\":{\"@id\":\"https:\/\/www.africa-press.net\/burkina-faso\/politique\/burkina-faso-loperation-houne-tonne-dans-le-nord-et-le-sahel\"},\"author\":{\"name\":\"cfeditorfr\",\"@id\":\"https:\/\/www.africa-press.net\/burkina-faso\/#\/schema\/person\/2b1cf3cd81a31e3cd26889ca66d677f1\"},\"headline\":\"L\u2019op\u00e9ration \u201cHoun\u00e9\u201d tonne dans le Nord et le Sahel\",\"datePublished\":\"2021-05-11T14:22:55+00:00\",\"dateModified\":\"2021-05-11T15:03:32+00:00\",\"mainEntityOfPage\":{\"@id\":\"https:\/\/www.africa-press.net\/burkina-faso\/politique\/burkina-faso-loperation-houne-tonne-dans-le-nord-et-le-sahel\"},\"wordCount\":286,\"commentCount\":0,\"image\":{\"@id\":\"https:\/\/www.africa-press.net\/burkina-faso\/politique\/burkina-faso-loperation-houne-tonne-dans-le-nord-et-le-sahel#primaryimage\"},\"thumbnailUrl\":\"https:\/\/static.africa-press.net\/burkina\/sites\/42\/2021\/05\/img-609a88a51c341.jpg\",\"keywords\":[\"Africa Press\",\"Africa Press-Burkina Faso\",\"Burkina Faso\"],\"articleSection\":[\"homepage-french\",\"Politique\",\"Toutes les actualit\u00e9s\"],\"inLanguage\":\"fr-FR\",\"potentialAction\":[{\"@type\":\"CommentAction\",\"name\":\"Comment\",\"target\":[\"https:\/\/www.africa-press.net\/burkina-faso\/politique\/burkina-faso-loperation-houne-tonne-dans-le-nord-et-le-sahel#respond\"]}]},{\"@type\":\"WebPage\",\"@id\":\"https:\/\/www.africa-press.net\/burkina-faso\/politique\/burkina-faso-loperation-houne-tonne-dans-le-nord-et-le-sahel\",\"url\":\"https:\/\/www.africa-press.net\/burkina-faso\/politique\/burkina-faso-loperation-houne-tonne-dans-le-nord-et-le-sahel\",\"name\":\"L\u2019op\u00e9ration \u201cHoun\u00e9\u201d tonne dans le Nord et le Sahel - Burkina Faso\",\"isPartOf\":{\"@id\":\"https:\/\/www.africa-press.net\/burkina-faso\/#website\"},\"primaryImageOfPage\":{\"@id\":\"https:\/\/www.africa-press.net\/burkina-faso\/politique\/burkina-faso-loperation-houne-tonne-dans-le-nord-et-le-sahel#primaryimage\"},\"image\":{\"@id\":\"https:\/\/www.africa-press.net\/burkina-faso\/politique\/burkina-faso-loperation-houne-tonne-dans-le-nord-et-le-sahel#primaryimage\"},\"thumbnailUrl\":\"https:\/\/static.africa-press.net\/burkina\/sites\/42\/2021\/05\/img-609a88a51c341.jpg\",\"datePublished\":\"2021-05-11T14:22:55+00:00\",\"dateModified\":\"2021-05-11T15:03:32+00:00\",\"author\":{\"@id\":\"https:\/\/www.africa-press.net\/burkina-faso\/#\/schema\/person\/2b1cf3cd81a31e3cd26889ca66d677f1\"},\"description\":\"Dans le cadre de la lutte contre le terrorisme, l\u2019arm\u00e9e nationale burkinab\u00e8 a lanc\u00e9 une op\u00e9ration militaire d\u2019envergure ...\",\"breadcrumb\":{\"@id\":\"https:\/\/www.africa-press.net\/burkina-faso\/politique\/burkina-faso-loperation-houne-tonne-dans-le-nord-et-le-sahel#breadcrumb\"},\"inLanguage\":\"fr-FR\",\"potentialAction\":[{\"@type\":\"ReadAction\",\"target\":[\"https:\/\/www.africa-press.net\/burkina-faso\/politique\/burkina-faso-loperation-houne-tonne-dans-le-nord-et-le-sahel\"]}]},{\"@type\":\"ImageObject\",\"inLanguage\":\"fr-FR\",\"@id\":\"https:\/\/www.africa-press.net\/burkina-faso\/politique\/burkina-faso-loperation-houne-tonne-dans-le-nord-et-le-sahel#primaryimage\",\"url\":\"https:\/\/static.africa-press.net\/burkina\/sites\/42\/2021\/05\/img-609a88a51c341.jpg\",\"contentUrl\":\"https:\/\/static.africa-press.net\/burkina\/sites\/42\/2021\/05\/img-609a88a51c341.jpg\",\"width\":1024,\"height\":683,\"caption\":\"Burkina Faso : L\u2019op\u00e9ration \u201cHoun\u00e9\u201d tonne dans le Nord et le Sahel\"},{\"@type\":\"BreadcrumbList\",\"@id\":\"https:\/\/www.africa-press.net\/burkina-faso\/politique\/burkina-faso-loperation-houne-tonne-dans-le-nord-et-le-sahel#breadcrumb\",\"itemListElement\":[{\"@type\":\"ListItem\",\"position\":1,\"name\":\"Accueil\",\"item\":\"https:\/\/www.africa-press.net\/burkina-faso\/\"},{\"@type\":\"ListItem\",\"position\":2,\"name\":\"L\u2019op\u00e9ration \u201cHoun\u00e9\u201d tonne dans le Nord et le Sahel\"}]},{\"@type\":\"WebSite\",\"@id\":\"https:\/\/www.africa-press.net\/burkina-faso\/#website\",\"url\":\"https:\/\/www.africa-press.net\/burkina-faso\/\",\"name\":\"Burkina Faso\",\"description\":\"Just another Africa News Agency Sites site\",\"potentialAction\":[{\"@type\":\"SearchAction\",\"target\":{\"@type\":\"EntryPoint\",\"urlTemplate\":\"https:\/\/www.africa-press.net\/burkina-faso\/?s={search_term_string}\"},\"query-input\":{\"@type\":\"PropertyValueSpecification\",\"valueRequired\":true,\"valueName\":\"search_term_string\"}}],\"inLanguage\":\"fr-FR\"},{\"@type\":\"Person\",\"@id\":\"https:\/\/www.africa-press.net\/burkina-faso\/#\/schema\/person\/2b1cf3cd81a31e3cd26889ca66d677f1\",\"name\":\"cfeditorfr\"}]}<\/script>\n<!-- \/ Yoast SEO Premium plugin. -->","yoast_head_json":{"title":"L\u2019op\u00e9ration \u201cHoun\u00e9\u201d tonne dans le Nord et le Sahel - Burkina Faso","description":"Dans le cadre de la lutte contre le terrorisme, l\u2019arm\u00e9e nationale burkinab\u00e8 a lanc\u00e9 une op\u00e9ration militaire d\u2019envergure ...","robots":{"index":"index","follow":"follow","max-snippet":"max-snippet:-1","max-image-preview":"max-image-preview:large","max-video-preview":"max-video-preview:-1"},"canonical":"https:\/\/www.africa-press.net\/burkina-faso\/politique\/burkina-faso-loperation-houne-tonne-dans-le-nord-et-le-sahel","og_locale":"fr_FR","og_type":"article","og_title":"L\u2019op\u00e9ration \u201cHoun\u00e9\u201d tonne dans le Nord et le Sahel","og_description":"Dans le cadre de la lutte contre le terrorisme, l\u2019arm\u00e9e nationale burkinab\u00e8 a lanc\u00e9 une op\u00e9ration militaire d\u2019envergure ...","og_url":"https:\/\/www.africa-press.net\/burkina-faso\/politique\/burkina-faso-loperation-houne-tonne-dans-le-nord-et-le-sahel","og_site_name":"Burkina Faso","article_published_time":"2021-05-11T14:22:55+00:00","article_modified_time":"2021-05-11T15:03:32+00:00","og_image":[{"width":1024,"height":683,"url":"https:\/\/static.africa-press.net\/burkina\/sites\/42\/2021\/05\/img-609a88a51c341.jpg","type":"image\/jpeg"}],"author":"cfeditorfr","twitter_card":"summary_large_image","twitter_misc":{"\u00c9crit par":"cfeditorfr","Dur\u00e9e de lecture estim\u00e9e":"1 minute"},"schema":{"@context":"https:\/\/schema.org","@graph":[{"@type":"Article","@id":"https:\/\/www.africa-press.net\/burkina-faso\/politique\/burkina-faso-loperation-houne-tonne-dans-le-nord-et-le-sahel#article","isPartOf":{"@id":"https:\/\/www.africa-press.net\/burkina-faso\/politique\/burkina-faso-loperation-houne-tonne-dans-le-nord-et-le-sahel"},"author":{"name":"cfeditorfr","@id":"https:\/\/www.africa-press.net\/burkina-faso\/#\/schema\/person\/2b1cf3cd81a31e3cd26889ca66d677f1"},"headline":"L\u2019op\u00e9ration \u201cHoun\u00e9\u201d tonne dans le Nord et le Sahel","datePublished":"2021-05-11T14:22:55+00:00","dateModified":"2021-05-11T15:03:32+00:00","mainEntityOfPage":{"@id":"https:\/\/www.africa-press.net\/burkina-faso\/politique\/burkina-faso-loperation-houne-tonne-dans-le-nord-et-le-sahel"},"wordCount":286,"commentCount":0,"image":{"@id":"https:\/\/www.africa-press.net\/burkina-faso\/politique\/burkina-faso-loperation-houne-tonne-dans-le-nord-et-le-sahel#primaryimage"},"thumbnailUrl":"https:\/\/static.africa-press.net\/burkina\/sites\/42\/2021\/05\/img-609a88a51c341.jpg","keywords":["Africa Press","Africa Press-Burkina Faso","Burkina Faso"],"articleSection":["homepage-french","Politique","Toutes les actualit\u00e9s"],"inLanguage":"fr-FR","potentialAction":[{"@type":"CommentAction","name":"Comment","target":["https:\/\/www.africa-press.net\/burkina-faso\/politique\/burkina-faso-loperation-houne-tonne-dans-le-nord-et-le-sahel#respond"]}]},{"@type":"WebPage","@id":"https:\/\/www.africa-press.net\/burkina-faso\/politique\/burkina-faso-loperation-houne-tonne-dans-le-nord-et-le-sahel","url":"https:\/\/www.africa-press.net\/burkina-faso\/politique\/burkina-faso-loperation-houne-tonne-dans-le-nord-et-le-sahel","name":"L\u2019op\u00e9ration \u201cHoun\u00e9\u201d tonne dans le Nord et le Sahel - Burkina Faso","isPartOf":{"@id":"https:\/\/www.africa-press.net\/burkina-faso\/#website"},"primaryImageOfPage":{"@id":"https:\/\/www.africa-press.net\/burkina-faso\/politique\/burkina-faso-loperation-houne-tonne-dans-le-nord-et-le-sahel#primaryimage"},"image":{"@id":"https:\/\/www.africa-press.net\/burkina-faso\/politique\/burkina-faso-loperation-houne-tonne-dans-le-nord-et-le-sahel#primaryimage"},"thumbnailUrl":"https:\/\/static.africa-press.net\/burkina\/sites\/42\/2021\/05\/img-609a88a51c341.jpg","datePublished":"2021-05-11T14:22:55+00:00","dateModified":"2021-05-11T15:03:32+00:00","author":{"@id":"https:\/\/www.africa-press.net\/burkina-faso\/#\/schema\/person\/2b1cf3cd81a31e3cd26889ca66d677f1"},"description":"Dans le cadre de la lutte contre le terrorisme, l\u2019arm\u00e9e nationale burkinab\u00e8 a lanc\u00e9 une op\u00e9ration militaire d\u2019envergure ...","breadcrumb":{"@id":"https:\/\/www.africa-press.net\/burkina-faso\/politique\/burkina-faso-loperation-houne-tonne-dans-le-nord-et-le-sahel#breadcrumb"},"inLanguage":"fr-FR","potentialAction":[{"@type":"ReadAction","target":["https:\/\/www.africa-press.net\/burkina-faso\/politique\/burkina-faso-loperation-houne-tonne-dans-le-nord-et-le-sahel"]}]},{"@type":"ImageObject","inLanguage":"fr-FR","@id":"https:\/\/www.africa-press.net\/burkina-faso\/politique\/burkina-faso-loperation-houne-tonne-dans-le-nord-et-le-sahel#primaryimage","url":"https:\/\/static.africa-press.net\/burkina\/sites\/42\/2021\/05\/img-609a88a51c341.jpg","contentUrl":"https:\/\/static.africa-press.net\/burkina\/sites\/42\/2021\/05\/img-609a88a51c341.jpg","width":1024,"height":683,"caption":"Burkina Faso : L\u2019op\u00e9ration \u201cHoun\u00e9\u201d tonne dans le Nord et le Sahel"},{"@type":"BreadcrumbList","@id":"https:\/\/www.africa-press.net\/burkina-faso\/politique\/burkina-faso-loperation-houne-tonne-dans-le-nord-et-le-sahel#breadcrumb","itemListElement":[{"@type":"ListItem","position":1,"name":"Accueil","item":"https:\/\/www.africa-press.net\/burkina-faso\/"},{"@type":"ListItem","position":2,"name":"L\u2019op\u00e9ration \u201cHoun\u00e9\u201d tonne dans le Nord et le Sahel"}]},{"@type":"WebSite","@id":"https:\/\/www.africa-press.net\/burkina-faso\/#website","url":"https:\/\/www.africa-press.net\/burkina-faso\/","name":"Burkina Faso","description":"Just another Africa News Agency Sites site","potentialAction":[{"@type":"SearchAction","target":{"@type":"EntryPoint","urlTemplate":"https:\/\/www.africa-press.net\/burkina-faso\/?s={search_term_string}"},"query-input":{"@type":"PropertyValueSpecification","valueRequired":true,"valueName":"search_term_string"}}],"inLanguage":"fr-FR"},{"@type":"Person","@id":"https:\/\/www.africa-press.net\/burkina-faso\/#\/schema\/person\/2b1cf3cd81a31e3cd26889ca66d677f1","name":"cfeditorfr"}]}},"_links":{"self":[{"href":"https:\/\/www.africa-press.net\/burkina-faso\/wp-json\/wp\/v2\/posts\/11690","targetHints":{"allow":["GET"]}}],"collection":[{"href":"https:\/\/www.africa-press.net\/burkina-faso\/wp-json\/wp\/v2\/posts"}],"about":[{"href":"https:\/\/www.africa-press.net\/burkina-faso\/wp-json\/wp\/v2\/types\/post"}],"author":[{"embeddable":true,"href":"https:\/\/www.africa-press.net\/burkina-faso\/wp-json\/wp\/v2\/users\/82"}],"replies":[{"embeddable":true,"href":"https:\/\/www.africa-press.net\/burkina-faso\/wp-json\/wp\/v2\/comments?post=11690"}],"version-history":[{"count":0,"href":"https:\/\/www.africa-press.net\/burkina-faso\/wp-json\/wp\/v2\/posts\/11690\/revisions"}],"wp:featuredmedia":[{"embeddable":true,"href":"https:\/\/www.africa-press.net\/burkina-faso\/wp-json\/wp\/v2\/media\/11689"}],"wp:attachment":[{"href":"https:\/\/www.africa-press.net\/burkina-faso\/wp-json\/wp\/v2\/media?parent=11690"}],"wp:term":[{"taxonomy":"category","embeddable":true,"href":"https:\/\/www.africa-press.net\/burkina-faso\/wp-json\/wp\/v2\/categories?post=11690"},{"taxonomy":"post_tag","embeddable":true,"href":"https:\/\/www.africa-press.net\/burkina-faso\/wp-json\/wp\/v2\/tags?post=11690"}],"curies":[{"name":"wp","href":"https:\/\/api.w.org\/{rel}","templated":true}]}}