{"id":11693,"date":"2021-05-11T14:29:34","date_gmt":"2021-05-11T14:29:34","guid":{"rendered":"https:\/\/www.africa-press.net\/burkina-faso\/?p=11693"},"modified":"2021-05-11T13:38:46","modified_gmt":"2021-05-11T13:38:46","slug":"fonds-minier-de-developpement-local-les-acteurs-en-conclave-a-ouagadougou","status":"publish","type":"post","link":"https:\/\/www.africa-press.net\/burkina-faso\/economie\/fonds-minier-de-developpement-local-les-acteurs-en-conclave-a-ouagadougou","title":{"rendered":"Fonds minier de d\u00e9veloppement local\u00a0: Les acteurs en conclave \u00e0 Ouagadougou"},"content":{"rendered":"<p><span style=\"color: #ff6600\"><strong><a href=\"https:\/\/www.africa-press.net\/\">Africa-Press<\/a> &#8211; <a href=\"https:\/\/www.africa-press.net\/burkina-faso\">Burkina Faso<\/a>. <\/strong><\/span>La chambre des mines du Burkina Faso en collaboration avec le Laboratoire Citoyennet\u00e9s organisent un atelier d\u2019\u00e9change sur le Fonds minier de d\u00e9veloppement local du 10 au 11 mai 2021 \u00e0 Ouagadougou. Une rencontre qui r\u00e9unit les soci\u00e9t\u00e9s mini\u00e8res, les repr\u00e9sentants des minist\u00e8res, des \u00e9lus locaux, la soci\u00e9t\u00e9 civile et des acteurs miniers.<\/p>\n<p>Le Burkina Faso compte en 2020, 17 mines dont 16 en or et une en zinc, et 26 carri\u00e8res de substances utiles en exploitation. L\u2019impact du secteur minier en termes d\u2019apport au budget de l\u2019Etat est estim\u00e9 \u00e0 plus de 275 milliards FCFA en 2019 et contribue au PIB \u00e0 plus de 10%.<\/p>\n<p>En effet, afin d\u2019accroitre la contribution des mines au d\u00e9veloppement local, la loi du 26 juin 2015 portant code minier de d\u00e9veloppement local a \u00e9t\u00e9 adopt\u00e9e avec la mise en place d\u2019un fonds.<\/p>\n<p>Ainsi, avec l\u2019op\u00e9rationnalisation du fonds minier de d\u00e9veloppement local (FMDL) en 2019, ce sont plus de 70 milliards de FCFA qui ont \u00e9t\u00e9 collect\u00e9s et r\u00e9partis entre 351 communes du Burkina Faso.<\/p>\n<p>En vue de contribuer \u00e0 l\u2019atteinte des objectifs du FMDL et assurer une bonne coordination entre les acteurs impliqu\u00e9s, la Chambre des mines du Burkina Faso, en partenariat avec le laboratoire citoyennet\u00e9s, organisent une rencontre de concertation entre les diff\u00e9rents acteurs miniers.<\/p>\n<p>L\u2019objectif est de r\u00e9unir autour d\u2019une m\u00eame table, l\u2019administration publique, les soci\u00e9t\u00e9s mini\u00e8res et des carri\u00e8res, les \u00e9lus locaux et les organisations de la soci\u00e9t\u00e9 civile pour \u00e9changer sur \u00ab comment utiliser ces ressources pour am\u00e9liorer le quotidien des communaut\u00e9s impact\u00e9es par l\u2019exploitation mini\u00e8re et partant toute la communaut\u00e9 nationale \u00bb.<\/p>\n<p>Egalement, de rappeler les r\u00f4les et les responsabilit\u00e9s respectifs des diff\u00e9rents acteurs pour l\u2019atteinte des objectifs du FMDL et \u00e9changer sur les meilleures pratiques en mati\u00e8re de d\u00e9veloppement local dans le contexte du FMDL.<\/p>\n<p>Le pr\u00e9sident de la Chambre des mines du Burkina Faso, Tidiane Barry, s\u2019est r\u00e9joui de la tenue de cette rencontre. \u00ab En initiant cette rencontre, la Chambre des mines et son partenaire le Laboratoire Citoyennet\u00e9s ont voulu cr\u00e9er le cadre pour que les acteurs de la mise en \u0153uvre du Fonds minier de d\u00e9veloppement local se mettent autour d\u2019une m\u00eame table pour des concertations ouvertes et franches \u00bb, a-t-il soulign\u00e9.<\/p>\n<p>A l\u2019\u00e9couter, en cr\u00e9ant ce fonds, l\u2019Etat entendait certainement donner les moyens aux collectivit\u00e9s territoriales d\u2019am\u00e9liorer de mani\u00e8re consid\u00e9rable et durable les conditions de vie des Burkinab\u00e8, et particuli\u00e8rement les communaut\u00e9s impact\u00e9es par les activit\u00e9s mini\u00e8res.<\/p>\n<p>En plus, le Pr\u00e9sident du Laboratoire Citoyennet\u00e9s, Raogo Antoine Sawadogo, a rappel\u00e9 que les retomb\u00e9es du boom minier sont source de beaucoup de questionnement.<\/p>\n<p>\u00ab Parmi les multiples interrogations qui assaillent les citoyens burkinab\u00e8 dans le contexte actuel de boom minier figure en bonne place celle des retomb\u00e9es de l\u2019exploitation mini\u00e8re pour les communaut\u00e9s locales. En tant qu\u2019acteur non \u00e9tatique accompagnant les collectivit\u00e9s territoriales dans le renforcement de leur gouvernance, le Laboratoire Citoyennet\u00e9s salue la tenue de la pr\u00e9sente rencontre dont l\u2019ultime finalit\u00e9 est de permettre aux communaut\u00e9 de sentir que la pr\u00e9sence des soci\u00e9t\u00e9s mini\u00e8res leur procure un mieux-\u00eatre \u00bb, a-t-il indiqu\u00e9.<\/p>\n<p>Le ministre d\u00e9l\u00e9gu\u00e9 charg\u00e9 des Mines et des Carri\u00e8res, Aim\u00e9 Zongo, a expliqu\u00e9 que le FDML est aliment\u00e9 d\u2019une part par l\u2019Etat \u00e0 hauteur de 20% des redevances proportionnelles collect\u00e9es, li\u00e9es \u00e0 la valeur des produits extraits et\/ou vendus et d\u2019autre part, par les titulaires de permis d\u2019exploitation de mines et les b\u00e9n\u00e9ficiaires d\u2019autorisation d\u2019exploitation industrielle de substances de carri\u00e8res \u00e0 hauteur de 1% de leur chiffre d\u2019affaires mensuel hors taxe.<\/p>\n<p>Cependant, il est revenu sur la contribution du secteur minier dans l\u2019\u00e9conomie nationale. \u00ab 60,75 tonnes d\u2019or ont \u00e9t\u00e9 produites en 2020 contre 50 tonnes en 2019, soit une hausse de 20% et ce malgr\u00e9 la situation d\u2019ins\u00e9curit\u00e9 et les impacts n\u00e9gatifs de la pand\u00e9mie du Covid-19. A cela s\u2019ajoute une production de 166 596 tonnes de concentr\u00e9 de Zinc. Les recettes totales d\u2019exportation s\u2019\u00e9l\u00e8vent en 2020 \u00e0 1928 milliards de FCFA. La contribution directe du secteur extractif au budget de l\u2019Etat est \u00e9valu\u00e9e \u00e0 322 milliards de FCFA, repr\u00e9sentant 15% des recettes de l\u2019Etat \u00bb, a-t-il relev\u00e9. Jules C\u00e9sar KABORE<\/p>\n","protected":false},"excerpt":{"rendered":"<p>Africa-Press &#8211; Burkina Faso. La chambre des mines du Burkina Faso en collaboration avec le Laboratoire Citoyennet\u00e9s organisent un atelier d\u2019\u00e9change sur le Fonds minier de d\u00e9veloppement local du 10 au 11 mai 2021 \u00e0 Ouagadougou. Une rencontre qui r\u00e9unit les soci\u00e9t\u00e9s mini\u00e8res, les repr\u00e9sentants des minist\u00e8res, des \u00e9lus locaux, la soci\u00e9t\u00e9 civile et des [&hellip;]<\/p>\n","protected":false},"author":82,"featured_media":11692,"comment_status":"open","ping_status":"closed","sticky":false,"template":"","format":"standard","meta":{"footnotes":""},"categories":[3,11,10],"tags":[111,725,29],"class_list":["post-11693","post","type-post","status-publish","format-standard","has-post-thumbnail","hentry","category-economie","category-homepage-french","category-toutes-les-actualites","tag-africa-press","tag-africa-press-burkina-faso","tag-burkina-faso"],"yoast_head":"<!-- This site is optimized with the Yoast SEO Premium plugin v26.1 (Yoast SEO v27.0) - https:\/\/yoast.com\/product\/yoast-seo-premium-wordpress\/ -->\n<title>Fonds minier de d\u00e9veloppement local\u00a0: Les acteurs en conclave \u00e0 Ouagadougou - Burkina Faso<\/title>\n<meta name=\"description\" content=\"La chambre des mines du Burkina Faso en collaboration avec le Laboratoire Citoyennet\u00e9s organisent un atelier d\u2019\u00e9change s ...\" \/>\n<meta name=\"robots\" content=\"index, follow, max-snippet:-1, max-image-preview:large, max-video-preview:-1\" \/>\n<link rel=\"canonical\" href=\"https:\/\/www.africa-press.net\/burkina-faso\/economie\/fonds-minier-de-developpement-local-les-acteurs-en-conclave-a-ouagadougou\" \/>\n<meta property=\"og:locale\" content=\"fr_FR\" \/>\n<meta property=\"og:type\" content=\"article\" \/>\n<meta property=\"og:title\" content=\"Fonds minier de d\u00e9veloppement local\u00a0: Les acteurs en conclave \u00e0 Ouagadougou\" \/>\n<meta property=\"og:description\" content=\"La chambre des mines du Burkina Faso en collaboration avec le Laboratoire Citoyennet\u00e9s organisent un atelier d\u2019\u00e9change s ...\" \/>\n<meta property=\"og:url\" content=\"https:\/\/www.africa-press.net\/burkina-faso\/economie\/fonds-minier-de-developpement-local-les-acteurs-en-conclave-a-ouagadougou\" \/>\n<meta property=\"og:site_name\" content=\"Burkina Faso\" \/>\n<meta property=\"article:published_time\" content=\"2021-05-11T14:29:34+00:00\" \/>\n<meta property=\"og:image\" content=\"https:\/\/static.africa-press.net\/burkina\/sites\/42\/2021\/05\/img-609a88caea17b.jpg\" \/>\n\t<meta property=\"og:image:width\" content=\"750\" \/>\n\t<meta property=\"og:image:height\" content=\"257\" \/>\n\t<meta property=\"og:image:type\" content=\"image\/jpeg\" \/>\n<meta name=\"author\" content=\"cfeditorfr\" \/>\n<meta name=\"twitter:card\" content=\"summary_large_image\" \/>\n<meta name=\"twitter:label1\" content=\"\u00c9crit par\" \/>\n\t<meta name=\"twitter:data1\" content=\"cfeditorfr\" \/>\n\t<meta name=\"twitter:label2\" content=\"Dur\u00e9e de lecture estim\u00e9e\" \/>\n\t<meta name=\"twitter:data2\" content=\"4 minutes\" \/>\n<script type=\"application\/ld+json\" class=\"yoast-schema-graph\">{\"@context\":\"https:\/\/schema.org\",\"@graph\":[{\"@type\":\"Article\",\"@id\":\"https:\/\/www.africa-press.net\/burkina-faso\/economie\/fonds-minier-de-developpement-local-les-acteurs-en-conclave-a-ouagadougou#article\",\"isPartOf\":{\"@id\":\"https:\/\/www.africa-press.net\/burkina-faso\/economie\/fonds-minier-de-developpement-local-les-acteurs-en-conclave-a-ouagadougou\"},\"author\":{\"name\":\"cfeditorfr\",\"@id\":\"https:\/\/www.africa-press.net\/burkina-faso\/#\/schema\/person\/2b1cf3cd81a31e3cd26889ca66d677f1\"},\"headline\":\"Fonds minier de d\u00e9veloppement local\u00a0: Les acteurs en conclave \u00e0 Ouagadougou\",\"datePublished\":\"2021-05-11T14:29:34+00:00\",\"mainEntityOfPage\":{\"@id\":\"https:\/\/www.africa-press.net\/burkina-faso\/economie\/fonds-minier-de-developpement-local-les-acteurs-en-conclave-a-ouagadougou\"},\"wordCount\":767,\"commentCount\":0,\"image\":{\"@id\":\"https:\/\/www.africa-press.net\/burkina-faso\/economie\/fonds-minier-de-developpement-local-les-acteurs-en-conclave-a-ouagadougou#primaryimage\"},\"thumbnailUrl\":\"https:\/\/static.africa-press.net\/burkina\/sites\/42\/2021\/05\/img-609a88caea17b.jpg\",\"keywords\":[\"Africa Press\",\"Africa Press-Burkina Faso\",\"Burkina Faso\"],\"articleSection\":[\"\u00c9conomie\",\"homepage-french\",\"Toutes les actualit\u00e9s\"],\"inLanguage\":\"fr-FR\",\"potentialAction\":[{\"@type\":\"CommentAction\",\"name\":\"Comment\",\"target\":[\"https:\/\/www.africa-press.net\/burkina-faso\/economie\/fonds-minier-de-developpement-local-les-acteurs-en-conclave-a-ouagadougou#respond\"]}]},{\"@type\":\"WebPage\",\"@id\":\"https:\/\/www.africa-press.net\/burkina-faso\/economie\/fonds-minier-de-developpement-local-les-acteurs-en-conclave-a-ouagadougou\",\"url\":\"https:\/\/www.africa-press.net\/burkina-faso\/economie\/fonds-minier-de-developpement-local-les-acteurs-en-conclave-a-ouagadougou\",\"name\":\"Fonds minier de d\u00e9veloppement local\u00a0: Les acteurs en conclave \u00e0 Ouagadougou - Burkina Faso\",\"isPartOf\":{\"@id\":\"https:\/\/www.africa-press.net\/burkina-faso\/#website\"},\"primaryImageOfPage\":{\"@id\":\"https:\/\/www.africa-press.net\/burkina-faso\/economie\/fonds-minier-de-developpement-local-les-acteurs-en-conclave-a-ouagadougou#primaryimage\"},\"image\":{\"@id\":\"https:\/\/www.africa-press.net\/burkina-faso\/economie\/fonds-minier-de-developpement-local-les-acteurs-en-conclave-a-ouagadougou#primaryimage\"},\"thumbnailUrl\":\"https:\/\/static.africa-press.net\/burkina\/sites\/42\/2021\/05\/img-609a88caea17b.jpg\",\"datePublished\":\"2021-05-11T14:29:34+00:00\",\"author\":{\"@id\":\"https:\/\/www.africa-press.net\/burkina-faso\/#\/schema\/person\/2b1cf3cd81a31e3cd26889ca66d677f1\"},\"description\":\"La chambre des mines du Burkina Faso en collaboration avec le Laboratoire Citoyennet\u00e9s organisent un atelier d\u2019\u00e9change s ...\",\"breadcrumb\":{\"@id\":\"https:\/\/www.africa-press.net\/burkina-faso\/economie\/fonds-minier-de-developpement-local-les-acteurs-en-conclave-a-ouagadougou#breadcrumb\"},\"inLanguage\":\"fr-FR\",\"potentialAction\":[{\"@type\":\"ReadAction\",\"target\":[\"https:\/\/www.africa-press.net\/burkina-faso\/economie\/fonds-minier-de-developpement-local-les-acteurs-en-conclave-a-ouagadougou\"]}]},{\"@type\":\"ImageObject\",\"inLanguage\":\"fr-FR\",\"@id\":\"https:\/\/www.africa-press.net\/burkina-faso\/economie\/fonds-minier-de-developpement-local-les-acteurs-en-conclave-a-ouagadougou#primaryimage\",\"url\":\"https:\/\/static.africa-press.net\/burkina\/sites\/42\/2021\/05\/img-609a88caea17b.jpg\",\"contentUrl\":\"https:\/\/static.africa-press.net\/burkina\/sites\/42\/2021\/05\/img-609a88caea17b.jpg\",\"width\":750,\"height\":257,\"caption\":\"Fonds minier de d\u00e9veloppement local\u00a0: Les acteurs en conclave \u00e0 Ouagadougou\"},{\"@type\":\"BreadcrumbList\",\"@id\":\"https:\/\/www.africa-press.net\/burkina-faso\/economie\/fonds-minier-de-developpement-local-les-acteurs-en-conclave-a-ouagadougou#breadcrumb\",\"itemListElement\":[{\"@type\":\"ListItem\",\"position\":1,\"name\":\"Accueil\",\"item\":\"https:\/\/www.africa-press.net\/burkina-faso\/\"},{\"@type\":\"ListItem\",\"position\":2,\"name\":\"Fonds minier de d\u00e9veloppement local\u00a0: Les acteurs en conclave \u00e0 Ouagadougou\"}]},{\"@type\":\"WebSite\",\"@id\":\"https:\/\/www.africa-press.net\/burkina-faso\/#website\",\"url\":\"https:\/\/www.africa-press.net\/burkina-faso\/\",\"name\":\"Burkina Faso\",\"description\":\"Just another Africa News Agency Sites site\",\"potentialAction\":[{\"@type\":\"SearchAction\",\"target\":{\"@type\":\"EntryPoint\",\"urlTemplate\":\"https:\/\/www.africa-press.net\/burkina-faso\/?s={search_term_string}\"},\"query-input\":{\"@type\":\"PropertyValueSpecification\",\"valueRequired\":true,\"valueName\":\"search_term_string\"}}],\"inLanguage\":\"fr-FR\"},{\"@type\":\"Person\",\"@id\":\"https:\/\/www.africa-press.net\/burkina-faso\/#\/schema\/person\/2b1cf3cd81a31e3cd26889ca66d677f1\",\"name\":\"cfeditorfr\"}]}<\/script>\n<!-- \/ Yoast SEO Premium plugin. -->","yoast_head_json":{"title":"Fonds minier de d\u00e9veloppement local\u00a0: Les acteurs en conclave \u00e0 Ouagadougou - Burkina Faso","description":"La chambre des mines du Burkina Faso en collaboration avec le Laboratoire Citoyennet\u00e9s organisent un atelier d\u2019\u00e9change s ...","robots":{"index":"index","follow":"follow","max-snippet":"max-snippet:-1","max-image-preview":"max-image-preview:large","max-video-preview":"max-video-preview:-1"},"canonical":"https:\/\/www.africa-press.net\/burkina-faso\/economie\/fonds-minier-de-developpement-local-les-acteurs-en-conclave-a-ouagadougou","og_locale":"fr_FR","og_type":"article","og_title":"Fonds minier de d\u00e9veloppement local\u00a0: Les acteurs en conclave \u00e0 Ouagadougou","og_description":"La chambre des mines du Burkina Faso en collaboration avec le Laboratoire Citoyennet\u00e9s organisent un atelier d\u2019\u00e9change s ...","og_url":"https:\/\/www.africa-press.net\/burkina-faso\/economie\/fonds-minier-de-developpement-local-les-acteurs-en-conclave-a-ouagadougou","og_site_name":"Burkina Faso","article_published_time":"2021-05-11T14:29:34+00:00","og_image":[{"width":750,"height":257,"url":"https:\/\/static.africa-press.net\/burkina\/sites\/42\/2021\/05\/img-609a88caea17b.jpg","type":"image\/jpeg"}],"author":"cfeditorfr","twitter_card":"summary_large_image","twitter_misc":{"\u00c9crit par":"cfeditorfr","Dur\u00e9e de lecture estim\u00e9e":"4 minutes"},"schema":{"@context":"https:\/\/schema.org","@graph":[{"@type":"Article","@id":"https:\/\/www.africa-press.net\/burkina-faso\/economie\/fonds-minier-de-developpement-local-les-acteurs-en-conclave-a-ouagadougou#article","isPartOf":{"@id":"https:\/\/www.africa-press.net\/burkina-faso\/economie\/fonds-minier-de-developpement-local-les-acteurs-en-conclave-a-ouagadougou"},"author":{"name":"cfeditorfr","@id":"https:\/\/www.africa-press.net\/burkina-faso\/#\/schema\/person\/2b1cf3cd81a31e3cd26889ca66d677f1"},"headline":"Fonds minier de d\u00e9veloppement local\u00a0: Les acteurs en conclave \u00e0 Ouagadougou","datePublished":"2021-05-11T14:29:34+00:00","mainEntityOfPage":{"@id":"https:\/\/www.africa-press.net\/burkina-faso\/economie\/fonds-minier-de-developpement-local-les-acteurs-en-conclave-a-ouagadougou"},"wordCount":767,"commentCount":0,"image":{"@id":"https:\/\/www.africa-press.net\/burkina-faso\/economie\/fonds-minier-de-developpement-local-les-acteurs-en-conclave-a-ouagadougou#primaryimage"},"thumbnailUrl":"https:\/\/static.africa-press.net\/burkina\/sites\/42\/2021\/05\/img-609a88caea17b.jpg","keywords":["Africa Press","Africa Press-Burkina Faso","Burkina Faso"],"articleSection":["\u00c9conomie","homepage-french","Toutes les actualit\u00e9s"],"inLanguage":"fr-FR","potentialAction":[{"@type":"CommentAction","name":"Comment","target":["https:\/\/www.africa-press.net\/burkina-faso\/economie\/fonds-minier-de-developpement-local-les-acteurs-en-conclave-a-ouagadougou#respond"]}]},{"@type":"WebPage","@id":"https:\/\/www.africa-press.net\/burkina-faso\/economie\/fonds-minier-de-developpement-local-les-acteurs-en-conclave-a-ouagadougou","url":"https:\/\/www.africa-press.net\/burkina-faso\/economie\/fonds-minier-de-developpement-local-les-acteurs-en-conclave-a-ouagadougou","name":"Fonds minier de d\u00e9veloppement local\u00a0: Les acteurs en conclave \u00e0 Ouagadougou - Burkina Faso","isPartOf":{"@id":"https:\/\/www.africa-press.net\/burkina-faso\/#website"},"primaryImageOfPage":{"@id":"https:\/\/www.africa-press.net\/burkina-faso\/economie\/fonds-minier-de-developpement-local-les-acteurs-en-conclave-a-ouagadougou#primaryimage"},"image":{"@id":"https:\/\/www.africa-press.net\/burkina-faso\/economie\/fonds-minier-de-developpement-local-les-acteurs-en-conclave-a-ouagadougou#primaryimage"},"thumbnailUrl":"https:\/\/static.africa-press.net\/burkina\/sites\/42\/2021\/05\/img-609a88caea17b.jpg","datePublished":"2021-05-11T14:29:34+00:00","author":{"@id":"https:\/\/www.africa-press.net\/burkina-faso\/#\/schema\/person\/2b1cf3cd81a31e3cd26889ca66d677f1"},"description":"La chambre des mines du Burkina Faso en collaboration avec le Laboratoire Citoyennet\u00e9s organisent un atelier d\u2019\u00e9change s ...","breadcrumb":{"@id":"https:\/\/www.africa-press.net\/burkina-faso\/economie\/fonds-minier-de-developpement-local-les-acteurs-en-conclave-a-ouagadougou#breadcrumb"},"inLanguage":"fr-FR","potentialAction":[{"@type":"ReadAction","target":["https:\/\/www.africa-press.net\/burkina-faso\/economie\/fonds-minier-de-developpement-local-les-acteurs-en-conclave-a-ouagadougou"]}]},{"@type":"ImageObject","inLanguage":"fr-FR","@id":"https:\/\/www.africa-press.net\/burkina-faso\/economie\/fonds-minier-de-developpement-local-les-acteurs-en-conclave-a-ouagadougou#primaryimage","url":"https:\/\/static.africa-press.net\/burkina\/sites\/42\/2021\/05\/img-609a88caea17b.jpg","contentUrl":"https:\/\/static.africa-press.net\/burkina\/sites\/42\/2021\/05\/img-609a88caea17b.jpg","width":750,"height":257,"caption":"Fonds minier de d\u00e9veloppement local\u00a0: Les acteurs en conclave \u00e0 Ouagadougou"},{"@type":"BreadcrumbList","@id":"https:\/\/www.africa-press.net\/burkina-faso\/economie\/fonds-minier-de-developpement-local-les-acteurs-en-conclave-a-ouagadougou#breadcrumb","itemListElement":[{"@type":"ListItem","position":1,"name":"Accueil","item":"https:\/\/www.africa-press.net\/burkina-faso\/"},{"@type":"ListItem","position":2,"name":"Fonds minier de d\u00e9veloppement local\u00a0: Les acteurs en conclave \u00e0 Ouagadougou"}]},{"@type":"WebSite","@id":"https:\/\/www.africa-press.net\/burkina-faso\/#website","url":"https:\/\/www.africa-press.net\/burkina-faso\/","name":"Burkina Faso","description":"Just another Africa News Agency Sites site","potentialAction":[{"@type":"SearchAction","target":{"@type":"EntryPoint","urlTemplate":"https:\/\/www.africa-press.net\/burkina-faso\/?s={search_term_string}"},"query-input":{"@type":"PropertyValueSpecification","valueRequired":true,"valueName":"search_term_string"}}],"inLanguage":"fr-FR"},{"@type":"Person","@id":"https:\/\/www.africa-press.net\/burkina-faso\/#\/schema\/person\/2b1cf3cd81a31e3cd26889ca66d677f1","name":"cfeditorfr"}]}},"_links":{"self":[{"href":"https:\/\/www.africa-press.net\/burkina-faso\/wp-json\/wp\/v2\/posts\/11693","targetHints":{"allow":["GET"]}}],"collection":[{"href":"https:\/\/www.africa-press.net\/burkina-faso\/wp-json\/wp\/v2\/posts"}],"about":[{"href":"https:\/\/www.africa-press.net\/burkina-faso\/wp-json\/wp\/v2\/types\/post"}],"author":[{"embeddable":true,"href":"https:\/\/www.africa-press.net\/burkina-faso\/wp-json\/wp\/v2\/users\/82"}],"replies":[{"embeddable":true,"href":"https:\/\/www.africa-press.net\/burkina-faso\/wp-json\/wp\/v2\/comments?post=11693"}],"version-history":[{"count":0,"href":"https:\/\/www.africa-press.net\/burkina-faso\/wp-json\/wp\/v2\/posts\/11693\/revisions"}],"wp:featuredmedia":[{"embeddable":true,"href":"https:\/\/www.africa-press.net\/burkina-faso\/wp-json\/wp\/v2\/media\/11692"}],"wp:attachment":[{"href":"https:\/\/www.africa-press.net\/burkina-faso\/wp-json\/wp\/v2\/media?parent=11693"}],"wp:term":[{"taxonomy":"category","embeddable":true,"href":"https:\/\/www.africa-press.net\/burkina-faso\/wp-json\/wp\/v2\/categories?post=11693"},{"taxonomy":"post_tag","embeddable":true,"href":"https:\/\/www.africa-press.net\/burkina-faso\/wp-json\/wp\/v2\/tags?post=11693"}],"curies":[{"name":"wp","href":"https:\/\/api.w.org\/{rel}","templated":true}]}}