{"id":11696,"date":"2021-05-11T14:38:10","date_gmt":"2021-05-11T14:38:10","guid":{"rendered":"https:\/\/www.africa-press.net\/burkina-faso\/?p=11696"},"modified":"2021-05-11T15:04:03","modified_gmt":"2021-05-11T15:04:03","slug":"vaccination-au-burkina-faso-bientot-le-pays-se-dotera-de-deux-sites-dessais-cliniques","status":"publish","type":"post","link":"https:\/\/www.africa-press.net\/burkina-faso\/toutes-les-actualites\/vaccination-au-burkina-faso-bientot-le-pays-se-dotera-de-deux-sites-dessais-cliniques","title":{"rendered":"Vaccination au Burkina Faso : Bient\u00f4t le pays se dotera de deux sites d\u2019essais cliniques"},"content":{"rendered":"<p><span style=\"color: #ff6600\"><strong><a href=\"https:\/\/www.africa-press.net\/\">Africa-Press<\/a> &#8211; <a href=\"https:\/\/www.africa-press.net\/burkina-faso\">Burkina Faso<\/a>. <\/strong><\/span>Dans le cadre du projet Path-Covid19, les hommes et femmes des m\u00e9dias ont b\u00e9n\u00e9fici\u00e9 d\u2019une session d\u2019information et de formation sur les questions li\u00e9es aux essais cliniques et aux vaccins contre la pand\u00e9mie de Covid-19 ce lundi 10 mai 2021 \u00e0 Ouagadougou.<\/p>\n<p>Le 9 mars 2020, le Burkina Faso enregistrait ses premiers cas de Covid-19. \u00c0 ce jour, le pays compte plus de 13 379 cas et 162 d\u00e9c\u00e8s, selon les chiffres donn\u00e9s par le coordonnateur sectoriel de la riposte, Brice Bicaba. Ce dernier note une diminution de nouveaux cas et confie que le pays travaille pour la r\u00e9ouverture des fronti\u00e8res terrestres dans les jours qui viennent.<\/p>\n<p>\u00c0 l\u2019instar des autres pays africains, le Burkina Faso se pr\u00e9pare \u00e0 vacciner sa population contre cette maladie. Il faut souligner que le niveau \u00e9lev\u00e9 de personnes vaccin\u00e9es et immunis\u00e9es permettrait de briser la cha\u00eene de transmission du virus afin de faciliter le retour des civilit\u00e9s et des activit\u00e9s socio-\u00e9conomiques mises \u00e0 mal. Plus de 604 032 357 doses de vaccins ont \u00e9t\u00e9 adminstr\u00e9es dans le monde \u00e0 la date du 5 avril 2021, selon l\u2019OMS.<\/p>\n<p>Suite \u00e0 la flamb\u00e9e des informations diffus\u00e9es sur les r\u00e9seaux sociaux, le projet Path-Covid19 a organis\u00e9 une session d\u2019information et de formation au profit des journalistes pour obtenir l\u2019engagement des m\u00e9dias de lutter contre les mauvaises informations sp\u00e9cul\u00e9es \u00e0 travers les r\u00e9seaux sociaux qui poussent ainsi les populations \u00e0 s\u2019abstenir sur la vaccination.<\/p>\n<p>Selon les responsables du projet, \u00e0 l\u2019\u00e9tape actuelle, aucun vaccin anti-Covid n\u2019est en essai au Burkina Faso. La mission du projet Path-Covid19 consiste pour le moment \u00e0 mettre en place deux sites d\u2019essais cliniques dans le pays, qui seront install\u00e9s respectivement \u00e0 Ouagadougou et Bobo-Dioulasso.<\/p>\n<p>L\u2019h\u00e9sitation \u00e0 la vaccination Le ministre de la communication, Ouss\u00e9ni Tamboura, a dans son mot de circonstance laiss\u00e9 entendre que la plupart des \u00e9pid\u00e9mies auxquelles le monde a \u00e9t\u00e9 confront\u00e9 trouve leur rem\u00e8de dans la vaccination.<\/p>\n<p>\u201cNous sommes convaincus par le fait que dans certains pays o\u00f9 la vaccination a bien avanc\u00e9, les statistiques ont \u00e9t\u00e9 progressivement invers\u00e9es\u201c, a-t-il affirm\u00e9.<\/p>\n<p>Selon Ouss\u00e9ni Tamboura, les h\u00e9sitations sur la vaccination mettent \u00e0 risque non seulement la sant\u00e9 individuelle de celui ou celle qui refuse de se faire vacciner, mais aussi celle de toute la communaut\u00e9 contre la maladie \u201c\u00e9vitable par la vaccination\u201d. Le ministre salue la pr\u00e9sente session qui, selon ses dires permettra que la bonne information trouve le bon relais.<\/p>\n<p>\u201cVous \u00eates les derniers remparts et gardiens de l\u2019information, aidez-nous \u00e0 contr\u00f4ler et \u00e0 limiter cette \u201cinfod\u00e9mie\u201d, ( faisant r\u00e9f\u00e9rence \u00e0 une sorte de mauvaise information sur la pand\u00e9mie et le vaccin). Toutefois, cela est possible que si vous avez, vous-m\u00eames la bonne information \u00e0 travers des sources avec des scientifiques qui vous permettent de traiter ais\u00e9ment \u00e0 la lumi\u00e8re de la science, vos indiff\u00e9rents \u00e9missions et articles de presse\u201c, a rench\u00e9ri Ouss\u00e9ni Tamboura.<\/p>\n<p>Pr Halidou Tinto, chef du projet Path-Covid19, a pr\u00e9cis\u00e9 que cette session n\u2019est pas sp\u00e9cialement orient\u00e9e dans le cadre de l\u2019introduction du vaccin contre le Covid-19 au Burkina mais d\u2019outiller les hommes et femmes des m\u00e9dias sur l\u2019approche de communication.<\/p>\n<p>\u201cEt la fa\u00e7on dont ils doivent communiquer avec les populations par rapport aux essais cliniques d\u2019abord et justement \u00e0 ces vaccins contre le Covid-19. Il s\u2019agit pour nous de pr\u00e9senter aux hommes de m\u00e9dias l\u2019initiative que nous avons entreprise depuis un certain nombre de semaines avec nos partenaires aux USA pour mettre en place au Burkina Faso deux sites d\u2019essais cliniques \u00e0 Ouagadougou ainsi qu\u2019\u00e0 Bobo-Dioulasso\u201c, a-t-il pr\u00e9cis\u00e9.<\/p>\n<p>Le projet Path-Covid19 vise \u00e0 renforcer la capacit\u00e9 des professionnels des m\u00e9dias afin de leur faciliter la t\u00e2che pour la r\u00e9alisation de leurs \u00e9missions et articles de presse dans le but de lutter contre les fakes news qui font le tour des r\u00e9seaux \u00e0 propos des vaccins anti-Covid. Willy SAGBE<\/p>\n","protected":false},"excerpt":{"rendered":"<p>Africa-Press &#8211; Burkina Faso. Dans le cadre du projet Path-Covid19, les hommes et femmes des m\u00e9dias ont b\u00e9n\u00e9fici\u00e9 d\u2019une session d\u2019information et de formation sur les questions li\u00e9es aux essais cliniques et aux vaccins contre la pand\u00e9mie de Covid-19 ce lundi 10 mai 2021 \u00e0 Ouagadougou. Le 9 mars 2020, le Burkina Faso enregistrait ses [&hellip;]<\/p>\n","protected":false},"author":82,"featured_media":11695,"comment_status":"open","ping_status":"closed","sticky":false,"template":"","format":"standard","meta":{"footnotes":""},"categories":[21,11,20,10],"tags":[111,725,29],"class_list":["post-11696","post","type-post","status-publish","format-standard","has-post-thumbnail","hentry","category-communaute","category-homepage-french","category-top-nouvelles","category-toutes-les-actualites","tag-africa-press","tag-africa-press-burkina-faso","tag-burkina-faso"],"yoast_head":"<!-- This site is optimized with the Yoast SEO Premium plugin v26.1 (Yoast SEO v27.0) - https:\/\/yoast.com\/product\/yoast-seo-premium-wordpress\/ -->\n<title>Vaccination au Burkina Faso : Bient\u00f4t le pays se dotera de deux sites d\u2019essais cliniques - Burkina Faso<\/title>\n<meta name=\"description\" content=\"Dans le cadre du projet Path-Covid19, les hommes et femmes des m\u00e9dias ont b\u00e9n\u00e9fici\u00e9 d\u2019une session d\u2019information et de fo ...\" \/>\n<meta name=\"robots\" content=\"index, follow, max-snippet:-1, max-image-preview:large, max-video-preview:-1\" \/>\n<link rel=\"canonical\" href=\"https:\/\/www.africa-press.net\/burkina-faso\/toutes-les-actualites\/vaccination-au-burkina-faso-bientot-le-pays-se-dotera-de-deux-sites-dessais-cliniques\" \/>\n<meta property=\"og:locale\" content=\"fr_FR\" \/>\n<meta property=\"og:type\" content=\"article\" \/>\n<meta property=\"og:title\" content=\"Vaccination au Burkina Faso : Bient\u00f4t le pays se dotera de deux sites d\u2019essais cliniques\" \/>\n<meta property=\"og:description\" content=\"Dans le cadre du projet Path-Covid19, les hommes et femmes des m\u00e9dias ont b\u00e9n\u00e9fici\u00e9 d\u2019une session d\u2019information et de fo ...\" \/>\n<meta property=\"og:url\" content=\"https:\/\/www.africa-press.net\/burkina-faso\/toutes-les-actualites\/vaccination-au-burkina-faso-bientot-le-pays-se-dotera-de-deux-sites-dessais-cliniques\" \/>\n<meta property=\"og:site_name\" content=\"Burkina Faso\" \/>\n<meta property=\"article:published_time\" content=\"2021-05-11T14:38:10+00:00\" \/>\n<meta property=\"article:modified_time\" content=\"2021-05-11T15:04:03+00:00\" \/>\n<meta property=\"og:image\" content=\"https:\/\/static.africa-press.net\/burkina\/sites\/42\/2021\/05\/img-609a88efeb6fa.jpg\" \/>\n\t<meta property=\"og:image:width\" content=\"1024\" \/>\n\t<meta property=\"og:image:height\" content=\"461\" \/>\n\t<meta property=\"og:image:type\" content=\"image\/jpeg\" \/>\n<meta name=\"author\" content=\"cfeditorfr\" \/>\n<meta name=\"twitter:card\" content=\"summary_large_image\" \/>\n<meta name=\"twitter:label1\" content=\"\u00c9crit par\" \/>\n\t<meta name=\"twitter:data1\" content=\"cfeditorfr\" \/>\n\t<meta name=\"twitter:label2\" content=\"Dur\u00e9e de lecture estim\u00e9e\" \/>\n\t<meta name=\"twitter:data2\" content=\"3 minutes\" \/>\n<script type=\"application\/ld+json\" class=\"yoast-schema-graph\">{\"@context\":\"https:\/\/schema.org\",\"@graph\":[{\"@type\":\"Article\",\"@id\":\"https:\/\/www.africa-press.net\/burkina-faso\/toutes-les-actualites\/vaccination-au-burkina-faso-bientot-le-pays-se-dotera-de-deux-sites-dessais-cliniques#article\",\"isPartOf\":{\"@id\":\"https:\/\/www.africa-press.net\/burkina-faso\/toutes-les-actualites\/vaccination-au-burkina-faso-bientot-le-pays-se-dotera-de-deux-sites-dessais-cliniques\"},\"author\":{\"name\":\"cfeditorfr\",\"@id\":\"https:\/\/www.africa-press.net\/burkina-faso\/#\/schema\/person\/2b1cf3cd81a31e3cd26889ca66d677f1\"},\"headline\":\"Vaccination au Burkina Faso : Bient\u00f4t le pays se dotera de deux sites d\u2019essais cliniques\",\"datePublished\":\"2021-05-11T14:38:10+00:00\",\"dateModified\":\"2021-05-11T15:04:03+00:00\",\"mainEntityOfPage\":{\"@id\":\"https:\/\/www.africa-press.net\/burkina-faso\/toutes-les-actualites\/vaccination-au-burkina-faso-bientot-le-pays-se-dotera-de-deux-sites-dessais-cliniques\"},\"wordCount\":693,\"commentCount\":0,\"image\":{\"@id\":\"https:\/\/www.africa-press.net\/burkina-faso\/toutes-les-actualites\/vaccination-au-burkina-faso-bientot-le-pays-se-dotera-de-deux-sites-dessais-cliniques#primaryimage\"},\"thumbnailUrl\":\"https:\/\/static.africa-press.net\/burkina\/sites\/42\/2021\/05\/img-609a88efeb6fa.jpg\",\"keywords\":[\"Africa Press\",\"Africa Press-Burkina Faso\",\"Burkina Faso\"],\"articleSection\":[\"Communaut\u00e9\",\"homepage-french\",\"Top Nouvelles\",\"Toutes les actualit\u00e9s\"],\"inLanguage\":\"fr-FR\",\"potentialAction\":[{\"@type\":\"CommentAction\",\"name\":\"Comment\",\"target\":[\"https:\/\/www.africa-press.net\/burkina-faso\/toutes-les-actualites\/vaccination-au-burkina-faso-bientot-le-pays-se-dotera-de-deux-sites-dessais-cliniques#respond\"]}]},{\"@type\":\"WebPage\",\"@id\":\"https:\/\/www.africa-press.net\/burkina-faso\/toutes-les-actualites\/vaccination-au-burkina-faso-bientot-le-pays-se-dotera-de-deux-sites-dessais-cliniques\",\"url\":\"https:\/\/www.africa-press.net\/burkina-faso\/toutes-les-actualites\/vaccination-au-burkina-faso-bientot-le-pays-se-dotera-de-deux-sites-dessais-cliniques\",\"name\":\"Vaccination au Burkina Faso : Bient\u00f4t le pays se dotera de deux sites d\u2019essais cliniques - Burkina Faso\",\"isPartOf\":{\"@id\":\"https:\/\/www.africa-press.net\/burkina-faso\/#website\"},\"primaryImageOfPage\":{\"@id\":\"https:\/\/www.africa-press.net\/burkina-faso\/toutes-les-actualites\/vaccination-au-burkina-faso-bientot-le-pays-se-dotera-de-deux-sites-dessais-cliniques#primaryimage\"},\"image\":{\"@id\":\"https:\/\/www.africa-press.net\/burkina-faso\/toutes-les-actualites\/vaccination-au-burkina-faso-bientot-le-pays-se-dotera-de-deux-sites-dessais-cliniques#primaryimage\"},\"thumbnailUrl\":\"https:\/\/static.africa-press.net\/burkina\/sites\/42\/2021\/05\/img-609a88efeb6fa.jpg\",\"datePublished\":\"2021-05-11T14:38:10+00:00\",\"dateModified\":\"2021-05-11T15:04:03+00:00\",\"author\":{\"@id\":\"https:\/\/www.africa-press.net\/burkina-faso\/#\/schema\/person\/2b1cf3cd81a31e3cd26889ca66d677f1\"},\"description\":\"Dans le cadre du projet Path-Covid19, les hommes et femmes des m\u00e9dias ont b\u00e9n\u00e9fici\u00e9 d\u2019une session d\u2019information et de fo ...\",\"breadcrumb\":{\"@id\":\"https:\/\/www.africa-press.net\/burkina-faso\/toutes-les-actualites\/vaccination-au-burkina-faso-bientot-le-pays-se-dotera-de-deux-sites-dessais-cliniques#breadcrumb\"},\"inLanguage\":\"fr-FR\",\"potentialAction\":[{\"@type\":\"ReadAction\",\"target\":[\"https:\/\/www.africa-press.net\/burkina-faso\/toutes-les-actualites\/vaccination-au-burkina-faso-bientot-le-pays-se-dotera-de-deux-sites-dessais-cliniques\"]}]},{\"@type\":\"ImageObject\",\"inLanguage\":\"fr-FR\",\"@id\":\"https:\/\/www.africa-press.net\/burkina-faso\/toutes-les-actualites\/vaccination-au-burkina-faso-bientot-le-pays-se-dotera-de-deux-sites-dessais-cliniques#primaryimage\",\"url\":\"https:\/\/static.africa-press.net\/burkina\/sites\/42\/2021\/05\/img-609a88efeb6fa.jpg\",\"contentUrl\":\"https:\/\/static.africa-press.net\/burkina\/sites\/42\/2021\/05\/img-609a88efeb6fa.jpg\",\"width\":1024,\"height\":461,\"caption\":\"Vaccination au Burkina Faso : Bient\u00f4t le pays se dotera de deux sites d\u2019essais cliniques\"},{\"@type\":\"BreadcrumbList\",\"@id\":\"https:\/\/www.africa-press.net\/burkina-faso\/toutes-les-actualites\/vaccination-au-burkina-faso-bientot-le-pays-se-dotera-de-deux-sites-dessais-cliniques#breadcrumb\",\"itemListElement\":[{\"@type\":\"ListItem\",\"position\":1,\"name\":\"Accueil\",\"item\":\"https:\/\/www.africa-press.net\/burkina-faso\/\"},{\"@type\":\"ListItem\",\"position\":2,\"name\":\"Vaccination au Burkina Faso : Bient\u00f4t le pays se dotera de deux sites d\u2019essais cliniques\"}]},{\"@type\":\"WebSite\",\"@id\":\"https:\/\/www.africa-press.net\/burkina-faso\/#website\",\"url\":\"https:\/\/www.africa-press.net\/burkina-faso\/\",\"name\":\"Burkina Faso\",\"description\":\"Just another Africa News Agency Sites site\",\"potentialAction\":[{\"@type\":\"SearchAction\",\"target\":{\"@type\":\"EntryPoint\",\"urlTemplate\":\"https:\/\/www.africa-press.net\/burkina-faso\/?s={search_term_string}\"},\"query-input\":{\"@type\":\"PropertyValueSpecification\",\"valueRequired\":true,\"valueName\":\"search_term_string\"}}],\"inLanguage\":\"fr-FR\"},{\"@type\":\"Person\",\"@id\":\"https:\/\/www.africa-press.net\/burkina-faso\/#\/schema\/person\/2b1cf3cd81a31e3cd26889ca66d677f1\",\"name\":\"cfeditorfr\"}]}<\/script>\n<!-- \/ Yoast SEO Premium plugin. -->","yoast_head_json":{"title":"Vaccination au Burkina Faso : Bient\u00f4t le pays se dotera de deux sites d\u2019essais cliniques - Burkina Faso","description":"Dans le cadre du projet Path-Covid19, les hommes et femmes des m\u00e9dias ont b\u00e9n\u00e9fici\u00e9 d\u2019une session d\u2019information et de fo ...","robots":{"index":"index","follow":"follow","max-snippet":"max-snippet:-1","max-image-preview":"max-image-preview:large","max-video-preview":"max-video-preview:-1"},"canonical":"https:\/\/www.africa-press.net\/burkina-faso\/toutes-les-actualites\/vaccination-au-burkina-faso-bientot-le-pays-se-dotera-de-deux-sites-dessais-cliniques","og_locale":"fr_FR","og_type":"article","og_title":"Vaccination au Burkina Faso : Bient\u00f4t le pays se dotera de deux sites d\u2019essais cliniques","og_description":"Dans le cadre du projet Path-Covid19, les hommes et femmes des m\u00e9dias ont b\u00e9n\u00e9fici\u00e9 d\u2019une session d\u2019information et de fo ...","og_url":"https:\/\/www.africa-press.net\/burkina-faso\/toutes-les-actualites\/vaccination-au-burkina-faso-bientot-le-pays-se-dotera-de-deux-sites-dessais-cliniques","og_site_name":"Burkina Faso","article_published_time":"2021-05-11T14:38:10+00:00","article_modified_time":"2021-05-11T15:04:03+00:00","og_image":[{"width":1024,"height":461,"url":"https:\/\/static.africa-press.net\/burkina\/sites\/42\/2021\/05\/img-609a88efeb6fa.jpg","type":"image\/jpeg"}],"author":"cfeditorfr","twitter_card":"summary_large_image","twitter_misc":{"\u00c9crit par":"cfeditorfr","Dur\u00e9e de lecture estim\u00e9e":"3 minutes"},"schema":{"@context":"https:\/\/schema.org","@graph":[{"@type":"Article","@id":"https:\/\/www.africa-press.net\/burkina-faso\/toutes-les-actualites\/vaccination-au-burkina-faso-bientot-le-pays-se-dotera-de-deux-sites-dessais-cliniques#article","isPartOf":{"@id":"https:\/\/www.africa-press.net\/burkina-faso\/toutes-les-actualites\/vaccination-au-burkina-faso-bientot-le-pays-se-dotera-de-deux-sites-dessais-cliniques"},"author":{"name":"cfeditorfr","@id":"https:\/\/www.africa-press.net\/burkina-faso\/#\/schema\/person\/2b1cf3cd81a31e3cd26889ca66d677f1"},"headline":"Vaccination au Burkina Faso : Bient\u00f4t le pays se dotera de deux sites d\u2019essais cliniques","datePublished":"2021-05-11T14:38:10+00:00","dateModified":"2021-05-11T15:04:03+00:00","mainEntityOfPage":{"@id":"https:\/\/www.africa-press.net\/burkina-faso\/toutes-les-actualites\/vaccination-au-burkina-faso-bientot-le-pays-se-dotera-de-deux-sites-dessais-cliniques"},"wordCount":693,"commentCount":0,"image":{"@id":"https:\/\/www.africa-press.net\/burkina-faso\/toutes-les-actualites\/vaccination-au-burkina-faso-bientot-le-pays-se-dotera-de-deux-sites-dessais-cliniques#primaryimage"},"thumbnailUrl":"https:\/\/static.africa-press.net\/burkina\/sites\/42\/2021\/05\/img-609a88efeb6fa.jpg","keywords":["Africa Press","Africa Press-Burkina Faso","Burkina Faso"],"articleSection":["Communaut\u00e9","homepage-french","Top Nouvelles","Toutes les actualit\u00e9s"],"inLanguage":"fr-FR","potentialAction":[{"@type":"CommentAction","name":"Comment","target":["https:\/\/www.africa-press.net\/burkina-faso\/toutes-les-actualites\/vaccination-au-burkina-faso-bientot-le-pays-se-dotera-de-deux-sites-dessais-cliniques#respond"]}]},{"@type":"WebPage","@id":"https:\/\/www.africa-press.net\/burkina-faso\/toutes-les-actualites\/vaccination-au-burkina-faso-bientot-le-pays-se-dotera-de-deux-sites-dessais-cliniques","url":"https:\/\/www.africa-press.net\/burkina-faso\/toutes-les-actualites\/vaccination-au-burkina-faso-bientot-le-pays-se-dotera-de-deux-sites-dessais-cliniques","name":"Vaccination au Burkina Faso : Bient\u00f4t le pays se dotera de deux sites d\u2019essais cliniques - Burkina Faso","isPartOf":{"@id":"https:\/\/www.africa-press.net\/burkina-faso\/#website"},"primaryImageOfPage":{"@id":"https:\/\/www.africa-press.net\/burkina-faso\/toutes-les-actualites\/vaccination-au-burkina-faso-bientot-le-pays-se-dotera-de-deux-sites-dessais-cliniques#primaryimage"},"image":{"@id":"https:\/\/www.africa-press.net\/burkina-faso\/toutes-les-actualites\/vaccination-au-burkina-faso-bientot-le-pays-se-dotera-de-deux-sites-dessais-cliniques#primaryimage"},"thumbnailUrl":"https:\/\/static.africa-press.net\/burkina\/sites\/42\/2021\/05\/img-609a88efeb6fa.jpg","datePublished":"2021-05-11T14:38:10+00:00","dateModified":"2021-05-11T15:04:03+00:00","author":{"@id":"https:\/\/www.africa-press.net\/burkina-faso\/#\/schema\/person\/2b1cf3cd81a31e3cd26889ca66d677f1"},"description":"Dans le cadre du projet Path-Covid19, les hommes et femmes des m\u00e9dias ont b\u00e9n\u00e9fici\u00e9 d\u2019une session d\u2019information et de fo ...","breadcrumb":{"@id":"https:\/\/www.africa-press.net\/burkina-faso\/toutes-les-actualites\/vaccination-au-burkina-faso-bientot-le-pays-se-dotera-de-deux-sites-dessais-cliniques#breadcrumb"},"inLanguage":"fr-FR","potentialAction":[{"@type":"ReadAction","target":["https:\/\/www.africa-press.net\/burkina-faso\/toutes-les-actualites\/vaccination-au-burkina-faso-bientot-le-pays-se-dotera-de-deux-sites-dessais-cliniques"]}]},{"@type":"ImageObject","inLanguage":"fr-FR","@id":"https:\/\/www.africa-press.net\/burkina-faso\/toutes-les-actualites\/vaccination-au-burkina-faso-bientot-le-pays-se-dotera-de-deux-sites-dessais-cliniques#primaryimage","url":"https:\/\/static.africa-press.net\/burkina\/sites\/42\/2021\/05\/img-609a88efeb6fa.jpg","contentUrl":"https:\/\/static.africa-press.net\/burkina\/sites\/42\/2021\/05\/img-609a88efeb6fa.jpg","width":1024,"height":461,"caption":"Vaccination au Burkina Faso : Bient\u00f4t le pays se dotera de deux sites d\u2019essais cliniques"},{"@type":"BreadcrumbList","@id":"https:\/\/www.africa-press.net\/burkina-faso\/toutes-les-actualites\/vaccination-au-burkina-faso-bientot-le-pays-se-dotera-de-deux-sites-dessais-cliniques#breadcrumb","itemListElement":[{"@type":"ListItem","position":1,"name":"Accueil","item":"https:\/\/www.africa-press.net\/burkina-faso\/"},{"@type":"ListItem","position":2,"name":"Vaccination au Burkina Faso : Bient\u00f4t le pays se dotera de deux sites d\u2019essais cliniques"}]},{"@type":"WebSite","@id":"https:\/\/www.africa-press.net\/burkina-faso\/#website","url":"https:\/\/www.africa-press.net\/burkina-faso\/","name":"Burkina Faso","description":"Just another Africa News Agency Sites site","potentialAction":[{"@type":"SearchAction","target":{"@type":"EntryPoint","urlTemplate":"https:\/\/www.africa-press.net\/burkina-faso\/?s={search_term_string}"},"query-input":{"@type":"PropertyValueSpecification","valueRequired":true,"valueName":"search_term_string"}}],"inLanguage":"fr-FR"},{"@type":"Person","@id":"https:\/\/www.africa-press.net\/burkina-faso\/#\/schema\/person\/2b1cf3cd81a31e3cd26889ca66d677f1","name":"cfeditorfr"}]}},"_links":{"self":[{"href":"https:\/\/www.africa-press.net\/burkina-faso\/wp-json\/wp\/v2\/posts\/11696","targetHints":{"allow":["GET"]}}],"collection":[{"href":"https:\/\/www.africa-press.net\/burkina-faso\/wp-json\/wp\/v2\/posts"}],"about":[{"href":"https:\/\/www.africa-press.net\/burkina-faso\/wp-json\/wp\/v2\/types\/post"}],"author":[{"embeddable":true,"href":"https:\/\/www.africa-press.net\/burkina-faso\/wp-json\/wp\/v2\/users\/82"}],"replies":[{"embeddable":true,"href":"https:\/\/www.africa-press.net\/burkina-faso\/wp-json\/wp\/v2\/comments?post=11696"}],"version-history":[{"count":0,"href":"https:\/\/www.africa-press.net\/burkina-faso\/wp-json\/wp\/v2\/posts\/11696\/revisions"}],"wp:featuredmedia":[{"embeddable":true,"href":"https:\/\/www.africa-press.net\/burkina-faso\/wp-json\/wp\/v2\/media\/11695"}],"wp:attachment":[{"href":"https:\/\/www.africa-press.net\/burkina-faso\/wp-json\/wp\/v2\/media?parent=11696"}],"wp:term":[{"taxonomy":"category","embeddable":true,"href":"https:\/\/www.africa-press.net\/burkina-faso\/wp-json\/wp\/v2\/categories?post=11696"},{"taxonomy":"post_tag","embeddable":true,"href":"https:\/\/www.africa-press.net\/burkina-faso\/wp-json\/wp\/v2\/tags?post=11696"}],"curies":[{"name":"wp","href":"https:\/\/api.w.org\/{rel}","templated":true}]}}