{"id":125461,"date":"2026-01-28T21:02:19","date_gmt":"2026-01-28T21:02:19","guid":{"rendered":"https:\/\/www.africa-press.net\/burkina-faso\/politique\/burkina-faso-des-purges-dans-larmee-apres-lextradition-de-paul-henri-damiba"},"modified":"2026-01-28T21:02:19","modified_gmt":"2026-01-28T21:02:19","slug":"burkina-faso-des-purges-dans-larmee-apres-lextradition-de-paul-henri-damiba","status":"publish","type":"post","link":"https:\/\/www.africa-press.net\/burkina-faso\/politique\/burkina-faso-des-purges-dans-larmee-apres-lextradition-de-paul-henri-damiba","title":{"rendered":"Burkina Faso: Des purges dans l&rsquo;arm\u00e9e apr\u00e8s l&rsquo;extradition de Paul-Henri Damiba"},"content":{"rendered":"<p>Effet collat\u00e9ral de l&rsquo;interpellation et de l&rsquo;extradition au Burkina Faso du lieutenant-colonel Damiba : depuis le 17 janvier, une vague d&rsquo;arrestation a lieu dans les milieux militaires et \u00e9galement chez certains civils soup\u00e7onn\u00e9s par les autorit\u00e9s en place d&rsquo;avoir fray\u00e9 avec Paul-Henri Damiba. Ouagadougou soup\u00e7onne ce dernier de plusieurs complots pour faire chuter Ibrahim Traor\u00e9.<\/p>\n<p>Tout ce qui touche de pr\u00e8s ou de loin \u00e0 <b>Paul-Henri Damiba<\/b> devient suspect aux yeux des autorit\u00e9s burkinab\u00e9s. <b>Depuis le 17 janvier et son extradition<\/b> de Lom\u00e9 vers Ouagadougou, il manque plusieurs chefs de corps \u00e0 l&rsquo;appel, nous affirme une source militaire.<\/p>\n<p>Certains sont de hauts-grad\u00e9 de la gendarmerie plac\u00e9s sous surveillance ou bien d\u00e9sarm\u00e9s,<\/p>\n<p>d&rsquo;autres sont m\u00eame rapatri\u00e9s de l&rsquo;\u00e9tranger et notamment d&rsquo;Asie et vont devoir r\u00e9pondre aux questions des services de renseignement.<\/p>\n<p>Une chasse aux sorci\u00e8res dans les rangs des forces de s\u00e9curit\u00e9 qui s&rsquo;analysent de deux mani\u00e8res conjugu\u00e9es. D&rsquo;une part, \u00e9laguer toutes les branches de ceux qui de pr\u00e8s ou de loin seraient li\u00e9s \u00e0 Damiba ou \u00e0 l&rsquo;ex-patron de la gendarmerie le colonel Evrard Somda arr\u00eat\u00e9 lui, il y a tout juste deux ans. D&rsquo;autre part, effectuer un grand m\u00e9nage g\u00e9n\u00e9rationnel dans les cadres de l&rsquo;arm\u00e9e ou de la gendarmerie et organiser ainsi la promotion de subalternes qui passeraient par le coll\u00e8ge d&rsquo;enseignement militaire sup\u00e9rieur nouvellement cr\u00e9\u00e9 par la junte au pouvoir dont des \u00e9l\u00e9ments fraichement promus et davantage d\u00e9vou\u00e9 \u00e0 l&rsquo;actuel pouvoir de Ouagadougou.<\/p>\n<p>C\u00f4t\u00e9 civils, deux ex-\u00e9lus CDP dans la r\u00e9gion de Banfora ont \u00e9t\u00e9 interpell\u00e9s.<\/p>\n","protected":false},"excerpt":{"rendered":"<p>Effet collat\u00e9ral de l&rsquo;interpellation et de l&rsquo;extradition au Burkina Faso du lieutenant-colonel Damiba : depuis le 17 janvier, une vague d&rsquo;arrestation a lieu dans les milieux militaires et \u00e9galement chez certains civils soup\u00e7onn\u00e9s par les autorit\u00e9s en place d&rsquo;avoir fray\u00e9 avec Paul-Henri Damiba. Ouagadougou soup\u00e7onne ce dernier de plusieurs complots pour faire chuter Ibrahim Traor\u00e9. [&hellip;]<\/p>\n","protected":false},"author":82,"featured_media":125460,"comment_status":"open","ping_status":"closed","sticky":false,"template":"","format":"standard","meta":{"footnotes":""},"categories":[2,20,10],"tags":[],"class_list":["post-125461","post","type-post","status-publish","format-standard","has-post-thumbnail","hentry","category-politique","category-top-nouvelles","category-toutes-les-actualites"],"yoast_head":"<!-- This site is optimized with the Yoast SEO Premium plugin v26.1 (Yoast SEO v27.0) - https:\/\/yoast.com\/product\/yoast-seo-premium-wordpress\/ -->\n<title>Burkina Faso: Des purges dans l&#039;arm\u00e9e apr\u00e8s l&#039;extradition de Paul-Henri Damiba - Burkina Faso<\/title>\n<meta name=\"robots\" content=\"index, follow, max-snippet:-1, max-image-preview:large, max-video-preview:-1\" \/>\n<link rel=\"canonical\" href=\"https:\/\/www.africa-press.net\/burkina-faso\/politique\/burkina-faso-des-purges-dans-larmee-apres-lextradition-de-paul-henri-damiba\" \/>\n<meta property=\"og:locale\" content=\"fr_FR\" \/>\n<meta property=\"og:type\" content=\"article\" \/>\n<meta property=\"og:title\" content=\"Burkina Faso: Des purges dans l&#039;arm\u00e9e apr\u00e8s l&#039;extradition de Paul-Henri Damiba\" \/>\n<meta property=\"og:description\" content=\"Effet collat\u00e9ral de l&rsquo;interpellation et de l&rsquo;extradition au Burkina Faso du lieutenant-colonel Damiba : depuis le 17 janvier, une vague d&rsquo;arrestation a lieu dans les milieux militaires et \u00e9galement chez certains civils soup\u00e7onn\u00e9s par les autorit\u00e9s en place d&rsquo;avoir fray\u00e9 avec Paul-Henri Damiba. Ouagadougou soup\u00e7onne ce dernier de plusieurs complots pour faire chuter Ibrahim Traor\u00e9. [&hellip;]\" \/>\n<meta property=\"og:url\" content=\"https:\/\/www.africa-press.net\/burkina-faso\/politique\/burkina-faso-des-purges-dans-larmee-apres-lextradition-de-paul-henri-damiba\" \/>\n<meta property=\"og:site_name\" content=\"Burkina Faso\" \/>\n<meta property=\"article:published_time\" content=\"2026-01-28T21:02:19+00:00\" \/>\n<meta name=\"author\" content=\"cfeditorfr\" \/>\n<meta name=\"twitter:card\" content=\"summary_large_image\" \/>\n<meta name=\"twitter:label1\" content=\"\u00c9crit par\" \/>\n\t<meta name=\"twitter:data1\" content=\"cfeditorfr\" \/>\n\t<meta name=\"twitter:label2\" content=\"Dur\u00e9e de lecture estim\u00e9e\" \/>\n\t<meta name=\"twitter:data2\" content=\"1 minute\" \/>\n<script type=\"application\/ld+json\" class=\"yoast-schema-graph\">{\"@context\":\"https:\/\/schema.org\",\"@graph\":[{\"@type\":\"Article\",\"@id\":\"https:\/\/www.africa-press.net\/burkina-faso\/politique\/burkina-faso-des-purges-dans-larmee-apres-lextradition-de-paul-henri-damiba#article\",\"isPartOf\":{\"@id\":\"https:\/\/www.africa-press.net\/burkina-faso\/politique\/burkina-faso-des-purges-dans-larmee-apres-lextradition-de-paul-henri-damiba\"},\"author\":{\"name\":\"cfeditorfr\",\"@id\":\"https:\/\/www.africa-press.net\/burkina-faso\/#\/schema\/person\/2b1cf3cd81a31e3cd26889ca66d677f1\"},\"headline\":\"Burkina Faso: Des purges dans l&rsquo;arm\u00e9e apr\u00e8s l&rsquo;extradition de Paul-Henri Damiba\",\"datePublished\":\"2026-01-28T21:02:19+00:00\",\"mainEntityOfPage\":{\"@id\":\"https:\/\/www.africa-press.net\/burkina-faso\/politique\/burkina-faso-des-purges-dans-larmee-apres-lextradition-de-paul-henri-damiba\"},\"wordCount\":303,\"commentCount\":0,\"image\":{\"@id\":\"https:\/\/www.africa-press.net\/burkina-faso\/politique\/burkina-faso-des-purges-dans-larmee-apres-lextradition-de-paul-henri-damiba#primaryimage\"},\"thumbnailUrl\":\"https:\/\/static.africa-press.net\/burkina\/sites\/42\/2026\/01\/sm_1769634139.568836.jpg\",\"articleSection\":[\"Politique\",\"Top Nouvelles\",\"Toutes les actualit\u00e9s\"],\"inLanguage\":\"fr-FR\",\"potentialAction\":[{\"@type\":\"CommentAction\",\"name\":\"Comment\",\"target\":[\"https:\/\/www.africa-press.net\/burkina-faso\/politique\/burkina-faso-des-purges-dans-larmee-apres-lextradition-de-paul-henri-damiba#respond\"]}]},{\"@type\":\"WebPage\",\"@id\":\"https:\/\/www.africa-press.net\/burkina-faso\/politique\/burkina-faso-des-purges-dans-larmee-apres-lextradition-de-paul-henri-damiba\",\"url\":\"https:\/\/www.africa-press.net\/burkina-faso\/politique\/burkina-faso-des-purges-dans-larmee-apres-lextradition-de-paul-henri-damiba\",\"name\":\"Burkina Faso: Des purges dans l'arm\u00e9e apr\u00e8s l'extradition de Paul-Henri Damiba - Burkina Faso\",\"isPartOf\":{\"@id\":\"https:\/\/www.africa-press.net\/burkina-faso\/#website\"},\"primaryImageOfPage\":{\"@id\":\"https:\/\/www.africa-press.net\/burkina-faso\/politique\/burkina-faso-des-purges-dans-larmee-apres-lextradition-de-paul-henri-damiba#primaryimage\"},\"image\":{\"@id\":\"https:\/\/www.africa-press.net\/burkina-faso\/politique\/burkina-faso-des-purges-dans-larmee-apres-lextradition-de-paul-henri-damiba#primaryimage\"},\"thumbnailUrl\":\"https:\/\/static.africa-press.net\/burkina\/sites\/42\/2026\/01\/sm_1769634139.568836.jpg\",\"datePublished\":\"2026-01-28T21:02:19+00:00\",\"author\":{\"@id\":\"https:\/\/www.africa-press.net\/burkina-faso\/#\/schema\/person\/2b1cf3cd81a31e3cd26889ca66d677f1\"},\"breadcrumb\":{\"@id\":\"https:\/\/www.africa-press.net\/burkina-faso\/politique\/burkina-faso-des-purges-dans-larmee-apres-lextradition-de-paul-henri-damiba#breadcrumb\"},\"inLanguage\":\"fr-FR\",\"potentialAction\":[{\"@type\":\"ReadAction\",\"target\":[\"https:\/\/www.africa-press.net\/burkina-faso\/politique\/burkina-faso-des-purges-dans-larmee-apres-lextradition-de-paul-henri-damiba\"]}]},{\"@type\":\"ImageObject\",\"inLanguage\":\"fr-FR\",\"@id\":\"https:\/\/www.africa-press.net\/burkina-faso\/politique\/burkina-faso-des-purges-dans-larmee-apres-lextradition-de-paul-henri-damiba#primaryimage\",\"url\":\"https:\/\/static.africa-press.net\/burkina\/sites\/42\/2026\/01\/sm_1769634139.568836.jpg\",\"contentUrl\":\"https:\/\/static.africa-press.net\/burkina\/sites\/42\/2026\/01\/sm_1769634139.568836.jpg\",\"width\":941,\"height\":576,\"caption\":\"Burkina Faso: Des purges dans l'arm\u00e9e apr\u00e8s l'extradition de Paul-Henri Damiba\"},{\"@type\":\"BreadcrumbList\",\"@id\":\"https:\/\/www.africa-press.net\/burkina-faso\/politique\/burkina-faso-des-purges-dans-larmee-apres-lextradition-de-paul-henri-damiba#breadcrumb\",\"itemListElement\":[{\"@type\":\"ListItem\",\"position\":1,\"name\":\"Accueil\",\"item\":\"https:\/\/www.africa-press.net\/burkina-faso\/\"},{\"@type\":\"ListItem\",\"position\":2,\"name\":\"Burkina Faso: Des purges dans l&rsquo;arm\u00e9e apr\u00e8s l&rsquo;extradition de Paul-Henri Damiba\"}]},{\"@type\":\"WebSite\",\"@id\":\"https:\/\/www.africa-press.net\/burkina-faso\/#website\",\"url\":\"https:\/\/www.africa-press.net\/burkina-faso\/\",\"name\":\"Burkina Faso\",\"description\":\"Just another Africa News Agency Sites site\",\"potentialAction\":[{\"@type\":\"SearchAction\",\"target\":{\"@type\":\"EntryPoint\",\"urlTemplate\":\"https:\/\/www.africa-press.net\/burkina-faso\/?s={search_term_string}\"},\"query-input\":{\"@type\":\"PropertyValueSpecification\",\"valueRequired\":true,\"valueName\":\"search_term_string\"}}],\"inLanguage\":\"fr-FR\"},{\"@type\":\"Person\",\"@id\":\"https:\/\/www.africa-press.net\/burkina-faso\/#\/schema\/person\/2b1cf3cd81a31e3cd26889ca66d677f1\",\"name\":\"cfeditorfr\"}]}<\/script>\n<!-- \/ Yoast SEO Premium plugin. -->","yoast_head_json":{"title":"Burkina Faso: Des purges dans l'arm\u00e9e apr\u00e8s l'extradition de Paul-Henri Damiba - Burkina Faso","robots":{"index":"index","follow":"follow","max-snippet":"max-snippet:-1","max-image-preview":"max-image-preview:large","max-video-preview":"max-video-preview:-1"},"canonical":"https:\/\/www.africa-press.net\/burkina-faso\/politique\/burkina-faso-des-purges-dans-larmee-apres-lextradition-de-paul-henri-damiba","og_locale":"fr_FR","og_type":"article","og_title":"Burkina Faso: Des purges dans l'arm\u00e9e apr\u00e8s l'extradition de Paul-Henri Damiba","og_description":"Effet collat\u00e9ral de l&rsquo;interpellation et de l&rsquo;extradition au Burkina Faso du lieutenant-colonel Damiba : depuis le 17 janvier, une vague d&rsquo;arrestation a lieu dans les milieux militaires et \u00e9galement chez certains civils soup\u00e7onn\u00e9s par les autorit\u00e9s en place d&rsquo;avoir fray\u00e9 avec Paul-Henri Damiba. Ouagadougou soup\u00e7onne ce dernier de plusieurs complots pour faire chuter Ibrahim Traor\u00e9. [&hellip;]","og_url":"https:\/\/www.africa-press.net\/burkina-faso\/politique\/burkina-faso-des-purges-dans-larmee-apres-lextradition-de-paul-henri-damiba","og_site_name":"Burkina Faso","article_published_time":"2026-01-28T21:02:19+00:00","author":"cfeditorfr","twitter_card":"summary_large_image","twitter_misc":{"\u00c9crit par":"cfeditorfr","Dur\u00e9e de lecture estim\u00e9e":"1 minute"},"schema":{"@context":"https:\/\/schema.org","@graph":[{"@type":"Article","@id":"https:\/\/www.africa-press.net\/burkina-faso\/politique\/burkina-faso-des-purges-dans-larmee-apres-lextradition-de-paul-henri-damiba#article","isPartOf":{"@id":"https:\/\/www.africa-press.net\/burkina-faso\/politique\/burkina-faso-des-purges-dans-larmee-apres-lextradition-de-paul-henri-damiba"},"author":{"name":"cfeditorfr","@id":"https:\/\/www.africa-press.net\/burkina-faso\/#\/schema\/person\/2b1cf3cd81a31e3cd26889ca66d677f1"},"headline":"Burkina Faso: Des purges dans l&rsquo;arm\u00e9e apr\u00e8s l&rsquo;extradition de Paul-Henri Damiba","datePublished":"2026-01-28T21:02:19+00:00","mainEntityOfPage":{"@id":"https:\/\/www.africa-press.net\/burkina-faso\/politique\/burkina-faso-des-purges-dans-larmee-apres-lextradition-de-paul-henri-damiba"},"wordCount":303,"commentCount":0,"image":{"@id":"https:\/\/www.africa-press.net\/burkina-faso\/politique\/burkina-faso-des-purges-dans-larmee-apres-lextradition-de-paul-henri-damiba#primaryimage"},"thumbnailUrl":"https:\/\/static.africa-press.net\/burkina\/sites\/42\/2026\/01\/sm_1769634139.568836.jpg","articleSection":["Politique","Top Nouvelles","Toutes les actualit\u00e9s"],"inLanguage":"fr-FR","potentialAction":[{"@type":"CommentAction","name":"Comment","target":["https:\/\/www.africa-press.net\/burkina-faso\/politique\/burkina-faso-des-purges-dans-larmee-apres-lextradition-de-paul-henri-damiba#respond"]}]},{"@type":"WebPage","@id":"https:\/\/www.africa-press.net\/burkina-faso\/politique\/burkina-faso-des-purges-dans-larmee-apres-lextradition-de-paul-henri-damiba","url":"https:\/\/www.africa-press.net\/burkina-faso\/politique\/burkina-faso-des-purges-dans-larmee-apres-lextradition-de-paul-henri-damiba","name":"Burkina Faso: Des purges dans l'arm\u00e9e apr\u00e8s l'extradition de Paul-Henri Damiba - Burkina Faso","isPartOf":{"@id":"https:\/\/www.africa-press.net\/burkina-faso\/#website"},"primaryImageOfPage":{"@id":"https:\/\/www.africa-press.net\/burkina-faso\/politique\/burkina-faso-des-purges-dans-larmee-apres-lextradition-de-paul-henri-damiba#primaryimage"},"image":{"@id":"https:\/\/www.africa-press.net\/burkina-faso\/politique\/burkina-faso-des-purges-dans-larmee-apres-lextradition-de-paul-henri-damiba#primaryimage"},"thumbnailUrl":"https:\/\/static.africa-press.net\/burkina\/sites\/42\/2026\/01\/sm_1769634139.568836.jpg","datePublished":"2026-01-28T21:02:19+00:00","author":{"@id":"https:\/\/www.africa-press.net\/burkina-faso\/#\/schema\/person\/2b1cf3cd81a31e3cd26889ca66d677f1"},"breadcrumb":{"@id":"https:\/\/www.africa-press.net\/burkina-faso\/politique\/burkina-faso-des-purges-dans-larmee-apres-lextradition-de-paul-henri-damiba#breadcrumb"},"inLanguage":"fr-FR","potentialAction":[{"@type":"ReadAction","target":["https:\/\/www.africa-press.net\/burkina-faso\/politique\/burkina-faso-des-purges-dans-larmee-apres-lextradition-de-paul-henri-damiba"]}]},{"@type":"ImageObject","inLanguage":"fr-FR","@id":"https:\/\/www.africa-press.net\/burkina-faso\/politique\/burkina-faso-des-purges-dans-larmee-apres-lextradition-de-paul-henri-damiba#primaryimage","url":"https:\/\/static.africa-press.net\/burkina\/sites\/42\/2026\/01\/sm_1769634139.568836.jpg","contentUrl":"https:\/\/static.africa-press.net\/burkina\/sites\/42\/2026\/01\/sm_1769634139.568836.jpg","width":941,"height":576,"caption":"Burkina Faso: Des purges dans l'arm\u00e9e apr\u00e8s l'extradition de Paul-Henri Damiba"},{"@type":"BreadcrumbList","@id":"https:\/\/www.africa-press.net\/burkina-faso\/politique\/burkina-faso-des-purges-dans-larmee-apres-lextradition-de-paul-henri-damiba#breadcrumb","itemListElement":[{"@type":"ListItem","position":1,"name":"Accueil","item":"https:\/\/www.africa-press.net\/burkina-faso\/"},{"@type":"ListItem","position":2,"name":"Burkina Faso: Des purges dans l&rsquo;arm\u00e9e apr\u00e8s l&rsquo;extradition de Paul-Henri Damiba"}]},{"@type":"WebSite","@id":"https:\/\/www.africa-press.net\/burkina-faso\/#website","url":"https:\/\/www.africa-press.net\/burkina-faso\/","name":"Burkina Faso","description":"Just another Africa News Agency Sites site","potentialAction":[{"@type":"SearchAction","target":{"@type":"EntryPoint","urlTemplate":"https:\/\/www.africa-press.net\/burkina-faso\/?s={search_term_string}"},"query-input":{"@type":"PropertyValueSpecification","valueRequired":true,"valueName":"search_term_string"}}],"inLanguage":"fr-FR"},{"@type":"Person","@id":"https:\/\/www.africa-press.net\/burkina-faso\/#\/schema\/person\/2b1cf3cd81a31e3cd26889ca66d677f1","name":"cfeditorfr"}]}},"_links":{"self":[{"href":"https:\/\/www.africa-press.net\/burkina-faso\/wp-json\/wp\/v2\/posts\/125461","targetHints":{"allow":["GET"]}}],"collection":[{"href":"https:\/\/www.africa-press.net\/burkina-faso\/wp-json\/wp\/v2\/posts"}],"about":[{"href":"https:\/\/www.africa-press.net\/burkina-faso\/wp-json\/wp\/v2\/types\/post"}],"author":[{"embeddable":true,"href":"https:\/\/www.africa-press.net\/burkina-faso\/wp-json\/wp\/v2\/users\/82"}],"replies":[{"embeddable":true,"href":"https:\/\/www.africa-press.net\/burkina-faso\/wp-json\/wp\/v2\/comments?post=125461"}],"version-history":[{"count":0,"href":"https:\/\/www.africa-press.net\/burkina-faso\/wp-json\/wp\/v2\/posts\/125461\/revisions"}],"wp:featuredmedia":[{"embeddable":true,"href":"https:\/\/www.africa-press.net\/burkina-faso\/wp-json\/wp\/v2\/media\/125460"}],"wp:attachment":[{"href":"https:\/\/www.africa-press.net\/burkina-faso\/wp-json\/wp\/v2\/media?parent=125461"}],"wp:term":[{"taxonomy":"category","embeddable":true,"href":"https:\/\/www.africa-press.net\/burkina-faso\/wp-json\/wp\/v2\/categories?post=125461"},{"taxonomy":"post_tag","embeddable":true,"href":"https:\/\/www.africa-press.net\/burkina-faso\/wp-json\/wp\/v2\/tags?post=125461"}],"curies":[{"name":"wp","href":"https:\/\/api.w.org\/{rel}","templated":true}]}}