{"id":125467,"date":"2026-01-29T15:35:22","date_gmt":"2026-01-29T15:35:22","guid":{"rendered":"https:\/\/www.africa-press.net\/burkina-faso\/politique\/solidarite-nationale-la-diaspora-burkinabe-des-etats-unis-et-de-kumasi-mobilisent-plus-de-42-millions-de-francs-cfa"},"modified":"2026-01-29T15:35:22","modified_gmt":"2026-01-29T15:35:22","slug":"solidarite-nationale-la-diaspora-burkinabe-des-etats-unis-et-de-kumasi-mobilisent-plus-de-42-millions-de-francs-cfa","status":"publish","type":"post","link":"https:\/\/www.africa-press.net\/burkina-faso\/politique\/solidarite-nationale-la-diaspora-burkinabe-des-etats-unis-et-de-kumasi-mobilisent-plus-de-42-millions-de-francs-cfa","title":{"rendered":"Solidarit\u00e9 nationale : La diaspora burkinab\u00e8 des \u00c9tats-Unis et de Kumasi mobilisent plus de 42 millions de francs CFA"},"content":{"rendered":"<p>La diaspora burkinab\u00e8 continue de traduire son engagement patriotique en actes concrets. Le ministre des Affaires \u00e9trang\u00e8res, Karamoko Jean Marie Traor\u00e9, accompagn\u00e9 de la ministre d\u00e9l\u00e9gu\u00e9e B\u00eabgnasgnan Eldine Kabr\u00e9\/Kabor\u00e9, a pr\u00e9sid\u00e9, dans la soir\u00e9e du 27 janvier 2026, une c\u00e9r\u00e9monie de remise de contributions au Fonds de soutien patriotique et \u00e0 l\u2019Agence Faso M\u00eabo, pour un montant global d\u2019environ 42,72 millions de francs CFA.<\/p>\n<p>Conduite par le Consul honoraire du Burkina Faso \u00e0 New Jersey, Sa\u00efdou Ou\u00e9draogo, la d\u00e9l\u00e9gation des Burkinab\u00e8 vivant aux \u00c9tats-Unis a remis la quittance d\u2019un don de 38 273 305 francs CFA, enti\u00e8rement destin\u00e9 \u00e0 l\u2019Agence Faso M\u00eabo, en appui aux efforts de d\u00e9veloppement et de reconstruction nationale.<\/p>\n<p>La communaut\u00e9 burkinab\u00e8 de Kumasi, au Ghana, repr\u00e9sent\u00e9e par Adama Blaise Tiendr\u00e9b\u00e9ogo, a \u00e9galement apport\u00e9 sa contribution \u00e0 hauteur de 3 945 864 francs CFA pour le Fonds de soutien patriotique, ainsi qu\u2019un montant additionnel de 500 000 francs CFA au profit de l\u2019Agence Faso M\u00eabo.<\/p>\n<p>\u00c0 travers ces gestes, la diaspora burkinab\u00e8 r\u00e9affirme son soutien constant aux autorit\u00e9s nationales, tant sur le plan de la s\u00e9curit\u00e9 que de la r\u00e9alisation des chantiers structurants de d\u00e9veloppement. Les d\u00e9l\u00e9gations ont exprim\u00e9 leur adh\u00e9sion totale \u00e0 la vision et au leadership du chef de l\u2019\u00c9tat, le capitaine Ibrahim Traor\u00e9, saluant les nombreuses r\u00e9alisations enregistr\u00e9es \u00e0 travers le pays.<\/p>\n<p>Cet \u00e9lan de solidarit\u00e9 a \u00e9t\u00e9 chaleureusement salu\u00e9 par le ministre des Affaires \u00e9trang\u00e8res, qui a transmis la reconnaissance du pr\u00e9sident du Faso et du chef du Gouvernement \u00e0 l\u2019ensemble des Burkinab\u00e8 de l\u2019ext\u00e9rieur.<\/p>\n<p>Le Chef de la diplomatie burkinab\u00e8 a \u00e9galement soulign\u00e9 les \u00e9volutions positives sur le front s\u00e9curitaire, tout en appelant la diaspora \u00e0 maintenir et renforcer cet \u00e9lan patriotique, afin d\u2019accompagner les autorit\u00e9s dans la concr\u00e9tisation des grands projets de reconstruction du Burkina nouveau.<\/p>\n<p>Source : Minist\u00e8re des Affaires \u00e9trang\u00e8res<\/p>\n","protected":false},"excerpt":{"rendered":"<p>La diaspora burkinab\u00e8 continue de traduire son engagement patriotique en actes concrets. Le ministre des Affaires \u00e9trang\u00e8res, Karamoko Jean Marie Traor\u00e9, accompagn\u00e9 de la ministre d\u00e9l\u00e9gu\u00e9e B\u00eabgnasgnan Eldine Kabr\u00e9\/Kabor\u00e9, a pr\u00e9sid\u00e9, dans la soir\u00e9e du 27 janvier 2026, une c\u00e9r\u00e9monie de remise de contributions au Fonds de soutien patriotique et \u00e0 l\u2019Agence Faso M\u00eabo, pour [&hellip;]<\/p>\n","protected":false},"author":82,"featured_media":125466,"comment_status":"open","ping_status":"closed","sticky":false,"template":"","format":"standard","meta":{"footnotes":""},"categories":[2,10],"tags":[],"class_list":["post-125467","post","type-post","status-publish","format-standard","has-post-thumbnail","hentry","category-politique","category-toutes-les-actualites"],"yoast_head":"<!-- This site is optimized with the Yoast SEO Premium plugin v26.1 (Yoast SEO v27.0) - https:\/\/yoast.com\/product\/yoast-seo-premium-wordpress\/ -->\n<title>Solidarit\u00e9 nationale : La diaspora burkinab\u00e8 des \u00c9tats-Unis et de Kumasi mobilisent plus de 42 millions de francs CFA - Burkina Faso<\/title>\n<meta name=\"robots\" content=\"index, follow, max-snippet:-1, max-image-preview:large, max-video-preview:-1\" \/>\n<link rel=\"canonical\" href=\"https:\/\/www.africa-press.net\/burkina-faso\/politique\/solidarite-nationale-la-diaspora-burkinabe-des-etats-unis-et-de-kumasi-mobilisent-plus-de-42-millions-de-francs-cfa\" \/>\n<meta property=\"og:locale\" content=\"fr_FR\" \/>\n<meta property=\"og:type\" content=\"article\" \/>\n<meta property=\"og:title\" content=\"Solidarit\u00e9 nationale : La diaspora burkinab\u00e8 des \u00c9tats-Unis et de Kumasi mobilisent plus de 42 millions de francs CFA\" \/>\n<meta property=\"og:description\" content=\"La diaspora burkinab\u00e8 continue de traduire son engagement patriotique en actes concrets. Le ministre des Affaires \u00e9trang\u00e8res, Karamoko Jean Marie Traor\u00e9, accompagn\u00e9 de la ministre d\u00e9l\u00e9gu\u00e9e B\u00eabgnasgnan Eldine Kabr\u00e9\/Kabor\u00e9, a pr\u00e9sid\u00e9, dans la soir\u00e9e du 27 janvier 2026, une c\u00e9r\u00e9monie de remise de contributions au Fonds de soutien patriotique et \u00e0 l\u2019Agence Faso M\u00eabo, pour [&hellip;]\" \/>\n<meta property=\"og:url\" content=\"https:\/\/www.africa-press.net\/burkina-faso\/politique\/solidarite-nationale-la-diaspora-burkinabe-des-etats-unis-et-de-kumasi-mobilisent-plus-de-42-millions-de-francs-cfa\" \/>\n<meta property=\"og:site_name\" content=\"Burkina Faso\" \/>\n<meta property=\"article:published_time\" content=\"2026-01-29T15:35:22+00:00\" \/>\n<meta name=\"author\" content=\"cfeditorfr\" \/>\n<meta name=\"twitter:card\" content=\"summary_large_image\" \/>\n<meta name=\"twitter:label1\" content=\"\u00c9crit par\" \/>\n\t<meta name=\"twitter:data1\" content=\"cfeditorfr\" \/>\n\t<meta name=\"twitter:label2\" content=\"Dur\u00e9e de lecture estim\u00e9e\" \/>\n\t<meta name=\"twitter:data2\" content=\"2 minutes\" \/>\n<script type=\"application\/ld+json\" class=\"yoast-schema-graph\">{\"@context\":\"https:\/\/schema.org\",\"@graph\":[{\"@type\":\"Article\",\"@id\":\"https:\/\/www.africa-press.net\/burkina-faso\/politique\/solidarite-nationale-la-diaspora-burkinabe-des-etats-unis-et-de-kumasi-mobilisent-plus-de-42-millions-de-francs-cfa#article\",\"isPartOf\":{\"@id\":\"https:\/\/www.africa-press.net\/burkina-faso\/politique\/solidarite-nationale-la-diaspora-burkinabe-des-etats-unis-et-de-kumasi-mobilisent-plus-de-42-millions-de-francs-cfa\"},\"author\":{\"name\":\"cfeditorfr\",\"@id\":\"https:\/\/www.africa-press.net\/burkina-faso\/#\/schema\/person\/2b1cf3cd81a31e3cd26889ca66d677f1\"},\"headline\":\"Solidarit\u00e9 nationale : La diaspora burkinab\u00e8 des \u00c9tats-Unis et de Kumasi mobilisent plus de 42 millions de francs CFA\",\"datePublished\":\"2026-01-29T15:35:22+00:00\",\"mainEntityOfPage\":{\"@id\":\"https:\/\/www.africa-press.net\/burkina-faso\/politique\/solidarite-nationale-la-diaspora-burkinabe-des-etats-unis-et-de-kumasi-mobilisent-plus-de-42-millions-de-francs-cfa\"},\"wordCount\":348,\"commentCount\":0,\"image\":{\"@id\":\"https:\/\/www.africa-press.net\/burkina-faso\/politique\/solidarite-nationale-la-diaspora-burkinabe-des-etats-unis-et-de-kumasi-mobilisent-plus-de-42-millions-de-francs-cfa#primaryimage\"},\"thumbnailUrl\":\"https:\/\/static.africa-press.net\/burkina\/sites\/42\/2026\/01\/sm_1769700922.618176.jpg\",\"articleSection\":[\"Politique\",\"Toutes les actualit\u00e9s\"],\"inLanguage\":\"fr-FR\",\"potentialAction\":[{\"@type\":\"CommentAction\",\"name\":\"Comment\",\"target\":[\"https:\/\/www.africa-press.net\/burkina-faso\/politique\/solidarite-nationale-la-diaspora-burkinabe-des-etats-unis-et-de-kumasi-mobilisent-plus-de-42-millions-de-francs-cfa#respond\"]}]},{\"@type\":\"WebPage\",\"@id\":\"https:\/\/www.africa-press.net\/burkina-faso\/politique\/solidarite-nationale-la-diaspora-burkinabe-des-etats-unis-et-de-kumasi-mobilisent-plus-de-42-millions-de-francs-cfa\",\"url\":\"https:\/\/www.africa-press.net\/burkina-faso\/politique\/solidarite-nationale-la-diaspora-burkinabe-des-etats-unis-et-de-kumasi-mobilisent-plus-de-42-millions-de-francs-cfa\",\"name\":\"Solidarit\u00e9 nationale : La diaspora burkinab\u00e8 des \u00c9tats-Unis et de Kumasi mobilisent plus de 42 millions de francs CFA - Burkina Faso\",\"isPartOf\":{\"@id\":\"https:\/\/www.africa-press.net\/burkina-faso\/#website\"},\"primaryImageOfPage\":{\"@id\":\"https:\/\/www.africa-press.net\/burkina-faso\/politique\/solidarite-nationale-la-diaspora-burkinabe-des-etats-unis-et-de-kumasi-mobilisent-plus-de-42-millions-de-francs-cfa#primaryimage\"},\"image\":{\"@id\":\"https:\/\/www.africa-press.net\/burkina-faso\/politique\/solidarite-nationale-la-diaspora-burkinabe-des-etats-unis-et-de-kumasi-mobilisent-plus-de-42-millions-de-francs-cfa#primaryimage\"},\"thumbnailUrl\":\"https:\/\/static.africa-press.net\/burkina\/sites\/42\/2026\/01\/sm_1769700922.618176.jpg\",\"datePublished\":\"2026-01-29T15:35:22+00:00\",\"author\":{\"@id\":\"https:\/\/www.africa-press.net\/burkina-faso\/#\/schema\/person\/2b1cf3cd81a31e3cd26889ca66d677f1\"},\"breadcrumb\":{\"@id\":\"https:\/\/www.africa-press.net\/burkina-faso\/politique\/solidarite-nationale-la-diaspora-burkinabe-des-etats-unis-et-de-kumasi-mobilisent-plus-de-42-millions-de-francs-cfa#breadcrumb\"},\"inLanguage\":\"fr-FR\",\"potentialAction\":[{\"@type\":\"ReadAction\",\"target\":[\"https:\/\/www.africa-press.net\/burkina-faso\/politique\/solidarite-nationale-la-diaspora-burkinabe-des-etats-unis-et-de-kumasi-mobilisent-plus-de-42-millions-de-francs-cfa\"]}]},{\"@type\":\"ImageObject\",\"inLanguage\":\"fr-FR\",\"@id\":\"https:\/\/www.africa-press.net\/burkina-faso\/politique\/solidarite-nationale-la-diaspora-burkinabe-des-etats-unis-et-de-kumasi-mobilisent-plus-de-42-millions-de-francs-cfa#primaryimage\",\"url\":\"https:\/\/static.africa-press.net\/burkina\/sites\/42\/2026\/01\/sm_1769700922.618176.jpg\",\"contentUrl\":\"https:\/\/static.africa-press.net\/burkina\/sites\/42\/2026\/01\/sm_1769700922.618176.jpg\",\"width\":480,\"height\":261,\"caption\":\"Solidarit\u00e9 nationale : La diaspora burkinab\u00e8 des \u00c9tats-Unis et de Kumasi mobilisent plus de 42 millions de francs CFA\"},{\"@type\":\"BreadcrumbList\",\"@id\":\"https:\/\/www.africa-press.net\/burkina-faso\/politique\/solidarite-nationale-la-diaspora-burkinabe-des-etats-unis-et-de-kumasi-mobilisent-plus-de-42-millions-de-francs-cfa#breadcrumb\",\"itemListElement\":[{\"@type\":\"ListItem\",\"position\":1,\"name\":\"Accueil\",\"item\":\"https:\/\/www.africa-press.net\/burkina-faso\/\"},{\"@type\":\"ListItem\",\"position\":2,\"name\":\"Solidarit\u00e9 nationale : La diaspora burkinab\u00e8 des \u00c9tats-Unis et de Kumasi mobilisent plus de 42 millions de francs CFA\"}]},{\"@type\":\"WebSite\",\"@id\":\"https:\/\/www.africa-press.net\/burkina-faso\/#website\",\"url\":\"https:\/\/www.africa-press.net\/burkina-faso\/\",\"name\":\"Burkina Faso\",\"description\":\"Just another Africa News Agency Sites site\",\"potentialAction\":[{\"@type\":\"SearchAction\",\"target\":{\"@type\":\"EntryPoint\",\"urlTemplate\":\"https:\/\/www.africa-press.net\/burkina-faso\/?s={search_term_string}\"},\"query-input\":{\"@type\":\"PropertyValueSpecification\",\"valueRequired\":true,\"valueName\":\"search_term_string\"}}],\"inLanguage\":\"fr-FR\"},{\"@type\":\"Person\",\"@id\":\"https:\/\/www.africa-press.net\/burkina-faso\/#\/schema\/person\/2b1cf3cd81a31e3cd26889ca66d677f1\",\"name\":\"cfeditorfr\"}]}<\/script>\n<!-- \/ Yoast SEO Premium plugin. -->","yoast_head_json":{"title":"Solidarit\u00e9 nationale : La diaspora burkinab\u00e8 des \u00c9tats-Unis et de Kumasi mobilisent plus de 42 millions de francs CFA - Burkina Faso","robots":{"index":"index","follow":"follow","max-snippet":"max-snippet:-1","max-image-preview":"max-image-preview:large","max-video-preview":"max-video-preview:-1"},"canonical":"https:\/\/www.africa-press.net\/burkina-faso\/politique\/solidarite-nationale-la-diaspora-burkinabe-des-etats-unis-et-de-kumasi-mobilisent-plus-de-42-millions-de-francs-cfa","og_locale":"fr_FR","og_type":"article","og_title":"Solidarit\u00e9 nationale : La diaspora burkinab\u00e8 des \u00c9tats-Unis et de Kumasi mobilisent plus de 42 millions de francs CFA","og_description":"La diaspora burkinab\u00e8 continue de traduire son engagement patriotique en actes concrets. Le ministre des Affaires \u00e9trang\u00e8res, Karamoko Jean Marie Traor\u00e9, accompagn\u00e9 de la ministre d\u00e9l\u00e9gu\u00e9e B\u00eabgnasgnan Eldine Kabr\u00e9\/Kabor\u00e9, a pr\u00e9sid\u00e9, dans la soir\u00e9e du 27 janvier 2026, une c\u00e9r\u00e9monie de remise de contributions au Fonds de soutien patriotique et \u00e0 l\u2019Agence Faso M\u00eabo, pour [&hellip;]","og_url":"https:\/\/www.africa-press.net\/burkina-faso\/politique\/solidarite-nationale-la-diaspora-burkinabe-des-etats-unis-et-de-kumasi-mobilisent-plus-de-42-millions-de-francs-cfa","og_site_name":"Burkina Faso","article_published_time":"2026-01-29T15:35:22+00:00","author":"cfeditorfr","twitter_card":"summary_large_image","twitter_misc":{"\u00c9crit par":"cfeditorfr","Dur\u00e9e de lecture estim\u00e9e":"2 minutes"},"schema":{"@context":"https:\/\/schema.org","@graph":[{"@type":"Article","@id":"https:\/\/www.africa-press.net\/burkina-faso\/politique\/solidarite-nationale-la-diaspora-burkinabe-des-etats-unis-et-de-kumasi-mobilisent-plus-de-42-millions-de-francs-cfa#article","isPartOf":{"@id":"https:\/\/www.africa-press.net\/burkina-faso\/politique\/solidarite-nationale-la-diaspora-burkinabe-des-etats-unis-et-de-kumasi-mobilisent-plus-de-42-millions-de-francs-cfa"},"author":{"name":"cfeditorfr","@id":"https:\/\/www.africa-press.net\/burkina-faso\/#\/schema\/person\/2b1cf3cd81a31e3cd26889ca66d677f1"},"headline":"Solidarit\u00e9 nationale : La diaspora burkinab\u00e8 des \u00c9tats-Unis et de Kumasi mobilisent plus de 42 millions de francs CFA","datePublished":"2026-01-29T15:35:22+00:00","mainEntityOfPage":{"@id":"https:\/\/www.africa-press.net\/burkina-faso\/politique\/solidarite-nationale-la-diaspora-burkinabe-des-etats-unis-et-de-kumasi-mobilisent-plus-de-42-millions-de-francs-cfa"},"wordCount":348,"commentCount":0,"image":{"@id":"https:\/\/www.africa-press.net\/burkina-faso\/politique\/solidarite-nationale-la-diaspora-burkinabe-des-etats-unis-et-de-kumasi-mobilisent-plus-de-42-millions-de-francs-cfa#primaryimage"},"thumbnailUrl":"https:\/\/static.africa-press.net\/burkina\/sites\/42\/2026\/01\/sm_1769700922.618176.jpg","articleSection":["Politique","Toutes les actualit\u00e9s"],"inLanguage":"fr-FR","potentialAction":[{"@type":"CommentAction","name":"Comment","target":["https:\/\/www.africa-press.net\/burkina-faso\/politique\/solidarite-nationale-la-diaspora-burkinabe-des-etats-unis-et-de-kumasi-mobilisent-plus-de-42-millions-de-francs-cfa#respond"]}]},{"@type":"WebPage","@id":"https:\/\/www.africa-press.net\/burkina-faso\/politique\/solidarite-nationale-la-diaspora-burkinabe-des-etats-unis-et-de-kumasi-mobilisent-plus-de-42-millions-de-francs-cfa","url":"https:\/\/www.africa-press.net\/burkina-faso\/politique\/solidarite-nationale-la-diaspora-burkinabe-des-etats-unis-et-de-kumasi-mobilisent-plus-de-42-millions-de-francs-cfa","name":"Solidarit\u00e9 nationale : La diaspora burkinab\u00e8 des \u00c9tats-Unis et de Kumasi mobilisent plus de 42 millions de francs CFA - Burkina Faso","isPartOf":{"@id":"https:\/\/www.africa-press.net\/burkina-faso\/#website"},"primaryImageOfPage":{"@id":"https:\/\/www.africa-press.net\/burkina-faso\/politique\/solidarite-nationale-la-diaspora-burkinabe-des-etats-unis-et-de-kumasi-mobilisent-plus-de-42-millions-de-francs-cfa#primaryimage"},"image":{"@id":"https:\/\/www.africa-press.net\/burkina-faso\/politique\/solidarite-nationale-la-diaspora-burkinabe-des-etats-unis-et-de-kumasi-mobilisent-plus-de-42-millions-de-francs-cfa#primaryimage"},"thumbnailUrl":"https:\/\/static.africa-press.net\/burkina\/sites\/42\/2026\/01\/sm_1769700922.618176.jpg","datePublished":"2026-01-29T15:35:22+00:00","author":{"@id":"https:\/\/www.africa-press.net\/burkina-faso\/#\/schema\/person\/2b1cf3cd81a31e3cd26889ca66d677f1"},"breadcrumb":{"@id":"https:\/\/www.africa-press.net\/burkina-faso\/politique\/solidarite-nationale-la-diaspora-burkinabe-des-etats-unis-et-de-kumasi-mobilisent-plus-de-42-millions-de-francs-cfa#breadcrumb"},"inLanguage":"fr-FR","potentialAction":[{"@type":"ReadAction","target":["https:\/\/www.africa-press.net\/burkina-faso\/politique\/solidarite-nationale-la-diaspora-burkinabe-des-etats-unis-et-de-kumasi-mobilisent-plus-de-42-millions-de-francs-cfa"]}]},{"@type":"ImageObject","inLanguage":"fr-FR","@id":"https:\/\/www.africa-press.net\/burkina-faso\/politique\/solidarite-nationale-la-diaspora-burkinabe-des-etats-unis-et-de-kumasi-mobilisent-plus-de-42-millions-de-francs-cfa#primaryimage","url":"https:\/\/static.africa-press.net\/burkina\/sites\/42\/2026\/01\/sm_1769700922.618176.jpg","contentUrl":"https:\/\/static.africa-press.net\/burkina\/sites\/42\/2026\/01\/sm_1769700922.618176.jpg","width":480,"height":261,"caption":"Solidarit\u00e9 nationale : La diaspora burkinab\u00e8 des \u00c9tats-Unis et de Kumasi mobilisent plus de 42 millions de francs CFA"},{"@type":"BreadcrumbList","@id":"https:\/\/www.africa-press.net\/burkina-faso\/politique\/solidarite-nationale-la-diaspora-burkinabe-des-etats-unis-et-de-kumasi-mobilisent-plus-de-42-millions-de-francs-cfa#breadcrumb","itemListElement":[{"@type":"ListItem","position":1,"name":"Accueil","item":"https:\/\/www.africa-press.net\/burkina-faso\/"},{"@type":"ListItem","position":2,"name":"Solidarit\u00e9 nationale : La diaspora burkinab\u00e8 des \u00c9tats-Unis et de Kumasi mobilisent plus de 42 millions de francs CFA"}]},{"@type":"WebSite","@id":"https:\/\/www.africa-press.net\/burkina-faso\/#website","url":"https:\/\/www.africa-press.net\/burkina-faso\/","name":"Burkina Faso","description":"Just another Africa News Agency Sites site","potentialAction":[{"@type":"SearchAction","target":{"@type":"EntryPoint","urlTemplate":"https:\/\/www.africa-press.net\/burkina-faso\/?s={search_term_string}"},"query-input":{"@type":"PropertyValueSpecification","valueRequired":true,"valueName":"search_term_string"}}],"inLanguage":"fr-FR"},{"@type":"Person","@id":"https:\/\/www.africa-press.net\/burkina-faso\/#\/schema\/person\/2b1cf3cd81a31e3cd26889ca66d677f1","name":"cfeditorfr"}]}},"_links":{"self":[{"href":"https:\/\/www.africa-press.net\/burkina-faso\/wp-json\/wp\/v2\/posts\/125467","targetHints":{"allow":["GET"]}}],"collection":[{"href":"https:\/\/www.africa-press.net\/burkina-faso\/wp-json\/wp\/v2\/posts"}],"about":[{"href":"https:\/\/www.africa-press.net\/burkina-faso\/wp-json\/wp\/v2\/types\/post"}],"author":[{"embeddable":true,"href":"https:\/\/www.africa-press.net\/burkina-faso\/wp-json\/wp\/v2\/users\/82"}],"replies":[{"embeddable":true,"href":"https:\/\/www.africa-press.net\/burkina-faso\/wp-json\/wp\/v2\/comments?post=125467"}],"version-history":[{"count":0,"href":"https:\/\/www.africa-press.net\/burkina-faso\/wp-json\/wp\/v2\/posts\/125467\/revisions"}],"wp:featuredmedia":[{"embeddable":true,"href":"https:\/\/www.africa-press.net\/burkina-faso\/wp-json\/wp\/v2\/media\/125466"}],"wp:attachment":[{"href":"https:\/\/www.africa-press.net\/burkina-faso\/wp-json\/wp\/v2\/media?parent=125467"}],"wp:term":[{"taxonomy":"category","embeddable":true,"href":"https:\/\/www.africa-press.net\/burkina-faso\/wp-json\/wp\/v2\/categories?post=125467"},{"taxonomy":"post_tag","embeddable":true,"href":"https:\/\/www.africa-press.net\/burkina-faso\/wp-json\/wp\/v2\/tags?post=125467"}],"curies":[{"name":"wp","href":"https:\/\/api.w.org\/{rel}","templated":true}]}}