{"id":125494,"date":"2026-01-31T20:46:33","date_gmt":"2026-01-31T20:46:33","guid":{"rendered":"https:\/\/www.africa-press.net\/burkina-faso\/politique\/initiative-presidentielle-ameliore-le-chu-yalgado-ouedraogo"},"modified":"2026-01-31T21:04:30","modified_gmt":"2026-01-31T21:04:30","slug":"initiative-presidentielle-ameliore-le-chu-yalgado-ouedraogo","status":"publish","type":"post","link":"https:\/\/www.africa-press.net\/burkina-faso\/toutes-les-actualites\/initiative-presidentielle-ameliore-le-chu-yalgado-ouedraogo","title":{"rendered":"Initiative pr\u00e9sidentielle am\u00e9liore le CHU Yalgado-Ouedraogo"},"content":{"rendered":"<p><span style=\"color: #ff6600\"><strong>Africa-Press &#8211; Burkina Faso. <\/strong><\/span>L\u2019Initiative pre\u0301sidentielle pour la sante\u0301 (IPS) a proce\u0301de\u0301, le 23 janvier dernier, a\u0300 une remise d\u2019e\u0301quipements me\u0301dicaux au Centre hospitalier Universitaire Yalgado-Ouedraogo (CHU-YO), en vue de renforcer le plateau technique et d\u2019ame\u0301liorer la prise en charge des malades.<\/p>\n<p>D\u2019une valeur estime\u0301e a\u0300 300 millions FCFA, ce don de l\u2019IPS comprend, entre autres, un e\u0301chographe, des couveuses, des tables d\u2019ope\u0301ration, un appareil pour e\u0301valuer la sante\u0301 du foie (Fibro Touch), un appareil de re\u0301animation et la re\u0301alisation d&rsquo;une centrale d\u2019air et de vide me\u0301dical pour la production et la distribution d\u2019oxyge\u0300ne en continu.<\/p>\n<p>Plusieurs services dont la chirurgie visce\u0301rale, la cardiologie, l\u2019imagerie, l\u2019odontologie, l\u2019urgence pe\u0301diatrique et ne\u0301o-natale, l\u2019anesthe\u0301sie-re\u0301animation, la kine\u0301sithe\u0301rapie, l\u2019endoscopie diagnostique et the\u0301rapeutique ont vu ainsi leurs plateaux techniques releve\u0301s.<\/p>\n<p>Selon le coordonnateur national de l\u2019IPS, Drissa Traore\u0301, en plus de la dotation en e\u0301quipements, l\u2019IPS a proce\u0301de\u0301 a\u0300 la re\u0301fection comple\u0300te des salles be\u0301ne\u0301ficiaires, notamment le bloc ope\u0301ratoire de la chirurgie visce\u0301rale, le service de radiologie, les services dentaires et d\u2019imagerie me\u0301dicale.<\/p>\n<p>\u00ab Tous ces e\u0301quipements permettent au Centre hospitalier universitaire Yalgado-Ouedraogo de progresser vers la souverainete\u0301 sanitaire, conforme\u0301ment a\u0300 la vision du chef de l\u2019E\u0301tat, le capitaine Ibrahim Traore\u0301 \u00bb, a-t-il souligne\u0301. Le directeur ge\u0301ne\u0301ral du CHU-YO, Ousmane Ne\u0301re\u0301 a salue\u0301 cette contribution de l\u2019IPS qui vient renforcer la prise en charge des patients tout en ame\u0301liorant les conditions de travail du personnel de sante\u0301 et le se\u0301jour des malades.<\/p>\n<p>Il a traduit sa reconnaissance aux autorite\u0301s burkinabe\u0300 qui ont \u0153uvre\u0301 a\u0300 re\u0301pondre aux besoins cruciaux du CHU Yalgado-Ouedraogo en termes d\u2019e\u0301quipements me\u0301dicaux. Lance\u0301e en 2024, l\u2019Initiative pre\u0301sidentielle pour la sante\u0301 est un vaste programme place\u0301 sous l\u2019e\u0301gide du pre\u0301sident du Faso. Il vise a\u0300 transformer le syste\u0300me sanitaire national par la construction de centres me\u0301dicaux communaux dote\u0301s de blocs de re\u0301animation, afin de renforcer la souverainete\u0301 sanitaire du pays.<\/p>\n<p><strong>Pour plus d&rsquo;informations et d&rsquo;analyses sur la <span style=\"color: #ff6600\">Burkina Faso<\/span>, suivez <span style=\"color: #ff6600\">Africa-Press<\/span><\/strong><\/p>\n","protected":false},"excerpt":{"rendered":"<p>Africa-Press &#8211; Burkina Faso. L\u2019Initiative pre\u0301sidentielle pour la sante\u0301 (IPS) a proce\u0301de\u0301, le 23 janvier dernier, a\u0300 une remise d\u2019e\u0301quipements me\u0301dicaux au Centre hospitalier Universitaire Yalgado-Ouedraogo (CHU-YO), en vue de renforcer le plateau technique et d\u2019ame\u0301liorer la prise en charge des malades. D\u2019une valeur estime\u0301e a\u0300 300 millions FCFA, ce don de l\u2019IPS comprend, entre [&hellip;]<\/p>\n","protected":false},"author":82,"featured_media":125493,"comment_status":"open","ping_status":"closed","sticky":false,"template":"","format":"standard","meta":{"footnotes":""},"categories":[21,10],"tags":[29],"class_list":["post-125494","post","type-post","status-publish","format-standard","has-post-thumbnail","hentry","category-communaute","category-toutes-les-actualites","tag-burkina-faso"],"yoast_head":"<!-- This site is optimized with the Yoast SEO Premium plugin v26.1 (Yoast SEO v27.0) - https:\/\/yoast.com\/product\/yoast-seo-premium-wordpress\/ -->\n<title>Initiative pr\u00e9sidentielle am\u00e9liore le CHU Yalgado-Ouedraogo - Burkina Faso<\/title>\n<meta name=\"description\" content=\"L\u2019Initiative pre\u0301sidentielle pour la sante\u0301 (IPS) a proce\u0301de\u0301, le 23 janvier dernier, a\u0300 une remise d\u2019e\u0301quipements me\u0301di ...\" \/>\n<meta name=\"robots\" content=\"index, follow, max-snippet:-1, max-image-preview:large, max-video-preview:-1\" \/>\n<link rel=\"canonical\" href=\"https:\/\/www.africa-press.net\/burkina-faso\/toutes-les-actualites\/initiative-presidentielle-ameliore-le-chu-yalgado-ouedraogo\" \/>\n<meta property=\"og:locale\" content=\"fr_FR\" \/>\n<meta property=\"og:type\" content=\"article\" \/>\n<meta property=\"og:title\" content=\"Initiative pr\u00e9sidentielle am\u00e9liore le CHU Yalgado-Ouedraogo\" \/>\n<meta property=\"og:description\" content=\"L\u2019Initiative pre\u0301sidentielle pour la sante\u0301 (IPS) a proce\u0301de\u0301, le 23 janvier dernier, a\u0300 une remise d\u2019e\u0301quipements me\u0301di ...\" \/>\n<meta property=\"og:url\" content=\"https:\/\/www.africa-press.net\/burkina-faso\/toutes-les-actualites\/initiative-presidentielle-ameliore-le-chu-yalgado-ouedraogo\" \/>\n<meta property=\"og:site_name\" content=\"Burkina Faso\" \/>\n<meta property=\"article:published_time\" content=\"2026-01-31T20:46:33+00:00\" \/>\n<meta property=\"article:modified_time\" content=\"2026-01-31T21:04:30+00:00\" \/>\n<meta property=\"og:image\" content=\"https:\/\/static.africa-press.net\/burkina\/sites\/42\/2026\/01\/sm_1769880633.740454.jpg\" \/>\n\t<meta property=\"og:image:width\" content=\"1280\" \/>\n\t<meta property=\"og:image:height\" content=\"853\" \/>\n\t<meta property=\"og:image:type\" content=\"image\/jpeg\" \/>\n<meta name=\"author\" content=\"cfeditorfr\" \/>\n<meta name=\"twitter:card\" content=\"summary_large_image\" \/>\n<meta name=\"twitter:label1\" content=\"\u00c9crit par\" \/>\n\t<meta name=\"twitter:data1\" content=\"cfeditorfr\" \/>\n\t<meta name=\"twitter:label2\" content=\"Dur\u00e9e de lecture estim\u00e9e\" \/>\n\t<meta name=\"twitter:data2\" content=\"2 minutes\" \/>\n<script type=\"application\/ld+json\" class=\"yoast-schema-graph\">{\"@context\":\"https:\/\/schema.org\",\"@graph\":[{\"@type\":\"Article\",\"@id\":\"https:\/\/www.africa-press.net\/burkina-faso\/toutes-les-actualites\/initiative-presidentielle-ameliore-le-chu-yalgado-ouedraogo#article\",\"isPartOf\":{\"@id\":\"https:\/\/www.africa-press.net\/burkina-faso\/toutes-les-actualites\/initiative-presidentielle-ameliore-le-chu-yalgado-ouedraogo\"},\"author\":{\"name\":\"cfeditorfr\",\"@id\":\"https:\/\/www.africa-press.net\/burkina-faso\/#\/schema\/person\/2b1cf3cd81a31e3cd26889ca66d677f1\"},\"headline\":\"Initiative pr\u00e9sidentielle am\u00e9liore le CHU Yalgado-Ouedraogo\",\"datePublished\":\"2026-01-31T20:46:33+00:00\",\"dateModified\":\"2026-01-31T21:04:30+00:00\",\"mainEntityOfPage\":{\"@id\":\"https:\/\/www.africa-press.net\/burkina-faso\/toutes-les-actualites\/initiative-presidentielle-ameliore-le-chu-yalgado-ouedraogo\"},\"wordCount\":395,\"commentCount\":0,\"image\":{\"@id\":\"https:\/\/www.africa-press.net\/burkina-faso\/toutes-les-actualites\/initiative-presidentielle-ameliore-le-chu-yalgado-ouedraogo#primaryimage\"},\"thumbnailUrl\":\"https:\/\/static.africa-press.net\/burkina\/sites\/42\/2026\/01\/sm_1769880633.740454.jpg\",\"keywords\":[\"Burkina Faso\"],\"articleSection\":[\"Communaut\u00e9\",\"Toutes les actualit\u00e9s\"],\"inLanguage\":\"fr-FR\",\"potentialAction\":[{\"@type\":\"CommentAction\",\"name\":\"Comment\",\"target\":[\"https:\/\/www.africa-press.net\/burkina-faso\/toutes-les-actualites\/initiative-presidentielle-ameliore-le-chu-yalgado-ouedraogo#respond\"]}]},{\"@type\":\"WebPage\",\"@id\":\"https:\/\/www.africa-press.net\/burkina-faso\/toutes-les-actualites\/initiative-presidentielle-ameliore-le-chu-yalgado-ouedraogo\",\"url\":\"https:\/\/www.africa-press.net\/burkina-faso\/toutes-les-actualites\/initiative-presidentielle-ameliore-le-chu-yalgado-ouedraogo\",\"name\":\"Initiative pr\u00e9sidentielle am\u00e9liore le CHU Yalgado-Ouedraogo - Burkina Faso\",\"isPartOf\":{\"@id\":\"https:\/\/www.africa-press.net\/burkina-faso\/#website\"},\"primaryImageOfPage\":{\"@id\":\"https:\/\/www.africa-press.net\/burkina-faso\/toutes-les-actualites\/initiative-presidentielle-ameliore-le-chu-yalgado-ouedraogo#primaryimage\"},\"image\":{\"@id\":\"https:\/\/www.africa-press.net\/burkina-faso\/toutes-les-actualites\/initiative-presidentielle-ameliore-le-chu-yalgado-ouedraogo#primaryimage\"},\"thumbnailUrl\":\"https:\/\/static.africa-press.net\/burkina\/sites\/42\/2026\/01\/sm_1769880633.740454.jpg\",\"datePublished\":\"2026-01-31T20:46:33+00:00\",\"dateModified\":\"2026-01-31T21:04:30+00:00\",\"author\":{\"@id\":\"https:\/\/www.africa-press.net\/burkina-faso\/#\/schema\/person\/2b1cf3cd81a31e3cd26889ca66d677f1\"},\"description\":\"L\u2019Initiative pre\u0301sidentielle pour la sante\u0301 (IPS) a proce\u0301de\u0301, le 23 janvier dernier, a\u0300 une remise d\u2019e\u0301quipements me\u0301di ...\",\"breadcrumb\":{\"@id\":\"https:\/\/www.africa-press.net\/burkina-faso\/toutes-les-actualites\/initiative-presidentielle-ameliore-le-chu-yalgado-ouedraogo#breadcrumb\"},\"inLanguage\":\"fr-FR\",\"potentialAction\":[{\"@type\":\"ReadAction\",\"target\":[\"https:\/\/www.africa-press.net\/burkina-faso\/toutes-les-actualites\/initiative-presidentielle-ameliore-le-chu-yalgado-ouedraogo\"]}]},{\"@type\":\"ImageObject\",\"inLanguage\":\"fr-FR\",\"@id\":\"https:\/\/www.africa-press.net\/burkina-faso\/toutes-les-actualites\/initiative-presidentielle-ameliore-le-chu-yalgado-ouedraogo#primaryimage\",\"url\":\"https:\/\/static.africa-press.net\/burkina\/sites\/42\/2026\/01\/sm_1769880633.740454.jpg\",\"contentUrl\":\"https:\/\/static.africa-press.net\/burkina\/sites\/42\/2026\/01\/sm_1769880633.740454.jpg\",\"width\":1280,\"height\":853,\"caption\":\"Initiative pr\u00e9sidentielle am\u00e9liore le CHU Yalgado-Ouedraogo\"},{\"@type\":\"BreadcrumbList\",\"@id\":\"https:\/\/www.africa-press.net\/burkina-faso\/toutes-les-actualites\/initiative-presidentielle-ameliore-le-chu-yalgado-ouedraogo#breadcrumb\",\"itemListElement\":[{\"@type\":\"ListItem\",\"position\":1,\"name\":\"Accueil\",\"item\":\"https:\/\/www.africa-press.net\/burkina-faso\/\"},{\"@type\":\"ListItem\",\"position\":2,\"name\":\"Initiative pr\u00e9sidentielle am\u00e9liore le CHU Yalgado-Ouedraogo\"}]},{\"@type\":\"WebSite\",\"@id\":\"https:\/\/www.africa-press.net\/burkina-faso\/#website\",\"url\":\"https:\/\/www.africa-press.net\/burkina-faso\/\",\"name\":\"Burkina Faso\",\"description\":\"Just another Africa News Agency Sites site\",\"potentialAction\":[{\"@type\":\"SearchAction\",\"target\":{\"@type\":\"EntryPoint\",\"urlTemplate\":\"https:\/\/www.africa-press.net\/burkina-faso\/?s={search_term_string}\"},\"query-input\":{\"@type\":\"PropertyValueSpecification\",\"valueRequired\":true,\"valueName\":\"search_term_string\"}}],\"inLanguage\":\"fr-FR\"},{\"@type\":\"Person\",\"@id\":\"https:\/\/www.africa-press.net\/burkina-faso\/#\/schema\/person\/2b1cf3cd81a31e3cd26889ca66d677f1\",\"name\":\"cfeditorfr\"}]}<\/script>\n<!-- \/ Yoast SEO Premium plugin. -->","yoast_head_json":{"title":"Initiative pr\u00e9sidentielle am\u00e9liore le CHU Yalgado-Ouedraogo - Burkina Faso","description":"L\u2019Initiative pre\u0301sidentielle pour la sante\u0301 (IPS) a proce\u0301de\u0301, le 23 janvier dernier, a\u0300 une remise d\u2019e\u0301quipements me\u0301di ...","robots":{"index":"index","follow":"follow","max-snippet":"max-snippet:-1","max-image-preview":"max-image-preview:large","max-video-preview":"max-video-preview:-1"},"canonical":"https:\/\/www.africa-press.net\/burkina-faso\/toutes-les-actualites\/initiative-presidentielle-ameliore-le-chu-yalgado-ouedraogo","og_locale":"fr_FR","og_type":"article","og_title":"Initiative pr\u00e9sidentielle am\u00e9liore le CHU Yalgado-Ouedraogo","og_description":"L\u2019Initiative pre\u0301sidentielle pour la sante\u0301 (IPS) a proce\u0301de\u0301, le 23 janvier dernier, a\u0300 une remise d\u2019e\u0301quipements me\u0301di ...","og_url":"https:\/\/www.africa-press.net\/burkina-faso\/toutes-les-actualites\/initiative-presidentielle-ameliore-le-chu-yalgado-ouedraogo","og_site_name":"Burkina Faso","article_published_time":"2026-01-31T20:46:33+00:00","article_modified_time":"2026-01-31T21:04:30+00:00","og_image":[{"width":1280,"height":853,"url":"https:\/\/static.africa-press.net\/burkina\/sites\/42\/2026\/01\/sm_1769880633.740454.jpg","type":"image\/jpeg"}],"author":"cfeditorfr","twitter_card":"summary_large_image","twitter_misc":{"\u00c9crit par":"cfeditorfr","Dur\u00e9e de lecture estim\u00e9e":"2 minutes"},"schema":{"@context":"https:\/\/schema.org","@graph":[{"@type":"Article","@id":"https:\/\/www.africa-press.net\/burkina-faso\/toutes-les-actualites\/initiative-presidentielle-ameliore-le-chu-yalgado-ouedraogo#article","isPartOf":{"@id":"https:\/\/www.africa-press.net\/burkina-faso\/toutes-les-actualites\/initiative-presidentielle-ameliore-le-chu-yalgado-ouedraogo"},"author":{"name":"cfeditorfr","@id":"https:\/\/www.africa-press.net\/burkina-faso\/#\/schema\/person\/2b1cf3cd81a31e3cd26889ca66d677f1"},"headline":"Initiative pr\u00e9sidentielle am\u00e9liore le CHU Yalgado-Ouedraogo","datePublished":"2026-01-31T20:46:33+00:00","dateModified":"2026-01-31T21:04:30+00:00","mainEntityOfPage":{"@id":"https:\/\/www.africa-press.net\/burkina-faso\/toutes-les-actualites\/initiative-presidentielle-ameliore-le-chu-yalgado-ouedraogo"},"wordCount":395,"commentCount":0,"image":{"@id":"https:\/\/www.africa-press.net\/burkina-faso\/toutes-les-actualites\/initiative-presidentielle-ameliore-le-chu-yalgado-ouedraogo#primaryimage"},"thumbnailUrl":"https:\/\/static.africa-press.net\/burkina\/sites\/42\/2026\/01\/sm_1769880633.740454.jpg","keywords":["Burkina Faso"],"articleSection":["Communaut\u00e9","Toutes les actualit\u00e9s"],"inLanguage":"fr-FR","potentialAction":[{"@type":"CommentAction","name":"Comment","target":["https:\/\/www.africa-press.net\/burkina-faso\/toutes-les-actualites\/initiative-presidentielle-ameliore-le-chu-yalgado-ouedraogo#respond"]}]},{"@type":"WebPage","@id":"https:\/\/www.africa-press.net\/burkina-faso\/toutes-les-actualites\/initiative-presidentielle-ameliore-le-chu-yalgado-ouedraogo","url":"https:\/\/www.africa-press.net\/burkina-faso\/toutes-les-actualites\/initiative-presidentielle-ameliore-le-chu-yalgado-ouedraogo","name":"Initiative pr\u00e9sidentielle am\u00e9liore le CHU Yalgado-Ouedraogo - Burkina Faso","isPartOf":{"@id":"https:\/\/www.africa-press.net\/burkina-faso\/#website"},"primaryImageOfPage":{"@id":"https:\/\/www.africa-press.net\/burkina-faso\/toutes-les-actualites\/initiative-presidentielle-ameliore-le-chu-yalgado-ouedraogo#primaryimage"},"image":{"@id":"https:\/\/www.africa-press.net\/burkina-faso\/toutes-les-actualites\/initiative-presidentielle-ameliore-le-chu-yalgado-ouedraogo#primaryimage"},"thumbnailUrl":"https:\/\/static.africa-press.net\/burkina\/sites\/42\/2026\/01\/sm_1769880633.740454.jpg","datePublished":"2026-01-31T20:46:33+00:00","dateModified":"2026-01-31T21:04:30+00:00","author":{"@id":"https:\/\/www.africa-press.net\/burkina-faso\/#\/schema\/person\/2b1cf3cd81a31e3cd26889ca66d677f1"},"description":"L\u2019Initiative pre\u0301sidentielle pour la sante\u0301 (IPS) a proce\u0301de\u0301, le 23 janvier dernier, a\u0300 une remise d\u2019e\u0301quipements me\u0301di ...","breadcrumb":{"@id":"https:\/\/www.africa-press.net\/burkina-faso\/toutes-les-actualites\/initiative-presidentielle-ameliore-le-chu-yalgado-ouedraogo#breadcrumb"},"inLanguage":"fr-FR","potentialAction":[{"@type":"ReadAction","target":["https:\/\/www.africa-press.net\/burkina-faso\/toutes-les-actualites\/initiative-presidentielle-ameliore-le-chu-yalgado-ouedraogo"]}]},{"@type":"ImageObject","inLanguage":"fr-FR","@id":"https:\/\/www.africa-press.net\/burkina-faso\/toutes-les-actualites\/initiative-presidentielle-ameliore-le-chu-yalgado-ouedraogo#primaryimage","url":"https:\/\/static.africa-press.net\/burkina\/sites\/42\/2026\/01\/sm_1769880633.740454.jpg","contentUrl":"https:\/\/static.africa-press.net\/burkina\/sites\/42\/2026\/01\/sm_1769880633.740454.jpg","width":1280,"height":853,"caption":"Initiative pr\u00e9sidentielle am\u00e9liore le CHU Yalgado-Ouedraogo"},{"@type":"BreadcrumbList","@id":"https:\/\/www.africa-press.net\/burkina-faso\/toutes-les-actualites\/initiative-presidentielle-ameliore-le-chu-yalgado-ouedraogo#breadcrumb","itemListElement":[{"@type":"ListItem","position":1,"name":"Accueil","item":"https:\/\/www.africa-press.net\/burkina-faso\/"},{"@type":"ListItem","position":2,"name":"Initiative pr\u00e9sidentielle am\u00e9liore le CHU Yalgado-Ouedraogo"}]},{"@type":"WebSite","@id":"https:\/\/www.africa-press.net\/burkina-faso\/#website","url":"https:\/\/www.africa-press.net\/burkina-faso\/","name":"Burkina Faso","description":"Just another Africa News Agency Sites site","potentialAction":[{"@type":"SearchAction","target":{"@type":"EntryPoint","urlTemplate":"https:\/\/www.africa-press.net\/burkina-faso\/?s={search_term_string}"},"query-input":{"@type":"PropertyValueSpecification","valueRequired":true,"valueName":"search_term_string"}}],"inLanguage":"fr-FR"},{"@type":"Person","@id":"https:\/\/www.africa-press.net\/burkina-faso\/#\/schema\/person\/2b1cf3cd81a31e3cd26889ca66d677f1","name":"cfeditorfr"}]}},"_links":{"self":[{"href":"https:\/\/www.africa-press.net\/burkina-faso\/wp-json\/wp\/v2\/posts\/125494","targetHints":{"allow":["GET"]}}],"collection":[{"href":"https:\/\/www.africa-press.net\/burkina-faso\/wp-json\/wp\/v2\/posts"}],"about":[{"href":"https:\/\/www.africa-press.net\/burkina-faso\/wp-json\/wp\/v2\/types\/post"}],"author":[{"embeddable":true,"href":"https:\/\/www.africa-press.net\/burkina-faso\/wp-json\/wp\/v2\/users\/82"}],"replies":[{"embeddable":true,"href":"https:\/\/www.africa-press.net\/burkina-faso\/wp-json\/wp\/v2\/comments?post=125494"}],"version-history":[{"count":0,"href":"https:\/\/www.africa-press.net\/burkina-faso\/wp-json\/wp\/v2\/posts\/125494\/revisions"}],"wp:featuredmedia":[{"embeddable":true,"href":"https:\/\/www.africa-press.net\/burkina-faso\/wp-json\/wp\/v2\/media\/125493"}],"wp:attachment":[{"href":"https:\/\/www.africa-press.net\/burkina-faso\/wp-json\/wp\/v2\/media?parent=125494"}],"wp:term":[{"taxonomy":"category","embeddable":true,"href":"https:\/\/www.africa-press.net\/burkina-faso\/wp-json\/wp\/v2\/categories?post=125494"},{"taxonomy":"post_tag","embeddable":true,"href":"https:\/\/www.africa-press.net\/burkina-faso\/wp-json\/wp\/v2\/tags?post=125494"}],"curies":[{"name":"wp","href":"https:\/\/api.w.org\/{rel}","templated":true}]}}