{"id":125705,"date":"2026-02-03T16:07:40","date_gmt":"2026-02-03T16:07:40","guid":{"rendered":"https:\/\/www.africa-press.net\/burkina-faso\/politique\/contrats-dobjectifs-2025-performance-de-9232"},"modified":"2026-02-03T17:02:34","modified_gmt":"2026-02-03T17:02:34","slug":"contrats-dobjectifs-2025-performance-de-9232","status":"publish","type":"post","link":"https:\/\/www.africa-press.net\/burkina-faso\/politique\/contrats-dobjectifs-2025-performance-de-9232","title":{"rendered":"Contrats d\u2019Objectifs 2025: Performance de 92,32%"},"content":{"rendered":"<p><span style=\"color: #ff6600\"><strong>Africa-Press &#8211; Burkina Faso. <\/strong><\/span><b>Le Premier ministre, Rimtalba Jean Emmanuel Oue\u0301draogo, a entame\u0301, ce lundi 02 fe\u0301vrier 2026, l\u2019e\u0301valuation de la mise en \u0153uvre des contrats d\u2019objectifs 2025 des membres du Gouvernement. La premie\u0300re se\u0301ance de cet exercice de redevabilite\u0301 a concerne\u0301 le Ministre d\u2019E\u0301tat, Ministre de la Guerre et de la De\u0301fense patriotique, le Ge\u0301ne\u0301ral de division Ce\u0301lestin Simpore\u0301. <\/b><\/p>\n<p>A\u0300 l\u2019issue de cette e\u0301valuation, le de\u0301partement en charge de la Guerre et de la De\u0301fense patriotique a enregistre\u0301 un taux d\u2019exe\u0301cution physique de 92,32%, traduisant une performance globalement satisfaisante au regard des objectifs assigne\u0301s.<\/p>\n<p>Ce re\u0301sultat est issu de la mise en \u0153uvre d\u2019une trentaine d\u2019activite\u0301s majeures, principalement axe\u0301es sur la monte\u0301e en puissance des forces combattantes, la reconque\u0302te du territoire national, la stabilisation des localite\u0301s, le retour progressif des populations de\u0301place\u0301es, ainsi que la prise en charge psychologique et psychosociale des forces engage\u0301es.<\/p>\n<p>Selon le Ministre d\u2019E\u0301tat, l\u2019intensification des ope\u0301rations militaires a permis le contro\u0302le inte\u0301gral de pre\u0300s de 74 % du territoire national, correspondant a\u0300 environ 400 a\u0300 500 villages reconquis, renforc\u0327ant ainsi la dynamique de se\u0301curisation et de restauration de l\u2019autorite\u0301 de l\u2019E\u0301tat.<\/p>\n<p>Le Ge\u0301ne\u0301ral de division Ce\u0301lestin Simpore\u0301 a, a\u0300 cette occasion, rendu un vibrant hommage aux Forces de de\u0301fense et de se\u0301curite\u0301, aux Volontaires pour la de\u0301fense de la Patrie, ainsi qu\u2019aux vaillantes populations, pour leur engagement de\u0301termine\u0301 dans le combat pour la liberte\u0301, l\u2019inde\u0301pendance et la souverainete\u0301 ve\u0301ritable du Burkina Faso et de l\u2019espace confe\u0301de\u0301ral AES.<\/p>\n<p>Le Premier ministre a fe\u0301licite\u0301 le Ministre d\u2019E\u0301tat et l\u2019ensemble de son de\u0301partement pour les efforts soutenus consentis dans la lutte contre le terrorisme et la se\u0301curisation du territoire national.<\/p>\n<p>Se projetant sur l\u2019anne\u0301e 2026, le Chef du Gouvernement a re\u0301affirme\u0301 l\u2019engagement ferme de l\u2019E\u0301tat a\u0300 accompagner les forces arme\u0301es, notamment a\u0300 travers le recrutement, la formation, le renforcement de la logistique et des e\u0301quipements, ainsi que la consolidation des me\u0301canismes de prise en charge sanitaire et psychosociale des combattants blesse\u0301s et des personnes affecte\u0301es par le terrorisme.<\/p>\n<p><b>Source: DCRP\/Primature <\/b><\/p>\n\r\n                <style type=\"text\/css\">\r\n                    \r\n                    #td_uid_1_69f3ae7cb020a  .td-doubleSlider-2 .td-item1 {\r\n                        background: url(https:\/\/static.africa-press.net\/burkina\/sites\/42\/2026\/02\/sm_1770125267.24344-80x60.jpg) 0 0 no-repeat;\r\n                    }\r\n                    #td_uid_1_69f3ae7cb020a  .td-doubleSlider-2 .td-item2 {\r\n                        background: url(https:\/\/static.africa-press.net\/burkina\/sites\/42\/2026\/02\/sm_1770125272.573712-80x60.jpg) 0 0 no-repeat;\r\n                    }\r\n                <\/style>\r\n\r\n                <div id=\"td_uid_1_69f3ae7cb020a\" class=\"td-gallery td-slide-on-2-columns\">\r\n                    <div class=\"post_td_gallery\">\r\n                        <div class=\"td-gallery-slide-top\">\r\n                           <div class=\"td-gallery-title\"><\/div>\r\n\r\n                            <div class=\"td-gallery-controls-wrapper\">\r\n                                <div class=\"td-gallery-slide-count\"><span class=\"td-gallery-slide-item-focus\">1<\/span> de 2<\/div>\r\n                                <div class=\"td-gallery-slide-prev-next-but\">\r\n                                    <i class = \"td-icon-left doubleSliderPrevButton\"><\/i>\r\n                                    <i class = \"td-icon-right doubleSliderNextButton\"><\/i>\r\n                                <\/div>\r\n                            <\/div>\r\n                        <\/div>\r\n\r\n                        <div class = \"td-doubleSlider-1 \">\r\n                            <div class = \"td-slider\">\r\n                                \r\n                    <div class = \"td-slide-item td-item1\">\r\n                        <figure class=\"td-slide-galery-figure td-slide-popup-gallery\">\r\n                            <a class=\"slide-gallery-image-link\" href=\"https:\/\/static.africa-press.net\/burkina\/sites\/42\/2026\/02\/sm_1770125267.24344.jpg\" title=\"sm_1770125267.24344\"  data-caption=\"\"  data-description=\"\">\r\n                                <img decoding=\"async\" src=\"https:\/\/static.africa-press.net\/burkina\/sites\/42\/2026\/02\/sm_1770125267.24344.jpg\" srcset=\"https:\/\/static.africa-press.net\/burkina\/sites\/42\/2026\/02\/sm_1770125267.24344.jpg 1024w, https:\/\/static.africa-press.net\/burkina\/sites\/42\/2026\/02\/sm_1770125267.24344-300x188.jpg 300w, https:\/\/static.africa-press.net\/burkina\/sites\/42\/2026\/02\/sm_1770125267.24344-768x480.jpg 768w\" sizes=\"(max-width: 1024px) 100vw, 1024px\" alt=\"\">\r\n                            <\/a>\r\n                            \r\n                        <\/figure>\r\n                    <\/div>\r\n                    <div class = \"td-slide-item td-item2\">\r\n                        <figure class=\"td-slide-galery-figure td-slide-popup-gallery\">\r\n                            <a class=\"slide-gallery-image-link\" href=\"https:\/\/static.africa-press.net\/burkina\/sites\/42\/2026\/02\/sm_1770125272.573712.jpg\" title=\"sm_1770125272.573712\"  data-caption=\"\"  data-description=\"\">\r\n                                <img decoding=\"async\" src=\"https:\/\/static.africa-press.net\/burkina\/sites\/42\/2026\/02\/sm_1770125272.573712.jpg\" srcset=\"https:\/\/static.africa-press.net\/burkina\/sites\/42\/2026\/02\/sm_1770125272.573712.jpg 1024w, https:\/\/static.africa-press.net\/burkina\/sites\/42\/2026\/02\/sm_1770125272.573712-300x182.jpg 300w, https:\/\/static.africa-press.net\/burkina\/sites\/42\/2026\/02\/sm_1770125272.573712-768x465.jpg 768w\" sizes=\"(max-width: 1024px) 100vw, 1024px\" alt=\"\">\r\n                            <\/a>\r\n                            \r\n                        <\/figure>\r\n                    <\/div>\r\n                            <\/div>\r\n                        <\/div>\r\n\r\n                        <div class = \"td-doubleSlider-2\">\r\n                            <div class = \"td-slider\">\r\n                                \r\n                    <div class = \"td-button td-item1\">\r\n                        <div class = \"td-border\"><\/div>\r\n                    <\/div>\r\n                    <div class = \"td-button td-item2\">\r\n                        <div class = \"td-border\"><\/div>\r\n                    <\/div>\r\n                            <\/div>\r\n                        <\/div>\r\n\r\n                    <\/div>\r\n\r\n                <\/div>\r\n                \n<p><strong>Pour plus d&rsquo;informations et d&rsquo;analyses sur la <span style=\"color: #ff6600\">Burkina Faso<\/span>, suivez <span style=\"color: #ff6600\">Africa-Press<\/span><\/strong><\/p>\n","protected":false},"excerpt":{"rendered":"<p>Africa-Press &#8211; Burkina Faso. Le Premier ministre, Rimtalba Jean Emmanuel Oue\u0301draogo, a entame\u0301, ce lundi 02 fe\u0301vrier 2026, l\u2019e\u0301valuation de la mise en \u0153uvre des contrats d\u2019objectifs 2025 des membres du Gouvernement. La premie\u0300re se\u0301ance de cet exercice de redevabilite\u0301 a concerne\u0301 le Ministre d\u2019E\u0301tat, Ministre de la Guerre et de la De\u0301fense patriotique, le [&hellip;]<\/p>\n","protected":false},"author":82,"featured_media":125704,"comment_status":"open","ping_status":"closed","sticky":false,"template":"","format":"standard","meta":{"footnotes":""},"categories":[8,2,10],"tags":[29],"class_list":["post-125705","post","type-post","status-publish","format-standard","has-post-thumbnail","hentry","category-photo","category-politique","category-toutes-les-actualites","tag-burkina-faso"],"yoast_head":"<!-- This site is optimized with the Yoast SEO Premium plugin v26.1 (Yoast SEO v27.0) - https:\/\/yoast.com\/product\/yoast-seo-premium-wordpress\/ -->\n<title>Contrats d\u2019Objectifs 2025: Performance de 92,32% - Burkina Faso<\/title>\n<meta name=\"description\" content=\"Le Premier ministre, Rimtalba Jean Emmanuel Oue\u0301draogo, a entame\u0301, ce lundi 02 fe\u0301vrier 2026, l\u2019e\u0301valuation de la mis ...\" \/>\n<meta name=\"robots\" content=\"index, follow, max-snippet:-1, max-image-preview:large, max-video-preview:-1\" \/>\n<link rel=\"canonical\" href=\"https:\/\/www.africa-press.net\/burkina-faso\/politique\/contrats-dobjectifs-2025-performance-de-9232\" \/>\n<meta property=\"og:locale\" content=\"fr_FR\" \/>\n<meta property=\"og:type\" content=\"article\" \/>\n<meta property=\"og:title\" content=\"Contrats d\u2019Objectifs 2025: Performance de 92,32%\" \/>\n<meta property=\"og:description\" content=\"Le Premier ministre, Rimtalba Jean Emmanuel Oue\u0301draogo, a entame\u0301, ce lundi 02 fe\u0301vrier 2026, l\u2019e\u0301valuation de la mis ...\" \/>\n<meta property=\"og:url\" content=\"https:\/\/www.africa-press.net\/burkina-faso\/politique\/contrats-dobjectifs-2025-performance-de-9232\" \/>\n<meta property=\"og:site_name\" content=\"Burkina Faso\" \/>\n<meta property=\"article:published_time\" content=\"2026-02-03T16:07:40+00:00\" \/>\n<meta property=\"article:modified_time\" content=\"2026-02-03T17:02:34+00:00\" \/>\n<meta property=\"og:image\" content=\"https:\/\/static.africa-press.net\/burkina\/sites\/42\/2026\/02\/sm_1770125277.500128.jpg\" \/>\n\t<meta property=\"og:image:width\" content=\"1024\" \/>\n\t<meta property=\"og:image:height\" content=\"675\" \/>\n\t<meta property=\"og:image:type\" content=\"image\/jpeg\" \/>\n<meta name=\"author\" content=\"cfeditorfr\" \/>\n<meta name=\"twitter:card\" content=\"summary_large_image\" \/>\n<meta name=\"twitter:label1\" content=\"\u00c9crit par\" \/>\n\t<meta name=\"twitter:data1\" content=\"cfeditorfr\" \/>\n\t<meta name=\"twitter:label2\" content=\"Dur\u00e9e de lecture estim\u00e9e\" \/>\n\t<meta name=\"twitter:data2\" content=\"2 minutes\" \/>\n<script type=\"application\/ld+json\" class=\"yoast-schema-graph\">{\"@context\":\"https:\/\/schema.org\",\"@graph\":[{\"@type\":\"Article\",\"@id\":\"https:\/\/www.africa-press.net\/burkina-faso\/politique\/contrats-dobjectifs-2025-performance-de-9232#article\",\"isPartOf\":{\"@id\":\"https:\/\/www.africa-press.net\/burkina-faso\/politique\/contrats-dobjectifs-2025-performance-de-9232\"},\"author\":{\"name\":\"cfeditorfr\",\"@id\":\"https:\/\/www.africa-press.net\/burkina-faso\/#\/schema\/person\/2b1cf3cd81a31e3cd26889ca66d677f1\"},\"headline\":\"Contrats d\u2019Objectifs 2025: Performance de 92,32%\",\"datePublished\":\"2026-02-03T16:07:40+00:00\",\"dateModified\":\"2026-02-03T17:02:34+00:00\",\"mainEntityOfPage\":{\"@id\":\"https:\/\/www.africa-press.net\/burkina-faso\/politique\/contrats-dobjectifs-2025-performance-de-9232\"},\"wordCount\":427,\"commentCount\":0,\"image\":{\"@id\":\"https:\/\/www.africa-press.net\/burkina-faso\/politique\/contrats-dobjectifs-2025-performance-de-9232#primaryimage\"},\"thumbnailUrl\":\"https:\/\/static.africa-press.net\/burkina\/sites\/42\/2026\/02\/sm_1770125277.500128.jpg\",\"keywords\":[\"Burkina Faso\"],\"articleSection\":[\"Photo\",\"Politique\",\"Toutes les actualit\u00e9s\"],\"inLanguage\":\"fr-FR\",\"potentialAction\":[{\"@type\":\"CommentAction\",\"name\":\"Comment\",\"target\":[\"https:\/\/www.africa-press.net\/burkina-faso\/politique\/contrats-dobjectifs-2025-performance-de-9232#respond\"]}]},{\"@type\":\"WebPage\",\"@id\":\"https:\/\/www.africa-press.net\/burkina-faso\/politique\/contrats-dobjectifs-2025-performance-de-9232\",\"url\":\"https:\/\/www.africa-press.net\/burkina-faso\/politique\/contrats-dobjectifs-2025-performance-de-9232\",\"name\":\"Contrats d\u2019Objectifs 2025: Performance de 92,32% - Burkina Faso\",\"isPartOf\":{\"@id\":\"https:\/\/www.africa-press.net\/burkina-faso\/#website\"},\"primaryImageOfPage\":{\"@id\":\"https:\/\/www.africa-press.net\/burkina-faso\/politique\/contrats-dobjectifs-2025-performance-de-9232#primaryimage\"},\"image\":{\"@id\":\"https:\/\/www.africa-press.net\/burkina-faso\/politique\/contrats-dobjectifs-2025-performance-de-9232#primaryimage\"},\"thumbnailUrl\":\"https:\/\/static.africa-press.net\/burkina\/sites\/42\/2026\/02\/sm_1770125277.500128.jpg\",\"datePublished\":\"2026-02-03T16:07:40+00:00\",\"dateModified\":\"2026-02-03T17:02:34+00:00\",\"author\":{\"@id\":\"https:\/\/www.africa-press.net\/burkina-faso\/#\/schema\/person\/2b1cf3cd81a31e3cd26889ca66d677f1\"},\"description\":\"Le Premier ministre, Rimtalba Jean Emmanuel Oue\u0301draogo, a entame\u0301, ce lundi 02 fe\u0301vrier 2026, l\u2019e\u0301valuation de la mis ...\",\"breadcrumb\":{\"@id\":\"https:\/\/www.africa-press.net\/burkina-faso\/politique\/contrats-dobjectifs-2025-performance-de-9232#breadcrumb\"},\"inLanguage\":\"fr-FR\",\"potentialAction\":[{\"@type\":\"ReadAction\",\"target\":[\"https:\/\/www.africa-press.net\/burkina-faso\/politique\/contrats-dobjectifs-2025-performance-de-9232\"]}]},{\"@type\":\"ImageObject\",\"inLanguage\":\"fr-FR\",\"@id\":\"https:\/\/www.africa-press.net\/burkina-faso\/politique\/contrats-dobjectifs-2025-performance-de-9232#primaryimage\",\"url\":\"https:\/\/static.africa-press.net\/burkina\/sites\/42\/2026\/02\/sm_1770125277.500128.jpg\",\"contentUrl\":\"https:\/\/static.africa-press.net\/burkina\/sites\/42\/2026\/02\/sm_1770125277.500128.jpg\",\"width\":1024,\"height\":675,\"caption\":\"Contrats d\u2019Objectifs 2025: Performance de 92,32%\"},{\"@type\":\"BreadcrumbList\",\"@id\":\"https:\/\/www.africa-press.net\/burkina-faso\/politique\/contrats-dobjectifs-2025-performance-de-9232#breadcrumb\",\"itemListElement\":[{\"@type\":\"ListItem\",\"position\":1,\"name\":\"Accueil\",\"item\":\"https:\/\/www.africa-press.net\/burkina-faso\/\"},{\"@type\":\"ListItem\",\"position\":2,\"name\":\"Contrats d\u2019Objectifs 2025: Performance de 92,32%\"}]},{\"@type\":\"WebSite\",\"@id\":\"https:\/\/www.africa-press.net\/burkina-faso\/#website\",\"url\":\"https:\/\/www.africa-press.net\/burkina-faso\/\",\"name\":\"Burkina Faso\",\"description\":\"Just another Africa News Agency Sites site\",\"potentialAction\":[{\"@type\":\"SearchAction\",\"target\":{\"@type\":\"EntryPoint\",\"urlTemplate\":\"https:\/\/www.africa-press.net\/burkina-faso\/?s={search_term_string}\"},\"query-input\":{\"@type\":\"PropertyValueSpecification\",\"valueRequired\":true,\"valueName\":\"search_term_string\"}}],\"inLanguage\":\"fr-FR\"},{\"@type\":\"Person\",\"@id\":\"https:\/\/www.africa-press.net\/burkina-faso\/#\/schema\/person\/2b1cf3cd81a31e3cd26889ca66d677f1\",\"name\":\"cfeditorfr\"}]}<\/script>\n<!-- \/ Yoast SEO Premium plugin. -->","yoast_head_json":{"title":"Contrats d\u2019Objectifs 2025: Performance de 92,32% - Burkina Faso","description":"Le Premier ministre, Rimtalba Jean Emmanuel Oue\u0301draogo, a entame\u0301, ce lundi 02 fe\u0301vrier 2026, l\u2019e\u0301valuation de la mis ...","robots":{"index":"index","follow":"follow","max-snippet":"max-snippet:-1","max-image-preview":"max-image-preview:large","max-video-preview":"max-video-preview:-1"},"canonical":"https:\/\/www.africa-press.net\/burkina-faso\/politique\/contrats-dobjectifs-2025-performance-de-9232","og_locale":"fr_FR","og_type":"article","og_title":"Contrats d\u2019Objectifs 2025: Performance de 92,32%","og_description":"Le Premier ministre, Rimtalba Jean Emmanuel Oue\u0301draogo, a entame\u0301, ce lundi 02 fe\u0301vrier 2026, l\u2019e\u0301valuation de la mis ...","og_url":"https:\/\/www.africa-press.net\/burkina-faso\/politique\/contrats-dobjectifs-2025-performance-de-9232","og_site_name":"Burkina Faso","article_published_time":"2026-02-03T16:07:40+00:00","article_modified_time":"2026-02-03T17:02:34+00:00","og_image":[{"width":1024,"height":675,"url":"https:\/\/static.africa-press.net\/burkina\/sites\/42\/2026\/02\/sm_1770125277.500128.jpg","type":"image\/jpeg"}],"author":"cfeditorfr","twitter_card":"summary_large_image","twitter_misc":{"\u00c9crit par":"cfeditorfr","Dur\u00e9e de lecture estim\u00e9e":"2 minutes"},"schema":{"@context":"https:\/\/schema.org","@graph":[{"@type":"Article","@id":"https:\/\/www.africa-press.net\/burkina-faso\/politique\/contrats-dobjectifs-2025-performance-de-9232#article","isPartOf":{"@id":"https:\/\/www.africa-press.net\/burkina-faso\/politique\/contrats-dobjectifs-2025-performance-de-9232"},"author":{"name":"cfeditorfr","@id":"https:\/\/www.africa-press.net\/burkina-faso\/#\/schema\/person\/2b1cf3cd81a31e3cd26889ca66d677f1"},"headline":"Contrats d\u2019Objectifs 2025: Performance de 92,32%","datePublished":"2026-02-03T16:07:40+00:00","dateModified":"2026-02-03T17:02:34+00:00","mainEntityOfPage":{"@id":"https:\/\/www.africa-press.net\/burkina-faso\/politique\/contrats-dobjectifs-2025-performance-de-9232"},"wordCount":427,"commentCount":0,"image":{"@id":"https:\/\/www.africa-press.net\/burkina-faso\/politique\/contrats-dobjectifs-2025-performance-de-9232#primaryimage"},"thumbnailUrl":"https:\/\/static.africa-press.net\/burkina\/sites\/42\/2026\/02\/sm_1770125277.500128.jpg","keywords":["Burkina Faso"],"articleSection":["Photo","Politique","Toutes les actualit\u00e9s"],"inLanguage":"fr-FR","potentialAction":[{"@type":"CommentAction","name":"Comment","target":["https:\/\/www.africa-press.net\/burkina-faso\/politique\/contrats-dobjectifs-2025-performance-de-9232#respond"]}]},{"@type":"WebPage","@id":"https:\/\/www.africa-press.net\/burkina-faso\/politique\/contrats-dobjectifs-2025-performance-de-9232","url":"https:\/\/www.africa-press.net\/burkina-faso\/politique\/contrats-dobjectifs-2025-performance-de-9232","name":"Contrats d\u2019Objectifs 2025: Performance de 92,32% - Burkina Faso","isPartOf":{"@id":"https:\/\/www.africa-press.net\/burkina-faso\/#website"},"primaryImageOfPage":{"@id":"https:\/\/www.africa-press.net\/burkina-faso\/politique\/contrats-dobjectifs-2025-performance-de-9232#primaryimage"},"image":{"@id":"https:\/\/www.africa-press.net\/burkina-faso\/politique\/contrats-dobjectifs-2025-performance-de-9232#primaryimage"},"thumbnailUrl":"https:\/\/static.africa-press.net\/burkina\/sites\/42\/2026\/02\/sm_1770125277.500128.jpg","datePublished":"2026-02-03T16:07:40+00:00","dateModified":"2026-02-03T17:02:34+00:00","author":{"@id":"https:\/\/www.africa-press.net\/burkina-faso\/#\/schema\/person\/2b1cf3cd81a31e3cd26889ca66d677f1"},"description":"Le Premier ministre, Rimtalba Jean Emmanuel Oue\u0301draogo, a entame\u0301, ce lundi 02 fe\u0301vrier 2026, l\u2019e\u0301valuation de la mis ...","breadcrumb":{"@id":"https:\/\/www.africa-press.net\/burkina-faso\/politique\/contrats-dobjectifs-2025-performance-de-9232#breadcrumb"},"inLanguage":"fr-FR","potentialAction":[{"@type":"ReadAction","target":["https:\/\/www.africa-press.net\/burkina-faso\/politique\/contrats-dobjectifs-2025-performance-de-9232"]}]},{"@type":"ImageObject","inLanguage":"fr-FR","@id":"https:\/\/www.africa-press.net\/burkina-faso\/politique\/contrats-dobjectifs-2025-performance-de-9232#primaryimage","url":"https:\/\/static.africa-press.net\/burkina\/sites\/42\/2026\/02\/sm_1770125277.500128.jpg","contentUrl":"https:\/\/static.africa-press.net\/burkina\/sites\/42\/2026\/02\/sm_1770125277.500128.jpg","width":1024,"height":675,"caption":"Contrats d\u2019Objectifs 2025: Performance de 92,32%"},{"@type":"BreadcrumbList","@id":"https:\/\/www.africa-press.net\/burkina-faso\/politique\/contrats-dobjectifs-2025-performance-de-9232#breadcrumb","itemListElement":[{"@type":"ListItem","position":1,"name":"Accueil","item":"https:\/\/www.africa-press.net\/burkina-faso\/"},{"@type":"ListItem","position":2,"name":"Contrats d\u2019Objectifs 2025: Performance de 92,32%"}]},{"@type":"WebSite","@id":"https:\/\/www.africa-press.net\/burkina-faso\/#website","url":"https:\/\/www.africa-press.net\/burkina-faso\/","name":"Burkina Faso","description":"Just another Africa News Agency Sites site","potentialAction":[{"@type":"SearchAction","target":{"@type":"EntryPoint","urlTemplate":"https:\/\/www.africa-press.net\/burkina-faso\/?s={search_term_string}"},"query-input":{"@type":"PropertyValueSpecification","valueRequired":true,"valueName":"search_term_string"}}],"inLanguage":"fr-FR"},{"@type":"Person","@id":"https:\/\/www.africa-press.net\/burkina-faso\/#\/schema\/person\/2b1cf3cd81a31e3cd26889ca66d677f1","name":"cfeditorfr"}]}},"_links":{"self":[{"href":"https:\/\/www.africa-press.net\/burkina-faso\/wp-json\/wp\/v2\/posts\/125705","targetHints":{"allow":["GET"]}}],"collection":[{"href":"https:\/\/www.africa-press.net\/burkina-faso\/wp-json\/wp\/v2\/posts"}],"about":[{"href":"https:\/\/www.africa-press.net\/burkina-faso\/wp-json\/wp\/v2\/types\/post"}],"author":[{"embeddable":true,"href":"https:\/\/www.africa-press.net\/burkina-faso\/wp-json\/wp\/v2\/users\/82"}],"replies":[{"embeddable":true,"href":"https:\/\/www.africa-press.net\/burkina-faso\/wp-json\/wp\/v2\/comments?post=125705"}],"version-history":[{"count":0,"href":"https:\/\/www.africa-press.net\/burkina-faso\/wp-json\/wp\/v2\/posts\/125705\/revisions"}],"wp:featuredmedia":[{"embeddable":true,"href":"https:\/\/www.africa-press.net\/burkina-faso\/wp-json\/wp\/v2\/media\/125704"}],"wp:attachment":[{"href":"https:\/\/www.africa-press.net\/burkina-faso\/wp-json\/wp\/v2\/media?parent=125705"}],"wp:term":[{"taxonomy":"category","embeddable":true,"href":"https:\/\/www.africa-press.net\/burkina-faso\/wp-json\/wp\/v2\/categories?post=125705"},{"taxonomy":"post_tag","embeddable":true,"href":"https:\/\/www.africa-press.net\/burkina-faso\/wp-json\/wp\/v2\/tags?post=125705"}],"curies":[{"name":"wp","href":"https:\/\/api.w.org\/{rel}","templated":true}]}}