{"id":127487,"date":"2026-03-16T13:42:06","date_gmt":"2026-03-16T13:42:06","guid":{"rendered":"https:\/\/www.africa-press.net\/burkina-faso\/politique\/fasotaku-jeunes-burkinabe-raconte-le-faso-en-mangas"},"modified":"2026-03-16T14:32:37","modified_gmt":"2026-03-16T14:32:37","slug":"fasotaku-jeunes-burkinabe-raconte-le-faso-en-mangas","status":"publish","type":"post","link":"https:\/\/www.africa-press.net\/burkina-faso\/toutes-les-actualites\/fasotaku-jeunes-burkinabe-raconte-le-faso-en-mangas","title":{"rendered":"FasOtaku: Jeunes Burkinabe\u0300 Raconte le Faso en Mangas"},"content":{"rendered":"<p><span style=\"color: #ff6600\"><strong>Africa-Press &#8211; Burkina Faso. <\/strong><\/span>Il y en a qui travaillent a\u0300 faire vivre la culture burkinabe\u0300 non en se perdant mais en s\u2019inspirant. C\u2019est le cas de l\u2019association FasOtaku qui, avec les univers graphiques venus du Japon, fait vivre les contes de l\u2019Afrique. Dessin manga, calligraphie, jeux vide\u0301o, cuisine fusion, discussions passionne\u0301es autour d\u2019anime\u0301s sont autant d\u2019activite\u0301s mene\u0301es par cette association. Pour ces jeunes la cre\u0301ativite\u0301, la discipline et les valeurs humaines sont un terrain commun aux deux pays.<\/p>\n<p>Ce sont trois jeunes qui parlent de l\u2019association FasOtaku. Une aventure sociale qu\u2019ils ont en commun pour valoriser la culture burkinabe\u0300 a\u0300 travers l\u2019animation japonaise, la culture geek, et la cre\u0301ativite\u0301. Cre\u0301e\u0301e en 2019, l\u2019association est ne\u0301e d\u2019une ide\u0301e spontane\u0301e. Une bande d\u2019amis partageant la me\u0302me passion pour la culture japonaise s\u2019est pose\u0301 une question: pourquoi ne pas transformer cet inte\u0301re\u0302t en un espace de rencontre et de cre\u0301ation pour la jeunesse burkinabe\u0300? \u00ab L\u2019ide\u0301e de FasOtaku est ne\u0301e par une bande d\u2019amis passionne\u0301s de culture qui se sont dit: pourquoi ne pas cre\u0301er quelque chose pour promouvoir cette culture a\u0300 travers des activite\u0301s et des e\u0301ve\u0301nements? \u00bb, raconte Franck Rodrigue Badou Ki, inge\u0301nieur hydraulicien et pre\u0301sident de l\u2019association.<\/p>\n<p>Le nom lui-me\u0302me re\u0301sume cette ambition selon son pre\u0301sident. \u201cFaso\u201d, re\u0301fe\u0301rence directe au Burkina Faso, et \u201cOtaku\u201d, mot japonais qui de\u0301signe un passionne\u0301 d\u2019univers culturels lie\u0301s a\u0300 l\u2019animation, au manga ou aux jeux vide\u0301o. Ensemble, ces deux mots forment une identite\u0301 a\u0300 mi-chemin entre le pays des hommes inte\u0300gres et le pays du soleil levant. Au fil des anne\u0301es, FasOtaku s\u2019est structure\u0301 autour d\u2019une communaute\u0301 d\u2019une centaine de jeunes membres et sympathisants. Tous partagent une me\u0302me curiosite\u0301 pour les cultures de l\u2019imaginaire et les formes d\u2019expression contemporaines.<\/p>\n<p>Le manga et l\u2019animation japonaise occupent une place importante dans cet univers. Mais l\u2019association ne s\u2019y limite pas. Les jeux vide\u0301o, le sport, la cre\u0301ation artistique nume\u0301rique, les traditions japonaises ou encore la culture pop internationale nourrissent e\u0301galement les activite\u0301s propose\u0301es. A\u0300 en croire ses membres, a\u0300 travers ces initiatives, FasOtaku cherche avant tout a\u0300 offrir un espace ou\u0300 la jeunesse peut expe\u0301rimenter, apprendre et partager.<\/p>\n<p>Les e\u0301ve\u0301nements baptise\u0301s Otaku Meetings sont devenus les rendez-vous emble\u0301matiques de cette dynamique. Depuis 2019, plusieurs e\u0301ditions ont de\u0301ja\u0300 e\u0301te\u0301 organise\u0301es. Chaque rencontre ressemble a\u0300 un laboratoire culturel. On y croise des jeunes qui dessinent des personnages de manga, d\u2019autres qui s\u2019essaient a\u0300 la calligraphie japonaise en trac\u0327ant patiemment leurs premiers kanjis (signes dont le ro\u0302le est d\u2019e\u0301crire la langue japonaise, identiques ou similaires aux sinogrammes utilise\u0301s pour la langue chinoise), tandis que certains improvisent un karaoke\u0301 sur des ge\u0301ne\u0301riques d\u2019anime\u0301s ou s\u2019affrontent autour de consoles de jeux vide\u0301o.<\/p>\n<p>Mais l\u2019esprit de FasOtaku ne se re\u0301sume pas a\u0300 l\u2019esthe\u0301tique des mangas. Pour ses membres, ces univers sont aussi des re\u0301cits porteurs de valeurs. Rebecca Wendenda Convolbo, e\u0301tudiante en me\u0301decine et membre active de l\u2019association, parle de cette dimension avec une conviction tranquille. \u00ab Les mangas et les anime\u0301s offrent du divertissement, mais ils ne se limitent pas a\u0300 cela. Ce sont des \u0153uvres qui abordent des the\u0301matiques complexes comme l\u2019e\u0301thique, le de\u0301passement de soi ou l\u2019intelligence e\u0301motionnelle \u00bb, explique-t-elle. Elle cite les se\u0301ries qui ont marque\u0301 sa ge\u0301ne\u0301ration tels que One Piece, Naruto ou Fairy Tail. Des histoires d\u2019aventure et de camaraderie qui, selon elle, ve\u0301hiculent des valeurs proches de celles du Burkina Faso.<\/p>\n<p>\u00ab Ces \u0153uvres m\u2019ont appris le courage face a\u0300 l\u2019adversite\u0301, la valeur du travail acharne\u0301, le sens du sacrifice pour la communaute\u0301 et l\u2019importance de la loyaute\u0301. Ce sont des valeurs qui re\u0301sonnent beaucoup avec l\u2019inte\u0301grite\u0301 burkinabe\u0300. \u00bb Rebecca fait savoir que les cultures ne sont pas aussi e\u0301loigne\u0301es qu\u2019on pourrait le croire.<\/p>\n<p>Selon ses co-membres de FasOtaku, les traditions japonaises et burkinabe\u0300 partagent certaines similitudes. Le respect, la discipline ou l\u2019importance accorde\u0301e a\u0300 la communaute\u0301 figurent parmi ces points de convergence. \u00ab Il y a beaucoup de comple\u0301mentarite\u0301s entre ces deux cultures. Le respect, qui est tre\u0300s pre\u0301sent au Japon comme au Burkina \u00bb, observe par exemple Franck Rodrigue Badou Ki. C\u2019est cette proximite\u0301 inattendue que l\u2019association tente de mettre en lumie\u0300re a\u0300 travers ses activite\u0301s. Parmi les ateliers les plus populaires figure la calligraphie japonaise. Arme\u0301s de pinceaux et d\u2019encre noire, les participants de\u0301couvrent l\u2019art de\u0301licat de tracer les caracte\u0300res japonais. Un exercice qui demande patience et pre\u0301cision, mais qui rappelle aussi les traditions d\u2019e\u0301criture et d\u2019apprentissage pre\u0301sentes dans de nombreuses cultures africaines. La cuisine constitue un autre terrain d\u2019expe\u0301rimentation. Les membres de FasOtaku organisent parfois des ateliers culinaires ou\u0300 les saveurs japonaises rencontrent les ingre\u0301dients locaux. Des moments ou\u0300 l\u2019on gou\u0302te autant qu\u2019on e\u0301change. L\u2019association propose e\u0301galement des quiz culturels, des discussions autour des traditions japonaises ou encore des activite\u0301s ludiques comme des chasses au tre\u0301sor the\u0301matiques.<\/p>\n<p><b>\u00ab Le manga est un format ide\u0301al pour re\u0301inventer nos mythes africains \u00bb<\/b><\/p>\n<p>Mais derrie\u0300re ces moments festifs se cache aussi un projet d\u2019encourager la cre\u0301ativite\u0301 des jeunes. Pour Rebecca Convolbo, le format manga pourrait me\u0302me devenir un outil pour revisiter l\u2019histoire et les mythes africains. \u00ab Le manga est un format ide\u0301al pour re\u0301inventer nos mythes africains et les rendre attractifs pour la jeunesse qui lit de moins en moins la litte\u0301rature classique \u00bb, affirme-t-elle. Elle imagine de\u0301ja\u0300 des bandes dessine\u0301es inspire\u0301es de l\u2019e\u0301pope\u0301e de Yennenga ou d\u2019autres re\u0301cits issus de la tradition orale. Une manie\u0300re de relier les imaginaires contemporains aux racines culturelles du pays.<\/p>\n<p>De son co\u0302te\u0301, Devy Zoungrana, juriste de formation et membre de l\u2019association, insiste sur l\u2019apprentissage collectif que permet FasOtaku. \u00ab Quand on parle de FasOtaku, on parle d\u2019un univers qui regroupe l\u2019animation, le manga, la culture et la cre\u0301ativite\u0301 \u00bb, explique-t-il. Au-dela\u0300 de la passion, la structure associative permet aussi aux jeunes de de\u0301velopper des compe\u0301tences organisationnelles. L\u2019association fonctionne avec plusieurs de\u0301partements: communication, cre\u0301ation, ressources humaines ou organisation d\u2019e\u0301ve\u0301nements. \u00ab Le fait d\u2019e\u0302tre dans ces diffe\u0301rentes structures nous apprend a\u0300 nous organiser et a\u0300 de\u0301velopper des compe\u0301tences \u00bb, souligne Devy Zoungrana. Pour lui, regarder le chemin parcouru depuis les de\u0301buts est de\u0301ja\u0300 une source de fierte\u0301. \u00ab C\u2019est un re\u0301el plaisir de voir comment on a commence\u0301 et ou\u0300 nous en sommes aujourd\u2019hui car les de\u0301buts n\u2019ont pourtant pas e\u0301te\u0301 simples. \u00bb<\/p>\n<p>Au de\u0301part, beaucoup de personnes ne comprenaient pas vraiment la de\u0301marche de l\u2019association. La culture otaku restait encore me\u0301connue ou perc\u0327ue comme un simple divertissement. \u00ab Au de\u0301but, beaucoup ne comprenaient pas. C\u2019e\u0301tait complique\u0301 \u00bb, reconnai\u0302t le pre\u0301sident de FasOtaku. \u00ab Mais avec le temps, les gens ont commence\u0301 a\u0300 comprendre et a\u0300 participer de plus en plus a\u0300 nos e\u0301ve\u0301nements. \u00bb L\u2019association entretient une relation amicale avec l\u2019ambassade du Japon au Burkina Faso, qui accompagne certaines activite\u0301s.<\/p>\n<p>Mais les ambitions de FasOtaku ne s\u2019arre\u0302tent pas a\u0300 Ouagadougou. Dans les prochaines anne\u0301es, l\u2019e\u0301quipe souhaite e\u0301tendre si possible ses activite\u0301s a\u0300 d\u2019autres villes du pays. \u00ab A\u0300 court terme, nous aimerions atteindre d\u2019autres localite\u0301s du Burkina, comme Bobo-Dioulasso ou Koudougou \u00bb, explique le pre\u0301sident Franck Rodrigue Badou Ky. Et a\u0300 plus long terme, l\u2019association re\u0302ve de rayonner dans toute la sous-re\u0301gion ouest-africaine. En attendant ces nouveaux horizons, FasOtaku poursuit ses activite\u0301s avec la me\u0302me e\u0301nergie qu\u2019a\u0300 ses de\u0301buts en espe\u0301rant davantage se faire connai\u0302tre et contribuer a\u0300 valoriser la culture burkinabe\u0300.<\/p>\n<p><strong>Pour plus d&rsquo;informations et d&rsquo;analyses sur la <span style=\"color: #ff6600\">Burkina Faso<\/span>, suivez <span style=\"color: #ff6600\">Africa-Press<\/span><\/strong><\/p>\n","protected":false},"excerpt":{"rendered":"<p>Africa-Press &#8211; Burkina Faso. Il y en a qui travaillent a\u0300 faire vivre la culture burkinabe\u0300 non en se perdant mais en s\u2019inspirant. C\u2019est le cas de l\u2019association FasOtaku qui, avec les univers graphiques venus du Japon, fait vivre les contes de l\u2019Afrique. Dessin manga, calligraphie, jeux vide\u0301o, cuisine fusion, discussions passionne\u0301es autour d\u2019anime\u0301s sont [&hellip;]<\/p>\n","protected":false},"author":82,"featured_media":127486,"comment_status":"open","ping_status":"closed","sticky":false,"template":"","format":"standard","meta":{"footnotes":""},"categories":[21,10],"tags":[29],"class_list":["post-127487","post","type-post","status-publish","format-standard","has-post-thumbnail","hentry","category-communaute","category-toutes-les-actualites","tag-burkina-faso"],"yoast_head":"<!-- This site is optimized with the Yoast SEO Premium plugin v26.1 (Yoast SEO v27.0) - https:\/\/yoast.com\/product\/yoast-seo-premium-wordpress\/ -->\n<title>FasOtaku: Jeunes Burkinabe\u0300 Raconte le Faso en Mangas - Burkina Faso<\/title>\n<meta name=\"description\" content=\"Il y en a qui travaillent a\u0300 faire vivre la culture burkinabe\u0300 non en se perdant mais en s\u2019inspirant. C\u2019est le cas de l\u2019 ...\" \/>\n<meta name=\"robots\" content=\"index, follow, max-snippet:-1, max-image-preview:large, max-video-preview:-1\" \/>\n<link rel=\"canonical\" href=\"https:\/\/www.africa-press.net\/burkina-faso\/toutes-les-actualites\/fasotaku-jeunes-burkinabe-raconte-le-faso-en-mangas\" \/>\n<meta property=\"og:locale\" content=\"fr_FR\" \/>\n<meta property=\"og:type\" content=\"article\" \/>\n<meta property=\"og:title\" content=\"FasOtaku: Jeunes Burkinabe\u0300 Raconte le Faso en Mangas\" \/>\n<meta property=\"og:description\" content=\"Il y en a qui travaillent a\u0300 faire vivre la culture burkinabe\u0300 non en se perdant mais en s\u2019inspirant. C\u2019est le cas de l\u2019 ...\" \/>\n<meta property=\"og:url\" content=\"https:\/\/www.africa-press.net\/burkina-faso\/toutes-les-actualites\/fasotaku-jeunes-burkinabe-raconte-le-faso-en-mangas\" \/>\n<meta property=\"og:site_name\" content=\"Burkina Faso\" \/>\n<meta property=\"article:published_time\" content=\"2026-03-16T13:42:06+00:00\" \/>\n<meta property=\"article:modified_time\" content=\"2026-03-16T14:32:37+00:00\" \/>\n<meta property=\"og:image\" content=\"https:\/\/static.africa-press.net\/burkina\/sites\/42\/2026\/03\/sm_1773658915.664028.jpg\" \/>\n\t<meta property=\"og:image:width\" content=\"720\" \/>\n\t<meta property=\"og:image:height\" content=\"636\" \/>\n\t<meta property=\"og:image:type\" content=\"image\/jpeg\" \/>\n<meta name=\"author\" content=\"cfeditorfr\" \/>\n<meta name=\"twitter:card\" content=\"summary_large_image\" \/>\n<meta name=\"twitter:label1\" content=\"\u00c9crit par\" \/>\n\t<meta name=\"twitter:data1\" content=\"cfeditorfr\" \/>\n\t<meta name=\"twitter:label2\" content=\"Dur\u00e9e de lecture estim\u00e9e\" \/>\n\t<meta name=\"twitter:data2\" content=\"7 minutes\" \/>\n<script type=\"application\/ld+json\" class=\"yoast-schema-graph\">{\"@context\":\"https:\/\/schema.org\",\"@graph\":[{\"@type\":\"Article\",\"@id\":\"https:\/\/www.africa-press.net\/burkina-faso\/toutes-les-actualites\/fasotaku-jeunes-burkinabe-raconte-le-faso-en-mangas#article\",\"isPartOf\":{\"@id\":\"https:\/\/www.africa-press.net\/burkina-faso\/toutes-les-actualites\/fasotaku-jeunes-burkinabe-raconte-le-faso-en-mangas\"},\"author\":{\"name\":\"cfeditorfr\",\"@id\":\"https:\/\/www.africa-press.net\/burkina-faso\/#\/schema\/person\/2b1cf3cd81a31e3cd26889ca66d677f1\"},\"headline\":\"FasOtaku: Jeunes Burkinabe\u0300 Raconte le Faso en Mangas\",\"datePublished\":\"2026-03-16T13:42:06+00:00\",\"dateModified\":\"2026-03-16T14:32:37+00:00\",\"mainEntityOfPage\":{\"@id\":\"https:\/\/www.africa-press.net\/burkina-faso\/toutes-les-actualites\/fasotaku-jeunes-burkinabe-raconte-le-faso-en-mangas\"},\"wordCount\":1423,\"commentCount\":0,\"image\":{\"@id\":\"https:\/\/www.africa-press.net\/burkina-faso\/toutes-les-actualites\/fasotaku-jeunes-burkinabe-raconte-le-faso-en-mangas#primaryimage\"},\"thumbnailUrl\":\"https:\/\/static.africa-press.net\/burkina\/sites\/42\/2026\/03\/sm_1773658915.664028.jpg\",\"keywords\":[\"Burkina Faso\"],\"articleSection\":[\"Communaut\u00e9\",\"Toutes les actualit\u00e9s\"],\"inLanguage\":\"fr-FR\",\"potentialAction\":[{\"@type\":\"CommentAction\",\"name\":\"Comment\",\"target\":[\"https:\/\/www.africa-press.net\/burkina-faso\/toutes-les-actualites\/fasotaku-jeunes-burkinabe-raconte-le-faso-en-mangas#respond\"]}]},{\"@type\":\"WebPage\",\"@id\":\"https:\/\/www.africa-press.net\/burkina-faso\/toutes-les-actualites\/fasotaku-jeunes-burkinabe-raconte-le-faso-en-mangas\",\"url\":\"https:\/\/www.africa-press.net\/burkina-faso\/toutes-les-actualites\/fasotaku-jeunes-burkinabe-raconte-le-faso-en-mangas\",\"name\":\"FasOtaku: Jeunes Burkinabe\u0300 Raconte le Faso en Mangas - Burkina Faso\",\"isPartOf\":{\"@id\":\"https:\/\/www.africa-press.net\/burkina-faso\/#website\"},\"primaryImageOfPage\":{\"@id\":\"https:\/\/www.africa-press.net\/burkina-faso\/toutes-les-actualites\/fasotaku-jeunes-burkinabe-raconte-le-faso-en-mangas#primaryimage\"},\"image\":{\"@id\":\"https:\/\/www.africa-press.net\/burkina-faso\/toutes-les-actualites\/fasotaku-jeunes-burkinabe-raconte-le-faso-en-mangas#primaryimage\"},\"thumbnailUrl\":\"https:\/\/static.africa-press.net\/burkina\/sites\/42\/2026\/03\/sm_1773658915.664028.jpg\",\"datePublished\":\"2026-03-16T13:42:06+00:00\",\"dateModified\":\"2026-03-16T14:32:37+00:00\",\"author\":{\"@id\":\"https:\/\/www.africa-press.net\/burkina-faso\/#\/schema\/person\/2b1cf3cd81a31e3cd26889ca66d677f1\"},\"description\":\"Il y en a qui travaillent a\u0300 faire vivre la culture burkinabe\u0300 non en se perdant mais en s\u2019inspirant. C\u2019est le cas de l\u2019 ...\",\"breadcrumb\":{\"@id\":\"https:\/\/www.africa-press.net\/burkina-faso\/toutes-les-actualites\/fasotaku-jeunes-burkinabe-raconte-le-faso-en-mangas#breadcrumb\"},\"inLanguage\":\"fr-FR\",\"potentialAction\":[{\"@type\":\"ReadAction\",\"target\":[\"https:\/\/www.africa-press.net\/burkina-faso\/toutes-les-actualites\/fasotaku-jeunes-burkinabe-raconte-le-faso-en-mangas\"]}]},{\"@type\":\"ImageObject\",\"inLanguage\":\"fr-FR\",\"@id\":\"https:\/\/www.africa-press.net\/burkina-faso\/toutes-les-actualites\/fasotaku-jeunes-burkinabe-raconte-le-faso-en-mangas#primaryimage\",\"url\":\"https:\/\/static.africa-press.net\/burkina\/sites\/42\/2026\/03\/sm_1773658915.664028.jpg\",\"contentUrl\":\"https:\/\/static.africa-press.net\/burkina\/sites\/42\/2026\/03\/sm_1773658915.664028.jpg\",\"width\":720,\"height\":636,\"caption\":\"FasOtaku: Jeunes Burkinabe\u0300 Raconte le Faso en Mangas\"},{\"@type\":\"BreadcrumbList\",\"@id\":\"https:\/\/www.africa-press.net\/burkina-faso\/toutes-les-actualites\/fasotaku-jeunes-burkinabe-raconte-le-faso-en-mangas#breadcrumb\",\"itemListElement\":[{\"@type\":\"ListItem\",\"position\":1,\"name\":\"Accueil\",\"item\":\"https:\/\/www.africa-press.net\/burkina-faso\/\"},{\"@type\":\"ListItem\",\"position\":2,\"name\":\"FasOtaku: Jeunes Burkinabe\u0300 Raconte le Faso en Mangas\"}]},{\"@type\":\"WebSite\",\"@id\":\"https:\/\/www.africa-press.net\/burkina-faso\/#website\",\"url\":\"https:\/\/www.africa-press.net\/burkina-faso\/\",\"name\":\"Burkina Faso\",\"description\":\"Just another Africa News Agency Sites site\",\"potentialAction\":[{\"@type\":\"SearchAction\",\"target\":{\"@type\":\"EntryPoint\",\"urlTemplate\":\"https:\/\/www.africa-press.net\/burkina-faso\/?s={search_term_string}\"},\"query-input\":{\"@type\":\"PropertyValueSpecification\",\"valueRequired\":true,\"valueName\":\"search_term_string\"}}],\"inLanguage\":\"fr-FR\"},{\"@type\":\"Person\",\"@id\":\"https:\/\/www.africa-press.net\/burkina-faso\/#\/schema\/person\/2b1cf3cd81a31e3cd26889ca66d677f1\",\"name\":\"cfeditorfr\"}]}<\/script>\n<!-- \/ Yoast SEO Premium plugin. -->","yoast_head_json":{"title":"FasOtaku: Jeunes Burkinabe\u0300 Raconte le Faso en Mangas - Burkina Faso","description":"Il y en a qui travaillent a\u0300 faire vivre la culture burkinabe\u0300 non en se perdant mais en s\u2019inspirant. C\u2019est le cas de l\u2019 ...","robots":{"index":"index","follow":"follow","max-snippet":"max-snippet:-1","max-image-preview":"max-image-preview:large","max-video-preview":"max-video-preview:-1"},"canonical":"https:\/\/www.africa-press.net\/burkina-faso\/toutes-les-actualites\/fasotaku-jeunes-burkinabe-raconte-le-faso-en-mangas","og_locale":"fr_FR","og_type":"article","og_title":"FasOtaku: Jeunes Burkinabe\u0300 Raconte le Faso en Mangas","og_description":"Il y en a qui travaillent a\u0300 faire vivre la culture burkinabe\u0300 non en se perdant mais en s\u2019inspirant. C\u2019est le cas de l\u2019 ...","og_url":"https:\/\/www.africa-press.net\/burkina-faso\/toutes-les-actualites\/fasotaku-jeunes-burkinabe-raconte-le-faso-en-mangas","og_site_name":"Burkina Faso","article_published_time":"2026-03-16T13:42:06+00:00","article_modified_time":"2026-03-16T14:32:37+00:00","og_image":[{"width":720,"height":636,"url":"https:\/\/static.africa-press.net\/burkina\/sites\/42\/2026\/03\/sm_1773658915.664028.jpg","type":"image\/jpeg"}],"author":"cfeditorfr","twitter_card":"summary_large_image","twitter_misc":{"\u00c9crit par":"cfeditorfr","Dur\u00e9e de lecture estim\u00e9e":"7 minutes"},"schema":{"@context":"https:\/\/schema.org","@graph":[{"@type":"Article","@id":"https:\/\/www.africa-press.net\/burkina-faso\/toutes-les-actualites\/fasotaku-jeunes-burkinabe-raconte-le-faso-en-mangas#article","isPartOf":{"@id":"https:\/\/www.africa-press.net\/burkina-faso\/toutes-les-actualites\/fasotaku-jeunes-burkinabe-raconte-le-faso-en-mangas"},"author":{"name":"cfeditorfr","@id":"https:\/\/www.africa-press.net\/burkina-faso\/#\/schema\/person\/2b1cf3cd81a31e3cd26889ca66d677f1"},"headline":"FasOtaku: Jeunes Burkinabe\u0300 Raconte le Faso en Mangas","datePublished":"2026-03-16T13:42:06+00:00","dateModified":"2026-03-16T14:32:37+00:00","mainEntityOfPage":{"@id":"https:\/\/www.africa-press.net\/burkina-faso\/toutes-les-actualites\/fasotaku-jeunes-burkinabe-raconte-le-faso-en-mangas"},"wordCount":1423,"commentCount":0,"image":{"@id":"https:\/\/www.africa-press.net\/burkina-faso\/toutes-les-actualites\/fasotaku-jeunes-burkinabe-raconte-le-faso-en-mangas#primaryimage"},"thumbnailUrl":"https:\/\/static.africa-press.net\/burkina\/sites\/42\/2026\/03\/sm_1773658915.664028.jpg","keywords":["Burkina Faso"],"articleSection":["Communaut\u00e9","Toutes les actualit\u00e9s"],"inLanguage":"fr-FR","potentialAction":[{"@type":"CommentAction","name":"Comment","target":["https:\/\/www.africa-press.net\/burkina-faso\/toutes-les-actualites\/fasotaku-jeunes-burkinabe-raconte-le-faso-en-mangas#respond"]}]},{"@type":"WebPage","@id":"https:\/\/www.africa-press.net\/burkina-faso\/toutes-les-actualites\/fasotaku-jeunes-burkinabe-raconte-le-faso-en-mangas","url":"https:\/\/www.africa-press.net\/burkina-faso\/toutes-les-actualites\/fasotaku-jeunes-burkinabe-raconte-le-faso-en-mangas","name":"FasOtaku: Jeunes Burkinabe\u0300 Raconte le Faso en Mangas - Burkina Faso","isPartOf":{"@id":"https:\/\/www.africa-press.net\/burkina-faso\/#website"},"primaryImageOfPage":{"@id":"https:\/\/www.africa-press.net\/burkina-faso\/toutes-les-actualites\/fasotaku-jeunes-burkinabe-raconte-le-faso-en-mangas#primaryimage"},"image":{"@id":"https:\/\/www.africa-press.net\/burkina-faso\/toutes-les-actualites\/fasotaku-jeunes-burkinabe-raconte-le-faso-en-mangas#primaryimage"},"thumbnailUrl":"https:\/\/static.africa-press.net\/burkina\/sites\/42\/2026\/03\/sm_1773658915.664028.jpg","datePublished":"2026-03-16T13:42:06+00:00","dateModified":"2026-03-16T14:32:37+00:00","author":{"@id":"https:\/\/www.africa-press.net\/burkina-faso\/#\/schema\/person\/2b1cf3cd81a31e3cd26889ca66d677f1"},"description":"Il y en a qui travaillent a\u0300 faire vivre la culture burkinabe\u0300 non en se perdant mais en s\u2019inspirant. C\u2019est le cas de l\u2019 ...","breadcrumb":{"@id":"https:\/\/www.africa-press.net\/burkina-faso\/toutes-les-actualites\/fasotaku-jeunes-burkinabe-raconte-le-faso-en-mangas#breadcrumb"},"inLanguage":"fr-FR","potentialAction":[{"@type":"ReadAction","target":["https:\/\/www.africa-press.net\/burkina-faso\/toutes-les-actualites\/fasotaku-jeunes-burkinabe-raconte-le-faso-en-mangas"]}]},{"@type":"ImageObject","inLanguage":"fr-FR","@id":"https:\/\/www.africa-press.net\/burkina-faso\/toutes-les-actualites\/fasotaku-jeunes-burkinabe-raconte-le-faso-en-mangas#primaryimage","url":"https:\/\/static.africa-press.net\/burkina\/sites\/42\/2026\/03\/sm_1773658915.664028.jpg","contentUrl":"https:\/\/static.africa-press.net\/burkina\/sites\/42\/2026\/03\/sm_1773658915.664028.jpg","width":720,"height":636,"caption":"FasOtaku: Jeunes Burkinabe\u0300 Raconte le Faso en Mangas"},{"@type":"BreadcrumbList","@id":"https:\/\/www.africa-press.net\/burkina-faso\/toutes-les-actualites\/fasotaku-jeunes-burkinabe-raconte-le-faso-en-mangas#breadcrumb","itemListElement":[{"@type":"ListItem","position":1,"name":"Accueil","item":"https:\/\/www.africa-press.net\/burkina-faso\/"},{"@type":"ListItem","position":2,"name":"FasOtaku: Jeunes Burkinabe\u0300 Raconte le Faso en Mangas"}]},{"@type":"WebSite","@id":"https:\/\/www.africa-press.net\/burkina-faso\/#website","url":"https:\/\/www.africa-press.net\/burkina-faso\/","name":"Burkina Faso","description":"Just another Africa News Agency Sites site","potentialAction":[{"@type":"SearchAction","target":{"@type":"EntryPoint","urlTemplate":"https:\/\/www.africa-press.net\/burkina-faso\/?s={search_term_string}"},"query-input":{"@type":"PropertyValueSpecification","valueRequired":true,"valueName":"search_term_string"}}],"inLanguage":"fr-FR"},{"@type":"Person","@id":"https:\/\/www.africa-press.net\/burkina-faso\/#\/schema\/person\/2b1cf3cd81a31e3cd26889ca66d677f1","name":"cfeditorfr"}]}},"_links":{"self":[{"href":"https:\/\/www.africa-press.net\/burkina-faso\/wp-json\/wp\/v2\/posts\/127487","targetHints":{"allow":["GET"]}}],"collection":[{"href":"https:\/\/www.africa-press.net\/burkina-faso\/wp-json\/wp\/v2\/posts"}],"about":[{"href":"https:\/\/www.africa-press.net\/burkina-faso\/wp-json\/wp\/v2\/types\/post"}],"author":[{"embeddable":true,"href":"https:\/\/www.africa-press.net\/burkina-faso\/wp-json\/wp\/v2\/users\/82"}],"replies":[{"embeddable":true,"href":"https:\/\/www.africa-press.net\/burkina-faso\/wp-json\/wp\/v2\/comments?post=127487"}],"version-history":[{"count":0,"href":"https:\/\/www.africa-press.net\/burkina-faso\/wp-json\/wp\/v2\/posts\/127487\/revisions"}],"wp:featuredmedia":[{"embeddable":true,"href":"https:\/\/www.africa-press.net\/burkina-faso\/wp-json\/wp\/v2\/media\/127486"}],"wp:attachment":[{"href":"https:\/\/www.africa-press.net\/burkina-faso\/wp-json\/wp\/v2\/media?parent=127487"}],"wp:term":[{"taxonomy":"category","embeddable":true,"href":"https:\/\/www.africa-press.net\/burkina-faso\/wp-json\/wp\/v2\/categories?post=127487"},{"taxonomy":"post_tag","embeddable":true,"href":"https:\/\/www.africa-press.net\/burkina-faso\/wp-json\/wp\/v2\/tags?post=127487"}],"curies":[{"name":"wp","href":"https:\/\/api.w.org\/{rel}","templated":true}]}}