{"id":127500,"date":"2026-03-16T13:47:22","date_gmt":"2026-03-16T13:47:22","guid":{"rendered":"https:\/\/www.africa-press.net\/burkina-faso\/politique\/police-nationale-presente-drone-aux-assureurs"},"modified":"2026-03-16T14:33:13","modified_gmt":"2026-03-16T14:33:13","slug":"police-nationale-presente-drone-aux-assureurs","status":"publish","type":"post","link":"https:\/\/www.africa-press.net\/burkina-faso\/photo\/police-nationale-presente-drone-aux-assureurs","title":{"rendered":"Police Nationale Pre\u0301sente Drone aux Assureurs"},"content":{"rendered":"<p><span style=\"color: #ff6600\"><strong>Africa-Press &#8211; Burkina Faso. <\/strong><\/span>Le directeur ge\u0301ne\u0301ral de la Police nationale, l\u2019inspecteur ge\u0301ne\u0301ral de police Thierry Dofizouho Tuina, a pre\u0301side\u0301 ce mercredi 11 mars 2026, une rencontre avec une de\u0301le\u0301gation de l\u2019Association professionnelle des socie\u0301te\u0301s d\u2019assurance du Burkina (APSAB). L\u2019objectif a e\u0301te\u0301 de pre\u0301senter une nouvelle me\u0301thodologie de constatation des accidents a\u0300 l\u2019aide de drones et de recueillir leurs impressions sur son utilisation dans la gestion des sinistres routiers.<\/p>\n<p>Avant les e\u0301changes, les membres de la de\u0301le\u0301gation de l\u2019APSAB ont assiste\u0301 a\u0300 une de\u0301monstration pratique de constatation d\u2019accident re\u0301alise\u0301e a\u0300 l\u2019aide d\u2019un drone. En quelques minutes seulement, l\u2019appareil a permis de capturer des images ae\u0301riennes pre\u0301cises de la sce\u0300ne simule\u0301e, illustrant ainsi la rapidite\u0301 et l\u2019efficacite\u0301 de ce nouvel outil.<\/p>\n<p>Cette de\u0301monstration a permis aux participants de mieux appre\u0301hender les possibilite\u0301s offertes par cette technologie, notamment en matie\u0300re de collecte et de traitement des informations sur les lieux d\u2019un accident.<\/p>\n<p>Au cours de la se\u0301ance interactive qui a suivi, les responsables de la Police nationale ont apporte\u0301 des explications de\u0301taille\u0301es sur la manie\u0300re dont les images recueillies par le drone permettent d\u2019e\u0301tablir un croquis nume\u0301rique pre\u0301cis de l\u2019accident.<\/p>\n<p>Selon eux, cette me\u0301thode pre\u0301sente plusieurs avantages majeurs dont la re\u0301duction significative du temps d\u2019intervention des agents charge\u0301s des constats, la production de donne\u0301es nume\u0301riques fiables et exploitables, ainsi qu\u2019une meilleure conservation des informations pour les analyses ulte\u0301rieures et les expertises.<\/p>\n<p>Gra\u0302ce a\u0300 ces donne\u0301es ae\u0301riennes, les enque\u0302teurs peuvent reconstituer plus fide\u0300lement la configuration des lieux et les positions des ve\u0301hicules implique\u0301s, renforc\u0327ant ainsi la qualite\u0301 des rapports d\u2019accident.<\/p>\n<p>La de\u0301le\u0301gation de l\u2019Association professionnelle des socie\u0301te\u0301s d\u2019assurance du Burkina a salue\u0301 cette initiative qu\u2019elle conside\u0300re comme une avance\u0301e majeure dans la gestion des accidents de la circulation.<\/p>\n<p>Source: Police nationale du Burkina<\/p>\n\r\n                <style type=\"text\/css\">\r\n                    \r\n                    #td_uid_1_69f465a51de38  .td-doubleSlider-2 .td-item1 {\r\n                        background: url(https:\/\/static.africa-press.net\/burkina\/sites\/42\/2026\/03\/sm_1773658959.826401-80x60.jpg) 0 0 no-repeat;\r\n                    }\r\n                    #td_uid_1_69f465a51de38  .td-doubleSlider-2 .td-item2 {\r\n                        background: url(https:\/\/static.africa-press.net\/burkina\/sites\/42\/2026\/03\/sm_1773658965.068575-80x60.jpg) 0 0 no-repeat;\r\n                    }\r\n                    #td_uid_1_69f465a51de38  .td-doubleSlider-2 .td-item3 {\r\n                        background: url(https:\/\/static.africa-press.net\/burkina\/sites\/42\/2026\/03\/sm_1773658970.062816-80x60.jpg) 0 0 no-repeat;\r\n                    }\r\n                <\/style>\r\n\r\n                <div id=\"td_uid_1_69f465a51de38\" class=\"td-gallery td-slide-on-2-columns\">\r\n                    <div class=\"post_td_gallery\">\r\n                        <div class=\"td-gallery-slide-top\">\r\n                           <div class=\"td-gallery-title\"><\/div>\r\n\r\n                            <div class=\"td-gallery-controls-wrapper\">\r\n                                <div class=\"td-gallery-slide-count\"><span class=\"td-gallery-slide-item-focus\">1<\/span> de 3<\/div>\r\n                                <div class=\"td-gallery-slide-prev-next-but\">\r\n                                    <i class = \"td-icon-left doubleSliderPrevButton\"><\/i>\r\n                                    <i class = \"td-icon-right doubleSliderNextButton\"><\/i>\r\n                                <\/div>\r\n                            <\/div>\r\n                        <\/div>\r\n\r\n                        <div class = \"td-doubleSlider-1 \">\r\n                            <div class = \"td-slider\">\r\n                                \r\n                    <div class = \"td-slide-item td-item1\">\r\n                        <figure class=\"td-slide-galery-figure td-slide-popup-gallery\">\r\n                            <a class=\"slide-gallery-image-link\" href=\"https:\/\/static.africa-press.net\/burkina\/sites\/42\/2026\/03\/sm_1773658959.826401.jpg\" title=\"sm_1773658959.826401\"  data-caption=\"\"  data-description=\"\">\r\n                                <img decoding=\"async\" src=\"https:\/\/static.africa-press.net\/burkina\/sites\/42\/2026\/03\/sm_1773658959.826401.jpg\" srcset=\"https:\/\/static.africa-press.net\/burkina\/sites\/42\/2026\/03\/sm_1773658959.826401.jpg 600w, https:\/\/static.africa-press.net\/burkina\/sites\/42\/2026\/03\/sm_1773658959.826401-300x139.jpg 300w\" sizes=\"(max-width: 600px) 100vw, 600px\" alt=\"\">\r\n                            <\/a>\r\n                            \r\n                        <\/figure>\r\n                    <\/div>\r\n                    <div class = \"td-slide-item td-item2\">\r\n                        <figure class=\"td-slide-galery-figure td-slide-popup-gallery\">\r\n                            <a class=\"slide-gallery-image-link\" href=\"https:\/\/static.africa-press.net\/burkina\/sites\/42\/2026\/03\/sm_1773658965.068575.jpg\" title=\"sm_1773658965.068575\"  data-caption=\"\"  data-description=\"\">\r\n                                <img decoding=\"async\" src=\"https:\/\/static.africa-press.net\/burkina\/sites\/42\/2026\/03\/sm_1773658965.068575.jpg\" srcset=\"https:\/\/static.africa-press.net\/burkina\/sites\/42\/2026\/03\/sm_1773658965.068575.jpg 600w, https:\/\/static.africa-press.net\/burkina\/sites\/42\/2026\/03\/sm_1773658965.068575-300x218.jpg 300w, https:\/\/static.africa-press.net\/burkina\/sites\/42\/2026\/03\/sm_1773658965.068575-324x235.jpg 324w\" sizes=\"(max-width: 600px) 100vw, 600px\" alt=\"\">\r\n                            <\/a>\r\n                            \r\n                        <\/figure>\r\n                    <\/div>\r\n                    <div class = \"td-slide-item td-item3\">\r\n                        <figure class=\"td-slide-galery-figure td-slide-popup-gallery\">\r\n                            <a class=\"slide-gallery-image-link\" href=\"https:\/\/static.africa-press.net\/burkina\/sites\/42\/2026\/03\/sm_1773658970.062816.jpg\" title=\"sm_1773658970.062816\"  data-caption=\"\"  data-description=\"\">\r\n                                <img decoding=\"async\" src=\"https:\/\/static.africa-press.net\/burkina\/sites\/42\/2026\/03\/sm_1773658970.062816.jpg\" srcset=\"https:\/\/static.africa-press.net\/burkina\/sites\/42\/2026\/03\/sm_1773658970.062816.jpg 600w, https:\/\/static.africa-press.net\/burkina\/sites\/42\/2026\/03\/sm_1773658970.062816-300x128.jpg 300w\" sizes=\"(max-width: 600px) 100vw, 600px\" alt=\"\">\r\n                            <\/a>\r\n                            \r\n                        <\/figure>\r\n                    <\/div>\r\n                            <\/div>\r\n                        <\/div>\r\n\r\n                        <div class = \"td-doubleSlider-2\">\r\n                            <div class = \"td-slider\">\r\n                                \r\n                    <div class = \"td-button td-item1\">\r\n                        <div class = \"td-border\"><\/div>\r\n                    <\/div>\r\n                    <div class = \"td-button td-item2\">\r\n                        <div class = \"td-border\"><\/div>\r\n                    <\/div>\r\n                    <div class = \"td-button td-item3\">\r\n                        <div class = \"td-border\"><\/div>\r\n                    <\/div>\r\n                            <\/div>\r\n                        <\/div>\r\n\r\n                    <\/div>\r\n\r\n                <\/div>\r\n                \n<p><strong>Pour plus d&rsquo;informations et d&rsquo;analyses sur la <span style=\"color: #ff6600\">Burkina Faso<\/span>, suivez <span style=\"color: #ff6600\">Africa-Press<\/span><\/strong><\/p>\n","protected":false},"excerpt":{"rendered":"<p>Africa-Press &#8211; Burkina Faso. Le directeur ge\u0301ne\u0301ral de la Police nationale, l\u2019inspecteur ge\u0301ne\u0301ral de police Thierry Dofizouho Tuina, a pre\u0301side\u0301 ce mercredi 11 mars 2026, une rencontre avec une de\u0301le\u0301gation de l\u2019Association professionnelle des socie\u0301te\u0301s d\u2019assurance du Burkina (APSAB). L\u2019objectif a e\u0301te\u0301 de pre\u0301senter une nouvelle me\u0301thodologie de constatation des accidents a\u0300 l\u2019aide de drones [&hellip;]<\/p>\n","protected":false},"author":82,"featured_media":127498,"comment_status":"open","ping_status":"closed","sticky":false,"template":"","format":"standard","meta":{"footnotes":""},"categories":[21,8,10],"tags":[29],"class_list":["post-127500","post","type-post","status-publish","format-standard","has-post-thumbnail","hentry","category-communaute","category-photo","category-toutes-les-actualites","tag-burkina-faso"],"yoast_head":"<!-- This site is optimized with the Yoast SEO Premium plugin v26.1 (Yoast SEO v27.0) - https:\/\/yoast.com\/product\/yoast-seo-premium-wordpress\/ -->\n<title>Police Nationale Pre\u0301sente Drone aux Assureurs - Burkina Faso<\/title>\n<meta name=\"description\" content=\"Le directeur ge\u0301ne\u0301ral de la Police nationale, l\u2019inspecteur ge\u0301ne\u0301ral de police Thierry Dofizouho Tuina, a pre\u0301side\u0301 ce ...\" \/>\n<meta name=\"robots\" content=\"index, follow, max-snippet:-1, max-image-preview:large, max-video-preview:-1\" \/>\n<link rel=\"canonical\" href=\"https:\/\/www.africa-press.net\/burkina-faso\/photo\/police-nationale-presente-drone-aux-assureurs\" \/>\n<meta property=\"og:locale\" content=\"fr_FR\" \/>\n<meta property=\"og:type\" content=\"article\" \/>\n<meta property=\"og:title\" content=\"Police Nationale Pre\u0301sente Drone aux Assureurs\" \/>\n<meta property=\"og:description\" content=\"Le directeur ge\u0301ne\u0301ral de la Police nationale, l\u2019inspecteur ge\u0301ne\u0301ral de police Thierry Dofizouho Tuina, a pre\u0301side\u0301 ce ...\" \/>\n<meta property=\"og:url\" content=\"https:\/\/www.africa-press.net\/burkina-faso\/photo\/police-nationale-presente-drone-aux-assureurs\" \/>\n<meta property=\"og:site_name\" content=\"Burkina Faso\" \/>\n<meta property=\"article:published_time\" content=\"2026-03-16T13:47:22+00:00\" \/>\n<meta property=\"article:modified_time\" content=\"2026-03-16T14:33:13+00:00\" \/>\n<meta property=\"og:image\" content=\"https:\/\/static.africa-press.net\/burkina\/sites\/42\/2026\/03\/sm_1773658974.591942.jpg\" \/>\n\t<meta property=\"og:image:width\" content=\"720\" \/>\n\t<meta property=\"og:image:height\" content=\"447\" \/>\n\t<meta property=\"og:image:type\" content=\"image\/jpeg\" \/>\n<meta name=\"author\" content=\"cfeditorfr\" \/>\n<meta name=\"twitter:card\" content=\"summary_large_image\" \/>\n<meta name=\"twitter:label1\" content=\"\u00c9crit par\" \/>\n\t<meta name=\"twitter:data1\" content=\"cfeditorfr\" \/>\n\t<meta name=\"twitter:label2\" content=\"Dur\u00e9e de lecture estim\u00e9e\" \/>\n\t<meta name=\"twitter:data2\" content=\"2 minutes\" \/>\n<script type=\"application\/ld+json\" class=\"yoast-schema-graph\">{\"@context\":\"https:\/\/schema.org\",\"@graph\":[{\"@type\":\"Article\",\"@id\":\"https:\/\/www.africa-press.net\/burkina-faso\/photo\/police-nationale-presente-drone-aux-assureurs#article\",\"isPartOf\":{\"@id\":\"https:\/\/www.africa-press.net\/burkina-faso\/photo\/police-nationale-presente-drone-aux-assureurs\"},\"author\":{\"name\":\"cfeditorfr\",\"@id\":\"https:\/\/www.africa-press.net\/burkina-faso\/#\/schema\/person\/2b1cf3cd81a31e3cd26889ca66d677f1\"},\"headline\":\"Police Nationale Pre\u0301sente Drone aux Assureurs\",\"datePublished\":\"2026-03-16T13:47:22+00:00\",\"dateModified\":\"2026-03-16T14:33:13+00:00\",\"mainEntityOfPage\":{\"@id\":\"https:\/\/www.africa-press.net\/burkina-faso\/photo\/police-nationale-presente-drone-aux-assureurs\"},\"wordCount\":392,\"commentCount\":0,\"image\":{\"@id\":\"https:\/\/www.africa-press.net\/burkina-faso\/photo\/police-nationale-presente-drone-aux-assureurs#primaryimage\"},\"thumbnailUrl\":\"https:\/\/static.africa-press.net\/burkina\/sites\/42\/2026\/03\/sm_1773658974.591942.jpg\",\"keywords\":[\"Burkina Faso\"],\"articleSection\":[\"Communaut\u00e9\",\"Photo\",\"Toutes les actualit\u00e9s\"],\"inLanguage\":\"fr-FR\",\"potentialAction\":[{\"@type\":\"CommentAction\",\"name\":\"Comment\",\"target\":[\"https:\/\/www.africa-press.net\/burkina-faso\/photo\/police-nationale-presente-drone-aux-assureurs#respond\"]}]},{\"@type\":\"WebPage\",\"@id\":\"https:\/\/www.africa-press.net\/burkina-faso\/photo\/police-nationale-presente-drone-aux-assureurs\",\"url\":\"https:\/\/www.africa-press.net\/burkina-faso\/photo\/police-nationale-presente-drone-aux-assureurs\",\"name\":\"Police Nationale Pre\u0301sente Drone aux Assureurs - Burkina Faso\",\"isPartOf\":{\"@id\":\"https:\/\/www.africa-press.net\/burkina-faso\/#website\"},\"primaryImageOfPage\":{\"@id\":\"https:\/\/www.africa-press.net\/burkina-faso\/photo\/police-nationale-presente-drone-aux-assureurs#primaryimage\"},\"image\":{\"@id\":\"https:\/\/www.africa-press.net\/burkina-faso\/photo\/police-nationale-presente-drone-aux-assureurs#primaryimage\"},\"thumbnailUrl\":\"https:\/\/static.africa-press.net\/burkina\/sites\/42\/2026\/03\/sm_1773658974.591942.jpg\",\"datePublished\":\"2026-03-16T13:47:22+00:00\",\"dateModified\":\"2026-03-16T14:33:13+00:00\",\"author\":{\"@id\":\"https:\/\/www.africa-press.net\/burkina-faso\/#\/schema\/person\/2b1cf3cd81a31e3cd26889ca66d677f1\"},\"description\":\"Le directeur ge\u0301ne\u0301ral de la Police nationale, l\u2019inspecteur ge\u0301ne\u0301ral de police Thierry Dofizouho Tuina, a pre\u0301side\u0301 ce ...\",\"breadcrumb\":{\"@id\":\"https:\/\/www.africa-press.net\/burkina-faso\/photo\/police-nationale-presente-drone-aux-assureurs#breadcrumb\"},\"inLanguage\":\"fr-FR\",\"potentialAction\":[{\"@type\":\"ReadAction\",\"target\":[\"https:\/\/www.africa-press.net\/burkina-faso\/photo\/police-nationale-presente-drone-aux-assureurs\"]}]},{\"@type\":\"ImageObject\",\"inLanguage\":\"fr-FR\",\"@id\":\"https:\/\/www.africa-press.net\/burkina-faso\/photo\/police-nationale-presente-drone-aux-assureurs#primaryimage\",\"url\":\"https:\/\/static.africa-press.net\/burkina\/sites\/42\/2026\/03\/sm_1773658974.591942.jpg\",\"contentUrl\":\"https:\/\/static.africa-press.net\/burkina\/sites\/42\/2026\/03\/sm_1773658974.591942.jpg\",\"width\":720,\"height\":447,\"caption\":\"Police Nationale Pre\u0301sente Drone aux Assureurs\"},{\"@type\":\"BreadcrumbList\",\"@id\":\"https:\/\/www.africa-press.net\/burkina-faso\/photo\/police-nationale-presente-drone-aux-assureurs#breadcrumb\",\"itemListElement\":[{\"@type\":\"ListItem\",\"position\":1,\"name\":\"Accueil\",\"item\":\"https:\/\/www.africa-press.net\/burkina-faso\/\"},{\"@type\":\"ListItem\",\"position\":2,\"name\":\"Police Nationale Pre\u0301sente Drone aux Assureurs\"}]},{\"@type\":\"WebSite\",\"@id\":\"https:\/\/www.africa-press.net\/burkina-faso\/#website\",\"url\":\"https:\/\/www.africa-press.net\/burkina-faso\/\",\"name\":\"Burkina Faso\",\"description\":\"Just another Africa News Agency Sites site\",\"potentialAction\":[{\"@type\":\"SearchAction\",\"target\":{\"@type\":\"EntryPoint\",\"urlTemplate\":\"https:\/\/www.africa-press.net\/burkina-faso\/?s={search_term_string}\"},\"query-input\":{\"@type\":\"PropertyValueSpecification\",\"valueRequired\":true,\"valueName\":\"search_term_string\"}}],\"inLanguage\":\"fr-FR\"},{\"@type\":\"Person\",\"@id\":\"https:\/\/www.africa-press.net\/burkina-faso\/#\/schema\/person\/2b1cf3cd81a31e3cd26889ca66d677f1\",\"name\":\"cfeditorfr\"}]}<\/script>\n<!-- \/ Yoast SEO Premium plugin. -->","yoast_head_json":{"title":"Police Nationale Pre\u0301sente Drone aux Assureurs - Burkina Faso","description":"Le directeur ge\u0301ne\u0301ral de la Police nationale, l\u2019inspecteur ge\u0301ne\u0301ral de police Thierry Dofizouho Tuina, a pre\u0301side\u0301 ce ...","robots":{"index":"index","follow":"follow","max-snippet":"max-snippet:-1","max-image-preview":"max-image-preview:large","max-video-preview":"max-video-preview:-1"},"canonical":"https:\/\/www.africa-press.net\/burkina-faso\/photo\/police-nationale-presente-drone-aux-assureurs","og_locale":"fr_FR","og_type":"article","og_title":"Police Nationale Pre\u0301sente Drone aux Assureurs","og_description":"Le directeur ge\u0301ne\u0301ral de la Police nationale, l\u2019inspecteur ge\u0301ne\u0301ral de police Thierry Dofizouho Tuina, a pre\u0301side\u0301 ce ...","og_url":"https:\/\/www.africa-press.net\/burkina-faso\/photo\/police-nationale-presente-drone-aux-assureurs","og_site_name":"Burkina Faso","article_published_time":"2026-03-16T13:47:22+00:00","article_modified_time":"2026-03-16T14:33:13+00:00","og_image":[{"width":720,"height":447,"url":"https:\/\/static.africa-press.net\/burkina\/sites\/42\/2026\/03\/sm_1773658974.591942.jpg","type":"image\/jpeg"}],"author":"cfeditorfr","twitter_card":"summary_large_image","twitter_misc":{"\u00c9crit par":"cfeditorfr","Dur\u00e9e de lecture estim\u00e9e":"2 minutes"},"schema":{"@context":"https:\/\/schema.org","@graph":[{"@type":"Article","@id":"https:\/\/www.africa-press.net\/burkina-faso\/photo\/police-nationale-presente-drone-aux-assureurs#article","isPartOf":{"@id":"https:\/\/www.africa-press.net\/burkina-faso\/photo\/police-nationale-presente-drone-aux-assureurs"},"author":{"name":"cfeditorfr","@id":"https:\/\/www.africa-press.net\/burkina-faso\/#\/schema\/person\/2b1cf3cd81a31e3cd26889ca66d677f1"},"headline":"Police Nationale Pre\u0301sente Drone aux Assureurs","datePublished":"2026-03-16T13:47:22+00:00","dateModified":"2026-03-16T14:33:13+00:00","mainEntityOfPage":{"@id":"https:\/\/www.africa-press.net\/burkina-faso\/photo\/police-nationale-presente-drone-aux-assureurs"},"wordCount":392,"commentCount":0,"image":{"@id":"https:\/\/www.africa-press.net\/burkina-faso\/photo\/police-nationale-presente-drone-aux-assureurs#primaryimage"},"thumbnailUrl":"https:\/\/static.africa-press.net\/burkina\/sites\/42\/2026\/03\/sm_1773658974.591942.jpg","keywords":["Burkina Faso"],"articleSection":["Communaut\u00e9","Photo","Toutes les actualit\u00e9s"],"inLanguage":"fr-FR","potentialAction":[{"@type":"CommentAction","name":"Comment","target":["https:\/\/www.africa-press.net\/burkina-faso\/photo\/police-nationale-presente-drone-aux-assureurs#respond"]}]},{"@type":"WebPage","@id":"https:\/\/www.africa-press.net\/burkina-faso\/photo\/police-nationale-presente-drone-aux-assureurs","url":"https:\/\/www.africa-press.net\/burkina-faso\/photo\/police-nationale-presente-drone-aux-assureurs","name":"Police Nationale Pre\u0301sente Drone aux Assureurs - Burkina Faso","isPartOf":{"@id":"https:\/\/www.africa-press.net\/burkina-faso\/#website"},"primaryImageOfPage":{"@id":"https:\/\/www.africa-press.net\/burkina-faso\/photo\/police-nationale-presente-drone-aux-assureurs#primaryimage"},"image":{"@id":"https:\/\/www.africa-press.net\/burkina-faso\/photo\/police-nationale-presente-drone-aux-assureurs#primaryimage"},"thumbnailUrl":"https:\/\/static.africa-press.net\/burkina\/sites\/42\/2026\/03\/sm_1773658974.591942.jpg","datePublished":"2026-03-16T13:47:22+00:00","dateModified":"2026-03-16T14:33:13+00:00","author":{"@id":"https:\/\/www.africa-press.net\/burkina-faso\/#\/schema\/person\/2b1cf3cd81a31e3cd26889ca66d677f1"},"description":"Le directeur ge\u0301ne\u0301ral de la Police nationale, l\u2019inspecteur ge\u0301ne\u0301ral de police Thierry Dofizouho Tuina, a pre\u0301side\u0301 ce ...","breadcrumb":{"@id":"https:\/\/www.africa-press.net\/burkina-faso\/photo\/police-nationale-presente-drone-aux-assureurs#breadcrumb"},"inLanguage":"fr-FR","potentialAction":[{"@type":"ReadAction","target":["https:\/\/www.africa-press.net\/burkina-faso\/photo\/police-nationale-presente-drone-aux-assureurs"]}]},{"@type":"ImageObject","inLanguage":"fr-FR","@id":"https:\/\/www.africa-press.net\/burkina-faso\/photo\/police-nationale-presente-drone-aux-assureurs#primaryimage","url":"https:\/\/static.africa-press.net\/burkina\/sites\/42\/2026\/03\/sm_1773658974.591942.jpg","contentUrl":"https:\/\/static.africa-press.net\/burkina\/sites\/42\/2026\/03\/sm_1773658974.591942.jpg","width":720,"height":447,"caption":"Police Nationale Pre\u0301sente Drone aux Assureurs"},{"@type":"BreadcrumbList","@id":"https:\/\/www.africa-press.net\/burkina-faso\/photo\/police-nationale-presente-drone-aux-assureurs#breadcrumb","itemListElement":[{"@type":"ListItem","position":1,"name":"Accueil","item":"https:\/\/www.africa-press.net\/burkina-faso\/"},{"@type":"ListItem","position":2,"name":"Police Nationale Pre\u0301sente Drone aux Assureurs"}]},{"@type":"WebSite","@id":"https:\/\/www.africa-press.net\/burkina-faso\/#website","url":"https:\/\/www.africa-press.net\/burkina-faso\/","name":"Burkina Faso","description":"Just another Africa News Agency Sites site","potentialAction":[{"@type":"SearchAction","target":{"@type":"EntryPoint","urlTemplate":"https:\/\/www.africa-press.net\/burkina-faso\/?s={search_term_string}"},"query-input":{"@type":"PropertyValueSpecification","valueRequired":true,"valueName":"search_term_string"}}],"inLanguage":"fr-FR"},{"@type":"Person","@id":"https:\/\/www.africa-press.net\/burkina-faso\/#\/schema\/person\/2b1cf3cd81a31e3cd26889ca66d677f1","name":"cfeditorfr"}]}},"_links":{"self":[{"href":"https:\/\/www.africa-press.net\/burkina-faso\/wp-json\/wp\/v2\/posts\/127500","targetHints":{"allow":["GET"]}}],"collection":[{"href":"https:\/\/www.africa-press.net\/burkina-faso\/wp-json\/wp\/v2\/posts"}],"about":[{"href":"https:\/\/www.africa-press.net\/burkina-faso\/wp-json\/wp\/v2\/types\/post"}],"author":[{"embeddable":true,"href":"https:\/\/www.africa-press.net\/burkina-faso\/wp-json\/wp\/v2\/users\/82"}],"replies":[{"embeddable":true,"href":"https:\/\/www.africa-press.net\/burkina-faso\/wp-json\/wp\/v2\/comments?post=127500"}],"version-history":[{"count":0,"href":"https:\/\/www.africa-press.net\/burkina-faso\/wp-json\/wp\/v2\/posts\/127500\/revisions"}],"wp:featuredmedia":[{"embeddable":true,"href":"https:\/\/www.africa-press.net\/burkina-faso\/wp-json\/wp\/v2\/media\/127498"}],"wp:attachment":[{"href":"https:\/\/www.africa-press.net\/burkina-faso\/wp-json\/wp\/v2\/media?parent=127500"}],"wp:term":[{"taxonomy":"category","embeddable":true,"href":"https:\/\/www.africa-press.net\/burkina-faso\/wp-json\/wp\/v2\/categories?post=127500"},{"taxonomy":"post_tag","embeddable":true,"href":"https:\/\/www.africa-press.net\/burkina-faso\/wp-json\/wp\/v2\/tags?post=127500"}],"curies":[{"name":"wp","href":"https:\/\/api.w.org\/{rel}","templated":true}]}}