{"id":127502,"date":"2026-03-16T13:47:40","date_gmt":"2026-03-16T13:47:40","guid":{"rendered":"https:\/\/www.africa-press.net\/burkina-faso\/politique\/burkina-baro-et-somda-nommes-ministres-conseillers"},"modified":"2026-03-16T14:33:35","modified_gmt":"2026-03-16T14:33:35","slug":"burkina-baro-et-somda-nommes-ministres-conseillers","status":"publish","type":"post","link":"https:\/\/www.africa-press.net\/burkina-faso\/politique\/burkina-baro-et-somda-nommes-ministres-conseillers","title":{"rendered":"Burkina: Baro et Somda Nomme\u0301s Ministres Conseillers"},"content":{"rendered":"<p><span style=\"color: #ff6600\"><strong>Africa-Press &#8211; Burkina Faso. <\/strong><\/span>Le pre\u0301sident du Faso, Ibrahim Traore\u0301, a proce\u0301de\u0301 a\u0300 la nomination de deux ministres conseillers spe\u0301ciaux aupre\u0300s de la Pre\u0301sidence du Faso, a\u0300 travers le de\u0301cret n\u00b02026-0219\/PF signe\u0301 le 25 fe\u0301vrier 2026.<\/p>\n<p>Conforme\u0301ment a\u0300 ce de\u0301cret, Anu\u0302uyirtole Roland Somda, inge\u0301nieur civil, est nomme\u0301 ministre conseiller spe\u0301cial du Pre\u0301sident du Faso charge\u0301 de la construction. De son co\u0302te\u0301, Roger Baro, inspecteur de l\u2019environnement, est nomme\u0301 ministre conseiller spe\u0301cial charge\u0301 de l\u2019environnement et de l\u2019embellissement.<\/p>\n<p>Ces nominations s\u2019inscrivent dans le cadre de l\u2019organisation et du fonctionnement de la Pre\u0301sidence du Faso, conforme\u0301ment aux dispositions de la Charte de la Transition du 14 octobre 2022 et de la loi organique n\u00b0002-2025\/ALT du 7 mars 2025 relative a\u0300 l\u2019organisation de la Pre\u0301sidence.<\/p>\n<p>Selon le de\u0301cret pre\u0301sidentiel, ces nominations prennent effet a\u0300 compter de la date de prise de service des inte\u0301resse\u0301s et seront publie\u0301es au Journal officiel du Faso, conforme\u0301ment aux proce\u0301dures en vigueur.<\/p>\n<p><strong>Pour plus d&rsquo;informations et d&rsquo;analyses sur la <span style=\"color: #ff6600\">Burkina Faso<\/span>, suivez <span style=\"color: #ff6600\">Africa-Press<\/span><\/strong><\/p>\n","protected":false},"excerpt":{"rendered":"<p>Africa-Press &#8211; Burkina Faso. Le pre\u0301sident du Faso, Ibrahim Traore\u0301, a proce\u0301de\u0301 a\u0300 la nomination de deux ministres conseillers spe\u0301ciaux aupre\u0300s de la Pre\u0301sidence du Faso, a\u0300 travers le de\u0301cret n\u00b02026-0219\/PF signe\u0301 le 25 fe\u0301vrier 2026. Conforme\u0301ment a\u0300 ce de\u0301cret, Anu\u0302uyirtole Roland Somda, inge\u0301nieur civil, est nomme\u0301 ministre conseiller spe\u0301cial du Pre\u0301sident du Faso charge\u0301 [&hellip;]<\/p>\n","protected":false},"author":82,"featured_media":127501,"comment_status":"open","ping_status":"closed","sticky":false,"template":"","format":"standard","meta":{"footnotes":""},"categories":[2,10],"tags":[29],"class_list":["post-127502","post","type-post","status-publish","format-standard","has-post-thumbnail","hentry","category-politique","category-toutes-les-actualites","tag-burkina-faso"],"yoast_head":"<!-- This site is optimized with the Yoast SEO Premium plugin v26.1 (Yoast SEO v27.0) - https:\/\/yoast.com\/product\/yoast-seo-premium-wordpress\/ -->\n<title>Burkina: Baro et Somda Nomme\u0301s Ministres Conseillers - Burkina Faso<\/title>\n<meta name=\"description\" content=\"Le pre\u0301sident du Faso, Ibrahim Traore\u0301, a proce\u0301de\u0301 a\u0300 la nomination de deux ministres conseillers spe\u0301ciaux aupre\u0300s de ...\" \/>\n<meta name=\"robots\" content=\"index, follow, max-snippet:-1, max-image-preview:large, max-video-preview:-1\" \/>\n<link rel=\"canonical\" href=\"https:\/\/www.africa-press.net\/burkina-faso\/politique\/burkina-baro-et-somda-nommes-ministres-conseillers\" \/>\n<meta property=\"og:locale\" content=\"fr_FR\" \/>\n<meta property=\"og:type\" content=\"article\" \/>\n<meta property=\"og:title\" content=\"Burkina: Baro et Somda Nomme\u0301s Ministres Conseillers\" \/>\n<meta property=\"og:description\" content=\"Le pre\u0301sident du Faso, Ibrahim Traore\u0301, a proce\u0301de\u0301 a\u0300 la nomination de deux ministres conseillers spe\u0301ciaux aupre\u0300s de ...\" \/>\n<meta property=\"og:url\" content=\"https:\/\/www.africa-press.net\/burkina-faso\/politique\/burkina-baro-et-somda-nommes-ministres-conseillers\" \/>\n<meta property=\"og:site_name\" content=\"Burkina Faso\" \/>\n<meta property=\"article:published_time\" content=\"2026-03-16T13:47:40+00:00\" \/>\n<meta property=\"article:modified_time\" content=\"2026-03-16T14:33:35+00:00\" \/>\n<meta property=\"og:image\" content=\"https:\/\/static.africa-press.net\/burkina\/sites\/42\/2026\/03\/sm_1773658989.08469.jpg\" \/>\n\t<meta property=\"og:image:width\" content=\"720\" \/>\n\t<meta property=\"og:image:height\" content=\"480\" \/>\n\t<meta property=\"og:image:type\" content=\"image\/jpeg\" \/>\n<meta name=\"author\" content=\"cfeditorfr\" \/>\n<meta name=\"twitter:card\" content=\"summary_large_image\" \/>\n<meta name=\"twitter:label1\" content=\"\u00c9crit par\" \/>\n\t<meta name=\"twitter:data1\" content=\"cfeditorfr\" \/>\n\t<meta name=\"twitter:label2\" content=\"Dur\u00e9e de lecture estim\u00e9e\" \/>\n\t<meta name=\"twitter:data2\" content=\"2 minutes\" \/>\n<script type=\"application\/ld+json\" class=\"yoast-schema-graph\">{\"@context\":\"https:\/\/schema.org\",\"@graph\":[{\"@type\":\"Article\",\"@id\":\"https:\/\/www.africa-press.net\/burkina-faso\/politique\/burkina-baro-et-somda-nommes-ministres-conseillers#article\",\"isPartOf\":{\"@id\":\"https:\/\/www.africa-press.net\/burkina-faso\/politique\/burkina-baro-et-somda-nommes-ministres-conseillers\"},\"author\":{\"name\":\"cfeditorfr\",\"@id\":\"https:\/\/www.africa-press.net\/burkina-faso\/#\/schema\/person\/2b1cf3cd81a31e3cd26889ca66d677f1\"},\"headline\":\"Burkina: Baro et Somda Nomme\u0301s Ministres Conseillers\",\"datePublished\":\"2026-03-16T13:47:40+00:00\",\"dateModified\":\"2026-03-16T14:33:35+00:00\",\"mainEntityOfPage\":{\"@id\":\"https:\/\/www.africa-press.net\/burkina-faso\/politique\/burkina-baro-et-somda-nommes-ministres-conseillers\"},\"wordCount\":204,\"commentCount\":0,\"image\":{\"@id\":\"https:\/\/www.africa-press.net\/burkina-faso\/politique\/burkina-baro-et-somda-nommes-ministres-conseillers#primaryimage\"},\"thumbnailUrl\":\"https:\/\/static.africa-press.net\/burkina\/sites\/42\/2026\/03\/sm_1773658989.08469.jpg\",\"keywords\":[\"Burkina Faso\"],\"articleSection\":[\"Politique\",\"Toutes les actualit\u00e9s\"],\"inLanguage\":\"fr-FR\",\"potentialAction\":[{\"@type\":\"CommentAction\",\"name\":\"Comment\",\"target\":[\"https:\/\/www.africa-press.net\/burkina-faso\/politique\/burkina-baro-et-somda-nommes-ministres-conseillers#respond\"]}]},{\"@type\":\"WebPage\",\"@id\":\"https:\/\/www.africa-press.net\/burkina-faso\/politique\/burkina-baro-et-somda-nommes-ministres-conseillers\",\"url\":\"https:\/\/www.africa-press.net\/burkina-faso\/politique\/burkina-baro-et-somda-nommes-ministres-conseillers\",\"name\":\"Burkina: Baro et Somda Nomme\u0301s Ministres Conseillers - Burkina Faso\",\"isPartOf\":{\"@id\":\"https:\/\/www.africa-press.net\/burkina-faso\/#website\"},\"primaryImageOfPage\":{\"@id\":\"https:\/\/www.africa-press.net\/burkina-faso\/politique\/burkina-baro-et-somda-nommes-ministres-conseillers#primaryimage\"},\"image\":{\"@id\":\"https:\/\/www.africa-press.net\/burkina-faso\/politique\/burkina-baro-et-somda-nommes-ministres-conseillers#primaryimage\"},\"thumbnailUrl\":\"https:\/\/static.africa-press.net\/burkina\/sites\/42\/2026\/03\/sm_1773658989.08469.jpg\",\"datePublished\":\"2026-03-16T13:47:40+00:00\",\"dateModified\":\"2026-03-16T14:33:35+00:00\",\"author\":{\"@id\":\"https:\/\/www.africa-press.net\/burkina-faso\/#\/schema\/person\/2b1cf3cd81a31e3cd26889ca66d677f1\"},\"description\":\"Le pre\u0301sident du Faso, Ibrahim Traore\u0301, a proce\u0301de\u0301 a\u0300 la nomination de deux ministres conseillers spe\u0301ciaux aupre\u0300s de ...\",\"breadcrumb\":{\"@id\":\"https:\/\/www.africa-press.net\/burkina-faso\/politique\/burkina-baro-et-somda-nommes-ministres-conseillers#breadcrumb\"},\"inLanguage\":\"fr-FR\",\"potentialAction\":[{\"@type\":\"ReadAction\",\"target\":[\"https:\/\/www.africa-press.net\/burkina-faso\/politique\/burkina-baro-et-somda-nommes-ministres-conseillers\"]}]},{\"@type\":\"ImageObject\",\"inLanguage\":\"fr-FR\",\"@id\":\"https:\/\/www.africa-press.net\/burkina-faso\/politique\/burkina-baro-et-somda-nommes-ministres-conseillers#primaryimage\",\"url\":\"https:\/\/static.africa-press.net\/burkina\/sites\/42\/2026\/03\/sm_1773658989.08469.jpg\",\"contentUrl\":\"https:\/\/static.africa-press.net\/burkina\/sites\/42\/2026\/03\/sm_1773658989.08469.jpg\",\"width\":720,\"height\":480,\"caption\":\"Burkina: Baro et Somda Nomme\u0301s Ministres Conseillers\"},{\"@type\":\"BreadcrumbList\",\"@id\":\"https:\/\/www.africa-press.net\/burkina-faso\/politique\/burkina-baro-et-somda-nommes-ministres-conseillers#breadcrumb\",\"itemListElement\":[{\"@type\":\"ListItem\",\"position\":1,\"name\":\"Accueil\",\"item\":\"https:\/\/www.africa-press.net\/burkina-faso\/\"},{\"@type\":\"ListItem\",\"position\":2,\"name\":\"Burkina: Baro et Somda Nomme\u0301s Ministres Conseillers\"}]},{\"@type\":\"WebSite\",\"@id\":\"https:\/\/www.africa-press.net\/burkina-faso\/#website\",\"url\":\"https:\/\/www.africa-press.net\/burkina-faso\/\",\"name\":\"Burkina Faso\",\"description\":\"Just another Africa News Agency Sites site\",\"potentialAction\":[{\"@type\":\"SearchAction\",\"target\":{\"@type\":\"EntryPoint\",\"urlTemplate\":\"https:\/\/www.africa-press.net\/burkina-faso\/?s={search_term_string}\"},\"query-input\":{\"@type\":\"PropertyValueSpecification\",\"valueRequired\":true,\"valueName\":\"search_term_string\"}}],\"inLanguage\":\"fr-FR\"},{\"@type\":\"Person\",\"@id\":\"https:\/\/www.africa-press.net\/burkina-faso\/#\/schema\/person\/2b1cf3cd81a31e3cd26889ca66d677f1\",\"name\":\"cfeditorfr\"}]}<\/script>\n<!-- \/ Yoast SEO Premium plugin. -->","yoast_head_json":{"title":"Burkina: Baro et Somda Nomme\u0301s Ministres Conseillers - Burkina Faso","description":"Le pre\u0301sident du Faso, Ibrahim Traore\u0301, a proce\u0301de\u0301 a\u0300 la nomination de deux ministres conseillers spe\u0301ciaux aupre\u0300s de ...","robots":{"index":"index","follow":"follow","max-snippet":"max-snippet:-1","max-image-preview":"max-image-preview:large","max-video-preview":"max-video-preview:-1"},"canonical":"https:\/\/www.africa-press.net\/burkina-faso\/politique\/burkina-baro-et-somda-nommes-ministres-conseillers","og_locale":"fr_FR","og_type":"article","og_title":"Burkina: Baro et Somda Nomme\u0301s Ministres Conseillers","og_description":"Le pre\u0301sident du Faso, Ibrahim Traore\u0301, a proce\u0301de\u0301 a\u0300 la nomination de deux ministres conseillers spe\u0301ciaux aupre\u0300s de ...","og_url":"https:\/\/www.africa-press.net\/burkina-faso\/politique\/burkina-baro-et-somda-nommes-ministres-conseillers","og_site_name":"Burkina Faso","article_published_time":"2026-03-16T13:47:40+00:00","article_modified_time":"2026-03-16T14:33:35+00:00","og_image":[{"width":720,"height":480,"url":"https:\/\/static.africa-press.net\/burkina\/sites\/42\/2026\/03\/sm_1773658989.08469.jpg","type":"image\/jpeg"}],"author":"cfeditorfr","twitter_card":"summary_large_image","twitter_misc":{"\u00c9crit par":"cfeditorfr","Dur\u00e9e de lecture estim\u00e9e":"2 minutes"},"schema":{"@context":"https:\/\/schema.org","@graph":[{"@type":"Article","@id":"https:\/\/www.africa-press.net\/burkina-faso\/politique\/burkina-baro-et-somda-nommes-ministres-conseillers#article","isPartOf":{"@id":"https:\/\/www.africa-press.net\/burkina-faso\/politique\/burkina-baro-et-somda-nommes-ministres-conseillers"},"author":{"name":"cfeditorfr","@id":"https:\/\/www.africa-press.net\/burkina-faso\/#\/schema\/person\/2b1cf3cd81a31e3cd26889ca66d677f1"},"headline":"Burkina: Baro et Somda Nomme\u0301s Ministres Conseillers","datePublished":"2026-03-16T13:47:40+00:00","dateModified":"2026-03-16T14:33:35+00:00","mainEntityOfPage":{"@id":"https:\/\/www.africa-press.net\/burkina-faso\/politique\/burkina-baro-et-somda-nommes-ministres-conseillers"},"wordCount":204,"commentCount":0,"image":{"@id":"https:\/\/www.africa-press.net\/burkina-faso\/politique\/burkina-baro-et-somda-nommes-ministres-conseillers#primaryimage"},"thumbnailUrl":"https:\/\/static.africa-press.net\/burkina\/sites\/42\/2026\/03\/sm_1773658989.08469.jpg","keywords":["Burkina Faso"],"articleSection":["Politique","Toutes les actualit\u00e9s"],"inLanguage":"fr-FR","potentialAction":[{"@type":"CommentAction","name":"Comment","target":["https:\/\/www.africa-press.net\/burkina-faso\/politique\/burkina-baro-et-somda-nommes-ministres-conseillers#respond"]}]},{"@type":"WebPage","@id":"https:\/\/www.africa-press.net\/burkina-faso\/politique\/burkina-baro-et-somda-nommes-ministres-conseillers","url":"https:\/\/www.africa-press.net\/burkina-faso\/politique\/burkina-baro-et-somda-nommes-ministres-conseillers","name":"Burkina: Baro et Somda Nomme\u0301s Ministres Conseillers - Burkina Faso","isPartOf":{"@id":"https:\/\/www.africa-press.net\/burkina-faso\/#website"},"primaryImageOfPage":{"@id":"https:\/\/www.africa-press.net\/burkina-faso\/politique\/burkina-baro-et-somda-nommes-ministres-conseillers#primaryimage"},"image":{"@id":"https:\/\/www.africa-press.net\/burkina-faso\/politique\/burkina-baro-et-somda-nommes-ministres-conseillers#primaryimage"},"thumbnailUrl":"https:\/\/static.africa-press.net\/burkina\/sites\/42\/2026\/03\/sm_1773658989.08469.jpg","datePublished":"2026-03-16T13:47:40+00:00","dateModified":"2026-03-16T14:33:35+00:00","author":{"@id":"https:\/\/www.africa-press.net\/burkina-faso\/#\/schema\/person\/2b1cf3cd81a31e3cd26889ca66d677f1"},"description":"Le pre\u0301sident du Faso, Ibrahim Traore\u0301, a proce\u0301de\u0301 a\u0300 la nomination de deux ministres conseillers spe\u0301ciaux aupre\u0300s de ...","breadcrumb":{"@id":"https:\/\/www.africa-press.net\/burkina-faso\/politique\/burkina-baro-et-somda-nommes-ministres-conseillers#breadcrumb"},"inLanguage":"fr-FR","potentialAction":[{"@type":"ReadAction","target":["https:\/\/www.africa-press.net\/burkina-faso\/politique\/burkina-baro-et-somda-nommes-ministres-conseillers"]}]},{"@type":"ImageObject","inLanguage":"fr-FR","@id":"https:\/\/www.africa-press.net\/burkina-faso\/politique\/burkina-baro-et-somda-nommes-ministres-conseillers#primaryimage","url":"https:\/\/static.africa-press.net\/burkina\/sites\/42\/2026\/03\/sm_1773658989.08469.jpg","contentUrl":"https:\/\/static.africa-press.net\/burkina\/sites\/42\/2026\/03\/sm_1773658989.08469.jpg","width":720,"height":480,"caption":"Burkina: Baro et Somda Nomme\u0301s Ministres Conseillers"},{"@type":"BreadcrumbList","@id":"https:\/\/www.africa-press.net\/burkina-faso\/politique\/burkina-baro-et-somda-nommes-ministres-conseillers#breadcrumb","itemListElement":[{"@type":"ListItem","position":1,"name":"Accueil","item":"https:\/\/www.africa-press.net\/burkina-faso\/"},{"@type":"ListItem","position":2,"name":"Burkina: Baro et Somda Nomme\u0301s Ministres Conseillers"}]},{"@type":"WebSite","@id":"https:\/\/www.africa-press.net\/burkina-faso\/#website","url":"https:\/\/www.africa-press.net\/burkina-faso\/","name":"Burkina Faso","description":"Just another Africa News Agency Sites site","potentialAction":[{"@type":"SearchAction","target":{"@type":"EntryPoint","urlTemplate":"https:\/\/www.africa-press.net\/burkina-faso\/?s={search_term_string}"},"query-input":{"@type":"PropertyValueSpecification","valueRequired":true,"valueName":"search_term_string"}}],"inLanguage":"fr-FR"},{"@type":"Person","@id":"https:\/\/www.africa-press.net\/burkina-faso\/#\/schema\/person\/2b1cf3cd81a31e3cd26889ca66d677f1","name":"cfeditorfr"}]}},"_links":{"self":[{"href":"https:\/\/www.africa-press.net\/burkina-faso\/wp-json\/wp\/v2\/posts\/127502","targetHints":{"allow":["GET"]}}],"collection":[{"href":"https:\/\/www.africa-press.net\/burkina-faso\/wp-json\/wp\/v2\/posts"}],"about":[{"href":"https:\/\/www.africa-press.net\/burkina-faso\/wp-json\/wp\/v2\/types\/post"}],"author":[{"embeddable":true,"href":"https:\/\/www.africa-press.net\/burkina-faso\/wp-json\/wp\/v2\/users\/82"}],"replies":[{"embeddable":true,"href":"https:\/\/www.africa-press.net\/burkina-faso\/wp-json\/wp\/v2\/comments?post=127502"}],"version-history":[{"count":0,"href":"https:\/\/www.africa-press.net\/burkina-faso\/wp-json\/wp\/v2\/posts\/127502\/revisions"}],"wp:featuredmedia":[{"embeddable":true,"href":"https:\/\/www.africa-press.net\/burkina-faso\/wp-json\/wp\/v2\/media\/127501"}],"wp:attachment":[{"href":"https:\/\/www.africa-press.net\/burkina-faso\/wp-json\/wp\/v2\/media?parent=127502"}],"wp:term":[{"taxonomy":"category","embeddable":true,"href":"https:\/\/www.africa-press.net\/burkina-faso\/wp-json\/wp\/v2\/categories?post=127502"},{"taxonomy":"post_tag","embeddable":true,"href":"https:\/\/www.africa-press.net\/burkina-faso\/wp-json\/wp\/v2\/tags?post=127502"}],"curies":[{"name":"wp","href":"https:\/\/api.w.org\/{rel}","templated":true}]}}