{"id":127512,"date":"2026-03-16T13:50:12","date_gmt":"2026-03-16T13:50:12","guid":{"rendered":"https:\/\/www.africa-press.net\/burkina-faso\/politique\/autosuffisance-alimentaire-a-yako-succes-technique"},"modified":"2026-03-16T14:36:17","modified_gmt":"2026-03-16T14:36:17","slug":"autosuffisance-alimentaire-a-yako-succes-technique","status":"publish","type":"post","link":"https:\/\/www.africa-press.net\/burkina-faso\/economie\/autosuffisance-alimentaire-a-yako-succes-technique","title":{"rendered":"Autosuffisance Alimentaire a\u0300 Yako: Succe\u0300s Technique"},"content":{"rendered":"<p><span style=\"color: #ff6600\"><strong>Africa-Press &#8211; Burkina Faso. <\/strong><\/span><b>A\u0300 Yako, 50 jeunes de la deuxie\u0300me cohorte des VDP agricoles de l\u2019Initiative Pre\u0301sidentielle pour la production Agricole et l\u2019Autosuffisance Alimentaire (IP-P3A) sont en fin de formation au Centre de Technologie Agricole (CTA) de CLINISOLS. Apre\u0300s 2 mois d\u2019apprentissage intensif, ces techniciens venus de Re\u0301o et de Didyr sont de\u0301sormais pre\u0302ts a\u0300 produire pour le pays. <\/b><\/p>\n<p>En formation depuis le 4 janvier 2026, les incube\u0301s de la deuxie\u0300me promotion de l\u2019Initiative Pre\u0301sidentielle pour l\u2019agriculture sont pre\u0302ts a\u0300 e\u0302tre de\u0301ploye\u0301s dans leur commune d\u2019origine.<\/p>\n<p>La formation a e\u0301te\u0301 pratique (90 %). Les stagiaires ont appris a\u0300 mai\u0302triser la me\u0301canisation, notamment l\u2019utilisation du motoculteur, ainsi que les techniques de culture du mai\u0308s, de l\u2019oignon et du nie\u0301be\u0301.<\/p>\n<p>Sur le terrain, les re\u0301sultats sont de\u0301ja\u0300 visibles. Les parcelles de de\u0301monstration pre\u0301sentent des cultures en bonne sante\u0301. Pour les formateurs, cette re\u0301ussite est lie\u0301e au se\u0301rieux des apprenants.<\/p>\n<p>\u00ab Ils assimilent vraiment les cours, que ce soit la pratique ou la the\u0301orie. Ils se donnent a\u0300 fond pour l\u2019apprentissage \u00bb, a explique\u0301 Evariste Ramde\u0301, technicien au centre CLINISOLS.<\/p>\n<p>Les modules ont aussi couvert l\u2019e\u0301levage et la fabrication d\u2019engrais naturels comme le compost. Babine Sergine, stagiaire de Re\u0301o, a de\u0301couvert une nouvelle manie\u0300re de travailler.<\/p>\n<p>\u00ab Au village, on laissait les animaux a\u0300 eux-me\u0302mes. Ici, j\u2019ai appris qu\u2019on doit s\u2019occuper d\u2019eux le matin, leur donner a\u0300 manger et a\u0300 boire, et les vacciner \u00bb, a-t-elle explique\u0301.<\/p>\n<p>Parmi les volontaires, certains ont choisi de retourner a\u0300 la terre malgre\u0301 leurs diplo\u0302mes universitaires. C\u2019est le cas de Jose\u0301 Dominique Bayala, licencie\u0301 en ge\u0301ographie.<\/p>\n<p>\u00ab Je suis venu ici par choix, car j\u2019ai une passion pour l\u2019agriculture. E\u0302tre ici, c\u2019est de\u0301ja\u0300 la re\u0301alisation d\u2019un de mes re\u0302ves. Cela m\u2019a aide\u0301 a\u0300 corriger certaines erreurs que je faisais\u00bb, a-t-il affirme\u0301.<\/p>\n<p>La discipline a e\u0301te\u0301 un point fort de cette session. Selon Zida Zakari, promoteur du centre de technologie agricole, le passage des jeunes par une formation civique et patriotique avant leur arrive\u0301e a fait la diffe\u0301rence.<\/p>\n<p>\u00ab Le fait qu\u2019ils soient re\u0301ceptifs nous a permis de de\u0301rouler tous les 13 modules en 65 jours. Ce sont des techniciens ope\u0301rationnels \u00bb, a-t-il fait savoir.<\/p>\n<p>L\u2019objectif final est que ces jeunes reproduisent ces techniques dans leurs communes respectives. Locadie Bamouni, l\u2019une des incube\u0301es, se projette de\u0301ja\u0300. \u00ab A\u0300 mon retour dans ma commune, je de\u0301sire mettre en place tout ce que j\u2019ai appris, comme la culture du nie\u0301be\u0301 et du mai\u0308s \u00bb, a-t-elle confie\u0301.<\/p>\n<p>C\u2019est pour constater ces re\u0301sultats que le Bureau National des Grands Projets du Burkina (BN-GPB) a entame\u0301 une sortie de terrain dans les 16 centres de formation qui accueillent la phrase pratique de la formation des 3000 volontaires de la deuxie\u0300me cohorte de l\u2019Initiative Pre\u0301sidentielle pour la production Agricole et l\u2019Autosuffisance Alimentaire (IP-P3A).<\/p>\n<p><iframe loading=\"lazy\" title=\"IP-P3A : \u00c0 Yako, l\u2019expertise Clinisols donne des ailes aux VDP agricoles\" width=\"696\" height=\"392\" src=\"https:\/\/www.youtube.com\/embed\/F8J0X65Lw4s?feature=oembed\" frameborder=\"0\" allow=\"accelerometer; autoplay; clipboard-write; encrypted-media; gyroscope; picture-in-picture; web-share\" referrerpolicy=\"strict-origin-when-cross-origin\" allowfullscreen><\/iframe><\/p>\n<p><iframe loading=\"lazy\" title=\"IP-P3A : \u00c0 Yako, des bras valides et des esprits form\u00e9s pour nourrir le Faso\" width=\"696\" height=\"392\" src=\"https:\/\/www.youtube.com\/embed\/uEDpAJjHfI0?feature=oembed\" frameborder=\"0\" allow=\"accelerometer; autoplay; clipboard-write; encrypted-media; gyroscope; picture-in-picture; web-share\" referrerpolicy=\"strict-origin-when-cross-origin\" allowfullscreen><\/iframe><\/p>\n\r\n                <style type=\"text\/css\">\r\n                    \r\n                    #td_uid_1_69f4832eeee1a  .td-doubleSlider-2 .td-item1 {\r\n                        background: url(https:\/\/static.africa-press.net\/burkina\/sites\/42\/2026\/03\/sm_1773659003.28933-80x60.jpg) 0 0 no-repeat;\r\n                    }\r\n                    #td_uid_1_69f4832eeee1a  .td-doubleSlider-2 .td-item2 {\r\n                        background: url(https:\/\/static.africa-press.net\/burkina\/sites\/42\/2026\/03\/sm_1773659048.983933-80x60.jpg) 0 0 no-repeat;\r\n                    }\r\n                    #td_uid_1_69f4832eeee1a  .td-doubleSlider-2 .td-item3 {\r\n                        background: url(https:\/\/static.africa-press.net\/burkina\/sites\/42\/2026\/03\/sm_1773659059.299208-80x60.jpg) 0 0 no-repeat;\r\n                    }\r\n                    #td_uid_1_69f4832eeee1a  .td-doubleSlider-2 .td-item4 {\r\n                        background: url(https:\/\/static.africa-press.net\/burkina\/sites\/42\/2026\/03\/sm_1773659069.643969-80x60.jpg) 0 0 no-repeat;\r\n                    }\r\n                    #td_uid_1_69f4832eeee1a  .td-doubleSlider-2 .td-item5 {\r\n                        background: url(https:\/\/static.africa-press.net\/burkina\/sites\/42\/2026\/03\/sm_1773659105.06481-80x60.jpg) 0 0 no-repeat;\r\n                    }\r\n                    #td_uid_1_69f4832eeee1a  .td-doubleSlider-2 .td-item6 {\r\n                        background: url(https:\/\/static.africa-press.net\/burkina\/sites\/42\/2026\/03\/sm_1773659142.828077-80x60.jpg) 0 0 no-repeat;\r\n                    }\r\n                <\/style>\r\n\r\n                <div id=\"td_uid_1_69f4832eeee1a\" class=\"td-gallery td-slide-on-2-columns\">\r\n                    <div class=\"post_td_gallery\">\r\n                        <div class=\"td-gallery-slide-top\">\r\n                           <div class=\"td-gallery-title\"><\/div>\r\n\r\n                            <div class=\"td-gallery-controls-wrapper\">\r\n                                <div class=\"td-gallery-slide-count\"><span class=\"td-gallery-slide-item-focus\">1<\/span> de 6<\/div>\r\n                                <div class=\"td-gallery-slide-prev-next-but\">\r\n                                    <i class = \"td-icon-left doubleSliderPrevButton\"><\/i>\r\n                                    <i class = \"td-icon-right doubleSliderNextButton\"><\/i>\r\n                                <\/div>\r\n                            <\/div>\r\n                        <\/div>\r\n\r\n                        <div class = \"td-doubleSlider-1 \">\r\n                            <div class = \"td-slider\">\r\n                                \r\n                    <div class = \"td-slide-item td-item1\">\r\n                        <figure class=\"td-slide-galery-figure td-slide-popup-gallery\">\r\n                            <a class=\"slide-gallery-image-link\" href=\"https:\/\/static.africa-press.net\/burkina\/sites\/42\/2026\/03\/sm_1773659003.28933-scaled.jpg\" title=\"sm_1773659003.28933\"  data-caption=\"\"  data-description=\"\">\r\n                                <img decoding=\"async\" src=\"https:\/\/static.africa-press.net\/burkina\/sites\/42\/2026\/03\/sm_1773659003.28933-scaled.jpg\" srcset=\"https:\/\/static.africa-press.net\/burkina\/sites\/42\/2026\/03\/sm_1773659003.28933-scaled.jpg 2560w, https:\/\/static.africa-press.net\/burkina\/sites\/42\/2026\/03\/sm_1773659003.28933-300x200.jpg 300w, https:\/\/static.africa-press.net\/burkina\/sites\/42\/2026\/03\/sm_1773659003.28933-1024x683.jpg 1024w, https:\/\/static.africa-press.net\/burkina\/sites\/42\/2026\/03\/sm_1773659003.28933-768x512.jpg 768w, https:\/\/static.africa-press.net\/burkina\/sites\/42\/2026\/03\/sm_1773659003.28933-1536x1024.jpg 1536w, https:\/\/static.africa-press.net\/burkina\/sites\/42\/2026\/03\/sm_1773659003.28933-2048x1365.jpg 2048w\" sizes=\"(max-width: 2560px) 100vw, 2560px\" alt=\"\">\r\n                            <\/a>\r\n                            \r\n                        <\/figure>\r\n                    <\/div>\r\n                    <div class = \"td-slide-item td-item2\">\r\n                        <figure class=\"td-slide-galery-figure td-slide-popup-gallery\">\r\n                            <a class=\"slide-gallery-image-link\" href=\"https:\/\/static.africa-press.net\/burkina\/sites\/42\/2026\/03\/sm_1773659048.983933.jpg\" title=\"sm_1773659048.983933\"  data-caption=\"\"  data-description=\"\">\r\n                                <img decoding=\"async\" src=\"https:\/\/static.africa-press.net\/burkina\/sites\/42\/2026\/03\/sm_1773659048.983933.jpg\" srcset=\"https:\/\/static.africa-press.net\/burkina\/sites\/42\/2026\/03\/sm_1773659048.983933.jpg 2048w, https:\/\/static.africa-press.net\/burkina\/sites\/42\/2026\/03\/sm_1773659048.983933-300x200.jpg 300w, https:\/\/static.africa-press.net\/burkina\/sites\/42\/2026\/03\/sm_1773659048.983933-1024x683.jpg 1024w, https:\/\/static.africa-press.net\/burkina\/sites\/42\/2026\/03\/sm_1773659048.983933-768x512.jpg 768w, https:\/\/static.africa-press.net\/burkina\/sites\/42\/2026\/03\/sm_1773659048.983933-1536x1024.jpg 1536w\" sizes=\"(max-width: 2048px) 100vw, 2048px\" alt=\"\">\r\n                            <\/a>\r\n                            \r\n                        <\/figure>\r\n                    <\/div>\r\n                    <div class = \"td-slide-item td-item3\">\r\n                        <figure class=\"td-slide-galery-figure td-slide-popup-gallery\">\r\n                            <a class=\"slide-gallery-image-link\" href=\"https:\/\/static.africa-press.net\/burkina\/sites\/42\/2026\/03\/sm_1773659059.299208.jpg\" title=\"sm_1773659059.299208\"  data-caption=\"\"  data-description=\"\">\r\n                                <img decoding=\"async\" src=\"https:\/\/static.africa-press.net\/burkina\/sites\/42\/2026\/03\/sm_1773659059.299208.jpg\" srcset=\"https:\/\/static.africa-press.net\/burkina\/sites\/42\/2026\/03\/sm_1773659059.299208.jpg 2048w, https:\/\/static.africa-press.net\/burkina\/sites\/42\/2026\/03\/sm_1773659059.299208-300x200.jpg 300w, https:\/\/static.africa-press.net\/burkina\/sites\/42\/2026\/03\/sm_1773659059.299208-1024x683.jpg 1024w, https:\/\/static.africa-press.net\/burkina\/sites\/42\/2026\/03\/sm_1773659059.299208-768x512.jpg 768w, https:\/\/static.africa-press.net\/burkina\/sites\/42\/2026\/03\/sm_1773659059.299208-1536x1024.jpg 1536w\" sizes=\"(max-width: 2048px) 100vw, 2048px\" alt=\"\">\r\n                            <\/a>\r\n                            \r\n                        <\/figure>\r\n                    <\/div>\r\n                    <div class = \"td-slide-item td-item4\">\r\n                        <figure class=\"td-slide-galery-figure td-slide-popup-gallery\">\r\n                            <a class=\"slide-gallery-image-link\" href=\"https:\/\/static.africa-press.net\/burkina\/sites\/42\/2026\/03\/sm_1773659069.643969-scaled.jpg\" title=\"sm_1773659069.643969\"  data-caption=\"\"  data-description=\"\">\r\n                                <img decoding=\"async\" src=\"https:\/\/static.africa-press.net\/burkina\/sites\/42\/2026\/03\/sm_1773659069.643969-scaled.jpg\" srcset=\"https:\/\/static.africa-press.net\/burkina\/sites\/42\/2026\/03\/sm_1773659069.643969-scaled.jpg 2560w, https:\/\/static.africa-press.net\/burkina\/sites\/42\/2026\/03\/sm_1773659069.643969-300x200.jpg 300w, https:\/\/static.africa-press.net\/burkina\/sites\/42\/2026\/03\/sm_1773659069.643969-1024x683.jpg 1024w, https:\/\/static.africa-press.net\/burkina\/sites\/42\/2026\/03\/sm_1773659069.643969-768x512.jpg 768w, https:\/\/static.africa-press.net\/burkina\/sites\/42\/2026\/03\/sm_1773659069.643969-1536x1024.jpg 1536w, https:\/\/static.africa-press.net\/burkina\/sites\/42\/2026\/03\/sm_1773659069.643969-2048x1365.jpg 2048w\" sizes=\"(max-width: 2560px) 100vw, 2560px\" alt=\"\">\r\n                            <\/a>\r\n                            \r\n                        <\/figure>\r\n                    <\/div>\r\n                    <div class = \"td-slide-item td-item5\">\r\n                        <figure class=\"td-slide-galery-figure td-slide-popup-gallery\">\r\n                            <a class=\"slide-gallery-image-link\" href=\"https:\/\/static.africa-press.net\/burkina\/sites\/42\/2026\/03\/sm_1773659105.06481-scaled.jpg\" title=\"sm_1773659105.06481\"  data-caption=\"\"  data-description=\"\">\r\n                                <img decoding=\"async\" src=\"https:\/\/static.africa-press.net\/burkina\/sites\/42\/2026\/03\/sm_1773659105.06481-scaled.jpg\" srcset=\"https:\/\/static.africa-press.net\/burkina\/sites\/42\/2026\/03\/sm_1773659105.06481-scaled.jpg 2560w, https:\/\/static.africa-press.net\/burkina\/sites\/42\/2026\/03\/sm_1773659105.06481-300x200.jpg 300w, https:\/\/static.africa-press.net\/burkina\/sites\/42\/2026\/03\/sm_1773659105.06481-1024x683.jpg 1024w, https:\/\/static.africa-press.net\/burkina\/sites\/42\/2026\/03\/sm_1773659105.06481-768x512.jpg 768w, https:\/\/static.africa-press.net\/burkina\/sites\/42\/2026\/03\/sm_1773659105.06481-1536x1024.jpg 1536w, https:\/\/static.africa-press.net\/burkina\/sites\/42\/2026\/03\/sm_1773659105.06481-2048x1365.jpg 2048w\" sizes=\"(max-width: 2560px) 100vw, 2560px\" alt=\"\">\r\n                            <\/a>\r\n                            \r\n                        <\/figure>\r\n                    <\/div>\r\n                    <div class = \"td-slide-item td-item6\">\r\n                        <figure class=\"td-slide-galery-figure td-slide-popup-gallery\">\r\n                            <a class=\"slide-gallery-image-link\" href=\"https:\/\/static.africa-press.net\/burkina\/sites\/42\/2026\/03\/sm_1773659142.828077.jpg\" title=\"sm_1773659142.828077\"  data-caption=\"\"  data-description=\"\">\r\n                                <img decoding=\"async\" src=\"https:\/\/static.africa-press.net\/burkina\/sites\/42\/2026\/03\/sm_1773659142.828077.jpg\" srcset=\"https:\/\/static.africa-press.net\/burkina\/sites\/42\/2026\/03\/sm_1773659142.828077.jpg 2048w, https:\/\/static.africa-press.net\/burkina\/sites\/42\/2026\/03\/sm_1773659142.828077-300x200.jpg 300w, https:\/\/static.africa-press.net\/burkina\/sites\/42\/2026\/03\/sm_1773659142.828077-1024x683.jpg 1024w, https:\/\/static.africa-press.net\/burkina\/sites\/42\/2026\/03\/sm_1773659142.828077-768x512.jpg 768w, https:\/\/static.africa-press.net\/burkina\/sites\/42\/2026\/03\/sm_1773659142.828077-1536x1024.jpg 1536w\" sizes=\"(max-width: 2048px) 100vw, 2048px\" alt=\"\">\r\n                            <\/a>\r\n                            \r\n                        <\/figure>\r\n                    <\/div>\r\n                            <\/div>\r\n                        <\/div>\r\n\r\n                        <div class = \"td-doubleSlider-2\">\r\n                            <div class = \"td-slider\">\r\n                                \r\n                    <div class = \"td-button td-item1\">\r\n                        <div class = \"td-border\"><\/div>\r\n                    <\/div>\r\n                    <div class = \"td-button td-item2\">\r\n                        <div class = \"td-border\"><\/div>\r\n                    <\/div>\r\n                    <div class = \"td-button td-item3\">\r\n                        <div class = \"td-border\"><\/div>\r\n                    <\/div>\r\n                    <div class = \"td-button td-item4\">\r\n                        <div class = \"td-border\"><\/div>\r\n                    <\/div>\r\n                    <div class = \"td-button td-item5\">\r\n                        <div class = \"td-border\"><\/div>\r\n                    <\/div>\r\n                    <div class = \"td-button td-item6\">\r\n                        <div class = \"td-border\"><\/div>\r\n                    <\/div>\r\n                            <\/div>\r\n                        <\/div>\r\n\r\n                    <\/div>\r\n\r\n                <\/div>\r\n                \n<p><strong>Pour plus d&rsquo;informations et d&rsquo;analyses sur la <span style=\"color: #ff6600\">Burkina Faso<\/span>, suivez <span style=\"color: #ff6600\">Africa-Press<\/span><\/strong><\/p>\n","protected":false},"excerpt":{"rendered":"<p>Africa-Press &#8211; Burkina Faso. A\u0300 Yako, 50 jeunes de la deuxie\u0300me cohorte des VDP agricoles de l\u2019Initiative Pre\u0301sidentielle pour la production Agricole et l\u2019Autosuffisance Alimentaire (IP-P3A) sont en fin de formation au Centre de Technologie Agricole (CTA) de CLINISOLS. Apre\u0300s 2 mois d\u2019apprentissage intensif, ces techniciens venus de Re\u0301o et de Didyr sont de\u0301sormais pre\u0302ts [&hellip;]<\/p>\n","protected":false},"author":82,"featured_media":127511,"comment_status":"open","ping_status":"closed","sticky":false,"template":"","format":"standard","meta":{"footnotes":""},"categories":[3,8,10,9],"tags":[29],"class_list":["post-127512","post","type-post","status-publish","format-standard","has-post-thumbnail","hentry","category-economie","category-photo","category-toutes-les-actualites","category-video","tag-burkina-faso"],"yoast_head":"<!-- This site is optimized with the Yoast SEO Premium plugin v26.1 (Yoast SEO v27.0) - https:\/\/yoast.com\/product\/yoast-seo-premium-wordpress\/ -->\n<title>Autosuffisance Alimentaire a\u0300 Yako: Succe\u0300s Technique - Burkina Faso<\/title>\n<meta name=\"description\" content=\"A\u0300 Yako, 50 jeunes de la deuxie\u0300me cohorte des VDP agricoles de l\u2019Initiative Pre\u0301sidentielle pour la production Agric ...\" \/>\n<meta name=\"robots\" content=\"index, follow, max-snippet:-1, max-image-preview:large, max-video-preview:-1\" \/>\n<link rel=\"canonical\" href=\"https:\/\/www.africa-press.net\/burkina-faso\/economie\/autosuffisance-alimentaire-a-yako-succes-technique\" \/>\n<meta property=\"og:locale\" content=\"fr_FR\" \/>\n<meta property=\"og:type\" content=\"article\" \/>\n<meta property=\"og:title\" content=\"Autosuffisance Alimentaire a\u0300 Yako: Succe\u0300s Technique\" \/>\n<meta property=\"og:description\" content=\"A\u0300 Yako, 50 jeunes de la deuxie\u0300me cohorte des VDP agricoles de l\u2019Initiative Pre\u0301sidentielle pour la production Agric ...\" \/>\n<meta property=\"og:url\" content=\"https:\/\/www.africa-press.net\/burkina-faso\/economie\/autosuffisance-alimentaire-a-yako-succes-technique\" \/>\n<meta property=\"og:site_name\" content=\"Burkina Faso\" \/>\n<meta property=\"article:published_time\" content=\"2026-03-16T13:50:12+00:00\" \/>\n<meta property=\"article:modified_time\" content=\"2026-03-16T14:36:17+00:00\" \/>\n<meta property=\"og:image\" content=\"https:\/\/static.africa-press.net\/burkina\/sites\/42\/2026\/03\/sm_1773659154.477573.jpg\" \/>\n\t<meta property=\"og:image:width\" content=\"1024\" \/>\n\t<meta property=\"og:image:height\" content=\"683\" \/>\n\t<meta property=\"og:image:type\" content=\"image\/jpeg\" \/>\n<meta name=\"author\" content=\"cfeditorfr\" \/>\n<meta name=\"twitter:card\" content=\"summary_large_image\" \/>\n<meta name=\"twitter:label1\" content=\"\u00c9crit par\" \/>\n\t<meta name=\"twitter:data1\" content=\"cfeditorfr\" \/>\n\t<meta name=\"twitter:label2\" content=\"Dur\u00e9e de lecture estim\u00e9e\" \/>\n\t<meta name=\"twitter:data2\" content=\"3 minutes\" \/>\n<script type=\"application\/ld+json\" class=\"yoast-schema-graph\">{\"@context\":\"https:\/\/schema.org\",\"@graph\":[{\"@type\":\"Article\",\"@id\":\"https:\/\/www.africa-press.net\/burkina-faso\/economie\/autosuffisance-alimentaire-a-yako-succes-technique#article\",\"isPartOf\":{\"@id\":\"https:\/\/www.africa-press.net\/burkina-faso\/economie\/autosuffisance-alimentaire-a-yako-succes-technique\"},\"author\":{\"name\":\"cfeditorfr\",\"@id\":\"https:\/\/www.africa-press.net\/burkina-faso\/#\/schema\/person\/2b1cf3cd81a31e3cd26889ca66d677f1\"},\"headline\":\"Autosuffisance Alimentaire a\u0300 Yako: Succe\u0300s Technique\",\"datePublished\":\"2026-03-16T13:50:12+00:00\",\"dateModified\":\"2026-03-16T14:36:17+00:00\",\"mainEntityOfPage\":{\"@id\":\"https:\/\/www.africa-press.net\/burkina-faso\/economie\/autosuffisance-alimentaire-a-yako-succes-technique\"},\"wordCount\":564,\"commentCount\":0,\"image\":{\"@id\":\"https:\/\/www.africa-press.net\/burkina-faso\/economie\/autosuffisance-alimentaire-a-yako-succes-technique#primaryimage\"},\"thumbnailUrl\":\"https:\/\/static.africa-press.net\/burkina\/sites\/42\/2026\/03\/sm_1773659154.477573.jpg\",\"keywords\":[\"Burkina Faso\"],\"articleSection\":[\"\u00c9conomie\",\"Photo\",\"Toutes les actualit\u00e9s\",\"vid\u00e9o\"],\"inLanguage\":\"fr-FR\",\"potentialAction\":[{\"@type\":\"CommentAction\",\"name\":\"Comment\",\"target\":[\"https:\/\/www.africa-press.net\/burkina-faso\/economie\/autosuffisance-alimentaire-a-yako-succes-technique#respond\"]}]},{\"@type\":\"WebPage\",\"@id\":\"https:\/\/www.africa-press.net\/burkina-faso\/economie\/autosuffisance-alimentaire-a-yako-succes-technique\",\"url\":\"https:\/\/www.africa-press.net\/burkina-faso\/economie\/autosuffisance-alimentaire-a-yako-succes-technique\",\"name\":\"Autosuffisance Alimentaire a\u0300 Yako: Succe\u0300s Technique - Burkina Faso\",\"isPartOf\":{\"@id\":\"https:\/\/www.africa-press.net\/burkina-faso\/#website\"},\"primaryImageOfPage\":{\"@id\":\"https:\/\/www.africa-press.net\/burkina-faso\/economie\/autosuffisance-alimentaire-a-yako-succes-technique#primaryimage\"},\"image\":{\"@id\":\"https:\/\/www.africa-press.net\/burkina-faso\/economie\/autosuffisance-alimentaire-a-yako-succes-technique#primaryimage\"},\"thumbnailUrl\":\"https:\/\/static.africa-press.net\/burkina\/sites\/42\/2026\/03\/sm_1773659154.477573.jpg\",\"datePublished\":\"2026-03-16T13:50:12+00:00\",\"dateModified\":\"2026-03-16T14:36:17+00:00\",\"author\":{\"@id\":\"https:\/\/www.africa-press.net\/burkina-faso\/#\/schema\/person\/2b1cf3cd81a31e3cd26889ca66d677f1\"},\"description\":\"A\u0300 Yako, 50 jeunes de la deuxie\u0300me cohorte des VDP agricoles de l\u2019Initiative Pre\u0301sidentielle pour la production Agric ...\",\"breadcrumb\":{\"@id\":\"https:\/\/www.africa-press.net\/burkina-faso\/economie\/autosuffisance-alimentaire-a-yako-succes-technique#breadcrumb\"},\"inLanguage\":\"fr-FR\",\"potentialAction\":[{\"@type\":\"ReadAction\",\"target\":[\"https:\/\/www.africa-press.net\/burkina-faso\/economie\/autosuffisance-alimentaire-a-yako-succes-technique\"]}]},{\"@type\":\"ImageObject\",\"inLanguage\":\"fr-FR\",\"@id\":\"https:\/\/www.africa-press.net\/burkina-faso\/economie\/autosuffisance-alimentaire-a-yako-succes-technique#primaryimage\",\"url\":\"https:\/\/static.africa-press.net\/burkina\/sites\/42\/2026\/03\/sm_1773659154.477573.jpg\",\"contentUrl\":\"https:\/\/static.africa-press.net\/burkina\/sites\/42\/2026\/03\/sm_1773659154.477573.jpg\",\"width\":1024,\"height\":683,\"caption\":\"Autosuffisance Alimentaire a\u0300 Yako: Succe\u0300s Technique\"},{\"@type\":\"BreadcrumbList\",\"@id\":\"https:\/\/www.africa-press.net\/burkina-faso\/economie\/autosuffisance-alimentaire-a-yako-succes-technique#breadcrumb\",\"itemListElement\":[{\"@type\":\"ListItem\",\"position\":1,\"name\":\"Accueil\",\"item\":\"https:\/\/www.africa-press.net\/burkina-faso\/\"},{\"@type\":\"ListItem\",\"position\":2,\"name\":\"Autosuffisance Alimentaire a\u0300 Yako: Succe\u0300s Technique\"}]},{\"@type\":\"WebSite\",\"@id\":\"https:\/\/www.africa-press.net\/burkina-faso\/#website\",\"url\":\"https:\/\/www.africa-press.net\/burkina-faso\/\",\"name\":\"Burkina Faso\",\"description\":\"Just another Africa News Agency Sites site\",\"potentialAction\":[{\"@type\":\"SearchAction\",\"target\":{\"@type\":\"EntryPoint\",\"urlTemplate\":\"https:\/\/www.africa-press.net\/burkina-faso\/?s={search_term_string}\"},\"query-input\":{\"@type\":\"PropertyValueSpecification\",\"valueRequired\":true,\"valueName\":\"search_term_string\"}}],\"inLanguage\":\"fr-FR\"},{\"@type\":\"Person\",\"@id\":\"https:\/\/www.africa-press.net\/burkina-faso\/#\/schema\/person\/2b1cf3cd81a31e3cd26889ca66d677f1\",\"name\":\"cfeditorfr\"}]}<\/script>\n<!-- \/ Yoast SEO Premium plugin. -->","yoast_head_json":{"title":"Autosuffisance Alimentaire a\u0300 Yako: Succe\u0300s Technique - Burkina Faso","description":"A\u0300 Yako, 50 jeunes de la deuxie\u0300me cohorte des VDP agricoles de l\u2019Initiative Pre\u0301sidentielle pour la production Agric ...","robots":{"index":"index","follow":"follow","max-snippet":"max-snippet:-1","max-image-preview":"max-image-preview:large","max-video-preview":"max-video-preview:-1"},"canonical":"https:\/\/www.africa-press.net\/burkina-faso\/economie\/autosuffisance-alimentaire-a-yako-succes-technique","og_locale":"fr_FR","og_type":"article","og_title":"Autosuffisance Alimentaire a\u0300 Yako: Succe\u0300s Technique","og_description":"A\u0300 Yako, 50 jeunes de la deuxie\u0300me cohorte des VDP agricoles de l\u2019Initiative Pre\u0301sidentielle pour la production Agric ...","og_url":"https:\/\/www.africa-press.net\/burkina-faso\/economie\/autosuffisance-alimentaire-a-yako-succes-technique","og_site_name":"Burkina Faso","article_published_time":"2026-03-16T13:50:12+00:00","article_modified_time":"2026-03-16T14:36:17+00:00","og_image":[{"width":1024,"height":683,"url":"https:\/\/static.africa-press.net\/burkina\/sites\/42\/2026\/03\/sm_1773659154.477573.jpg","type":"image\/jpeg"}],"author":"cfeditorfr","twitter_card":"summary_large_image","twitter_misc":{"\u00c9crit par":"cfeditorfr","Dur\u00e9e de lecture estim\u00e9e":"3 minutes"},"schema":{"@context":"https:\/\/schema.org","@graph":[{"@type":"Article","@id":"https:\/\/www.africa-press.net\/burkina-faso\/economie\/autosuffisance-alimentaire-a-yako-succes-technique#article","isPartOf":{"@id":"https:\/\/www.africa-press.net\/burkina-faso\/economie\/autosuffisance-alimentaire-a-yako-succes-technique"},"author":{"name":"cfeditorfr","@id":"https:\/\/www.africa-press.net\/burkina-faso\/#\/schema\/person\/2b1cf3cd81a31e3cd26889ca66d677f1"},"headline":"Autosuffisance Alimentaire a\u0300 Yako: Succe\u0300s Technique","datePublished":"2026-03-16T13:50:12+00:00","dateModified":"2026-03-16T14:36:17+00:00","mainEntityOfPage":{"@id":"https:\/\/www.africa-press.net\/burkina-faso\/economie\/autosuffisance-alimentaire-a-yako-succes-technique"},"wordCount":564,"commentCount":0,"image":{"@id":"https:\/\/www.africa-press.net\/burkina-faso\/economie\/autosuffisance-alimentaire-a-yako-succes-technique#primaryimage"},"thumbnailUrl":"https:\/\/static.africa-press.net\/burkina\/sites\/42\/2026\/03\/sm_1773659154.477573.jpg","keywords":["Burkina Faso"],"articleSection":["\u00c9conomie","Photo","Toutes les actualit\u00e9s","vid\u00e9o"],"inLanguage":"fr-FR","potentialAction":[{"@type":"CommentAction","name":"Comment","target":["https:\/\/www.africa-press.net\/burkina-faso\/economie\/autosuffisance-alimentaire-a-yako-succes-technique#respond"]}]},{"@type":"WebPage","@id":"https:\/\/www.africa-press.net\/burkina-faso\/economie\/autosuffisance-alimentaire-a-yako-succes-technique","url":"https:\/\/www.africa-press.net\/burkina-faso\/economie\/autosuffisance-alimentaire-a-yako-succes-technique","name":"Autosuffisance Alimentaire a\u0300 Yako: Succe\u0300s Technique - Burkina Faso","isPartOf":{"@id":"https:\/\/www.africa-press.net\/burkina-faso\/#website"},"primaryImageOfPage":{"@id":"https:\/\/www.africa-press.net\/burkina-faso\/economie\/autosuffisance-alimentaire-a-yako-succes-technique#primaryimage"},"image":{"@id":"https:\/\/www.africa-press.net\/burkina-faso\/economie\/autosuffisance-alimentaire-a-yako-succes-technique#primaryimage"},"thumbnailUrl":"https:\/\/static.africa-press.net\/burkina\/sites\/42\/2026\/03\/sm_1773659154.477573.jpg","datePublished":"2026-03-16T13:50:12+00:00","dateModified":"2026-03-16T14:36:17+00:00","author":{"@id":"https:\/\/www.africa-press.net\/burkina-faso\/#\/schema\/person\/2b1cf3cd81a31e3cd26889ca66d677f1"},"description":"A\u0300 Yako, 50 jeunes de la deuxie\u0300me cohorte des VDP agricoles de l\u2019Initiative Pre\u0301sidentielle pour la production Agric ...","breadcrumb":{"@id":"https:\/\/www.africa-press.net\/burkina-faso\/economie\/autosuffisance-alimentaire-a-yako-succes-technique#breadcrumb"},"inLanguage":"fr-FR","potentialAction":[{"@type":"ReadAction","target":["https:\/\/www.africa-press.net\/burkina-faso\/economie\/autosuffisance-alimentaire-a-yako-succes-technique"]}]},{"@type":"ImageObject","inLanguage":"fr-FR","@id":"https:\/\/www.africa-press.net\/burkina-faso\/economie\/autosuffisance-alimentaire-a-yako-succes-technique#primaryimage","url":"https:\/\/static.africa-press.net\/burkina\/sites\/42\/2026\/03\/sm_1773659154.477573.jpg","contentUrl":"https:\/\/static.africa-press.net\/burkina\/sites\/42\/2026\/03\/sm_1773659154.477573.jpg","width":1024,"height":683,"caption":"Autosuffisance Alimentaire a\u0300 Yako: Succe\u0300s Technique"},{"@type":"BreadcrumbList","@id":"https:\/\/www.africa-press.net\/burkina-faso\/economie\/autosuffisance-alimentaire-a-yako-succes-technique#breadcrumb","itemListElement":[{"@type":"ListItem","position":1,"name":"Accueil","item":"https:\/\/www.africa-press.net\/burkina-faso\/"},{"@type":"ListItem","position":2,"name":"Autosuffisance Alimentaire a\u0300 Yako: Succe\u0300s Technique"}]},{"@type":"WebSite","@id":"https:\/\/www.africa-press.net\/burkina-faso\/#website","url":"https:\/\/www.africa-press.net\/burkina-faso\/","name":"Burkina Faso","description":"Just another Africa News Agency Sites site","potentialAction":[{"@type":"SearchAction","target":{"@type":"EntryPoint","urlTemplate":"https:\/\/www.africa-press.net\/burkina-faso\/?s={search_term_string}"},"query-input":{"@type":"PropertyValueSpecification","valueRequired":true,"valueName":"search_term_string"}}],"inLanguage":"fr-FR"},{"@type":"Person","@id":"https:\/\/www.africa-press.net\/burkina-faso\/#\/schema\/person\/2b1cf3cd81a31e3cd26889ca66d677f1","name":"cfeditorfr"}]}},"_links":{"self":[{"href":"https:\/\/www.africa-press.net\/burkina-faso\/wp-json\/wp\/v2\/posts\/127512","targetHints":{"allow":["GET"]}}],"collection":[{"href":"https:\/\/www.africa-press.net\/burkina-faso\/wp-json\/wp\/v2\/posts"}],"about":[{"href":"https:\/\/www.africa-press.net\/burkina-faso\/wp-json\/wp\/v2\/types\/post"}],"author":[{"embeddable":true,"href":"https:\/\/www.africa-press.net\/burkina-faso\/wp-json\/wp\/v2\/users\/82"}],"replies":[{"embeddable":true,"href":"https:\/\/www.africa-press.net\/burkina-faso\/wp-json\/wp\/v2\/comments?post=127512"}],"version-history":[{"count":0,"href":"https:\/\/www.africa-press.net\/burkina-faso\/wp-json\/wp\/v2\/posts\/127512\/revisions"}],"wp:featuredmedia":[{"embeddable":true,"href":"https:\/\/www.africa-press.net\/burkina-faso\/wp-json\/wp\/v2\/media\/127511"}],"wp:attachment":[{"href":"https:\/\/www.africa-press.net\/burkina-faso\/wp-json\/wp\/v2\/media?parent=127512"}],"wp:term":[{"taxonomy":"category","embeddable":true,"href":"https:\/\/www.africa-press.net\/burkina-faso\/wp-json\/wp\/v2\/categories?post=127512"},{"taxonomy":"post_tag","embeddable":true,"href":"https:\/\/www.africa-press.net\/burkina-faso\/wp-json\/wp\/v2\/tags?post=127512"}],"curies":[{"name":"wp","href":"https:\/\/api.w.org\/{rel}","templated":true}]}}