{"id":127517,"date":"2026-03-16T13:53:36","date_gmt":"2026-03-16T13:53:36","guid":{"rendered":"https:\/\/www.africa-press.net\/burkina-faso\/politique\/relance-de-la-cooperation-usa-burkina-faso-a-ouagadougou"},"modified":"2026-03-16T14:36:47","modified_gmt":"2026-03-16T14:36:47","slug":"relance-de-la-cooperation-usa-burkina-faso-a-ouagadougou","status":"publish","type":"post","link":"https:\/\/www.africa-press.net\/burkina-faso\/politique\/relance-de-la-cooperation-usa-burkina-faso-a-ouagadougou","title":{"rendered":"Relance de la Coop\u00e9ration USA-Burkina Faso \u00e0 Ouagadougou"},"content":{"rendered":"<p><span style=\"color: #ff6600\"><strong>Africa-Press &#8211; Burkina Faso. <\/strong><\/span><b>Le ministre des Affaires e\u0301trange\u0300res du Burkina Faso a rec\u0327u en audience, dans la soire\u0301e du mercredi 11 mars 2026 a\u0300 Ouagadougou, le haut responsable du Bureau des affaires africaines du de\u0301partement d\u2019E\u0301tat ame\u0301ricain, Nick CHECKER.<\/b><\/p>\n<p>L\u2019e\u0301missaire de Washington a indique\u0301 e\u0302tre venu pre\u0301senter la nouvelle vision des E\u0301tats-Unis en matie\u0300re de coope\u0301ration avec le Burkina Faso. Selon lui, apre\u0300s une pe\u0301riode marque\u0301e par des incompre\u0301hensions, l\u2019administration du pre\u0301sident Donald Trump souhaite de\u0301sormais engager une coope\u0301ration base\u0301e sur un partenariat d\u2019e\u0301gal a\u0300 e\u0301gal avec Ouagadougou. Cette visite vise ainsi a\u0300 relancer le dialogue et a\u0300 re\u0301chauffer les relations bilate\u0301rales, dans le respect de la souverainete\u0301 du Burkina Faso.<\/p>\n<p>\u00ab Nous avons eu un e\u0301change tre\u0300s constructif au cours duquel nous avons discute\u0301 de notre volonte\u0301 de relancer les relations entre les E\u0301tats-Unis et le Burkina Faso et de travailler ensemble sur des questions d\u2019inte\u0301re\u0302t partage\u0301. Il faut tirer les lec\u0327ons du passe\u0301 ; il s\u2019agit d\u2019aller de l\u2019avant, de re\u0301tablir la confiance et de coope\u0301rer sur des sujets qui nous concernent tous \u00bb, a de\u0301clare\u0301 Nick CHECKER a\u0300 sa sortie d\u2019audience.<\/p>\n<p>Dans ce nouvel e\u0301lan diplomatique, plusieurs domaines de coope\u0301ration ont e\u0301te\u0301 e\u0301voque\u0301s, notamment la lutte contre le terrorisme, avec la perspective d\u2019une leve\u0301e de la suspension des exportations d\u2019e\u0301quipements militaires vers le Burkina Faso.<\/p>\n<p>Les deux parties ont e\u0301galement aborde\u0301 les questions e\u0301conomiques et commerciales, avec l\u2019ambition de renforcer les e\u0301changes entre les milieux d\u2019affaires des deux pays.<\/p>\n<p>Le chef de la diplomatie burkinabe\u0300, Karamoko Jean Marie TRAORE, a salue\u0301 cette nouvelle posture de Washington, qui souhaite rede\u0301finir ses relations avec Ouagadougou apre\u0300s les tensions observe\u0301es ces dernie\u0300res anne\u0301es.<\/p>\n<p>\u00ab Les E\u0301tats-Unis veulent prote\u0301ger leurs frontie\u0300res, le Burkina Faso aussi ; les E\u0301tats-Unis veulent prote\u0301ger leurs citoyens, le Burkina Faso aussi veut assurer la se\u0301curite\u0301 de ses citoyens. Les E\u0301tats-Unis veulent des partenariats gagnant-gagnant, et c\u2019est e\u0301galement ce que nous pro\u0302nons \u00bb, a-t-il souligne\u0301.<\/p>\n<p>Le ministre a par ailleurs insiste\u0301 sur la ne\u0301cessite\u0301 pour les partenaires internationaux de reconnai\u0302tre la souverainete\u0301 et les re\u0301alite\u0301s des pays du Sahel.<\/p>\n<p>\u00ab Il est plus que ne\u0301cessaire que les E\u0301tats-Unis et l\u2019ensemble des partenaires bilate\u0301raux comprennent et acceptent que nos pays ne sont pas des espaces qui n\u2019attendent qu\u2019a\u0300 e\u0302tre assiste\u0301s \u00bb, a-t-il de\u0301clare\u0301.<\/p>\n<p>Enfin, le chef de la diplomatie burkinabe\u0300 a exprime\u0301 l\u2019espoir que cette volonte\u0301 de Washington de restaurer la confiance se traduira par des actions concre\u0300tes.<\/p>\n<p>Avant son arrive\u0301e a\u0300 Ouagadougou, Nick CHECKER s\u2019e\u0301tait rendu au Niger et au Mali, dans le cadre d\u2019une tourne\u0301e visant a\u0300 rapprocher les E\u0301tats-Unis de la Confe\u0301de\u0301ration des E\u0301tats du Sahel.<\/p>\n<p><strong>Pour plus d&rsquo;informations et d&rsquo;analyses sur la <span style=\"color: #ff6600\">Burkina Faso<\/span>, suivez <span style=\"color: #ff6600\">Africa-Press<\/span><\/strong><\/p>\n","protected":false},"excerpt":{"rendered":"<p>Africa-Press &#8211; Burkina Faso. Le ministre des Affaires e\u0301trange\u0300res du Burkina Faso a rec\u0327u en audience, dans la soire\u0301e du mercredi 11 mars 2026 a\u0300 Ouagadougou, le haut responsable du Bureau des affaires africaines du de\u0301partement d\u2019E\u0301tat ame\u0301ricain, Nick CHECKER. L\u2019e\u0301missaire de Washington a indique\u0301 e\u0302tre venu pre\u0301senter la nouvelle vision des E\u0301tats-Unis en matie\u0300re [&hellip;]<\/p>\n","protected":false},"author":82,"featured_media":127516,"comment_status":"open","ping_status":"closed","sticky":false,"template":"","format":"standard","meta":{"footnotes":""},"categories":[2,10],"tags":[29],"class_list":["post-127517","post","type-post","status-publish","format-standard","has-post-thumbnail","hentry","category-politique","category-toutes-les-actualites","tag-burkina-faso"],"yoast_head":"<!-- This site is optimized with the Yoast SEO Premium plugin v26.1 (Yoast SEO v27.0) - https:\/\/yoast.com\/product\/yoast-seo-premium-wordpress\/ -->\n<title>Relance de la Coop\u00e9ration USA-Burkina Faso \u00e0 Ouagadougou - Burkina Faso<\/title>\n<meta name=\"description\" content=\"Le ministre des Affaires e\u0301trange\u0300res du Burkina Faso a rec\u0327u en audience, dans la soire\u0301e du mercredi 11 mars 2026 a ...\" \/>\n<meta name=\"robots\" content=\"index, follow, max-snippet:-1, max-image-preview:large, max-video-preview:-1\" \/>\n<link rel=\"canonical\" href=\"https:\/\/www.africa-press.net\/burkina-faso\/politique\/relance-de-la-cooperation-usa-burkina-faso-a-ouagadougou\" \/>\n<meta property=\"og:locale\" content=\"fr_FR\" \/>\n<meta property=\"og:type\" content=\"article\" \/>\n<meta property=\"og:title\" content=\"Relance de la Coop\u00e9ration USA-Burkina Faso \u00e0 Ouagadougou\" \/>\n<meta property=\"og:description\" content=\"Le ministre des Affaires e\u0301trange\u0300res du Burkina Faso a rec\u0327u en audience, dans la soire\u0301e du mercredi 11 mars 2026 a ...\" \/>\n<meta property=\"og:url\" content=\"https:\/\/www.africa-press.net\/burkina-faso\/politique\/relance-de-la-cooperation-usa-burkina-faso-a-ouagadougou\" \/>\n<meta property=\"og:site_name\" content=\"Burkina Faso\" \/>\n<meta property=\"article:published_time\" content=\"2026-03-16T13:53:36+00:00\" \/>\n<meta property=\"article:modified_time\" content=\"2026-03-16T14:36:47+00:00\" \/>\n<meta property=\"og:image\" content=\"https:\/\/static.africa-press.net\/burkina\/sites\/42\/2026\/03\/sm_1773659186.324629.jpg\" \/>\n\t<meta property=\"og:image:width\" content=\"1024\" \/>\n\t<meta property=\"og:image:height\" content=\"616\" \/>\n\t<meta property=\"og:image:type\" content=\"image\/jpeg\" \/>\n<meta name=\"author\" content=\"cfeditorfr\" \/>\n<meta name=\"twitter:card\" content=\"summary_large_image\" \/>\n<meta name=\"twitter:label1\" content=\"\u00c9crit par\" \/>\n\t<meta name=\"twitter:data1\" content=\"cfeditorfr\" \/>\n\t<meta name=\"twitter:label2\" content=\"Dur\u00e9e de lecture estim\u00e9e\" \/>\n\t<meta name=\"twitter:data2\" content=\"3 minutes\" \/>\n<script type=\"application\/ld+json\" class=\"yoast-schema-graph\">{\"@context\":\"https:\/\/schema.org\",\"@graph\":[{\"@type\":\"Article\",\"@id\":\"https:\/\/www.africa-press.net\/burkina-faso\/politique\/relance-de-la-cooperation-usa-burkina-faso-a-ouagadougou#article\",\"isPartOf\":{\"@id\":\"https:\/\/www.africa-press.net\/burkina-faso\/politique\/relance-de-la-cooperation-usa-burkina-faso-a-ouagadougou\"},\"author\":{\"name\":\"cfeditorfr\",\"@id\":\"https:\/\/www.africa-press.net\/burkina-faso\/#\/schema\/person\/2b1cf3cd81a31e3cd26889ca66d677f1\"},\"headline\":\"Relance de la Coop\u00e9ration USA-Burkina Faso \u00e0 Ouagadougou\",\"datePublished\":\"2026-03-16T13:53:36+00:00\",\"dateModified\":\"2026-03-16T14:36:47+00:00\",\"mainEntityOfPage\":{\"@id\":\"https:\/\/www.africa-press.net\/burkina-faso\/politique\/relance-de-la-cooperation-usa-burkina-faso-a-ouagadougou\"},\"wordCount\":539,\"commentCount\":0,\"image\":{\"@id\":\"https:\/\/www.africa-press.net\/burkina-faso\/politique\/relance-de-la-cooperation-usa-burkina-faso-a-ouagadougou#primaryimage\"},\"thumbnailUrl\":\"https:\/\/static.africa-press.net\/burkina\/sites\/42\/2026\/03\/sm_1773659186.324629.jpg\",\"keywords\":[\"Burkina Faso\"],\"articleSection\":[\"Politique\",\"Toutes les actualit\u00e9s\"],\"inLanguage\":\"fr-FR\",\"potentialAction\":[{\"@type\":\"CommentAction\",\"name\":\"Comment\",\"target\":[\"https:\/\/www.africa-press.net\/burkina-faso\/politique\/relance-de-la-cooperation-usa-burkina-faso-a-ouagadougou#respond\"]}]},{\"@type\":\"WebPage\",\"@id\":\"https:\/\/www.africa-press.net\/burkina-faso\/politique\/relance-de-la-cooperation-usa-burkina-faso-a-ouagadougou\",\"url\":\"https:\/\/www.africa-press.net\/burkina-faso\/politique\/relance-de-la-cooperation-usa-burkina-faso-a-ouagadougou\",\"name\":\"Relance de la Coop\u00e9ration USA-Burkina Faso \u00e0 Ouagadougou - Burkina Faso\",\"isPartOf\":{\"@id\":\"https:\/\/www.africa-press.net\/burkina-faso\/#website\"},\"primaryImageOfPage\":{\"@id\":\"https:\/\/www.africa-press.net\/burkina-faso\/politique\/relance-de-la-cooperation-usa-burkina-faso-a-ouagadougou#primaryimage\"},\"image\":{\"@id\":\"https:\/\/www.africa-press.net\/burkina-faso\/politique\/relance-de-la-cooperation-usa-burkina-faso-a-ouagadougou#primaryimage\"},\"thumbnailUrl\":\"https:\/\/static.africa-press.net\/burkina\/sites\/42\/2026\/03\/sm_1773659186.324629.jpg\",\"datePublished\":\"2026-03-16T13:53:36+00:00\",\"dateModified\":\"2026-03-16T14:36:47+00:00\",\"author\":{\"@id\":\"https:\/\/www.africa-press.net\/burkina-faso\/#\/schema\/person\/2b1cf3cd81a31e3cd26889ca66d677f1\"},\"description\":\"Le ministre des Affaires e\u0301trange\u0300res du Burkina Faso a rec\u0327u en audience, dans la soire\u0301e du mercredi 11 mars 2026 a ...\",\"breadcrumb\":{\"@id\":\"https:\/\/www.africa-press.net\/burkina-faso\/politique\/relance-de-la-cooperation-usa-burkina-faso-a-ouagadougou#breadcrumb\"},\"inLanguage\":\"fr-FR\",\"potentialAction\":[{\"@type\":\"ReadAction\",\"target\":[\"https:\/\/www.africa-press.net\/burkina-faso\/politique\/relance-de-la-cooperation-usa-burkina-faso-a-ouagadougou\"]}]},{\"@type\":\"ImageObject\",\"inLanguage\":\"fr-FR\",\"@id\":\"https:\/\/www.africa-press.net\/burkina-faso\/politique\/relance-de-la-cooperation-usa-burkina-faso-a-ouagadougou#primaryimage\",\"url\":\"https:\/\/static.africa-press.net\/burkina\/sites\/42\/2026\/03\/sm_1773659186.324629.jpg\",\"contentUrl\":\"https:\/\/static.africa-press.net\/burkina\/sites\/42\/2026\/03\/sm_1773659186.324629.jpg\",\"width\":1024,\"height\":616,\"caption\":\"Relance de la Coop\u00e9ration USA-Burkina Faso \u00e0 Ouagadougou\"},{\"@type\":\"BreadcrumbList\",\"@id\":\"https:\/\/www.africa-press.net\/burkina-faso\/politique\/relance-de-la-cooperation-usa-burkina-faso-a-ouagadougou#breadcrumb\",\"itemListElement\":[{\"@type\":\"ListItem\",\"position\":1,\"name\":\"Accueil\",\"item\":\"https:\/\/www.africa-press.net\/burkina-faso\/\"},{\"@type\":\"ListItem\",\"position\":2,\"name\":\"Relance de la Coop\u00e9ration USA-Burkina Faso \u00e0 Ouagadougou\"}]},{\"@type\":\"WebSite\",\"@id\":\"https:\/\/www.africa-press.net\/burkina-faso\/#website\",\"url\":\"https:\/\/www.africa-press.net\/burkina-faso\/\",\"name\":\"Burkina Faso\",\"description\":\"Just another Africa News Agency Sites site\",\"potentialAction\":[{\"@type\":\"SearchAction\",\"target\":{\"@type\":\"EntryPoint\",\"urlTemplate\":\"https:\/\/www.africa-press.net\/burkina-faso\/?s={search_term_string}\"},\"query-input\":{\"@type\":\"PropertyValueSpecification\",\"valueRequired\":true,\"valueName\":\"search_term_string\"}}],\"inLanguage\":\"fr-FR\"},{\"@type\":\"Person\",\"@id\":\"https:\/\/www.africa-press.net\/burkina-faso\/#\/schema\/person\/2b1cf3cd81a31e3cd26889ca66d677f1\",\"name\":\"cfeditorfr\"}]}<\/script>\n<!-- \/ Yoast SEO Premium plugin. -->","yoast_head_json":{"title":"Relance de la Coop\u00e9ration USA-Burkina Faso \u00e0 Ouagadougou - Burkina Faso","description":"Le ministre des Affaires e\u0301trange\u0300res du Burkina Faso a rec\u0327u en audience, dans la soire\u0301e du mercredi 11 mars 2026 a ...","robots":{"index":"index","follow":"follow","max-snippet":"max-snippet:-1","max-image-preview":"max-image-preview:large","max-video-preview":"max-video-preview:-1"},"canonical":"https:\/\/www.africa-press.net\/burkina-faso\/politique\/relance-de-la-cooperation-usa-burkina-faso-a-ouagadougou","og_locale":"fr_FR","og_type":"article","og_title":"Relance de la Coop\u00e9ration USA-Burkina Faso \u00e0 Ouagadougou","og_description":"Le ministre des Affaires e\u0301trange\u0300res du Burkina Faso a rec\u0327u en audience, dans la soire\u0301e du mercredi 11 mars 2026 a ...","og_url":"https:\/\/www.africa-press.net\/burkina-faso\/politique\/relance-de-la-cooperation-usa-burkina-faso-a-ouagadougou","og_site_name":"Burkina Faso","article_published_time":"2026-03-16T13:53:36+00:00","article_modified_time":"2026-03-16T14:36:47+00:00","og_image":[{"width":1024,"height":616,"url":"https:\/\/static.africa-press.net\/burkina\/sites\/42\/2026\/03\/sm_1773659186.324629.jpg","type":"image\/jpeg"}],"author":"cfeditorfr","twitter_card":"summary_large_image","twitter_misc":{"\u00c9crit par":"cfeditorfr","Dur\u00e9e de lecture estim\u00e9e":"3 minutes"},"schema":{"@context":"https:\/\/schema.org","@graph":[{"@type":"Article","@id":"https:\/\/www.africa-press.net\/burkina-faso\/politique\/relance-de-la-cooperation-usa-burkina-faso-a-ouagadougou#article","isPartOf":{"@id":"https:\/\/www.africa-press.net\/burkina-faso\/politique\/relance-de-la-cooperation-usa-burkina-faso-a-ouagadougou"},"author":{"name":"cfeditorfr","@id":"https:\/\/www.africa-press.net\/burkina-faso\/#\/schema\/person\/2b1cf3cd81a31e3cd26889ca66d677f1"},"headline":"Relance de la Coop\u00e9ration USA-Burkina Faso \u00e0 Ouagadougou","datePublished":"2026-03-16T13:53:36+00:00","dateModified":"2026-03-16T14:36:47+00:00","mainEntityOfPage":{"@id":"https:\/\/www.africa-press.net\/burkina-faso\/politique\/relance-de-la-cooperation-usa-burkina-faso-a-ouagadougou"},"wordCount":539,"commentCount":0,"image":{"@id":"https:\/\/www.africa-press.net\/burkina-faso\/politique\/relance-de-la-cooperation-usa-burkina-faso-a-ouagadougou#primaryimage"},"thumbnailUrl":"https:\/\/static.africa-press.net\/burkina\/sites\/42\/2026\/03\/sm_1773659186.324629.jpg","keywords":["Burkina Faso"],"articleSection":["Politique","Toutes les actualit\u00e9s"],"inLanguage":"fr-FR","potentialAction":[{"@type":"CommentAction","name":"Comment","target":["https:\/\/www.africa-press.net\/burkina-faso\/politique\/relance-de-la-cooperation-usa-burkina-faso-a-ouagadougou#respond"]}]},{"@type":"WebPage","@id":"https:\/\/www.africa-press.net\/burkina-faso\/politique\/relance-de-la-cooperation-usa-burkina-faso-a-ouagadougou","url":"https:\/\/www.africa-press.net\/burkina-faso\/politique\/relance-de-la-cooperation-usa-burkina-faso-a-ouagadougou","name":"Relance de la Coop\u00e9ration USA-Burkina Faso \u00e0 Ouagadougou - Burkina Faso","isPartOf":{"@id":"https:\/\/www.africa-press.net\/burkina-faso\/#website"},"primaryImageOfPage":{"@id":"https:\/\/www.africa-press.net\/burkina-faso\/politique\/relance-de-la-cooperation-usa-burkina-faso-a-ouagadougou#primaryimage"},"image":{"@id":"https:\/\/www.africa-press.net\/burkina-faso\/politique\/relance-de-la-cooperation-usa-burkina-faso-a-ouagadougou#primaryimage"},"thumbnailUrl":"https:\/\/static.africa-press.net\/burkina\/sites\/42\/2026\/03\/sm_1773659186.324629.jpg","datePublished":"2026-03-16T13:53:36+00:00","dateModified":"2026-03-16T14:36:47+00:00","author":{"@id":"https:\/\/www.africa-press.net\/burkina-faso\/#\/schema\/person\/2b1cf3cd81a31e3cd26889ca66d677f1"},"description":"Le ministre des Affaires e\u0301trange\u0300res du Burkina Faso a rec\u0327u en audience, dans la soire\u0301e du mercredi 11 mars 2026 a ...","breadcrumb":{"@id":"https:\/\/www.africa-press.net\/burkina-faso\/politique\/relance-de-la-cooperation-usa-burkina-faso-a-ouagadougou#breadcrumb"},"inLanguage":"fr-FR","potentialAction":[{"@type":"ReadAction","target":["https:\/\/www.africa-press.net\/burkina-faso\/politique\/relance-de-la-cooperation-usa-burkina-faso-a-ouagadougou"]}]},{"@type":"ImageObject","inLanguage":"fr-FR","@id":"https:\/\/www.africa-press.net\/burkina-faso\/politique\/relance-de-la-cooperation-usa-burkina-faso-a-ouagadougou#primaryimage","url":"https:\/\/static.africa-press.net\/burkina\/sites\/42\/2026\/03\/sm_1773659186.324629.jpg","contentUrl":"https:\/\/static.africa-press.net\/burkina\/sites\/42\/2026\/03\/sm_1773659186.324629.jpg","width":1024,"height":616,"caption":"Relance de la Coop\u00e9ration USA-Burkina Faso \u00e0 Ouagadougou"},{"@type":"BreadcrumbList","@id":"https:\/\/www.africa-press.net\/burkina-faso\/politique\/relance-de-la-cooperation-usa-burkina-faso-a-ouagadougou#breadcrumb","itemListElement":[{"@type":"ListItem","position":1,"name":"Accueil","item":"https:\/\/www.africa-press.net\/burkina-faso\/"},{"@type":"ListItem","position":2,"name":"Relance de la Coop\u00e9ration USA-Burkina Faso \u00e0 Ouagadougou"}]},{"@type":"WebSite","@id":"https:\/\/www.africa-press.net\/burkina-faso\/#website","url":"https:\/\/www.africa-press.net\/burkina-faso\/","name":"Burkina Faso","description":"Just another Africa News Agency Sites site","potentialAction":[{"@type":"SearchAction","target":{"@type":"EntryPoint","urlTemplate":"https:\/\/www.africa-press.net\/burkina-faso\/?s={search_term_string}"},"query-input":{"@type":"PropertyValueSpecification","valueRequired":true,"valueName":"search_term_string"}}],"inLanguage":"fr-FR"},{"@type":"Person","@id":"https:\/\/www.africa-press.net\/burkina-faso\/#\/schema\/person\/2b1cf3cd81a31e3cd26889ca66d677f1","name":"cfeditorfr"}]}},"_links":{"self":[{"href":"https:\/\/www.africa-press.net\/burkina-faso\/wp-json\/wp\/v2\/posts\/127517","targetHints":{"allow":["GET"]}}],"collection":[{"href":"https:\/\/www.africa-press.net\/burkina-faso\/wp-json\/wp\/v2\/posts"}],"about":[{"href":"https:\/\/www.africa-press.net\/burkina-faso\/wp-json\/wp\/v2\/types\/post"}],"author":[{"embeddable":true,"href":"https:\/\/www.africa-press.net\/burkina-faso\/wp-json\/wp\/v2\/users\/82"}],"replies":[{"embeddable":true,"href":"https:\/\/www.africa-press.net\/burkina-faso\/wp-json\/wp\/v2\/comments?post=127517"}],"version-history":[{"count":0,"href":"https:\/\/www.africa-press.net\/burkina-faso\/wp-json\/wp\/v2\/posts\/127517\/revisions"}],"wp:featuredmedia":[{"embeddable":true,"href":"https:\/\/www.africa-press.net\/burkina-faso\/wp-json\/wp\/v2\/media\/127516"}],"wp:attachment":[{"href":"https:\/\/www.africa-press.net\/burkina-faso\/wp-json\/wp\/v2\/media?parent=127517"}],"wp:term":[{"taxonomy":"category","embeddable":true,"href":"https:\/\/www.africa-press.net\/burkina-faso\/wp-json\/wp\/v2\/categories?post=127517"},{"taxonomy":"post_tag","embeddable":true,"href":"https:\/\/www.africa-press.net\/burkina-faso\/wp-json\/wp\/v2\/tags?post=127517"}],"curies":[{"name":"wp","href":"https:\/\/api.w.org\/{rel}","templated":true}]}}