{"id":127524,"date":"2026-03-16T14:12:23","date_gmt":"2026-03-16T14:12:23","guid":{"rendered":"https:\/\/www.africa-press.net\/burkina-faso\/politique\/acceleration-de-lelectrification-rurale-par-mini-reseaux"},"modified":"2026-03-16T14:43:07","modified_gmt":"2026-03-16T14:43:07","slug":"acceleration-de-lelectrification-rurale-par-mini-reseaux","status":"publish","type":"post","link":"https:\/\/www.africa-press.net\/burkina-faso\/economie\/acceleration-de-lelectrification-rurale-par-mini-reseaux","title":{"rendered":"Acc\u00e9l\u00e9ration de l&rsquo;\u00c9lectrification Rurale par Mini-R\u00e9seaux"},"content":{"rendered":"<p><span style=\"color: #ff6600\"><strong>Africa-Press &#8211; Burkina Faso. <\/strong><\/span><b>L\u2019Atelier de validation de l\u2019e\u0301tude de faisabilite\u0301 et formation sur la plateforme informatique se tient du 11 au 13 mars 2026 a\u0300 Ouagadougou. L\u2019enjeu de cet atelier national est la validation des e\u0301tudes de faisabilite\u0301 pour le de\u0301ploiement de mini-re\u0301seaux propres et la mai\u0302trise de plateformes informatiques de\u0301die\u0301es. <\/b><\/p>\n<p>Cette initiative s\u2019inscrit dans la Phase 1 du Programme re\u0301gional e\u0301nerge\u0301tique de l\u2019Afrique de l\u2019Ouest (WAREP), porte\u0301e par l\u2019initiative panafricaine Desert-to-Power et soutenue financie\u0300rement par le Groupe de la Banque africaine de de\u0301veloppement (BAD).<\/p>\n<p>L\u2019objectif central de cette rencontre est de passer au crible les re\u0301sultats des e\u0301tudes de faisabilite\u0301. De ce fait, les participants analyseront les rapports fournis par les consultants sous plusieurs angles a\u0300 savoir technique, e\u0301conomique et re\u0301glementaire.<\/p>\n<p>Pre\u0301sidant les travaux, le Dr Alidou Koutou, Directeur ge\u0301ne\u0301ral de l\u2019e\u0301nergie au ministe\u0300re de l\u2019e\u0301nergie, des mines et des carrie\u0300res, a re\u0301affirme\u0301 que l\u2019acce\u0300s a\u0300 l\u2019e\u0301lectricite\u0301 reste le moteur indispensable du progre\u0300s e\u0301conomique et social du pays.<\/p>\n<p>\u00ab Ces syste\u0300mes repre\u0301sentent une alternative efficace pour l\u2019e\u0301lectrification des localite\u0301s e\u0301loigne\u0301es du re\u0301seau national, tout en permettant de valoriser le potentiel important du pays en matie\u0300re d\u2019e\u0301nergies renouvelables en ge\u0301ne\u0301ral, et en particulier l\u2019e\u0301nergie solaire \u00bb, a-t-il souligne\u0301.<\/p>\n<p>Durant donc ces trois jours de travaux, les participants examineront les diffe\u0301rents livrables en de\u0301tail pour s\u2019assurer qu\u2019ils re\u0301pondent aux exigences fixe\u0301es. E\u0301galement, les e\u0301changes permettront d\u2019inte\u0301grer les observations et recommandations formule\u0301es par les divers acteurs du secteur.<\/p>\n<p>Par ailleurs, au-dela\u0300 de l\u2019aspect the\u0301orique, l\u2019atelier consacre une large part a\u0300 la formation pratique. Des sessions de\u0301die\u0301es a\u0300 l\u2019utilisation de plateformes informatiques spe\u0301cialise\u0301es seront organise\u0301es pour familiariser les techniciens et de\u0301cideurs avec ces outils de gestion modernes.<\/p>\n<p>Enfin, le Dr Alidou Koutou a soutenu qu\u2019une fois les e\u0301tudes valide\u0301es, l\u2019urgence sera la mobilisation des financements ne\u0301cessaires pour transformer ces analyses en infrastructures concre\u0300tes sur le terrain.<\/p>\n<p><iframe loading=\"lazy\" title=\"Solaire : Comment le Burkina Faso veut d\u00e9senclaver ses zones rurales via le programme WAREP\" width=\"696\" height=\"392\" src=\"https:\/\/www.youtube.com\/embed\/jsUWXzqLWRg?feature=oembed\" frameborder=\"0\" allow=\"accelerometer; autoplay; clipboard-write; encrypted-media; gyroscope; picture-in-picture; web-share\" referrerpolicy=\"strict-origin-when-cross-origin\" allowfullscreen><\/iframe><\/p>\n\r\n                <style type=\"text\/css\">\r\n                    \r\n                    #td_uid_1_69f401a37b2cf  .td-doubleSlider-2 .td-item1 {\r\n                        background: url(https:\/\/static.africa-press.net\/burkina\/sites\/42\/2026\/03\/sm_1773659214.35654-80x60.jpg) 0 0 no-repeat;\r\n                    }\r\n                    #td_uid_1_69f401a37b2cf  .td-doubleSlider-2 .td-item2 {\r\n                        background: url(https:\/\/static.africa-press.net\/burkina\/sites\/42\/2026\/03\/sm_1773659220.793465-80x60.jpg) 0 0 no-repeat;\r\n                    }\r\n                    #td_uid_1_69f401a37b2cf  .td-doubleSlider-2 .td-item3 {\r\n                        background: url(https:\/\/static.africa-press.net\/burkina\/sites\/42\/2026\/03\/sm_1773659226.193997-80x60.jpg) 0 0 no-repeat;\r\n                    }\r\n                <\/style>\r\n\r\n                <div id=\"td_uid_1_69f401a37b2cf\" class=\"td-gallery td-slide-on-2-columns\">\r\n                    <div class=\"post_td_gallery\">\r\n                        <div class=\"td-gallery-slide-top\">\r\n                           <div class=\"td-gallery-title\"><\/div>\r\n\r\n                            <div class=\"td-gallery-controls-wrapper\">\r\n                                <div class=\"td-gallery-slide-count\"><span class=\"td-gallery-slide-item-focus\">1<\/span> de 3<\/div>\r\n                                <div class=\"td-gallery-slide-prev-next-but\">\r\n                                    <i class = \"td-icon-left doubleSliderPrevButton\"><\/i>\r\n                                    <i class = \"td-icon-right doubleSliderNextButton\"><\/i>\r\n                                <\/div>\r\n                            <\/div>\r\n                        <\/div>\r\n\r\n                        <div class = \"td-doubleSlider-1 \">\r\n                            <div class = \"td-slider\">\r\n                                \r\n                    <div class = \"td-slide-item td-item1\">\r\n                        <figure class=\"td-slide-galery-figure td-slide-popup-gallery\">\r\n                            <a class=\"slide-gallery-image-link\" href=\"https:\/\/static.africa-press.net\/burkina\/sites\/42\/2026\/03\/sm_1773659214.35654.jpg\" title=\"sm_1773659214.35654\"  data-caption=\"\"  data-description=\"\">\r\n                                <img decoding=\"async\" src=\"https:\/\/static.africa-press.net\/burkina\/sites\/42\/2026\/03\/sm_1773659214.35654.jpg\" srcset=\"https:\/\/static.africa-press.net\/burkina\/sites\/42\/2026\/03\/sm_1773659214.35654.jpg 1024w, https:\/\/static.africa-press.net\/burkina\/sites\/42\/2026\/03\/sm_1773659214.35654-300x169.jpg 300w, https:\/\/static.africa-press.net\/burkina\/sites\/42\/2026\/03\/sm_1773659214.35654-768x432.jpg 768w\" sizes=\"(max-width: 1024px) 100vw, 1024px\" alt=\"\">\r\n                            <\/a>\r\n                            \r\n                        <\/figure>\r\n                    <\/div>\r\n                    <div class = \"td-slide-item td-item2\">\r\n                        <figure class=\"td-slide-galery-figure td-slide-popup-gallery\">\r\n                            <a class=\"slide-gallery-image-link\" href=\"https:\/\/static.africa-press.net\/burkina\/sites\/42\/2026\/03\/sm_1773659220.793465.jpg\" title=\"sm_1773659220.793465\"  data-caption=\"\"  data-description=\"\">\r\n                                <img decoding=\"async\" src=\"https:\/\/static.africa-press.net\/burkina\/sites\/42\/2026\/03\/sm_1773659220.793465.jpg\" srcset=\"https:\/\/static.africa-press.net\/burkina\/sites\/42\/2026\/03\/sm_1773659220.793465.jpg 1024w, https:\/\/static.africa-press.net\/burkina\/sites\/42\/2026\/03\/sm_1773659220.793465-300x169.jpg 300w, https:\/\/static.africa-press.net\/burkina\/sites\/42\/2026\/03\/sm_1773659220.793465-768x432.jpg 768w\" sizes=\"(max-width: 1024px) 100vw, 1024px\" alt=\"\">\r\n                            <\/a>\r\n                            \r\n                        <\/figure>\r\n                    <\/div>\r\n                    <div class = \"td-slide-item td-item3\">\r\n                        <figure class=\"td-slide-galery-figure td-slide-popup-gallery\">\r\n                            <a class=\"slide-gallery-image-link\" href=\"https:\/\/static.africa-press.net\/burkina\/sites\/42\/2026\/03\/sm_1773659226.193997.jpg\" title=\"sm_1773659226.193997\"  data-caption=\"\"  data-description=\"\">\r\n                                <img decoding=\"async\" src=\"https:\/\/static.africa-press.net\/burkina\/sites\/42\/2026\/03\/sm_1773659226.193997.jpg\" srcset=\"https:\/\/static.africa-press.net\/burkina\/sites\/42\/2026\/03\/sm_1773659226.193997.jpg 1024w, https:\/\/static.africa-press.net\/burkina\/sites\/42\/2026\/03\/sm_1773659226.193997-300x225.jpg 300w, https:\/\/static.africa-press.net\/burkina\/sites\/42\/2026\/03\/sm_1773659226.193997-768x576.jpg 768w, https:\/\/static.africa-press.net\/burkina\/sites\/42\/2026\/03\/sm_1773659226.193997-80x60.jpg 80w\" sizes=\"(max-width: 1024px) 100vw, 1024px\" alt=\"\">\r\n                            <\/a>\r\n                            \r\n                        <\/figure>\r\n                    <\/div>\r\n                            <\/div>\r\n                        <\/div>\r\n\r\n                        <div class = \"td-doubleSlider-2\">\r\n                            <div class = \"td-slider\">\r\n                                \r\n                    <div class = \"td-button td-item1\">\r\n                        <div class = \"td-border\"><\/div>\r\n                    <\/div>\r\n                    <div class = \"td-button td-item2\">\r\n                        <div class = \"td-border\"><\/div>\r\n                    <\/div>\r\n                    <div class = \"td-button td-item3\">\r\n                        <div class = \"td-border\"><\/div>\r\n                    <\/div>\r\n                            <\/div>\r\n                        <\/div>\r\n\r\n                    <\/div>\r\n\r\n                <\/div>\r\n                \n<p><strong>Pour plus d&rsquo;informations et d&rsquo;analyses sur la <span style=\"color: #ff6600\">Burkina Faso<\/span>, suivez <span style=\"color: #ff6600\">Africa-Press<\/span><\/strong><\/p>\n","protected":false},"excerpt":{"rendered":"<p>Africa-Press &#8211; Burkina Faso. L\u2019Atelier de validation de l\u2019e\u0301tude de faisabilite\u0301 et formation sur la plateforme informatique se tient du 11 au 13 mars 2026 a\u0300 Ouagadougou. L\u2019enjeu de cet atelier national est la validation des e\u0301tudes de faisabilite\u0301 pour le de\u0301ploiement de mini-re\u0301seaux propres et la mai\u0302trise de plateformes informatiques de\u0301die\u0301es. Cette initiative s\u2019inscrit [&hellip;]<\/p>\n","protected":false},"author":82,"featured_media":127523,"comment_status":"open","ping_status":"closed","sticky":false,"template":"","format":"standard","meta":{"footnotes":""},"categories":[3,8,10,9],"tags":[29],"class_list":["post-127524","post","type-post","status-publish","format-standard","has-post-thumbnail","hentry","category-economie","category-photo","category-toutes-les-actualites","category-video","tag-burkina-faso"],"yoast_head":"<!-- This site is optimized with the Yoast SEO Premium plugin v26.1 (Yoast SEO v27.0) - https:\/\/yoast.com\/product\/yoast-seo-premium-wordpress\/ -->\n<title>Acc\u00e9l\u00e9ration de l&#039;\u00c9lectrification Rurale par Mini-R\u00e9seaux - Burkina Faso<\/title>\n<meta name=\"description\" content=\"L\u2019Atelier de validation de l\u2019e\u0301tude de faisabilite\u0301 et formation sur la plateforme informatique se tient du 11 au 13 ...\" \/>\n<meta name=\"robots\" content=\"index, follow, max-snippet:-1, max-image-preview:large, max-video-preview:-1\" \/>\n<link rel=\"canonical\" href=\"https:\/\/www.africa-press.net\/burkina-faso\/economie\/acceleration-de-lelectrification-rurale-par-mini-reseaux\" \/>\n<meta property=\"og:locale\" content=\"fr_FR\" \/>\n<meta property=\"og:type\" content=\"article\" \/>\n<meta property=\"og:title\" content=\"Acc\u00e9l\u00e9ration de l&#039;\u00c9lectrification Rurale par Mini-R\u00e9seaux\" \/>\n<meta property=\"og:description\" content=\"L\u2019Atelier de validation de l\u2019e\u0301tude de faisabilite\u0301 et formation sur la plateforme informatique se tient du 11 au 13 ...\" \/>\n<meta property=\"og:url\" content=\"https:\/\/www.africa-press.net\/burkina-faso\/economie\/acceleration-de-lelectrification-rurale-par-mini-reseaux\" \/>\n<meta property=\"og:site_name\" content=\"Burkina Faso\" \/>\n<meta property=\"article:published_time\" content=\"2026-03-16T14:12:23+00:00\" \/>\n<meta property=\"article:modified_time\" content=\"2026-03-16T14:43:07+00:00\" \/>\n<meta property=\"og:image\" content=\"https:\/\/static.africa-press.net\/burkina\/sites\/42\/2026\/03\/sm_1773659234.505493.jpg\" \/>\n\t<meta property=\"og:image:width\" content=\"1024\" \/>\n\t<meta property=\"og:image:height\" content=\"768\" \/>\n\t<meta property=\"og:image:type\" content=\"image\/jpeg\" \/>\n<meta name=\"author\" content=\"cfeditorfr\" \/>\n<meta name=\"twitter:card\" content=\"summary_large_image\" \/>\n<meta name=\"twitter:label1\" content=\"\u00c9crit par\" \/>\n\t<meta name=\"twitter:data1\" content=\"cfeditorfr\" \/>\n\t<meta name=\"twitter:label2\" content=\"Dur\u00e9e de lecture estim\u00e9e\" \/>\n\t<meta name=\"twitter:data2\" content=\"2 minutes\" \/>\n<script type=\"application\/ld+json\" class=\"yoast-schema-graph\">{\"@context\":\"https:\/\/schema.org\",\"@graph\":[{\"@type\":\"Article\",\"@id\":\"https:\/\/www.africa-press.net\/burkina-faso\/economie\/acceleration-de-lelectrification-rurale-par-mini-reseaux#article\",\"isPartOf\":{\"@id\":\"https:\/\/www.africa-press.net\/burkina-faso\/economie\/acceleration-de-lelectrification-rurale-par-mini-reseaux\"},\"author\":{\"name\":\"cfeditorfr\",\"@id\":\"https:\/\/www.africa-press.net\/burkina-faso\/#\/schema\/person\/2b1cf3cd81a31e3cd26889ca66d677f1\"},\"headline\":\"Acc\u00e9l\u00e9ration de l&rsquo;\u00c9lectrification Rurale par Mini-R\u00e9seaux\",\"datePublished\":\"2026-03-16T14:12:23+00:00\",\"dateModified\":\"2026-03-16T14:43:07+00:00\",\"mainEntityOfPage\":{\"@id\":\"https:\/\/www.africa-press.net\/burkina-faso\/economie\/acceleration-de-lelectrification-rurale-par-mini-reseaux\"},\"wordCount\":418,\"commentCount\":0,\"image\":{\"@id\":\"https:\/\/www.africa-press.net\/burkina-faso\/economie\/acceleration-de-lelectrification-rurale-par-mini-reseaux#primaryimage\"},\"thumbnailUrl\":\"https:\/\/static.africa-press.net\/burkina\/sites\/42\/2026\/03\/sm_1773659234.505493.jpg\",\"keywords\":[\"Burkina Faso\"],\"articleSection\":[\"\u00c9conomie\",\"Photo\",\"Toutes les actualit\u00e9s\",\"vid\u00e9o\"],\"inLanguage\":\"fr-FR\",\"potentialAction\":[{\"@type\":\"CommentAction\",\"name\":\"Comment\",\"target\":[\"https:\/\/www.africa-press.net\/burkina-faso\/economie\/acceleration-de-lelectrification-rurale-par-mini-reseaux#respond\"]}]},{\"@type\":\"WebPage\",\"@id\":\"https:\/\/www.africa-press.net\/burkina-faso\/economie\/acceleration-de-lelectrification-rurale-par-mini-reseaux\",\"url\":\"https:\/\/www.africa-press.net\/burkina-faso\/economie\/acceleration-de-lelectrification-rurale-par-mini-reseaux\",\"name\":\"Acc\u00e9l\u00e9ration de l'\u00c9lectrification Rurale par Mini-R\u00e9seaux - Burkina Faso\",\"isPartOf\":{\"@id\":\"https:\/\/www.africa-press.net\/burkina-faso\/#website\"},\"primaryImageOfPage\":{\"@id\":\"https:\/\/www.africa-press.net\/burkina-faso\/economie\/acceleration-de-lelectrification-rurale-par-mini-reseaux#primaryimage\"},\"image\":{\"@id\":\"https:\/\/www.africa-press.net\/burkina-faso\/economie\/acceleration-de-lelectrification-rurale-par-mini-reseaux#primaryimage\"},\"thumbnailUrl\":\"https:\/\/static.africa-press.net\/burkina\/sites\/42\/2026\/03\/sm_1773659234.505493.jpg\",\"datePublished\":\"2026-03-16T14:12:23+00:00\",\"dateModified\":\"2026-03-16T14:43:07+00:00\",\"author\":{\"@id\":\"https:\/\/www.africa-press.net\/burkina-faso\/#\/schema\/person\/2b1cf3cd81a31e3cd26889ca66d677f1\"},\"description\":\"L\u2019Atelier de validation de l\u2019e\u0301tude de faisabilite\u0301 et formation sur la plateforme informatique se tient du 11 au 13 ...\",\"breadcrumb\":{\"@id\":\"https:\/\/www.africa-press.net\/burkina-faso\/economie\/acceleration-de-lelectrification-rurale-par-mini-reseaux#breadcrumb\"},\"inLanguage\":\"fr-FR\",\"potentialAction\":[{\"@type\":\"ReadAction\",\"target\":[\"https:\/\/www.africa-press.net\/burkina-faso\/economie\/acceleration-de-lelectrification-rurale-par-mini-reseaux\"]}]},{\"@type\":\"ImageObject\",\"inLanguage\":\"fr-FR\",\"@id\":\"https:\/\/www.africa-press.net\/burkina-faso\/economie\/acceleration-de-lelectrification-rurale-par-mini-reseaux#primaryimage\",\"url\":\"https:\/\/static.africa-press.net\/burkina\/sites\/42\/2026\/03\/sm_1773659234.505493.jpg\",\"contentUrl\":\"https:\/\/static.africa-press.net\/burkina\/sites\/42\/2026\/03\/sm_1773659234.505493.jpg\",\"width\":1024,\"height\":768,\"caption\":\"Acc\u00e9l\u00e9ration de l'\u00c9lectrification Rurale par Mini-R\u00e9seaux\"},{\"@type\":\"BreadcrumbList\",\"@id\":\"https:\/\/www.africa-press.net\/burkina-faso\/economie\/acceleration-de-lelectrification-rurale-par-mini-reseaux#breadcrumb\",\"itemListElement\":[{\"@type\":\"ListItem\",\"position\":1,\"name\":\"Accueil\",\"item\":\"https:\/\/www.africa-press.net\/burkina-faso\/\"},{\"@type\":\"ListItem\",\"position\":2,\"name\":\"Acc\u00e9l\u00e9ration de l&#8217;\u00c9lectrification Rurale par Mini-R\u00e9seaux\"}]},{\"@type\":\"WebSite\",\"@id\":\"https:\/\/www.africa-press.net\/burkina-faso\/#website\",\"url\":\"https:\/\/www.africa-press.net\/burkina-faso\/\",\"name\":\"Burkina Faso\",\"description\":\"Just another Africa News Agency Sites site\",\"potentialAction\":[{\"@type\":\"SearchAction\",\"target\":{\"@type\":\"EntryPoint\",\"urlTemplate\":\"https:\/\/www.africa-press.net\/burkina-faso\/?s={search_term_string}\"},\"query-input\":{\"@type\":\"PropertyValueSpecification\",\"valueRequired\":true,\"valueName\":\"search_term_string\"}}],\"inLanguage\":\"fr-FR\"},{\"@type\":\"Person\",\"@id\":\"https:\/\/www.africa-press.net\/burkina-faso\/#\/schema\/person\/2b1cf3cd81a31e3cd26889ca66d677f1\",\"name\":\"cfeditorfr\"}]}<\/script>\n<!-- \/ Yoast SEO Premium plugin. -->","yoast_head_json":{"title":"Acc\u00e9l\u00e9ration de l'\u00c9lectrification Rurale par Mini-R\u00e9seaux - Burkina Faso","description":"L\u2019Atelier de validation de l\u2019e\u0301tude de faisabilite\u0301 et formation sur la plateforme informatique se tient du 11 au 13 ...","robots":{"index":"index","follow":"follow","max-snippet":"max-snippet:-1","max-image-preview":"max-image-preview:large","max-video-preview":"max-video-preview:-1"},"canonical":"https:\/\/www.africa-press.net\/burkina-faso\/economie\/acceleration-de-lelectrification-rurale-par-mini-reseaux","og_locale":"fr_FR","og_type":"article","og_title":"Acc\u00e9l\u00e9ration de l'\u00c9lectrification Rurale par Mini-R\u00e9seaux","og_description":"L\u2019Atelier de validation de l\u2019e\u0301tude de faisabilite\u0301 et formation sur la plateforme informatique se tient du 11 au 13 ...","og_url":"https:\/\/www.africa-press.net\/burkina-faso\/economie\/acceleration-de-lelectrification-rurale-par-mini-reseaux","og_site_name":"Burkina Faso","article_published_time":"2026-03-16T14:12:23+00:00","article_modified_time":"2026-03-16T14:43:07+00:00","og_image":[{"width":1024,"height":768,"url":"https:\/\/static.africa-press.net\/burkina\/sites\/42\/2026\/03\/sm_1773659234.505493.jpg","type":"image\/jpeg"}],"author":"cfeditorfr","twitter_card":"summary_large_image","twitter_misc":{"\u00c9crit par":"cfeditorfr","Dur\u00e9e de lecture estim\u00e9e":"2 minutes"},"schema":{"@context":"https:\/\/schema.org","@graph":[{"@type":"Article","@id":"https:\/\/www.africa-press.net\/burkina-faso\/economie\/acceleration-de-lelectrification-rurale-par-mini-reseaux#article","isPartOf":{"@id":"https:\/\/www.africa-press.net\/burkina-faso\/economie\/acceleration-de-lelectrification-rurale-par-mini-reseaux"},"author":{"name":"cfeditorfr","@id":"https:\/\/www.africa-press.net\/burkina-faso\/#\/schema\/person\/2b1cf3cd81a31e3cd26889ca66d677f1"},"headline":"Acc\u00e9l\u00e9ration de l&rsquo;\u00c9lectrification Rurale par Mini-R\u00e9seaux","datePublished":"2026-03-16T14:12:23+00:00","dateModified":"2026-03-16T14:43:07+00:00","mainEntityOfPage":{"@id":"https:\/\/www.africa-press.net\/burkina-faso\/economie\/acceleration-de-lelectrification-rurale-par-mini-reseaux"},"wordCount":418,"commentCount":0,"image":{"@id":"https:\/\/www.africa-press.net\/burkina-faso\/economie\/acceleration-de-lelectrification-rurale-par-mini-reseaux#primaryimage"},"thumbnailUrl":"https:\/\/static.africa-press.net\/burkina\/sites\/42\/2026\/03\/sm_1773659234.505493.jpg","keywords":["Burkina Faso"],"articleSection":["\u00c9conomie","Photo","Toutes les actualit\u00e9s","vid\u00e9o"],"inLanguage":"fr-FR","potentialAction":[{"@type":"CommentAction","name":"Comment","target":["https:\/\/www.africa-press.net\/burkina-faso\/economie\/acceleration-de-lelectrification-rurale-par-mini-reseaux#respond"]}]},{"@type":"WebPage","@id":"https:\/\/www.africa-press.net\/burkina-faso\/economie\/acceleration-de-lelectrification-rurale-par-mini-reseaux","url":"https:\/\/www.africa-press.net\/burkina-faso\/economie\/acceleration-de-lelectrification-rurale-par-mini-reseaux","name":"Acc\u00e9l\u00e9ration de l'\u00c9lectrification Rurale par Mini-R\u00e9seaux - Burkina Faso","isPartOf":{"@id":"https:\/\/www.africa-press.net\/burkina-faso\/#website"},"primaryImageOfPage":{"@id":"https:\/\/www.africa-press.net\/burkina-faso\/economie\/acceleration-de-lelectrification-rurale-par-mini-reseaux#primaryimage"},"image":{"@id":"https:\/\/www.africa-press.net\/burkina-faso\/economie\/acceleration-de-lelectrification-rurale-par-mini-reseaux#primaryimage"},"thumbnailUrl":"https:\/\/static.africa-press.net\/burkina\/sites\/42\/2026\/03\/sm_1773659234.505493.jpg","datePublished":"2026-03-16T14:12:23+00:00","dateModified":"2026-03-16T14:43:07+00:00","author":{"@id":"https:\/\/www.africa-press.net\/burkina-faso\/#\/schema\/person\/2b1cf3cd81a31e3cd26889ca66d677f1"},"description":"L\u2019Atelier de validation de l\u2019e\u0301tude de faisabilite\u0301 et formation sur la plateforme informatique se tient du 11 au 13 ...","breadcrumb":{"@id":"https:\/\/www.africa-press.net\/burkina-faso\/economie\/acceleration-de-lelectrification-rurale-par-mini-reseaux#breadcrumb"},"inLanguage":"fr-FR","potentialAction":[{"@type":"ReadAction","target":["https:\/\/www.africa-press.net\/burkina-faso\/economie\/acceleration-de-lelectrification-rurale-par-mini-reseaux"]}]},{"@type":"ImageObject","inLanguage":"fr-FR","@id":"https:\/\/www.africa-press.net\/burkina-faso\/economie\/acceleration-de-lelectrification-rurale-par-mini-reseaux#primaryimage","url":"https:\/\/static.africa-press.net\/burkina\/sites\/42\/2026\/03\/sm_1773659234.505493.jpg","contentUrl":"https:\/\/static.africa-press.net\/burkina\/sites\/42\/2026\/03\/sm_1773659234.505493.jpg","width":1024,"height":768,"caption":"Acc\u00e9l\u00e9ration de l'\u00c9lectrification Rurale par Mini-R\u00e9seaux"},{"@type":"BreadcrumbList","@id":"https:\/\/www.africa-press.net\/burkina-faso\/economie\/acceleration-de-lelectrification-rurale-par-mini-reseaux#breadcrumb","itemListElement":[{"@type":"ListItem","position":1,"name":"Accueil","item":"https:\/\/www.africa-press.net\/burkina-faso\/"},{"@type":"ListItem","position":2,"name":"Acc\u00e9l\u00e9ration de l&#8217;\u00c9lectrification Rurale par Mini-R\u00e9seaux"}]},{"@type":"WebSite","@id":"https:\/\/www.africa-press.net\/burkina-faso\/#website","url":"https:\/\/www.africa-press.net\/burkina-faso\/","name":"Burkina Faso","description":"Just another Africa News Agency Sites site","potentialAction":[{"@type":"SearchAction","target":{"@type":"EntryPoint","urlTemplate":"https:\/\/www.africa-press.net\/burkina-faso\/?s={search_term_string}"},"query-input":{"@type":"PropertyValueSpecification","valueRequired":true,"valueName":"search_term_string"}}],"inLanguage":"fr-FR"},{"@type":"Person","@id":"https:\/\/www.africa-press.net\/burkina-faso\/#\/schema\/person\/2b1cf3cd81a31e3cd26889ca66d677f1","name":"cfeditorfr"}]}},"_links":{"self":[{"href":"https:\/\/www.africa-press.net\/burkina-faso\/wp-json\/wp\/v2\/posts\/127524","targetHints":{"allow":["GET"]}}],"collection":[{"href":"https:\/\/www.africa-press.net\/burkina-faso\/wp-json\/wp\/v2\/posts"}],"about":[{"href":"https:\/\/www.africa-press.net\/burkina-faso\/wp-json\/wp\/v2\/types\/post"}],"author":[{"embeddable":true,"href":"https:\/\/www.africa-press.net\/burkina-faso\/wp-json\/wp\/v2\/users\/82"}],"replies":[{"embeddable":true,"href":"https:\/\/www.africa-press.net\/burkina-faso\/wp-json\/wp\/v2\/comments?post=127524"}],"version-history":[{"count":0,"href":"https:\/\/www.africa-press.net\/burkina-faso\/wp-json\/wp\/v2\/posts\/127524\/revisions"}],"wp:featuredmedia":[{"embeddable":true,"href":"https:\/\/www.africa-press.net\/burkina-faso\/wp-json\/wp\/v2\/media\/127523"}],"wp:attachment":[{"href":"https:\/\/www.africa-press.net\/burkina-faso\/wp-json\/wp\/v2\/media?parent=127524"}],"wp:term":[{"taxonomy":"category","embeddable":true,"href":"https:\/\/www.africa-press.net\/burkina-faso\/wp-json\/wp\/v2\/categories?post=127524"},{"taxonomy":"post_tag","embeddable":true,"href":"https:\/\/www.africa-press.net\/burkina-faso\/wp-json\/wp\/v2\/tags?post=127524"}],"curies":[{"name":"wp","href":"https:\/\/api.w.org\/{rel}","templated":true}]}}