{"id":127585,"date":"2026-03-18T15:11:46","date_gmt":"2026-03-18T15:11:46","guid":{"rendered":"https:\/\/www.africa-press.net\/burkina-faso\/politique\/reparation-de-la-digue-de-nazoanga-a-nanoro"},"modified":"2026-03-18T15:25:04","modified_gmt":"2026-03-18T15:25:04","slug":"reparation-de-la-digue-de-nazoanga-a-nanoro","status":"publish","type":"post","link":"https:\/\/www.africa-press.net\/burkina-faso\/economie\/reparation-de-la-digue-de-nazoanga-a-nanoro","title":{"rendered":"R\u00e9paration de la digue de Nazoanga \u00e0 Nanoro"},"content":{"rendered":"<p><span style=\"color: #ff6600\"><strong>Africa-Press &#8211; Burkina Faso. <\/strong><\/span><b>L\u2019ONG Res Publica a lance\u0301, le lundi 16 mars 2026, les travaux de re\u0301fection de la digue du barrage de Nazoanga, dans la commune de Nanoro, un ouvrage dont la de\u0301gradation a cou\u0302te\u0301 la vie a\u0300 huit personnes ces dernie\u0300res anne\u0301es. Finance\u0301 a\u0300 plus de 38 millions de Francs CFA pour un de\u0301lai d\u2019exe\u0301cution de 45 jours, ce projet repose sur un mode\u0300le de de\u0301veloppement endoge\u0300ne: l\u2019ONG assure 87 % du cou\u0302t global, tandis que les populations locales contribuent activement a\u0300 hauteur de 13 %. <\/b><\/p>\n<p>Pour les habitants de Nazoanga, le trajet vers le centre de Nanoro ou vers les communes de Soaw et Pella ressemblait jusqu\u2019ici a\u0300 un de\u0301fi quotidien, particulie\u0300rement pe\u0301rilleux durant la saison des pluies.<\/p>\n<p>La de\u0301gradation avance\u0301e de la digue, de\u0301pourvue de protections et soumise a\u0300 de fortes pentes, a transforme\u0301 ce passage oblige\u0301 en un lieu de drames re\u0301currents.<\/p>\n<p>Le bilan humain dresse\u0301 par les riverains est de huit de\u0301ce\u0300s et de multiples accidents graves. Andre\u0301 Kabore\u0301, infirmier a\u0300 la retraite, se souvient des difficulte\u0301s d\u2019acce\u0300s aux services de sante\u0301.<\/p>\n<p>\u00ab En hivernage, une ambulance ne pouvait pas se de\u0301placer au CSPS pour l\u2019e\u0301vacuation des malades. Une femme en travail a du\u0302 e\u0302tre transporte\u0301e a\u0300 moto ; elle a chute\u0301 sur l\u2019ouvrage et a subi de graves blessures \u00bb, a-t-il relate\u0301.<\/p>\n<p>Outre le risque humain, c\u2019est tout un pan de l\u2019e\u0301conomie qui s\u2019essoufflait, l\u2019acce\u0300s aux zones de marai\u0302chage devenant impraticable. Face a\u0300 cette urgence, l\u2019ONG Res Publica, partenaire historique de la re\u0301gion depuis 2001, a mobilise\u0301 un investissement de plus de 38 millions de Francs CFA. Ce projet se distingue par son approche participative. Si l\u2019ONG finance 87 % du cou\u0302t, la population locale contribue a\u0300 hauteur de 13 %.<\/p>\n<p>Salam Oue\u0301draogo, Directeur Exe\u0301cutif de Res Publica, a souligne\u0301 cette philosophie. \u00ab Nous voulons que les projets soient initie\u0301s par les populations. Pour les rendre pe\u0301rennes, il faut qu\u2019elles se les approprient et les entretiennent, car ce sont des infrastructures vitales pour elles-me\u0302mes \u00bb, a-t-il explique\u0301.<\/p>\n<p>Cette vision est partage\u0301e par Nourou Guiguemde\u0301, Pre\u0301sident de la De\u0301le\u0301gation Spe\u0301ciale (PDS) de Nanoro, qui voit dans ce chantier une application concre\u0300te du de\u0301veloppement endoge\u0300ne.<\/p>\n<p>\u00ab Nous avons voulu re\u0301aliser cette re\u0301fection avec l\u2019implication des communaute\u0301s, que ce soit par la sensibilisation ou par leur apport physique \u00bb, a-t-il indique\u0301.<\/p>\n<p>L\u2019entreprise ECODI SARL, charge\u0301e des travaux, dispose d\u2019un de\u0301lai de 45 jours pour transformer l\u2019infrastructure. Le projet ne se limite pas a\u0300 une simple remise en e\u0301tat, comme l\u2019explique l\u2019entrepreneur Mahamoudou Diallo.<\/p>\n<p>\u00ab Nous allons rede\u0301caper l\u2019emprise, re\u0301duire la pente pour aborder l\u2019ouvrage avec moins de violence et, surtout, installer des garde-corps pour prote\u0301ger ceux qui passent \u00bb, a-t-il de\u0301taille\u0301.<\/p>\n<p>D\u2019une longueur de 50 me\u0300tres pour 6 me\u0300tres de large, le futur radier devrait non seulement se\u0301curiser le trafic, mais aussi redynamiser les e\u0301changes entre Nazoanga, le plus gros village de la commune apre\u0300s Nanoro-centre et le reste de la zone.<\/p>\n<p>Pour le repre\u0301sentant du chef de Nanoro, E\u0301tienne Kafando, ce lancement est un \u00ab ouf de soulagement \u00bb qui transformera biento\u0302t les souvenirs macabres de la digue en une nouvelle e\u0300re de mobilite\u0301 et de se\u0301curite\u0301.<\/p>\n<p>Pour Salam Oue\u0301draogo, cet investissement de plus de 38 millions de Francs CFA marque le renouvellement d\u2019un lien historique, Nazoanga e\u0301tant le premier village d\u2019intervention de l\u2019ONG.<\/p>\n<p>Au-dela\u0300 de ses axes classiques que sont la sante\u0301 et l\u2019e\u0301ducation, l\u2019organisation place ici sa responsabilite\u0301 sociale au c\u0153ur de l\u2019action pour re\u0301pondre a\u0300 l\u2019urgence se\u0301curitaire et e\u0301conomique des populations.<\/p>\n<p>En privile\u0301giant une approche participative, Res Publica s\u2019assure que cet ouvrage, pilier du marai\u0302chage local, soit de\u0301sormais entretenu et pre\u0301serve\u0301 durablement par ceux qui l\u2019utilisent.<\/p>\n<p>Depuis 2001, l\u2019ONG Res Publica est activement engage\u0301e dans les communes de Nanoro, Soaw et Pella, ou\u0300 elle multiplie les re\u0301alisations concre\u0300tes dans les domaines de l\u2019e\u0301ducation, de la sante\u0301 et de la se\u0301curite\u0301 alimentaire pour ame\u0301liorer durablement le quotidien des populations.<\/p>\n<p><iframe loading=\"lazy\" title=\"Nanoro : L\u2019ONG Res Publica lance la r\u00e9fection de la digue de Nazoanga\" width=\"696\" height=\"392\" src=\"https:\/\/www.youtube.com\/embed\/uj5c0d42l_g?feature=oembed\" frameborder=\"0\" allow=\"accelerometer; autoplay; clipboard-write; encrypted-media; gyroscope; picture-in-picture; web-share\" referrerpolicy=\"strict-origin-when-cross-origin\" allowfullscreen><\/iframe><\/p>\n\r\n                <style type=\"text\/css\">\r\n                    \r\n                    #td_uid_1_69f7275b71f01  .td-doubleSlider-2 .td-item1 {\r\n                        background: url(https:\/\/static.africa-press.net\/burkina\/sites\/42\/2026\/03\/sm_1773834834.515462-80x60.jpg) 0 0 no-repeat;\r\n                    }\r\n                    #td_uid_1_69f7275b71f01  .td-doubleSlider-2 .td-item2 {\r\n                        background: url(https:\/\/static.africa-press.net\/burkina\/sites\/42\/2026\/03\/sm_1773834845.506867-80x60.jpg) 0 0 no-repeat;\r\n                    }\r\n                    #td_uid_1_69f7275b71f01  .td-doubleSlider-2 .td-item3 {\r\n                        background: url(https:\/\/static.africa-press.net\/burkina\/sites\/42\/2026\/03\/sm_1773834858.97055-80x60.jpg) 0 0 no-repeat;\r\n                    }\r\n                    #td_uid_1_69f7275b71f01  .td-doubleSlider-2 .td-item4 {\r\n                        background: url(https:\/\/static.africa-press.net\/burkina\/sites\/42\/2026\/03\/sm_1773834865.691226-80x60.jpg) 0 0 no-repeat;\r\n                    }\r\n                <\/style>\r\n\r\n                <div id=\"td_uid_1_69f7275b71f01\" class=\"td-gallery td-slide-on-2-columns\">\r\n                    <div class=\"post_td_gallery\">\r\n                        <div class=\"td-gallery-slide-top\">\r\n                           <div class=\"td-gallery-title\"><\/div>\r\n\r\n                            <div class=\"td-gallery-controls-wrapper\">\r\n                                <div class=\"td-gallery-slide-count\"><span class=\"td-gallery-slide-item-focus\">1<\/span> de 4<\/div>\r\n                                <div class=\"td-gallery-slide-prev-next-but\">\r\n                                    <i class = \"td-icon-left doubleSliderPrevButton\"><\/i>\r\n                                    <i class = \"td-icon-right doubleSliderNextButton\"><\/i>\r\n                                <\/div>\r\n                            <\/div>\r\n                        <\/div>\r\n\r\n                        <div class = \"td-doubleSlider-1 \">\r\n                            <div class = \"td-slider\">\r\n                                \r\n                    <div class = \"td-slide-item td-item1\">\r\n                        <figure class=\"td-slide-galery-figure td-slide-popup-gallery\">\r\n                            <a class=\"slide-gallery-image-link\" href=\"https:\/\/static.africa-press.net\/burkina\/sites\/42\/2026\/03\/sm_1773834834.515462.jpg\" title=\"sm_1773834834.515462\"  data-caption=\"\"  data-description=\"\">\r\n                                <img decoding=\"async\" src=\"https:\/\/static.africa-press.net\/burkina\/sites\/42\/2026\/03\/sm_1773834834.515462.jpg\" srcset=\"https:\/\/static.africa-press.net\/burkina\/sites\/42\/2026\/03\/sm_1773834834.515462.jpg 2048w, https:\/\/static.africa-press.net\/burkina\/sites\/42\/2026\/03\/sm_1773834834.515462-300x169.jpg 300w, https:\/\/static.africa-press.net\/burkina\/sites\/42\/2026\/03\/sm_1773834834.515462-1024x577.jpg 1024w, https:\/\/static.africa-press.net\/burkina\/sites\/42\/2026\/03\/sm_1773834834.515462-768x432.jpg 768w, https:\/\/static.africa-press.net\/burkina\/sites\/42\/2026\/03\/sm_1773834834.515462-1536x865.jpg 1536w\" sizes=\"(max-width: 2048px) 100vw, 2048px\" alt=\"\">\r\n                            <\/a>\r\n                            \r\n                        <\/figure>\r\n                    <\/div>\r\n                    <div class = \"td-slide-item td-item2\">\r\n                        <figure class=\"td-slide-galery-figure td-slide-popup-gallery\">\r\n                            <a class=\"slide-gallery-image-link\" href=\"https:\/\/static.africa-press.net\/burkina\/sites\/42\/2026\/03\/sm_1773834845.506867.jpg\" title=\"sm_1773834845.506867\"  data-caption=\"\"  data-description=\"\">\r\n                                <img decoding=\"async\" src=\"https:\/\/static.africa-press.net\/burkina\/sites\/42\/2026\/03\/sm_1773834845.506867.jpg\" srcset=\"https:\/\/static.africa-press.net\/burkina\/sites\/42\/2026\/03\/sm_1773834845.506867.jpg 2048w, https:\/\/static.africa-press.net\/burkina\/sites\/42\/2026\/03\/sm_1773834845.506867-300x200.jpg 300w, https:\/\/static.africa-press.net\/burkina\/sites\/42\/2026\/03\/sm_1773834845.506867-1024x683.jpg 1024w, https:\/\/static.africa-press.net\/burkina\/sites\/42\/2026\/03\/sm_1773834845.506867-768x512.jpg 768w, https:\/\/static.africa-press.net\/burkina\/sites\/42\/2026\/03\/sm_1773834845.506867-1536x1024.jpg 1536w\" sizes=\"(max-width: 2048px) 100vw, 2048px\" alt=\"\">\r\n                            <\/a>\r\n                            \r\n                        <\/figure>\r\n                    <\/div>\r\n                    <div class = \"td-slide-item td-item3\">\r\n                        <figure class=\"td-slide-galery-figure td-slide-popup-gallery\">\r\n                            <a class=\"slide-gallery-image-link\" href=\"https:\/\/static.africa-press.net\/burkina\/sites\/42\/2026\/03\/sm_1773834858.97055.jpg\" title=\"sm_1773834858.97055\"  data-caption=\"\"  data-description=\"\">\r\n                                <img decoding=\"async\" src=\"https:\/\/static.africa-press.net\/burkina\/sites\/42\/2026\/03\/sm_1773834858.97055.jpg\" srcset=\"https:\/\/static.africa-press.net\/burkina\/sites\/42\/2026\/03\/sm_1773834858.97055.jpg 1280w, https:\/\/static.africa-press.net\/burkina\/sites\/42\/2026\/03\/sm_1773834858.97055-300x225.jpg 300w, https:\/\/static.africa-press.net\/burkina\/sites\/42\/2026\/03\/sm_1773834858.97055-1024x768.jpg 1024w, https:\/\/static.africa-press.net\/burkina\/sites\/42\/2026\/03\/sm_1773834858.97055-768x576.jpg 768w, https:\/\/static.africa-press.net\/burkina\/sites\/42\/2026\/03\/sm_1773834858.97055-80x60.jpg 80w\" sizes=\"(max-width: 1280px) 100vw, 1280px\" alt=\"\">\r\n                            <\/a>\r\n                            \r\n                        <\/figure>\r\n                    <\/div>\r\n                    <div class = \"td-slide-item td-item4\">\r\n                        <figure class=\"td-slide-galery-figure td-slide-popup-gallery\">\r\n                            <a class=\"slide-gallery-image-link\" href=\"https:\/\/static.africa-press.net\/burkina\/sites\/42\/2026\/03\/sm_1773834865.691226-scaled.jpg\" title=\"sm_1773834865.691226\"  data-caption=\"\"  data-description=\"\">\r\n                                <img decoding=\"async\" src=\"https:\/\/static.africa-press.net\/burkina\/sites\/42\/2026\/03\/sm_1773834865.691226-scaled.jpg\" srcset=\"https:\/\/static.africa-press.net\/burkina\/sites\/42\/2026\/03\/sm_1773834865.691226-scaled.jpg 2560w, https:\/\/static.africa-press.net\/burkina\/sites\/42\/2026\/03\/sm_1773834865.691226-300x169.jpg 300w, https:\/\/static.africa-press.net\/burkina\/sites\/42\/2026\/03\/sm_1773834865.691226-1024x577.jpg 1024w, https:\/\/static.africa-press.net\/burkina\/sites\/42\/2026\/03\/sm_1773834865.691226-768x432.jpg 768w, https:\/\/static.africa-press.net\/burkina\/sites\/42\/2026\/03\/sm_1773834865.691226-1536x865.jpg 1536w, https:\/\/static.africa-press.net\/burkina\/sites\/42\/2026\/03\/sm_1773834865.691226-2048x1153.jpg 2048w\" sizes=\"(max-width: 2560px) 100vw, 2560px\" alt=\"\">\r\n                            <\/a>\r\n                            \r\n                        <\/figure>\r\n                    <\/div>\r\n                            <\/div>\r\n                        <\/div>\r\n\r\n                        <div class = \"td-doubleSlider-2\">\r\n                            <div class = \"td-slider\">\r\n                                \r\n                    <div class = \"td-button td-item1\">\r\n                        <div class = \"td-border\"><\/div>\r\n                    <\/div>\r\n                    <div class = \"td-button td-item2\">\r\n                        <div class = \"td-border\"><\/div>\r\n                    <\/div>\r\n                    <div class = \"td-button td-item3\">\r\n                        <div class = \"td-border\"><\/div>\r\n                    <\/div>\r\n                    <div class = \"td-button td-item4\">\r\n                        <div class = \"td-border\"><\/div>\r\n                    <\/div>\r\n                            <\/div>\r\n                        <\/div>\r\n\r\n                    <\/div>\r\n\r\n                <\/div>\r\n                \n<p><strong>Pour plus d&rsquo;informations et d&rsquo;analyses sur la <span style=\"color: #ff6600\">Burkina Faso<\/span>, suivez <span style=\"color: #ff6600\">Africa-Press<\/span><\/strong><\/p>\n","protected":false},"excerpt":{"rendered":"<p>Africa-Press &#8211; Burkina Faso. L\u2019ONG Res Publica a lance\u0301, le lundi 16 mars 2026, les travaux de re\u0301fection de la digue du barrage de Nazoanga, dans la commune de Nanoro, un ouvrage dont la de\u0301gradation a cou\u0302te\u0301 la vie a\u0300 huit personnes ces dernie\u0300res anne\u0301es. Finance\u0301 a\u0300 plus de 38 millions de Francs CFA pour [&hellip;]<\/p>\n","protected":false},"author":82,"featured_media":127584,"comment_status":"open","ping_status":"closed","sticky":false,"template":"","format":"standard","meta":{"footnotes":""},"categories":[3,8,10,9],"tags":[29],"class_list":["post-127585","post","type-post","status-publish","format-standard","has-post-thumbnail","hentry","category-economie","category-photo","category-toutes-les-actualites","category-video","tag-burkina-faso"],"yoast_head":"<!-- This site is optimized with the Yoast SEO Premium plugin v26.1 (Yoast SEO v27.0) - https:\/\/yoast.com\/product\/yoast-seo-premium-wordpress\/ -->\n<title>R\u00e9paration de la digue de Nazoanga \u00e0 Nanoro - Burkina Faso<\/title>\n<meta name=\"description\" content=\"L\u2019ONG Res Publica a lance\u0301, le lundi 16 mars 2026, les travaux de re\u0301fection de la digue du barrage de Nazoanga, dans ...\" \/>\n<meta name=\"robots\" content=\"index, follow, max-snippet:-1, max-image-preview:large, max-video-preview:-1\" \/>\n<link rel=\"canonical\" href=\"https:\/\/www.africa-press.net\/burkina-faso\/economie\/reparation-de-la-digue-de-nazoanga-a-nanoro\" \/>\n<meta property=\"og:locale\" content=\"fr_FR\" \/>\n<meta property=\"og:type\" content=\"article\" \/>\n<meta property=\"og:title\" content=\"R\u00e9paration de la digue de Nazoanga \u00e0 Nanoro\" \/>\n<meta property=\"og:description\" content=\"L\u2019ONG Res Publica a lance\u0301, le lundi 16 mars 2026, les travaux de re\u0301fection de la digue du barrage de Nazoanga, dans ...\" \/>\n<meta property=\"og:url\" content=\"https:\/\/www.africa-press.net\/burkina-faso\/economie\/reparation-de-la-digue-de-nazoanga-a-nanoro\" \/>\n<meta property=\"og:site_name\" content=\"Burkina Faso\" \/>\n<meta property=\"article:published_time\" content=\"2026-03-18T15:11:46+00:00\" \/>\n<meta property=\"article:modified_time\" content=\"2026-03-18T15:25:04+00:00\" \/>\n<meta property=\"og:image\" content=\"https:\/\/static.africa-press.net\/burkina\/sites\/42\/2026\/03\/sm_1773834884.261718.jpg\" \/>\n\t<meta property=\"og:image:width\" content=\"1024\" \/>\n\t<meta property=\"og:image:height\" content=\"683\" \/>\n\t<meta property=\"og:image:type\" content=\"image\/jpeg\" \/>\n<meta name=\"author\" content=\"cfeditorfr\" \/>\n<meta name=\"twitter:card\" content=\"summary_large_image\" \/>\n<meta name=\"twitter:label1\" content=\"\u00c9crit par\" \/>\n\t<meta name=\"twitter:data1\" content=\"cfeditorfr\" \/>\n\t<meta name=\"twitter:label2\" content=\"Dur\u00e9e de lecture estim\u00e9e\" \/>\n\t<meta name=\"twitter:data2\" content=\"4 minutes\" \/>\n<script type=\"application\/ld+json\" class=\"yoast-schema-graph\">{\"@context\":\"https:\/\/schema.org\",\"@graph\":[{\"@type\":\"Article\",\"@id\":\"https:\/\/www.africa-press.net\/burkina-faso\/economie\/reparation-de-la-digue-de-nazoanga-a-nanoro#article\",\"isPartOf\":{\"@id\":\"https:\/\/www.africa-press.net\/burkina-faso\/economie\/reparation-de-la-digue-de-nazoanga-a-nanoro\"},\"author\":{\"name\":\"cfeditorfr\",\"@id\":\"https:\/\/www.africa-press.net\/burkina-faso\/#\/schema\/person\/2b1cf3cd81a31e3cd26889ca66d677f1\"},\"headline\":\"R\u00e9paration de la digue de Nazoanga \u00e0 Nanoro\",\"datePublished\":\"2026-03-18T15:11:46+00:00\",\"dateModified\":\"2026-03-18T15:25:04+00:00\",\"mainEntityOfPage\":{\"@id\":\"https:\/\/www.africa-press.net\/burkina-faso\/economie\/reparation-de-la-digue-de-nazoanga-a-nanoro\"},\"wordCount\":771,\"commentCount\":0,\"image\":{\"@id\":\"https:\/\/www.africa-press.net\/burkina-faso\/economie\/reparation-de-la-digue-de-nazoanga-a-nanoro#primaryimage\"},\"thumbnailUrl\":\"https:\/\/static.africa-press.net\/burkina\/sites\/42\/2026\/03\/sm_1773834884.261718.jpg\",\"keywords\":[\"Burkina Faso\"],\"articleSection\":[\"\u00c9conomie\",\"Photo\",\"Toutes les actualit\u00e9s\",\"vid\u00e9o\"],\"inLanguage\":\"fr-FR\",\"potentialAction\":[{\"@type\":\"CommentAction\",\"name\":\"Comment\",\"target\":[\"https:\/\/www.africa-press.net\/burkina-faso\/economie\/reparation-de-la-digue-de-nazoanga-a-nanoro#respond\"]}]},{\"@type\":\"WebPage\",\"@id\":\"https:\/\/www.africa-press.net\/burkina-faso\/economie\/reparation-de-la-digue-de-nazoanga-a-nanoro\",\"url\":\"https:\/\/www.africa-press.net\/burkina-faso\/economie\/reparation-de-la-digue-de-nazoanga-a-nanoro\",\"name\":\"R\u00e9paration de la digue de Nazoanga \u00e0 Nanoro - Burkina Faso\",\"isPartOf\":{\"@id\":\"https:\/\/www.africa-press.net\/burkina-faso\/#website\"},\"primaryImageOfPage\":{\"@id\":\"https:\/\/www.africa-press.net\/burkina-faso\/economie\/reparation-de-la-digue-de-nazoanga-a-nanoro#primaryimage\"},\"image\":{\"@id\":\"https:\/\/www.africa-press.net\/burkina-faso\/economie\/reparation-de-la-digue-de-nazoanga-a-nanoro#primaryimage\"},\"thumbnailUrl\":\"https:\/\/static.africa-press.net\/burkina\/sites\/42\/2026\/03\/sm_1773834884.261718.jpg\",\"datePublished\":\"2026-03-18T15:11:46+00:00\",\"dateModified\":\"2026-03-18T15:25:04+00:00\",\"author\":{\"@id\":\"https:\/\/www.africa-press.net\/burkina-faso\/#\/schema\/person\/2b1cf3cd81a31e3cd26889ca66d677f1\"},\"description\":\"L\u2019ONG Res Publica a lance\u0301, le lundi 16 mars 2026, les travaux de re\u0301fection de la digue du barrage de Nazoanga, dans ...\",\"breadcrumb\":{\"@id\":\"https:\/\/www.africa-press.net\/burkina-faso\/economie\/reparation-de-la-digue-de-nazoanga-a-nanoro#breadcrumb\"},\"inLanguage\":\"fr-FR\",\"potentialAction\":[{\"@type\":\"ReadAction\",\"target\":[\"https:\/\/www.africa-press.net\/burkina-faso\/economie\/reparation-de-la-digue-de-nazoanga-a-nanoro\"]}]},{\"@type\":\"ImageObject\",\"inLanguage\":\"fr-FR\",\"@id\":\"https:\/\/www.africa-press.net\/burkina-faso\/economie\/reparation-de-la-digue-de-nazoanga-a-nanoro#primaryimage\",\"url\":\"https:\/\/static.africa-press.net\/burkina\/sites\/42\/2026\/03\/sm_1773834884.261718.jpg\",\"contentUrl\":\"https:\/\/static.africa-press.net\/burkina\/sites\/42\/2026\/03\/sm_1773834884.261718.jpg\",\"width\":1024,\"height\":683,\"caption\":\"R\u00e9paration de la digue de Nazoanga \u00e0 Nanoro\"},{\"@type\":\"BreadcrumbList\",\"@id\":\"https:\/\/www.africa-press.net\/burkina-faso\/economie\/reparation-de-la-digue-de-nazoanga-a-nanoro#breadcrumb\",\"itemListElement\":[{\"@type\":\"ListItem\",\"position\":1,\"name\":\"Accueil\",\"item\":\"https:\/\/www.africa-press.net\/burkina-faso\/\"},{\"@type\":\"ListItem\",\"position\":2,\"name\":\"R\u00e9paration de la digue de Nazoanga \u00e0 Nanoro\"}]},{\"@type\":\"WebSite\",\"@id\":\"https:\/\/www.africa-press.net\/burkina-faso\/#website\",\"url\":\"https:\/\/www.africa-press.net\/burkina-faso\/\",\"name\":\"Burkina Faso\",\"description\":\"Just another Africa News Agency Sites site\",\"potentialAction\":[{\"@type\":\"SearchAction\",\"target\":{\"@type\":\"EntryPoint\",\"urlTemplate\":\"https:\/\/www.africa-press.net\/burkina-faso\/?s={search_term_string}\"},\"query-input\":{\"@type\":\"PropertyValueSpecification\",\"valueRequired\":true,\"valueName\":\"search_term_string\"}}],\"inLanguage\":\"fr-FR\"},{\"@type\":\"Person\",\"@id\":\"https:\/\/www.africa-press.net\/burkina-faso\/#\/schema\/person\/2b1cf3cd81a31e3cd26889ca66d677f1\",\"name\":\"cfeditorfr\"}]}<\/script>\n<!-- \/ Yoast SEO Premium plugin. -->","yoast_head_json":{"title":"R\u00e9paration de la digue de Nazoanga \u00e0 Nanoro - Burkina Faso","description":"L\u2019ONG Res Publica a lance\u0301, le lundi 16 mars 2026, les travaux de re\u0301fection de la digue du barrage de Nazoanga, dans ...","robots":{"index":"index","follow":"follow","max-snippet":"max-snippet:-1","max-image-preview":"max-image-preview:large","max-video-preview":"max-video-preview:-1"},"canonical":"https:\/\/www.africa-press.net\/burkina-faso\/economie\/reparation-de-la-digue-de-nazoanga-a-nanoro","og_locale":"fr_FR","og_type":"article","og_title":"R\u00e9paration de la digue de Nazoanga \u00e0 Nanoro","og_description":"L\u2019ONG Res Publica a lance\u0301, le lundi 16 mars 2026, les travaux de re\u0301fection de la digue du barrage de Nazoanga, dans ...","og_url":"https:\/\/www.africa-press.net\/burkina-faso\/economie\/reparation-de-la-digue-de-nazoanga-a-nanoro","og_site_name":"Burkina Faso","article_published_time":"2026-03-18T15:11:46+00:00","article_modified_time":"2026-03-18T15:25:04+00:00","og_image":[{"width":1024,"height":683,"url":"https:\/\/static.africa-press.net\/burkina\/sites\/42\/2026\/03\/sm_1773834884.261718.jpg","type":"image\/jpeg"}],"author":"cfeditorfr","twitter_card":"summary_large_image","twitter_misc":{"\u00c9crit par":"cfeditorfr","Dur\u00e9e de lecture estim\u00e9e":"4 minutes"},"schema":{"@context":"https:\/\/schema.org","@graph":[{"@type":"Article","@id":"https:\/\/www.africa-press.net\/burkina-faso\/economie\/reparation-de-la-digue-de-nazoanga-a-nanoro#article","isPartOf":{"@id":"https:\/\/www.africa-press.net\/burkina-faso\/economie\/reparation-de-la-digue-de-nazoanga-a-nanoro"},"author":{"name":"cfeditorfr","@id":"https:\/\/www.africa-press.net\/burkina-faso\/#\/schema\/person\/2b1cf3cd81a31e3cd26889ca66d677f1"},"headline":"R\u00e9paration de la digue de Nazoanga \u00e0 Nanoro","datePublished":"2026-03-18T15:11:46+00:00","dateModified":"2026-03-18T15:25:04+00:00","mainEntityOfPage":{"@id":"https:\/\/www.africa-press.net\/burkina-faso\/economie\/reparation-de-la-digue-de-nazoanga-a-nanoro"},"wordCount":771,"commentCount":0,"image":{"@id":"https:\/\/www.africa-press.net\/burkina-faso\/economie\/reparation-de-la-digue-de-nazoanga-a-nanoro#primaryimage"},"thumbnailUrl":"https:\/\/static.africa-press.net\/burkina\/sites\/42\/2026\/03\/sm_1773834884.261718.jpg","keywords":["Burkina Faso"],"articleSection":["\u00c9conomie","Photo","Toutes les actualit\u00e9s","vid\u00e9o"],"inLanguage":"fr-FR","potentialAction":[{"@type":"CommentAction","name":"Comment","target":["https:\/\/www.africa-press.net\/burkina-faso\/economie\/reparation-de-la-digue-de-nazoanga-a-nanoro#respond"]}]},{"@type":"WebPage","@id":"https:\/\/www.africa-press.net\/burkina-faso\/economie\/reparation-de-la-digue-de-nazoanga-a-nanoro","url":"https:\/\/www.africa-press.net\/burkina-faso\/economie\/reparation-de-la-digue-de-nazoanga-a-nanoro","name":"R\u00e9paration de la digue de Nazoanga \u00e0 Nanoro - Burkina Faso","isPartOf":{"@id":"https:\/\/www.africa-press.net\/burkina-faso\/#website"},"primaryImageOfPage":{"@id":"https:\/\/www.africa-press.net\/burkina-faso\/economie\/reparation-de-la-digue-de-nazoanga-a-nanoro#primaryimage"},"image":{"@id":"https:\/\/www.africa-press.net\/burkina-faso\/economie\/reparation-de-la-digue-de-nazoanga-a-nanoro#primaryimage"},"thumbnailUrl":"https:\/\/static.africa-press.net\/burkina\/sites\/42\/2026\/03\/sm_1773834884.261718.jpg","datePublished":"2026-03-18T15:11:46+00:00","dateModified":"2026-03-18T15:25:04+00:00","author":{"@id":"https:\/\/www.africa-press.net\/burkina-faso\/#\/schema\/person\/2b1cf3cd81a31e3cd26889ca66d677f1"},"description":"L\u2019ONG Res Publica a lance\u0301, le lundi 16 mars 2026, les travaux de re\u0301fection de la digue du barrage de Nazoanga, dans ...","breadcrumb":{"@id":"https:\/\/www.africa-press.net\/burkina-faso\/economie\/reparation-de-la-digue-de-nazoanga-a-nanoro#breadcrumb"},"inLanguage":"fr-FR","potentialAction":[{"@type":"ReadAction","target":["https:\/\/www.africa-press.net\/burkina-faso\/economie\/reparation-de-la-digue-de-nazoanga-a-nanoro"]}]},{"@type":"ImageObject","inLanguage":"fr-FR","@id":"https:\/\/www.africa-press.net\/burkina-faso\/economie\/reparation-de-la-digue-de-nazoanga-a-nanoro#primaryimage","url":"https:\/\/static.africa-press.net\/burkina\/sites\/42\/2026\/03\/sm_1773834884.261718.jpg","contentUrl":"https:\/\/static.africa-press.net\/burkina\/sites\/42\/2026\/03\/sm_1773834884.261718.jpg","width":1024,"height":683,"caption":"R\u00e9paration de la digue de Nazoanga \u00e0 Nanoro"},{"@type":"BreadcrumbList","@id":"https:\/\/www.africa-press.net\/burkina-faso\/economie\/reparation-de-la-digue-de-nazoanga-a-nanoro#breadcrumb","itemListElement":[{"@type":"ListItem","position":1,"name":"Accueil","item":"https:\/\/www.africa-press.net\/burkina-faso\/"},{"@type":"ListItem","position":2,"name":"R\u00e9paration de la digue de Nazoanga \u00e0 Nanoro"}]},{"@type":"WebSite","@id":"https:\/\/www.africa-press.net\/burkina-faso\/#website","url":"https:\/\/www.africa-press.net\/burkina-faso\/","name":"Burkina Faso","description":"Just another Africa News Agency Sites site","potentialAction":[{"@type":"SearchAction","target":{"@type":"EntryPoint","urlTemplate":"https:\/\/www.africa-press.net\/burkina-faso\/?s={search_term_string}"},"query-input":{"@type":"PropertyValueSpecification","valueRequired":true,"valueName":"search_term_string"}}],"inLanguage":"fr-FR"},{"@type":"Person","@id":"https:\/\/www.africa-press.net\/burkina-faso\/#\/schema\/person\/2b1cf3cd81a31e3cd26889ca66d677f1","name":"cfeditorfr"}]}},"_links":{"self":[{"href":"https:\/\/www.africa-press.net\/burkina-faso\/wp-json\/wp\/v2\/posts\/127585","targetHints":{"allow":["GET"]}}],"collection":[{"href":"https:\/\/www.africa-press.net\/burkina-faso\/wp-json\/wp\/v2\/posts"}],"about":[{"href":"https:\/\/www.africa-press.net\/burkina-faso\/wp-json\/wp\/v2\/types\/post"}],"author":[{"embeddable":true,"href":"https:\/\/www.africa-press.net\/burkina-faso\/wp-json\/wp\/v2\/users\/82"}],"replies":[{"embeddable":true,"href":"https:\/\/www.africa-press.net\/burkina-faso\/wp-json\/wp\/v2\/comments?post=127585"}],"version-history":[{"count":0,"href":"https:\/\/www.africa-press.net\/burkina-faso\/wp-json\/wp\/v2\/posts\/127585\/revisions"}],"wp:featuredmedia":[{"embeddable":true,"href":"https:\/\/www.africa-press.net\/burkina-faso\/wp-json\/wp\/v2\/media\/127584"}],"wp:attachment":[{"href":"https:\/\/www.africa-press.net\/burkina-faso\/wp-json\/wp\/v2\/media?parent=127585"}],"wp:term":[{"taxonomy":"category","embeddable":true,"href":"https:\/\/www.africa-press.net\/burkina-faso\/wp-json\/wp\/v2\/categories?post=127585"},{"taxonomy":"post_tag","embeddable":true,"href":"https:\/\/www.africa-press.net\/burkina-faso\/wp-json\/wp\/v2\/tags?post=127585"}],"curies":[{"name":"wp","href":"https:\/\/api.w.org\/{rel}","templated":true}]}}