{"id":128878,"date":"2026-04-23T12:51:19","date_gmt":"2026-04-23T12:51:19","guid":{"rendered":"https:\/\/www.africa-press.net\/burkina-faso\/politique\/traore-humanise-le-centre-penitentiaire-de-baporo"},"modified":"2026-04-23T13:19:48","modified_gmt":"2026-04-23T13:19:48","slug":"traore-humanise-le-centre-penitentiaire-de-baporo","status":"publish","type":"post","link":"https:\/\/www.africa-press.net\/burkina-faso\/toutes-les-actualites\/traore-humanise-le-centre-penitentiaire-de-baporo","title":{"rendered":"Traor\u00e9 Humanise le Centre P\u00e9nitentiaire de Baporo"},"content":{"rendered":"<p><span style=\"color: #ff6600\"><strong>Africa-Press &#8211; Burkina Faso. <\/strong><\/span><b>Dans l\u2019histoire contemporaine du Burkina Faso, c\u2019est une premie\u0300re. En Afrique et dans le reste du monde, c\u2019est un acte extre\u0302mement rare, selon l\u2019administration pe\u0301nitentiaire. Un Chef d\u2019Etat en exercice, visiter une prison. Le Capitaine Ibrahim TRAORE\u0301 l\u2019a fait ce 22 avril 2026. En route pour Bobo-Dioulasso dans le cadre de la 22e e\u0301dition de la Semaine nationale de la culture (SNC), le Pre\u0301sident du Faso, Chef de l\u2019E\u0301tat, Son Excellence le Capitaine Ibrahim TRAORE\u0301 a fait une escale au Centre pe\u0301nitentiaire agricole de Baporo (CPAB) dans la province du Sanguie\u0301, re\u0301gion du Nando.<\/b><\/p>\n<p>C\u2019est une prison en milieu ouvert dans laquelle les de\u0301tenus pratiquent des activite\u0301s de production agricole et pastorale. A\u0300 l\u2019entame de la visite, un champ de mai\u0308s de 40 hectares exploite\u0301 par les de\u0301tenus en pleine saison se\u0300che, est pre\u0301sente\u0301 au Chef de l\u2019E\u0301tat qui saisit l\u2019occasion pour de\u0301cliner sa vision pour le syste\u0300me carce\u0301ral.<\/p>\n<p>\u00ab La prison doit e\u0302tre humaine. Nous sommes une socie\u0301te\u0301, nous ne sommes pas des barbares, nous ne sommes pas violents. Nous sommes une socie\u0301te\u0301 africaine et en Afrique, le respect de l\u2019Homme est une chose qui nous est intimement lie\u0301e. Donc peu importe la situation dans laquelle se trouve un Homme, il faut qu\u2019il ait un minimum de respect \u00bb, souligne le Chef de l\u2019E\u0301tat.<\/p>\n<p>Selon le Pre\u0301sident du Faso, l\u2019introduction des peines de Travaux d\u2019inte\u0301re\u0302t ge\u0301ne\u0301ral (TIG) re\u0301pond a\u0300 la vision de permettre aux de\u0301tenus de travailler pour la Nation, se former et apprendre un me\u0301tier. \u00ab Nous ne souhaitons pas que nos prisons soient a\u0300 l\u2019image de celles des impe\u0301rialistes. Nous avons de\u0301cide\u0301 d\u2019humaniser nos prisons (&#8230;) et nous allons re\u0301duire le nombre de nos prisons et les concentrer dans les zones de production comme celle-ci \u00bb, indique le Capitaine Ibrahim TRAORE\u0301.<\/p>\n<p>Le Chef de l\u2019E\u0301tat a invite\u0301 les pensionnaires a\u0300 garder le moral et a\u0300 apprendre. \u00ab Le ministe\u0300re en charge de la Justice va vous accompagner pour que vous soyez des citoyens mode\u0300les de demain \u00bb, rassure le Chef de l\u2019E\u0301tat.<\/p>\n<p>A\u0300 Baporo, l\u2019humanisation des prisons selon la vision du Chef de l\u2019E\u0301tat prend de\u0301ja\u0300 forme avec la construction d\u2019un immeuble R+1. Selon le Ministre de la Justice Rodrigue Edasso BAYALA, le ba\u0302timent d\u2019un cou\u0302t d\u2019environ 500 millions FCFA, re\u0301unit toutes les commodite\u0301s pour pre\u0301server la dignite\u0301 humaine en de\u0301tention. D\u2019une capacite\u0301 de 500 places, cette infrastructure vient augmenter les capacite\u0301s d\u2019accueil de ce Centre et ame\u0301liorer significativement les conditions de de\u0301tention pour un meilleur rendement des de\u0301tenus.<\/p>\n<p>\u00ab Nous disons merci au Camarade Pre\u0301sident du Faso pour tous ses bienfaits pour notre pays. Nous le remercions e\u0301galement pour l\u2019adoption de la loi sur les TIG qui nous permet de travailler, d\u2019e\u0302tre en bonne sante\u0301 et qui re\u0301duit nos peines. C\u2019est une grande faveur pour nous les pensionnaires \u00bb, reconnait le repre\u0301sentant des de\u0301tenus du CPAB.<\/p>\n<p>Centre pe\u0301nitentiaire a\u0300 vocation agricole, le CPAB a re\u0301alise\u0301 une production de 240 tonnes en 2025 et pour l\u2019anne\u0301e 2026, le centre ambitionne d\u2019emblaver plus de 300 hectares pour une production attendue de 782, 5 tonnes.<\/p>\n<p>Cet arre\u0302t sera inscrit en lettres d\u2019or dans la me\u0301moire des de\u0301tenus et du personnel de ce centre de de\u0301tention a\u0300 ciel ouvert, cre\u0301e\u0301 en 1986 sous le magiste\u0300re du Capitaine Thomas SANKARA.<\/p>\n\r\n                <style type=\"text\/css\">\r\n                    \r\n                    #td_uid_1_69ec7c9ecae4e  .td-doubleSlider-2 .td-item1 {\r\n                        background: url(https:\/\/static.africa-press.net\/burkina\/sites\/42\/2026\/04\/sm_1776937751.665159-80x60.jpg) 0 0 no-repeat;\r\n                    }\r\n                <\/style>\r\n\r\n                <div id=\"td_uid_1_69ec7c9ecae4e\" class=\"td-gallery td-slide-on-2-columns\">\r\n                    <div class=\"post_td_gallery\">\r\n                        <div class=\"td-gallery-slide-top\">\r\n                           <div class=\"td-gallery-title\"><\/div>\r\n\r\n                            <div class=\"td-gallery-controls-wrapper\">\r\n                                <div class=\"td-gallery-slide-count\"><span class=\"td-gallery-slide-item-focus\">1<\/span> de 1<\/div>\r\n                                <div class=\"td-gallery-slide-prev-next-but\">\r\n                                    <i class = \"td-icon-left doubleSliderPrevButton\"><\/i>\r\n                                    <i class = \"td-icon-right doubleSliderNextButton\"><\/i>\r\n                                <\/div>\r\n                            <\/div>\r\n                        <\/div>\r\n\r\n                        <div class = \"td-doubleSlider-1 \">\r\n                            <div class = \"td-slider\">\r\n                                \r\n                    <div class = \"td-slide-item td-item1\">\r\n                        <figure class=\"td-slide-galery-figure td-slide-popup-gallery\">\r\n                            <a class=\"slide-gallery-image-link\" href=\"https:\/\/static.africa-press.net\/burkina\/sites\/42\/2026\/04\/sm_1776937751.665159.jpg\" title=\"sm_1776937751.665159\"  data-caption=\"\"  data-description=\"\">\r\n                                <img decoding=\"async\" src=\"https:\/\/static.africa-press.net\/burkina\/sites\/42\/2026\/04\/sm_1776937751.665159.jpg\" srcset=\"https:\/\/static.africa-press.net\/burkina\/sites\/42\/2026\/04\/sm_1776937751.665159.jpg 2048w, https:\/\/static.africa-press.net\/burkina\/sites\/42\/2026\/04\/sm_1776937751.665159-300x184.jpg 300w, https:\/\/static.africa-press.net\/burkina\/sites\/42\/2026\/04\/sm_1776937751.665159-1024x627.jpg 1024w, https:\/\/static.africa-press.net\/burkina\/sites\/42\/2026\/04\/sm_1776937751.665159-768x470.jpg 768w, https:\/\/static.africa-press.net\/burkina\/sites\/42\/2026\/04\/sm_1776937751.665159-1536x941.jpg 1536w\" sizes=\"(max-width: 2048px) 100vw, 2048px\" alt=\"\">\r\n                            <\/a>\r\n                            \r\n                        <\/figure>\r\n                    <\/div>\r\n                            <\/div>\r\n                        <\/div>\r\n\r\n                        <div class = \"td-doubleSlider-2\">\r\n                            <div class = \"td-slider\">\r\n                                \r\n                    <div class = \"td-button td-item1\">\r\n                        <div class = \"td-border\"><\/div>\r\n                    <\/div>\r\n                            <\/div>\r\n                        <\/div>\r\n\r\n                    <\/div>\r\n\r\n                <\/div>\r\n                \n<p><strong>Pour plus d&rsquo;informations et d&rsquo;analyses sur la <span style=\"color: #ff6600\">Burkina Faso<\/span>, suivez <span style=\"color: #ff6600\">Africa-Press<\/span><\/strong><\/p>\n","protected":false},"excerpt":{"rendered":"<p>Africa-Press &#8211; Burkina Faso. Dans l\u2019histoire contemporaine du Burkina Faso, c\u2019est une premie\u0300re. En Afrique et dans le reste du monde, c\u2019est un acte extre\u0302mement rare, selon l\u2019administration pe\u0301nitentiaire. Un Chef d\u2019Etat en exercice, visiter une prison. Le Capitaine Ibrahim TRAORE\u0301 l\u2019a fait ce 22 avril 2026. En route pour Bobo-Dioulasso dans le cadre de [&hellip;]<\/p>\n","protected":false},"author":82,"featured_media":128877,"comment_status":"open","ping_status":"closed","sticky":false,"template":"","format":"standard","meta":{"footnotes":""},"categories":[21,10],"tags":[29],"class_list":["post-128878","post","type-post","status-publish","format-standard","has-post-thumbnail","hentry","category-communaute","category-toutes-les-actualites","tag-burkina-faso"],"yoast_head":"<!-- This site is optimized with the Yoast SEO Premium plugin v26.1 (Yoast SEO v27.0) - https:\/\/yoast.com\/product\/yoast-seo-premium-wordpress\/ -->\n<title>Traor\u00e9 Humanise le Centre P\u00e9nitentiaire de Baporo - Burkina Faso<\/title>\n<meta name=\"description\" content=\"Dans l\u2019histoire contemporaine du Burkina Faso, c\u2019est une premie\u0300re. En Afrique et dans le reste du monde, c\u2019est un ac ...\" \/>\n<meta name=\"robots\" content=\"index, follow, max-snippet:-1, max-image-preview:large, max-video-preview:-1\" \/>\n<link rel=\"canonical\" href=\"https:\/\/www.africa-press.net\/burkina-faso\/toutes-les-actualites\/traore-humanise-le-centre-penitentiaire-de-baporo\" \/>\n<meta property=\"og:locale\" content=\"fr_FR\" \/>\n<meta property=\"og:type\" content=\"article\" \/>\n<meta property=\"og:title\" content=\"Traor\u00e9 Humanise le Centre P\u00e9nitentiaire de Baporo\" \/>\n<meta property=\"og:description\" content=\"Dans l\u2019histoire contemporaine du Burkina Faso, c\u2019est une premie\u0300re. En Afrique et dans le reste du monde, c\u2019est un ac ...\" \/>\n<meta property=\"og:url\" content=\"https:\/\/www.africa-press.net\/burkina-faso\/toutes-les-actualites\/traore-humanise-le-centre-penitentiaire-de-baporo\" \/>\n<meta property=\"og:site_name\" content=\"Burkina Faso\" \/>\n<meta property=\"article:published_time\" content=\"2026-04-23T12:51:19+00:00\" \/>\n<meta property=\"article:modified_time\" content=\"2026-04-23T13:19:48+00:00\" \/>\n<meta property=\"og:image\" content=\"https:\/\/static.africa-press.net\/burkina\/sites\/42\/2026\/04\/sm_1776937763.497037.jpg\" \/>\n\t<meta property=\"og:image:width\" content=\"1280\" \/>\n\t<meta property=\"og:image:height\" content=\"720\" \/>\n\t<meta property=\"og:image:type\" content=\"image\/jpeg\" \/>\n<meta name=\"author\" content=\"cfeditorfr\" \/>\n<meta name=\"twitter:card\" content=\"summary_large_image\" \/>\n<meta name=\"twitter:label1\" content=\"\u00c9crit par\" \/>\n\t<meta name=\"twitter:data1\" content=\"cfeditorfr\" \/>\n\t<meta name=\"twitter:label2\" content=\"Dur\u00e9e de lecture estim\u00e9e\" \/>\n\t<meta name=\"twitter:data2\" content=\"4 minutes\" \/>\n<script type=\"application\/ld+json\" class=\"yoast-schema-graph\">{\"@context\":\"https:\/\/schema.org\",\"@graph\":[{\"@type\":\"Article\",\"@id\":\"https:\/\/www.africa-press.net\/burkina-faso\/toutes-les-actualites\/traore-humanise-le-centre-penitentiaire-de-baporo#article\",\"isPartOf\":{\"@id\":\"https:\/\/www.africa-press.net\/burkina-faso\/toutes-les-actualites\/traore-humanise-le-centre-penitentiaire-de-baporo\"},\"author\":{\"name\":\"cfeditorfr\",\"@id\":\"https:\/\/www.africa-press.net\/burkina-faso\/#\/schema\/person\/2b1cf3cd81a31e3cd26889ca66d677f1\"},\"headline\":\"Traor\u00e9 Humanise le Centre P\u00e9nitentiaire de Baporo\",\"datePublished\":\"2026-04-23T12:51:19+00:00\",\"dateModified\":\"2026-04-23T13:19:48+00:00\",\"mainEntityOfPage\":{\"@id\":\"https:\/\/www.africa-press.net\/burkina-faso\/toutes-les-actualites\/traore-humanise-le-centre-penitentiaire-de-baporo\"},\"wordCount\":651,\"commentCount\":0,\"image\":{\"@id\":\"https:\/\/www.africa-press.net\/burkina-faso\/toutes-les-actualites\/traore-humanise-le-centre-penitentiaire-de-baporo#primaryimage\"},\"thumbnailUrl\":\"https:\/\/static.africa-press.net\/burkina\/sites\/42\/2026\/04\/sm_1776937763.497037.jpg\",\"keywords\":[\"Burkina Faso\"],\"articleSection\":[\"Communaut\u00e9\",\"Toutes les actualit\u00e9s\"],\"inLanguage\":\"fr-FR\",\"potentialAction\":[{\"@type\":\"CommentAction\",\"name\":\"Comment\",\"target\":[\"https:\/\/www.africa-press.net\/burkina-faso\/toutes-les-actualites\/traore-humanise-le-centre-penitentiaire-de-baporo#respond\"]}]},{\"@type\":\"WebPage\",\"@id\":\"https:\/\/www.africa-press.net\/burkina-faso\/toutes-les-actualites\/traore-humanise-le-centre-penitentiaire-de-baporo\",\"url\":\"https:\/\/www.africa-press.net\/burkina-faso\/toutes-les-actualites\/traore-humanise-le-centre-penitentiaire-de-baporo\",\"name\":\"Traor\u00e9 Humanise le Centre P\u00e9nitentiaire de Baporo - Burkina Faso\",\"isPartOf\":{\"@id\":\"https:\/\/www.africa-press.net\/burkina-faso\/#website\"},\"primaryImageOfPage\":{\"@id\":\"https:\/\/www.africa-press.net\/burkina-faso\/toutes-les-actualites\/traore-humanise-le-centre-penitentiaire-de-baporo#primaryimage\"},\"image\":{\"@id\":\"https:\/\/www.africa-press.net\/burkina-faso\/toutes-les-actualites\/traore-humanise-le-centre-penitentiaire-de-baporo#primaryimage\"},\"thumbnailUrl\":\"https:\/\/static.africa-press.net\/burkina\/sites\/42\/2026\/04\/sm_1776937763.497037.jpg\",\"datePublished\":\"2026-04-23T12:51:19+00:00\",\"dateModified\":\"2026-04-23T13:19:48+00:00\",\"author\":{\"@id\":\"https:\/\/www.africa-press.net\/burkina-faso\/#\/schema\/person\/2b1cf3cd81a31e3cd26889ca66d677f1\"},\"description\":\"Dans l\u2019histoire contemporaine du Burkina Faso, c\u2019est une premie\u0300re. En Afrique et dans le reste du monde, c\u2019est un ac ...\",\"breadcrumb\":{\"@id\":\"https:\/\/www.africa-press.net\/burkina-faso\/toutes-les-actualites\/traore-humanise-le-centre-penitentiaire-de-baporo#breadcrumb\"},\"inLanguage\":\"fr-FR\",\"potentialAction\":[{\"@type\":\"ReadAction\",\"target\":[\"https:\/\/www.africa-press.net\/burkina-faso\/toutes-les-actualites\/traore-humanise-le-centre-penitentiaire-de-baporo\"]}]},{\"@type\":\"ImageObject\",\"inLanguage\":\"fr-FR\",\"@id\":\"https:\/\/www.africa-press.net\/burkina-faso\/toutes-les-actualites\/traore-humanise-le-centre-penitentiaire-de-baporo#primaryimage\",\"url\":\"https:\/\/static.africa-press.net\/burkina\/sites\/42\/2026\/04\/sm_1776937763.497037.jpg\",\"contentUrl\":\"https:\/\/static.africa-press.net\/burkina\/sites\/42\/2026\/04\/sm_1776937763.497037.jpg\",\"width\":1280,\"height\":720,\"caption\":\"Traor\u00e9 Humanise le Centre P\u00e9nitentiaire de Baporo\"},{\"@type\":\"BreadcrumbList\",\"@id\":\"https:\/\/www.africa-press.net\/burkina-faso\/toutes-les-actualites\/traore-humanise-le-centre-penitentiaire-de-baporo#breadcrumb\",\"itemListElement\":[{\"@type\":\"ListItem\",\"position\":1,\"name\":\"Accueil\",\"item\":\"https:\/\/www.africa-press.net\/burkina-faso\/\"},{\"@type\":\"ListItem\",\"position\":2,\"name\":\"Traor\u00e9 Humanise le Centre P\u00e9nitentiaire de Baporo\"}]},{\"@type\":\"WebSite\",\"@id\":\"https:\/\/www.africa-press.net\/burkina-faso\/#website\",\"url\":\"https:\/\/www.africa-press.net\/burkina-faso\/\",\"name\":\"Burkina Faso\",\"description\":\"Just another Africa News Agency Sites site\",\"potentialAction\":[{\"@type\":\"SearchAction\",\"target\":{\"@type\":\"EntryPoint\",\"urlTemplate\":\"https:\/\/www.africa-press.net\/burkina-faso\/?s={search_term_string}\"},\"query-input\":{\"@type\":\"PropertyValueSpecification\",\"valueRequired\":true,\"valueName\":\"search_term_string\"}}],\"inLanguage\":\"fr-FR\"},{\"@type\":\"Person\",\"@id\":\"https:\/\/www.africa-press.net\/burkina-faso\/#\/schema\/person\/2b1cf3cd81a31e3cd26889ca66d677f1\",\"name\":\"cfeditorfr\"}]}<\/script>\n<!-- \/ Yoast SEO Premium plugin. -->","yoast_head_json":{"title":"Traor\u00e9 Humanise le Centre P\u00e9nitentiaire de Baporo - Burkina Faso","description":"Dans l\u2019histoire contemporaine du Burkina Faso, c\u2019est une premie\u0300re. En Afrique et dans le reste du monde, c\u2019est un ac ...","robots":{"index":"index","follow":"follow","max-snippet":"max-snippet:-1","max-image-preview":"max-image-preview:large","max-video-preview":"max-video-preview:-1"},"canonical":"https:\/\/www.africa-press.net\/burkina-faso\/toutes-les-actualites\/traore-humanise-le-centre-penitentiaire-de-baporo","og_locale":"fr_FR","og_type":"article","og_title":"Traor\u00e9 Humanise le Centre P\u00e9nitentiaire de Baporo","og_description":"Dans l\u2019histoire contemporaine du Burkina Faso, c\u2019est une premie\u0300re. En Afrique et dans le reste du monde, c\u2019est un ac ...","og_url":"https:\/\/www.africa-press.net\/burkina-faso\/toutes-les-actualites\/traore-humanise-le-centre-penitentiaire-de-baporo","og_site_name":"Burkina Faso","article_published_time":"2026-04-23T12:51:19+00:00","article_modified_time":"2026-04-23T13:19:48+00:00","og_image":[{"width":1280,"height":720,"url":"https:\/\/static.africa-press.net\/burkina\/sites\/42\/2026\/04\/sm_1776937763.497037.jpg","type":"image\/jpeg"}],"author":"cfeditorfr","twitter_card":"summary_large_image","twitter_misc":{"\u00c9crit par":"cfeditorfr","Dur\u00e9e de lecture estim\u00e9e":"4 minutes"},"schema":{"@context":"https:\/\/schema.org","@graph":[{"@type":"Article","@id":"https:\/\/www.africa-press.net\/burkina-faso\/toutes-les-actualites\/traore-humanise-le-centre-penitentiaire-de-baporo#article","isPartOf":{"@id":"https:\/\/www.africa-press.net\/burkina-faso\/toutes-les-actualites\/traore-humanise-le-centre-penitentiaire-de-baporo"},"author":{"name":"cfeditorfr","@id":"https:\/\/www.africa-press.net\/burkina-faso\/#\/schema\/person\/2b1cf3cd81a31e3cd26889ca66d677f1"},"headline":"Traor\u00e9 Humanise le Centre P\u00e9nitentiaire de Baporo","datePublished":"2026-04-23T12:51:19+00:00","dateModified":"2026-04-23T13:19:48+00:00","mainEntityOfPage":{"@id":"https:\/\/www.africa-press.net\/burkina-faso\/toutes-les-actualites\/traore-humanise-le-centre-penitentiaire-de-baporo"},"wordCount":651,"commentCount":0,"image":{"@id":"https:\/\/www.africa-press.net\/burkina-faso\/toutes-les-actualites\/traore-humanise-le-centre-penitentiaire-de-baporo#primaryimage"},"thumbnailUrl":"https:\/\/static.africa-press.net\/burkina\/sites\/42\/2026\/04\/sm_1776937763.497037.jpg","keywords":["Burkina Faso"],"articleSection":["Communaut\u00e9","Toutes les actualit\u00e9s"],"inLanguage":"fr-FR","potentialAction":[{"@type":"CommentAction","name":"Comment","target":["https:\/\/www.africa-press.net\/burkina-faso\/toutes-les-actualites\/traore-humanise-le-centre-penitentiaire-de-baporo#respond"]}]},{"@type":"WebPage","@id":"https:\/\/www.africa-press.net\/burkina-faso\/toutes-les-actualites\/traore-humanise-le-centre-penitentiaire-de-baporo","url":"https:\/\/www.africa-press.net\/burkina-faso\/toutes-les-actualites\/traore-humanise-le-centre-penitentiaire-de-baporo","name":"Traor\u00e9 Humanise le Centre P\u00e9nitentiaire de Baporo - Burkina Faso","isPartOf":{"@id":"https:\/\/www.africa-press.net\/burkina-faso\/#website"},"primaryImageOfPage":{"@id":"https:\/\/www.africa-press.net\/burkina-faso\/toutes-les-actualites\/traore-humanise-le-centre-penitentiaire-de-baporo#primaryimage"},"image":{"@id":"https:\/\/www.africa-press.net\/burkina-faso\/toutes-les-actualites\/traore-humanise-le-centre-penitentiaire-de-baporo#primaryimage"},"thumbnailUrl":"https:\/\/static.africa-press.net\/burkina\/sites\/42\/2026\/04\/sm_1776937763.497037.jpg","datePublished":"2026-04-23T12:51:19+00:00","dateModified":"2026-04-23T13:19:48+00:00","author":{"@id":"https:\/\/www.africa-press.net\/burkina-faso\/#\/schema\/person\/2b1cf3cd81a31e3cd26889ca66d677f1"},"description":"Dans l\u2019histoire contemporaine du Burkina Faso, c\u2019est une premie\u0300re. En Afrique et dans le reste du monde, c\u2019est un ac ...","breadcrumb":{"@id":"https:\/\/www.africa-press.net\/burkina-faso\/toutes-les-actualites\/traore-humanise-le-centre-penitentiaire-de-baporo#breadcrumb"},"inLanguage":"fr-FR","potentialAction":[{"@type":"ReadAction","target":["https:\/\/www.africa-press.net\/burkina-faso\/toutes-les-actualites\/traore-humanise-le-centre-penitentiaire-de-baporo"]}]},{"@type":"ImageObject","inLanguage":"fr-FR","@id":"https:\/\/www.africa-press.net\/burkina-faso\/toutes-les-actualites\/traore-humanise-le-centre-penitentiaire-de-baporo#primaryimage","url":"https:\/\/static.africa-press.net\/burkina\/sites\/42\/2026\/04\/sm_1776937763.497037.jpg","contentUrl":"https:\/\/static.africa-press.net\/burkina\/sites\/42\/2026\/04\/sm_1776937763.497037.jpg","width":1280,"height":720,"caption":"Traor\u00e9 Humanise le Centre P\u00e9nitentiaire de Baporo"},{"@type":"BreadcrumbList","@id":"https:\/\/www.africa-press.net\/burkina-faso\/toutes-les-actualites\/traore-humanise-le-centre-penitentiaire-de-baporo#breadcrumb","itemListElement":[{"@type":"ListItem","position":1,"name":"Accueil","item":"https:\/\/www.africa-press.net\/burkina-faso\/"},{"@type":"ListItem","position":2,"name":"Traor\u00e9 Humanise le Centre P\u00e9nitentiaire de Baporo"}]},{"@type":"WebSite","@id":"https:\/\/www.africa-press.net\/burkina-faso\/#website","url":"https:\/\/www.africa-press.net\/burkina-faso\/","name":"Burkina Faso","description":"Just another Africa News Agency Sites site","potentialAction":[{"@type":"SearchAction","target":{"@type":"EntryPoint","urlTemplate":"https:\/\/www.africa-press.net\/burkina-faso\/?s={search_term_string}"},"query-input":{"@type":"PropertyValueSpecification","valueRequired":true,"valueName":"search_term_string"}}],"inLanguage":"fr-FR"},{"@type":"Person","@id":"https:\/\/www.africa-press.net\/burkina-faso\/#\/schema\/person\/2b1cf3cd81a31e3cd26889ca66d677f1","name":"cfeditorfr"}]}},"_links":{"self":[{"href":"https:\/\/www.africa-press.net\/burkina-faso\/wp-json\/wp\/v2\/posts\/128878","targetHints":{"allow":["GET"]}}],"collection":[{"href":"https:\/\/www.africa-press.net\/burkina-faso\/wp-json\/wp\/v2\/posts"}],"about":[{"href":"https:\/\/www.africa-press.net\/burkina-faso\/wp-json\/wp\/v2\/types\/post"}],"author":[{"embeddable":true,"href":"https:\/\/www.africa-press.net\/burkina-faso\/wp-json\/wp\/v2\/users\/82"}],"replies":[{"embeddable":true,"href":"https:\/\/www.africa-press.net\/burkina-faso\/wp-json\/wp\/v2\/comments?post=128878"}],"version-history":[{"count":1,"href":"https:\/\/www.africa-press.net\/burkina-faso\/wp-json\/wp\/v2\/posts\/128878\/revisions"}],"predecessor-version":[{"id":128882,"href":"https:\/\/www.africa-press.net\/burkina-faso\/wp-json\/wp\/v2\/posts\/128878\/revisions\/128882"}],"wp:featuredmedia":[{"embeddable":true,"href":"https:\/\/www.africa-press.net\/burkina-faso\/wp-json\/wp\/v2\/media\/128877"}],"wp:attachment":[{"href":"https:\/\/www.africa-press.net\/burkina-faso\/wp-json\/wp\/v2\/media?parent=128878"}],"wp:term":[{"taxonomy":"category","embeddable":true,"href":"https:\/\/www.africa-press.net\/burkina-faso\/wp-json\/wp\/v2\/categories?post=128878"},{"taxonomy":"post_tag","embeddable":true,"href":"https:\/\/www.africa-press.net\/burkina-faso\/wp-json\/wp\/v2\/tags?post=128878"}],"curies":[{"name":"wp","href":"https:\/\/api.w.org\/{rel}","templated":true}]}}