{"id":128944,"date":"2026-04-26T15:01:49","date_gmt":"2026-04-26T15:01:49","guid":{"rendered":"https:\/\/www.africa-press.net\/burkina-faso\/politique\/ambassade-de-chine-au-burkina-faso-reaffirme-position"},"modified":"2026-04-26T15:13:08","modified_gmt":"2026-04-26T15:13:08","slug":"ambassade-de-chine-au-burkina-faso-reaffirme-position","status":"publish","type":"post","link":"https:\/\/www.africa-press.net\/burkina-faso\/politique\/ambassade-de-chine-au-burkina-faso-reaffirme-position","title":{"rendered":"Ambassade de Chine au Burkina Faso R\u00e9affirme Position"},"content":{"rendered":"<p><span style=\"color: #ff6600\"><strong>Africa-Press &#8211; Burkina Faso. <\/strong><\/span>Dans une de\u0301claration parvenue a\u0300 , le porte-parole de l\u2019ambassade de la Re\u0301publique populaire de Chine au Burkina Faso re\u0301affirme son attachement au principe d\u2019une seule Chine. Le document rappelle les fondements de cette position et met en avant le soutien exprime\u0301 par plusieurs pays africains a\u0300 l\u2019inte\u0301grite\u0301 territoriale chinoise.<\/p>\n<p>Re\u0301cemment, lors de sa rencontre avec Cheng Li-wen, pre\u0301sidente du parti nationaliste de Chine (KMT), le secre\u0301taire ge\u0301ne\u0301ral du Comite\u0301 central du Parti communiste chinois, Xi Jinping, a souligne\u0301 que les compatriotes des deux rives du de\u0301troit appartiennent tous a\u0300 la nation chinoise.<\/p>\n<p>Les Chinois de toutes les ethnies, y compris les compatriotes de Taiwan, ont ensemble fonde\u0301 un E\u0301tat unifie\u0301 multiethnique, e\u0301crit ensemble l\u2019histoire glorieuse de la Chine, cre\u0301e\u0301 ensemble la brillante civilisation chinoise et cultive\u0301 ensemble le grand esprit national.<\/p>\n<p>Ils ont e\u0301galement forge\u0301 la conviction commune que le territoire ne peut e\u0302tre divise\u0301, l\u2019E\u0301tat ne peut sombrer dans le de\u0301sordre, la nation ne peut se disperser et la civilisation ne peut e\u0302tre interrompue \u2014 une conviction qui guide la nation chinoise dans sa que\u0302te incessante de renouveau et assure la continuite\u0301 de la civilisation chinoise.<\/p>\n<p>Tous les pays africains, a\u0300 l\u2019exception de l\u2019Eswatini, ont e\u0301tabli des relations diplomatiques avec la Chine. Ces 53 pays, ainsi que l\u2019Union africaine, ont adopte\u0301 la De\u0301claration de Beijing lors du sommet du Forum sur la coope\u0301ration sino-africaine (FOCAC) de 2024. Ils ont re\u0301affirme\u0301 a\u0300 maintes reprises qu\u2019ils de\u0301fendaient fermement le principe d\u2019une seule Chine, qu\u2019il n\u2019y a qu\u2019une seule Chine dans le monde, que Taiwan est une partie inalie\u0301nable du territoire chinois, que le gouvernement de la Re\u0301publique populaire de Chine est le seul gouvernement le\u0301gal repre\u0301sentant l\u2019ensemble de la Chine, et qu\u2019ils soutiennent fermement tous les efforts du gouvernement chinois visant a\u0300 re\u0301aliser la re\u0301unification nationale.<\/p>\n<p>La Chine salue vivement l\u2019adhe\u0301sion des pays concerne\u0301s au principe d\u2019une seule Chine, qui est pleinement conforme au droit international et aux normes fondamentales re\u0301gissant les relations internationales. Il est tre\u0300s clair qu\u2019il n\u2019y a plus de soi-disant \u00ab pre\u0301sident de la Re\u0301publique de Chine \u00bb dans le monde. Quiconque se pare de ce faux titre agit a\u0300 contre-courant de l\u2019histoire et ne fera que s\u2019attirer le me\u0301pris. Le principe d\u2019une seule Chine correspond a\u0300 la volonte\u0301 du peuple et a\u0300 la tendance de l\u2019histoire, et l\u2019adhe\u0301sion a\u0300 ce principe constitue la bonne marche a\u0300 suivre. Personne ne pourra jamais empe\u0302cher la re\u0301unification finale de la Chine. Les tentatives se\u0301cessionnistes visant l\u2019\u00ab inde\u0301pendance de Taiwan \u00bb sont tout simplement vaines et voue\u0301es a\u0300 l\u2019e\u0301chec.<\/p>\n<p><strong>Pour plus d&rsquo;informations et d&rsquo;analyses sur la <span style=\"color: #ff6600\">Burkina Faso<\/span>, suivez <span style=\"color: #ff6600\">Africa-Press<\/span><\/strong><\/p>\n","protected":false},"excerpt":{"rendered":"<p>Africa-Press &#8211; Burkina Faso. Dans une de\u0301claration parvenue a\u0300 , le porte-parole de l\u2019ambassade de la Re\u0301publique populaire de Chine au Burkina Faso re\u0301affirme son attachement au principe d\u2019une seule Chine. Le document rappelle les fondements de cette position et met en avant le soutien exprime\u0301 par plusieurs pays africains a\u0300 l\u2019inte\u0301grite\u0301 territoriale chinoise. Re\u0301cemment, [&hellip;]<\/p>\n","protected":false},"author":82,"featured_media":128943,"comment_status":"open","ping_status":"closed","sticky":false,"template":"","format":"standard","meta":{"footnotes":""},"categories":[2,20,10],"tags":[29],"class_list":["post-128944","post","type-post","status-publish","format-standard","has-post-thumbnail","hentry","category-politique","category-top-nouvelles","category-toutes-les-actualites","tag-burkina-faso"],"yoast_head":"<!-- This site is optimized with the Yoast SEO Premium plugin v26.1 (Yoast SEO v27.0) - https:\/\/yoast.com\/product\/yoast-seo-premium-wordpress\/ -->\n<title>Ambassade de Chine au Burkina Faso R\u00e9affirme Position - Burkina Faso<\/title>\n<meta name=\"description\" content=\"Dans une de\u0301claration parvenue a\u0300 , le porte-parole de l\u2019ambassade de la Re\u0301publique populaire de Chine au Burkina Faso ...\" \/>\n<meta name=\"robots\" content=\"index, follow, max-snippet:-1, max-image-preview:large, max-video-preview:-1\" \/>\n<link rel=\"canonical\" href=\"https:\/\/www.africa-press.net\/burkina-faso\/politique\/ambassade-de-chine-au-burkina-faso-reaffirme-position\" \/>\n<meta property=\"og:locale\" content=\"fr_FR\" \/>\n<meta property=\"og:type\" content=\"article\" \/>\n<meta property=\"og:title\" content=\"Ambassade de Chine au Burkina Faso R\u00e9affirme Position\" \/>\n<meta property=\"og:description\" content=\"Dans une de\u0301claration parvenue a\u0300 , le porte-parole de l\u2019ambassade de la Re\u0301publique populaire de Chine au Burkina Faso ...\" \/>\n<meta property=\"og:url\" content=\"https:\/\/www.africa-press.net\/burkina-faso\/politique\/ambassade-de-chine-au-burkina-faso-reaffirme-position\" \/>\n<meta property=\"og:site_name\" content=\"Burkina Faso\" \/>\n<meta property=\"article:published_time\" content=\"2026-04-26T15:01:49+00:00\" \/>\n<meta property=\"article:modified_time\" content=\"2026-04-26T15:13:08+00:00\" \/>\n<meta property=\"og:image\" content=\"https:\/\/static.africa-press.net\/burkina\/sites\/42\/2026\/04\/sm_1777203722.097402.jpg\" \/>\n\t<meta property=\"og:image:width\" content=\"720\" \/>\n\t<meta property=\"og:image:height\" content=\"528\" \/>\n\t<meta property=\"og:image:type\" content=\"image\/jpeg\" \/>\n<meta name=\"author\" content=\"cfeditorfr\" \/>\n<meta name=\"twitter:card\" content=\"summary_large_image\" \/>\n<meta name=\"twitter:label1\" content=\"\u00c9crit par\" \/>\n\t<meta name=\"twitter:data1\" content=\"cfeditorfr\" \/>\n\t<meta name=\"twitter:label2\" content=\"Dur\u00e9e de lecture estim\u00e9e\" \/>\n\t<meta name=\"twitter:data2\" content=\"3 minutes\" \/>\n<script type=\"application\/ld+json\" class=\"yoast-schema-graph\">{\"@context\":\"https:\/\/schema.org\",\"@graph\":[{\"@type\":\"Article\",\"@id\":\"https:\/\/www.africa-press.net\/burkina-faso\/politique\/ambassade-de-chine-au-burkina-faso-reaffirme-position#article\",\"isPartOf\":{\"@id\":\"https:\/\/www.africa-press.net\/burkina-faso\/politique\/ambassade-de-chine-au-burkina-faso-reaffirme-position\"},\"author\":{\"name\":\"cfeditorfr\",\"@id\":\"https:\/\/www.africa-press.net\/burkina-faso\/#\/schema\/person\/2b1cf3cd81a31e3cd26889ca66d677f1\"},\"headline\":\"Ambassade de Chine au Burkina Faso R\u00e9affirme Position\",\"datePublished\":\"2026-04-26T15:01:49+00:00\",\"dateModified\":\"2026-04-26T15:13:08+00:00\",\"mainEntityOfPage\":{\"@id\":\"https:\/\/www.africa-press.net\/burkina-faso\/politique\/ambassade-de-chine-au-burkina-faso-reaffirme-position\"},\"wordCount\":508,\"commentCount\":0,\"image\":{\"@id\":\"https:\/\/www.africa-press.net\/burkina-faso\/politique\/ambassade-de-chine-au-burkina-faso-reaffirme-position#primaryimage\"},\"thumbnailUrl\":\"https:\/\/static.africa-press.net\/burkina\/sites\/42\/2026\/04\/sm_1777203722.097402.jpg\",\"keywords\":[\"Burkina Faso\"],\"articleSection\":[\"Politique\",\"Top Nouvelles\",\"Toutes les actualit\u00e9s\"],\"inLanguage\":\"fr-FR\",\"potentialAction\":[{\"@type\":\"CommentAction\",\"name\":\"Comment\",\"target\":[\"https:\/\/www.africa-press.net\/burkina-faso\/politique\/ambassade-de-chine-au-burkina-faso-reaffirme-position#respond\"]}]},{\"@type\":\"WebPage\",\"@id\":\"https:\/\/www.africa-press.net\/burkina-faso\/politique\/ambassade-de-chine-au-burkina-faso-reaffirme-position\",\"url\":\"https:\/\/www.africa-press.net\/burkina-faso\/politique\/ambassade-de-chine-au-burkina-faso-reaffirme-position\",\"name\":\"Ambassade de Chine au Burkina Faso R\u00e9affirme Position - Burkina Faso\",\"isPartOf\":{\"@id\":\"https:\/\/www.africa-press.net\/burkina-faso\/#website\"},\"primaryImageOfPage\":{\"@id\":\"https:\/\/www.africa-press.net\/burkina-faso\/politique\/ambassade-de-chine-au-burkina-faso-reaffirme-position#primaryimage\"},\"image\":{\"@id\":\"https:\/\/www.africa-press.net\/burkina-faso\/politique\/ambassade-de-chine-au-burkina-faso-reaffirme-position#primaryimage\"},\"thumbnailUrl\":\"https:\/\/static.africa-press.net\/burkina\/sites\/42\/2026\/04\/sm_1777203722.097402.jpg\",\"datePublished\":\"2026-04-26T15:01:49+00:00\",\"dateModified\":\"2026-04-26T15:13:08+00:00\",\"author\":{\"@id\":\"https:\/\/www.africa-press.net\/burkina-faso\/#\/schema\/person\/2b1cf3cd81a31e3cd26889ca66d677f1\"},\"description\":\"Dans une de\u0301claration parvenue a\u0300 , le porte-parole de l\u2019ambassade de la Re\u0301publique populaire de Chine au Burkina Faso ...\",\"breadcrumb\":{\"@id\":\"https:\/\/www.africa-press.net\/burkina-faso\/politique\/ambassade-de-chine-au-burkina-faso-reaffirme-position#breadcrumb\"},\"inLanguage\":\"fr-FR\",\"potentialAction\":[{\"@type\":\"ReadAction\",\"target\":[\"https:\/\/www.africa-press.net\/burkina-faso\/politique\/ambassade-de-chine-au-burkina-faso-reaffirme-position\"]}]},{\"@type\":\"ImageObject\",\"inLanguage\":\"fr-FR\",\"@id\":\"https:\/\/www.africa-press.net\/burkina-faso\/politique\/ambassade-de-chine-au-burkina-faso-reaffirme-position#primaryimage\",\"url\":\"https:\/\/static.africa-press.net\/burkina\/sites\/42\/2026\/04\/sm_1777203722.097402.jpg\",\"contentUrl\":\"https:\/\/static.africa-press.net\/burkina\/sites\/42\/2026\/04\/sm_1777203722.097402.jpg\",\"width\":720,\"height\":528,\"caption\":\"Ambassade de Chine au Burkina Faso R\u00e9affirme Position\"},{\"@type\":\"BreadcrumbList\",\"@id\":\"https:\/\/www.africa-press.net\/burkina-faso\/politique\/ambassade-de-chine-au-burkina-faso-reaffirme-position#breadcrumb\",\"itemListElement\":[{\"@type\":\"ListItem\",\"position\":1,\"name\":\"Accueil\",\"item\":\"https:\/\/www.africa-press.net\/burkina-faso\/\"},{\"@type\":\"ListItem\",\"position\":2,\"name\":\"Ambassade de Chine au Burkina Faso R\u00e9affirme Position\"}]},{\"@type\":\"WebSite\",\"@id\":\"https:\/\/www.africa-press.net\/burkina-faso\/#website\",\"url\":\"https:\/\/www.africa-press.net\/burkina-faso\/\",\"name\":\"Burkina Faso\",\"description\":\"Just another Africa News Agency Sites site\",\"potentialAction\":[{\"@type\":\"SearchAction\",\"target\":{\"@type\":\"EntryPoint\",\"urlTemplate\":\"https:\/\/www.africa-press.net\/burkina-faso\/?s={search_term_string}\"},\"query-input\":{\"@type\":\"PropertyValueSpecification\",\"valueRequired\":true,\"valueName\":\"search_term_string\"}}],\"inLanguage\":\"fr-FR\"},{\"@type\":\"Person\",\"@id\":\"https:\/\/www.africa-press.net\/burkina-faso\/#\/schema\/person\/2b1cf3cd81a31e3cd26889ca66d677f1\",\"name\":\"cfeditorfr\"}]}<\/script>\n<!-- \/ Yoast SEO Premium plugin. -->","yoast_head_json":{"title":"Ambassade de Chine au Burkina Faso R\u00e9affirme Position - Burkina Faso","description":"Dans une de\u0301claration parvenue a\u0300 , le porte-parole de l\u2019ambassade de la Re\u0301publique populaire de Chine au Burkina Faso ...","robots":{"index":"index","follow":"follow","max-snippet":"max-snippet:-1","max-image-preview":"max-image-preview:large","max-video-preview":"max-video-preview:-1"},"canonical":"https:\/\/www.africa-press.net\/burkina-faso\/politique\/ambassade-de-chine-au-burkina-faso-reaffirme-position","og_locale":"fr_FR","og_type":"article","og_title":"Ambassade de Chine au Burkina Faso R\u00e9affirme Position","og_description":"Dans une de\u0301claration parvenue a\u0300 , le porte-parole de l\u2019ambassade de la Re\u0301publique populaire de Chine au Burkina Faso ...","og_url":"https:\/\/www.africa-press.net\/burkina-faso\/politique\/ambassade-de-chine-au-burkina-faso-reaffirme-position","og_site_name":"Burkina Faso","article_published_time":"2026-04-26T15:01:49+00:00","article_modified_time":"2026-04-26T15:13:08+00:00","og_image":[{"width":720,"height":528,"url":"https:\/\/static.africa-press.net\/burkina\/sites\/42\/2026\/04\/sm_1777203722.097402.jpg","type":"image\/jpeg"}],"author":"cfeditorfr","twitter_card":"summary_large_image","twitter_misc":{"\u00c9crit par":"cfeditorfr","Dur\u00e9e de lecture estim\u00e9e":"3 minutes"},"schema":{"@context":"https:\/\/schema.org","@graph":[{"@type":"Article","@id":"https:\/\/www.africa-press.net\/burkina-faso\/politique\/ambassade-de-chine-au-burkina-faso-reaffirme-position#article","isPartOf":{"@id":"https:\/\/www.africa-press.net\/burkina-faso\/politique\/ambassade-de-chine-au-burkina-faso-reaffirme-position"},"author":{"name":"cfeditorfr","@id":"https:\/\/www.africa-press.net\/burkina-faso\/#\/schema\/person\/2b1cf3cd81a31e3cd26889ca66d677f1"},"headline":"Ambassade de Chine au Burkina Faso R\u00e9affirme Position","datePublished":"2026-04-26T15:01:49+00:00","dateModified":"2026-04-26T15:13:08+00:00","mainEntityOfPage":{"@id":"https:\/\/www.africa-press.net\/burkina-faso\/politique\/ambassade-de-chine-au-burkina-faso-reaffirme-position"},"wordCount":508,"commentCount":0,"image":{"@id":"https:\/\/www.africa-press.net\/burkina-faso\/politique\/ambassade-de-chine-au-burkina-faso-reaffirme-position#primaryimage"},"thumbnailUrl":"https:\/\/static.africa-press.net\/burkina\/sites\/42\/2026\/04\/sm_1777203722.097402.jpg","keywords":["Burkina Faso"],"articleSection":["Politique","Top Nouvelles","Toutes les actualit\u00e9s"],"inLanguage":"fr-FR","potentialAction":[{"@type":"CommentAction","name":"Comment","target":["https:\/\/www.africa-press.net\/burkina-faso\/politique\/ambassade-de-chine-au-burkina-faso-reaffirme-position#respond"]}]},{"@type":"WebPage","@id":"https:\/\/www.africa-press.net\/burkina-faso\/politique\/ambassade-de-chine-au-burkina-faso-reaffirme-position","url":"https:\/\/www.africa-press.net\/burkina-faso\/politique\/ambassade-de-chine-au-burkina-faso-reaffirme-position","name":"Ambassade de Chine au Burkina Faso R\u00e9affirme Position - Burkina Faso","isPartOf":{"@id":"https:\/\/www.africa-press.net\/burkina-faso\/#website"},"primaryImageOfPage":{"@id":"https:\/\/www.africa-press.net\/burkina-faso\/politique\/ambassade-de-chine-au-burkina-faso-reaffirme-position#primaryimage"},"image":{"@id":"https:\/\/www.africa-press.net\/burkina-faso\/politique\/ambassade-de-chine-au-burkina-faso-reaffirme-position#primaryimage"},"thumbnailUrl":"https:\/\/static.africa-press.net\/burkina\/sites\/42\/2026\/04\/sm_1777203722.097402.jpg","datePublished":"2026-04-26T15:01:49+00:00","dateModified":"2026-04-26T15:13:08+00:00","author":{"@id":"https:\/\/www.africa-press.net\/burkina-faso\/#\/schema\/person\/2b1cf3cd81a31e3cd26889ca66d677f1"},"description":"Dans une de\u0301claration parvenue a\u0300 , le porte-parole de l\u2019ambassade de la Re\u0301publique populaire de Chine au Burkina Faso ...","breadcrumb":{"@id":"https:\/\/www.africa-press.net\/burkina-faso\/politique\/ambassade-de-chine-au-burkina-faso-reaffirme-position#breadcrumb"},"inLanguage":"fr-FR","potentialAction":[{"@type":"ReadAction","target":["https:\/\/www.africa-press.net\/burkina-faso\/politique\/ambassade-de-chine-au-burkina-faso-reaffirme-position"]}]},{"@type":"ImageObject","inLanguage":"fr-FR","@id":"https:\/\/www.africa-press.net\/burkina-faso\/politique\/ambassade-de-chine-au-burkina-faso-reaffirme-position#primaryimage","url":"https:\/\/static.africa-press.net\/burkina\/sites\/42\/2026\/04\/sm_1777203722.097402.jpg","contentUrl":"https:\/\/static.africa-press.net\/burkina\/sites\/42\/2026\/04\/sm_1777203722.097402.jpg","width":720,"height":528,"caption":"Ambassade de Chine au Burkina Faso R\u00e9affirme Position"},{"@type":"BreadcrumbList","@id":"https:\/\/www.africa-press.net\/burkina-faso\/politique\/ambassade-de-chine-au-burkina-faso-reaffirme-position#breadcrumb","itemListElement":[{"@type":"ListItem","position":1,"name":"Accueil","item":"https:\/\/www.africa-press.net\/burkina-faso\/"},{"@type":"ListItem","position":2,"name":"Ambassade de Chine au Burkina Faso R\u00e9affirme Position"}]},{"@type":"WebSite","@id":"https:\/\/www.africa-press.net\/burkina-faso\/#website","url":"https:\/\/www.africa-press.net\/burkina-faso\/","name":"Burkina Faso","description":"Just another Africa News Agency Sites site","potentialAction":[{"@type":"SearchAction","target":{"@type":"EntryPoint","urlTemplate":"https:\/\/www.africa-press.net\/burkina-faso\/?s={search_term_string}"},"query-input":{"@type":"PropertyValueSpecification","valueRequired":true,"valueName":"search_term_string"}}],"inLanguage":"fr-FR"},{"@type":"Person","@id":"https:\/\/www.africa-press.net\/burkina-faso\/#\/schema\/person\/2b1cf3cd81a31e3cd26889ca66d677f1","name":"cfeditorfr"}]}},"_links":{"self":[{"href":"https:\/\/www.africa-press.net\/burkina-faso\/wp-json\/wp\/v2\/posts\/128944","targetHints":{"allow":["GET"]}}],"collection":[{"href":"https:\/\/www.africa-press.net\/burkina-faso\/wp-json\/wp\/v2\/posts"}],"about":[{"href":"https:\/\/www.africa-press.net\/burkina-faso\/wp-json\/wp\/v2\/types\/post"}],"author":[{"embeddable":true,"href":"https:\/\/www.africa-press.net\/burkina-faso\/wp-json\/wp\/v2\/users\/82"}],"replies":[{"embeddable":true,"href":"https:\/\/www.africa-press.net\/burkina-faso\/wp-json\/wp\/v2\/comments?post=128944"}],"version-history":[{"count":1,"href":"https:\/\/www.africa-press.net\/burkina-faso\/wp-json\/wp\/v2\/posts\/128944\/revisions"}],"predecessor-version":[{"id":128952,"href":"https:\/\/www.africa-press.net\/burkina-faso\/wp-json\/wp\/v2\/posts\/128944\/revisions\/128952"}],"wp:featuredmedia":[{"embeddable":true,"href":"https:\/\/www.africa-press.net\/burkina-faso\/wp-json\/wp\/v2\/media\/128943"}],"wp:attachment":[{"href":"https:\/\/www.africa-press.net\/burkina-faso\/wp-json\/wp\/v2\/media?parent=128944"}],"wp:term":[{"taxonomy":"category","embeddable":true,"href":"https:\/\/www.africa-press.net\/burkina-faso\/wp-json\/wp\/v2\/categories?post=128944"},{"taxonomy":"post_tag","embeddable":true,"href":"https:\/\/www.africa-press.net\/burkina-faso\/wp-json\/wp\/v2\/tags?post=128944"}],"curies":[{"name":"wp","href":"https:\/\/api.w.org\/{rel}","templated":true}]}}