{"id":128960,"date":"2026-04-26T15:03:09","date_gmt":"2026-04-26T15:03:09","guid":{"rendered":"https:\/\/www.africa-press.net\/burkina-faso\/politique\/semaine-nationale-de-la-culture-resilience-et-transmission"},"modified":"2026-04-26T15:14:15","modified_gmt":"2026-04-26T15:14:15","slug":"semaine-nationale-de-la-culture-resilience-et-transmission","status":"publish","type":"post","link":"https:\/\/www.africa-press.net\/burkina-faso\/culture-et-art\/semaine-nationale-de-la-culture-resilience-et-transmission","title":{"rendered":"Semaine Nationale de la Culture: Re\u0301silience et Transmission"},"content":{"rendered":"<p><span style=\"color: #ff6600\"><strong>Africa-Press &#8211; Burkina Faso. <\/strong><\/span>La 22e e\u0301dition de la Semaine nationale de la culture (SNC) a officiellement ouvert ses portes ce samedi 25 avril 2026 a\u0300 Bobo-Dioulasso, dans une ambiance festive. Pendant une semaine, jusqu\u2019au 2 mai, la capitale e\u0301conomique du Burkina Faso vibrera au rythme de cette grand\u2019messe culturelle qui ce\u0301le\u0300bre la richesse et la diversite\u0301 des identite\u0301s burkinabe\u0300. C\u2019est au stade omnisports Sangoule\u0301-Lamizana que le coup d\u2019envoi des activite\u0301s a e\u0301te\u0301 donne\u0301, conforme\u0301ment a\u0300 la tradition, par trois coups de gong frappe\u0301s par le chef de l\u2019E\u0301tat, capitaine Ibrahim Traore\u0301.<\/p>\n<p>Par ce geste symbolique, le pre\u0301sident du Faso, le capitaine Ibrahim Traore\u0301, a officiellement lance\u0301 les festivite\u0301s, sous les acclamations d\u2019un public venu nombreux assister a\u0300 cet e\u0301ve\u0301nement majeur du calendrier culturel national. La ce\u0301re\u0301monie d\u2019ouverture a tenu toutes ses promesses. Entre prestations artistiques, de\u0301file\u0301 des diffe\u0301rentes re\u0301gions, carnaval de masques et spectacles me\u0302lant modernite\u0301 et traditions, les festivaliers ont e\u0301te\u0301 plonge\u0301s dans un univers riche en couleurs et en expressions culturelles. Plusieurs artistes nationaux se sont succe\u0301de\u0301 sur sce\u0300ne, offrant des performances qui ont su captiver l\u2019assistance et donner le ton de cette biennale.<\/p>\n<p>Avant ces moments de re\u0301jouissance, plusieurs allocutions ont ainsi marque\u0301 la ce\u0301re\u0301monie. Le pre\u0301sident de la de\u0301le\u0301gation spe\u0301ciale de la commune de Bobo-Dioulasso, Laurent Kontogom, a souhaite\u0301 la bienvenue aux participants tout en saluant l\u2019engagement des autorite\u0301s locales dans l\u2019organisation de l\u2019e\u0301ve\u0301nement. Pour lui, la SNC constitue un puissant levier de cohe\u0301sion sociale dans un contexte national marque\u0301 par de nombreux de\u0301fis.<\/p>\n<p>Le public a e\u0301galement suivi les interventions du parrain de l\u2019e\u0301ve\u0301nement et du ministre en charge de la culture du Ghana, pays invite\u0301 d\u2019honneur de cette 22e e\u0301dition. Leur pre\u0301sence te\u0301moigne de la dimension internationale que prend progressivement la SNC, devenue un cadre d\u2019e\u0301changes culturels au-dela\u0300 des frontie\u0300res burkinabe\u0300. Le point culminant de la ce\u0301re\u0301monie a e\u0301te\u0301 le discours du pre\u0301sident du Faso, lu par le ministre de la Communication, de la Culture, des Arts et du Tourisme, Gilbert Oue\u0301draogo. Dans son message, le chef de l\u2019E\u0301tat a mis en avant la porte\u0301e symbolique de cette e\u0301dition, organise\u0301e dans un contexte se\u0301curitaire difficile. Il a salue\u0301 la re\u0301silience du peuple burkinabe\u0300, qui continue de faire de la culture un pilier essentiel de son unite\u0301 et de son identite\u0301.<\/p>\n<p>Place\u0301e sous le the\u0300me: \u00ab Culture, jeunesse et transmission des valeurs sociales \u00bb, cette e\u0301dition interpelle sur le ro\u0302le central de la jeunesse dans la pre\u0301servation et la transmission des valeurs culturelles. Selon le ministre en charge de la culture, ce choix the\u0301matique invite a\u0300 une re\u0301flexion collective sur la responsabilite\u0301 des ge\u0301ne\u0301rations actuelles a\u0300 le\u0301guer aux plus jeunes des repe\u0300res solides, fonde\u0301s sur le respect, la solidarite\u0301, le patriotisme et le vivre-ensemble. \u00ab Dans un contexte ou\u0300 les de\u0301fis se\u0301curitaires et sociaux sont pre\u0301gnants, la culture apparai\u0302t comme un vecteur de re\u0301silience et de reconstruction. Elle constitue un pont entre les ge\u0301ne\u0301rations et un socle sur lequel peut se ba\u0302tir une socie\u0301te\u0301 unie dans sa diversite\u0301 \u00bb, a-t-il laisse\u0301 entendre.<\/p>\n<p>Au-dela\u0300 de son caracte\u0300re symbolique, la SNC 2026 se veut e\u0301galement un espace d\u2019expression et de compe\u0301tition artistique. Le Grand prix national des arts et des lettres (GPNAL) re\u0301unira des talents venus de diffe\u0301rentes re\u0301gions du pays pour des confrontations artistiques dans plusieurs disciplines. Le volet festival proposera une varie\u0301te\u0301 d\u2019activite\u0301s, notamment des confe\u0301rences, des panels, des expositions muse\u0301ales, des plateaux artistiques, un marche\u0301 des arts, ainsi que des activite\u0301s d\u2019initiation pour les enfants.<\/p>\n<p>Le village des communaute\u0301s et la foire artisanale et commerciale offriront e\u0301galement des espaces d\u2019e\u0301changes, de de\u0301couverte et de valorisation du savoir-faire local. Autant d\u2019activite\u0301s qui font de la SNC une ve\u0301ritable vitrine du patrimoine culturel burkinabe\u0300. Cette 22e e\u0301dition se distingue e\u0301galement par son ouverture internationale. Le Ghana, pays invite\u0301 d\u2019honneur, partage avec le Burkina Faso une riche tradition culturelle et une vision commune d\u2019une Afrique ancre\u0301e dans ses valeurs. La pre\u0301sence du Mali et du Niger s\u2019inscrit dans la dynamique de la Confe\u0301de\u0301ration des E\u0301tats du Sahel (AES), illustrant une volonte\u0301 commune de renforcer les liens culturels dans la re\u0301gion.<\/p>\n<p>Par ailleurs, la Fe\u0301de\u0301ration de Russie, invite\u0301e spe\u0301ciale, ainsi que la participation du Tchad, te\u0301moignent de l\u2019ambition d\u2019ouverture de la SNC au reste du monde. Selon le ministre Gilbert Oue\u0301draogo, la culture se re\u0301ve\u0300le ainsi comme un langage universel, capable de rapprocher les peuples et de transcender les frontie\u0300res. Il a aussi rappele\u0301 que depuis plus de quarante ans, la Semaine nationale de la culture s\u2019impose comme un rendez-vous incontournable, fruit de l\u2019engagement de ge\u0301ne\u0301rations d\u2019acteurs culturels. Elle demeure, dit-il, une \u0153uvre collective qui contribue au rayonnement du Burkina Faso et a\u0300 la valorisation de son patrimoine.<\/p>\n<p>En de\u0301pit des de\u0301fis, la tenue de cette e\u0301dition apparai\u0302t comme un acte de foi et de souverainete\u0301 culturelle. Elle rappelle que la culture est une force vivante, capable de maintenir un peuple debout et de nourrir son espe\u0301rance. A\u0300 Bobo-Dioulasso, la fe\u0302te ne fait que commencer, mais de\u0301ja\u0300, \u00ab cette SNC 2026 s\u2019annonce comme une e\u0301dition me\u0301morable \u00bb, porte\u0301e par une nation re\u0301solument tourne\u0301e vers la valorisation de son identite\u0301 et la construction d\u2019un avenir commun.<\/p>\n\r\n                <style type=\"text\/css\">\r\n                    \r\n                    #td_uid_1_69ee55d90a164  .td-doubleSlider-2 .td-item1 {\r\n                        background: url(https:\/\/static.africa-press.net\/burkina\/sites\/42\/2026\/04\/sm_1777203789.823273-80x60.jpg) 0 0 no-repeat;\r\n                    }\r\n                    #td_uid_1_69ee55d90a164  .td-doubleSlider-2 .td-item2 {\r\n                        background: url(https:\/\/static.africa-press.net\/burkina\/sites\/42\/2026\/04\/sm_1777203794.66401-80x60.jpg) 0 0 no-repeat;\r\n                    }\r\n                    #td_uid_1_69ee55d90a164  .td-doubleSlider-2 .td-item3 {\r\n                        background: url(https:\/\/static.africa-press.net\/burkina\/sites\/42\/2026\/04\/sm_1777203803.179325-80x60.jpg) 0 0 no-repeat;\r\n                    }\r\n                    #td_uid_1_69ee55d90a164  .td-doubleSlider-2 .td-item4 {\r\n                        background: url(https:\/\/static.africa-press.net\/burkina\/sites\/42\/2026\/04\/sm_1777203808.393346-80x60.jpg) 0 0 no-repeat;\r\n                    }\r\n                    #td_uid_1_69ee55d90a164  .td-doubleSlider-2 .td-item5 {\r\n                        background: url(https:\/\/static.africa-press.net\/burkina\/sites\/42\/2026\/04\/sm_1777203812.906685-80x60.jpg) 0 0 no-repeat;\r\n                    }\r\n                    #td_uid_1_69ee55d90a164  .td-doubleSlider-2 .td-item6 {\r\n                        background: url(https:\/\/static.africa-press.net\/burkina\/sites\/42\/2026\/04\/sm_1777203818.920318-80x60.jpg) 0 0 no-repeat;\r\n                    }\r\n                <\/style>\r\n\r\n                <div id=\"td_uid_1_69ee55d90a164\" class=\"td-gallery td-slide-on-2-columns\">\r\n                    <div class=\"post_td_gallery\">\r\n                        <div class=\"td-gallery-slide-top\">\r\n                           <div class=\"td-gallery-title\"><\/div>\r\n\r\n                            <div class=\"td-gallery-controls-wrapper\">\r\n                                <div class=\"td-gallery-slide-count\"><span class=\"td-gallery-slide-item-focus\">1<\/span> de 6<\/div>\r\n                                <div class=\"td-gallery-slide-prev-next-but\">\r\n                                    <i class = \"td-icon-left doubleSliderPrevButton\"><\/i>\r\n                                    <i class = \"td-icon-right doubleSliderNextButton\"><\/i>\r\n                                <\/div>\r\n                            <\/div>\r\n                        <\/div>\r\n\r\n                        <div class = \"td-doubleSlider-1 \">\r\n                            <div class = \"td-slider\">\r\n                                \r\n                    <div class = \"td-slide-item td-item1\">\r\n                        <figure class=\"td-slide-galery-figure td-slide-popup-gallery\">\r\n                            <a class=\"slide-gallery-image-link\" href=\"https:\/\/static.africa-press.net\/burkina\/sites\/42\/2026\/04\/sm_1777203789.823273.jpg\" title=\"sm_1777203789.823273\"  data-caption=\"\"  data-description=\"\">\r\n                                <img decoding=\"async\" src=\"https:\/\/static.africa-press.net\/burkina\/sites\/42\/2026\/04\/sm_1777203789.823273.jpg\" srcset=\"https:\/\/static.africa-press.net\/burkina\/sites\/42\/2026\/04\/sm_1777203789.823273.jpg 600w, https:\/\/static.africa-press.net\/burkina\/sites\/42\/2026\/04\/sm_1777203789.823273-300x191.jpg 300w\" sizes=\"(max-width: 600px) 100vw, 600px\" alt=\"\">\r\n                            <\/a>\r\n                            \r\n                        <\/figure>\r\n                    <\/div>\r\n                    <div class = \"td-slide-item td-item2\">\r\n                        <figure class=\"td-slide-galery-figure td-slide-popup-gallery\">\r\n                            <a class=\"slide-gallery-image-link\" href=\"https:\/\/static.africa-press.net\/burkina\/sites\/42\/2026\/04\/sm_1777203794.66401.jpg\" title=\"sm_1777203794.66401\"  data-caption=\"\"  data-description=\"\">\r\n                                <img decoding=\"async\" src=\"https:\/\/static.africa-press.net\/burkina\/sites\/42\/2026\/04\/sm_1777203794.66401.jpg\" srcset=\"https:\/\/static.africa-press.net\/burkina\/sites\/42\/2026\/04\/sm_1777203794.66401.jpg 600w, https:\/\/static.africa-press.net\/burkina\/sites\/42\/2026\/04\/sm_1777203794.66401-300x211.jpg 300w, https:\/\/static.africa-press.net\/burkina\/sites\/42\/2026\/04\/sm_1777203794.66401-100x70.jpg 100w\" sizes=\"(max-width: 600px) 100vw, 600px\" alt=\"\">\r\n                            <\/a>\r\n                            \r\n                        <\/figure>\r\n                    <\/div>\r\n                    <div class = \"td-slide-item td-item3\">\r\n                        <figure class=\"td-slide-galery-figure td-slide-popup-gallery\">\r\n                            <a class=\"slide-gallery-image-link\" href=\"https:\/\/static.africa-press.net\/burkina\/sites\/42\/2026\/04\/sm_1777203803.179325.jpg\" title=\"sm_1777203803.179325\"  data-caption=\"\"  data-description=\"\">\r\n                                <img decoding=\"async\" src=\"https:\/\/static.africa-press.net\/burkina\/sites\/42\/2026\/04\/sm_1777203803.179325.jpg\" srcset=\"https:\/\/static.africa-press.net\/burkina\/sites\/42\/2026\/04\/sm_1777203803.179325.jpg 600w, https:\/\/static.africa-press.net\/burkina\/sites\/42\/2026\/04\/sm_1777203803.179325-300x200.jpg 300w\" sizes=\"(max-width: 600px) 100vw, 600px\" alt=\"\">\r\n                            <\/a>\r\n                            \r\n                        <\/figure>\r\n                    <\/div>\r\n                    <div class = \"td-slide-item td-item4\">\r\n                        <figure class=\"td-slide-galery-figure td-slide-popup-gallery\">\r\n                            <a class=\"slide-gallery-image-link\" href=\"https:\/\/static.africa-press.net\/burkina\/sites\/42\/2026\/04\/sm_1777203808.393346.jpg\" title=\"sm_1777203808.393346\"  data-caption=\"\"  data-description=\"\">\r\n                                <img decoding=\"async\" src=\"https:\/\/static.africa-press.net\/burkina\/sites\/42\/2026\/04\/sm_1777203808.393346.jpg\" srcset=\"https:\/\/static.africa-press.net\/burkina\/sites\/42\/2026\/04\/sm_1777203808.393346.jpg 600w, https:\/\/static.africa-press.net\/burkina\/sites\/42\/2026\/04\/sm_1777203808.393346-300x208.jpg 300w, https:\/\/static.africa-press.net\/burkina\/sites\/42\/2026\/04\/sm_1777203808.393346-100x70.jpg 100w, https:\/\/static.africa-press.net\/burkina\/sites\/42\/2026\/04\/sm_1777203808.393346-218x150.jpg 218w\" sizes=\"(max-width: 600px) 100vw, 600px\" alt=\"\">\r\n                            <\/a>\r\n                            \r\n                        <\/figure>\r\n                    <\/div>\r\n                    <div class = \"td-slide-item td-item5\">\r\n                        <figure class=\"td-slide-galery-figure td-slide-popup-gallery\">\r\n                            <a class=\"slide-gallery-image-link\" href=\"https:\/\/static.africa-press.net\/burkina\/sites\/42\/2026\/04\/sm_1777203812.906685.jpg\" title=\"sm_1777203812.906685\"  data-caption=\"\"  data-description=\"\">\r\n                                <img decoding=\"async\" src=\"https:\/\/static.africa-press.net\/burkina\/sites\/42\/2026\/04\/sm_1777203812.906685.jpg\" srcset=\"https:\/\/static.africa-press.net\/burkina\/sites\/42\/2026\/04\/sm_1777203812.906685.jpg 600w, https:\/\/static.africa-press.net\/burkina\/sites\/42\/2026\/04\/sm_1777203812.906685-300x257.jpg 300w\" sizes=\"(max-width: 600px) 100vw, 600px\" alt=\"\">\r\n                            <\/a>\r\n                            \r\n                        <\/figure>\r\n                    <\/div>\r\n                    <div class = \"td-slide-item td-item6\">\r\n                        <figure class=\"td-slide-galery-figure td-slide-popup-gallery\">\r\n                            <a class=\"slide-gallery-image-link\" href=\"https:\/\/static.africa-press.net\/burkina\/sites\/42\/2026\/04\/sm_1777203818.920318.jpg\" title=\"sm_1777203818.920318\"  data-caption=\"\"  data-description=\"\">\r\n                                <img decoding=\"async\" src=\"https:\/\/static.africa-press.net\/burkina\/sites\/42\/2026\/04\/sm_1777203818.920318.jpg\" srcset=\"https:\/\/static.africa-press.net\/burkina\/sites\/42\/2026\/04\/sm_1777203818.920318.jpg 600w, https:\/\/static.africa-press.net\/burkina\/sites\/42\/2026\/04\/sm_1777203818.920318-300x200.jpg 300w\" sizes=\"(max-width: 600px) 100vw, 600px\" alt=\"\">\r\n                            <\/a>\r\n                            \r\n                        <\/figure>\r\n                    <\/div>\r\n                            <\/div>\r\n                        <\/div>\r\n\r\n                        <div class = \"td-doubleSlider-2\">\r\n                            <div class = \"td-slider\">\r\n                                \r\n                    <div class = \"td-button td-item1\">\r\n                        <div class = \"td-border\"><\/div>\r\n                    <\/div>\r\n                    <div class = \"td-button td-item2\">\r\n                        <div class = \"td-border\"><\/div>\r\n                    <\/div>\r\n                    <div class = \"td-button td-item3\">\r\n                        <div class = \"td-border\"><\/div>\r\n                    <\/div>\r\n                    <div class = \"td-button td-item4\">\r\n                        <div class = \"td-border\"><\/div>\r\n                    <\/div>\r\n                    <div class = \"td-button td-item5\">\r\n                        <div class = \"td-border\"><\/div>\r\n                    <\/div>\r\n                    <div class = \"td-button td-item6\">\r\n                        <div class = \"td-border\"><\/div>\r\n                    <\/div>\r\n                            <\/div>\r\n                        <\/div>\r\n\r\n                    <\/div>\r\n\r\n                <\/div>\r\n                \n<p><strong>Pour plus d&rsquo;informations et d&rsquo;analyses sur la <span style=\"color: #ff6600\">Burkina Faso<\/span>, suivez <span style=\"color: #ff6600\">Africa-Press<\/span><\/strong><\/p>\n","protected":false},"excerpt":{"rendered":"<p>Africa-Press &#8211; Burkina Faso. La 22e e\u0301dition de la Semaine nationale de la culture (SNC) a officiellement ouvert ses portes ce samedi 25 avril 2026 a\u0300 Bobo-Dioulasso, dans une ambiance festive. Pendant une semaine, jusqu\u2019au 2 mai, la capitale e\u0301conomique du Burkina Faso vibrera au rythme de cette grand\u2019messe culturelle qui ce\u0301le\u0300bre la richesse et [&hellip;]<\/p>\n","protected":false},"author":82,"featured_media":128959,"comment_status":"open","ping_status":"closed","sticky":false,"template":"","format":"standard","meta":{"footnotes":""},"categories":[5,8,10],"tags":[29],"class_list":["post-128960","post","type-post","status-publish","format-standard","has-post-thumbnail","hentry","category-culture-et-art","category-photo","category-toutes-les-actualites","tag-burkina-faso"],"yoast_head":"<!-- This site is optimized with the Yoast SEO Premium plugin v26.1 (Yoast SEO v27.0) - https:\/\/yoast.com\/product\/yoast-seo-premium-wordpress\/ -->\n<title>Semaine Nationale de la Culture: Re\u0301silience et Transmission - Burkina Faso<\/title>\n<meta name=\"description\" content=\"La 22e e\u0301dition de la Semaine nationale de la culture (SNC) a officiellement ouvert ses portes ce samedi 25 avril 2026 a ...\" \/>\n<meta name=\"robots\" content=\"index, follow, max-snippet:-1, max-image-preview:large, max-video-preview:-1\" \/>\n<link rel=\"canonical\" href=\"https:\/\/www.africa-press.net\/burkina-faso\/culture-et-art\/semaine-nationale-de-la-culture-resilience-et-transmission\" \/>\n<meta property=\"og:locale\" content=\"fr_FR\" \/>\n<meta property=\"og:type\" content=\"article\" \/>\n<meta property=\"og:title\" content=\"Semaine Nationale de la Culture: Re\u0301silience et Transmission\" \/>\n<meta property=\"og:description\" content=\"La 22e e\u0301dition de la Semaine nationale de la culture (SNC) a officiellement ouvert ses portes ce samedi 25 avril 2026 a ...\" \/>\n<meta property=\"og:url\" content=\"https:\/\/www.africa-press.net\/burkina-faso\/culture-et-art\/semaine-nationale-de-la-culture-resilience-et-transmission\" \/>\n<meta property=\"og:site_name\" content=\"Burkina Faso\" \/>\n<meta property=\"article:published_time\" content=\"2026-04-26T15:03:09+00:00\" \/>\n<meta property=\"article:modified_time\" content=\"2026-04-26T15:14:15+00:00\" \/>\n<meta property=\"og:image\" content=\"https:\/\/static.africa-press.net\/burkina\/sites\/42\/2026\/04\/sm_1777203824.059277.jpg\" \/>\n\t<meta property=\"og:image:width\" content=\"720\" \/>\n\t<meta property=\"og:image:height\" content=\"456\" \/>\n\t<meta property=\"og:image:type\" content=\"image\/jpeg\" \/>\n<meta name=\"author\" content=\"cfeditorfr\" \/>\n<meta name=\"twitter:card\" content=\"summary_large_image\" \/>\n<meta name=\"twitter:label1\" content=\"\u00c9crit par\" \/>\n\t<meta name=\"twitter:data1\" content=\"cfeditorfr\" \/>\n\t<meta name=\"twitter:label2\" content=\"Dur\u00e9e de lecture estim\u00e9e\" \/>\n\t<meta name=\"twitter:data2\" content=\"5 minutes\" \/>\n<script type=\"application\/ld+json\" class=\"yoast-schema-graph\">{\"@context\":\"https:\/\/schema.org\",\"@graph\":[{\"@type\":\"Article\",\"@id\":\"https:\/\/www.africa-press.net\/burkina-faso\/culture-et-art\/semaine-nationale-de-la-culture-resilience-et-transmission#article\",\"isPartOf\":{\"@id\":\"https:\/\/www.africa-press.net\/burkina-faso\/culture-et-art\/semaine-nationale-de-la-culture-resilience-et-transmission\"},\"author\":{\"name\":\"cfeditorfr\",\"@id\":\"https:\/\/www.africa-press.net\/burkina-faso\/#\/schema\/person\/2b1cf3cd81a31e3cd26889ca66d677f1\"},\"headline\":\"Semaine Nationale de la Culture: Re\u0301silience et Transmission\",\"datePublished\":\"2026-04-26T15:03:09+00:00\",\"dateModified\":\"2026-04-26T15:14:15+00:00\",\"mainEntityOfPage\":{\"@id\":\"https:\/\/www.africa-press.net\/burkina-faso\/culture-et-art\/semaine-nationale-de-la-culture-resilience-et-transmission\"},\"wordCount\":1024,\"commentCount\":0,\"image\":{\"@id\":\"https:\/\/www.africa-press.net\/burkina-faso\/culture-et-art\/semaine-nationale-de-la-culture-resilience-et-transmission#primaryimage\"},\"thumbnailUrl\":\"https:\/\/static.africa-press.net\/burkina\/sites\/42\/2026\/04\/sm_1777203824.059277.jpg\",\"keywords\":[\"Burkina Faso\"],\"articleSection\":[\"Culture et Art\",\"Photo\",\"Toutes les actualit\u00e9s\"],\"inLanguage\":\"fr-FR\",\"potentialAction\":[{\"@type\":\"CommentAction\",\"name\":\"Comment\",\"target\":[\"https:\/\/www.africa-press.net\/burkina-faso\/culture-et-art\/semaine-nationale-de-la-culture-resilience-et-transmission#respond\"]}]},{\"@type\":\"WebPage\",\"@id\":\"https:\/\/www.africa-press.net\/burkina-faso\/culture-et-art\/semaine-nationale-de-la-culture-resilience-et-transmission\",\"url\":\"https:\/\/www.africa-press.net\/burkina-faso\/culture-et-art\/semaine-nationale-de-la-culture-resilience-et-transmission\",\"name\":\"Semaine Nationale de la Culture: Re\u0301silience et Transmission - Burkina Faso\",\"isPartOf\":{\"@id\":\"https:\/\/www.africa-press.net\/burkina-faso\/#website\"},\"primaryImageOfPage\":{\"@id\":\"https:\/\/www.africa-press.net\/burkina-faso\/culture-et-art\/semaine-nationale-de-la-culture-resilience-et-transmission#primaryimage\"},\"image\":{\"@id\":\"https:\/\/www.africa-press.net\/burkina-faso\/culture-et-art\/semaine-nationale-de-la-culture-resilience-et-transmission#primaryimage\"},\"thumbnailUrl\":\"https:\/\/static.africa-press.net\/burkina\/sites\/42\/2026\/04\/sm_1777203824.059277.jpg\",\"datePublished\":\"2026-04-26T15:03:09+00:00\",\"dateModified\":\"2026-04-26T15:14:15+00:00\",\"author\":{\"@id\":\"https:\/\/www.africa-press.net\/burkina-faso\/#\/schema\/person\/2b1cf3cd81a31e3cd26889ca66d677f1\"},\"description\":\"La 22e e\u0301dition de la Semaine nationale de la culture (SNC) a officiellement ouvert ses portes ce samedi 25 avril 2026 a ...\",\"breadcrumb\":{\"@id\":\"https:\/\/www.africa-press.net\/burkina-faso\/culture-et-art\/semaine-nationale-de-la-culture-resilience-et-transmission#breadcrumb\"},\"inLanguage\":\"fr-FR\",\"potentialAction\":[{\"@type\":\"ReadAction\",\"target\":[\"https:\/\/www.africa-press.net\/burkina-faso\/culture-et-art\/semaine-nationale-de-la-culture-resilience-et-transmission\"]}]},{\"@type\":\"ImageObject\",\"inLanguage\":\"fr-FR\",\"@id\":\"https:\/\/www.africa-press.net\/burkina-faso\/culture-et-art\/semaine-nationale-de-la-culture-resilience-et-transmission#primaryimage\",\"url\":\"https:\/\/static.africa-press.net\/burkina\/sites\/42\/2026\/04\/sm_1777203824.059277.jpg\",\"contentUrl\":\"https:\/\/static.africa-press.net\/burkina\/sites\/42\/2026\/04\/sm_1777203824.059277.jpg\",\"width\":720,\"height\":456,\"caption\":\"Semaine Nationale de la Culture: Re\u0301silience et Transmission\"},{\"@type\":\"BreadcrumbList\",\"@id\":\"https:\/\/www.africa-press.net\/burkina-faso\/culture-et-art\/semaine-nationale-de-la-culture-resilience-et-transmission#breadcrumb\",\"itemListElement\":[{\"@type\":\"ListItem\",\"position\":1,\"name\":\"Accueil\",\"item\":\"https:\/\/www.africa-press.net\/burkina-faso\/\"},{\"@type\":\"ListItem\",\"position\":2,\"name\":\"Semaine Nationale de la Culture: Re\u0301silience et Transmission\"}]},{\"@type\":\"WebSite\",\"@id\":\"https:\/\/www.africa-press.net\/burkina-faso\/#website\",\"url\":\"https:\/\/www.africa-press.net\/burkina-faso\/\",\"name\":\"Burkina Faso\",\"description\":\"Just another Africa News Agency Sites site\",\"potentialAction\":[{\"@type\":\"SearchAction\",\"target\":{\"@type\":\"EntryPoint\",\"urlTemplate\":\"https:\/\/www.africa-press.net\/burkina-faso\/?s={search_term_string}\"},\"query-input\":{\"@type\":\"PropertyValueSpecification\",\"valueRequired\":true,\"valueName\":\"search_term_string\"}}],\"inLanguage\":\"fr-FR\"},{\"@type\":\"Person\",\"@id\":\"https:\/\/www.africa-press.net\/burkina-faso\/#\/schema\/person\/2b1cf3cd81a31e3cd26889ca66d677f1\",\"name\":\"cfeditorfr\"}]}<\/script>\n<!-- \/ Yoast SEO Premium plugin. -->","yoast_head_json":{"title":"Semaine Nationale de la Culture: Re\u0301silience et Transmission - Burkina Faso","description":"La 22e e\u0301dition de la Semaine nationale de la culture (SNC) a officiellement ouvert ses portes ce samedi 25 avril 2026 a ...","robots":{"index":"index","follow":"follow","max-snippet":"max-snippet:-1","max-image-preview":"max-image-preview:large","max-video-preview":"max-video-preview:-1"},"canonical":"https:\/\/www.africa-press.net\/burkina-faso\/culture-et-art\/semaine-nationale-de-la-culture-resilience-et-transmission","og_locale":"fr_FR","og_type":"article","og_title":"Semaine Nationale de la Culture: Re\u0301silience et Transmission","og_description":"La 22e e\u0301dition de la Semaine nationale de la culture (SNC) a officiellement ouvert ses portes ce samedi 25 avril 2026 a ...","og_url":"https:\/\/www.africa-press.net\/burkina-faso\/culture-et-art\/semaine-nationale-de-la-culture-resilience-et-transmission","og_site_name":"Burkina Faso","article_published_time":"2026-04-26T15:03:09+00:00","article_modified_time":"2026-04-26T15:14:15+00:00","og_image":[{"width":720,"height":456,"url":"https:\/\/static.africa-press.net\/burkina\/sites\/42\/2026\/04\/sm_1777203824.059277.jpg","type":"image\/jpeg"}],"author":"cfeditorfr","twitter_card":"summary_large_image","twitter_misc":{"\u00c9crit par":"cfeditorfr","Dur\u00e9e de lecture estim\u00e9e":"5 minutes"},"schema":{"@context":"https:\/\/schema.org","@graph":[{"@type":"Article","@id":"https:\/\/www.africa-press.net\/burkina-faso\/culture-et-art\/semaine-nationale-de-la-culture-resilience-et-transmission#article","isPartOf":{"@id":"https:\/\/www.africa-press.net\/burkina-faso\/culture-et-art\/semaine-nationale-de-la-culture-resilience-et-transmission"},"author":{"name":"cfeditorfr","@id":"https:\/\/www.africa-press.net\/burkina-faso\/#\/schema\/person\/2b1cf3cd81a31e3cd26889ca66d677f1"},"headline":"Semaine Nationale de la Culture: Re\u0301silience et Transmission","datePublished":"2026-04-26T15:03:09+00:00","dateModified":"2026-04-26T15:14:15+00:00","mainEntityOfPage":{"@id":"https:\/\/www.africa-press.net\/burkina-faso\/culture-et-art\/semaine-nationale-de-la-culture-resilience-et-transmission"},"wordCount":1024,"commentCount":0,"image":{"@id":"https:\/\/www.africa-press.net\/burkina-faso\/culture-et-art\/semaine-nationale-de-la-culture-resilience-et-transmission#primaryimage"},"thumbnailUrl":"https:\/\/static.africa-press.net\/burkina\/sites\/42\/2026\/04\/sm_1777203824.059277.jpg","keywords":["Burkina Faso"],"articleSection":["Culture et Art","Photo","Toutes les actualit\u00e9s"],"inLanguage":"fr-FR","potentialAction":[{"@type":"CommentAction","name":"Comment","target":["https:\/\/www.africa-press.net\/burkina-faso\/culture-et-art\/semaine-nationale-de-la-culture-resilience-et-transmission#respond"]}]},{"@type":"WebPage","@id":"https:\/\/www.africa-press.net\/burkina-faso\/culture-et-art\/semaine-nationale-de-la-culture-resilience-et-transmission","url":"https:\/\/www.africa-press.net\/burkina-faso\/culture-et-art\/semaine-nationale-de-la-culture-resilience-et-transmission","name":"Semaine Nationale de la Culture: Re\u0301silience et Transmission - Burkina Faso","isPartOf":{"@id":"https:\/\/www.africa-press.net\/burkina-faso\/#website"},"primaryImageOfPage":{"@id":"https:\/\/www.africa-press.net\/burkina-faso\/culture-et-art\/semaine-nationale-de-la-culture-resilience-et-transmission#primaryimage"},"image":{"@id":"https:\/\/www.africa-press.net\/burkina-faso\/culture-et-art\/semaine-nationale-de-la-culture-resilience-et-transmission#primaryimage"},"thumbnailUrl":"https:\/\/static.africa-press.net\/burkina\/sites\/42\/2026\/04\/sm_1777203824.059277.jpg","datePublished":"2026-04-26T15:03:09+00:00","dateModified":"2026-04-26T15:14:15+00:00","author":{"@id":"https:\/\/www.africa-press.net\/burkina-faso\/#\/schema\/person\/2b1cf3cd81a31e3cd26889ca66d677f1"},"description":"La 22e e\u0301dition de la Semaine nationale de la culture (SNC) a officiellement ouvert ses portes ce samedi 25 avril 2026 a ...","breadcrumb":{"@id":"https:\/\/www.africa-press.net\/burkina-faso\/culture-et-art\/semaine-nationale-de-la-culture-resilience-et-transmission#breadcrumb"},"inLanguage":"fr-FR","potentialAction":[{"@type":"ReadAction","target":["https:\/\/www.africa-press.net\/burkina-faso\/culture-et-art\/semaine-nationale-de-la-culture-resilience-et-transmission"]}]},{"@type":"ImageObject","inLanguage":"fr-FR","@id":"https:\/\/www.africa-press.net\/burkina-faso\/culture-et-art\/semaine-nationale-de-la-culture-resilience-et-transmission#primaryimage","url":"https:\/\/static.africa-press.net\/burkina\/sites\/42\/2026\/04\/sm_1777203824.059277.jpg","contentUrl":"https:\/\/static.africa-press.net\/burkina\/sites\/42\/2026\/04\/sm_1777203824.059277.jpg","width":720,"height":456,"caption":"Semaine Nationale de la Culture: Re\u0301silience et Transmission"},{"@type":"BreadcrumbList","@id":"https:\/\/www.africa-press.net\/burkina-faso\/culture-et-art\/semaine-nationale-de-la-culture-resilience-et-transmission#breadcrumb","itemListElement":[{"@type":"ListItem","position":1,"name":"Accueil","item":"https:\/\/www.africa-press.net\/burkina-faso\/"},{"@type":"ListItem","position":2,"name":"Semaine Nationale de la Culture: Re\u0301silience et Transmission"}]},{"@type":"WebSite","@id":"https:\/\/www.africa-press.net\/burkina-faso\/#website","url":"https:\/\/www.africa-press.net\/burkina-faso\/","name":"Burkina Faso","description":"Just another Africa News Agency Sites site","potentialAction":[{"@type":"SearchAction","target":{"@type":"EntryPoint","urlTemplate":"https:\/\/www.africa-press.net\/burkina-faso\/?s={search_term_string}"},"query-input":{"@type":"PropertyValueSpecification","valueRequired":true,"valueName":"search_term_string"}}],"inLanguage":"fr-FR"},{"@type":"Person","@id":"https:\/\/www.africa-press.net\/burkina-faso\/#\/schema\/person\/2b1cf3cd81a31e3cd26889ca66d677f1","name":"cfeditorfr"}]}},"_links":{"self":[{"href":"https:\/\/www.africa-press.net\/burkina-faso\/wp-json\/wp\/v2\/posts\/128960","targetHints":{"allow":["GET"]}}],"collection":[{"href":"https:\/\/www.africa-press.net\/burkina-faso\/wp-json\/wp\/v2\/posts"}],"about":[{"href":"https:\/\/www.africa-press.net\/burkina-faso\/wp-json\/wp\/v2\/types\/post"}],"author":[{"embeddable":true,"href":"https:\/\/www.africa-press.net\/burkina-faso\/wp-json\/wp\/v2\/users\/82"}],"replies":[{"embeddable":true,"href":"https:\/\/www.africa-press.net\/burkina-faso\/wp-json\/wp\/v2\/comments?post=128960"}],"version-history":[{"count":1,"href":"https:\/\/www.africa-press.net\/burkina-faso\/wp-json\/wp\/v2\/posts\/128960\/revisions"}],"predecessor-version":[{"id":128965,"href":"https:\/\/www.africa-press.net\/burkina-faso\/wp-json\/wp\/v2\/posts\/128960\/revisions\/128965"}],"wp:featuredmedia":[{"embeddable":true,"href":"https:\/\/www.africa-press.net\/burkina-faso\/wp-json\/wp\/v2\/media\/128959"}],"wp:attachment":[{"href":"https:\/\/www.africa-press.net\/burkina-faso\/wp-json\/wp\/v2\/media?parent=128960"}],"wp:term":[{"taxonomy":"category","embeddable":true,"href":"https:\/\/www.africa-press.net\/burkina-faso\/wp-json\/wp\/v2\/categories?post=128960"},{"taxonomy":"post_tag","embeddable":true,"href":"https:\/\/www.africa-press.net\/burkina-faso\/wp-json\/wp\/v2\/tags?post=128960"}],"curies":[{"name":"wp","href":"https:\/\/api.w.org\/{rel}","templated":true}]}}