{"id":128970,"date":"2026-04-26T15:04:27","date_gmt":"2026-04-26T15:04:27","guid":{"rendered":"https:\/\/www.africa-press.net\/burkina-faso\/politique\/snc-2026-ouvre-foire-artisanale-avec-500-stands"},"modified":"2026-04-26T15:15:25","modified_gmt":"2026-04-26T15:15:25","slug":"snc-2026-ouvre-foire-artisanale-avec-500-stands","status":"publish","type":"post","link":"https:\/\/www.africa-press.net\/burkina-faso\/culture-et-art\/snc-2026-ouvre-foire-artisanale-avec-500-stands","title":{"rendered":"SNC 2026 Ouvre Foire Artisanale avec 500 Stands"},"content":{"rendered":"<p><span style=\"color: #ff6600\"><strong>Africa-Press &#8211; Burkina Faso. <\/strong><\/span>Le ministre du De\u0301veloppement industriel, du commerce et de l\u2019artisanat, Serge Gnaniodem Poda, a proce\u0301de\u0301 a\u0300 l\u2019ouverture officielle de la foire artisanale et commerciale de la 22e e\u0301dition de la Semaine nationale de la culture (SNC), ce dimanche 26 avril 2026 a\u0300 Bobo-Dioulasso.<\/p>\n<p>\u00ab Au-dela\u0300 de son ro\u0302le de vitrine de la cre\u0301ativite\u0301 de nos artisans, cet espace constitue e\u0301galement un ve\u0301ritable cadre d\u2019e\u0301changes commerciaux entre les acteurs e\u0301conomiques. Il traduit l\u2019engagement du Gouvernement a\u0300 faire de l\u2019artisanat un levier majeur de de\u0301veloppement e\u0301conomique et social, mais aussi un instrument de cohe\u0301sion sociale dans notre pays. \u00bb, a souligne\u0301 le ministre Serge Gnaniodem Poda.<\/p>\n<p>Il a e\u0301galement indique\u0301 qu\u2019environ 500 stands ont e\u0301te\u0301 installe\u0301s sur l\u2019esplanade de la foire, et tous ont e\u0301te\u0301 entie\u0300rement souscrits. \u00ab Nous n\u2019avons me\u0302me pas pu satisfaire l\u2019ensemble des demandes, ce qui te\u0301moigne de l\u2019engouement suscite\u0301 par cette manifestation. Cela montre e\u0301galement toute son importance en marge des activite\u0301s de la Semaine nationale de la culture, en tant qu\u2019espace d\u2019exposition, de promotion, de re\u0301seautage et d\u2019opportunite\u0301s d\u2019affaires \u00bb.<\/p>\n<p>Apre\u0300s la coupure du ruban marquant l\u2019ouverture officielle, la de\u0301le\u0301gation ministe\u0301rielle a parcouru plusieurs stands, notamment ceux des partenaires de la SNC pour encourager les exposants et saluer la qualite\u0301 des \u0153uvres pre\u0301sente\u0301es.<\/p>\n<p>\u00ab Nous avons pu appre\u0301cier aussi bien des \u0153uvres artisanales que des produits finis issus d\u2019acteurs industriels et commerciaux. Tout cela contribue a\u0300 offrir un cadre ide\u0301al pour re\u0301aliser de bonnes affaires et acque\u0301rir des produits de qualite\u0301 a\u0300 des cou\u0302ts accessibles. \u00bb<\/p>\n<p>Le ministre en charge de l\u2019artisanat a par ailleurs fe\u0301licite\u0301 son colle\u0300gue en charge de la Culture, Gilbert Oue\u0301draogo, pour ce pari re\u0301ussi, ainsi que le comite\u0301 d\u2019organisation et les forces de de\u0301fense et de se\u0301curite\u0301. \u00ab Toutes les dispositions ont e\u0301te\u0301 prises pour que cette foire, et plus largement la Semaine nationale de la culture, se de\u0301roulent dans les meilleures conditions. \u00bb, a-t-il rassure\u0301.<\/p>\n<p>\u00ab Nous prions pour que cette semaine se de\u0301roule dans la paix et la se\u0301re\u0301nite\u0301, et que tous les festivaliers puissent pleinement profiter des activite\u0301s. C\u2019est le Burkina Faso qui gagne, ainsi que ses partenaires et amis since\u0300res \u00bb, a laisse\u0301 entendre le ministre Poda.<\/p>\n<p><b>Fredo Bassole\u0301<\/b><\/p>\n\r\n                <style type=\"text\/css\">\r\n                    \r\n                    #td_uid_1_69ee55d8d1ca6  .td-doubleSlider-2 .td-item1 {\r\n                        background: url(https:\/\/static.africa-press.net\/burkina\/sites\/42\/2026\/04\/sm_1777203859.393921-80x60.jpg) 0 0 no-repeat;\r\n                    }\r\n                    #td_uid_1_69ee55d8d1ca6  .td-doubleSlider-2 .td-item2 {\r\n                        background: url(https:\/\/static.africa-press.net\/burkina\/sites\/42\/2026\/04\/sm_1777203865.360549-80x60.jpg) 0 0 no-repeat;\r\n                    }\r\n                    #td_uid_1_69ee55d8d1ca6  .td-doubleSlider-2 .td-item3 {\r\n                        background: url(https:\/\/static.africa-press.net\/burkina\/sites\/42\/2026\/04\/sm_1777203869.872715-80x60.jpg) 0 0 no-repeat;\r\n                    }\r\n                <\/style>\r\n\r\n                <div id=\"td_uid_1_69ee55d8d1ca6\" class=\"td-gallery td-slide-on-2-columns\">\r\n                    <div class=\"post_td_gallery\">\r\n                        <div class=\"td-gallery-slide-top\">\r\n                           <div class=\"td-gallery-title\"><\/div>\r\n\r\n                            <div class=\"td-gallery-controls-wrapper\">\r\n                                <div class=\"td-gallery-slide-count\"><span class=\"td-gallery-slide-item-focus\">1<\/span> de 3<\/div>\r\n                                <div class=\"td-gallery-slide-prev-next-but\">\r\n                                    <i class = \"td-icon-left doubleSliderPrevButton\"><\/i>\r\n                                    <i class = \"td-icon-right doubleSliderNextButton\"><\/i>\r\n                                <\/div>\r\n                            <\/div>\r\n                        <\/div>\r\n\r\n                        <div class = \"td-doubleSlider-1 \">\r\n                            <div class = \"td-slider\">\r\n                                \r\n                    <div class = \"td-slide-item td-item1\">\r\n                        <figure class=\"td-slide-galery-figure td-slide-popup-gallery\">\r\n                            <a class=\"slide-gallery-image-link\" href=\"https:\/\/static.africa-press.net\/burkina\/sites\/42\/2026\/04\/sm_1777203859.393921.jpg\" title=\"sm_1777203859.393921\"  data-caption=\"\"  data-description=\"\">\r\n                                <img decoding=\"async\" src=\"https:\/\/static.africa-press.net\/burkina\/sites\/42\/2026\/04\/sm_1777203859.393921.jpg\" srcset=\"https:\/\/static.africa-press.net\/burkina\/sites\/42\/2026\/04\/sm_1777203859.393921.jpg 600w, https:\/\/static.africa-press.net\/burkina\/sites\/42\/2026\/04\/sm_1777203859.393921-300x200.jpg 300w\" sizes=\"(max-width: 600px) 100vw, 600px\" alt=\"\">\r\n                            <\/a>\r\n                            \r\n                        <\/figure>\r\n                    <\/div>\r\n                    <div class = \"td-slide-item td-item2\">\r\n                        <figure class=\"td-slide-galery-figure td-slide-popup-gallery\">\r\n                            <a class=\"slide-gallery-image-link\" href=\"https:\/\/static.africa-press.net\/burkina\/sites\/42\/2026\/04\/sm_1777203865.360549.jpg\" title=\"sm_1777203865.360549\"  data-caption=\"\"  data-description=\"\">\r\n                                <img decoding=\"async\" src=\"https:\/\/static.africa-press.net\/burkina\/sites\/42\/2026\/04\/sm_1777203865.360549.jpg\" srcset=\"https:\/\/static.africa-press.net\/burkina\/sites\/42\/2026\/04\/sm_1777203865.360549.jpg 600w, https:\/\/static.africa-press.net\/burkina\/sites\/42\/2026\/04\/sm_1777203865.360549-300x200.jpg 300w\" sizes=\"(max-width: 600px) 100vw, 600px\" alt=\"\">\r\n                            <\/a>\r\n                            \r\n                        <\/figure>\r\n                    <\/div>\r\n                    <div class = \"td-slide-item td-item3\">\r\n                        <figure class=\"td-slide-galery-figure td-slide-popup-gallery\">\r\n                            <a class=\"slide-gallery-image-link\" href=\"https:\/\/static.africa-press.net\/burkina\/sites\/42\/2026\/04\/sm_1777203869.872715.jpg\" title=\"sm_1777203869.872715\"  data-caption=\"\"  data-description=\"\">\r\n                                <img decoding=\"async\" src=\"https:\/\/static.africa-press.net\/burkina\/sites\/42\/2026\/04\/sm_1777203869.872715.jpg\" srcset=\"https:\/\/static.africa-press.net\/burkina\/sites\/42\/2026\/04\/sm_1777203869.872715.jpg 600w, https:\/\/static.africa-press.net\/burkina\/sites\/42\/2026\/04\/sm_1777203869.872715-300x200.jpg 300w\" sizes=\"(max-width: 600px) 100vw, 600px\" alt=\"\">\r\n                            <\/a>\r\n                            \r\n                        <\/figure>\r\n                    <\/div>\r\n                            <\/div>\r\n                        <\/div>\r\n\r\n                        <div class = \"td-doubleSlider-2\">\r\n                            <div class = \"td-slider\">\r\n                                \r\n                    <div class = \"td-button td-item1\">\r\n                        <div class = \"td-border\"><\/div>\r\n                    <\/div>\r\n                    <div class = \"td-button td-item2\">\r\n                        <div class = \"td-border\"><\/div>\r\n                    <\/div>\r\n                    <div class = \"td-button td-item3\">\r\n                        <div class = \"td-border\"><\/div>\r\n                    <\/div>\r\n                            <\/div>\r\n                        <\/div>\r\n\r\n                    <\/div>\r\n\r\n                <\/div>\r\n                \n<p><strong>Pour plus d&rsquo;informations et d&rsquo;analyses sur la <span style=\"color: #ff6600\">Burkina Faso<\/span>, suivez <span style=\"color: #ff6600\">Africa-Press<\/span><\/strong><\/p>\n","protected":false},"excerpt":{"rendered":"<p>Africa-Press &#8211; Burkina Faso. Le ministre du De\u0301veloppement industriel, du commerce et de l\u2019artisanat, Serge Gnaniodem Poda, a proce\u0301de\u0301 a\u0300 l\u2019ouverture officielle de la foire artisanale et commerciale de la 22e e\u0301dition de la Semaine nationale de la culture (SNC), ce dimanche 26 avril 2026 a\u0300 Bobo-Dioulasso. \u00ab Au-dela\u0300 de son ro\u0302le de vitrine de [&hellip;]<\/p>\n","protected":false},"author":82,"featured_media":128969,"comment_status":"open","ping_status":"closed","sticky":false,"template":"","format":"standard","meta":{"footnotes":""},"categories":[5,8,10],"tags":[29],"class_list":["post-128970","post","type-post","status-publish","format-standard","has-post-thumbnail","hentry","category-culture-et-art","category-photo","category-toutes-les-actualites","tag-burkina-faso"],"yoast_head":"<!-- This site is optimized with the Yoast SEO Premium plugin v26.1 (Yoast SEO v27.0) - https:\/\/yoast.com\/product\/yoast-seo-premium-wordpress\/ -->\n<title>SNC 2026 Ouvre Foire Artisanale avec 500 Stands - Burkina Faso<\/title>\n<meta name=\"description\" content=\"Le ministre du De\u0301veloppement industriel, du commerce et de l\u2019artisanat, Serge Gnaniodem Poda, a proce\u0301de\u0301 a\u0300 l\u2019ouvertur ...\" \/>\n<meta name=\"robots\" content=\"index, follow, max-snippet:-1, max-image-preview:large, max-video-preview:-1\" \/>\n<link rel=\"canonical\" href=\"https:\/\/www.africa-press.net\/burkina-faso\/culture-et-art\/snc-2026-ouvre-foire-artisanale-avec-500-stands\" \/>\n<meta property=\"og:locale\" content=\"fr_FR\" \/>\n<meta property=\"og:type\" content=\"article\" \/>\n<meta property=\"og:title\" content=\"SNC 2026 Ouvre Foire Artisanale avec 500 Stands\" \/>\n<meta property=\"og:description\" content=\"Le ministre du De\u0301veloppement industriel, du commerce et de l\u2019artisanat, Serge Gnaniodem Poda, a proce\u0301de\u0301 a\u0300 l\u2019ouvertur ...\" \/>\n<meta property=\"og:url\" content=\"https:\/\/www.africa-press.net\/burkina-faso\/culture-et-art\/snc-2026-ouvre-foire-artisanale-avec-500-stands\" \/>\n<meta property=\"og:site_name\" content=\"Burkina Faso\" \/>\n<meta property=\"article:published_time\" content=\"2026-04-26T15:04:27+00:00\" \/>\n<meta property=\"article:modified_time\" content=\"2026-04-26T15:15:25+00:00\" \/>\n<meta property=\"og:image\" content=\"https:\/\/static.africa-press.net\/burkina\/sites\/42\/2026\/04\/sm_1777203874.64059.jpg\" \/>\n\t<meta property=\"og:image:width\" content=\"720\" \/>\n\t<meta property=\"og:image:height\" content=\"480\" \/>\n\t<meta property=\"og:image:type\" content=\"image\/jpeg\" \/>\n<meta name=\"author\" content=\"cfeditorfr\" \/>\n<meta name=\"twitter:card\" content=\"summary_large_image\" \/>\n<meta name=\"twitter:label1\" content=\"\u00c9crit par\" \/>\n\t<meta name=\"twitter:data1\" content=\"cfeditorfr\" \/>\n\t<meta name=\"twitter:label2\" content=\"Dur\u00e9e de lecture estim\u00e9e\" \/>\n\t<meta name=\"twitter:data2\" content=\"3 minutes\" \/>\n<script type=\"application\/ld+json\" class=\"yoast-schema-graph\">{\"@context\":\"https:\/\/schema.org\",\"@graph\":[{\"@type\":\"Article\",\"@id\":\"https:\/\/www.africa-press.net\/burkina-faso\/culture-et-art\/snc-2026-ouvre-foire-artisanale-avec-500-stands#article\",\"isPartOf\":{\"@id\":\"https:\/\/www.africa-press.net\/burkina-faso\/culture-et-art\/snc-2026-ouvre-foire-artisanale-avec-500-stands\"},\"author\":{\"name\":\"cfeditorfr\",\"@id\":\"https:\/\/www.africa-press.net\/burkina-faso\/#\/schema\/person\/2b1cf3cd81a31e3cd26889ca66d677f1\"},\"headline\":\"SNC 2026 Ouvre Foire Artisanale avec 500 Stands\",\"datePublished\":\"2026-04-26T15:04:27+00:00\",\"dateModified\":\"2026-04-26T15:15:25+00:00\",\"mainEntityOfPage\":{\"@id\":\"https:\/\/www.africa-press.net\/burkina-faso\/culture-et-art\/snc-2026-ouvre-foire-artisanale-avec-500-stands\"},\"wordCount\":447,\"commentCount\":0,\"image\":{\"@id\":\"https:\/\/www.africa-press.net\/burkina-faso\/culture-et-art\/snc-2026-ouvre-foire-artisanale-avec-500-stands#primaryimage\"},\"thumbnailUrl\":\"https:\/\/static.africa-press.net\/burkina\/sites\/42\/2026\/04\/sm_1777203874.64059.jpg\",\"keywords\":[\"Burkina Faso\"],\"articleSection\":[\"Culture et Art\",\"Photo\",\"Toutes les actualit\u00e9s\"],\"inLanguage\":\"fr-FR\",\"potentialAction\":[{\"@type\":\"CommentAction\",\"name\":\"Comment\",\"target\":[\"https:\/\/www.africa-press.net\/burkina-faso\/culture-et-art\/snc-2026-ouvre-foire-artisanale-avec-500-stands#respond\"]}]},{\"@type\":\"WebPage\",\"@id\":\"https:\/\/www.africa-press.net\/burkina-faso\/culture-et-art\/snc-2026-ouvre-foire-artisanale-avec-500-stands\",\"url\":\"https:\/\/www.africa-press.net\/burkina-faso\/culture-et-art\/snc-2026-ouvre-foire-artisanale-avec-500-stands\",\"name\":\"SNC 2026 Ouvre Foire Artisanale avec 500 Stands - Burkina Faso\",\"isPartOf\":{\"@id\":\"https:\/\/www.africa-press.net\/burkina-faso\/#website\"},\"primaryImageOfPage\":{\"@id\":\"https:\/\/www.africa-press.net\/burkina-faso\/culture-et-art\/snc-2026-ouvre-foire-artisanale-avec-500-stands#primaryimage\"},\"image\":{\"@id\":\"https:\/\/www.africa-press.net\/burkina-faso\/culture-et-art\/snc-2026-ouvre-foire-artisanale-avec-500-stands#primaryimage\"},\"thumbnailUrl\":\"https:\/\/static.africa-press.net\/burkina\/sites\/42\/2026\/04\/sm_1777203874.64059.jpg\",\"datePublished\":\"2026-04-26T15:04:27+00:00\",\"dateModified\":\"2026-04-26T15:15:25+00:00\",\"author\":{\"@id\":\"https:\/\/www.africa-press.net\/burkina-faso\/#\/schema\/person\/2b1cf3cd81a31e3cd26889ca66d677f1\"},\"description\":\"Le ministre du De\u0301veloppement industriel, du commerce et de l\u2019artisanat, Serge Gnaniodem Poda, a proce\u0301de\u0301 a\u0300 l\u2019ouvertur ...\",\"breadcrumb\":{\"@id\":\"https:\/\/www.africa-press.net\/burkina-faso\/culture-et-art\/snc-2026-ouvre-foire-artisanale-avec-500-stands#breadcrumb\"},\"inLanguage\":\"fr-FR\",\"potentialAction\":[{\"@type\":\"ReadAction\",\"target\":[\"https:\/\/www.africa-press.net\/burkina-faso\/culture-et-art\/snc-2026-ouvre-foire-artisanale-avec-500-stands\"]}]},{\"@type\":\"ImageObject\",\"inLanguage\":\"fr-FR\",\"@id\":\"https:\/\/www.africa-press.net\/burkina-faso\/culture-et-art\/snc-2026-ouvre-foire-artisanale-avec-500-stands#primaryimage\",\"url\":\"https:\/\/static.africa-press.net\/burkina\/sites\/42\/2026\/04\/sm_1777203874.64059.jpg\",\"contentUrl\":\"https:\/\/static.africa-press.net\/burkina\/sites\/42\/2026\/04\/sm_1777203874.64059.jpg\",\"width\":720,\"height\":480,\"caption\":\"SNC 2026 Ouvre Foire Artisanale avec 500 Stands\"},{\"@type\":\"BreadcrumbList\",\"@id\":\"https:\/\/www.africa-press.net\/burkina-faso\/culture-et-art\/snc-2026-ouvre-foire-artisanale-avec-500-stands#breadcrumb\",\"itemListElement\":[{\"@type\":\"ListItem\",\"position\":1,\"name\":\"Accueil\",\"item\":\"https:\/\/www.africa-press.net\/burkina-faso\/\"},{\"@type\":\"ListItem\",\"position\":2,\"name\":\"SNC 2026 Ouvre Foire Artisanale avec 500 Stands\"}]},{\"@type\":\"WebSite\",\"@id\":\"https:\/\/www.africa-press.net\/burkina-faso\/#website\",\"url\":\"https:\/\/www.africa-press.net\/burkina-faso\/\",\"name\":\"Burkina Faso\",\"description\":\"Just another Africa News Agency Sites site\",\"potentialAction\":[{\"@type\":\"SearchAction\",\"target\":{\"@type\":\"EntryPoint\",\"urlTemplate\":\"https:\/\/www.africa-press.net\/burkina-faso\/?s={search_term_string}\"},\"query-input\":{\"@type\":\"PropertyValueSpecification\",\"valueRequired\":true,\"valueName\":\"search_term_string\"}}],\"inLanguage\":\"fr-FR\"},{\"@type\":\"Person\",\"@id\":\"https:\/\/www.africa-press.net\/burkina-faso\/#\/schema\/person\/2b1cf3cd81a31e3cd26889ca66d677f1\",\"name\":\"cfeditorfr\"}]}<\/script>\n<!-- \/ Yoast SEO Premium plugin. -->","yoast_head_json":{"title":"SNC 2026 Ouvre Foire Artisanale avec 500 Stands - Burkina Faso","description":"Le ministre du De\u0301veloppement industriel, du commerce et de l\u2019artisanat, Serge Gnaniodem Poda, a proce\u0301de\u0301 a\u0300 l\u2019ouvertur ...","robots":{"index":"index","follow":"follow","max-snippet":"max-snippet:-1","max-image-preview":"max-image-preview:large","max-video-preview":"max-video-preview:-1"},"canonical":"https:\/\/www.africa-press.net\/burkina-faso\/culture-et-art\/snc-2026-ouvre-foire-artisanale-avec-500-stands","og_locale":"fr_FR","og_type":"article","og_title":"SNC 2026 Ouvre Foire Artisanale avec 500 Stands","og_description":"Le ministre du De\u0301veloppement industriel, du commerce et de l\u2019artisanat, Serge Gnaniodem Poda, a proce\u0301de\u0301 a\u0300 l\u2019ouvertur ...","og_url":"https:\/\/www.africa-press.net\/burkina-faso\/culture-et-art\/snc-2026-ouvre-foire-artisanale-avec-500-stands","og_site_name":"Burkina Faso","article_published_time":"2026-04-26T15:04:27+00:00","article_modified_time":"2026-04-26T15:15:25+00:00","og_image":[{"width":720,"height":480,"url":"https:\/\/static.africa-press.net\/burkina\/sites\/42\/2026\/04\/sm_1777203874.64059.jpg","type":"image\/jpeg"}],"author":"cfeditorfr","twitter_card":"summary_large_image","twitter_misc":{"\u00c9crit par":"cfeditorfr","Dur\u00e9e de lecture estim\u00e9e":"3 minutes"},"schema":{"@context":"https:\/\/schema.org","@graph":[{"@type":"Article","@id":"https:\/\/www.africa-press.net\/burkina-faso\/culture-et-art\/snc-2026-ouvre-foire-artisanale-avec-500-stands#article","isPartOf":{"@id":"https:\/\/www.africa-press.net\/burkina-faso\/culture-et-art\/snc-2026-ouvre-foire-artisanale-avec-500-stands"},"author":{"name":"cfeditorfr","@id":"https:\/\/www.africa-press.net\/burkina-faso\/#\/schema\/person\/2b1cf3cd81a31e3cd26889ca66d677f1"},"headline":"SNC 2026 Ouvre Foire Artisanale avec 500 Stands","datePublished":"2026-04-26T15:04:27+00:00","dateModified":"2026-04-26T15:15:25+00:00","mainEntityOfPage":{"@id":"https:\/\/www.africa-press.net\/burkina-faso\/culture-et-art\/snc-2026-ouvre-foire-artisanale-avec-500-stands"},"wordCount":447,"commentCount":0,"image":{"@id":"https:\/\/www.africa-press.net\/burkina-faso\/culture-et-art\/snc-2026-ouvre-foire-artisanale-avec-500-stands#primaryimage"},"thumbnailUrl":"https:\/\/static.africa-press.net\/burkina\/sites\/42\/2026\/04\/sm_1777203874.64059.jpg","keywords":["Burkina Faso"],"articleSection":["Culture et Art","Photo","Toutes les actualit\u00e9s"],"inLanguage":"fr-FR","potentialAction":[{"@type":"CommentAction","name":"Comment","target":["https:\/\/www.africa-press.net\/burkina-faso\/culture-et-art\/snc-2026-ouvre-foire-artisanale-avec-500-stands#respond"]}]},{"@type":"WebPage","@id":"https:\/\/www.africa-press.net\/burkina-faso\/culture-et-art\/snc-2026-ouvre-foire-artisanale-avec-500-stands","url":"https:\/\/www.africa-press.net\/burkina-faso\/culture-et-art\/snc-2026-ouvre-foire-artisanale-avec-500-stands","name":"SNC 2026 Ouvre Foire Artisanale avec 500 Stands - Burkina Faso","isPartOf":{"@id":"https:\/\/www.africa-press.net\/burkina-faso\/#website"},"primaryImageOfPage":{"@id":"https:\/\/www.africa-press.net\/burkina-faso\/culture-et-art\/snc-2026-ouvre-foire-artisanale-avec-500-stands#primaryimage"},"image":{"@id":"https:\/\/www.africa-press.net\/burkina-faso\/culture-et-art\/snc-2026-ouvre-foire-artisanale-avec-500-stands#primaryimage"},"thumbnailUrl":"https:\/\/static.africa-press.net\/burkina\/sites\/42\/2026\/04\/sm_1777203874.64059.jpg","datePublished":"2026-04-26T15:04:27+00:00","dateModified":"2026-04-26T15:15:25+00:00","author":{"@id":"https:\/\/www.africa-press.net\/burkina-faso\/#\/schema\/person\/2b1cf3cd81a31e3cd26889ca66d677f1"},"description":"Le ministre du De\u0301veloppement industriel, du commerce et de l\u2019artisanat, Serge Gnaniodem Poda, a proce\u0301de\u0301 a\u0300 l\u2019ouvertur ...","breadcrumb":{"@id":"https:\/\/www.africa-press.net\/burkina-faso\/culture-et-art\/snc-2026-ouvre-foire-artisanale-avec-500-stands#breadcrumb"},"inLanguage":"fr-FR","potentialAction":[{"@type":"ReadAction","target":["https:\/\/www.africa-press.net\/burkina-faso\/culture-et-art\/snc-2026-ouvre-foire-artisanale-avec-500-stands"]}]},{"@type":"ImageObject","inLanguage":"fr-FR","@id":"https:\/\/www.africa-press.net\/burkina-faso\/culture-et-art\/snc-2026-ouvre-foire-artisanale-avec-500-stands#primaryimage","url":"https:\/\/static.africa-press.net\/burkina\/sites\/42\/2026\/04\/sm_1777203874.64059.jpg","contentUrl":"https:\/\/static.africa-press.net\/burkina\/sites\/42\/2026\/04\/sm_1777203874.64059.jpg","width":720,"height":480,"caption":"SNC 2026 Ouvre Foire Artisanale avec 500 Stands"},{"@type":"BreadcrumbList","@id":"https:\/\/www.africa-press.net\/burkina-faso\/culture-et-art\/snc-2026-ouvre-foire-artisanale-avec-500-stands#breadcrumb","itemListElement":[{"@type":"ListItem","position":1,"name":"Accueil","item":"https:\/\/www.africa-press.net\/burkina-faso\/"},{"@type":"ListItem","position":2,"name":"SNC 2026 Ouvre Foire Artisanale avec 500 Stands"}]},{"@type":"WebSite","@id":"https:\/\/www.africa-press.net\/burkina-faso\/#website","url":"https:\/\/www.africa-press.net\/burkina-faso\/","name":"Burkina Faso","description":"Just another Africa News Agency Sites site","potentialAction":[{"@type":"SearchAction","target":{"@type":"EntryPoint","urlTemplate":"https:\/\/www.africa-press.net\/burkina-faso\/?s={search_term_string}"},"query-input":{"@type":"PropertyValueSpecification","valueRequired":true,"valueName":"search_term_string"}}],"inLanguage":"fr-FR"},{"@type":"Person","@id":"https:\/\/www.africa-press.net\/burkina-faso\/#\/schema\/person\/2b1cf3cd81a31e3cd26889ca66d677f1","name":"cfeditorfr"}]}},"_links":{"self":[{"href":"https:\/\/www.africa-press.net\/burkina-faso\/wp-json\/wp\/v2\/posts\/128970","targetHints":{"allow":["GET"]}}],"collection":[{"href":"https:\/\/www.africa-press.net\/burkina-faso\/wp-json\/wp\/v2\/posts"}],"about":[{"href":"https:\/\/www.africa-press.net\/burkina-faso\/wp-json\/wp\/v2\/types\/post"}],"author":[{"embeddable":true,"href":"https:\/\/www.africa-press.net\/burkina-faso\/wp-json\/wp\/v2\/users\/82"}],"replies":[{"embeddable":true,"href":"https:\/\/www.africa-press.net\/burkina-faso\/wp-json\/wp\/v2\/comments?post=128970"}],"version-history":[{"count":1,"href":"https:\/\/www.africa-press.net\/burkina-faso\/wp-json\/wp\/v2\/posts\/128970\/revisions"}],"predecessor-version":[{"id":128972,"href":"https:\/\/www.africa-press.net\/burkina-faso\/wp-json\/wp\/v2\/posts\/128970\/revisions\/128972"}],"wp:featuredmedia":[{"embeddable":true,"href":"https:\/\/www.africa-press.net\/burkina-faso\/wp-json\/wp\/v2\/media\/128969"}],"wp:attachment":[{"href":"https:\/\/www.africa-press.net\/burkina-faso\/wp-json\/wp\/v2\/media?parent=128970"}],"wp:term":[{"taxonomy":"category","embeddable":true,"href":"https:\/\/www.africa-press.net\/burkina-faso\/wp-json\/wp\/v2\/categories?post=128970"},{"taxonomy":"post_tag","embeddable":true,"href":"https:\/\/www.africa-press.net\/burkina-faso\/wp-json\/wp\/v2\/tags?post=128970"}],"curies":[{"name":"wp","href":"https:\/\/api.w.org\/{rel}","templated":true}]}}