{"id":128984,"date":"2026-04-27T12:16:55","date_gmt":"2026-04-27T12:16:55","guid":{"rendered":"https:\/\/www.africa-press.net\/burkina-faso\/politique\/semaine-nationale-de-la-culture-2026-a-bobo-dioulasso"},"modified":"2026-04-27T13:20:09","modified_gmt":"2026-04-27T13:20:09","slug":"semaine-nationale-de-la-culture-2026-a-bobo-dioulasso","status":"publish","type":"post","link":"https:\/\/www.africa-press.net\/burkina-faso\/culture-et-art\/semaine-nationale-de-la-culture-2026-a-bobo-dioulasso","title":{"rendered":"Semaine Nationale de la Culture 2026 \u00e0 Bobo-Dioulasso"},"content":{"rendered":"<p><span style=\"color: #ff6600\"><strong>Africa-Press &#8211; Burkina Faso. <\/strong><\/span>A l\u2019occasion de la 22e e\u0301dition de la Semaine nationale de la culture, Bobo-Dioulasso a vibre\u0301 dans l\u2019apre\u0300s-midi du dimanche 26 avril 2026 au rythme de la fraternite\u0301 et du vivre-ensemble. Le site du village artisanal a servi de cadre a\u0300 la ce\u0301re\u0301monie officielle d\u2019ouverture de la Semaine de la fraternite\u0301 de l\u2019Alliance des E\u0301tats du Sahel (AES), couple\u0301e au lancement du Village des communaute\u0301s et de la Galerie de la gastronomie africaine. Place\u0301e sous la pre\u0301sidence du Premier ministre, repre\u0301sente\u0301 par le ministre des affaires e\u0301trange\u0300res et de la coope\u0301ration, Karamoko Jean-Marie Traore\u0301, cette ce\u0301re\u0301monie a e\u0301te\u0301 ainsi marque\u0301e par des allocutions, des prestations artistiques, la coupure symbolique du ruban et la visite des stands.<\/p>\n<p>Conside\u0301re\u0301 comme l\u2019un des espaces les plus emble\u0301matiques de la Semaine nationale de la culture (SNC), le Village des communaute\u0301s s\u2019impose une fois de plus comme un ve\u0301ritable carrefour d\u2019e\u0301changes et de de\u0301couvertes. Fide\u0300le a\u0300 sa vocation, cet espace met en lumie\u0300re la diversite\u0301 culturelle du Burkina Faso et du continent africain, tout en valorisant le brassage entre peuples. Ici, chaque communaute\u0301 pre\u0301sente ainsi ses traditions, son patrimoine et son identite\u0301, contribuant a\u0300 faire du village une vitrine vivante du patrimoine culturel immate\u0301riel.<\/p>\n<p>Dans ce creuset de diversite\u0301, les visiteurs de\u0301couvrent les multiples facettes du vivre-ensemble burkinabe\u0300. Les pratiques sociales comme la parente\u0301 a\u0300 plaisanterie, symbole fort de cohe\u0301sion et de paix, y co\u0302toient l\u2019expression artistique a\u0300 travers la musique et la danse traditionnelle. L\u2019art culinaire n\u2019est pas en reste, avec une varie\u0301te\u0301 de mets et de boissons traditionnelles qui te\u0301moignent du savoir-faire local et de la richesse des terroirs. Pour cette e\u0301dition 2026, le Village des communaute\u0301s rassemble 31 communaute\u0301s burkinabe\u0300 et 15 communaute\u0301s africaines, confirmant son ro\u0302le de plateforme d\u2019inte\u0301gration et de solidarite\u0301.<\/p>\n<p>Au-dela\u0300 de sa dimension culturelle, le Village des communaute\u0301s se veut e\u0301galement un espace ouvert et convivial. Il accueille des ressortissants africains vivant a\u0300 Bobo-Dioulasso, renforc\u0327ant ainsi les liens d\u2019inte\u0301gration sous-re\u0301gionale. Plus qu\u2019un simple espace d\u2019exposition, il constitue un lieu de vie, de dialogue et de ce\u0301le\u0301bration de l\u2019identite\u0301 collective.<\/p>\n<p>Dans son message, le pre\u0301sident de la de\u0301le\u0301gation spe\u0301ciale de la commune de Bobo-Dioulasso, Laurent Kontogom, a souligne\u0301 la porte\u0301e symbolique de la tenue de la Semaine de la fraternite\u0301 de l\u2019AE, a\u0300 l\u2019occasion de cette 22e e\u0301dition de la SNC. Il a rappele\u0301 que le choix de la ville de Sya pour abriter cette deuxie\u0300me e\u0301dition de la Semaine de la fraternite\u0301 de l\u2019AES, apre\u0300s Se\u0301gou, n\u2019est pas fortuit. \u00ab Bobo-Dioulasso a toujours cultive\u0301 la fraternite\u0301, car elle constitue le socle de la cohe\u0301sion sociale \u00bb, a-t-il affirme\u0301. Pour lui, accueillir la Semaine de la fraternite\u0301 en marge de la SNC est une reconnaissance de l\u2019hospitalite\u0301 le\u0301gendaire de la ville et de son engagement en faveur du vivre-ensemble.<\/p>\n<p><b>La culture comme facteur de re\u0301silience et de cohe\u0301sion<\/b><\/p>\n<p>Prenant la parole au nom des ministres en charge de la culture des pays de l\u2019AES, le ministre malien de l\u2019artisanat, de la culture, de l\u2019industrie ho\u0302telie\u0300re et du tourisme, Mamou Daffe\u0301, a salue\u0301 la vision des chefs d\u2019E\u0301tat du Burkina Faso, du Mali et du Niger. Il a notamment rendu hommage au capitaine Ibrahim Traore\u0301, au ge\u0301ne\u0301ral Abdourahamane Tiani et au ge\u0301ne\u0301ral Assimi Goi\u0308ta, dont l\u2019engagement constitue, selon lui, le socle de la dynamique de fraternite\u0301 en cours.<\/p>\n<p>Revenant sur la premie\u0300re e\u0301dition tenue a\u0300 Se\u0301gou, il a indique\u0301 qu\u2019elle a permis de poser les bases d\u2019un dialogue culturel fe\u0301cond entre les peuples du Sahel. \u00ab Cette semaine n\u2019est pas une simple rencontre, elle est une affirmation collective de notre volonte\u0301 de faire de la fraternite\u0301 un pilier de notre espace commun \u00bb, a-t-il de\u0301clare\u0301. Insistant sur le ro\u0302le central de la culture, il a rappele\u0301 qu\u2019elle relie les peuples a\u0300 travers leurs langues, leurs re\u0301cits et leurs pratiques. Dans un contexte marque\u0301 par de nombreux de\u0301fis, la culture apparai\u0302t, selon lui, comme un facteur de re\u0301silience et de cohe\u0301sion. Il a e\u0301galement lance\u0301 un appel a\u0300 la jeunesse, l\u2019invitant a\u0300 s\u2019approprier cette dynamique et a\u0300 \u0153uvrer pour la consolidation de cette fraternite\u0301 dans la dure\u0301e.<\/p>\n<p><b>La culture un levier essentiel d\u2019inte\u0301gration et de de\u0301veloppement<\/b><\/p>\n<p>Au nom du gouvernement burkinabe\u0300, le ministre des affaires e\u0301trange\u0300res et de la coope\u0301ration, Karamoko Jean-Marie Traore\u0301, a livre\u0301 le message du Premier ministre. Il a salue\u0301 la pre\u0301sence des de\u0301le\u0301gations du Mali et du Niger, y voyant un symbole fort de solidarite\u0301 et d\u2019engagement commun. Selon lui, la Confe\u0301de\u0301ration des E\u0301tats du Sahel incarne une vision strate\u0301gique visant a\u0300 ba\u0302tir un espace inte\u0301gre\u0301, souverain et re\u0301silient.<\/p>\n<p>Dans son discours, il a mis en exergue le ro\u0302le fondamental de la culture comme me\u0301moire collective, socle identitaire et instrument de souverainete\u0301. \u00ab La culture est une force unificatrice qui transcende les sie\u0300cles et les frontie\u0300res \u00bb, a-t-il souligne\u0301, rappelant ainsi que les peuples du Sahel partagent des valeurs communes d\u2019hospitalite\u0301, de solidarite\u0301 et de courage.<\/p>\n<p>Il a de\u0301cline\u0301 les ambitions culturelles de l\u2019AES, qui portent notamment sur la valorisation des patrimoines, la structuration des industries culturelles et cre\u0301atives, la mobilite\u0301 des artistes et le de\u0301veloppement d\u2019une diplomatie culturelle forte. La jeunesse, a-t-il insiste\u0301, doit e\u0302tre au c\u0153ur de cette dynamique, en tant qu\u2019acteur cle\u0301 de transformation et d\u2019innovation. Cette deuxie\u0300me e\u0301dition de la Semaine de la fraternite\u0301, pre\u0301vue du 26 avril au 1er mai 2026, propose un programme riche me\u0302lant panels, prestations artistiques, expositions et de\u0301gustations. Autant d\u2019activite\u0301s conc\u0327ues pour renforcer les liens entre les peuples et promouvoir une meilleure compre\u0301hension mutuelle.<\/p>\n<p><b>Romuald Dofini<\/b><\/p>\n\r\n                <style type=\"text\/css\">\r\n                    \r\n                    #td_uid_1_69efa6b74fdd9  .td-doubleSlider-2 .td-item1 {\r\n                        background: url(https:\/\/static.africa-press.net\/burkina\/sites\/42\/2026\/04\/sm_1777283118.596789-80x60.jpg) 0 0 no-repeat;\r\n                    }\r\n                    #td_uid_1_69efa6b74fdd9  .td-doubleSlider-2 .td-item2 {\r\n                        background: url(https:\/\/static.africa-press.net\/burkina\/sites\/42\/2026\/04\/sm_1777283125.115814-80x60.jpg) 0 0 no-repeat;\r\n                    }\r\n                    #td_uid_1_69efa6b74fdd9  .td-doubleSlider-2 .td-item3 {\r\n                        background: url(https:\/\/static.africa-press.net\/burkina\/sites\/42\/2026\/04\/sm_1777283129.788511-80x60.jpg) 0 0 no-repeat;\r\n                    }\r\n                    #td_uid_1_69efa6b74fdd9  .td-doubleSlider-2 .td-item4 {\r\n                        background: url(https:\/\/static.africa-press.net\/burkina\/sites\/42\/2026\/04\/sm_1777283134.285779-80x60.jpg) 0 0 no-repeat;\r\n                    }\r\n                    #td_uid_1_69efa6b74fdd9  .td-doubleSlider-2 .td-item5 {\r\n                        background: url(https:\/\/static.africa-press.net\/burkina\/sites\/42\/2026\/04\/sm_1777283139.218092-80x60.jpg) 0 0 no-repeat;\r\n                    }\r\n                    #td_uid_1_69efa6b74fdd9  .td-doubleSlider-2 .td-item6 {\r\n                        background: url(https:\/\/static.africa-press.net\/burkina\/sites\/42\/2026\/04\/sm_1777283144.326862-80x60.jpg) 0 0 no-repeat;\r\n                    }\r\n                <\/style>\r\n\r\n                <div id=\"td_uid_1_69efa6b74fdd9\" class=\"td-gallery td-slide-on-2-columns\">\r\n                    <div class=\"post_td_gallery\">\r\n                        <div class=\"td-gallery-slide-top\">\r\n                           <div class=\"td-gallery-title\"><\/div>\r\n\r\n                            <div class=\"td-gallery-controls-wrapper\">\r\n                                <div class=\"td-gallery-slide-count\"><span class=\"td-gallery-slide-item-focus\">1<\/span> de 6<\/div>\r\n                                <div class=\"td-gallery-slide-prev-next-but\">\r\n                                    <i class = \"td-icon-left doubleSliderPrevButton\"><\/i>\r\n                                    <i class = \"td-icon-right doubleSliderNextButton\"><\/i>\r\n                                <\/div>\r\n                            <\/div>\r\n                        <\/div>\r\n\r\n                        <div class = \"td-doubleSlider-1 \">\r\n                            <div class = \"td-slider\">\r\n                                \r\n                    <div class = \"td-slide-item td-item1\">\r\n                        <figure class=\"td-slide-galery-figure td-slide-popup-gallery\">\r\n                            <a class=\"slide-gallery-image-link\" href=\"https:\/\/static.africa-press.net\/burkina\/sites\/42\/2026\/04\/sm_1777283118.596789.jpg\" title=\"sm_1777283118.596789\"  data-caption=\"\"  data-description=\"\">\r\n                                <img decoding=\"async\" src=\"https:\/\/static.africa-press.net\/burkina\/sites\/42\/2026\/04\/sm_1777283118.596789.jpg\" srcset=\"https:\/\/static.africa-press.net\/burkina\/sites\/42\/2026\/04\/sm_1777283118.596789.jpg 600w, https:\/\/static.africa-press.net\/burkina\/sites\/42\/2026\/04\/sm_1777283118.596789-300x225.jpg 300w, https:\/\/static.africa-press.net\/burkina\/sites\/42\/2026\/04\/sm_1777283118.596789-80x60.jpg 80w\" sizes=\"(max-width: 600px) 100vw, 600px\" alt=\"\">\r\n                            <\/a>\r\n                            \r\n                        <\/figure>\r\n                    <\/div>\r\n                    <div class = \"td-slide-item td-item2\">\r\n                        <figure class=\"td-slide-galery-figure td-slide-popup-gallery\">\r\n                            <a class=\"slide-gallery-image-link\" href=\"https:\/\/static.africa-press.net\/burkina\/sites\/42\/2026\/04\/sm_1777283125.115814.jpg\" title=\"sm_1777283125.115814\"  data-caption=\"\"  data-description=\"\">\r\n                                <img decoding=\"async\" src=\"https:\/\/static.africa-press.net\/burkina\/sites\/42\/2026\/04\/sm_1777283125.115814.jpg\" srcset=\"https:\/\/static.africa-press.net\/burkina\/sites\/42\/2026\/04\/sm_1777283125.115814.jpg 600w, https:\/\/static.africa-press.net\/burkina\/sites\/42\/2026\/04\/sm_1777283125.115814-300x225.jpg 300w, https:\/\/static.africa-press.net\/burkina\/sites\/42\/2026\/04\/sm_1777283125.115814-80x60.jpg 80w\" sizes=\"(max-width: 600px) 100vw, 600px\" alt=\"\">\r\n                            <\/a>\r\n                            \r\n                        <\/figure>\r\n                    <\/div>\r\n                    <div class = \"td-slide-item td-item3\">\r\n                        <figure class=\"td-slide-galery-figure td-slide-popup-gallery\">\r\n                            <a class=\"slide-gallery-image-link\" href=\"https:\/\/static.africa-press.net\/burkina\/sites\/42\/2026\/04\/sm_1777283129.788511.jpg\" title=\"sm_1777283129.788511\"  data-caption=\"\"  data-description=\"\">\r\n                                <img decoding=\"async\" src=\"https:\/\/static.africa-press.net\/burkina\/sites\/42\/2026\/04\/sm_1777283129.788511.jpg\" srcset=\"https:\/\/static.africa-press.net\/burkina\/sites\/42\/2026\/04\/sm_1777283129.788511.jpg 600w, https:\/\/static.africa-press.net\/burkina\/sites\/42\/2026\/04\/sm_1777283129.788511-300x225.jpg 300w, https:\/\/static.africa-press.net\/burkina\/sites\/42\/2026\/04\/sm_1777283129.788511-80x60.jpg 80w\" sizes=\"(max-width: 600px) 100vw, 600px\" alt=\"\">\r\n                            <\/a>\r\n                            \r\n                        <\/figure>\r\n                    <\/div>\r\n                    <div class = \"td-slide-item td-item4\">\r\n                        <figure class=\"td-slide-galery-figure td-slide-popup-gallery\">\r\n                            <a class=\"slide-gallery-image-link\" href=\"https:\/\/static.africa-press.net\/burkina\/sites\/42\/2026\/04\/sm_1777283134.285779.jpg\" title=\"sm_1777283134.285779\"  data-caption=\"\"  data-description=\"\">\r\n                                <img decoding=\"async\" src=\"https:\/\/static.africa-press.net\/burkina\/sites\/42\/2026\/04\/sm_1777283134.285779.jpg\" srcset=\"https:\/\/static.africa-press.net\/burkina\/sites\/42\/2026\/04\/sm_1777283134.285779.jpg 600w, https:\/\/static.africa-press.net\/burkina\/sites\/42\/2026\/04\/sm_1777283134.285779-300x225.jpg 300w, https:\/\/static.africa-press.net\/burkina\/sites\/42\/2026\/04\/sm_1777283134.285779-80x60.jpg 80w\" sizes=\"(max-width: 600px) 100vw, 600px\" alt=\"\">\r\n                            <\/a>\r\n                            \r\n                        <\/figure>\r\n                    <\/div>\r\n                    <div class = \"td-slide-item td-item5\">\r\n                        <figure class=\"td-slide-galery-figure td-slide-popup-gallery\">\r\n                            <a class=\"slide-gallery-image-link\" href=\"https:\/\/static.africa-press.net\/burkina\/sites\/42\/2026\/04\/sm_1777283139.218092.jpg\" title=\"sm_1777283139.218092\"  data-caption=\"\"  data-description=\"\">\r\n                                <img decoding=\"async\" src=\"https:\/\/static.africa-press.net\/burkina\/sites\/42\/2026\/04\/sm_1777283139.218092.jpg\" srcset=\"https:\/\/static.africa-press.net\/burkina\/sites\/42\/2026\/04\/sm_1777283139.218092.jpg 600w, https:\/\/static.africa-press.net\/burkina\/sites\/42\/2026\/04\/sm_1777283139.218092-300x225.jpg 300w, https:\/\/static.africa-press.net\/burkina\/sites\/42\/2026\/04\/sm_1777283139.218092-80x60.jpg 80w\" sizes=\"(max-width: 600px) 100vw, 600px\" alt=\"\">\r\n                            <\/a>\r\n                            \r\n                        <\/figure>\r\n                    <\/div>\r\n                    <div class = \"td-slide-item td-item6\">\r\n                        <figure class=\"td-slide-galery-figure td-slide-popup-gallery\">\r\n                            <a class=\"slide-gallery-image-link\" href=\"https:\/\/static.africa-press.net\/burkina\/sites\/42\/2026\/04\/sm_1777283144.326862.jpg\" title=\"sm_1777283144.326862\"  data-caption=\"\"  data-description=\"\">\r\n                                <img decoding=\"async\" src=\"https:\/\/static.africa-press.net\/burkina\/sites\/42\/2026\/04\/sm_1777283144.326862.jpg\" srcset=\"https:\/\/static.africa-press.net\/burkina\/sites\/42\/2026\/04\/sm_1777283144.326862.jpg 600w, https:\/\/static.africa-press.net\/burkina\/sites\/42\/2026\/04\/sm_1777283144.326862-300x225.jpg 300w, https:\/\/static.africa-press.net\/burkina\/sites\/42\/2026\/04\/sm_1777283144.326862-80x60.jpg 80w\" sizes=\"(max-width: 600px) 100vw, 600px\" alt=\"\">\r\n                            <\/a>\r\n                            \r\n                        <\/figure>\r\n                    <\/div>\r\n                            <\/div>\r\n                        <\/div>\r\n\r\n                        <div class = \"td-doubleSlider-2\">\r\n                            <div class = \"td-slider\">\r\n                                \r\n                    <div class = \"td-button td-item1\">\r\n                        <div class = \"td-border\"><\/div>\r\n                    <\/div>\r\n                    <div class = \"td-button td-item2\">\r\n                        <div class = \"td-border\"><\/div>\r\n                    <\/div>\r\n                    <div class = \"td-button td-item3\">\r\n                        <div class = \"td-border\"><\/div>\r\n                    <\/div>\r\n                    <div class = \"td-button td-item4\">\r\n                        <div class = \"td-border\"><\/div>\r\n                    <\/div>\r\n                    <div class = \"td-button td-item5\">\r\n                        <div class = \"td-border\"><\/div>\r\n                    <\/div>\r\n                    <div class = \"td-button td-item6\">\r\n                        <div class = \"td-border\"><\/div>\r\n                    <\/div>\r\n                            <\/div>\r\n                        <\/div>\r\n\r\n                    <\/div>\r\n\r\n                <\/div>\r\n                \n<p><strong>Pour plus d&rsquo;informations et d&rsquo;analyses sur la <span style=\"color: #ff6600\">Burkina Faso<\/span>, suivez <span style=\"color: #ff6600\">Africa-Press<\/span><\/strong><\/p>\n","protected":false},"excerpt":{"rendered":"<p>Africa-Press &#8211; Burkina Faso. A l\u2019occasion de la 22e e\u0301dition de la Semaine nationale de la culture, Bobo-Dioulasso a vibre\u0301 dans l\u2019apre\u0300s-midi du dimanche 26 avril 2026 au rythme de la fraternite\u0301 et du vivre-ensemble. Le site du village artisanal a servi de cadre a\u0300 la ce\u0301re\u0301monie officielle d\u2019ouverture de la Semaine de la fraternite\u0301 [&hellip;]<\/p>\n","protected":false},"author":82,"featured_media":128983,"comment_status":"open","ping_status":"closed","sticky":false,"template":"","format":"standard","meta":{"footnotes":""},"categories":[5,8,10],"tags":[29],"class_list":["post-128984","post","type-post","status-publish","format-standard","has-post-thumbnail","hentry","category-culture-et-art","category-photo","category-toutes-les-actualites","tag-burkina-faso"],"yoast_head":"<!-- This site is optimized with the Yoast SEO Premium plugin v26.1 (Yoast SEO v27.0) - https:\/\/yoast.com\/product\/yoast-seo-premium-wordpress\/ -->\n<title>Semaine Nationale de la Culture 2026 \u00e0 Bobo-Dioulasso - Burkina Faso<\/title>\n<meta name=\"description\" content=\"A l\u2019occasion de la 22e e\u0301dition de la Semaine nationale de la culture, Bobo-Dioulasso a vibre\u0301 dans l\u2019apre\u0300s-midi du dim ...\" \/>\n<meta name=\"robots\" content=\"index, follow, max-snippet:-1, max-image-preview:large, max-video-preview:-1\" \/>\n<link rel=\"canonical\" href=\"https:\/\/www.africa-press.net\/burkina-faso\/culture-et-art\/semaine-nationale-de-la-culture-2026-a-bobo-dioulasso\" \/>\n<meta property=\"og:locale\" content=\"fr_FR\" \/>\n<meta property=\"og:type\" content=\"article\" \/>\n<meta property=\"og:title\" content=\"Semaine Nationale de la Culture 2026 \u00e0 Bobo-Dioulasso\" \/>\n<meta property=\"og:description\" content=\"A l\u2019occasion de la 22e e\u0301dition de la Semaine nationale de la culture, Bobo-Dioulasso a vibre\u0301 dans l\u2019apre\u0300s-midi du dim ...\" \/>\n<meta property=\"og:url\" content=\"https:\/\/www.africa-press.net\/burkina-faso\/culture-et-art\/semaine-nationale-de-la-culture-2026-a-bobo-dioulasso\" \/>\n<meta property=\"og:site_name\" content=\"Burkina Faso\" \/>\n<meta property=\"article:published_time\" content=\"2026-04-27T12:16:55+00:00\" \/>\n<meta property=\"article:modified_time\" content=\"2026-04-27T13:20:09+00:00\" \/>\n<meta property=\"og:image\" content=\"https:\/\/static.africa-press.net\/burkina\/sites\/42\/2026\/04\/sm_1777283152.571999.jpg\" \/>\n\t<meta property=\"og:image:width\" content=\"720\" \/>\n\t<meta property=\"og:image:height\" content=\"540\" \/>\n\t<meta property=\"og:image:type\" content=\"image\/jpeg\" \/>\n<meta name=\"author\" content=\"cfeditorfr\" \/>\n<meta name=\"twitter:card\" content=\"summary_large_image\" \/>\n<meta name=\"twitter:label1\" content=\"\u00c9crit par\" \/>\n\t<meta name=\"twitter:data1\" content=\"cfeditorfr\" \/>\n\t<meta name=\"twitter:label2\" content=\"Dur\u00e9e de lecture estim\u00e9e\" \/>\n\t<meta name=\"twitter:data2\" content=\"5 minutes\" \/>\n<script type=\"application\/ld+json\" class=\"yoast-schema-graph\">{\"@context\":\"https:\/\/schema.org\",\"@graph\":[{\"@type\":\"Article\",\"@id\":\"https:\/\/www.africa-press.net\/burkina-faso\/culture-et-art\/semaine-nationale-de-la-culture-2026-a-bobo-dioulasso#article\",\"isPartOf\":{\"@id\":\"https:\/\/www.africa-press.net\/burkina-faso\/culture-et-art\/semaine-nationale-de-la-culture-2026-a-bobo-dioulasso\"},\"author\":{\"name\":\"cfeditorfr\",\"@id\":\"https:\/\/www.africa-press.net\/burkina-faso\/#\/schema\/person\/2b1cf3cd81a31e3cd26889ca66d677f1\"},\"headline\":\"Semaine Nationale de la Culture 2026 \u00e0 Bobo-Dioulasso\",\"datePublished\":\"2026-04-27T12:16:55+00:00\",\"dateModified\":\"2026-04-27T13:20:09+00:00\",\"mainEntityOfPage\":{\"@id\":\"https:\/\/www.africa-press.net\/burkina-faso\/culture-et-art\/semaine-nationale-de-la-culture-2026-a-bobo-dioulasso\"},\"wordCount\":1079,\"commentCount\":0,\"image\":{\"@id\":\"https:\/\/www.africa-press.net\/burkina-faso\/culture-et-art\/semaine-nationale-de-la-culture-2026-a-bobo-dioulasso#primaryimage\"},\"thumbnailUrl\":\"https:\/\/static.africa-press.net\/burkina\/sites\/42\/2026\/04\/sm_1777283152.571999.jpg\",\"keywords\":[\"Burkina Faso\"],\"articleSection\":[\"Culture et Art\",\"Photo\",\"Toutes les actualit\u00e9s\"],\"inLanguage\":\"fr-FR\",\"potentialAction\":[{\"@type\":\"CommentAction\",\"name\":\"Comment\",\"target\":[\"https:\/\/www.africa-press.net\/burkina-faso\/culture-et-art\/semaine-nationale-de-la-culture-2026-a-bobo-dioulasso#respond\"]}]},{\"@type\":\"WebPage\",\"@id\":\"https:\/\/www.africa-press.net\/burkina-faso\/culture-et-art\/semaine-nationale-de-la-culture-2026-a-bobo-dioulasso\",\"url\":\"https:\/\/www.africa-press.net\/burkina-faso\/culture-et-art\/semaine-nationale-de-la-culture-2026-a-bobo-dioulasso\",\"name\":\"Semaine Nationale de la Culture 2026 \u00e0 Bobo-Dioulasso - Burkina Faso\",\"isPartOf\":{\"@id\":\"https:\/\/www.africa-press.net\/burkina-faso\/#website\"},\"primaryImageOfPage\":{\"@id\":\"https:\/\/www.africa-press.net\/burkina-faso\/culture-et-art\/semaine-nationale-de-la-culture-2026-a-bobo-dioulasso#primaryimage\"},\"image\":{\"@id\":\"https:\/\/www.africa-press.net\/burkina-faso\/culture-et-art\/semaine-nationale-de-la-culture-2026-a-bobo-dioulasso#primaryimage\"},\"thumbnailUrl\":\"https:\/\/static.africa-press.net\/burkina\/sites\/42\/2026\/04\/sm_1777283152.571999.jpg\",\"datePublished\":\"2026-04-27T12:16:55+00:00\",\"dateModified\":\"2026-04-27T13:20:09+00:00\",\"author\":{\"@id\":\"https:\/\/www.africa-press.net\/burkina-faso\/#\/schema\/person\/2b1cf3cd81a31e3cd26889ca66d677f1\"},\"description\":\"A l\u2019occasion de la 22e e\u0301dition de la Semaine nationale de la culture, Bobo-Dioulasso a vibre\u0301 dans l\u2019apre\u0300s-midi du dim ...\",\"breadcrumb\":{\"@id\":\"https:\/\/www.africa-press.net\/burkina-faso\/culture-et-art\/semaine-nationale-de-la-culture-2026-a-bobo-dioulasso#breadcrumb\"},\"inLanguage\":\"fr-FR\",\"potentialAction\":[{\"@type\":\"ReadAction\",\"target\":[\"https:\/\/www.africa-press.net\/burkina-faso\/culture-et-art\/semaine-nationale-de-la-culture-2026-a-bobo-dioulasso\"]}]},{\"@type\":\"ImageObject\",\"inLanguage\":\"fr-FR\",\"@id\":\"https:\/\/www.africa-press.net\/burkina-faso\/culture-et-art\/semaine-nationale-de-la-culture-2026-a-bobo-dioulasso#primaryimage\",\"url\":\"https:\/\/static.africa-press.net\/burkina\/sites\/42\/2026\/04\/sm_1777283152.571999.jpg\",\"contentUrl\":\"https:\/\/static.africa-press.net\/burkina\/sites\/42\/2026\/04\/sm_1777283152.571999.jpg\",\"width\":720,\"height\":540,\"caption\":\"Semaine Nationale de la Culture 2026 \u00e0 Bobo-Dioulasso\"},{\"@type\":\"BreadcrumbList\",\"@id\":\"https:\/\/www.africa-press.net\/burkina-faso\/culture-et-art\/semaine-nationale-de-la-culture-2026-a-bobo-dioulasso#breadcrumb\",\"itemListElement\":[{\"@type\":\"ListItem\",\"position\":1,\"name\":\"Accueil\",\"item\":\"https:\/\/www.africa-press.net\/burkina-faso\/\"},{\"@type\":\"ListItem\",\"position\":2,\"name\":\"Semaine Nationale de la Culture 2026 \u00e0 Bobo-Dioulasso\"}]},{\"@type\":\"WebSite\",\"@id\":\"https:\/\/www.africa-press.net\/burkina-faso\/#website\",\"url\":\"https:\/\/www.africa-press.net\/burkina-faso\/\",\"name\":\"Burkina Faso\",\"description\":\"Just another Africa News Agency Sites site\",\"potentialAction\":[{\"@type\":\"SearchAction\",\"target\":{\"@type\":\"EntryPoint\",\"urlTemplate\":\"https:\/\/www.africa-press.net\/burkina-faso\/?s={search_term_string}\"},\"query-input\":{\"@type\":\"PropertyValueSpecification\",\"valueRequired\":true,\"valueName\":\"search_term_string\"}}],\"inLanguage\":\"fr-FR\"},{\"@type\":\"Person\",\"@id\":\"https:\/\/www.africa-press.net\/burkina-faso\/#\/schema\/person\/2b1cf3cd81a31e3cd26889ca66d677f1\",\"name\":\"cfeditorfr\"}]}<\/script>\n<!-- \/ Yoast SEO Premium plugin. -->","yoast_head_json":{"title":"Semaine Nationale de la Culture 2026 \u00e0 Bobo-Dioulasso - Burkina Faso","description":"A l\u2019occasion de la 22e e\u0301dition de la Semaine nationale de la culture, Bobo-Dioulasso a vibre\u0301 dans l\u2019apre\u0300s-midi du dim ...","robots":{"index":"index","follow":"follow","max-snippet":"max-snippet:-1","max-image-preview":"max-image-preview:large","max-video-preview":"max-video-preview:-1"},"canonical":"https:\/\/www.africa-press.net\/burkina-faso\/culture-et-art\/semaine-nationale-de-la-culture-2026-a-bobo-dioulasso","og_locale":"fr_FR","og_type":"article","og_title":"Semaine Nationale de la Culture 2026 \u00e0 Bobo-Dioulasso","og_description":"A l\u2019occasion de la 22e e\u0301dition de la Semaine nationale de la culture, Bobo-Dioulasso a vibre\u0301 dans l\u2019apre\u0300s-midi du dim ...","og_url":"https:\/\/www.africa-press.net\/burkina-faso\/culture-et-art\/semaine-nationale-de-la-culture-2026-a-bobo-dioulasso","og_site_name":"Burkina Faso","article_published_time":"2026-04-27T12:16:55+00:00","article_modified_time":"2026-04-27T13:20:09+00:00","og_image":[{"width":720,"height":540,"url":"https:\/\/static.africa-press.net\/burkina\/sites\/42\/2026\/04\/sm_1777283152.571999.jpg","type":"image\/jpeg"}],"author":"cfeditorfr","twitter_card":"summary_large_image","twitter_misc":{"\u00c9crit par":"cfeditorfr","Dur\u00e9e de lecture estim\u00e9e":"5 minutes"},"schema":{"@context":"https:\/\/schema.org","@graph":[{"@type":"Article","@id":"https:\/\/www.africa-press.net\/burkina-faso\/culture-et-art\/semaine-nationale-de-la-culture-2026-a-bobo-dioulasso#article","isPartOf":{"@id":"https:\/\/www.africa-press.net\/burkina-faso\/culture-et-art\/semaine-nationale-de-la-culture-2026-a-bobo-dioulasso"},"author":{"name":"cfeditorfr","@id":"https:\/\/www.africa-press.net\/burkina-faso\/#\/schema\/person\/2b1cf3cd81a31e3cd26889ca66d677f1"},"headline":"Semaine Nationale de la Culture 2026 \u00e0 Bobo-Dioulasso","datePublished":"2026-04-27T12:16:55+00:00","dateModified":"2026-04-27T13:20:09+00:00","mainEntityOfPage":{"@id":"https:\/\/www.africa-press.net\/burkina-faso\/culture-et-art\/semaine-nationale-de-la-culture-2026-a-bobo-dioulasso"},"wordCount":1079,"commentCount":0,"image":{"@id":"https:\/\/www.africa-press.net\/burkina-faso\/culture-et-art\/semaine-nationale-de-la-culture-2026-a-bobo-dioulasso#primaryimage"},"thumbnailUrl":"https:\/\/static.africa-press.net\/burkina\/sites\/42\/2026\/04\/sm_1777283152.571999.jpg","keywords":["Burkina Faso"],"articleSection":["Culture et Art","Photo","Toutes les actualit\u00e9s"],"inLanguage":"fr-FR","potentialAction":[{"@type":"CommentAction","name":"Comment","target":["https:\/\/www.africa-press.net\/burkina-faso\/culture-et-art\/semaine-nationale-de-la-culture-2026-a-bobo-dioulasso#respond"]}]},{"@type":"WebPage","@id":"https:\/\/www.africa-press.net\/burkina-faso\/culture-et-art\/semaine-nationale-de-la-culture-2026-a-bobo-dioulasso","url":"https:\/\/www.africa-press.net\/burkina-faso\/culture-et-art\/semaine-nationale-de-la-culture-2026-a-bobo-dioulasso","name":"Semaine Nationale de la Culture 2026 \u00e0 Bobo-Dioulasso - Burkina Faso","isPartOf":{"@id":"https:\/\/www.africa-press.net\/burkina-faso\/#website"},"primaryImageOfPage":{"@id":"https:\/\/www.africa-press.net\/burkina-faso\/culture-et-art\/semaine-nationale-de-la-culture-2026-a-bobo-dioulasso#primaryimage"},"image":{"@id":"https:\/\/www.africa-press.net\/burkina-faso\/culture-et-art\/semaine-nationale-de-la-culture-2026-a-bobo-dioulasso#primaryimage"},"thumbnailUrl":"https:\/\/static.africa-press.net\/burkina\/sites\/42\/2026\/04\/sm_1777283152.571999.jpg","datePublished":"2026-04-27T12:16:55+00:00","dateModified":"2026-04-27T13:20:09+00:00","author":{"@id":"https:\/\/www.africa-press.net\/burkina-faso\/#\/schema\/person\/2b1cf3cd81a31e3cd26889ca66d677f1"},"description":"A l\u2019occasion de la 22e e\u0301dition de la Semaine nationale de la culture, Bobo-Dioulasso a vibre\u0301 dans l\u2019apre\u0300s-midi du dim ...","breadcrumb":{"@id":"https:\/\/www.africa-press.net\/burkina-faso\/culture-et-art\/semaine-nationale-de-la-culture-2026-a-bobo-dioulasso#breadcrumb"},"inLanguage":"fr-FR","potentialAction":[{"@type":"ReadAction","target":["https:\/\/www.africa-press.net\/burkina-faso\/culture-et-art\/semaine-nationale-de-la-culture-2026-a-bobo-dioulasso"]}]},{"@type":"ImageObject","inLanguage":"fr-FR","@id":"https:\/\/www.africa-press.net\/burkina-faso\/culture-et-art\/semaine-nationale-de-la-culture-2026-a-bobo-dioulasso#primaryimage","url":"https:\/\/static.africa-press.net\/burkina\/sites\/42\/2026\/04\/sm_1777283152.571999.jpg","contentUrl":"https:\/\/static.africa-press.net\/burkina\/sites\/42\/2026\/04\/sm_1777283152.571999.jpg","width":720,"height":540,"caption":"Semaine Nationale de la Culture 2026 \u00e0 Bobo-Dioulasso"},{"@type":"BreadcrumbList","@id":"https:\/\/www.africa-press.net\/burkina-faso\/culture-et-art\/semaine-nationale-de-la-culture-2026-a-bobo-dioulasso#breadcrumb","itemListElement":[{"@type":"ListItem","position":1,"name":"Accueil","item":"https:\/\/www.africa-press.net\/burkina-faso\/"},{"@type":"ListItem","position":2,"name":"Semaine Nationale de la Culture 2026 \u00e0 Bobo-Dioulasso"}]},{"@type":"WebSite","@id":"https:\/\/www.africa-press.net\/burkina-faso\/#website","url":"https:\/\/www.africa-press.net\/burkina-faso\/","name":"Burkina Faso","description":"Just another Africa News Agency Sites site","potentialAction":[{"@type":"SearchAction","target":{"@type":"EntryPoint","urlTemplate":"https:\/\/www.africa-press.net\/burkina-faso\/?s={search_term_string}"},"query-input":{"@type":"PropertyValueSpecification","valueRequired":true,"valueName":"search_term_string"}}],"inLanguage":"fr-FR"},{"@type":"Person","@id":"https:\/\/www.africa-press.net\/burkina-faso\/#\/schema\/person\/2b1cf3cd81a31e3cd26889ca66d677f1","name":"cfeditorfr"}]}},"_links":{"self":[{"href":"https:\/\/www.africa-press.net\/burkina-faso\/wp-json\/wp\/v2\/posts\/128984","targetHints":{"allow":["GET"]}}],"collection":[{"href":"https:\/\/www.africa-press.net\/burkina-faso\/wp-json\/wp\/v2\/posts"}],"about":[{"href":"https:\/\/www.africa-press.net\/burkina-faso\/wp-json\/wp\/v2\/types\/post"}],"author":[{"embeddable":true,"href":"https:\/\/www.africa-press.net\/burkina-faso\/wp-json\/wp\/v2\/users\/82"}],"replies":[{"embeddable":true,"href":"https:\/\/www.africa-press.net\/burkina-faso\/wp-json\/wp\/v2\/comments?post=128984"}],"version-history":[{"count":1,"href":"https:\/\/www.africa-press.net\/burkina-faso\/wp-json\/wp\/v2\/posts\/128984\/revisions"}],"predecessor-version":[{"id":128999,"href":"https:\/\/www.africa-press.net\/burkina-faso\/wp-json\/wp\/v2\/posts\/128984\/revisions\/128999"}],"wp:featuredmedia":[{"embeddable":true,"href":"https:\/\/www.africa-press.net\/burkina-faso\/wp-json\/wp\/v2\/media\/128983"}],"wp:attachment":[{"href":"https:\/\/www.africa-press.net\/burkina-faso\/wp-json\/wp\/v2\/media?parent=128984"}],"wp:term":[{"taxonomy":"category","embeddable":true,"href":"https:\/\/www.africa-press.net\/burkina-faso\/wp-json\/wp\/v2\/categories?post=128984"},{"taxonomy":"post_tag","embeddable":true,"href":"https:\/\/www.africa-press.net\/burkina-faso\/wp-json\/wp\/v2\/tags?post=128984"}],"curies":[{"name":"wp","href":"https:\/\/api.w.org\/{rel}","templated":true}]}}