{"id":128986,"date":"2026-04-27T12:40:03","date_gmt":"2026-04-27T12:40:03","guid":{"rendered":"https:\/\/www.africa-press.net\/burkina-faso\/politique\/solidarite-de-laes-au-peuple-malien-face-au-terrorisme"},"modified":"2026-04-27T13:20:32","modified_gmt":"2026-04-27T13:20:32","slug":"solidarite-de-laes-au-peuple-malien-face-au-terrorisme","status":"publish","type":"post","link":"https:\/\/www.africa-press.net\/burkina-faso\/politique\/solidarite-de-laes-au-peuple-malien-face-au-terrorisme","title":{"rendered":"Solidarit\u00e9 de l&rsquo;AES au peuple malien face au terrorisme"},"content":{"rendered":"<p><span style=\"color: #ff6600\"><strong>Africa-Press &#8211; Burkina Faso. <\/strong><\/span>Dans un communique\u0301 en date du 25 avril 2026, le capitaine Ibrahim Traore\u0301, en sa qualite\u0301 de pre\u0301sident en exercice de la Confe\u0301de\u0301ration des E\u0301tats du Sahel, a condamne\u0301 fermement les attaques terroristes dont a e\u0301te\u0301 victime le Mali.<\/p>\n<p>\u00a0\u00bb La persistance de ces agressions barbares et inhumaines porte la signature d\u2019un complot monstrueux soutenu par des ennemis de la lutte de libe\u0301ration du Sahel engage\u0301 a\u0300 travers la dynamique confe\u0301de\u0301rale de l\u2019AES\u00a0\u00bb, a affirme\u0301 le capitaine Ibrahim Traore\u0301 dans le communique\u0301.<\/p>\n<p>Il ajoute que les actions \u00a0\u00bb ignobles, la\u0302ches et barbares\u00a0\u00bb perpe\u0301tre\u0301es contre l\u2019E\u0301tat souverain du Mali ne sauraient e\u0301branler la volonte\u0301 des vaillants peuples du Sahel de vivre libres, en paix et dans la dignite\u0301.<\/p>\n<p>La Confe\u0301de\u0301ration des Etats du Sahel par la voix de son pre\u0301sident, a exprime\u0301 sa solidarite\u0301 totale, inconditionnelle et fraternelle au peuple malien, tout en adressant ses condole\u0301ances aux familles des martyrs. Elle a aussi exprime\u0301 sa gratitude a\u0300 tous les E\u0301tats et partenaires qui, dans un e\u0301lan de solidarite\u0301, ont te\u0301moigne\u0301 de leur soutien au peuple malien.<\/p>\n<p>La Confe\u0301de\u0301ration des E\u0301tats du Sahel a pour finir re\u0301ite\u0301re\u0301 son attachement sans faille a\u0300 la liberte\u0301, a\u0300 la souverainete\u0301 et a\u0300 la dignite\u0301 et renouvele\u0301 sa volonte\u0301 de poursuivre sa lutte jusqu\u2019a\u0300 la libe\u0301ration totale.<\/p>\n<p><strong>Pour plus d&rsquo;informations et d&rsquo;analyses sur la <span style=\"color: #ff6600\">Burkina Faso<\/span>, suivez <span style=\"color: #ff6600\">Africa-Press<\/span><\/strong><\/p>\n","protected":false},"excerpt":{"rendered":"<p>Africa-Press &#8211; Burkina Faso. Dans un communique\u0301 en date du 25 avril 2026, le capitaine Ibrahim Traore\u0301, en sa qualite\u0301 de pre\u0301sident en exercice de la Confe\u0301de\u0301ration des E\u0301tats du Sahel, a condamne\u0301 fermement les attaques terroristes dont a e\u0301te\u0301 victime le Mali. \u00a0\u00bb La persistance de ces agressions barbares et inhumaines porte la signature [&hellip;]<\/p>\n","protected":false},"author":82,"featured_media":128985,"comment_status":"open","ping_status":"closed","sticky":false,"template":"","format":"standard","meta":{"footnotes":""},"categories":[2,10],"tags":[29],"class_list":["post-128986","post","type-post","status-publish","format-standard","has-post-thumbnail","hentry","category-politique","category-toutes-les-actualites","tag-burkina-faso"],"yoast_head":"<!-- This site is optimized with the Yoast SEO Premium plugin v26.1 (Yoast SEO v27.0) - https:\/\/yoast.com\/product\/yoast-seo-premium-wordpress\/ -->\n<title>Solidarit\u00e9 de l&#039;AES au peuple malien face au terrorisme - Burkina Faso<\/title>\n<meta name=\"description\" content=\"Dans un communique\u0301 en date du 25 avril 2026, le capitaine Ibrahim Traore\u0301, en sa qualite\u0301 de pre\u0301sident en exercice de ...\" \/>\n<meta name=\"robots\" content=\"index, follow, max-snippet:-1, max-image-preview:large, max-video-preview:-1\" \/>\n<link rel=\"canonical\" href=\"https:\/\/www.africa-press.net\/burkina-faso\/politique\/solidarite-de-laes-au-peuple-malien-face-au-terrorisme\" \/>\n<meta property=\"og:locale\" content=\"fr_FR\" \/>\n<meta property=\"og:type\" content=\"article\" \/>\n<meta property=\"og:title\" content=\"Solidarit\u00e9 de l&#039;AES au peuple malien face au terrorisme\" \/>\n<meta property=\"og:description\" content=\"Dans un communique\u0301 en date du 25 avril 2026, le capitaine Ibrahim Traore\u0301, en sa qualite\u0301 de pre\u0301sident en exercice de ...\" \/>\n<meta property=\"og:url\" content=\"https:\/\/www.africa-press.net\/burkina-faso\/politique\/solidarite-de-laes-au-peuple-malien-face-au-terrorisme\" \/>\n<meta property=\"og:site_name\" content=\"Burkina Faso\" \/>\n<meta property=\"article:published_time\" content=\"2026-04-27T12:40:03+00:00\" \/>\n<meta property=\"article:modified_time\" content=\"2026-04-27T13:20:32+00:00\" \/>\n<meta property=\"og:image\" content=\"https:\/\/static.africa-press.net\/burkina\/sites\/42\/2026\/04\/sm_1777283165.523496.jpg\" \/>\n\t<meta property=\"og:image:width\" content=\"720\" \/>\n\t<meta property=\"og:image:height\" content=\"475\" \/>\n\t<meta property=\"og:image:type\" content=\"image\/jpeg\" \/>\n<meta name=\"author\" content=\"cfeditorfr\" \/>\n<meta name=\"twitter:card\" content=\"summary_large_image\" \/>\n<meta name=\"twitter:label1\" content=\"\u00c9crit par\" \/>\n\t<meta name=\"twitter:data1\" content=\"cfeditorfr\" \/>\n\t<meta name=\"twitter:label2\" content=\"Dur\u00e9e de lecture estim\u00e9e\" \/>\n\t<meta name=\"twitter:data2\" content=\"2 minutes\" \/>\n<script type=\"application\/ld+json\" class=\"yoast-schema-graph\">{\"@context\":\"https:\/\/schema.org\",\"@graph\":[{\"@type\":\"Article\",\"@id\":\"https:\/\/www.africa-press.net\/burkina-faso\/politique\/solidarite-de-laes-au-peuple-malien-face-au-terrorisme#article\",\"isPartOf\":{\"@id\":\"https:\/\/www.africa-press.net\/burkina-faso\/politique\/solidarite-de-laes-au-peuple-malien-face-au-terrorisme\"},\"author\":{\"name\":\"cfeditorfr\",\"@id\":\"https:\/\/www.africa-press.net\/burkina-faso\/#\/schema\/person\/2b1cf3cd81a31e3cd26889ca66d677f1\"},\"headline\":\"Solidarit\u00e9 de l&rsquo;AES au peuple malien face au terrorisme\",\"datePublished\":\"2026-04-27T12:40:03+00:00\",\"dateModified\":\"2026-04-27T13:20:32+00:00\",\"mainEntityOfPage\":{\"@id\":\"https:\/\/www.africa-press.net\/burkina-faso\/politique\/solidarite-de-laes-au-peuple-malien-face-au-terrorisme\"},\"wordCount\":264,\"commentCount\":0,\"image\":{\"@id\":\"https:\/\/www.africa-press.net\/burkina-faso\/politique\/solidarite-de-laes-au-peuple-malien-face-au-terrorisme#primaryimage\"},\"thumbnailUrl\":\"https:\/\/static.africa-press.net\/burkina\/sites\/42\/2026\/04\/sm_1777283165.523496.jpg\",\"keywords\":[\"Burkina Faso\"],\"articleSection\":[\"Politique\",\"Toutes les actualit\u00e9s\"],\"inLanguage\":\"fr-FR\",\"potentialAction\":[{\"@type\":\"CommentAction\",\"name\":\"Comment\",\"target\":[\"https:\/\/www.africa-press.net\/burkina-faso\/politique\/solidarite-de-laes-au-peuple-malien-face-au-terrorisme#respond\"]}]},{\"@type\":\"WebPage\",\"@id\":\"https:\/\/www.africa-press.net\/burkina-faso\/politique\/solidarite-de-laes-au-peuple-malien-face-au-terrorisme\",\"url\":\"https:\/\/www.africa-press.net\/burkina-faso\/politique\/solidarite-de-laes-au-peuple-malien-face-au-terrorisme\",\"name\":\"Solidarit\u00e9 de l'AES au peuple malien face au terrorisme - Burkina Faso\",\"isPartOf\":{\"@id\":\"https:\/\/www.africa-press.net\/burkina-faso\/#website\"},\"primaryImageOfPage\":{\"@id\":\"https:\/\/www.africa-press.net\/burkina-faso\/politique\/solidarite-de-laes-au-peuple-malien-face-au-terrorisme#primaryimage\"},\"image\":{\"@id\":\"https:\/\/www.africa-press.net\/burkina-faso\/politique\/solidarite-de-laes-au-peuple-malien-face-au-terrorisme#primaryimage\"},\"thumbnailUrl\":\"https:\/\/static.africa-press.net\/burkina\/sites\/42\/2026\/04\/sm_1777283165.523496.jpg\",\"datePublished\":\"2026-04-27T12:40:03+00:00\",\"dateModified\":\"2026-04-27T13:20:32+00:00\",\"author\":{\"@id\":\"https:\/\/www.africa-press.net\/burkina-faso\/#\/schema\/person\/2b1cf3cd81a31e3cd26889ca66d677f1\"},\"description\":\"Dans un communique\u0301 en date du 25 avril 2026, le capitaine Ibrahim Traore\u0301, en sa qualite\u0301 de pre\u0301sident en exercice de ...\",\"breadcrumb\":{\"@id\":\"https:\/\/www.africa-press.net\/burkina-faso\/politique\/solidarite-de-laes-au-peuple-malien-face-au-terrorisme#breadcrumb\"},\"inLanguage\":\"fr-FR\",\"potentialAction\":[{\"@type\":\"ReadAction\",\"target\":[\"https:\/\/www.africa-press.net\/burkina-faso\/politique\/solidarite-de-laes-au-peuple-malien-face-au-terrorisme\"]}]},{\"@type\":\"ImageObject\",\"inLanguage\":\"fr-FR\",\"@id\":\"https:\/\/www.africa-press.net\/burkina-faso\/politique\/solidarite-de-laes-au-peuple-malien-face-au-terrorisme#primaryimage\",\"url\":\"https:\/\/static.africa-press.net\/burkina\/sites\/42\/2026\/04\/sm_1777283165.523496.jpg\",\"contentUrl\":\"https:\/\/static.africa-press.net\/burkina\/sites\/42\/2026\/04\/sm_1777283165.523496.jpg\",\"width\":720,\"height\":475,\"caption\":\"Solidarit\u00e9 de l'AES au peuple malien face au terrorisme\"},{\"@type\":\"BreadcrumbList\",\"@id\":\"https:\/\/www.africa-press.net\/burkina-faso\/politique\/solidarite-de-laes-au-peuple-malien-face-au-terrorisme#breadcrumb\",\"itemListElement\":[{\"@type\":\"ListItem\",\"position\":1,\"name\":\"Accueil\",\"item\":\"https:\/\/www.africa-press.net\/burkina-faso\/\"},{\"@type\":\"ListItem\",\"position\":2,\"name\":\"Solidarit\u00e9 de l&#8217;AES au peuple malien face au terrorisme\"}]},{\"@type\":\"WebSite\",\"@id\":\"https:\/\/www.africa-press.net\/burkina-faso\/#website\",\"url\":\"https:\/\/www.africa-press.net\/burkina-faso\/\",\"name\":\"Burkina Faso\",\"description\":\"Just another Africa News Agency Sites site\",\"potentialAction\":[{\"@type\":\"SearchAction\",\"target\":{\"@type\":\"EntryPoint\",\"urlTemplate\":\"https:\/\/www.africa-press.net\/burkina-faso\/?s={search_term_string}\"},\"query-input\":{\"@type\":\"PropertyValueSpecification\",\"valueRequired\":true,\"valueName\":\"search_term_string\"}}],\"inLanguage\":\"fr-FR\"},{\"@type\":\"Person\",\"@id\":\"https:\/\/www.africa-press.net\/burkina-faso\/#\/schema\/person\/2b1cf3cd81a31e3cd26889ca66d677f1\",\"name\":\"cfeditorfr\"}]}<\/script>\n<!-- \/ Yoast SEO Premium plugin. -->","yoast_head_json":{"title":"Solidarit\u00e9 de l'AES au peuple malien face au terrorisme - Burkina Faso","description":"Dans un communique\u0301 en date du 25 avril 2026, le capitaine Ibrahim Traore\u0301, en sa qualite\u0301 de pre\u0301sident en exercice de ...","robots":{"index":"index","follow":"follow","max-snippet":"max-snippet:-1","max-image-preview":"max-image-preview:large","max-video-preview":"max-video-preview:-1"},"canonical":"https:\/\/www.africa-press.net\/burkina-faso\/politique\/solidarite-de-laes-au-peuple-malien-face-au-terrorisme","og_locale":"fr_FR","og_type":"article","og_title":"Solidarit\u00e9 de l'AES au peuple malien face au terrorisme","og_description":"Dans un communique\u0301 en date du 25 avril 2026, le capitaine Ibrahim Traore\u0301, en sa qualite\u0301 de pre\u0301sident en exercice de ...","og_url":"https:\/\/www.africa-press.net\/burkina-faso\/politique\/solidarite-de-laes-au-peuple-malien-face-au-terrorisme","og_site_name":"Burkina Faso","article_published_time":"2026-04-27T12:40:03+00:00","article_modified_time":"2026-04-27T13:20:32+00:00","og_image":[{"width":720,"height":475,"url":"https:\/\/static.africa-press.net\/burkina\/sites\/42\/2026\/04\/sm_1777283165.523496.jpg","type":"image\/jpeg"}],"author":"cfeditorfr","twitter_card":"summary_large_image","twitter_misc":{"\u00c9crit par":"cfeditorfr","Dur\u00e9e de lecture estim\u00e9e":"2 minutes"},"schema":{"@context":"https:\/\/schema.org","@graph":[{"@type":"Article","@id":"https:\/\/www.africa-press.net\/burkina-faso\/politique\/solidarite-de-laes-au-peuple-malien-face-au-terrorisme#article","isPartOf":{"@id":"https:\/\/www.africa-press.net\/burkina-faso\/politique\/solidarite-de-laes-au-peuple-malien-face-au-terrorisme"},"author":{"name":"cfeditorfr","@id":"https:\/\/www.africa-press.net\/burkina-faso\/#\/schema\/person\/2b1cf3cd81a31e3cd26889ca66d677f1"},"headline":"Solidarit\u00e9 de l&rsquo;AES au peuple malien face au terrorisme","datePublished":"2026-04-27T12:40:03+00:00","dateModified":"2026-04-27T13:20:32+00:00","mainEntityOfPage":{"@id":"https:\/\/www.africa-press.net\/burkina-faso\/politique\/solidarite-de-laes-au-peuple-malien-face-au-terrorisme"},"wordCount":264,"commentCount":0,"image":{"@id":"https:\/\/www.africa-press.net\/burkina-faso\/politique\/solidarite-de-laes-au-peuple-malien-face-au-terrorisme#primaryimage"},"thumbnailUrl":"https:\/\/static.africa-press.net\/burkina\/sites\/42\/2026\/04\/sm_1777283165.523496.jpg","keywords":["Burkina Faso"],"articleSection":["Politique","Toutes les actualit\u00e9s"],"inLanguage":"fr-FR","potentialAction":[{"@type":"CommentAction","name":"Comment","target":["https:\/\/www.africa-press.net\/burkina-faso\/politique\/solidarite-de-laes-au-peuple-malien-face-au-terrorisme#respond"]}]},{"@type":"WebPage","@id":"https:\/\/www.africa-press.net\/burkina-faso\/politique\/solidarite-de-laes-au-peuple-malien-face-au-terrorisme","url":"https:\/\/www.africa-press.net\/burkina-faso\/politique\/solidarite-de-laes-au-peuple-malien-face-au-terrorisme","name":"Solidarit\u00e9 de l'AES au peuple malien face au terrorisme - Burkina Faso","isPartOf":{"@id":"https:\/\/www.africa-press.net\/burkina-faso\/#website"},"primaryImageOfPage":{"@id":"https:\/\/www.africa-press.net\/burkina-faso\/politique\/solidarite-de-laes-au-peuple-malien-face-au-terrorisme#primaryimage"},"image":{"@id":"https:\/\/www.africa-press.net\/burkina-faso\/politique\/solidarite-de-laes-au-peuple-malien-face-au-terrorisme#primaryimage"},"thumbnailUrl":"https:\/\/static.africa-press.net\/burkina\/sites\/42\/2026\/04\/sm_1777283165.523496.jpg","datePublished":"2026-04-27T12:40:03+00:00","dateModified":"2026-04-27T13:20:32+00:00","author":{"@id":"https:\/\/www.africa-press.net\/burkina-faso\/#\/schema\/person\/2b1cf3cd81a31e3cd26889ca66d677f1"},"description":"Dans un communique\u0301 en date du 25 avril 2026, le capitaine Ibrahim Traore\u0301, en sa qualite\u0301 de pre\u0301sident en exercice de ...","breadcrumb":{"@id":"https:\/\/www.africa-press.net\/burkina-faso\/politique\/solidarite-de-laes-au-peuple-malien-face-au-terrorisme#breadcrumb"},"inLanguage":"fr-FR","potentialAction":[{"@type":"ReadAction","target":["https:\/\/www.africa-press.net\/burkina-faso\/politique\/solidarite-de-laes-au-peuple-malien-face-au-terrorisme"]}]},{"@type":"ImageObject","inLanguage":"fr-FR","@id":"https:\/\/www.africa-press.net\/burkina-faso\/politique\/solidarite-de-laes-au-peuple-malien-face-au-terrorisme#primaryimage","url":"https:\/\/static.africa-press.net\/burkina\/sites\/42\/2026\/04\/sm_1777283165.523496.jpg","contentUrl":"https:\/\/static.africa-press.net\/burkina\/sites\/42\/2026\/04\/sm_1777283165.523496.jpg","width":720,"height":475,"caption":"Solidarit\u00e9 de l'AES au peuple malien face au terrorisme"},{"@type":"BreadcrumbList","@id":"https:\/\/www.africa-press.net\/burkina-faso\/politique\/solidarite-de-laes-au-peuple-malien-face-au-terrorisme#breadcrumb","itemListElement":[{"@type":"ListItem","position":1,"name":"Accueil","item":"https:\/\/www.africa-press.net\/burkina-faso\/"},{"@type":"ListItem","position":2,"name":"Solidarit\u00e9 de l&#8217;AES au peuple malien face au terrorisme"}]},{"@type":"WebSite","@id":"https:\/\/www.africa-press.net\/burkina-faso\/#website","url":"https:\/\/www.africa-press.net\/burkina-faso\/","name":"Burkina Faso","description":"Just another Africa News Agency Sites site","potentialAction":[{"@type":"SearchAction","target":{"@type":"EntryPoint","urlTemplate":"https:\/\/www.africa-press.net\/burkina-faso\/?s={search_term_string}"},"query-input":{"@type":"PropertyValueSpecification","valueRequired":true,"valueName":"search_term_string"}}],"inLanguage":"fr-FR"},{"@type":"Person","@id":"https:\/\/www.africa-press.net\/burkina-faso\/#\/schema\/person\/2b1cf3cd81a31e3cd26889ca66d677f1","name":"cfeditorfr"}]}},"_links":{"self":[{"href":"https:\/\/www.africa-press.net\/burkina-faso\/wp-json\/wp\/v2\/posts\/128986","targetHints":{"allow":["GET"]}}],"collection":[{"href":"https:\/\/www.africa-press.net\/burkina-faso\/wp-json\/wp\/v2\/posts"}],"about":[{"href":"https:\/\/www.africa-press.net\/burkina-faso\/wp-json\/wp\/v2\/types\/post"}],"author":[{"embeddable":true,"href":"https:\/\/www.africa-press.net\/burkina-faso\/wp-json\/wp\/v2\/users\/82"}],"replies":[{"embeddable":true,"href":"https:\/\/www.africa-press.net\/burkina-faso\/wp-json\/wp\/v2\/comments?post=128986"}],"version-history":[{"count":1,"href":"https:\/\/www.africa-press.net\/burkina-faso\/wp-json\/wp\/v2\/posts\/128986\/revisions"}],"predecessor-version":[{"id":129000,"href":"https:\/\/www.africa-press.net\/burkina-faso\/wp-json\/wp\/v2\/posts\/128986\/revisions\/129000"}],"wp:featuredmedia":[{"embeddable":true,"href":"https:\/\/www.africa-press.net\/burkina-faso\/wp-json\/wp\/v2\/media\/128985"}],"wp:attachment":[{"href":"https:\/\/www.africa-press.net\/burkina-faso\/wp-json\/wp\/v2\/media?parent=128986"}],"wp:term":[{"taxonomy":"category","embeddable":true,"href":"https:\/\/www.africa-press.net\/burkina-faso\/wp-json\/wp\/v2\/categories?post=128986"},{"taxonomy":"post_tag","embeddable":true,"href":"https:\/\/www.africa-press.net\/burkina-faso\/wp-json\/wp\/v2\/tags?post=128986"}],"curies":[{"name":"wp","href":"https:\/\/api.w.org\/{rel}","templated":true}]}}