{"id":128997,"date":"2026-04-27T12:45:20","date_gmt":"2026-04-27T12:45:20","guid":{"rendered":"https:\/\/www.africa-press.net\/burkina-faso\/politique\/manifeste-de-la-revolution-progressiste-disponible"},"modified":"2026-04-27T13:22:11","modified_gmt":"2026-04-27T13:22:11","slug":"manifeste-de-la-revolution-progressiste-disponible","status":"publish","type":"post","link":"https:\/\/www.africa-press.net\/burkina-faso\/politique\/manifeste-de-la-revolution-progressiste-disponible","title":{"rendered":"Manifeste de la Re\u0301volution Progressiste Disponible"},"content":{"rendered":"<p><span style=\"color: #ff6600\"><strong>Africa-Press &#8211; Burkina Faso. <\/strong><\/span>Le Premier ministre Rimtalba Jean Emmanuel Oue\u0301draogo, a, au nom du Pre\u0301sident du Faso, proce\u0301de\u0301 au lancement du Manifeste de la Re\u0301volution Progressiste Populaire (RPP). C\u2019e\u0301tait ce dimanche 26 avril 2026 au stand \u2018\u2019Koulouba\u2019\u2019 de la Pre\u0301sidence du Faso, rapporte la Direction de la communication de l\u2019institution.<\/p>\n<p>La ce\u0301re\u0301monie de lancement du Manifeste de la Re\u0301volution Progressiste Populaire a enregistre\u0301 la pre\u0301sence des Premiers ministres du Mali, le Ge\u0301ne\u0301ral de Division Abdoulaye Mai\u0308ga, et Ali Mahaman Lamine Zeine du Niger.<\/p>\n<p>Selon le Premier ministre burkinabe\u0300, le Manifeste est un livre de poche qui fixe le cap de la dynamique actuelle au Burkina Faso, et qui permet de de\u0301couvrir les grands projets historiques, transformationnels que le Pre\u0301sident du Faso a pour notre pays.<\/p>\n<p>Le manifeste de 52 pages, est articule\u0301 en six chapitres portant sur la vision de la de\u0301fense nationale et de la guerre, le progre\u0300s socioe\u0301conomique inclusif, le re\u0301armement culturel, la diplomatie et les relations internationales, le renforcement de la gouvernance et les proble\u0301matiques socie\u0301tales.<\/p>\n<p>Il pre\u0301sente la socie\u0301te\u0301 actuelle et se projette vers l\u2019ide\u0301al recherche\u0301. Pour faciliter l\u2019appropriation du Manifeste, la Pre\u0301sidence du Faso annonce sa traduction dans les langues officielles nationales et en anglais.<\/p>\n<p><strong>Pour plus d&rsquo;informations et d&rsquo;analyses sur la <span style=\"color: #ff6600\">Burkina Faso<\/span>, suivez <span style=\"color: #ff6600\">Africa-Press<\/span><\/strong><\/p>\n","protected":false},"excerpt":{"rendered":"<p>Africa-Press &#8211; Burkina Faso. Le Premier ministre Rimtalba Jean Emmanuel Oue\u0301draogo, a, au nom du Pre\u0301sident du Faso, proce\u0301de\u0301 au lancement du Manifeste de la Re\u0301volution Progressiste Populaire (RPP). C\u2019e\u0301tait ce dimanche 26 avril 2026 au stand \u2018\u2019Koulouba\u2019\u2019 de la Pre\u0301sidence du Faso, rapporte la Direction de la communication de l\u2019institution. La ce\u0301re\u0301monie de lancement [&hellip;]<\/p>\n","protected":false},"author":82,"featured_media":128996,"comment_status":"open","ping_status":"closed","sticky":false,"template":"","format":"standard","meta":{"footnotes":""},"categories":[2,20,10],"tags":[29],"class_list":["post-128997","post","type-post","status-publish","format-standard","has-post-thumbnail","hentry","category-politique","category-top-nouvelles","category-toutes-les-actualites","tag-burkina-faso"],"yoast_head":"<!-- This site is optimized with the Yoast SEO Premium plugin v26.1 (Yoast SEO v27.0) - https:\/\/yoast.com\/product\/yoast-seo-premium-wordpress\/ -->\n<title>Manifeste de la Re\u0301volution Progressiste Disponible - Burkina Faso<\/title>\n<meta name=\"description\" content=\"Le Premier ministre Rimtalba Jean Emmanuel Oue\u0301draogo, a, au nom du Pre\u0301sident du Faso, proce\u0301de\u0301 au lancement du Manife ...\" \/>\n<meta name=\"robots\" content=\"index, follow, max-snippet:-1, max-image-preview:large, max-video-preview:-1\" \/>\n<link rel=\"canonical\" href=\"https:\/\/www.africa-press.net\/burkina-faso\/politique\/manifeste-de-la-revolution-progressiste-disponible\" \/>\n<meta property=\"og:locale\" content=\"fr_FR\" \/>\n<meta property=\"og:type\" content=\"article\" \/>\n<meta property=\"og:title\" content=\"Manifeste de la Re\u0301volution Progressiste Disponible\" \/>\n<meta property=\"og:description\" content=\"Le Premier ministre Rimtalba Jean Emmanuel Oue\u0301draogo, a, au nom du Pre\u0301sident du Faso, proce\u0301de\u0301 au lancement du Manife ...\" \/>\n<meta property=\"og:url\" content=\"https:\/\/www.africa-press.net\/burkina-faso\/politique\/manifeste-de-la-revolution-progressiste-disponible\" \/>\n<meta property=\"og:site_name\" content=\"Burkina Faso\" \/>\n<meta property=\"article:published_time\" content=\"2026-04-27T12:45:20+00:00\" \/>\n<meta property=\"article:modified_time\" content=\"2026-04-27T13:22:11+00:00\" \/>\n<meta property=\"og:image\" content=\"https:\/\/static.africa-press.net\/burkina\/sites\/42\/2026\/04\/sm_1777283261.29681.jpg\" \/>\n\t<meta property=\"og:image:width\" content=\"720\" \/>\n\t<meta property=\"og:image:height\" content=\"522\" \/>\n\t<meta property=\"og:image:type\" content=\"image\/jpeg\" \/>\n<meta name=\"author\" content=\"cfeditorfr\" \/>\n<meta name=\"twitter:card\" content=\"summary_large_image\" \/>\n<meta name=\"twitter:label1\" content=\"\u00c9crit par\" \/>\n\t<meta name=\"twitter:data1\" content=\"cfeditorfr\" \/>\n\t<meta name=\"twitter:label2\" content=\"Dur\u00e9e de lecture estim\u00e9e\" \/>\n\t<meta name=\"twitter:data2\" content=\"2 minutes\" \/>\n<script type=\"application\/ld+json\" class=\"yoast-schema-graph\">{\"@context\":\"https:\/\/schema.org\",\"@graph\":[{\"@type\":\"Article\",\"@id\":\"https:\/\/www.africa-press.net\/burkina-faso\/politique\/manifeste-de-la-revolution-progressiste-disponible#article\",\"isPartOf\":{\"@id\":\"https:\/\/www.africa-press.net\/burkina-faso\/politique\/manifeste-de-la-revolution-progressiste-disponible\"},\"author\":{\"name\":\"cfeditorfr\",\"@id\":\"https:\/\/www.africa-press.net\/burkina-faso\/#\/schema\/person\/2b1cf3cd81a31e3cd26889ca66d677f1\"},\"headline\":\"Manifeste de la Re\u0301volution Progressiste Disponible\",\"datePublished\":\"2026-04-27T12:45:20+00:00\",\"dateModified\":\"2026-04-27T13:22:11+00:00\",\"mainEntityOfPage\":{\"@id\":\"https:\/\/www.africa-press.net\/burkina-faso\/politique\/manifeste-de-la-revolution-progressiste-disponible\"},\"wordCount\":247,\"commentCount\":0,\"image\":{\"@id\":\"https:\/\/www.africa-press.net\/burkina-faso\/politique\/manifeste-de-la-revolution-progressiste-disponible#primaryimage\"},\"thumbnailUrl\":\"https:\/\/static.africa-press.net\/burkina\/sites\/42\/2026\/04\/sm_1777283261.29681.jpg\",\"keywords\":[\"Burkina Faso\"],\"articleSection\":[\"Politique\",\"Top Nouvelles\",\"Toutes les actualit\u00e9s\"],\"inLanguage\":\"fr-FR\",\"potentialAction\":[{\"@type\":\"CommentAction\",\"name\":\"Comment\",\"target\":[\"https:\/\/www.africa-press.net\/burkina-faso\/politique\/manifeste-de-la-revolution-progressiste-disponible#respond\"]}]},{\"@type\":\"WebPage\",\"@id\":\"https:\/\/www.africa-press.net\/burkina-faso\/politique\/manifeste-de-la-revolution-progressiste-disponible\",\"url\":\"https:\/\/www.africa-press.net\/burkina-faso\/politique\/manifeste-de-la-revolution-progressiste-disponible\",\"name\":\"Manifeste de la Re\u0301volution Progressiste Disponible - Burkina Faso\",\"isPartOf\":{\"@id\":\"https:\/\/www.africa-press.net\/burkina-faso\/#website\"},\"primaryImageOfPage\":{\"@id\":\"https:\/\/www.africa-press.net\/burkina-faso\/politique\/manifeste-de-la-revolution-progressiste-disponible#primaryimage\"},\"image\":{\"@id\":\"https:\/\/www.africa-press.net\/burkina-faso\/politique\/manifeste-de-la-revolution-progressiste-disponible#primaryimage\"},\"thumbnailUrl\":\"https:\/\/static.africa-press.net\/burkina\/sites\/42\/2026\/04\/sm_1777283261.29681.jpg\",\"datePublished\":\"2026-04-27T12:45:20+00:00\",\"dateModified\":\"2026-04-27T13:22:11+00:00\",\"author\":{\"@id\":\"https:\/\/www.africa-press.net\/burkina-faso\/#\/schema\/person\/2b1cf3cd81a31e3cd26889ca66d677f1\"},\"description\":\"Le Premier ministre Rimtalba Jean Emmanuel Oue\u0301draogo, a, au nom du Pre\u0301sident du Faso, proce\u0301de\u0301 au lancement du Manife ...\",\"breadcrumb\":{\"@id\":\"https:\/\/www.africa-press.net\/burkina-faso\/politique\/manifeste-de-la-revolution-progressiste-disponible#breadcrumb\"},\"inLanguage\":\"fr-FR\",\"potentialAction\":[{\"@type\":\"ReadAction\",\"target\":[\"https:\/\/www.africa-press.net\/burkina-faso\/politique\/manifeste-de-la-revolution-progressiste-disponible\"]}]},{\"@type\":\"ImageObject\",\"inLanguage\":\"fr-FR\",\"@id\":\"https:\/\/www.africa-press.net\/burkina-faso\/politique\/manifeste-de-la-revolution-progressiste-disponible#primaryimage\",\"url\":\"https:\/\/static.africa-press.net\/burkina\/sites\/42\/2026\/04\/sm_1777283261.29681.jpg\",\"contentUrl\":\"https:\/\/static.africa-press.net\/burkina\/sites\/42\/2026\/04\/sm_1777283261.29681.jpg\",\"width\":720,\"height\":522,\"caption\":\"Manifeste de la Re\u0301volution Progressiste Disponible\"},{\"@type\":\"BreadcrumbList\",\"@id\":\"https:\/\/www.africa-press.net\/burkina-faso\/politique\/manifeste-de-la-revolution-progressiste-disponible#breadcrumb\",\"itemListElement\":[{\"@type\":\"ListItem\",\"position\":1,\"name\":\"Accueil\",\"item\":\"https:\/\/www.africa-press.net\/burkina-faso\/\"},{\"@type\":\"ListItem\",\"position\":2,\"name\":\"Manifeste de la Re\u0301volution Progressiste Disponible\"}]},{\"@type\":\"WebSite\",\"@id\":\"https:\/\/www.africa-press.net\/burkina-faso\/#website\",\"url\":\"https:\/\/www.africa-press.net\/burkina-faso\/\",\"name\":\"Burkina Faso\",\"description\":\"Just another Africa News Agency Sites site\",\"potentialAction\":[{\"@type\":\"SearchAction\",\"target\":{\"@type\":\"EntryPoint\",\"urlTemplate\":\"https:\/\/www.africa-press.net\/burkina-faso\/?s={search_term_string}\"},\"query-input\":{\"@type\":\"PropertyValueSpecification\",\"valueRequired\":true,\"valueName\":\"search_term_string\"}}],\"inLanguage\":\"fr-FR\"},{\"@type\":\"Person\",\"@id\":\"https:\/\/www.africa-press.net\/burkina-faso\/#\/schema\/person\/2b1cf3cd81a31e3cd26889ca66d677f1\",\"name\":\"cfeditorfr\"}]}<\/script>\n<!-- \/ Yoast SEO Premium plugin. -->","yoast_head_json":{"title":"Manifeste de la Re\u0301volution Progressiste Disponible - Burkina Faso","description":"Le Premier ministre Rimtalba Jean Emmanuel Oue\u0301draogo, a, au nom du Pre\u0301sident du Faso, proce\u0301de\u0301 au lancement du Manife ...","robots":{"index":"index","follow":"follow","max-snippet":"max-snippet:-1","max-image-preview":"max-image-preview:large","max-video-preview":"max-video-preview:-1"},"canonical":"https:\/\/www.africa-press.net\/burkina-faso\/politique\/manifeste-de-la-revolution-progressiste-disponible","og_locale":"fr_FR","og_type":"article","og_title":"Manifeste de la Re\u0301volution Progressiste Disponible","og_description":"Le Premier ministre Rimtalba Jean Emmanuel Oue\u0301draogo, a, au nom du Pre\u0301sident du Faso, proce\u0301de\u0301 au lancement du Manife ...","og_url":"https:\/\/www.africa-press.net\/burkina-faso\/politique\/manifeste-de-la-revolution-progressiste-disponible","og_site_name":"Burkina Faso","article_published_time":"2026-04-27T12:45:20+00:00","article_modified_time":"2026-04-27T13:22:11+00:00","og_image":[{"width":720,"height":522,"url":"https:\/\/static.africa-press.net\/burkina\/sites\/42\/2026\/04\/sm_1777283261.29681.jpg","type":"image\/jpeg"}],"author":"cfeditorfr","twitter_card":"summary_large_image","twitter_misc":{"\u00c9crit par":"cfeditorfr","Dur\u00e9e de lecture estim\u00e9e":"2 minutes"},"schema":{"@context":"https:\/\/schema.org","@graph":[{"@type":"Article","@id":"https:\/\/www.africa-press.net\/burkina-faso\/politique\/manifeste-de-la-revolution-progressiste-disponible#article","isPartOf":{"@id":"https:\/\/www.africa-press.net\/burkina-faso\/politique\/manifeste-de-la-revolution-progressiste-disponible"},"author":{"name":"cfeditorfr","@id":"https:\/\/www.africa-press.net\/burkina-faso\/#\/schema\/person\/2b1cf3cd81a31e3cd26889ca66d677f1"},"headline":"Manifeste de la Re\u0301volution Progressiste Disponible","datePublished":"2026-04-27T12:45:20+00:00","dateModified":"2026-04-27T13:22:11+00:00","mainEntityOfPage":{"@id":"https:\/\/www.africa-press.net\/burkina-faso\/politique\/manifeste-de-la-revolution-progressiste-disponible"},"wordCount":247,"commentCount":0,"image":{"@id":"https:\/\/www.africa-press.net\/burkina-faso\/politique\/manifeste-de-la-revolution-progressiste-disponible#primaryimage"},"thumbnailUrl":"https:\/\/static.africa-press.net\/burkina\/sites\/42\/2026\/04\/sm_1777283261.29681.jpg","keywords":["Burkina Faso"],"articleSection":["Politique","Top Nouvelles","Toutes les actualit\u00e9s"],"inLanguage":"fr-FR","potentialAction":[{"@type":"CommentAction","name":"Comment","target":["https:\/\/www.africa-press.net\/burkina-faso\/politique\/manifeste-de-la-revolution-progressiste-disponible#respond"]}]},{"@type":"WebPage","@id":"https:\/\/www.africa-press.net\/burkina-faso\/politique\/manifeste-de-la-revolution-progressiste-disponible","url":"https:\/\/www.africa-press.net\/burkina-faso\/politique\/manifeste-de-la-revolution-progressiste-disponible","name":"Manifeste de la Re\u0301volution Progressiste Disponible - Burkina Faso","isPartOf":{"@id":"https:\/\/www.africa-press.net\/burkina-faso\/#website"},"primaryImageOfPage":{"@id":"https:\/\/www.africa-press.net\/burkina-faso\/politique\/manifeste-de-la-revolution-progressiste-disponible#primaryimage"},"image":{"@id":"https:\/\/www.africa-press.net\/burkina-faso\/politique\/manifeste-de-la-revolution-progressiste-disponible#primaryimage"},"thumbnailUrl":"https:\/\/static.africa-press.net\/burkina\/sites\/42\/2026\/04\/sm_1777283261.29681.jpg","datePublished":"2026-04-27T12:45:20+00:00","dateModified":"2026-04-27T13:22:11+00:00","author":{"@id":"https:\/\/www.africa-press.net\/burkina-faso\/#\/schema\/person\/2b1cf3cd81a31e3cd26889ca66d677f1"},"description":"Le Premier ministre Rimtalba Jean Emmanuel Oue\u0301draogo, a, au nom du Pre\u0301sident du Faso, proce\u0301de\u0301 au lancement du Manife ...","breadcrumb":{"@id":"https:\/\/www.africa-press.net\/burkina-faso\/politique\/manifeste-de-la-revolution-progressiste-disponible#breadcrumb"},"inLanguage":"fr-FR","potentialAction":[{"@type":"ReadAction","target":["https:\/\/www.africa-press.net\/burkina-faso\/politique\/manifeste-de-la-revolution-progressiste-disponible"]}]},{"@type":"ImageObject","inLanguage":"fr-FR","@id":"https:\/\/www.africa-press.net\/burkina-faso\/politique\/manifeste-de-la-revolution-progressiste-disponible#primaryimage","url":"https:\/\/static.africa-press.net\/burkina\/sites\/42\/2026\/04\/sm_1777283261.29681.jpg","contentUrl":"https:\/\/static.africa-press.net\/burkina\/sites\/42\/2026\/04\/sm_1777283261.29681.jpg","width":720,"height":522,"caption":"Manifeste de la Re\u0301volution Progressiste Disponible"},{"@type":"BreadcrumbList","@id":"https:\/\/www.africa-press.net\/burkina-faso\/politique\/manifeste-de-la-revolution-progressiste-disponible#breadcrumb","itemListElement":[{"@type":"ListItem","position":1,"name":"Accueil","item":"https:\/\/www.africa-press.net\/burkina-faso\/"},{"@type":"ListItem","position":2,"name":"Manifeste de la Re\u0301volution Progressiste Disponible"}]},{"@type":"WebSite","@id":"https:\/\/www.africa-press.net\/burkina-faso\/#website","url":"https:\/\/www.africa-press.net\/burkina-faso\/","name":"Burkina Faso","description":"Just another Africa News Agency Sites site","potentialAction":[{"@type":"SearchAction","target":{"@type":"EntryPoint","urlTemplate":"https:\/\/www.africa-press.net\/burkina-faso\/?s={search_term_string}"},"query-input":{"@type":"PropertyValueSpecification","valueRequired":true,"valueName":"search_term_string"}}],"inLanguage":"fr-FR"},{"@type":"Person","@id":"https:\/\/www.africa-press.net\/burkina-faso\/#\/schema\/person\/2b1cf3cd81a31e3cd26889ca66d677f1","name":"cfeditorfr"}]}},"_links":{"self":[{"href":"https:\/\/www.africa-press.net\/burkina-faso\/wp-json\/wp\/v2\/posts\/128997","targetHints":{"allow":["GET"]}}],"collection":[{"href":"https:\/\/www.africa-press.net\/burkina-faso\/wp-json\/wp\/v2\/posts"}],"about":[{"href":"https:\/\/www.africa-press.net\/burkina-faso\/wp-json\/wp\/v2\/types\/post"}],"author":[{"embeddable":true,"href":"https:\/\/www.africa-press.net\/burkina-faso\/wp-json\/wp\/v2\/users\/82"}],"replies":[{"embeddable":true,"href":"https:\/\/www.africa-press.net\/burkina-faso\/wp-json\/wp\/v2\/comments?post=128997"}],"version-history":[{"count":1,"href":"https:\/\/www.africa-press.net\/burkina-faso\/wp-json\/wp\/v2\/posts\/128997\/revisions"}],"predecessor-version":[{"id":129002,"href":"https:\/\/www.africa-press.net\/burkina-faso\/wp-json\/wp\/v2\/posts\/128997\/revisions\/129002"}],"wp:featuredmedia":[{"embeddable":true,"href":"https:\/\/www.africa-press.net\/burkina-faso\/wp-json\/wp\/v2\/media\/128996"}],"wp:attachment":[{"href":"https:\/\/www.africa-press.net\/burkina-faso\/wp-json\/wp\/v2\/media?parent=128997"}],"wp:term":[{"taxonomy":"category","embeddable":true,"href":"https:\/\/www.africa-press.net\/burkina-faso\/wp-json\/wp\/v2\/categories?post=128997"},{"taxonomy":"post_tag","embeddable":true,"href":"https:\/\/www.africa-press.net\/burkina-faso\/wp-json\/wp\/v2\/tags?post=128997"}],"curies":[{"name":"wp","href":"https:\/\/api.w.org\/{rel}","templated":true}]}}