{"id":129019,"date":"2026-04-28T13:28:39","date_gmt":"2026-04-28T13:28:39","guid":{"rendered":"https:\/\/www.africa-press.net\/burkina-faso\/politique\/gnirako-ahmed-donatien-bikie-devient-docteur-a-luniversite"},"modified":"2026-04-28T13:59:26","modified_gmt":"2026-04-28T13:59:26","slug":"gnirako-ahmed-donatien-bikie-devient-docteur-a-luniversite","status":"publish","type":"post","link":"https:\/\/www.africa-press.net\/burkina-faso\/culture-et-art\/gnirako-ahmed-donatien-bikie-devient-docteur-a-luniversite","title":{"rendered":"Gnirako Ahmed Donatien Biki\u00e9 Devient Docteur \u00e0 l&rsquo;Universit\u00e9"},"content":{"rendered":"<p><span style=\"color: #ff6600\"><strong>Africa-Press &#8211; Burkina Faso. <\/strong><\/span>Pour l\u2019obtention de son doctorat, l\u2019e\u0301tudiant Gnirako Ahmed Donatien Bikie\u0301 a mene\u0301 son e\u0301tude sur un sujet aussi d\u2019actualite\u0301 qu\u2019a\u0300 fort impact socio-e\u0301conomique ave\u0301re\u0301. \u00ab Impact des changements climatiques sur les ressources en eau dans le bassin du Mouhoun au Burkina Faso: inte\u0301gration de la me\u0301canisation dans les productions agricoles \u00bb ; tel est le the\u0300me qui a, pendant plus de trois ans, requis un travail de terrain, de revue de litte\u0301rature, de publications et de communications scientifiques au plan national et a\u0300 l\u2019international. Samedi 25 avril 2026 a\u0300 l\u2019universite\u0301 Joseph Ki-Zerbo, le doctorant Ahmed Bikie\u0301 a brillamment de\u0301fendu sa the\u0300se devant un jury, et a\u0300 l\u2019issue de cette ultime e\u0301tape, il a e\u0301te\u0301 e\u0301leve\u0301 au grade de Docteur avec la mention \u00ab Tre\u0300s Honorable \u00bb.<\/p>\n<p>L\u2019objectif ge\u0301ne\u0301ral de l\u2019e\u0301tude est, rappelle l\u2019impe\u0301trant, de contribuer a\u0300 une meilleure compre\u0301hension de la variabilite\u0301 climatique et de son impact sur le processus hydrologique dans le sous bassin versant du Mouhoun soumis a\u0300 une forte pression anthropique pour l\u2019agriculture et d\u2019autres usages. Spe\u0301cifiquement, il s\u2019agit d\u2019analyser les tendances climatiques passe\u0301es et leur impact sur l\u2019agriculture, de de\u0301terminer ensuite les tendances hydro-climatiques futures comparativement a\u0300 une pe\u0301riode historique de re\u0301fe\u0301rence suivant diffe\u0301rents sce\u0301narios d\u2019e\u0301missions des gaz a\u0300 effet de serre et enfin de diagnostiquer les syste\u0300mes de productions agricoles et de proposer une strate\u0301gie d\u2019adaptation a\u0300 une e\u0301chelle locale.<\/p>\n<p>Pour de\u0301fendre le travail, le candidat e\u0301tait face a\u0300 un jury compose\u0301 de sept membres (dont le pre\u0301sident), tous des avertis et spe\u0301cialistes du sujet. Il s\u2019agit de Dieudonne\u0301 Jospeh Bathie\u0301bo, professeur titulaire en Transfert thermique\/Sciences des mate\u0301riaux a\u0300 l\u2019universite\u0301 Joseph Ki-Zerbo, Burkina Faso, (pre\u0301sident du jury) ; Roland Ousmane Yonaba, Mai\u0302tre de Confe\u0301rences en Hydroge\u0301ologie, Hydrologie et Environnement a\u0300 l\u2019Institut international d\u2019inge\u0301nierie de l\u2019eau et de l\u2019environnement, Burkina Faso, (rapporteur) ; Emmanuel Oue\u0301draogo, Mai\u0302tre de Confe\u0301rences en Physique des mate\u0301riaux et e\u0301nerge\u0301tique a\u0300 l\u2019universite\u0301 Le\u0301de\u0301a Bernard Oue\u0301draogo a\u0300 Ouahigouya, Burkina Faso (rapporteur) ; Koffi Sagna, Mai\u0302tre de confe\u0301rences en Physique des mate\u0301riaux et e\u0301nerge\u0301tique a\u0300 l\u2019universite\u0301 de Lome\u0301, Togo (rapporteur, intervenu de Lome\u0301 via Zoom) ; Yacouba Yira, Mai\u0302tre de recherche en Hydrologie au Centre national de recherche scientifique et technologique, Burkina Faso (examinateur) ; Sie\u0301 Kam, Professeur titulaire en Transfert thermique\/Sciences des mate\u0301riaux a\u0300 l\u2019universite\u0301 Joseph Ki-Zerbo, Burkina Faso (directeur de the\u0300se) ; et Sie\u0301douba Georges Ye\u0301, Mai\u0302tre de recherche en Me\u0301canique applique\u0301e\/Machinisme agricole au Centre national de recherche scientifique et technologique, Burkina Faso (co-directeur de the\u0300se).<\/p>\n<p>C\u2019est devant de nombreux parents, amis, colle\u0300gues, e\u0301tudiants et autres invite\u0301s que le doctorant a e\u0301te\u0301 introduit dans le vif du sujet par le pre\u0301sident du jury. Cette premie\u0300re partie est donc consacre\u0301e a\u0300 la pre\u0301sentation de la quintessence du travail du candidat, et ce, dans un timing de 45 minutes maximum. Ainsi, apre\u0300s l\u2019introduction, M. Bikie\u0301 a de\u0301roule\u0301 sa pre\u0301sentation autour des grandes articulations ci-apre\u0300s: e\u0301tat de l\u2019art, mate\u0301riel et me\u0301thodes, re\u0301sultats et discussions, puis conclusion ge\u0301ne\u0301rale et perspectives.<\/p>\n<p>Par le premier point, c\u2019est-a\u0300-dire l\u2019e\u0301tat de l\u2019art, le candidat a mis en relief les tendances hydro-climatiques passe\u0301es et les projections hydro-climatiques a\u0300 l\u2019e\u0301chelle de la terre, et de l\u2019Afrique subsaharienne pour finir au niveau du Burkina Faso. Il a ensuite pre\u0301sente\u0301 les types, mode\u0300les et sce\u0301narii climatiques, de mode\u0300les hydrologiques et les normales climatiques de\u0301finies par l\u2019Organisation me\u0301te\u0301orologique mondiale.<\/p>\n<p>Dans le volet consacre\u0301 aux mate\u0301riels et me\u0301thodes, l\u2019impe\u0301trant s\u2019est attarde\u0301 sur la pre\u0301sentation de la zone d\u2019e\u0301tude, les outils et donne\u0301es utilise\u0301s avant de passer a\u0300 l\u2019analyse des tendances climatiques re\u0301centes et leur impact sur l\u2019agriculture, aux projections hydro-climatiques et a\u0300 l\u2019analyse des anomalies, puis au diagnostic des syste\u0300mes de productions agricoles et a\u0300 la strate\u0301gie d\u2019adaptation.<\/p>\n<p>Apre\u0300s avoir fait cas des re\u0301sultats et discussions, le candidat a releve\u0301 les limites de l\u2019e\u0301tude, a\u0300 savoir que, primo, la discontinuite\u0301 de certaines donne\u0301es d\u2019observation et la variabilite\u0301 entre les mode\u0300les climatiques peuvent contribuer a\u0300 accroi\u0302tre les incertitudes dans l\u2019e\u0301valuation de la performance des mode\u0300les utilise\u0301s ; et, secundo, la taille de la population enque\u0302te\u0301e n\u2019est pas repre\u0301sentative de l\u2019ensemble de la population des producteurs de la province.<\/p>\n<p>C\u2019est pourquoi, en termes de perspectives, le candidat pre\u0301sente: donne\u0301es de re\u0301analyse, mode\u0300le hydrologique semi-distribue\u0301 et une collecte de donne\u0301es en pre\u0301sentiel pourrait accroi\u0302tre la repre\u0301sentativite\u0301 des producteurs de la province des Bale\u0301.<\/p>\n<p>Par ailleurs, on retient que le doctorant a fait plusieurs publications et communications scientifiques au plan national et au niveau international.<\/p>\n<p>A\u0300 l\u2019issue de sa pre\u0301sentation, re\u0301ussie, mentionne le jury, en tenant le pari du temps et de la pertinence, Ahmed Bikie\u0301 a e\u0301te\u0301 soumis a\u0300 l\u2019intervention des membres du jury. Cette e\u0301tape a consiste\u0301 pour chaque membre du jury, et sous la houlette du pre\u0301sident, a\u0300 faire ses observations de fond et de forme, poser des questions d\u2019e\u0301claircissement, faire des suggestions et e\u0301ventuellement donner des conseils, non seulement en vue d\u2019ame\u0301liorer le document final, mais aussi dans une dynamique de perspective, eu e\u0301gard surtout aux enjeux de la the\u0301matique d\u2019e\u0301tude. \u00ab Le candidat a fait un tre\u0300s bon expose\u0301 de ses travaux de the\u0300se et a su montrer qu\u2019il avait une parfaite mai\u0302trise sur un sujet complexe. Le jury a particulie\u0300rement appre\u0301cie\u0301 le travail scientifique re\u0301alise\u0301, tant par la qualite\u0301 que par la pertinence des re\u0301sultats obtenus, ainsi que l\u2019aisance avec laquelle il a re\u0301pondu aux nombreuses questions des membres du jury \u00bb, a accueilli le jury.<\/p>\n<p>Apre\u0300s plus de cinq heures d\u2019examen de ce travail minutieusement mene\u0301 pendant plus de trois ans par le candidat, Gnirako Ahmed Donatien Bikie\u0301, le jury lui a, a\u0300 l\u2019issue de la de\u0301libe\u0301ration, de\u0301cerne\u0301 le grade de Docteur avec la mention \u00ab Tre\u0300s Honorable \u00bb.<\/p>\n<p>Avec des sentiments de fierte\u0301 pour une mission pleinement couronne\u0301e, le de\u0301sormais Dr Gnirako Ahmed Donatien Bikie\u0301 a l\u2019esprit tourne\u0301 vers les perspectives, pour, confie-t-il, continuer a\u0300 produire des articles et ame\u0301liorer la compre\u0301hension de la varie\u0301te\u0301 climatique dans la zone d\u2019e\u0301tude, et plus globalement au Burkina Faso et bien au-dela\u0300. Moment ide\u0301al pour lui e\u0301galement d\u2019exprimer ses reconnaissances a\u0300 toute l\u2019e\u0301quipe qui a contribue\u0301 a\u0300 encadrer le travail.<\/p>\n\r\n                <style type=\"text\/css\">\r\n                    \r\n                    #td_uid_1_69f119633f3cb  .td-doubleSlider-2 .td-item1 {\r\n                        background: url(https:\/\/static.africa-press.net\/burkina\/sites\/42\/2026\/04\/sm_1777372107.50845-80x60.jpg) 0 0 no-repeat;\r\n                    }\r\n                    #td_uid_1_69f119633f3cb  .td-doubleSlider-2 .td-item2 {\r\n                        background: url(https:\/\/static.africa-press.net\/burkina\/sites\/42\/2026\/04\/sm_1777372112.580029-80x60.jpg) 0 0 no-repeat;\r\n                    }\r\n                    #td_uid_1_69f119633f3cb  .td-doubleSlider-2 .td-item3 {\r\n                        background: url(https:\/\/static.africa-press.net\/burkina\/sites\/42\/2026\/04\/sm_1777372117.402463-80x60.jpg) 0 0 no-repeat;\r\n                    }\r\n                <\/style>\r\n\r\n                <div id=\"td_uid_1_69f119633f3cb\" class=\"td-gallery td-slide-on-2-columns\">\r\n                    <div class=\"post_td_gallery\">\r\n                        <div class=\"td-gallery-slide-top\">\r\n                           <div class=\"td-gallery-title\"><\/div>\r\n\r\n                            <div class=\"td-gallery-controls-wrapper\">\r\n                                <div class=\"td-gallery-slide-count\"><span class=\"td-gallery-slide-item-focus\">1<\/span> de 3<\/div>\r\n                                <div class=\"td-gallery-slide-prev-next-but\">\r\n                                    <i class = \"td-icon-left doubleSliderPrevButton\"><\/i>\r\n                                    <i class = \"td-icon-right doubleSliderNextButton\"><\/i>\r\n                                <\/div>\r\n                            <\/div>\r\n                        <\/div>\r\n\r\n                        <div class = \"td-doubleSlider-1 \">\r\n                            <div class = \"td-slider\">\r\n                                \r\n                    <div class = \"td-slide-item td-item1\">\r\n                        <figure class=\"td-slide-galery-figure td-slide-popup-gallery\">\r\n                            <a class=\"slide-gallery-image-link\" href=\"https:\/\/static.africa-press.net\/burkina\/sites\/42\/2026\/04\/sm_1777372107.50845.jpg\" title=\"sm_1777372107.50845\"  data-caption=\"\"  data-description=\"\">\r\n                                <img decoding=\"async\" src=\"https:\/\/static.africa-press.net\/burkina\/sites\/42\/2026\/04\/sm_1777372107.50845.jpg\" srcset=\"https:\/\/static.africa-press.net\/burkina\/sites\/42\/2026\/04\/sm_1777372107.50845.jpg 600w, https:\/\/static.africa-press.net\/burkina\/sites\/42\/2026\/04\/sm_1777372107.50845-300x180.jpg 300w\" sizes=\"(max-width: 600px) 100vw, 600px\" alt=\"\">\r\n                            <\/a>\r\n                            \r\n                        <\/figure>\r\n                    <\/div>\r\n                    <div class = \"td-slide-item td-item2\">\r\n                        <figure class=\"td-slide-galery-figure td-slide-popup-gallery\">\r\n                            <a class=\"slide-gallery-image-link\" href=\"https:\/\/static.africa-press.net\/burkina\/sites\/42\/2026\/04\/sm_1777372112.580029.jpg\" title=\"sm_1777372112.580029\"  data-caption=\"\"  data-description=\"\">\r\n                                <img decoding=\"async\" src=\"https:\/\/static.africa-press.net\/burkina\/sites\/42\/2026\/04\/sm_1777372112.580029.jpg\" srcset=\"https:\/\/static.africa-press.net\/burkina\/sites\/42\/2026\/04\/sm_1777372112.580029.jpg 600w, https:\/\/static.africa-press.net\/burkina\/sites\/42\/2026\/04\/sm_1777372112.580029-300x180.jpg 300w\" sizes=\"(max-width: 600px) 100vw, 600px\" alt=\"\">\r\n                            <\/a>\r\n                            \r\n                        <\/figure>\r\n                    <\/div>\r\n                    <div class = \"td-slide-item td-item3\">\r\n                        <figure class=\"td-slide-galery-figure td-slide-popup-gallery\">\r\n                            <a class=\"slide-gallery-image-link\" href=\"https:\/\/static.africa-press.net\/burkina\/sites\/42\/2026\/04\/sm_1777372117.402463.jpg\" title=\"sm_1777372117.402463\"  data-caption=\"\"  data-description=\"\">\r\n                                <img decoding=\"async\" src=\"https:\/\/static.africa-press.net\/burkina\/sites\/42\/2026\/04\/sm_1777372117.402463.jpg\" srcset=\"https:\/\/static.africa-press.net\/burkina\/sites\/42\/2026\/04\/sm_1777372117.402463.jpg 600w, https:\/\/static.africa-press.net\/burkina\/sites\/42\/2026\/04\/sm_1777372117.402463-300x180.jpg 300w\" sizes=\"(max-width: 600px) 100vw, 600px\" alt=\"\">\r\n                            <\/a>\r\n                            \r\n                        <\/figure>\r\n                    <\/div>\r\n                            <\/div>\r\n                        <\/div>\r\n\r\n                        <div class = \"td-doubleSlider-2\">\r\n                            <div class = \"td-slider\">\r\n                                \r\n                    <div class = \"td-button td-item1\">\r\n                        <div class = \"td-border\"><\/div>\r\n                    <\/div>\r\n                    <div class = \"td-button td-item2\">\r\n                        <div class = \"td-border\"><\/div>\r\n                    <\/div>\r\n                    <div class = \"td-button td-item3\">\r\n                        <div class = \"td-border\"><\/div>\r\n                    <\/div>\r\n                            <\/div>\r\n                        <\/div>\r\n\r\n                    <\/div>\r\n\r\n                <\/div>\r\n                \n<p><strong>Pour plus d&rsquo;informations et d&rsquo;analyses sur la <span style=\"color: #ff6600\">Burkina Faso<\/span>, suivez <span style=\"color: #ff6600\">Africa-Press<\/span><\/strong><\/p>\n","protected":false},"excerpt":{"rendered":"<p>Africa-Press &#8211; Burkina Faso. Pour l\u2019obtention de son doctorat, l\u2019e\u0301tudiant Gnirako Ahmed Donatien Bikie\u0301 a mene\u0301 son e\u0301tude sur un sujet aussi d\u2019actualite\u0301 qu\u2019a\u0300 fort impact socio-e\u0301conomique ave\u0301re\u0301. \u00ab Impact des changements climatiques sur les ressources en eau dans le bassin du Mouhoun au Burkina Faso: inte\u0301gration de la me\u0301canisation dans les productions agricoles \u00bb [&hellip;]<\/p>\n","protected":false},"author":82,"featured_media":129018,"comment_status":"open","ping_status":"closed","sticky":false,"template":"","format":"standard","meta":{"footnotes":""},"categories":[5,8,10],"tags":[29],"class_list":["post-129019","post","type-post","status-publish","format-standard","has-post-thumbnail","hentry","category-culture-et-art","category-photo","category-toutes-les-actualites","tag-burkina-faso"],"yoast_head":"<!-- This site is optimized with the Yoast SEO Premium plugin v26.1 (Yoast SEO v27.0) - https:\/\/yoast.com\/product\/yoast-seo-premium-wordpress\/ -->\n<title>Gnirako Ahmed Donatien Biki\u00e9 Devient Docteur \u00e0 l&#039;Universit\u00e9 - Burkina Faso<\/title>\n<meta name=\"description\" content=\"Pour l\u2019obtention de son doctorat, l\u2019e\u0301tudiant Gnirako Ahmed Donatien Bikie\u0301 a mene\u0301 son e\u0301tude sur un sujet aussi d\u2019actu ...\" \/>\n<meta name=\"robots\" content=\"index, follow, max-snippet:-1, max-image-preview:large, max-video-preview:-1\" \/>\n<link rel=\"canonical\" href=\"https:\/\/www.africa-press.net\/burkina-faso\/culture-et-art\/gnirako-ahmed-donatien-bikie-devient-docteur-a-luniversite\" \/>\n<meta property=\"og:locale\" content=\"fr_FR\" \/>\n<meta property=\"og:type\" content=\"article\" \/>\n<meta property=\"og:title\" content=\"Gnirako Ahmed Donatien Biki\u00e9 Devient Docteur \u00e0 l&#039;Universit\u00e9\" \/>\n<meta property=\"og:description\" content=\"Pour l\u2019obtention de son doctorat, l\u2019e\u0301tudiant Gnirako Ahmed Donatien Bikie\u0301 a mene\u0301 son e\u0301tude sur un sujet aussi d\u2019actu ...\" \/>\n<meta property=\"og:url\" content=\"https:\/\/www.africa-press.net\/burkina-faso\/culture-et-art\/gnirako-ahmed-donatien-bikie-devient-docteur-a-luniversite\" \/>\n<meta property=\"og:site_name\" content=\"Burkina Faso\" \/>\n<meta property=\"article:published_time\" content=\"2026-04-28T13:28:39+00:00\" \/>\n<meta property=\"article:modified_time\" content=\"2026-04-28T13:59:26+00:00\" \/>\n<meta property=\"og:image\" content=\"https:\/\/static.africa-press.net\/burkina\/sites\/42\/2026\/04\/sm_1777372121.205361.jpg\" \/>\n\t<meta property=\"og:image:width\" content=\"720\" \/>\n\t<meta property=\"og:image:height\" content=\"405\" \/>\n\t<meta property=\"og:image:type\" content=\"image\/jpeg\" \/>\n<meta name=\"author\" content=\"cfeditorfr\" \/>\n<meta name=\"twitter:card\" content=\"summary_large_image\" \/>\n<meta name=\"twitter:label1\" content=\"\u00c9crit par\" \/>\n\t<meta name=\"twitter:data1\" content=\"cfeditorfr\" \/>\n\t<meta name=\"twitter:label2\" content=\"Dur\u00e9e de lecture estim\u00e9e\" \/>\n\t<meta name=\"twitter:data2\" content=\"6 minutes\" \/>\n<script type=\"application\/ld+json\" class=\"yoast-schema-graph\">{\"@context\":\"https:\/\/schema.org\",\"@graph\":[{\"@type\":\"Article\",\"@id\":\"https:\/\/www.africa-press.net\/burkina-faso\/culture-et-art\/gnirako-ahmed-donatien-bikie-devient-docteur-a-luniversite#article\",\"isPartOf\":{\"@id\":\"https:\/\/www.africa-press.net\/burkina-faso\/culture-et-art\/gnirako-ahmed-donatien-bikie-devient-docteur-a-luniversite\"},\"author\":{\"name\":\"cfeditorfr\",\"@id\":\"https:\/\/www.africa-press.net\/burkina-faso\/#\/schema\/person\/2b1cf3cd81a31e3cd26889ca66d677f1\"},\"headline\":\"Gnirako Ahmed Donatien Biki\u00e9 Devient Docteur \u00e0 l&rsquo;Universit\u00e9\",\"datePublished\":\"2026-04-28T13:28:39+00:00\",\"dateModified\":\"2026-04-28T13:59:26+00:00\",\"mainEntityOfPage\":{\"@id\":\"https:\/\/www.africa-press.net\/burkina-faso\/culture-et-art\/gnirako-ahmed-donatien-bikie-devient-docteur-a-luniversite\"},\"wordCount\":1231,\"commentCount\":0,\"image\":{\"@id\":\"https:\/\/www.africa-press.net\/burkina-faso\/culture-et-art\/gnirako-ahmed-donatien-bikie-devient-docteur-a-luniversite#primaryimage\"},\"thumbnailUrl\":\"https:\/\/static.africa-press.net\/burkina\/sites\/42\/2026\/04\/sm_1777372121.205361.jpg\",\"keywords\":[\"Burkina Faso\"],\"articleSection\":[\"Culture et Art\",\"Photo\",\"Toutes les actualit\u00e9s\"],\"inLanguage\":\"fr-FR\",\"potentialAction\":[{\"@type\":\"CommentAction\",\"name\":\"Comment\",\"target\":[\"https:\/\/www.africa-press.net\/burkina-faso\/culture-et-art\/gnirako-ahmed-donatien-bikie-devient-docteur-a-luniversite#respond\"]}]},{\"@type\":\"WebPage\",\"@id\":\"https:\/\/www.africa-press.net\/burkina-faso\/culture-et-art\/gnirako-ahmed-donatien-bikie-devient-docteur-a-luniversite\",\"url\":\"https:\/\/www.africa-press.net\/burkina-faso\/culture-et-art\/gnirako-ahmed-donatien-bikie-devient-docteur-a-luniversite\",\"name\":\"Gnirako Ahmed Donatien Biki\u00e9 Devient Docteur \u00e0 l'Universit\u00e9 - Burkina Faso\",\"isPartOf\":{\"@id\":\"https:\/\/www.africa-press.net\/burkina-faso\/#website\"},\"primaryImageOfPage\":{\"@id\":\"https:\/\/www.africa-press.net\/burkina-faso\/culture-et-art\/gnirako-ahmed-donatien-bikie-devient-docteur-a-luniversite#primaryimage\"},\"image\":{\"@id\":\"https:\/\/www.africa-press.net\/burkina-faso\/culture-et-art\/gnirako-ahmed-donatien-bikie-devient-docteur-a-luniversite#primaryimage\"},\"thumbnailUrl\":\"https:\/\/static.africa-press.net\/burkina\/sites\/42\/2026\/04\/sm_1777372121.205361.jpg\",\"datePublished\":\"2026-04-28T13:28:39+00:00\",\"dateModified\":\"2026-04-28T13:59:26+00:00\",\"author\":{\"@id\":\"https:\/\/www.africa-press.net\/burkina-faso\/#\/schema\/person\/2b1cf3cd81a31e3cd26889ca66d677f1\"},\"description\":\"Pour l\u2019obtention de son doctorat, l\u2019e\u0301tudiant Gnirako Ahmed Donatien Bikie\u0301 a mene\u0301 son e\u0301tude sur un sujet aussi d\u2019actu ...\",\"breadcrumb\":{\"@id\":\"https:\/\/www.africa-press.net\/burkina-faso\/culture-et-art\/gnirako-ahmed-donatien-bikie-devient-docteur-a-luniversite#breadcrumb\"},\"inLanguage\":\"fr-FR\",\"potentialAction\":[{\"@type\":\"ReadAction\",\"target\":[\"https:\/\/www.africa-press.net\/burkina-faso\/culture-et-art\/gnirako-ahmed-donatien-bikie-devient-docteur-a-luniversite\"]}]},{\"@type\":\"ImageObject\",\"inLanguage\":\"fr-FR\",\"@id\":\"https:\/\/www.africa-press.net\/burkina-faso\/culture-et-art\/gnirako-ahmed-donatien-bikie-devient-docteur-a-luniversite#primaryimage\",\"url\":\"https:\/\/static.africa-press.net\/burkina\/sites\/42\/2026\/04\/sm_1777372121.205361.jpg\",\"contentUrl\":\"https:\/\/static.africa-press.net\/burkina\/sites\/42\/2026\/04\/sm_1777372121.205361.jpg\",\"width\":720,\"height\":405,\"caption\":\"Gnirako Ahmed Donatien Biki\u00e9 Devient Docteur \u00e0 l'Universit\u00e9\"},{\"@type\":\"BreadcrumbList\",\"@id\":\"https:\/\/www.africa-press.net\/burkina-faso\/culture-et-art\/gnirako-ahmed-donatien-bikie-devient-docteur-a-luniversite#breadcrumb\",\"itemListElement\":[{\"@type\":\"ListItem\",\"position\":1,\"name\":\"Accueil\",\"item\":\"https:\/\/www.africa-press.net\/burkina-faso\/\"},{\"@type\":\"ListItem\",\"position\":2,\"name\":\"Gnirako Ahmed Donatien Biki\u00e9 Devient Docteur \u00e0 l&#8217;Universit\u00e9\"}]},{\"@type\":\"WebSite\",\"@id\":\"https:\/\/www.africa-press.net\/burkina-faso\/#website\",\"url\":\"https:\/\/www.africa-press.net\/burkina-faso\/\",\"name\":\"Burkina Faso\",\"description\":\"Just another Africa News Agency Sites site\",\"potentialAction\":[{\"@type\":\"SearchAction\",\"target\":{\"@type\":\"EntryPoint\",\"urlTemplate\":\"https:\/\/www.africa-press.net\/burkina-faso\/?s={search_term_string}\"},\"query-input\":{\"@type\":\"PropertyValueSpecification\",\"valueRequired\":true,\"valueName\":\"search_term_string\"}}],\"inLanguage\":\"fr-FR\"},{\"@type\":\"Person\",\"@id\":\"https:\/\/www.africa-press.net\/burkina-faso\/#\/schema\/person\/2b1cf3cd81a31e3cd26889ca66d677f1\",\"name\":\"cfeditorfr\"}]}<\/script>\n<!-- \/ Yoast SEO Premium plugin. -->","yoast_head_json":{"title":"Gnirako Ahmed Donatien Biki\u00e9 Devient Docteur \u00e0 l'Universit\u00e9 - Burkina Faso","description":"Pour l\u2019obtention de son doctorat, l\u2019e\u0301tudiant Gnirako Ahmed Donatien Bikie\u0301 a mene\u0301 son e\u0301tude sur un sujet aussi d\u2019actu ...","robots":{"index":"index","follow":"follow","max-snippet":"max-snippet:-1","max-image-preview":"max-image-preview:large","max-video-preview":"max-video-preview:-1"},"canonical":"https:\/\/www.africa-press.net\/burkina-faso\/culture-et-art\/gnirako-ahmed-donatien-bikie-devient-docteur-a-luniversite","og_locale":"fr_FR","og_type":"article","og_title":"Gnirako Ahmed Donatien Biki\u00e9 Devient Docteur \u00e0 l'Universit\u00e9","og_description":"Pour l\u2019obtention de son doctorat, l\u2019e\u0301tudiant Gnirako Ahmed Donatien Bikie\u0301 a mene\u0301 son e\u0301tude sur un sujet aussi d\u2019actu ...","og_url":"https:\/\/www.africa-press.net\/burkina-faso\/culture-et-art\/gnirako-ahmed-donatien-bikie-devient-docteur-a-luniversite","og_site_name":"Burkina Faso","article_published_time":"2026-04-28T13:28:39+00:00","article_modified_time":"2026-04-28T13:59:26+00:00","og_image":[{"width":720,"height":405,"url":"https:\/\/static.africa-press.net\/burkina\/sites\/42\/2026\/04\/sm_1777372121.205361.jpg","type":"image\/jpeg"}],"author":"cfeditorfr","twitter_card":"summary_large_image","twitter_misc":{"\u00c9crit par":"cfeditorfr","Dur\u00e9e de lecture estim\u00e9e":"6 minutes"},"schema":{"@context":"https:\/\/schema.org","@graph":[{"@type":"Article","@id":"https:\/\/www.africa-press.net\/burkina-faso\/culture-et-art\/gnirako-ahmed-donatien-bikie-devient-docteur-a-luniversite#article","isPartOf":{"@id":"https:\/\/www.africa-press.net\/burkina-faso\/culture-et-art\/gnirako-ahmed-donatien-bikie-devient-docteur-a-luniversite"},"author":{"name":"cfeditorfr","@id":"https:\/\/www.africa-press.net\/burkina-faso\/#\/schema\/person\/2b1cf3cd81a31e3cd26889ca66d677f1"},"headline":"Gnirako Ahmed Donatien Biki\u00e9 Devient Docteur \u00e0 l&rsquo;Universit\u00e9","datePublished":"2026-04-28T13:28:39+00:00","dateModified":"2026-04-28T13:59:26+00:00","mainEntityOfPage":{"@id":"https:\/\/www.africa-press.net\/burkina-faso\/culture-et-art\/gnirako-ahmed-donatien-bikie-devient-docteur-a-luniversite"},"wordCount":1231,"commentCount":0,"image":{"@id":"https:\/\/www.africa-press.net\/burkina-faso\/culture-et-art\/gnirako-ahmed-donatien-bikie-devient-docteur-a-luniversite#primaryimage"},"thumbnailUrl":"https:\/\/static.africa-press.net\/burkina\/sites\/42\/2026\/04\/sm_1777372121.205361.jpg","keywords":["Burkina Faso"],"articleSection":["Culture et Art","Photo","Toutes les actualit\u00e9s"],"inLanguage":"fr-FR","potentialAction":[{"@type":"CommentAction","name":"Comment","target":["https:\/\/www.africa-press.net\/burkina-faso\/culture-et-art\/gnirako-ahmed-donatien-bikie-devient-docteur-a-luniversite#respond"]}]},{"@type":"WebPage","@id":"https:\/\/www.africa-press.net\/burkina-faso\/culture-et-art\/gnirako-ahmed-donatien-bikie-devient-docteur-a-luniversite","url":"https:\/\/www.africa-press.net\/burkina-faso\/culture-et-art\/gnirako-ahmed-donatien-bikie-devient-docteur-a-luniversite","name":"Gnirako Ahmed Donatien Biki\u00e9 Devient Docteur \u00e0 l'Universit\u00e9 - Burkina Faso","isPartOf":{"@id":"https:\/\/www.africa-press.net\/burkina-faso\/#website"},"primaryImageOfPage":{"@id":"https:\/\/www.africa-press.net\/burkina-faso\/culture-et-art\/gnirako-ahmed-donatien-bikie-devient-docteur-a-luniversite#primaryimage"},"image":{"@id":"https:\/\/www.africa-press.net\/burkina-faso\/culture-et-art\/gnirako-ahmed-donatien-bikie-devient-docteur-a-luniversite#primaryimage"},"thumbnailUrl":"https:\/\/static.africa-press.net\/burkina\/sites\/42\/2026\/04\/sm_1777372121.205361.jpg","datePublished":"2026-04-28T13:28:39+00:00","dateModified":"2026-04-28T13:59:26+00:00","author":{"@id":"https:\/\/www.africa-press.net\/burkina-faso\/#\/schema\/person\/2b1cf3cd81a31e3cd26889ca66d677f1"},"description":"Pour l\u2019obtention de son doctorat, l\u2019e\u0301tudiant Gnirako Ahmed Donatien Bikie\u0301 a mene\u0301 son e\u0301tude sur un sujet aussi d\u2019actu ...","breadcrumb":{"@id":"https:\/\/www.africa-press.net\/burkina-faso\/culture-et-art\/gnirako-ahmed-donatien-bikie-devient-docteur-a-luniversite#breadcrumb"},"inLanguage":"fr-FR","potentialAction":[{"@type":"ReadAction","target":["https:\/\/www.africa-press.net\/burkina-faso\/culture-et-art\/gnirako-ahmed-donatien-bikie-devient-docteur-a-luniversite"]}]},{"@type":"ImageObject","inLanguage":"fr-FR","@id":"https:\/\/www.africa-press.net\/burkina-faso\/culture-et-art\/gnirako-ahmed-donatien-bikie-devient-docteur-a-luniversite#primaryimage","url":"https:\/\/static.africa-press.net\/burkina\/sites\/42\/2026\/04\/sm_1777372121.205361.jpg","contentUrl":"https:\/\/static.africa-press.net\/burkina\/sites\/42\/2026\/04\/sm_1777372121.205361.jpg","width":720,"height":405,"caption":"Gnirako Ahmed Donatien Biki\u00e9 Devient Docteur \u00e0 l'Universit\u00e9"},{"@type":"BreadcrumbList","@id":"https:\/\/www.africa-press.net\/burkina-faso\/culture-et-art\/gnirako-ahmed-donatien-bikie-devient-docteur-a-luniversite#breadcrumb","itemListElement":[{"@type":"ListItem","position":1,"name":"Accueil","item":"https:\/\/www.africa-press.net\/burkina-faso\/"},{"@type":"ListItem","position":2,"name":"Gnirako Ahmed Donatien Biki\u00e9 Devient Docteur \u00e0 l&#8217;Universit\u00e9"}]},{"@type":"WebSite","@id":"https:\/\/www.africa-press.net\/burkina-faso\/#website","url":"https:\/\/www.africa-press.net\/burkina-faso\/","name":"Burkina Faso","description":"Just another Africa News Agency Sites site","potentialAction":[{"@type":"SearchAction","target":{"@type":"EntryPoint","urlTemplate":"https:\/\/www.africa-press.net\/burkina-faso\/?s={search_term_string}"},"query-input":{"@type":"PropertyValueSpecification","valueRequired":true,"valueName":"search_term_string"}}],"inLanguage":"fr-FR"},{"@type":"Person","@id":"https:\/\/www.africa-press.net\/burkina-faso\/#\/schema\/person\/2b1cf3cd81a31e3cd26889ca66d677f1","name":"cfeditorfr"}]}},"_links":{"self":[{"href":"https:\/\/www.africa-press.net\/burkina-faso\/wp-json\/wp\/v2\/posts\/129019","targetHints":{"allow":["GET"]}}],"collection":[{"href":"https:\/\/www.africa-press.net\/burkina-faso\/wp-json\/wp\/v2\/posts"}],"about":[{"href":"https:\/\/www.africa-press.net\/burkina-faso\/wp-json\/wp\/v2\/types\/post"}],"author":[{"embeddable":true,"href":"https:\/\/www.africa-press.net\/burkina-faso\/wp-json\/wp\/v2\/users\/82"}],"replies":[{"embeddable":true,"href":"https:\/\/www.africa-press.net\/burkina-faso\/wp-json\/wp\/v2\/comments?post=129019"}],"version-history":[{"count":1,"href":"https:\/\/www.africa-press.net\/burkina-faso\/wp-json\/wp\/v2\/posts\/129019\/revisions"}],"predecessor-version":[{"id":129029,"href":"https:\/\/www.africa-press.net\/burkina-faso\/wp-json\/wp\/v2\/posts\/129019\/revisions\/129029"}],"wp:featuredmedia":[{"embeddable":true,"href":"https:\/\/www.africa-press.net\/burkina-faso\/wp-json\/wp\/v2\/media\/129018"}],"wp:attachment":[{"href":"https:\/\/www.africa-press.net\/burkina-faso\/wp-json\/wp\/v2\/media?parent=129019"}],"wp:term":[{"taxonomy":"category","embeddable":true,"href":"https:\/\/www.africa-press.net\/burkina-faso\/wp-json\/wp\/v2\/categories?post=129019"},{"taxonomy":"post_tag","embeddable":true,"href":"https:\/\/www.africa-press.net\/burkina-faso\/wp-json\/wp\/v2\/tags?post=129019"}],"curies":[{"name":"wp","href":"https:\/\/api.w.org\/{rel}","templated":true}]}}