{"id":129025,"date":"2026-04-28T13:29:11","date_gmt":"2026-04-28T13:29:11","guid":{"rendered":"https:\/\/www.africa-press.net\/burkina-faso\/politique\/snc-2026-onaser-renforce-controles-routiers"},"modified":"2026-04-28T13:59:40","modified_gmt":"2026-04-28T13:59:40","slug":"snc-2026-onaser-renforce-controles-routiers","status":"publish","type":"post","link":"https:\/\/www.africa-press.net\/burkina-faso\/photo\/snc-2026-onaser-renforce-controles-routiers","title":{"rendered":"SNC 2026: ONASER Renforce Contro\u0302les Routiers"},"content":{"rendered":"<p><span style=\"color: #ff6600\"><strong>Africa-Press &#8211; Burkina Faso. <\/strong><\/span>A\u0300 l\u2019occasion de la 22e e\u0301dition de la Semaine nationale de la culture 2026, pre\u0301vue a\u0300 Bobo-Dioulasso du 25 avril au 2 mai 2026, l\u2019Office national de la se\u0301curite\u0301 routie\u0300re (ONASER) a intensifie\u0301 ses ope\u0301rations de contro\u0302le sur les principales arte\u0300res de la ville. L\u2019objectif affiche\u0301 est de garantir la se\u0301curite\u0301 des milliers de festivaliers attendus pour cet e\u0301ve\u0301nement culturel majeur du Burkina Faso.<\/p>\n<p>Dans la matine\u0301e du samedi 25 avril 2026, une e\u0301quipe de l\u2019Office national de la se\u0301curite\u0301 routie\u0300re (ONASER) a e\u0301te\u0301 aperc\u0327ue au quartier Belleville, pre\u0301cise\u0301ment a\u0300 proximite\u0301 du feu tricolore situe\u0301 derrie\u0300re le mur de l\u2019ae\u0301roport. Sur place, les agents ont mene\u0301 une ope\u0301ration de contro\u0302le axe\u0301e sur le port du casque chez les conducteurs de deux-roues. En l\u2019espace de quelques minutes seulement, plus d\u2019une cinquantaine d\u2019usagers ont e\u0301te\u0301 interpelle\u0301s pour non-respect de cette obligation.<\/p>\n<p>Les contrevenants ont e\u0301te\u0301 invite\u0301s a\u0300 se mettre en re\u0300gle avant de pouvoir re\u0301cupe\u0301rer leurs engins. Une mesure pe\u0301dagogique qui vise ainsi a\u0300 susciter une prise de conscience imme\u0301diate chez les usagers. \u00ab Il ne s\u2019agit pas seulement de sanctionner, mais surtout d\u2019amener chacun a\u0300 adopter les bons comportements \u00bb, a laisse\u0301 entendre le lieutenant de police Moctar Oue\u0301draogo, charge\u0301 des ope\u0301rations de l\u2019antenne Ouest ONASER.<\/p>\n<p>Parmi les usagers interpelle\u0301s, certains reconnaissent leur tort tout en saluant l\u2019initiative. Armel Traore\u0301, transporteur de profession, te\u0301moigne: \u00ab Ce matin, je partais dans mon lieu de service et on m\u2019a interpelle\u0301, pre\u0301tendant que je n\u2019avais pas de casque. Donc, on a gare\u0301 mon engin et j\u2019e\u0301tais contraint d\u2019aller chercher mon casque et de revenir chercher mon engin. Je trouve que c\u2019est tre\u0300s merveilleux parce que, vraiment, on va dire que c\u2019est me\u0301chant, mais je trouve que c\u2019est encore meilleur parce que c\u0327a nous prote\u0300ge contre les accidents, c\u0327a nous prote\u0300ge contre le vent qui souffle a\u0300 l\u2019heure. Vraiment, c\u2019est a\u0300 cause de l\u2019ignorance que nous n\u2019avons pas pris le casque, sinon, on sait que c\u2019est interdit \u00bb.<\/p>\n<p>Dans la me\u0302me dynamique, Ramata Guembre\u0301, e\u0301galement interpelle\u0301e, reconnai\u0302t une ne\u0301gligence de sa part. \u00ab Je l\u2019avais porte\u0301, mais je l\u2019ai enleve\u0301 sur la route pour faire quelque chose. Donc, du coup, je ne l\u2019ai plus porte\u0301. Arrive\u0301e ici, on dit contro\u0302le de casques. Donc, on m\u2019a arre\u0302te\u0301e. L\u2019erreur vient de moi. Parce que si je l\u2019avais porte\u0301e jusqu\u2019ici, on n\u2019allait pas m\u2019arre\u0302ter \u00bb. Elle en profite pour lancer un appel aux autres usagers de porter les casques. \u00ab Ne faites pas comme nous \u00bb, a-t-elle lance\u0301.<\/p>\n<p>Paralle\u0300lement a\u0300 cette intervention, une autre e\u0301quipe de l\u2019ONASER e\u0301tait de\u0301ploye\u0301e au niveau du rond-point Thomas Sankara, ou\u0300 le me\u0302me exercice de contro\u0302le et de sensibilisation e\u0301tait mene\u0301. Interroge\u0301 sur le terrain, le lieutenant de police Moctar Oue\u0301draogo, charge\u0301 des ope\u0301rations de l\u2019antenne Ouest de l\u2019ONASER, a explique\u0301 les motivations de cette campagne renforce\u0301e. Selon lui, la Semaine nationale de la culture constitue une pe\u0301riode de forte affluence, marque\u0301e par une mobilite\u0301 accrue des populations.<\/p>\n<p>\u00ab La SNC est un moment de grand rassemblement. Il y a beaucoup de de\u0301placements et donc un risque accru d\u2019accidents. C\u2019est pourquoi nous sommes sortis pour rappeler aux usagers l\u2019importance d\u2019adopter de bons comportements en circulation afin que chacun puisse profiter de la fe\u0302te en toute se\u0301curite\u0301 \u00bb, a-t-il de\u0301clare\u0301. Au-dela\u0300 de la sensibilisation, les e\u0301quipes veillent e\u0301galement a\u0300 faire cesser les infractions constate\u0301es. Le non-port du casque, conside\u0301re\u0301 comme une infraction au regard de la re\u0301glementation en vigueur, reste la principale faute releve\u0301e lors de ces ope\u0301rations. \u00ab Sur deux carrefours seulement, en moins d\u2019une heure, nous avons interpelle\u0301 plus d\u2019une centaine de personnes \u00bb, pre\u0301cise le lieutenant.<\/p>\n<p>Par ailleurs, en circulation, certains usagers disposent bien d\u2019un casque, mais ne le portent pas correctement. Une pratique que de\u0301nonce fermement l\u2019ONASER. \u00ab Il ne suffit pas de posse\u0301der un casque, il faut le porter correctement. Le casque accroche\u0301 au guidon, porte\u0301 a\u0300 l\u2019envers ou suspendu a\u0300 l\u2019arrie\u0300re de la moto ne prote\u0300ge pas \u00bb, insiste-t-il. L\u2019officier rappelle que le casque est avant tout un e\u0301quipement de protection essentiel en cas d\u2019accident. \u00ab L\u2019accident ne pre\u0301vient pas. Me\u0302me pour un court trajet, on peut e\u0302tre expose\u0301 a\u0300 un danger impre\u0301vu. Le casque peut sauver des vies \u00bb, souligne-t-il.<\/p>\n<p>A\u0300 co\u0302te\u0301 des contrevenants, certains usagers se distinguent par leur respect des re\u0300gles. Modou Sanguisso, inspecteur de l\u2019enseignement primaire, qui est vu comme un exemple, salue l\u2019initiative. \u00ab Je trouve que les autorite\u0301s veulent notre bien-e\u0302tre. Quand tu portes le casque et qu\u2019il y a un accident, les conse\u0301quences sont amoindries. Donc l\u2019ide\u0301e est la bienvenue et j\u2019y souscris entie\u0300rement. Tout le monde doit e\u0302tre un bon citoyen et porter le casque pour son propre bien-e\u0302tre \u00bb, a-t-il laisse\u0301 entendre.<\/p>\n<p>Me\u0302me son de cloche chez Ami-Florenda Yago, apprenante. \u00ab J\u2019ai accepte\u0301 de porter le casque pour ma propre se\u0301curite\u0301. Si j\u2019ai un accident, cela peut prote\u0301ger ma te\u0302te. La te\u0302te est tre\u0300s importante. Lorsqu\u2019elle est touche\u0301e, les conse\u0301quences sont graves. Donc, acceptons de porter le casque, ce n\u2019est pas pour les policiers, mais pour nous-me\u0302mes \u00bb, a-t-elle rappele\u0301.<\/p>\n<p>En temps normal, le non-port du casque est passible d\u2019une amende de 3 000 francs CFA. Toutefois, dans le cadre de cette ope\u0301ration spe\u0301ciale SNC, les autorite\u0301s ont privile\u0301gie\u0301 une approche pe\u0301dagogique. Les contrevenants sont invite\u0301s a\u0300 aller chercher leur casque et a\u0300 revenir le porter sur place avant de repartir. Une strate\u0301gie progressive visant a\u0300 encourager l\u2019adoption durable de ce re\u0301flexe de se\u0301curite\u0301. Outre le contro\u0302le du port du casque, l\u2019ONASER a e\u0301galement de\u0301ploye\u0301 des e\u0301quipes sur plusieurs axes routiers pour surveiller le respect des limitations de vitesse. Cette mesure vise a\u0300 pre\u0301venir les exce\u0300s de vitesse, souvent a\u0300 l\u2019origine d\u2019accidents graves. \u00ab Me\u0302me si l\u2019on est presse\u0301 ou en retard, il faut privile\u0301gier la prudence. Mieux vaut arriver en retard a\u0300 la fe\u0302te que de ne jamais y arriver \u00bb, a conclu le lieutenant Moctar Oue\u0301draogo.<\/p>\n<p><b>Romuald Dofini<\/b><\/p>\n\r\n                <style type=\"text\/css\">\r\n                    \r\n                    #td_uid_1_69f106af40cab  .td-doubleSlider-2 .td-item1 {\r\n                        background: url(https:\/\/static.africa-press.net\/burkina\/sites\/42\/2026\/04\/sm_1777372132.040543-80x60.jpg) 0 0 no-repeat;\r\n                    }\r\n                    #td_uid_1_69f106af40cab  .td-doubleSlider-2 .td-item2 {\r\n                        background: url(https:\/\/static.africa-press.net\/burkina\/sites\/42\/2026\/04\/sm_1777372136.32016-80x60.jpg) 0 0 no-repeat;\r\n                    }\r\n                    #td_uid_1_69f106af40cab  .td-doubleSlider-2 .td-item3 {\r\n                        background: url(https:\/\/static.africa-press.net\/burkina\/sites\/42\/2026\/04\/sm_1777372140.659413-80x60.jpg) 0 0 no-repeat;\r\n                    }\r\n                    #td_uid_1_69f106af40cab  .td-doubleSlider-2 .td-item4 {\r\n                        background: url(https:\/\/static.africa-press.net\/burkina\/sites\/42\/2026\/04\/sm_1777372144.826406-80x60.jpg) 0 0 no-repeat;\r\n                    }\r\n                <\/style>\r\n\r\n                <div id=\"td_uid_1_69f106af40cab\" class=\"td-gallery td-slide-on-2-columns\">\r\n                    <div class=\"post_td_gallery\">\r\n                        <div class=\"td-gallery-slide-top\">\r\n                           <div class=\"td-gallery-title\"><\/div>\r\n\r\n                            <div class=\"td-gallery-controls-wrapper\">\r\n                                <div class=\"td-gallery-slide-count\"><span class=\"td-gallery-slide-item-focus\">1<\/span> de 4<\/div>\r\n                                <div class=\"td-gallery-slide-prev-next-but\">\r\n                                    <i class = \"td-icon-left doubleSliderPrevButton\"><\/i>\r\n                                    <i class = \"td-icon-right doubleSliderNextButton\"><\/i>\r\n                                <\/div>\r\n                            <\/div>\r\n                        <\/div>\r\n\r\n                        <div class = \"td-doubleSlider-1 \">\r\n                            <div class = \"td-slider\">\r\n                                \r\n                    <div class = \"td-slide-item td-item1\">\r\n                        <figure class=\"td-slide-galery-figure td-slide-popup-gallery\">\r\n                            <a class=\"slide-gallery-image-link\" href=\"https:\/\/static.africa-press.net\/burkina\/sites\/42\/2026\/04\/sm_1777372132.040543.jpg\" title=\"sm_1777372132.040543\"  data-caption=\"\"  data-description=\"\">\r\n                                <img decoding=\"async\" src=\"https:\/\/static.africa-press.net\/burkina\/sites\/42\/2026\/04\/sm_1777372132.040543.jpg\" srcset=\"https:\/\/static.africa-press.net\/burkina\/sites\/42\/2026\/04\/sm_1777372132.040543.jpg 600w, https:\/\/static.africa-press.net\/burkina\/sites\/42\/2026\/04\/sm_1777372132.040543-300x225.jpg 300w, https:\/\/static.africa-press.net\/burkina\/sites\/42\/2026\/04\/sm_1777372132.040543-80x60.jpg 80w\" sizes=\"(max-width: 600px) 100vw, 600px\" alt=\"\">\r\n                            <\/a>\r\n                            \r\n                        <\/figure>\r\n                    <\/div>\r\n                    <div class = \"td-slide-item td-item2\">\r\n                        <figure class=\"td-slide-galery-figure td-slide-popup-gallery\">\r\n                            <a class=\"slide-gallery-image-link\" href=\"https:\/\/static.africa-press.net\/burkina\/sites\/42\/2026\/04\/sm_1777372136.32016.jpg\" title=\"sm_1777372136.32016\"  data-caption=\"\"  data-description=\"\">\r\n                                <img decoding=\"async\" src=\"https:\/\/static.africa-press.net\/burkina\/sites\/42\/2026\/04\/sm_1777372136.32016.jpg\" srcset=\"https:\/\/static.africa-press.net\/burkina\/sites\/42\/2026\/04\/sm_1777372136.32016.jpg 600w, https:\/\/static.africa-press.net\/burkina\/sites\/42\/2026\/04\/sm_1777372136.32016-300x225.jpg 300w, https:\/\/static.africa-press.net\/burkina\/sites\/42\/2026\/04\/sm_1777372136.32016-80x60.jpg 80w\" sizes=\"(max-width: 600px) 100vw, 600px\" alt=\"\">\r\n                            <\/a>\r\n                            \r\n                        <\/figure>\r\n                    <\/div>\r\n                    <div class = \"td-slide-item td-item3\">\r\n                        <figure class=\"td-slide-galery-figure td-slide-popup-gallery\">\r\n                            <a class=\"slide-gallery-image-link\" href=\"https:\/\/static.africa-press.net\/burkina\/sites\/42\/2026\/04\/sm_1777372140.659413.jpg\" title=\"sm_1777372140.659413\"  data-caption=\"\"  data-description=\"\">\r\n                                <img decoding=\"async\" src=\"https:\/\/static.africa-press.net\/burkina\/sites\/42\/2026\/04\/sm_1777372140.659413.jpg\" srcset=\"https:\/\/static.africa-press.net\/burkina\/sites\/42\/2026\/04\/sm_1777372140.659413.jpg 600w, https:\/\/static.africa-press.net\/burkina\/sites\/42\/2026\/04\/sm_1777372140.659413-300x225.jpg 300w, https:\/\/static.africa-press.net\/burkina\/sites\/42\/2026\/04\/sm_1777372140.659413-80x60.jpg 80w\" sizes=\"(max-width: 600px) 100vw, 600px\" alt=\"\">\r\n                            <\/a>\r\n                            \r\n                        <\/figure>\r\n                    <\/div>\r\n                    <div class = \"td-slide-item td-item4\">\r\n                        <figure class=\"td-slide-galery-figure td-slide-popup-gallery\">\r\n                            <a class=\"slide-gallery-image-link\" href=\"https:\/\/static.africa-press.net\/burkina\/sites\/42\/2026\/04\/sm_1777372144.826406.jpg\" title=\"sm_1777372144.826406\"  data-caption=\"\"  data-description=\"\">\r\n                                <img decoding=\"async\" src=\"https:\/\/static.africa-press.net\/burkina\/sites\/42\/2026\/04\/sm_1777372144.826406.jpg\" srcset=\"https:\/\/static.africa-press.net\/burkina\/sites\/42\/2026\/04\/sm_1777372144.826406.jpg 600w, https:\/\/static.africa-press.net\/burkina\/sites\/42\/2026\/04\/sm_1777372144.826406-300x225.jpg 300w, https:\/\/static.africa-press.net\/burkina\/sites\/42\/2026\/04\/sm_1777372144.826406-80x60.jpg 80w\" sizes=\"(max-width: 600px) 100vw, 600px\" alt=\"\">\r\n                            <\/a>\r\n                            \r\n                        <\/figure>\r\n                    <\/div>\r\n                            <\/div>\r\n                        <\/div>\r\n\r\n                        <div class = \"td-doubleSlider-2\">\r\n                            <div class = \"td-slider\">\r\n                                \r\n                    <div class = \"td-button td-item1\">\r\n                        <div class = \"td-border\"><\/div>\r\n                    <\/div>\r\n                    <div class = \"td-button td-item2\">\r\n                        <div class = \"td-border\"><\/div>\r\n                    <\/div>\r\n                    <div class = \"td-button td-item3\">\r\n                        <div class = \"td-border\"><\/div>\r\n                    <\/div>\r\n                    <div class = \"td-button td-item4\">\r\n                        <div class = \"td-border\"><\/div>\r\n                    <\/div>\r\n                            <\/div>\r\n                        <\/div>\r\n\r\n                    <\/div>\r\n\r\n                <\/div>\r\n                \n<p><strong>Pour plus d&rsquo;informations et d&rsquo;analyses sur la <span style=\"color: #ff6600\">Burkina Faso<\/span>, suivez <span style=\"color: #ff6600\">Africa-Press<\/span><\/strong><\/p>\n","protected":false},"excerpt":{"rendered":"<p>Africa-Press &#8211; Burkina Faso. A\u0300 l\u2019occasion de la 22e e\u0301dition de la Semaine nationale de la culture 2026, pre\u0301vue a\u0300 Bobo-Dioulasso du 25 avril au 2 mai 2026, l\u2019Office national de la se\u0301curite\u0301 routie\u0300re (ONASER) a intensifie\u0301 ses ope\u0301rations de contro\u0302le sur les principales arte\u0300res de la ville. L\u2019objectif affiche\u0301 est de garantir la se\u0301curite\u0301 [&hellip;]<\/p>\n","protected":false},"author":82,"featured_media":129024,"comment_status":"open","ping_status":"closed","sticky":false,"template":"","format":"standard","meta":{"footnotes":""},"categories":[21,8,10],"tags":[29],"class_list":["post-129025","post","type-post","status-publish","format-standard","has-post-thumbnail","hentry","category-communaute","category-photo","category-toutes-les-actualites","tag-burkina-faso"],"yoast_head":"<!-- This site is optimized with the Yoast SEO Premium plugin v26.1 (Yoast SEO v27.0) - https:\/\/yoast.com\/product\/yoast-seo-premium-wordpress\/ -->\n<title>SNC 2026: ONASER Renforce Contro\u0302les Routiers - Burkina Faso<\/title>\n<meta name=\"description\" content=\"A\u0300 l\u2019occasion de la 22e e\u0301dition de la Semaine nationale de la culture 2026, pre\u0301vue a\u0300 Bobo-Dioulasso du 25 avril au 2 ...\" \/>\n<meta name=\"robots\" content=\"index, follow, max-snippet:-1, max-image-preview:large, max-video-preview:-1\" \/>\n<link rel=\"canonical\" href=\"https:\/\/www.africa-press.net\/burkina-faso\/photo\/snc-2026-onaser-renforce-controles-routiers\" \/>\n<meta property=\"og:locale\" content=\"fr_FR\" \/>\n<meta property=\"og:type\" content=\"article\" \/>\n<meta property=\"og:title\" content=\"SNC 2026: ONASER Renforce Contro\u0302les Routiers\" \/>\n<meta property=\"og:description\" content=\"A\u0300 l\u2019occasion de la 22e e\u0301dition de la Semaine nationale de la culture 2026, pre\u0301vue a\u0300 Bobo-Dioulasso du 25 avril au 2 ...\" \/>\n<meta property=\"og:url\" content=\"https:\/\/www.africa-press.net\/burkina-faso\/photo\/snc-2026-onaser-renforce-controles-routiers\" \/>\n<meta property=\"og:site_name\" content=\"Burkina Faso\" \/>\n<meta property=\"article:published_time\" content=\"2026-04-28T13:29:11+00:00\" \/>\n<meta property=\"article:modified_time\" content=\"2026-04-28T13:59:40+00:00\" \/>\n<meta property=\"og:image\" content=\"https:\/\/static.africa-press.net\/burkina\/sites\/42\/2026\/04\/sm_1777372148.61443.jpg\" \/>\n\t<meta property=\"og:image:width\" content=\"720\" \/>\n\t<meta property=\"og:image:height\" content=\"540\" \/>\n\t<meta property=\"og:image:type\" content=\"image\/jpeg\" \/>\n<meta name=\"author\" content=\"cfeditorfr\" \/>\n<meta name=\"twitter:card\" content=\"summary_large_image\" \/>\n<meta name=\"twitter:label1\" content=\"\u00c9crit par\" \/>\n\t<meta name=\"twitter:data1\" content=\"cfeditorfr\" \/>\n\t<meta name=\"twitter:label2\" content=\"Dur\u00e9e de lecture estim\u00e9e\" \/>\n\t<meta name=\"twitter:data2\" content=\"6 minutes\" \/>\n<script type=\"application\/ld+json\" class=\"yoast-schema-graph\">{\"@context\":\"https:\/\/schema.org\",\"@graph\":[{\"@type\":\"Article\",\"@id\":\"https:\/\/www.africa-press.net\/burkina-faso\/photo\/snc-2026-onaser-renforce-controles-routiers#article\",\"isPartOf\":{\"@id\":\"https:\/\/www.africa-press.net\/burkina-faso\/photo\/snc-2026-onaser-renforce-controles-routiers\"},\"author\":{\"name\":\"cfeditorfr\",\"@id\":\"https:\/\/www.africa-press.net\/burkina-faso\/#\/schema\/person\/2b1cf3cd81a31e3cd26889ca66d677f1\"},\"headline\":\"SNC 2026: ONASER Renforce Contro\u0302les Routiers\",\"datePublished\":\"2026-04-28T13:29:11+00:00\",\"dateModified\":\"2026-04-28T13:59:40+00:00\",\"mainEntityOfPage\":{\"@id\":\"https:\/\/www.africa-press.net\/burkina-faso\/photo\/snc-2026-onaser-renforce-controles-routiers\"},\"wordCount\":1164,\"commentCount\":0,\"image\":{\"@id\":\"https:\/\/www.africa-press.net\/burkina-faso\/photo\/snc-2026-onaser-renforce-controles-routiers#primaryimage\"},\"thumbnailUrl\":\"https:\/\/static.africa-press.net\/burkina\/sites\/42\/2026\/04\/sm_1777372148.61443.jpg\",\"keywords\":[\"Burkina Faso\"],\"articleSection\":[\"Communaut\u00e9\",\"Photo\",\"Toutes les actualit\u00e9s\"],\"inLanguage\":\"fr-FR\",\"potentialAction\":[{\"@type\":\"CommentAction\",\"name\":\"Comment\",\"target\":[\"https:\/\/www.africa-press.net\/burkina-faso\/photo\/snc-2026-onaser-renforce-controles-routiers#respond\"]}]},{\"@type\":\"WebPage\",\"@id\":\"https:\/\/www.africa-press.net\/burkina-faso\/photo\/snc-2026-onaser-renforce-controles-routiers\",\"url\":\"https:\/\/www.africa-press.net\/burkina-faso\/photo\/snc-2026-onaser-renforce-controles-routiers\",\"name\":\"SNC 2026: ONASER Renforce Contro\u0302les Routiers - Burkina Faso\",\"isPartOf\":{\"@id\":\"https:\/\/www.africa-press.net\/burkina-faso\/#website\"},\"primaryImageOfPage\":{\"@id\":\"https:\/\/www.africa-press.net\/burkina-faso\/photo\/snc-2026-onaser-renforce-controles-routiers#primaryimage\"},\"image\":{\"@id\":\"https:\/\/www.africa-press.net\/burkina-faso\/photo\/snc-2026-onaser-renforce-controles-routiers#primaryimage\"},\"thumbnailUrl\":\"https:\/\/static.africa-press.net\/burkina\/sites\/42\/2026\/04\/sm_1777372148.61443.jpg\",\"datePublished\":\"2026-04-28T13:29:11+00:00\",\"dateModified\":\"2026-04-28T13:59:40+00:00\",\"author\":{\"@id\":\"https:\/\/www.africa-press.net\/burkina-faso\/#\/schema\/person\/2b1cf3cd81a31e3cd26889ca66d677f1\"},\"description\":\"A\u0300 l\u2019occasion de la 22e e\u0301dition de la Semaine nationale de la culture 2026, pre\u0301vue a\u0300 Bobo-Dioulasso du 25 avril au 2 ...\",\"breadcrumb\":{\"@id\":\"https:\/\/www.africa-press.net\/burkina-faso\/photo\/snc-2026-onaser-renforce-controles-routiers#breadcrumb\"},\"inLanguage\":\"fr-FR\",\"potentialAction\":[{\"@type\":\"ReadAction\",\"target\":[\"https:\/\/www.africa-press.net\/burkina-faso\/photo\/snc-2026-onaser-renforce-controles-routiers\"]}]},{\"@type\":\"ImageObject\",\"inLanguage\":\"fr-FR\",\"@id\":\"https:\/\/www.africa-press.net\/burkina-faso\/photo\/snc-2026-onaser-renforce-controles-routiers#primaryimage\",\"url\":\"https:\/\/static.africa-press.net\/burkina\/sites\/42\/2026\/04\/sm_1777372148.61443.jpg\",\"contentUrl\":\"https:\/\/static.africa-press.net\/burkina\/sites\/42\/2026\/04\/sm_1777372148.61443.jpg\",\"width\":720,\"height\":540,\"caption\":\"SNC 2026: ONASER Renforce Contro\u0302les Routiers\"},{\"@type\":\"BreadcrumbList\",\"@id\":\"https:\/\/www.africa-press.net\/burkina-faso\/photo\/snc-2026-onaser-renforce-controles-routiers#breadcrumb\",\"itemListElement\":[{\"@type\":\"ListItem\",\"position\":1,\"name\":\"Accueil\",\"item\":\"https:\/\/www.africa-press.net\/burkina-faso\/\"},{\"@type\":\"ListItem\",\"position\":2,\"name\":\"SNC 2026: ONASER Renforce Contro\u0302les Routiers\"}]},{\"@type\":\"WebSite\",\"@id\":\"https:\/\/www.africa-press.net\/burkina-faso\/#website\",\"url\":\"https:\/\/www.africa-press.net\/burkina-faso\/\",\"name\":\"Burkina Faso\",\"description\":\"Just another Africa News Agency Sites site\",\"potentialAction\":[{\"@type\":\"SearchAction\",\"target\":{\"@type\":\"EntryPoint\",\"urlTemplate\":\"https:\/\/www.africa-press.net\/burkina-faso\/?s={search_term_string}\"},\"query-input\":{\"@type\":\"PropertyValueSpecification\",\"valueRequired\":true,\"valueName\":\"search_term_string\"}}],\"inLanguage\":\"fr-FR\"},{\"@type\":\"Person\",\"@id\":\"https:\/\/www.africa-press.net\/burkina-faso\/#\/schema\/person\/2b1cf3cd81a31e3cd26889ca66d677f1\",\"name\":\"cfeditorfr\"}]}<\/script>\n<!-- \/ Yoast SEO Premium plugin. -->","yoast_head_json":{"title":"SNC 2026: ONASER Renforce Contro\u0302les Routiers - Burkina Faso","description":"A\u0300 l\u2019occasion de la 22e e\u0301dition de la Semaine nationale de la culture 2026, pre\u0301vue a\u0300 Bobo-Dioulasso du 25 avril au 2 ...","robots":{"index":"index","follow":"follow","max-snippet":"max-snippet:-1","max-image-preview":"max-image-preview:large","max-video-preview":"max-video-preview:-1"},"canonical":"https:\/\/www.africa-press.net\/burkina-faso\/photo\/snc-2026-onaser-renforce-controles-routiers","og_locale":"fr_FR","og_type":"article","og_title":"SNC 2026: ONASER Renforce Contro\u0302les Routiers","og_description":"A\u0300 l\u2019occasion de la 22e e\u0301dition de la Semaine nationale de la culture 2026, pre\u0301vue a\u0300 Bobo-Dioulasso du 25 avril au 2 ...","og_url":"https:\/\/www.africa-press.net\/burkina-faso\/photo\/snc-2026-onaser-renforce-controles-routiers","og_site_name":"Burkina Faso","article_published_time":"2026-04-28T13:29:11+00:00","article_modified_time":"2026-04-28T13:59:40+00:00","og_image":[{"width":720,"height":540,"url":"https:\/\/static.africa-press.net\/burkina\/sites\/42\/2026\/04\/sm_1777372148.61443.jpg","type":"image\/jpeg"}],"author":"cfeditorfr","twitter_card":"summary_large_image","twitter_misc":{"\u00c9crit par":"cfeditorfr","Dur\u00e9e de lecture estim\u00e9e":"6 minutes"},"schema":{"@context":"https:\/\/schema.org","@graph":[{"@type":"Article","@id":"https:\/\/www.africa-press.net\/burkina-faso\/photo\/snc-2026-onaser-renforce-controles-routiers#article","isPartOf":{"@id":"https:\/\/www.africa-press.net\/burkina-faso\/photo\/snc-2026-onaser-renforce-controles-routiers"},"author":{"name":"cfeditorfr","@id":"https:\/\/www.africa-press.net\/burkina-faso\/#\/schema\/person\/2b1cf3cd81a31e3cd26889ca66d677f1"},"headline":"SNC 2026: ONASER Renforce Contro\u0302les Routiers","datePublished":"2026-04-28T13:29:11+00:00","dateModified":"2026-04-28T13:59:40+00:00","mainEntityOfPage":{"@id":"https:\/\/www.africa-press.net\/burkina-faso\/photo\/snc-2026-onaser-renforce-controles-routiers"},"wordCount":1164,"commentCount":0,"image":{"@id":"https:\/\/www.africa-press.net\/burkina-faso\/photo\/snc-2026-onaser-renforce-controles-routiers#primaryimage"},"thumbnailUrl":"https:\/\/static.africa-press.net\/burkina\/sites\/42\/2026\/04\/sm_1777372148.61443.jpg","keywords":["Burkina Faso"],"articleSection":["Communaut\u00e9","Photo","Toutes les actualit\u00e9s"],"inLanguage":"fr-FR","potentialAction":[{"@type":"CommentAction","name":"Comment","target":["https:\/\/www.africa-press.net\/burkina-faso\/photo\/snc-2026-onaser-renforce-controles-routiers#respond"]}]},{"@type":"WebPage","@id":"https:\/\/www.africa-press.net\/burkina-faso\/photo\/snc-2026-onaser-renforce-controles-routiers","url":"https:\/\/www.africa-press.net\/burkina-faso\/photo\/snc-2026-onaser-renforce-controles-routiers","name":"SNC 2026: ONASER Renforce Contro\u0302les Routiers - Burkina Faso","isPartOf":{"@id":"https:\/\/www.africa-press.net\/burkina-faso\/#website"},"primaryImageOfPage":{"@id":"https:\/\/www.africa-press.net\/burkina-faso\/photo\/snc-2026-onaser-renforce-controles-routiers#primaryimage"},"image":{"@id":"https:\/\/www.africa-press.net\/burkina-faso\/photo\/snc-2026-onaser-renforce-controles-routiers#primaryimage"},"thumbnailUrl":"https:\/\/static.africa-press.net\/burkina\/sites\/42\/2026\/04\/sm_1777372148.61443.jpg","datePublished":"2026-04-28T13:29:11+00:00","dateModified":"2026-04-28T13:59:40+00:00","author":{"@id":"https:\/\/www.africa-press.net\/burkina-faso\/#\/schema\/person\/2b1cf3cd81a31e3cd26889ca66d677f1"},"description":"A\u0300 l\u2019occasion de la 22e e\u0301dition de la Semaine nationale de la culture 2026, pre\u0301vue a\u0300 Bobo-Dioulasso du 25 avril au 2 ...","breadcrumb":{"@id":"https:\/\/www.africa-press.net\/burkina-faso\/photo\/snc-2026-onaser-renforce-controles-routiers#breadcrumb"},"inLanguage":"fr-FR","potentialAction":[{"@type":"ReadAction","target":["https:\/\/www.africa-press.net\/burkina-faso\/photo\/snc-2026-onaser-renforce-controles-routiers"]}]},{"@type":"ImageObject","inLanguage":"fr-FR","@id":"https:\/\/www.africa-press.net\/burkina-faso\/photo\/snc-2026-onaser-renforce-controles-routiers#primaryimage","url":"https:\/\/static.africa-press.net\/burkina\/sites\/42\/2026\/04\/sm_1777372148.61443.jpg","contentUrl":"https:\/\/static.africa-press.net\/burkina\/sites\/42\/2026\/04\/sm_1777372148.61443.jpg","width":720,"height":540,"caption":"SNC 2026: ONASER Renforce Contro\u0302les Routiers"},{"@type":"BreadcrumbList","@id":"https:\/\/www.africa-press.net\/burkina-faso\/photo\/snc-2026-onaser-renforce-controles-routiers#breadcrumb","itemListElement":[{"@type":"ListItem","position":1,"name":"Accueil","item":"https:\/\/www.africa-press.net\/burkina-faso\/"},{"@type":"ListItem","position":2,"name":"SNC 2026: ONASER Renforce Contro\u0302les Routiers"}]},{"@type":"WebSite","@id":"https:\/\/www.africa-press.net\/burkina-faso\/#website","url":"https:\/\/www.africa-press.net\/burkina-faso\/","name":"Burkina Faso","description":"Just another Africa News Agency Sites site","potentialAction":[{"@type":"SearchAction","target":{"@type":"EntryPoint","urlTemplate":"https:\/\/www.africa-press.net\/burkina-faso\/?s={search_term_string}"},"query-input":{"@type":"PropertyValueSpecification","valueRequired":true,"valueName":"search_term_string"}}],"inLanguage":"fr-FR"},{"@type":"Person","@id":"https:\/\/www.africa-press.net\/burkina-faso\/#\/schema\/person\/2b1cf3cd81a31e3cd26889ca66d677f1","name":"cfeditorfr"}]}},"_links":{"self":[{"href":"https:\/\/www.africa-press.net\/burkina-faso\/wp-json\/wp\/v2\/posts\/129025","targetHints":{"allow":["GET"]}}],"collection":[{"href":"https:\/\/www.africa-press.net\/burkina-faso\/wp-json\/wp\/v2\/posts"}],"about":[{"href":"https:\/\/www.africa-press.net\/burkina-faso\/wp-json\/wp\/v2\/types\/post"}],"author":[{"embeddable":true,"href":"https:\/\/www.africa-press.net\/burkina-faso\/wp-json\/wp\/v2\/users\/82"}],"replies":[{"embeddable":true,"href":"https:\/\/www.africa-press.net\/burkina-faso\/wp-json\/wp\/v2\/comments?post=129025"}],"version-history":[{"count":1,"href":"https:\/\/www.africa-press.net\/burkina-faso\/wp-json\/wp\/v2\/posts\/129025\/revisions"}],"predecessor-version":[{"id":129032,"href":"https:\/\/www.africa-press.net\/burkina-faso\/wp-json\/wp\/v2\/posts\/129025\/revisions\/129032"}],"wp:featuredmedia":[{"embeddable":true,"href":"https:\/\/www.africa-press.net\/burkina-faso\/wp-json\/wp\/v2\/media\/129024"}],"wp:attachment":[{"href":"https:\/\/www.africa-press.net\/burkina-faso\/wp-json\/wp\/v2\/media?parent=129025"}],"wp:term":[{"taxonomy":"category","embeddable":true,"href":"https:\/\/www.africa-press.net\/burkina-faso\/wp-json\/wp\/v2\/categories?post=129025"},{"taxonomy":"post_tag","embeddable":true,"href":"https:\/\/www.africa-press.net\/burkina-faso\/wp-json\/wp\/v2\/tags?post=129025"}],"curies":[{"name":"wp","href":"https:\/\/api.w.org\/{rel}","templated":true}]}}