{"id":129035,"date":"2026-04-28T13:30:36","date_gmt":"2026-04-28T13:30:36","guid":{"rendered":"https:\/\/www.africa-press.net\/burkina-faso\/politique\/lancement-dune-application-pour-le-code-penal-a-bobo-dioulasso"},"modified":"2026-04-28T14:00:12","modified_gmt":"2026-04-28T14:00:12","slug":"lancement-dune-application-pour-le-code-penal-a-bobo-dioulasso","status":"publish","type":"post","link":"https:\/\/www.africa-press.net\/burkina-faso\/politique\/lancement-dune-application-pour-le-code-penal-a-bobo-dioulasso","title":{"rendered":"Lancement d&rsquo;une application pour le code p\u00e9nal \u00e0 Bobo-Dioulasso"},"content":{"rendered":"<p><span style=\"color: #ff6600\"><strong>Africa-Press &#8211; Burkina Faso. <\/strong><\/span>Le ministre de la Justice, Me Edasso Rodrigue Bayala, a pre\u0301side\u0301 l\u2019ouverture d\u2019une session de vulgarisation des innovations du code de proce\u0301dure pe\u0301nale et de la loi sur le travail d\u2019inte\u0301re\u0302t ge\u0301ne\u0301ral, ce lundi 27 avril 2026 a\u0300 Bobo-Dioulasso, dans le ressort de la Cour d\u2019appel. Cette rencontre re\u0301unit magistrats, greffiers, officiers de police judiciaire et agents de la garde de se\u0301curite\u0301 pe\u0301nitentiaire.<\/p>\n<p>L\u2019objectif vise\u0301 est d\u2019assurer une compre\u0301hension harmonise\u0301e des nouvelles dispositions, une application uniforme des proce\u0301dures et un renforcement de la coordination entre les acteurs de la chai\u0302ne pe\u0301nale.<\/p>\n<p>Dans son intervention, le ministre a insiste\u0301 sur la ne\u0301cessite\u0301 d\u2019une justice plus rapide et efficace, rappelant que la ce\u0301le\u0301rite\u0301 constitue un gage de cre\u0301dibilite\u0301.<\/p>\n<p>Edasso Rodrigue Bayala a ainsi invite\u0301 les participants a\u0300 s\u2019approprier pleinement ces re\u0301formes afin d\u2019ame\u0301liorer le traitement des dossiers au be\u0301ne\u0301fice des justiciables.<\/p>\n<p><strong>Pour plus d&rsquo;informations et d&rsquo;analyses sur la <span style=\"color: #ff6600\">Burkina Faso<\/span>, suivez <span style=\"color: #ff6600\">Africa-Press<\/span><\/strong><\/p>\n","protected":false},"excerpt":{"rendered":"<p>Africa-Press &#8211; Burkina Faso. Le ministre de la Justice, Me Edasso Rodrigue Bayala, a pre\u0301side\u0301 l\u2019ouverture d\u2019une session de vulgarisation des innovations du code de proce\u0301dure pe\u0301nale et de la loi sur le travail d\u2019inte\u0301re\u0302t ge\u0301ne\u0301ral, ce lundi 27 avril 2026 a\u0300 Bobo-Dioulasso, dans le ressort de la Cour d\u2019appel. Cette rencontre re\u0301unit magistrats, greffiers, [&hellip;]<\/p>\n","protected":false},"author":82,"featured_media":129034,"comment_status":"open","ping_status":"closed","sticky":false,"template":"","format":"standard","meta":{"footnotes":""},"categories":[2,10],"tags":[29],"class_list":["post-129035","post","type-post","status-publish","format-standard","has-post-thumbnail","hentry","category-politique","category-toutes-les-actualites","tag-burkina-faso"],"yoast_head":"<!-- This site is optimized with the Yoast SEO Premium plugin v26.1 (Yoast SEO v27.0) - https:\/\/yoast.com\/product\/yoast-seo-premium-wordpress\/ -->\n<title>Lancement d&#039;une application pour le code p\u00e9nal \u00e0 Bobo-Dioulasso - Burkina Faso<\/title>\n<meta name=\"description\" content=\"Le ministre de la Justice, Me Edasso Rodrigue Bayala, a pre\u0301side\u0301 l\u2019ouverture d\u2019une session de vulgarisation des innovat ...\" \/>\n<meta name=\"robots\" content=\"index, follow, max-snippet:-1, max-image-preview:large, max-video-preview:-1\" \/>\n<link rel=\"canonical\" href=\"https:\/\/www.africa-press.net\/burkina-faso\/politique\/lancement-dune-application-pour-le-code-penal-a-bobo-dioulasso\" \/>\n<meta property=\"og:locale\" content=\"fr_FR\" \/>\n<meta property=\"og:type\" content=\"article\" \/>\n<meta property=\"og:title\" content=\"Lancement d&#039;une application pour le code p\u00e9nal \u00e0 Bobo-Dioulasso\" \/>\n<meta property=\"og:description\" content=\"Le ministre de la Justice, Me Edasso Rodrigue Bayala, a pre\u0301side\u0301 l\u2019ouverture d\u2019une session de vulgarisation des innovat ...\" \/>\n<meta property=\"og:url\" content=\"https:\/\/www.africa-press.net\/burkina-faso\/politique\/lancement-dune-application-pour-le-code-penal-a-bobo-dioulasso\" \/>\n<meta property=\"og:site_name\" content=\"Burkina Faso\" \/>\n<meta property=\"article:published_time\" content=\"2026-04-28T13:30:36+00:00\" \/>\n<meta property=\"article:modified_time\" content=\"2026-04-28T14:00:12+00:00\" \/>\n<meta property=\"og:image\" content=\"https:\/\/static.africa-press.net\/burkina\/sites\/42\/2026\/04\/sm_1777372191.191597.jpg\" \/>\n\t<meta property=\"og:image:width\" content=\"720\" \/>\n\t<meta property=\"og:image:height\" content=\"475\" \/>\n\t<meta property=\"og:image:type\" content=\"image\/jpeg\" \/>\n<meta name=\"author\" content=\"cfeditorfr\" \/>\n<meta name=\"twitter:card\" content=\"summary_large_image\" \/>\n<meta name=\"twitter:label1\" content=\"\u00c9crit par\" \/>\n\t<meta name=\"twitter:data1\" content=\"cfeditorfr\" \/>\n\t<meta name=\"twitter:label2\" content=\"Dur\u00e9e de lecture estim\u00e9e\" \/>\n\t<meta name=\"twitter:data2\" content=\"1 minute\" \/>\n<script type=\"application\/ld+json\" class=\"yoast-schema-graph\">{\"@context\":\"https:\/\/schema.org\",\"@graph\":[{\"@type\":\"Article\",\"@id\":\"https:\/\/www.africa-press.net\/burkina-faso\/politique\/lancement-dune-application-pour-le-code-penal-a-bobo-dioulasso#article\",\"isPartOf\":{\"@id\":\"https:\/\/www.africa-press.net\/burkina-faso\/politique\/lancement-dune-application-pour-le-code-penal-a-bobo-dioulasso\"},\"author\":{\"name\":\"cfeditorfr\",\"@id\":\"https:\/\/www.africa-press.net\/burkina-faso\/#\/schema\/person\/2b1cf3cd81a31e3cd26889ca66d677f1\"},\"headline\":\"Lancement d&rsquo;une application pour le code p\u00e9nal \u00e0 Bobo-Dioulasso\",\"datePublished\":\"2026-04-28T13:30:36+00:00\",\"dateModified\":\"2026-04-28T14:00:12+00:00\",\"mainEntityOfPage\":{\"@id\":\"https:\/\/www.africa-press.net\/burkina-faso\/politique\/lancement-dune-application-pour-le-code-penal-a-bobo-dioulasso\"},\"wordCount\":196,\"commentCount\":0,\"image\":{\"@id\":\"https:\/\/www.africa-press.net\/burkina-faso\/politique\/lancement-dune-application-pour-le-code-penal-a-bobo-dioulasso#primaryimage\"},\"thumbnailUrl\":\"https:\/\/static.africa-press.net\/burkina\/sites\/42\/2026\/04\/sm_1777372191.191597.jpg\",\"keywords\":[\"Burkina Faso\"],\"articleSection\":[\"Politique\",\"Toutes les actualit\u00e9s\"],\"inLanguage\":\"fr-FR\",\"potentialAction\":[{\"@type\":\"CommentAction\",\"name\":\"Comment\",\"target\":[\"https:\/\/www.africa-press.net\/burkina-faso\/politique\/lancement-dune-application-pour-le-code-penal-a-bobo-dioulasso#respond\"]}]},{\"@type\":\"WebPage\",\"@id\":\"https:\/\/www.africa-press.net\/burkina-faso\/politique\/lancement-dune-application-pour-le-code-penal-a-bobo-dioulasso\",\"url\":\"https:\/\/www.africa-press.net\/burkina-faso\/politique\/lancement-dune-application-pour-le-code-penal-a-bobo-dioulasso\",\"name\":\"Lancement d'une application pour le code p\u00e9nal \u00e0 Bobo-Dioulasso - Burkina Faso\",\"isPartOf\":{\"@id\":\"https:\/\/www.africa-press.net\/burkina-faso\/#website\"},\"primaryImageOfPage\":{\"@id\":\"https:\/\/www.africa-press.net\/burkina-faso\/politique\/lancement-dune-application-pour-le-code-penal-a-bobo-dioulasso#primaryimage\"},\"image\":{\"@id\":\"https:\/\/www.africa-press.net\/burkina-faso\/politique\/lancement-dune-application-pour-le-code-penal-a-bobo-dioulasso#primaryimage\"},\"thumbnailUrl\":\"https:\/\/static.africa-press.net\/burkina\/sites\/42\/2026\/04\/sm_1777372191.191597.jpg\",\"datePublished\":\"2026-04-28T13:30:36+00:00\",\"dateModified\":\"2026-04-28T14:00:12+00:00\",\"author\":{\"@id\":\"https:\/\/www.africa-press.net\/burkina-faso\/#\/schema\/person\/2b1cf3cd81a31e3cd26889ca66d677f1\"},\"description\":\"Le ministre de la Justice, Me Edasso Rodrigue Bayala, a pre\u0301side\u0301 l\u2019ouverture d\u2019une session de vulgarisation des innovat ...\",\"breadcrumb\":{\"@id\":\"https:\/\/www.africa-press.net\/burkina-faso\/politique\/lancement-dune-application-pour-le-code-penal-a-bobo-dioulasso#breadcrumb\"},\"inLanguage\":\"fr-FR\",\"potentialAction\":[{\"@type\":\"ReadAction\",\"target\":[\"https:\/\/www.africa-press.net\/burkina-faso\/politique\/lancement-dune-application-pour-le-code-penal-a-bobo-dioulasso\"]}]},{\"@type\":\"ImageObject\",\"inLanguage\":\"fr-FR\",\"@id\":\"https:\/\/www.africa-press.net\/burkina-faso\/politique\/lancement-dune-application-pour-le-code-penal-a-bobo-dioulasso#primaryimage\",\"url\":\"https:\/\/static.africa-press.net\/burkina\/sites\/42\/2026\/04\/sm_1777372191.191597.jpg\",\"contentUrl\":\"https:\/\/static.africa-press.net\/burkina\/sites\/42\/2026\/04\/sm_1777372191.191597.jpg\",\"width\":720,\"height\":475,\"caption\":\"Lancement d'une application pour le code p\u00e9nal \u00e0 Bobo-Dioulasso\"},{\"@type\":\"BreadcrumbList\",\"@id\":\"https:\/\/www.africa-press.net\/burkina-faso\/politique\/lancement-dune-application-pour-le-code-penal-a-bobo-dioulasso#breadcrumb\",\"itemListElement\":[{\"@type\":\"ListItem\",\"position\":1,\"name\":\"Accueil\",\"item\":\"https:\/\/www.africa-press.net\/burkina-faso\/\"},{\"@type\":\"ListItem\",\"position\":2,\"name\":\"Lancement d&#8217;une application pour le code p\u00e9nal \u00e0 Bobo-Dioulasso\"}]},{\"@type\":\"WebSite\",\"@id\":\"https:\/\/www.africa-press.net\/burkina-faso\/#website\",\"url\":\"https:\/\/www.africa-press.net\/burkina-faso\/\",\"name\":\"Burkina Faso\",\"description\":\"Just another Africa News Agency Sites site\",\"potentialAction\":[{\"@type\":\"SearchAction\",\"target\":{\"@type\":\"EntryPoint\",\"urlTemplate\":\"https:\/\/www.africa-press.net\/burkina-faso\/?s={search_term_string}\"},\"query-input\":{\"@type\":\"PropertyValueSpecification\",\"valueRequired\":true,\"valueName\":\"search_term_string\"}}],\"inLanguage\":\"fr-FR\"},{\"@type\":\"Person\",\"@id\":\"https:\/\/www.africa-press.net\/burkina-faso\/#\/schema\/person\/2b1cf3cd81a31e3cd26889ca66d677f1\",\"name\":\"cfeditorfr\"}]}<\/script>\n<!-- \/ Yoast SEO Premium plugin. -->","yoast_head_json":{"title":"Lancement d'une application pour le code p\u00e9nal \u00e0 Bobo-Dioulasso - Burkina Faso","description":"Le ministre de la Justice, Me Edasso Rodrigue Bayala, a pre\u0301side\u0301 l\u2019ouverture d\u2019une session de vulgarisation des innovat ...","robots":{"index":"index","follow":"follow","max-snippet":"max-snippet:-1","max-image-preview":"max-image-preview:large","max-video-preview":"max-video-preview:-1"},"canonical":"https:\/\/www.africa-press.net\/burkina-faso\/politique\/lancement-dune-application-pour-le-code-penal-a-bobo-dioulasso","og_locale":"fr_FR","og_type":"article","og_title":"Lancement d'une application pour le code p\u00e9nal \u00e0 Bobo-Dioulasso","og_description":"Le ministre de la Justice, Me Edasso Rodrigue Bayala, a pre\u0301side\u0301 l\u2019ouverture d\u2019une session de vulgarisation des innovat ...","og_url":"https:\/\/www.africa-press.net\/burkina-faso\/politique\/lancement-dune-application-pour-le-code-penal-a-bobo-dioulasso","og_site_name":"Burkina Faso","article_published_time":"2026-04-28T13:30:36+00:00","article_modified_time":"2026-04-28T14:00:12+00:00","og_image":[{"width":720,"height":475,"url":"https:\/\/static.africa-press.net\/burkina\/sites\/42\/2026\/04\/sm_1777372191.191597.jpg","type":"image\/jpeg"}],"author":"cfeditorfr","twitter_card":"summary_large_image","twitter_misc":{"\u00c9crit par":"cfeditorfr","Dur\u00e9e de lecture estim\u00e9e":"1 minute"},"schema":{"@context":"https:\/\/schema.org","@graph":[{"@type":"Article","@id":"https:\/\/www.africa-press.net\/burkina-faso\/politique\/lancement-dune-application-pour-le-code-penal-a-bobo-dioulasso#article","isPartOf":{"@id":"https:\/\/www.africa-press.net\/burkina-faso\/politique\/lancement-dune-application-pour-le-code-penal-a-bobo-dioulasso"},"author":{"name":"cfeditorfr","@id":"https:\/\/www.africa-press.net\/burkina-faso\/#\/schema\/person\/2b1cf3cd81a31e3cd26889ca66d677f1"},"headline":"Lancement d&rsquo;une application pour le code p\u00e9nal \u00e0 Bobo-Dioulasso","datePublished":"2026-04-28T13:30:36+00:00","dateModified":"2026-04-28T14:00:12+00:00","mainEntityOfPage":{"@id":"https:\/\/www.africa-press.net\/burkina-faso\/politique\/lancement-dune-application-pour-le-code-penal-a-bobo-dioulasso"},"wordCount":196,"commentCount":0,"image":{"@id":"https:\/\/www.africa-press.net\/burkina-faso\/politique\/lancement-dune-application-pour-le-code-penal-a-bobo-dioulasso#primaryimage"},"thumbnailUrl":"https:\/\/static.africa-press.net\/burkina\/sites\/42\/2026\/04\/sm_1777372191.191597.jpg","keywords":["Burkina Faso"],"articleSection":["Politique","Toutes les actualit\u00e9s"],"inLanguage":"fr-FR","potentialAction":[{"@type":"CommentAction","name":"Comment","target":["https:\/\/www.africa-press.net\/burkina-faso\/politique\/lancement-dune-application-pour-le-code-penal-a-bobo-dioulasso#respond"]}]},{"@type":"WebPage","@id":"https:\/\/www.africa-press.net\/burkina-faso\/politique\/lancement-dune-application-pour-le-code-penal-a-bobo-dioulasso","url":"https:\/\/www.africa-press.net\/burkina-faso\/politique\/lancement-dune-application-pour-le-code-penal-a-bobo-dioulasso","name":"Lancement d'une application pour le code p\u00e9nal \u00e0 Bobo-Dioulasso - Burkina Faso","isPartOf":{"@id":"https:\/\/www.africa-press.net\/burkina-faso\/#website"},"primaryImageOfPage":{"@id":"https:\/\/www.africa-press.net\/burkina-faso\/politique\/lancement-dune-application-pour-le-code-penal-a-bobo-dioulasso#primaryimage"},"image":{"@id":"https:\/\/www.africa-press.net\/burkina-faso\/politique\/lancement-dune-application-pour-le-code-penal-a-bobo-dioulasso#primaryimage"},"thumbnailUrl":"https:\/\/static.africa-press.net\/burkina\/sites\/42\/2026\/04\/sm_1777372191.191597.jpg","datePublished":"2026-04-28T13:30:36+00:00","dateModified":"2026-04-28T14:00:12+00:00","author":{"@id":"https:\/\/www.africa-press.net\/burkina-faso\/#\/schema\/person\/2b1cf3cd81a31e3cd26889ca66d677f1"},"description":"Le ministre de la Justice, Me Edasso Rodrigue Bayala, a pre\u0301side\u0301 l\u2019ouverture d\u2019une session de vulgarisation des innovat ...","breadcrumb":{"@id":"https:\/\/www.africa-press.net\/burkina-faso\/politique\/lancement-dune-application-pour-le-code-penal-a-bobo-dioulasso#breadcrumb"},"inLanguage":"fr-FR","potentialAction":[{"@type":"ReadAction","target":["https:\/\/www.africa-press.net\/burkina-faso\/politique\/lancement-dune-application-pour-le-code-penal-a-bobo-dioulasso"]}]},{"@type":"ImageObject","inLanguage":"fr-FR","@id":"https:\/\/www.africa-press.net\/burkina-faso\/politique\/lancement-dune-application-pour-le-code-penal-a-bobo-dioulasso#primaryimage","url":"https:\/\/static.africa-press.net\/burkina\/sites\/42\/2026\/04\/sm_1777372191.191597.jpg","contentUrl":"https:\/\/static.africa-press.net\/burkina\/sites\/42\/2026\/04\/sm_1777372191.191597.jpg","width":720,"height":475,"caption":"Lancement d'une application pour le code p\u00e9nal \u00e0 Bobo-Dioulasso"},{"@type":"BreadcrumbList","@id":"https:\/\/www.africa-press.net\/burkina-faso\/politique\/lancement-dune-application-pour-le-code-penal-a-bobo-dioulasso#breadcrumb","itemListElement":[{"@type":"ListItem","position":1,"name":"Accueil","item":"https:\/\/www.africa-press.net\/burkina-faso\/"},{"@type":"ListItem","position":2,"name":"Lancement d&#8217;une application pour le code p\u00e9nal \u00e0 Bobo-Dioulasso"}]},{"@type":"WebSite","@id":"https:\/\/www.africa-press.net\/burkina-faso\/#website","url":"https:\/\/www.africa-press.net\/burkina-faso\/","name":"Burkina Faso","description":"Just another Africa News Agency Sites site","potentialAction":[{"@type":"SearchAction","target":{"@type":"EntryPoint","urlTemplate":"https:\/\/www.africa-press.net\/burkina-faso\/?s={search_term_string}"},"query-input":{"@type":"PropertyValueSpecification","valueRequired":true,"valueName":"search_term_string"}}],"inLanguage":"fr-FR"},{"@type":"Person","@id":"https:\/\/www.africa-press.net\/burkina-faso\/#\/schema\/person\/2b1cf3cd81a31e3cd26889ca66d677f1","name":"cfeditorfr"}]}},"_links":{"self":[{"href":"https:\/\/www.africa-press.net\/burkina-faso\/wp-json\/wp\/v2\/posts\/129035","targetHints":{"allow":["GET"]}}],"collection":[{"href":"https:\/\/www.africa-press.net\/burkina-faso\/wp-json\/wp\/v2\/posts"}],"about":[{"href":"https:\/\/www.africa-press.net\/burkina-faso\/wp-json\/wp\/v2\/types\/post"}],"author":[{"embeddable":true,"href":"https:\/\/www.africa-press.net\/burkina-faso\/wp-json\/wp\/v2\/users\/82"}],"replies":[{"embeddable":true,"href":"https:\/\/www.africa-press.net\/burkina-faso\/wp-json\/wp\/v2\/comments?post=129035"}],"version-history":[{"count":1,"href":"https:\/\/www.africa-press.net\/burkina-faso\/wp-json\/wp\/v2\/posts\/129035\/revisions"}],"predecessor-version":[{"id":129041,"href":"https:\/\/www.africa-press.net\/burkina-faso\/wp-json\/wp\/v2\/posts\/129035\/revisions\/129041"}],"wp:featuredmedia":[{"embeddable":true,"href":"https:\/\/www.africa-press.net\/burkina-faso\/wp-json\/wp\/v2\/media\/129034"}],"wp:attachment":[{"href":"https:\/\/www.africa-press.net\/burkina-faso\/wp-json\/wp\/v2\/media?parent=129035"}],"wp:term":[{"taxonomy":"category","embeddable":true,"href":"https:\/\/www.africa-press.net\/burkina-faso\/wp-json\/wp\/v2\/categories?post=129035"},{"taxonomy":"post_tag","embeddable":true,"href":"https:\/\/www.africa-press.net\/burkina-faso\/wp-json\/wp\/v2\/tags?post=129035"}],"curies":[{"name":"wp","href":"https:\/\/api.w.org\/{rel}","templated":true}]}}