{"id":129040,"date":"2026-04-28T13:31:23","date_gmt":"2026-04-28T13:31:23","guid":{"rendered":"https:\/\/www.africa-press.net\/burkina-faso\/politique\/burkina-ouvre-centre-dexcellence-habitat-pour-urbanisation"},"modified":"2026-04-28T14:00:25","modified_gmt":"2026-04-28T14:00:25","slug":"burkina-ouvre-centre-dexcellence-habitat-pour-urbanisation","status":"publish","type":"post","link":"https:\/\/www.africa-press.net\/burkina-faso\/culture-et-art\/burkina-ouvre-centre-dexcellence-habitat-pour-urbanisation","title":{"rendered":"Burkina Ouvre Centre d&rsquo;Excellence Habitat pour Urbanisation"},"content":{"rendered":"<p><span style=\"color: #ff6600\"><strong>Africa-Press &#8211; Burkina Faso. <\/strong><\/span>L\u2019universite\u0301 Joseph Ki-Zerbo a proce\u0301de\u0301, ce lundi 27 avril 2026 a\u0300 Ouagadougou, au lancement officiel du se\u0301minaire international marquant le de\u0301marrage des activite\u0301s du Centre d\u2019excellence de l\u2019habitat (CEH). Pre\u0301vu du 27 au 29 avril a\u0300 l\u2019Institut supe\u0301rieur des sciences de la population (ISSP), ce rendez-vous scientifique et institutionnel ambitionne de poser les bases d\u2019une gouvernance durable de l\u2019habitat dans l\u2019espace sous-re\u0301gional.<\/p>\n<p>La ce\u0301re\u0301monie d\u2019ouverture a e\u0301te\u0301 conduite par le pre\u0301sident de l\u2019universite\u0301, le Pr Antoine Be\u0301re\u0301, en pre\u0301sence de plusieurs partenaires institutionnels, universitaires et techniques. Elle a e\u0301galement e\u0301te\u0301 marque\u0301e par l\u2019installation officielle du tout premier directeur du CEH, Dr Moussa Bougma.<\/p>\n<p>Place\u0301e sous le the\u0300me: \u00ab Ancrer le Centre d\u2019excellence de l\u2019habitat dans une dynamique institutionnelle, partenariale et territoriale durable \u00bb, cette rencontre constitue une e\u0301tape majeure dans la consolidation du centre comme outil strate\u0301gique de recherche, d\u2019expertise et d\u2019action face aux enjeux croissants de l\u2019urbanisation.<\/p>\n<p>Face au de\u0301fi du logement de\u0301cent et durable, le gouvernement du Burkina Faso, avec l\u2019appui technique et institutionnel de la Commission de l\u2019UEMOA et du Programme des Nations unies pour les e\u0301tablissements humains (ONU-Habitat), a proce\u0301de\u0301, par arre\u0302te\u0301 en date du 30 mai 2025, a\u0300 la cre\u0301ation officielle de l\u2019institut Centre d\u2019excellence de l\u2019habitat (CEH) rattache\u0301 a\u0300 l\u2019universite\u0301 Joseph Ki-Zerbo.<\/p>\n<p>Dans son discours inaugural, le Pr Antoine Be\u0301re\u0301 a souligne\u0301 que ce se\u0301minaire ouvre une nouvelle phase pour le CEH, appele\u0301 a\u0300 remplir pleinement sa mission gra\u0302ce a\u0300 une coope\u0301ration renforce\u0301e avec ses partenaires historiques, notamment l\u2019universite\u0301 Cheikh Anta Diop de Dakar et l\u2019ONU-Habitat, tout en de\u0301veloppant de nouveaux partenariats.<\/p>\n<p>Pour le pre\u0301sident de l\u2019universite\u0301 Joseph Ki-Zerbo, l\u2019habitat repre\u0301sente aujourd\u2019hui bien plus qu\u2019une simple question de construction. \u00ab L\u2019urbanisation de notre continent s\u2019acce\u0301le\u0300re a\u0300 un rythme sans pre\u0301ce\u0301dent. La question de l\u2019habitat n\u2019est plus seulement une affaire de briques et de mortier. Elle est le c\u0153ur battant de nos de\u0301fis sociaux, e\u0301conomiques et environnementaux \u00bb, a-t-il de\u0301clare\u0301.<\/p>\n<p>Le se\u0301minaire vise ainsi a\u0300 fe\u0301de\u0301rer l\u2019ensemble des acteurs autour d\u2019une dynamique collective fonde\u0301e sur trois piliers essentiels: Institution, Partenariat et Territoire. Selon le Pr Be\u0301re\u0301, l\u2019ancrage institutionnel constitue la premie\u0300re exigence pour garantir l\u2019efficacite\u0301 du CEH. \u00ab Le CEH ne doit pas e\u0302tre un laboratoire de plus, isole\u0301 des the\u0301ories. Il doit e\u0302tre le bras se\u0301culier de l\u2019expertise universitaire au service du de\u0301veloppement de nos nations \u00bb, a-t-il affirme\u0301.<\/p>\n<p>Repre\u0301sentant le directeur du Bureau re\u0301gional pour l\u2019Afrique de l\u2019ONU-Habitat, Yombi Oue\u0301draogo a souligne\u0301 qu\u2019ONU-Habitat est pleinement engage\u0301 aux co\u0302te\u0301s du centre pour toujours. \u00ab Le Centre d\u2019excellence de l\u2019habitat n\u2019est pas une initiative circonstancielle. Il est le fruit d\u2019un processus re\u0301fle\u0301chi, structure\u0301 et re\u0301solument strate\u0301gique. De\u0300s 2020, dans le cadre du programme de financement du logement abordable, soutenu par la Banque mondiale et la Commission de l\u2019UEMOA, une ambition commune a e\u0301merge\u0301. C\u2019est celle de doter la re\u0301gion d\u2019un outil capable de transformer durablement les politiques de l\u2019habitat. Cette ambition s\u2019est traduite par une mobilisation collective, associant universite\u0301s, institutions re\u0301gionales et partenaires internationaux, avec l\u2019appui technique de l\u2019ONU-Habitat.<\/p>\n<p>Depuis lors, e\u0301tape apre\u0300s e\u0301tape, des bases conceptuelles ont e\u0301te\u0301 pose\u0301es, des outils ont e\u0301te\u0301 de\u0301veloppe\u0301s, des compe\u0301tences ont e\u0301te\u0301 mobilise\u0301es Et aujourd\u2019hui, nous franchissons un cap de\u0301cisif, celui du passage de l\u2019ide\u0301e a\u0300 l\u2019institution, de la vision a\u0300 l\u2019action \u00bb, a-t-il laisse\u0301 entendre.<\/p>\n<p>M. Oue\u0301draogo a pre\u0301cise\u0301 que l\u2019ONU-Habitat n\u2019est pas un observateur dans ce processus. \u00ab Nous sommes un partenaire engage\u0301 depuis l\u2019origine, et nous le resterons. Notre engagement est simple, mais exigeant: accompagner la structuration du CEH, mobiliser l\u2019expertise internationale, et soutenir la construction de partenariats a\u0300 fort impact. CEH est une opportunite\u0301 mais plus encore, c\u2019est une responsabilite\u0301.<\/p>\n<p>La responsabilite\u0301 de transformer nos syste\u0300mes d\u2019habitat, la responsabilite\u0301 de produire des solutions adapte\u0301es a\u0300 nos re\u0301alite\u0301s et la responsabilite\u0301 de ba\u0302tir des villes plus inclusives, plus re\u0301silientes, plus durables. L\u2019histoire du CEH commence aujourd\u2019hui. Et cette histoire, elle s\u2019e\u0301crira avec vous \u00bb, a termine\u0301 le repre\u0301sentant du directeur du bureau re\u0301gional pour l\u2019Afrique de l\u2019ONU-Habitat.<\/p>\n<p>Pour re\u0301pondre aux besoins des populations en habitat, le tout premier directeur du CEH, Dr Moussa Bougma, compte e\u0301tablir un catalogue de formation qui repose sur les besoins du moment. \u00ab Le centre a e\u0301labore\u0301 une grande plateforme de donne\u0301es. Avec l\u2019appui des partenaires, nous voulons collecter re\u0301gulie\u0300rement les donne\u0301es, les analyser pour donner un diagnostic assez clair de ce qui se passe dans la zone de l\u2019UEMOA afin que les gens puissent y avoir acce\u0300s et les utiliser en fonction de leur besoin. Nous voulons e\u0301galement faire la recherche applique\u0301e. Souvent, il y a des proble\u0301matiques qui se posent pour lesquelles on n\u2019a pas encore de solutions. Le CEH compte mobiliser des experts de haut niveau pour trouver des solutions en de\u0301veloppant des me\u0301thodologies adapte\u0301es. Nous allons e\u0301galement faire l\u2019appui-conseil. Les gens n\u2019ont pas souvent l\u2019accompagnement qu\u2019il faut. Il ne faudrait pas qu\u2019on s\u2019appuie uniquement sur l\u2019expertise internationale sans qu\u2019il y ait des acteurs au niveau local qui puissent accompagner ces experts pour mai\u0302triser nos contextes. Sinon on pourra arriver a\u0300 des planifications qui ne re\u0301pondent pas a\u0300 nos besoins \u00bb, a fait savoir le directeur du CEH. Il compte e\u0301galement \u0153uvrer pour avoir des repre\u0301sentations dans les autres pays de l\u2019UEMOA pour re\u0301pondre aux besoins des populations.<\/p>\n<p>Selon lui, pour le moment le centre va donner des formations certifiantes aux acteurs de l\u2019immobilier pour renforcer leurs capacite\u0301s. Mais a\u0300 long terme, le centre compte faire des formations diplo\u0302mantes en master et doctorat.<\/p>\n<p>Durant trois jours, les participants me\u0300neront des re\u0301flexions strate\u0301giques sur les fondements institutionnels, techniques et partenariaux du centre, avec pour ambition de proposer des re\u0301ponses concre\u0300tes aux de\u0301fis lie\u0301s a\u0300 l\u2019urbanisation, a\u0300 l\u2019ame\u0301nagement territorial et a\u0300 l\u2019ame\u0301lioration durable de l\u2019habitat.<\/p>\n<p>Par cette initiative, l\u2019universite\u0301 Joseph Ki-Zerbo entend affirmer sa contribution scientifique et ope\u0301rationnelle a\u0300 la re\u0301solution des proble\u0301matiques de logement et de de\u0301veloppement urbain en Afrique de l\u2019Ouest. Le Centre d\u2019excellence de l\u2019habitat se positionne ainsi comme un instrument majeur de recherche applique\u0301e, de coope\u0301ration re\u0301gionale et de transformation territoriale durable.<\/p>\n<p><b>Rama Diallo<\/b><\/p>\n\r\n                <style type=\"text\/css\">\r\n                    \r\n                    #td_uid_1_69f106b575768  .td-doubleSlider-2 .td-item1 {\r\n                        background: url(https:\/\/static.africa-press.net\/burkina\/sites\/42\/2026\/04\/sm_1777372202.372819-80x60.jpg) 0 0 no-repeat;\r\n                    }\r\n                    #td_uid_1_69f106b575768  .td-doubleSlider-2 .td-item2 {\r\n                        background: url(https:\/\/static.africa-press.net\/burkina\/sites\/42\/2026\/04\/sm_1777372206.215533-80x60.jpg) 0 0 no-repeat;\r\n                    }\r\n                <\/style>\r\n\r\n                <div id=\"td_uid_1_69f106b575768\" class=\"td-gallery td-slide-on-2-columns\">\r\n                    <div class=\"post_td_gallery\">\r\n                        <div class=\"td-gallery-slide-top\">\r\n                           <div class=\"td-gallery-title\"><\/div>\r\n\r\n                            <div class=\"td-gallery-controls-wrapper\">\r\n                                <div class=\"td-gallery-slide-count\"><span class=\"td-gallery-slide-item-focus\">1<\/span> de 2<\/div>\r\n                                <div class=\"td-gallery-slide-prev-next-but\">\r\n                                    <i class = \"td-icon-left doubleSliderPrevButton\"><\/i>\r\n                                    <i class = \"td-icon-right doubleSliderNextButton\"><\/i>\r\n                                <\/div>\r\n                            <\/div>\r\n                        <\/div>\r\n\r\n                        <div class = \"td-doubleSlider-1 \">\r\n                            <div class = \"td-slider\">\r\n                                \r\n                    <div class = \"td-slide-item td-item1\">\r\n                        <figure class=\"td-slide-galery-figure td-slide-popup-gallery\">\r\n                            <a class=\"slide-gallery-image-link\" href=\"https:\/\/static.africa-press.net\/burkina\/sites\/42\/2026\/04\/sm_1777372202.372819.jpg\" title=\"sm_1777372202.372819\"  data-caption=\"\"  data-description=\"\">\r\n                                <img decoding=\"async\" src=\"https:\/\/static.africa-press.net\/burkina\/sites\/42\/2026\/04\/sm_1777372202.372819.jpg\" srcset=\"https:\/\/static.africa-press.net\/burkina\/sites\/42\/2026\/04\/sm_1777372202.372819.jpg 600w, https:\/\/static.africa-press.net\/burkina\/sites\/42\/2026\/04\/sm_1777372202.372819-300x135.jpg 300w\" sizes=\"(max-width: 600px) 100vw, 600px\" alt=\"\">\r\n                            <\/a>\r\n                            \r\n                        <\/figure>\r\n                    <\/div>\r\n                    <div class = \"td-slide-item td-item2\">\r\n                        <figure class=\"td-slide-galery-figure td-slide-popup-gallery\">\r\n                            <a class=\"slide-gallery-image-link\" href=\"https:\/\/static.africa-press.net\/burkina\/sites\/42\/2026\/04\/sm_1777372206.215533.jpg\" title=\"sm_1777372206.215533\"  data-caption=\"\"  data-description=\"\">\r\n                                <img decoding=\"async\" src=\"https:\/\/static.africa-press.net\/burkina\/sites\/42\/2026\/04\/sm_1777372206.215533.jpg\" srcset=\"https:\/\/static.africa-press.net\/burkina\/sites\/42\/2026\/04\/sm_1777372206.215533.jpg 600w, https:\/\/static.africa-press.net\/burkina\/sites\/42\/2026\/04\/sm_1777372206.215533-300x135.jpg 300w\" sizes=\"(max-width: 600px) 100vw, 600px\" alt=\"\">\r\n                            <\/a>\r\n                            \r\n                        <\/figure>\r\n                    <\/div>\r\n                            <\/div>\r\n                        <\/div>\r\n\r\n                        <div class = \"td-doubleSlider-2\">\r\n                            <div class = \"td-slider\">\r\n                                \r\n                    <div class = \"td-button td-item1\">\r\n                        <div class = \"td-border\"><\/div>\r\n                    <\/div>\r\n                    <div class = \"td-button td-item2\">\r\n                        <div class = \"td-border\"><\/div>\r\n                    <\/div>\r\n                            <\/div>\r\n                        <\/div>\r\n\r\n                    <\/div>\r\n\r\n                <\/div>\r\n                \n<p><strong>Pour plus d&rsquo;informations et d&rsquo;analyses sur la <span style=\"color: #ff6600\">Burkina Faso<\/span>, suivez <span style=\"color: #ff6600\">Africa-Press<\/span><\/strong><\/p>\n","protected":false},"excerpt":{"rendered":"<p>Africa-Press &#8211; Burkina Faso. L\u2019universite\u0301 Joseph Ki-Zerbo a proce\u0301de\u0301, ce lundi 27 avril 2026 a\u0300 Ouagadougou, au lancement officiel du se\u0301minaire international marquant le de\u0301marrage des activite\u0301s du Centre d\u2019excellence de l\u2019habitat (CEH). Pre\u0301vu du 27 au 29 avril a\u0300 l\u2019Institut supe\u0301rieur des sciences de la population (ISSP), ce rendez-vous scientifique et institutionnel ambitionne de [&hellip;]<\/p>\n","protected":false},"author":82,"featured_media":129039,"comment_status":"open","ping_status":"closed","sticky":false,"template":"","format":"standard","meta":{"footnotes":""},"categories":[5,8,10],"tags":[29],"class_list":["post-129040","post","type-post","status-publish","format-standard","has-post-thumbnail","hentry","category-culture-et-art","category-photo","category-toutes-les-actualites","tag-burkina-faso"],"yoast_head":"<!-- This site is optimized with the Yoast SEO Premium plugin v26.1 (Yoast SEO v27.0) - https:\/\/yoast.com\/product\/yoast-seo-premium-wordpress\/ -->\n<title>Burkina Ouvre Centre d&#039;Excellence Habitat pour Urbanisation - Burkina Faso<\/title>\n<meta name=\"description\" content=\"L\u2019universite\u0301 Joseph Ki-Zerbo a proce\u0301de\u0301, ce lundi 27 avril 2026 a\u0300 Ouagadougou, au lancement officiel du se\u0301minaire in ...\" \/>\n<meta name=\"robots\" content=\"index, follow, max-snippet:-1, max-image-preview:large, max-video-preview:-1\" \/>\n<link rel=\"canonical\" href=\"https:\/\/www.africa-press.net\/burkina-faso\/culture-et-art\/burkina-ouvre-centre-dexcellence-habitat-pour-urbanisation\" \/>\n<meta property=\"og:locale\" content=\"fr_FR\" \/>\n<meta property=\"og:type\" content=\"article\" \/>\n<meta property=\"og:title\" content=\"Burkina Ouvre Centre d&#039;Excellence Habitat pour Urbanisation\" \/>\n<meta property=\"og:description\" content=\"L\u2019universite\u0301 Joseph Ki-Zerbo a proce\u0301de\u0301, ce lundi 27 avril 2026 a\u0300 Ouagadougou, au lancement officiel du se\u0301minaire in ...\" \/>\n<meta property=\"og:url\" content=\"https:\/\/www.africa-press.net\/burkina-faso\/culture-et-art\/burkina-ouvre-centre-dexcellence-habitat-pour-urbanisation\" \/>\n<meta property=\"og:site_name\" content=\"Burkina Faso\" \/>\n<meta property=\"article:published_time\" content=\"2026-04-28T13:31:23+00:00\" \/>\n<meta property=\"article:modified_time\" content=\"2026-04-28T14:00:25+00:00\" \/>\n<meta property=\"og:image\" content=\"https:\/\/static.africa-press.net\/burkina\/sites\/42\/2026\/04\/sm_1777372209.985444.jpg\" \/>\n\t<meta property=\"og:image:width\" content=\"720\" \/>\n\t<meta property=\"og:image:height\" content=\"324\" \/>\n\t<meta property=\"og:image:type\" content=\"image\/jpeg\" \/>\n<meta name=\"author\" content=\"cfeditorfr\" \/>\n<meta name=\"twitter:card\" content=\"summary_large_image\" \/>\n<meta name=\"twitter:label1\" content=\"\u00c9crit par\" \/>\n\t<meta name=\"twitter:data1\" content=\"cfeditorfr\" \/>\n\t<meta name=\"twitter:label2\" content=\"Dur\u00e9e de lecture estim\u00e9e\" \/>\n\t<meta name=\"twitter:data2\" content=\"6 minutes\" \/>\n<script type=\"application\/ld+json\" class=\"yoast-schema-graph\">{\"@context\":\"https:\/\/schema.org\",\"@graph\":[{\"@type\":\"Article\",\"@id\":\"https:\/\/www.africa-press.net\/burkina-faso\/culture-et-art\/burkina-ouvre-centre-dexcellence-habitat-pour-urbanisation#article\",\"isPartOf\":{\"@id\":\"https:\/\/www.africa-press.net\/burkina-faso\/culture-et-art\/burkina-ouvre-centre-dexcellence-habitat-pour-urbanisation\"},\"author\":{\"name\":\"cfeditorfr\",\"@id\":\"https:\/\/www.africa-press.net\/burkina-faso\/#\/schema\/person\/2b1cf3cd81a31e3cd26889ca66d677f1\"},\"headline\":\"Burkina Ouvre Centre d&rsquo;Excellence Habitat pour Urbanisation\",\"datePublished\":\"2026-04-28T13:31:23+00:00\",\"dateModified\":\"2026-04-28T14:00:25+00:00\",\"mainEntityOfPage\":{\"@id\":\"https:\/\/www.africa-press.net\/burkina-faso\/culture-et-art\/burkina-ouvre-centre-dexcellence-habitat-pour-urbanisation\"},\"wordCount\":1220,\"commentCount\":0,\"image\":{\"@id\":\"https:\/\/www.africa-press.net\/burkina-faso\/culture-et-art\/burkina-ouvre-centre-dexcellence-habitat-pour-urbanisation#primaryimage\"},\"thumbnailUrl\":\"https:\/\/static.africa-press.net\/burkina\/sites\/42\/2026\/04\/sm_1777372209.985444.jpg\",\"keywords\":[\"Burkina Faso\"],\"articleSection\":[\"Culture et Art\",\"Photo\",\"Toutes les actualit\u00e9s\"],\"inLanguage\":\"fr-FR\",\"potentialAction\":[{\"@type\":\"CommentAction\",\"name\":\"Comment\",\"target\":[\"https:\/\/www.africa-press.net\/burkina-faso\/culture-et-art\/burkina-ouvre-centre-dexcellence-habitat-pour-urbanisation#respond\"]}]},{\"@type\":\"WebPage\",\"@id\":\"https:\/\/www.africa-press.net\/burkina-faso\/culture-et-art\/burkina-ouvre-centre-dexcellence-habitat-pour-urbanisation\",\"url\":\"https:\/\/www.africa-press.net\/burkina-faso\/culture-et-art\/burkina-ouvre-centre-dexcellence-habitat-pour-urbanisation\",\"name\":\"Burkina Ouvre Centre d'Excellence Habitat pour Urbanisation - Burkina Faso\",\"isPartOf\":{\"@id\":\"https:\/\/www.africa-press.net\/burkina-faso\/#website\"},\"primaryImageOfPage\":{\"@id\":\"https:\/\/www.africa-press.net\/burkina-faso\/culture-et-art\/burkina-ouvre-centre-dexcellence-habitat-pour-urbanisation#primaryimage\"},\"image\":{\"@id\":\"https:\/\/www.africa-press.net\/burkina-faso\/culture-et-art\/burkina-ouvre-centre-dexcellence-habitat-pour-urbanisation#primaryimage\"},\"thumbnailUrl\":\"https:\/\/static.africa-press.net\/burkina\/sites\/42\/2026\/04\/sm_1777372209.985444.jpg\",\"datePublished\":\"2026-04-28T13:31:23+00:00\",\"dateModified\":\"2026-04-28T14:00:25+00:00\",\"author\":{\"@id\":\"https:\/\/www.africa-press.net\/burkina-faso\/#\/schema\/person\/2b1cf3cd81a31e3cd26889ca66d677f1\"},\"description\":\"L\u2019universite\u0301 Joseph Ki-Zerbo a proce\u0301de\u0301, ce lundi 27 avril 2026 a\u0300 Ouagadougou, au lancement officiel du se\u0301minaire in ...\",\"breadcrumb\":{\"@id\":\"https:\/\/www.africa-press.net\/burkina-faso\/culture-et-art\/burkina-ouvre-centre-dexcellence-habitat-pour-urbanisation#breadcrumb\"},\"inLanguage\":\"fr-FR\",\"potentialAction\":[{\"@type\":\"ReadAction\",\"target\":[\"https:\/\/www.africa-press.net\/burkina-faso\/culture-et-art\/burkina-ouvre-centre-dexcellence-habitat-pour-urbanisation\"]}]},{\"@type\":\"ImageObject\",\"inLanguage\":\"fr-FR\",\"@id\":\"https:\/\/www.africa-press.net\/burkina-faso\/culture-et-art\/burkina-ouvre-centre-dexcellence-habitat-pour-urbanisation#primaryimage\",\"url\":\"https:\/\/static.africa-press.net\/burkina\/sites\/42\/2026\/04\/sm_1777372209.985444.jpg\",\"contentUrl\":\"https:\/\/static.africa-press.net\/burkina\/sites\/42\/2026\/04\/sm_1777372209.985444.jpg\",\"width\":720,\"height\":324,\"caption\":\"Burkina Ouvre Centre d'Excellence Habitat pour Urbanisation\"},{\"@type\":\"BreadcrumbList\",\"@id\":\"https:\/\/www.africa-press.net\/burkina-faso\/culture-et-art\/burkina-ouvre-centre-dexcellence-habitat-pour-urbanisation#breadcrumb\",\"itemListElement\":[{\"@type\":\"ListItem\",\"position\":1,\"name\":\"Accueil\",\"item\":\"https:\/\/www.africa-press.net\/burkina-faso\/\"},{\"@type\":\"ListItem\",\"position\":2,\"name\":\"Burkina Ouvre Centre d&#8217;Excellence Habitat pour Urbanisation\"}]},{\"@type\":\"WebSite\",\"@id\":\"https:\/\/www.africa-press.net\/burkina-faso\/#website\",\"url\":\"https:\/\/www.africa-press.net\/burkina-faso\/\",\"name\":\"Burkina Faso\",\"description\":\"Just another Africa News Agency Sites site\",\"potentialAction\":[{\"@type\":\"SearchAction\",\"target\":{\"@type\":\"EntryPoint\",\"urlTemplate\":\"https:\/\/www.africa-press.net\/burkina-faso\/?s={search_term_string}\"},\"query-input\":{\"@type\":\"PropertyValueSpecification\",\"valueRequired\":true,\"valueName\":\"search_term_string\"}}],\"inLanguage\":\"fr-FR\"},{\"@type\":\"Person\",\"@id\":\"https:\/\/www.africa-press.net\/burkina-faso\/#\/schema\/person\/2b1cf3cd81a31e3cd26889ca66d677f1\",\"name\":\"cfeditorfr\"}]}<\/script>\n<!-- \/ Yoast SEO Premium plugin. -->","yoast_head_json":{"title":"Burkina Ouvre Centre d'Excellence Habitat pour Urbanisation - Burkina Faso","description":"L\u2019universite\u0301 Joseph Ki-Zerbo a proce\u0301de\u0301, ce lundi 27 avril 2026 a\u0300 Ouagadougou, au lancement officiel du se\u0301minaire in ...","robots":{"index":"index","follow":"follow","max-snippet":"max-snippet:-1","max-image-preview":"max-image-preview:large","max-video-preview":"max-video-preview:-1"},"canonical":"https:\/\/www.africa-press.net\/burkina-faso\/culture-et-art\/burkina-ouvre-centre-dexcellence-habitat-pour-urbanisation","og_locale":"fr_FR","og_type":"article","og_title":"Burkina Ouvre Centre d'Excellence Habitat pour Urbanisation","og_description":"L\u2019universite\u0301 Joseph Ki-Zerbo a proce\u0301de\u0301, ce lundi 27 avril 2026 a\u0300 Ouagadougou, au lancement officiel du se\u0301minaire in ...","og_url":"https:\/\/www.africa-press.net\/burkina-faso\/culture-et-art\/burkina-ouvre-centre-dexcellence-habitat-pour-urbanisation","og_site_name":"Burkina Faso","article_published_time":"2026-04-28T13:31:23+00:00","article_modified_time":"2026-04-28T14:00:25+00:00","og_image":[{"width":720,"height":324,"url":"https:\/\/static.africa-press.net\/burkina\/sites\/42\/2026\/04\/sm_1777372209.985444.jpg","type":"image\/jpeg"}],"author":"cfeditorfr","twitter_card":"summary_large_image","twitter_misc":{"\u00c9crit par":"cfeditorfr","Dur\u00e9e de lecture estim\u00e9e":"6 minutes"},"schema":{"@context":"https:\/\/schema.org","@graph":[{"@type":"Article","@id":"https:\/\/www.africa-press.net\/burkina-faso\/culture-et-art\/burkina-ouvre-centre-dexcellence-habitat-pour-urbanisation#article","isPartOf":{"@id":"https:\/\/www.africa-press.net\/burkina-faso\/culture-et-art\/burkina-ouvre-centre-dexcellence-habitat-pour-urbanisation"},"author":{"name":"cfeditorfr","@id":"https:\/\/www.africa-press.net\/burkina-faso\/#\/schema\/person\/2b1cf3cd81a31e3cd26889ca66d677f1"},"headline":"Burkina Ouvre Centre d&rsquo;Excellence Habitat pour Urbanisation","datePublished":"2026-04-28T13:31:23+00:00","dateModified":"2026-04-28T14:00:25+00:00","mainEntityOfPage":{"@id":"https:\/\/www.africa-press.net\/burkina-faso\/culture-et-art\/burkina-ouvre-centre-dexcellence-habitat-pour-urbanisation"},"wordCount":1220,"commentCount":0,"image":{"@id":"https:\/\/www.africa-press.net\/burkina-faso\/culture-et-art\/burkina-ouvre-centre-dexcellence-habitat-pour-urbanisation#primaryimage"},"thumbnailUrl":"https:\/\/static.africa-press.net\/burkina\/sites\/42\/2026\/04\/sm_1777372209.985444.jpg","keywords":["Burkina Faso"],"articleSection":["Culture et Art","Photo","Toutes les actualit\u00e9s"],"inLanguage":"fr-FR","potentialAction":[{"@type":"CommentAction","name":"Comment","target":["https:\/\/www.africa-press.net\/burkina-faso\/culture-et-art\/burkina-ouvre-centre-dexcellence-habitat-pour-urbanisation#respond"]}]},{"@type":"WebPage","@id":"https:\/\/www.africa-press.net\/burkina-faso\/culture-et-art\/burkina-ouvre-centre-dexcellence-habitat-pour-urbanisation","url":"https:\/\/www.africa-press.net\/burkina-faso\/culture-et-art\/burkina-ouvre-centre-dexcellence-habitat-pour-urbanisation","name":"Burkina Ouvre Centre d'Excellence Habitat pour Urbanisation - Burkina Faso","isPartOf":{"@id":"https:\/\/www.africa-press.net\/burkina-faso\/#website"},"primaryImageOfPage":{"@id":"https:\/\/www.africa-press.net\/burkina-faso\/culture-et-art\/burkina-ouvre-centre-dexcellence-habitat-pour-urbanisation#primaryimage"},"image":{"@id":"https:\/\/www.africa-press.net\/burkina-faso\/culture-et-art\/burkina-ouvre-centre-dexcellence-habitat-pour-urbanisation#primaryimage"},"thumbnailUrl":"https:\/\/static.africa-press.net\/burkina\/sites\/42\/2026\/04\/sm_1777372209.985444.jpg","datePublished":"2026-04-28T13:31:23+00:00","dateModified":"2026-04-28T14:00:25+00:00","author":{"@id":"https:\/\/www.africa-press.net\/burkina-faso\/#\/schema\/person\/2b1cf3cd81a31e3cd26889ca66d677f1"},"description":"L\u2019universite\u0301 Joseph Ki-Zerbo a proce\u0301de\u0301, ce lundi 27 avril 2026 a\u0300 Ouagadougou, au lancement officiel du se\u0301minaire in ...","breadcrumb":{"@id":"https:\/\/www.africa-press.net\/burkina-faso\/culture-et-art\/burkina-ouvre-centre-dexcellence-habitat-pour-urbanisation#breadcrumb"},"inLanguage":"fr-FR","potentialAction":[{"@type":"ReadAction","target":["https:\/\/www.africa-press.net\/burkina-faso\/culture-et-art\/burkina-ouvre-centre-dexcellence-habitat-pour-urbanisation"]}]},{"@type":"ImageObject","inLanguage":"fr-FR","@id":"https:\/\/www.africa-press.net\/burkina-faso\/culture-et-art\/burkina-ouvre-centre-dexcellence-habitat-pour-urbanisation#primaryimage","url":"https:\/\/static.africa-press.net\/burkina\/sites\/42\/2026\/04\/sm_1777372209.985444.jpg","contentUrl":"https:\/\/static.africa-press.net\/burkina\/sites\/42\/2026\/04\/sm_1777372209.985444.jpg","width":720,"height":324,"caption":"Burkina Ouvre Centre d'Excellence Habitat pour Urbanisation"},{"@type":"BreadcrumbList","@id":"https:\/\/www.africa-press.net\/burkina-faso\/culture-et-art\/burkina-ouvre-centre-dexcellence-habitat-pour-urbanisation#breadcrumb","itemListElement":[{"@type":"ListItem","position":1,"name":"Accueil","item":"https:\/\/www.africa-press.net\/burkina-faso\/"},{"@type":"ListItem","position":2,"name":"Burkina Ouvre Centre d&#8217;Excellence Habitat pour Urbanisation"}]},{"@type":"WebSite","@id":"https:\/\/www.africa-press.net\/burkina-faso\/#website","url":"https:\/\/www.africa-press.net\/burkina-faso\/","name":"Burkina Faso","description":"Just another Africa News Agency Sites site","potentialAction":[{"@type":"SearchAction","target":{"@type":"EntryPoint","urlTemplate":"https:\/\/www.africa-press.net\/burkina-faso\/?s={search_term_string}"},"query-input":{"@type":"PropertyValueSpecification","valueRequired":true,"valueName":"search_term_string"}}],"inLanguage":"fr-FR"},{"@type":"Person","@id":"https:\/\/www.africa-press.net\/burkina-faso\/#\/schema\/person\/2b1cf3cd81a31e3cd26889ca66d677f1","name":"cfeditorfr"}]}},"_links":{"self":[{"href":"https:\/\/www.africa-press.net\/burkina-faso\/wp-json\/wp\/v2\/posts\/129040","targetHints":{"allow":["GET"]}}],"collection":[{"href":"https:\/\/www.africa-press.net\/burkina-faso\/wp-json\/wp\/v2\/posts"}],"about":[{"href":"https:\/\/www.africa-press.net\/burkina-faso\/wp-json\/wp\/v2\/types\/post"}],"author":[{"embeddable":true,"href":"https:\/\/www.africa-press.net\/burkina-faso\/wp-json\/wp\/v2\/users\/82"}],"replies":[{"embeddable":true,"href":"https:\/\/www.africa-press.net\/burkina-faso\/wp-json\/wp\/v2\/comments?post=129040"}],"version-history":[{"count":1,"href":"https:\/\/www.africa-press.net\/burkina-faso\/wp-json\/wp\/v2\/posts\/129040\/revisions"}],"predecessor-version":[{"id":129044,"href":"https:\/\/www.africa-press.net\/burkina-faso\/wp-json\/wp\/v2\/posts\/129040\/revisions\/129044"}],"wp:featuredmedia":[{"embeddable":true,"href":"https:\/\/www.africa-press.net\/burkina-faso\/wp-json\/wp\/v2\/media\/129039"}],"wp:attachment":[{"href":"https:\/\/www.africa-press.net\/burkina-faso\/wp-json\/wp\/v2\/media?parent=129040"}],"wp:term":[{"taxonomy":"category","embeddable":true,"href":"https:\/\/www.africa-press.net\/burkina-faso\/wp-json\/wp\/v2\/categories?post=129040"},{"taxonomy":"post_tag","embeddable":true,"href":"https:\/\/www.africa-press.net\/burkina-faso\/wp-json\/wp\/v2\/tags?post=129040"}],"curies":[{"name":"wp","href":"https:\/\/api.w.org\/{rel}","templated":true}]}}