{"id":129047,"date":"2026-04-28T13:31:49","date_gmt":"2026-04-28T13:31:49","guid":{"rendered":"https:\/\/www.africa-press.net\/burkina-faso\/politique\/snc-2026-acteurs-du-livre-en-quete-de-visibilite"},"modified":"2026-04-28T14:00:50","modified_gmt":"2026-04-28T14:00:50","slug":"snc-2026-acteurs-du-livre-en-quete-de-visibilite","status":"publish","type":"post","link":"https:\/\/www.africa-press.net\/burkina-faso\/culture-et-art\/snc-2026-acteurs-du-livre-en-quete-de-visibilite","title":{"rendered":"SNC 2026: Acteurs du Livre en Que\u0302te de Visibilite\u0301"},"content":{"rendered":"<p><span style=\"color: #ff6600\"><strong>Africa-Press &#8211; Burkina Faso. <\/strong><\/span>A\u0300 l\u2019occasion de la 22e e\u0301dition de la Semaine nationale de la culture (SNC), les acteurs du livre re\u0301unis, ce lundi 27 avril 2026, a\u0300 l\u2019Universite\u0301 Nazi Boni de Bobo-Dioulasso appellent a\u0300 une meilleure valorisation de la litte\u0301rature burkinabe\u0300. Entre exposition d\u2019ouvrages, et e\u0301changes avec le public, ils saluent l\u2019initiative tout en pointant des insuffisances, notamment la faible affluence sur le site de\u0301localise\u0301.<\/p>\n<p>Installe\u0301s sur le campus universitaire du secteur 22, dans le cadre des activite\u0301s litte\u0301raires, e\u0301crivains, e\u0301diteurs et libraires proposent une diversite\u0301 d\u2019\u0153uvres allant des essais aux contes, en passant par les romans, les poe\u0301sies et les ouvrages spe\u0301cialise\u0301s. Mais pour beaucoup, la fre\u0301quentation reste en dec\u0327a\u0300 des attentes. \u00ab Nous sommes venus pour exposer, mais aussi pour vendre. Or, nous ne recevons pas suffisamment de visiteurs \u00bb, regrette Joseph Landry Coulibaly des e\u0301ditions Mercury, qui plaide pour une meilleure communication de l\u2019e\u0301ve\u0301nement et une orientation du public.<\/p>\n<p>Me\u0302me constat chez plusieurs exposants, qui estiment que l\u2019e\u0301loignement du site principal des festivite\u0301s limite l\u2019acce\u0300s aux stands. L\u2019e\u0301crivain Jean Sylvanus Ouali, laure\u0301at de la Foire internationale du livre de Ouagadougou (FILO) en 2025, avec son premier roman \u00ab Quand passeront nos douleurs \u00bb souligne que \u00ab la de\u0301localisation de l\u2019espace litte\u0301raire isole les auteurs du grand public \u00bb. Il appelle a\u0300 une inte\u0301gration des activite\u0301s litte\u0301raires au c\u0153ur du dispositif principal afin de toucher un public plus large.<\/p>\n<p>Malgre\u0301 ces difficulte\u0301s, les professionnels du livre restent mobilise\u0301s pour promouvoir la richesse de la production nationale. Au stand \u00ab Dignite\u0301 \u00bb, Wagnin Zerbo pre\u0301sente \u00ab Karfa, le manuel de l\u2019e\u0301mancipation \u00bb, un essai axe\u0301 sur la reconque\u0302te identitaire et la libe\u0301ration des alie\u0301nations culturelles. \u00ab La re\u0301volution progressiste populaire ne peut se construire que dans des esprits libres et conscients \u00bb, affirme-t-il, situant son \u0153uvre dans le contexte sociopolitique actuel.<\/p>\n<p>Dans la me\u0302me dynamique, Mahamadou Koanda propose \u00ab Prophe\u0301tie: tuez Sankara, des milliers de Sankara nai\u0302tront \u00bb, un ouvrage qui revisite les grandes e\u0301tapes de l\u2019histoire politique du Burkina Faso. L\u2019auteur insiste sur la ne\u0301cessite\u0301 de s\u2019approprier son histoire pour mieux construire l\u2019avenir. \u00ab Tant que les lions n\u2019auront pas leurs historiens, les re\u0301cits de chasse glorifieront toujours les chasseurs \u00bb, rappelle-t-il.<\/p>\n<p>De son co\u0302te\u0301, l\u2019e\u0301crivain Ousse\u0301ni Nikie\u0300ma, fort d\u2019une vingtaine de publications, dont \u00ab les contes de Dunia le sublime \u00bb, met en avant l\u2019importance de de\u0301mocratiser l\u2019acce\u0300s au livre. Pour lui, \u00ab le livre doit quitter son statut d\u2019objet e\u0301litiste pour devenir un outil du quotidien dans les familles \u00bb. Il salue la tenue des activite\u0301s sur le campus universitaire, tout en appelant a\u0300 davantage de mobilisation.<\/p>\n<p>Les librairies pre\u0301sentes, a\u0300 l\u2019image de la librairie Hofio, misent e\u0301galement sur l\u2019innovation pour attirer le public. Cette anne\u0301e, la structure dispose d\u2019une librairie mobile et met l\u2019accent sur les ouvrages en langues nationales et les the\u0301matiques endoge\u0300nes, notamment dans les domaines de l\u2019agriculture et du de\u0301veloppement personnel. \u00ab Nous voulons rendre le savoir accessible a\u0300 tous, y compris a\u0300 ceux qui ont e\u0301te\u0301 alphabe\u0301tise\u0301s dans les langues locales \u00bb, explique Karambiri Adama, manager de la structure.<\/p>\n<p>Au-dela\u0300 des enjeux logistiques, les acteurs du livre invitent les festivaliers a\u0300 s\u2019inte\u0301resser davantage a\u0300 la lecture et soutenir la production locale. \u00ab Les Burkinabe\u0300 e\u0301crivent et produisent des contenus de qualite\u0301. Il est temps de valoriser notre propre litte\u0301rature \u00bb, insiste Wagnin Zerbo.<\/p>\n<p><b>Fredo Bassole\u0301<\/b><\/p>\n\r\n                <style type=\"text\/css\">\r\n                    \r\n                    #td_uid_1_69f0f43d34e4c  .td-doubleSlider-2 .td-item1 {\r\n                        background: url(https:\/\/static.africa-press.net\/burkina\/sites\/42\/2026\/04\/sm_1777372221.153614-80x60.jpg) 0 0 no-repeat;\r\n                    }\r\n                    #td_uid_1_69f0f43d34e4c  .td-doubleSlider-2 .td-item2 {\r\n                        background: url(https:\/\/static.africa-press.net\/burkina\/sites\/42\/2026\/04\/sm_1777372224.633495-80x60.jpg) 0 0 no-repeat;\r\n                    }\r\n                    #td_uid_1_69f0f43d34e4c  .td-doubleSlider-2 .td-item3 {\r\n                        background: url(https:\/\/static.africa-press.net\/burkina\/sites\/42\/2026\/04\/sm_1777372229.998218-80x60.jpg) 0 0 no-repeat;\r\n                    }\r\n                <\/style>\r\n\r\n                <div id=\"td_uid_1_69f0f43d34e4c\" class=\"td-gallery td-slide-on-2-columns\">\r\n                    <div class=\"post_td_gallery\">\r\n                        <div class=\"td-gallery-slide-top\">\r\n                           <div class=\"td-gallery-title\"><\/div>\r\n\r\n                            <div class=\"td-gallery-controls-wrapper\">\r\n                                <div class=\"td-gallery-slide-count\"><span class=\"td-gallery-slide-item-focus\">1<\/span> de 3<\/div>\r\n                                <div class=\"td-gallery-slide-prev-next-but\">\r\n                                    <i class = \"td-icon-left doubleSliderPrevButton\"><\/i>\r\n                                    <i class = \"td-icon-right doubleSliderNextButton\"><\/i>\r\n                                <\/div>\r\n                            <\/div>\r\n                        <\/div>\r\n\r\n                        <div class = \"td-doubleSlider-1 \">\r\n                            <div class = \"td-slider\">\r\n                                \r\n                    <div class = \"td-slide-item td-item1\">\r\n                        <figure class=\"td-slide-galery-figure td-slide-popup-gallery\">\r\n                            <a class=\"slide-gallery-image-link\" href=\"https:\/\/static.africa-press.net\/burkina\/sites\/42\/2026\/04\/sm_1777372221.153614.jpg\" title=\"sm_1777372221.153614\"  data-caption=\"\"  data-description=\"\">\r\n                                <img decoding=\"async\" src=\"https:\/\/static.africa-press.net\/burkina\/sites\/42\/2026\/04\/sm_1777372221.153614.jpg\" srcset=\"https:\/\/static.africa-press.net\/burkina\/sites\/42\/2026\/04\/sm_1777372221.153614.jpg 600w, https:\/\/static.africa-press.net\/burkina\/sites\/42\/2026\/04\/sm_1777372221.153614-300x200.jpg 300w\" sizes=\"(max-width: 600px) 100vw, 600px\" alt=\"\">\r\n                            <\/a>\r\n                            \r\n                        <\/figure>\r\n                    <\/div>\r\n                    <div class = \"td-slide-item td-item2\">\r\n                        <figure class=\"td-slide-galery-figure td-slide-popup-gallery\">\r\n                            <a class=\"slide-gallery-image-link\" href=\"https:\/\/static.africa-press.net\/burkina\/sites\/42\/2026\/04\/sm_1777372224.633495.jpg\" title=\"sm_1777372224.633495\"  data-caption=\"\"  data-description=\"\">\r\n                                <img decoding=\"async\" src=\"https:\/\/static.africa-press.net\/burkina\/sites\/42\/2026\/04\/sm_1777372224.633495.jpg\" srcset=\"https:\/\/static.africa-press.net\/burkina\/sites\/42\/2026\/04\/sm_1777372224.633495.jpg 600w, https:\/\/static.africa-press.net\/burkina\/sites\/42\/2026\/04\/sm_1777372224.633495-300x200.jpg 300w\" sizes=\"(max-width: 600px) 100vw, 600px\" alt=\"\">\r\n                            <\/a>\r\n                            \r\n                        <\/figure>\r\n                    <\/div>\r\n                    <div class = \"td-slide-item td-item3\">\r\n                        <figure class=\"td-slide-galery-figure td-slide-popup-gallery\">\r\n                            <a class=\"slide-gallery-image-link\" href=\"https:\/\/static.africa-press.net\/burkina\/sites\/42\/2026\/04\/sm_1777372229.998218.jpg\" title=\"sm_1777372229.998218\"  data-caption=\"\"  data-description=\"\">\r\n                                <img decoding=\"async\" src=\"https:\/\/static.africa-press.net\/burkina\/sites\/42\/2026\/04\/sm_1777372229.998218.jpg\" srcset=\"https:\/\/static.africa-press.net\/burkina\/sites\/42\/2026\/04\/sm_1777372229.998218.jpg 600w, https:\/\/static.africa-press.net\/burkina\/sites\/42\/2026\/04\/sm_1777372229.998218-300x200.jpg 300w\" sizes=\"(max-width: 600px) 100vw, 600px\" alt=\"\">\r\n                            <\/a>\r\n                            \r\n                        <\/figure>\r\n                    <\/div>\r\n                            <\/div>\r\n                        <\/div>\r\n\r\n                        <div class = \"td-doubleSlider-2\">\r\n                            <div class = \"td-slider\">\r\n                                \r\n                    <div class = \"td-button td-item1\">\r\n                        <div class = \"td-border\"><\/div>\r\n                    <\/div>\r\n                    <div class = \"td-button td-item2\">\r\n                        <div class = \"td-border\"><\/div>\r\n                    <\/div>\r\n                    <div class = \"td-button td-item3\">\r\n                        <div class = \"td-border\"><\/div>\r\n                    <\/div>\r\n                            <\/div>\r\n                        <\/div>\r\n\r\n                    <\/div>\r\n\r\n                <\/div>\r\n                \n<p><strong>Pour plus d&rsquo;informations et d&rsquo;analyses sur la <span style=\"color: #ff6600\">Burkina Faso<\/span>, suivez <span style=\"color: #ff6600\">Africa-Press<\/span><\/strong><\/p>\n","protected":false},"excerpt":{"rendered":"<p>Africa-Press &#8211; Burkina Faso. A\u0300 l\u2019occasion de la 22e e\u0301dition de la Semaine nationale de la culture (SNC), les acteurs du livre re\u0301unis, ce lundi 27 avril 2026, a\u0300 l\u2019Universite\u0301 Nazi Boni de Bobo-Dioulasso appellent a\u0300 une meilleure valorisation de la litte\u0301rature burkinabe\u0300. Entre exposition d\u2019ouvrages, et e\u0301changes avec le public, ils saluent l\u2019initiative tout [&hellip;]<\/p>\n","protected":false},"author":82,"featured_media":129046,"comment_status":"open","ping_status":"closed","sticky":false,"template":"","format":"standard","meta":{"footnotes":""},"categories":[5,8,10],"tags":[29],"class_list":["post-129047","post","type-post","status-publish","format-standard","has-post-thumbnail","hentry","category-culture-et-art","category-photo","category-toutes-les-actualites","tag-burkina-faso"],"yoast_head":"<!-- This site is optimized with the Yoast SEO Premium plugin v26.1 (Yoast SEO v27.0) - https:\/\/yoast.com\/product\/yoast-seo-premium-wordpress\/ -->\n<title>SNC 2026: Acteurs du Livre en Que\u0302te de Visibilite\u0301 - Burkina Faso<\/title>\n<meta name=\"description\" content=\"A\u0300 l\u2019occasion de la 22e e\u0301dition de la Semaine nationale de la culture (SNC), les acteurs du livre re\u0301unis, ce lundi 27 ...\" \/>\n<meta name=\"robots\" content=\"index, follow, max-snippet:-1, max-image-preview:large, max-video-preview:-1\" \/>\n<link rel=\"canonical\" href=\"https:\/\/www.africa-press.net\/burkina-faso\/culture-et-art\/snc-2026-acteurs-du-livre-en-quete-de-visibilite\" \/>\n<meta property=\"og:locale\" content=\"fr_FR\" \/>\n<meta property=\"og:type\" content=\"article\" \/>\n<meta property=\"og:title\" content=\"SNC 2026: Acteurs du Livre en Que\u0302te de Visibilite\u0301\" \/>\n<meta property=\"og:description\" content=\"A\u0300 l\u2019occasion de la 22e e\u0301dition de la Semaine nationale de la culture (SNC), les acteurs du livre re\u0301unis, ce lundi 27 ...\" \/>\n<meta property=\"og:url\" content=\"https:\/\/www.africa-press.net\/burkina-faso\/culture-et-art\/snc-2026-acteurs-du-livre-en-quete-de-visibilite\" \/>\n<meta property=\"og:site_name\" content=\"Burkina Faso\" \/>\n<meta property=\"article:published_time\" content=\"2026-04-28T13:31:49+00:00\" \/>\n<meta property=\"article:modified_time\" content=\"2026-04-28T14:00:50+00:00\" \/>\n<meta property=\"og:image\" content=\"https:\/\/static.africa-press.net\/burkina\/sites\/42\/2026\/04\/sm_1777372234.773516.jpg\" \/>\n\t<meta property=\"og:image:width\" content=\"720\" \/>\n\t<meta property=\"og:image:height\" content=\"480\" \/>\n\t<meta property=\"og:image:type\" content=\"image\/jpeg\" \/>\n<meta name=\"author\" content=\"cfeditorfr\" \/>\n<meta name=\"twitter:card\" content=\"summary_large_image\" \/>\n<meta name=\"twitter:label1\" content=\"\u00c9crit par\" \/>\n\t<meta name=\"twitter:data1\" content=\"cfeditorfr\" \/>\n\t<meta name=\"twitter:label2\" content=\"Dur\u00e9e de lecture estim\u00e9e\" \/>\n\t<meta name=\"twitter:data2\" content=\"4 minutes\" \/>\n<script type=\"application\/ld+json\" class=\"yoast-schema-graph\">{\"@context\":\"https:\/\/schema.org\",\"@graph\":[{\"@type\":\"Article\",\"@id\":\"https:\/\/www.africa-press.net\/burkina-faso\/culture-et-art\/snc-2026-acteurs-du-livre-en-quete-de-visibilite#article\",\"isPartOf\":{\"@id\":\"https:\/\/www.africa-press.net\/burkina-faso\/culture-et-art\/snc-2026-acteurs-du-livre-en-quete-de-visibilite\"},\"author\":{\"name\":\"cfeditorfr\",\"@id\":\"https:\/\/www.africa-press.net\/burkina-faso\/#\/schema\/person\/2b1cf3cd81a31e3cd26889ca66d677f1\"},\"headline\":\"SNC 2026: Acteurs du Livre en Que\u0302te de Visibilite\u0301\",\"datePublished\":\"2026-04-28T13:31:49+00:00\",\"dateModified\":\"2026-04-28T14:00:50+00:00\",\"mainEntityOfPage\":{\"@id\":\"https:\/\/www.africa-press.net\/burkina-faso\/culture-et-art\/snc-2026-acteurs-du-livre-en-quete-de-visibilite\"},\"wordCount\":651,\"commentCount\":0,\"image\":{\"@id\":\"https:\/\/www.africa-press.net\/burkina-faso\/culture-et-art\/snc-2026-acteurs-du-livre-en-quete-de-visibilite#primaryimage\"},\"thumbnailUrl\":\"https:\/\/static.africa-press.net\/burkina\/sites\/42\/2026\/04\/sm_1777372234.773516.jpg\",\"keywords\":[\"Burkina Faso\"],\"articleSection\":[\"Culture et Art\",\"Photo\",\"Toutes les actualit\u00e9s\"],\"inLanguage\":\"fr-FR\",\"potentialAction\":[{\"@type\":\"CommentAction\",\"name\":\"Comment\",\"target\":[\"https:\/\/www.africa-press.net\/burkina-faso\/culture-et-art\/snc-2026-acteurs-du-livre-en-quete-de-visibilite#respond\"]}]},{\"@type\":\"WebPage\",\"@id\":\"https:\/\/www.africa-press.net\/burkina-faso\/culture-et-art\/snc-2026-acteurs-du-livre-en-quete-de-visibilite\",\"url\":\"https:\/\/www.africa-press.net\/burkina-faso\/culture-et-art\/snc-2026-acteurs-du-livre-en-quete-de-visibilite\",\"name\":\"SNC 2026: Acteurs du Livre en Que\u0302te de Visibilite\u0301 - Burkina Faso\",\"isPartOf\":{\"@id\":\"https:\/\/www.africa-press.net\/burkina-faso\/#website\"},\"primaryImageOfPage\":{\"@id\":\"https:\/\/www.africa-press.net\/burkina-faso\/culture-et-art\/snc-2026-acteurs-du-livre-en-quete-de-visibilite#primaryimage\"},\"image\":{\"@id\":\"https:\/\/www.africa-press.net\/burkina-faso\/culture-et-art\/snc-2026-acteurs-du-livre-en-quete-de-visibilite#primaryimage\"},\"thumbnailUrl\":\"https:\/\/static.africa-press.net\/burkina\/sites\/42\/2026\/04\/sm_1777372234.773516.jpg\",\"datePublished\":\"2026-04-28T13:31:49+00:00\",\"dateModified\":\"2026-04-28T14:00:50+00:00\",\"author\":{\"@id\":\"https:\/\/www.africa-press.net\/burkina-faso\/#\/schema\/person\/2b1cf3cd81a31e3cd26889ca66d677f1\"},\"description\":\"A\u0300 l\u2019occasion de la 22e e\u0301dition de la Semaine nationale de la culture (SNC), les acteurs du livre re\u0301unis, ce lundi 27 ...\",\"breadcrumb\":{\"@id\":\"https:\/\/www.africa-press.net\/burkina-faso\/culture-et-art\/snc-2026-acteurs-du-livre-en-quete-de-visibilite#breadcrumb\"},\"inLanguage\":\"fr-FR\",\"potentialAction\":[{\"@type\":\"ReadAction\",\"target\":[\"https:\/\/www.africa-press.net\/burkina-faso\/culture-et-art\/snc-2026-acteurs-du-livre-en-quete-de-visibilite\"]}]},{\"@type\":\"ImageObject\",\"inLanguage\":\"fr-FR\",\"@id\":\"https:\/\/www.africa-press.net\/burkina-faso\/culture-et-art\/snc-2026-acteurs-du-livre-en-quete-de-visibilite#primaryimage\",\"url\":\"https:\/\/static.africa-press.net\/burkina\/sites\/42\/2026\/04\/sm_1777372234.773516.jpg\",\"contentUrl\":\"https:\/\/static.africa-press.net\/burkina\/sites\/42\/2026\/04\/sm_1777372234.773516.jpg\",\"width\":720,\"height\":480,\"caption\":\"SNC 2026: Acteurs du Livre en Que\u0302te de Visibilite\u0301\"},{\"@type\":\"BreadcrumbList\",\"@id\":\"https:\/\/www.africa-press.net\/burkina-faso\/culture-et-art\/snc-2026-acteurs-du-livre-en-quete-de-visibilite#breadcrumb\",\"itemListElement\":[{\"@type\":\"ListItem\",\"position\":1,\"name\":\"Accueil\",\"item\":\"https:\/\/www.africa-press.net\/burkina-faso\/\"},{\"@type\":\"ListItem\",\"position\":2,\"name\":\"SNC 2026: Acteurs du Livre en Que\u0302te de Visibilite\u0301\"}]},{\"@type\":\"WebSite\",\"@id\":\"https:\/\/www.africa-press.net\/burkina-faso\/#website\",\"url\":\"https:\/\/www.africa-press.net\/burkina-faso\/\",\"name\":\"Burkina Faso\",\"description\":\"Just another Africa News Agency Sites site\",\"potentialAction\":[{\"@type\":\"SearchAction\",\"target\":{\"@type\":\"EntryPoint\",\"urlTemplate\":\"https:\/\/www.africa-press.net\/burkina-faso\/?s={search_term_string}\"},\"query-input\":{\"@type\":\"PropertyValueSpecification\",\"valueRequired\":true,\"valueName\":\"search_term_string\"}}],\"inLanguage\":\"fr-FR\"},{\"@type\":\"Person\",\"@id\":\"https:\/\/www.africa-press.net\/burkina-faso\/#\/schema\/person\/2b1cf3cd81a31e3cd26889ca66d677f1\",\"name\":\"cfeditorfr\"}]}<\/script>\n<!-- \/ Yoast SEO Premium plugin. -->","yoast_head_json":{"title":"SNC 2026: Acteurs du Livre en Que\u0302te de Visibilite\u0301 - Burkina Faso","description":"A\u0300 l\u2019occasion de la 22e e\u0301dition de la Semaine nationale de la culture (SNC), les acteurs du livre re\u0301unis, ce lundi 27 ...","robots":{"index":"index","follow":"follow","max-snippet":"max-snippet:-1","max-image-preview":"max-image-preview:large","max-video-preview":"max-video-preview:-1"},"canonical":"https:\/\/www.africa-press.net\/burkina-faso\/culture-et-art\/snc-2026-acteurs-du-livre-en-quete-de-visibilite","og_locale":"fr_FR","og_type":"article","og_title":"SNC 2026: Acteurs du Livre en Que\u0302te de Visibilite\u0301","og_description":"A\u0300 l\u2019occasion de la 22e e\u0301dition de la Semaine nationale de la culture (SNC), les acteurs du livre re\u0301unis, ce lundi 27 ...","og_url":"https:\/\/www.africa-press.net\/burkina-faso\/culture-et-art\/snc-2026-acteurs-du-livre-en-quete-de-visibilite","og_site_name":"Burkina Faso","article_published_time":"2026-04-28T13:31:49+00:00","article_modified_time":"2026-04-28T14:00:50+00:00","og_image":[{"width":720,"height":480,"url":"https:\/\/static.africa-press.net\/burkina\/sites\/42\/2026\/04\/sm_1777372234.773516.jpg","type":"image\/jpeg"}],"author":"cfeditorfr","twitter_card":"summary_large_image","twitter_misc":{"\u00c9crit par":"cfeditorfr","Dur\u00e9e de lecture estim\u00e9e":"4 minutes"},"schema":{"@context":"https:\/\/schema.org","@graph":[{"@type":"Article","@id":"https:\/\/www.africa-press.net\/burkina-faso\/culture-et-art\/snc-2026-acteurs-du-livre-en-quete-de-visibilite#article","isPartOf":{"@id":"https:\/\/www.africa-press.net\/burkina-faso\/culture-et-art\/snc-2026-acteurs-du-livre-en-quete-de-visibilite"},"author":{"name":"cfeditorfr","@id":"https:\/\/www.africa-press.net\/burkina-faso\/#\/schema\/person\/2b1cf3cd81a31e3cd26889ca66d677f1"},"headline":"SNC 2026: Acteurs du Livre en Que\u0302te de Visibilite\u0301","datePublished":"2026-04-28T13:31:49+00:00","dateModified":"2026-04-28T14:00:50+00:00","mainEntityOfPage":{"@id":"https:\/\/www.africa-press.net\/burkina-faso\/culture-et-art\/snc-2026-acteurs-du-livre-en-quete-de-visibilite"},"wordCount":651,"commentCount":0,"image":{"@id":"https:\/\/www.africa-press.net\/burkina-faso\/culture-et-art\/snc-2026-acteurs-du-livre-en-quete-de-visibilite#primaryimage"},"thumbnailUrl":"https:\/\/static.africa-press.net\/burkina\/sites\/42\/2026\/04\/sm_1777372234.773516.jpg","keywords":["Burkina Faso"],"articleSection":["Culture et Art","Photo","Toutes les actualit\u00e9s"],"inLanguage":"fr-FR","potentialAction":[{"@type":"CommentAction","name":"Comment","target":["https:\/\/www.africa-press.net\/burkina-faso\/culture-et-art\/snc-2026-acteurs-du-livre-en-quete-de-visibilite#respond"]}]},{"@type":"WebPage","@id":"https:\/\/www.africa-press.net\/burkina-faso\/culture-et-art\/snc-2026-acteurs-du-livre-en-quete-de-visibilite","url":"https:\/\/www.africa-press.net\/burkina-faso\/culture-et-art\/snc-2026-acteurs-du-livre-en-quete-de-visibilite","name":"SNC 2026: Acteurs du Livre en Que\u0302te de Visibilite\u0301 - Burkina Faso","isPartOf":{"@id":"https:\/\/www.africa-press.net\/burkina-faso\/#website"},"primaryImageOfPage":{"@id":"https:\/\/www.africa-press.net\/burkina-faso\/culture-et-art\/snc-2026-acteurs-du-livre-en-quete-de-visibilite#primaryimage"},"image":{"@id":"https:\/\/www.africa-press.net\/burkina-faso\/culture-et-art\/snc-2026-acteurs-du-livre-en-quete-de-visibilite#primaryimage"},"thumbnailUrl":"https:\/\/static.africa-press.net\/burkina\/sites\/42\/2026\/04\/sm_1777372234.773516.jpg","datePublished":"2026-04-28T13:31:49+00:00","dateModified":"2026-04-28T14:00:50+00:00","author":{"@id":"https:\/\/www.africa-press.net\/burkina-faso\/#\/schema\/person\/2b1cf3cd81a31e3cd26889ca66d677f1"},"description":"A\u0300 l\u2019occasion de la 22e e\u0301dition de la Semaine nationale de la culture (SNC), les acteurs du livre re\u0301unis, ce lundi 27 ...","breadcrumb":{"@id":"https:\/\/www.africa-press.net\/burkina-faso\/culture-et-art\/snc-2026-acteurs-du-livre-en-quete-de-visibilite#breadcrumb"},"inLanguage":"fr-FR","potentialAction":[{"@type":"ReadAction","target":["https:\/\/www.africa-press.net\/burkina-faso\/culture-et-art\/snc-2026-acteurs-du-livre-en-quete-de-visibilite"]}]},{"@type":"ImageObject","inLanguage":"fr-FR","@id":"https:\/\/www.africa-press.net\/burkina-faso\/culture-et-art\/snc-2026-acteurs-du-livre-en-quete-de-visibilite#primaryimage","url":"https:\/\/static.africa-press.net\/burkina\/sites\/42\/2026\/04\/sm_1777372234.773516.jpg","contentUrl":"https:\/\/static.africa-press.net\/burkina\/sites\/42\/2026\/04\/sm_1777372234.773516.jpg","width":720,"height":480,"caption":"SNC 2026: Acteurs du Livre en Que\u0302te de Visibilite\u0301"},{"@type":"BreadcrumbList","@id":"https:\/\/www.africa-press.net\/burkina-faso\/culture-et-art\/snc-2026-acteurs-du-livre-en-quete-de-visibilite#breadcrumb","itemListElement":[{"@type":"ListItem","position":1,"name":"Accueil","item":"https:\/\/www.africa-press.net\/burkina-faso\/"},{"@type":"ListItem","position":2,"name":"SNC 2026: Acteurs du Livre en Que\u0302te de Visibilite\u0301"}]},{"@type":"WebSite","@id":"https:\/\/www.africa-press.net\/burkina-faso\/#website","url":"https:\/\/www.africa-press.net\/burkina-faso\/","name":"Burkina Faso","description":"Just another Africa News Agency Sites site","potentialAction":[{"@type":"SearchAction","target":{"@type":"EntryPoint","urlTemplate":"https:\/\/www.africa-press.net\/burkina-faso\/?s={search_term_string}"},"query-input":{"@type":"PropertyValueSpecification","valueRequired":true,"valueName":"search_term_string"}}],"inLanguage":"fr-FR"},{"@type":"Person","@id":"https:\/\/www.africa-press.net\/burkina-faso\/#\/schema\/person\/2b1cf3cd81a31e3cd26889ca66d677f1","name":"cfeditorfr"}]}},"_links":{"self":[{"href":"https:\/\/www.africa-press.net\/burkina-faso\/wp-json\/wp\/v2\/posts\/129047","targetHints":{"allow":["GET"]}}],"collection":[{"href":"https:\/\/www.africa-press.net\/burkina-faso\/wp-json\/wp\/v2\/posts"}],"about":[{"href":"https:\/\/www.africa-press.net\/burkina-faso\/wp-json\/wp\/v2\/types\/post"}],"author":[{"embeddable":true,"href":"https:\/\/www.africa-press.net\/burkina-faso\/wp-json\/wp\/v2\/users\/82"}],"replies":[{"embeddable":true,"href":"https:\/\/www.africa-press.net\/burkina-faso\/wp-json\/wp\/v2\/comments?post=129047"}],"version-history":[{"count":1,"href":"https:\/\/www.africa-press.net\/burkina-faso\/wp-json\/wp\/v2\/posts\/129047\/revisions"}],"predecessor-version":[{"id":129050,"href":"https:\/\/www.africa-press.net\/burkina-faso\/wp-json\/wp\/v2\/posts\/129047\/revisions\/129050"}],"wp:featuredmedia":[{"embeddable":true,"href":"https:\/\/www.africa-press.net\/burkina-faso\/wp-json\/wp\/v2\/media\/129046"}],"wp:attachment":[{"href":"https:\/\/www.africa-press.net\/burkina-faso\/wp-json\/wp\/v2\/media?parent=129047"}],"wp:term":[{"taxonomy":"category","embeddable":true,"href":"https:\/\/www.africa-press.net\/burkina-faso\/wp-json\/wp\/v2\/categories?post=129047"},{"taxonomy":"post_tag","embeddable":true,"href":"https:\/\/www.africa-press.net\/burkina-faso\/wp-json\/wp\/v2\/tags?post=129047"}],"curies":[{"name":"wp","href":"https:\/\/api.w.org\/{rel}","templated":true}]}}