{"id":129052,"date":"2026-04-28T13:32:17","date_gmt":"2026-04-28T13:32:17","guid":{"rendered":"https:\/\/www.africa-press.net\/burkina-faso\/politique\/snc-2026-lancement-des-activites-litteraires-a-luniversite"},"modified":"2026-04-28T14:01:12","modified_gmt":"2026-04-28T14:01:12","slug":"snc-2026-lancement-des-activites-litteraires-a-luniversite","status":"publish","type":"post","link":"https:\/\/www.africa-press.net\/burkina-faso\/culture-et-art\/snc-2026-lancement-des-activites-litteraires-a-luniversite","title":{"rendered":"SNC 2026 Lancement des Activit\u00e9s Litt\u00e9raires \u00e0 l&rsquo;Universit\u00e9"},"content":{"rendered":"<p><span style=\"color: #ff6600\"><strong>Africa-Press &#8211; Burkina Faso. <\/strong><\/span>Le ministre de l\u2019Enseignement supe\u0301rieur, de la Recherche et de l\u2019Innovation, Pr Adjima Thiombiano, a proce\u0301de\u0301, ce lundi 27 avril 2026, au lancement des activite\u0301s litte\u0301raires de la 22e e\u0301dition de la Semaine nationale de la culture (SNC) sur le campus de l\u2019Universite\u0301 Nazi Boni, a\u0300 Bobo-Dioulasso. L\u2019e\u0301ve\u0301nement marque une nouvelle e\u0301tape dans le rapprochement entre le monde universitaire et le secteur culturel, a\u0300 travers un partenariat que les autorite\u0301s souhaitent e\u0301largir a\u0300 l\u2019ensemble des institutions d\u2019enseignement supe\u0301rieur et de recherche du Burkina Faso.<\/p>\n<p>Pour la premie\u0300re fois, l\u2019exposition des livres, traditionnellement tenue a\u0300 la direction re\u0301gionale de la Chambre de commerce et d\u2019industrie du Guiriko, est de\u0301localise\u0301e au sein du campus de l\u2019Universite\u0301 Nazi Boni, situe\u0301e au secteur 22 de Bobo-Dioulasso. Cette initiative traduit, selon le Pr Adjima Thiombiano, la volonte\u0301 de transformer l\u2019universite\u0301 en un ve\u0301ritable po\u0302le de diffusion culturelle, et il a e\u0301mis le souhait d\u2019e\u0301tendre cette organisation des activite\u0301s litte\u0301raires a\u0300 l\u2019ensemble des institutions d\u2019enseignement supe\u0301rieur et de recherche du pays.<\/p>\n<p><b>La culture comme socle de la re\u0301silience et du de\u0301veloppement<\/b><\/p>\n<p>Le pre\u0301sident de l\u2019Universite\u0301 Nazi Boni, Pr Hassan Bismarck Nacro, a souligne\u0301 lors de son allocution que la culture repre\u0301sente a\u0300 la fois une me\u0301moire, une transmission et une projection vers l\u2019avenir. Il a insiste\u0301 sur le ro\u0302le fondamental de la litte\u0301rature dans la construction des consciences et du de\u0301bat intellectuel. Dans un contexte national difficile, il a pre\u0301sente\u0301 la culture comme un levier indispensable de cohe\u0301sion sociale, de re\u0301silience et d\u2019affirmation identitaire. Il a par ailleurs encourage\u0301 les e\u0301tudiants a\u0300 s\u2019approprier pleinement ces activite\u0301s en privile\u0301giant les rencontres et les e\u0301changes avec les auteurs.<\/p>\n<p>Quant au Pr Salaka Sanou, pre\u0301sident de la commission Litte\u0301rature, il a rappele\u0301 la pertinence du the\u0300me de cette e\u0301dition de la SNC qui est \u00ab Culture, jeunesse et transmission des valeurs sociales \u00bb. Selon lui, ce choix met en lumie\u0300re la place strate\u0301gique de la jeunesse dans le de\u0301veloppement endoge\u0300ne. Pour enrichir cette e\u0301dition, un programme diversifie\u0301 est propose\u0301, incluant des panels the\u0301matiques, des cafe\u0301s litte\u0301raires et l\u2019initiative \u00ab la SNC au lyce\u0301e \u00bb.<\/p>\n<p>Le Pr Sanou a fait quelques suggestions pour une meilleure organisation de la SNC. Il s\u2019agit notamment de faciliter la participation des e\u0301tudiants et enseignants chercheurs aux activite\u0301s de la Semaine nationale de la culture, en inte\u0301grant leur participation dans le programme d\u2019activite\u0301 des universite\u0301s. Il a e\u0301galement plaide\u0301 pour l\u2019e\u0301largissement des participants a\u0300 d\u2019autres de\u0301partements et filie\u0300res, au-dela\u0300 des disciplines directement lie\u0301es a\u0300 la culture. Enfin, il a plaide\u0301 pour des mesures d\u2019accompagnement pour les e\u0301tudiants, notamment en matie\u0300re d\u2019he\u0301bergement et de restauration.<\/p>\n<p><b>Vers une de\u0301mocratisation des \u0153uvres nationales<\/b><\/p>\n<p>Le ministre Adjima Thiombiano a, pour sa part, exhorte\u0301 les e\u0301tudiants a\u0300 faire de la lecture un outil quotidien de re\u0301ussite, rappelant que la mai\u0302trise de l\u2019expression e\u0301crite est une compe\u0301tence transversale, essentielle aux filie\u0300res scientifiques comme litte\u0301raires.<\/p>\n<p>En marge de la visite des stands d\u2019exposition, le ministre a salue\u0301 la qualite\u0301 de la production litte\u0301raire nationale. Il a annonce\u0301 avoir donne\u0301 des instructions fermes a\u0300 l\u2019ensemble des pre\u0301sidents d\u2019universite\u0301s pour assurer la disponibilite\u0301 des ouvrages burkinabe\u0300 dans toutes les bibliothe\u0300ques universitaires.<\/p>\n<p>Enfin, le ministre a appele\u0301 a\u0300 pe\u0301renniser ce partenariat entre l\u2019universite\u0301 et la SNC, en sugge\u0301rant une organisation tournante entre les diffe\u0301rentes institutions d\u2019enseignement supe\u0301rieur et de recherche.<\/p>\n<p><b>Fredo Bassole\u0301<\/b><\/p>\n\r\n                <style type=\"text\/css\">\r\n                    \r\n                    #td_uid_1_69f0f41f1cb4f  .td-doubleSlider-2 .td-item1 {\r\n                        background: url(https:\/\/static.africa-press.net\/burkina\/sites\/42\/2026\/04\/sm_1777372245.712461-80x60.jpg) 0 0 no-repeat;\r\n                    }\r\n                    #td_uid_1_69f0f41f1cb4f  .td-doubleSlider-2 .td-item2 {\r\n                        background: url(https:\/\/static.africa-press.net\/burkina\/sites\/42\/2026\/04\/sm_1777372249.450142-80x60.jpg) 0 0 no-repeat;\r\n                    }\r\n                <\/style>\r\n\r\n                <div id=\"td_uid_1_69f0f41f1cb4f\" class=\"td-gallery td-slide-on-2-columns\">\r\n                    <div class=\"post_td_gallery\">\r\n                        <div class=\"td-gallery-slide-top\">\r\n                           <div class=\"td-gallery-title\"><\/div>\r\n\r\n                            <div class=\"td-gallery-controls-wrapper\">\r\n                                <div class=\"td-gallery-slide-count\"><span class=\"td-gallery-slide-item-focus\">1<\/span> de 2<\/div>\r\n                                <div class=\"td-gallery-slide-prev-next-but\">\r\n                                    <i class = \"td-icon-left doubleSliderPrevButton\"><\/i>\r\n                                    <i class = \"td-icon-right doubleSliderNextButton\"><\/i>\r\n                                <\/div>\r\n                            <\/div>\r\n                        <\/div>\r\n\r\n                        <div class = \"td-doubleSlider-1 \">\r\n                            <div class = \"td-slider\">\r\n                                \r\n                    <div class = \"td-slide-item td-item1\">\r\n                        <figure class=\"td-slide-galery-figure td-slide-popup-gallery\">\r\n                            <a class=\"slide-gallery-image-link\" href=\"https:\/\/static.africa-press.net\/burkina\/sites\/42\/2026\/04\/sm_1777372245.712461.jpg\" title=\"sm_1777372245.712461\"  data-caption=\"\"  data-description=\"\">\r\n                                <img decoding=\"async\" src=\"https:\/\/static.africa-press.net\/burkina\/sites\/42\/2026\/04\/sm_1777372245.712461.jpg\" srcset=\"https:\/\/static.africa-press.net\/burkina\/sites\/42\/2026\/04\/sm_1777372245.712461.jpg 600w, https:\/\/static.africa-press.net\/burkina\/sites\/42\/2026\/04\/sm_1777372245.712461-300x200.jpg 300w\" sizes=\"(max-width: 600px) 100vw, 600px\" alt=\"\">\r\n                            <\/a>\r\n                            \r\n                        <\/figure>\r\n                    <\/div>\r\n                    <div class = \"td-slide-item td-item2\">\r\n                        <figure class=\"td-slide-galery-figure td-slide-popup-gallery\">\r\n                            <a class=\"slide-gallery-image-link\" href=\"https:\/\/static.africa-press.net\/burkina\/sites\/42\/2026\/04\/sm_1777372249.450142.jpg\" title=\"sm_1777372249.450142\"  data-caption=\"\"  data-description=\"\">\r\n                                <img decoding=\"async\" src=\"https:\/\/static.africa-press.net\/burkina\/sites\/42\/2026\/04\/sm_1777372249.450142.jpg\" srcset=\"https:\/\/static.africa-press.net\/burkina\/sites\/42\/2026\/04\/sm_1777372249.450142.jpg 600w, https:\/\/static.africa-press.net\/burkina\/sites\/42\/2026\/04\/sm_1777372249.450142-300x200.jpg 300w\" sizes=\"(max-width: 600px) 100vw, 600px\" alt=\"\">\r\n                            <\/a>\r\n                            \r\n                        <\/figure>\r\n                    <\/div>\r\n                            <\/div>\r\n                        <\/div>\r\n\r\n                        <div class = \"td-doubleSlider-2\">\r\n                            <div class = \"td-slider\">\r\n                                \r\n                    <div class = \"td-button td-item1\">\r\n                        <div class = \"td-border\"><\/div>\r\n                    <\/div>\r\n                    <div class = \"td-button td-item2\">\r\n                        <div class = \"td-border\"><\/div>\r\n                    <\/div>\r\n                            <\/div>\r\n                        <\/div>\r\n\r\n                    <\/div>\r\n\r\n                <\/div>\r\n                \n<p><strong>Pour plus d&rsquo;informations et d&rsquo;analyses sur la <span style=\"color: #ff6600\">Burkina Faso<\/span>, suivez <span style=\"color: #ff6600\">Africa-Press<\/span><\/strong><\/p>\n","protected":false},"excerpt":{"rendered":"<p>Africa-Press &#8211; Burkina Faso. Le ministre de l\u2019Enseignement supe\u0301rieur, de la Recherche et de l\u2019Innovation, Pr Adjima Thiombiano, a proce\u0301de\u0301, ce lundi 27 avril 2026, au lancement des activite\u0301s litte\u0301raires de la 22e e\u0301dition de la Semaine nationale de la culture (SNC) sur le campus de l\u2019Universite\u0301 Nazi Boni, a\u0300 Bobo-Dioulasso. L\u2019e\u0301ve\u0301nement marque une nouvelle [&hellip;]<\/p>\n","protected":false},"author":82,"featured_media":129051,"comment_status":"open","ping_status":"closed","sticky":false,"template":"","format":"standard","meta":{"footnotes":""},"categories":[5,8,10],"tags":[29],"class_list":["post-129052","post","type-post","status-publish","format-standard","has-post-thumbnail","hentry","category-culture-et-art","category-photo","category-toutes-les-actualites","tag-burkina-faso"],"yoast_head":"<!-- This site is optimized with the Yoast SEO Premium plugin v26.1 (Yoast SEO v27.0) - https:\/\/yoast.com\/product\/yoast-seo-premium-wordpress\/ -->\n<title>SNC 2026 Lancement des Activit\u00e9s Litt\u00e9raires \u00e0 l&#039;Universit\u00e9 - Burkina Faso<\/title>\n<meta name=\"description\" content=\"Le ministre de l\u2019Enseignement supe\u0301rieur, de la Recherche et de l\u2019Innovation, Pr Adjima Thiombiano, a proce\u0301de\u0301, ce lund ...\" \/>\n<meta name=\"robots\" content=\"index, follow, max-snippet:-1, max-image-preview:large, max-video-preview:-1\" \/>\n<link rel=\"canonical\" href=\"https:\/\/www.africa-press.net\/burkina-faso\/culture-et-art\/snc-2026-lancement-des-activites-litteraires-a-luniversite\" \/>\n<meta property=\"og:locale\" content=\"fr_FR\" \/>\n<meta property=\"og:type\" content=\"article\" \/>\n<meta property=\"og:title\" content=\"SNC 2026 Lancement des Activit\u00e9s Litt\u00e9raires \u00e0 l&#039;Universit\u00e9\" \/>\n<meta property=\"og:description\" content=\"Le ministre de l\u2019Enseignement supe\u0301rieur, de la Recherche et de l\u2019Innovation, Pr Adjima Thiombiano, a proce\u0301de\u0301, ce lund ...\" \/>\n<meta property=\"og:url\" content=\"https:\/\/www.africa-press.net\/burkina-faso\/culture-et-art\/snc-2026-lancement-des-activites-litteraires-a-luniversite\" \/>\n<meta property=\"og:site_name\" content=\"Burkina Faso\" \/>\n<meta property=\"article:published_time\" content=\"2026-04-28T13:32:17+00:00\" \/>\n<meta property=\"article:modified_time\" content=\"2026-04-28T14:01:12+00:00\" \/>\n<meta property=\"og:image\" content=\"https:\/\/static.africa-press.net\/burkina\/sites\/42\/2026\/04\/sm_1777372253.133444.jpg\" \/>\n\t<meta property=\"og:image:width\" content=\"720\" \/>\n\t<meta property=\"og:image:height\" content=\"480\" \/>\n\t<meta property=\"og:image:type\" content=\"image\/jpeg\" \/>\n<meta name=\"author\" content=\"cfeditorfr\" \/>\n<meta name=\"twitter:card\" content=\"summary_large_image\" \/>\n<meta name=\"twitter:label1\" content=\"\u00c9crit par\" \/>\n\t<meta name=\"twitter:data1\" content=\"cfeditorfr\" \/>\n\t<meta name=\"twitter:label2\" content=\"Dur\u00e9e de lecture estim\u00e9e\" \/>\n\t<meta name=\"twitter:data2\" content=\"4 minutes\" \/>\n<script type=\"application\/ld+json\" class=\"yoast-schema-graph\">{\"@context\":\"https:\/\/schema.org\",\"@graph\":[{\"@type\":\"Article\",\"@id\":\"https:\/\/www.africa-press.net\/burkina-faso\/culture-et-art\/snc-2026-lancement-des-activites-litteraires-a-luniversite#article\",\"isPartOf\":{\"@id\":\"https:\/\/www.africa-press.net\/burkina-faso\/culture-et-art\/snc-2026-lancement-des-activites-litteraires-a-luniversite\"},\"author\":{\"name\":\"cfeditorfr\",\"@id\":\"https:\/\/www.africa-press.net\/burkina-faso\/#\/schema\/person\/2b1cf3cd81a31e3cd26889ca66d677f1\"},\"headline\":\"SNC 2026 Lancement des Activit\u00e9s Litt\u00e9raires \u00e0 l&rsquo;Universit\u00e9\",\"datePublished\":\"2026-04-28T13:32:17+00:00\",\"dateModified\":\"2026-04-28T14:01:12+00:00\",\"mainEntityOfPage\":{\"@id\":\"https:\/\/www.africa-press.net\/burkina-faso\/culture-et-art\/snc-2026-lancement-des-activites-litteraires-a-luniversite\"},\"wordCount\":685,\"commentCount\":0,\"image\":{\"@id\":\"https:\/\/www.africa-press.net\/burkina-faso\/culture-et-art\/snc-2026-lancement-des-activites-litteraires-a-luniversite#primaryimage\"},\"thumbnailUrl\":\"https:\/\/static.africa-press.net\/burkina\/sites\/42\/2026\/04\/sm_1777372253.133444.jpg\",\"keywords\":[\"Burkina Faso\"],\"articleSection\":[\"Culture et Art\",\"Photo\",\"Toutes les actualit\u00e9s\"],\"inLanguage\":\"fr-FR\",\"potentialAction\":[{\"@type\":\"CommentAction\",\"name\":\"Comment\",\"target\":[\"https:\/\/www.africa-press.net\/burkina-faso\/culture-et-art\/snc-2026-lancement-des-activites-litteraires-a-luniversite#respond\"]}]},{\"@type\":\"WebPage\",\"@id\":\"https:\/\/www.africa-press.net\/burkina-faso\/culture-et-art\/snc-2026-lancement-des-activites-litteraires-a-luniversite\",\"url\":\"https:\/\/www.africa-press.net\/burkina-faso\/culture-et-art\/snc-2026-lancement-des-activites-litteraires-a-luniversite\",\"name\":\"SNC 2026 Lancement des Activit\u00e9s Litt\u00e9raires \u00e0 l'Universit\u00e9 - Burkina Faso\",\"isPartOf\":{\"@id\":\"https:\/\/www.africa-press.net\/burkina-faso\/#website\"},\"primaryImageOfPage\":{\"@id\":\"https:\/\/www.africa-press.net\/burkina-faso\/culture-et-art\/snc-2026-lancement-des-activites-litteraires-a-luniversite#primaryimage\"},\"image\":{\"@id\":\"https:\/\/www.africa-press.net\/burkina-faso\/culture-et-art\/snc-2026-lancement-des-activites-litteraires-a-luniversite#primaryimage\"},\"thumbnailUrl\":\"https:\/\/static.africa-press.net\/burkina\/sites\/42\/2026\/04\/sm_1777372253.133444.jpg\",\"datePublished\":\"2026-04-28T13:32:17+00:00\",\"dateModified\":\"2026-04-28T14:01:12+00:00\",\"author\":{\"@id\":\"https:\/\/www.africa-press.net\/burkina-faso\/#\/schema\/person\/2b1cf3cd81a31e3cd26889ca66d677f1\"},\"description\":\"Le ministre de l\u2019Enseignement supe\u0301rieur, de la Recherche et de l\u2019Innovation, Pr Adjima Thiombiano, a proce\u0301de\u0301, ce lund ...\",\"breadcrumb\":{\"@id\":\"https:\/\/www.africa-press.net\/burkina-faso\/culture-et-art\/snc-2026-lancement-des-activites-litteraires-a-luniversite#breadcrumb\"},\"inLanguage\":\"fr-FR\",\"potentialAction\":[{\"@type\":\"ReadAction\",\"target\":[\"https:\/\/www.africa-press.net\/burkina-faso\/culture-et-art\/snc-2026-lancement-des-activites-litteraires-a-luniversite\"]}]},{\"@type\":\"ImageObject\",\"inLanguage\":\"fr-FR\",\"@id\":\"https:\/\/www.africa-press.net\/burkina-faso\/culture-et-art\/snc-2026-lancement-des-activites-litteraires-a-luniversite#primaryimage\",\"url\":\"https:\/\/static.africa-press.net\/burkina\/sites\/42\/2026\/04\/sm_1777372253.133444.jpg\",\"contentUrl\":\"https:\/\/static.africa-press.net\/burkina\/sites\/42\/2026\/04\/sm_1777372253.133444.jpg\",\"width\":720,\"height\":480,\"caption\":\"SNC 2026 Lancement des Activit\u00e9s Litt\u00e9raires \u00e0 l'Universit\u00e9\"},{\"@type\":\"BreadcrumbList\",\"@id\":\"https:\/\/www.africa-press.net\/burkina-faso\/culture-et-art\/snc-2026-lancement-des-activites-litteraires-a-luniversite#breadcrumb\",\"itemListElement\":[{\"@type\":\"ListItem\",\"position\":1,\"name\":\"Accueil\",\"item\":\"https:\/\/www.africa-press.net\/burkina-faso\/\"},{\"@type\":\"ListItem\",\"position\":2,\"name\":\"SNC 2026 Lancement des Activit\u00e9s Litt\u00e9raires \u00e0 l&#8217;Universit\u00e9\"}]},{\"@type\":\"WebSite\",\"@id\":\"https:\/\/www.africa-press.net\/burkina-faso\/#website\",\"url\":\"https:\/\/www.africa-press.net\/burkina-faso\/\",\"name\":\"Burkina Faso\",\"description\":\"Just another Africa News Agency Sites site\",\"potentialAction\":[{\"@type\":\"SearchAction\",\"target\":{\"@type\":\"EntryPoint\",\"urlTemplate\":\"https:\/\/www.africa-press.net\/burkina-faso\/?s={search_term_string}\"},\"query-input\":{\"@type\":\"PropertyValueSpecification\",\"valueRequired\":true,\"valueName\":\"search_term_string\"}}],\"inLanguage\":\"fr-FR\"},{\"@type\":\"Person\",\"@id\":\"https:\/\/www.africa-press.net\/burkina-faso\/#\/schema\/person\/2b1cf3cd81a31e3cd26889ca66d677f1\",\"name\":\"cfeditorfr\"}]}<\/script>\n<!-- \/ Yoast SEO Premium plugin. -->","yoast_head_json":{"title":"SNC 2026 Lancement des Activit\u00e9s Litt\u00e9raires \u00e0 l'Universit\u00e9 - Burkina Faso","description":"Le ministre de l\u2019Enseignement supe\u0301rieur, de la Recherche et de l\u2019Innovation, Pr Adjima Thiombiano, a proce\u0301de\u0301, ce lund ...","robots":{"index":"index","follow":"follow","max-snippet":"max-snippet:-1","max-image-preview":"max-image-preview:large","max-video-preview":"max-video-preview:-1"},"canonical":"https:\/\/www.africa-press.net\/burkina-faso\/culture-et-art\/snc-2026-lancement-des-activites-litteraires-a-luniversite","og_locale":"fr_FR","og_type":"article","og_title":"SNC 2026 Lancement des Activit\u00e9s Litt\u00e9raires \u00e0 l'Universit\u00e9","og_description":"Le ministre de l\u2019Enseignement supe\u0301rieur, de la Recherche et de l\u2019Innovation, Pr Adjima Thiombiano, a proce\u0301de\u0301, ce lund ...","og_url":"https:\/\/www.africa-press.net\/burkina-faso\/culture-et-art\/snc-2026-lancement-des-activites-litteraires-a-luniversite","og_site_name":"Burkina Faso","article_published_time":"2026-04-28T13:32:17+00:00","article_modified_time":"2026-04-28T14:01:12+00:00","og_image":[{"width":720,"height":480,"url":"https:\/\/static.africa-press.net\/burkina\/sites\/42\/2026\/04\/sm_1777372253.133444.jpg","type":"image\/jpeg"}],"author":"cfeditorfr","twitter_card":"summary_large_image","twitter_misc":{"\u00c9crit par":"cfeditorfr","Dur\u00e9e de lecture estim\u00e9e":"4 minutes"},"schema":{"@context":"https:\/\/schema.org","@graph":[{"@type":"Article","@id":"https:\/\/www.africa-press.net\/burkina-faso\/culture-et-art\/snc-2026-lancement-des-activites-litteraires-a-luniversite#article","isPartOf":{"@id":"https:\/\/www.africa-press.net\/burkina-faso\/culture-et-art\/snc-2026-lancement-des-activites-litteraires-a-luniversite"},"author":{"name":"cfeditorfr","@id":"https:\/\/www.africa-press.net\/burkina-faso\/#\/schema\/person\/2b1cf3cd81a31e3cd26889ca66d677f1"},"headline":"SNC 2026 Lancement des Activit\u00e9s Litt\u00e9raires \u00e0 l&rsquo;Universit\u00e9","datePublished":"2026-04-28T13:32:17+00:00","dateModified":"2026-04-28T14:01:12+00:00","mainEntityOfPage":{"@id":"https:\/\/www.africa-press.net\/burkina-faso\/culture-et-art\/snc-2026-lancement-des-activites-litteraires-a-luniversite"},"wordCount":685,"commentCount":0,"image":{"@id":"https:\/\/www.africa-press.net\/burkina-faso\/culture-et-art\/snc-2026-lancement-des-activites-litteraires-a-luniversite#primaryimage"},"thumbnailUrl":"https:\/\/static.africa-press.net\/burkina\/sites\/42\/2026\/04\/sm_1777372253.133444.jpg","keywords":["Burkina Faso"],"articleSection":["Culture et Art","Photo","Toutes les actualit\u00e9s"],"inLanguage":"fr-FR","potentialAction":[{"@type":"CommentAction","name":"Comment","target":["https:\/\/www.africa-press.net\/burkina-faso\/culture-et-art\/snc-2026-lancement-des-activites-litteraires-a-luniversite#respond"]}]},{"@type":"WebPage","@id":"https:\/\/www.africa-press.net\/burkina-faso\/culture-et-art\/snc-2026-lancement-des-activites-litteraires-a-luniversite","url":"https:\/\/www.africa-press.net\/burkina-faso\/culture-et-art\/snc-2026-lancement-des-activites-litteraires-a-luniversite","name":"SNC 2026 Lancement des Activit\u00e9s Litt\u00e9raires \u00e0 l'Universit\u00e9 - Burkina Faso","isPartOf":{"@id":"https:\/\/www.africa-press.net\/burkina-faso\/#website"},"primaryImageOfPage":{"@id":"https:\/\/www.africa-press.net\/burkina-faso\/culture-et-art\/snc-2026-lancement-des-activites-litteraires-a-luniversite#primaryimage"},"image":{"@id":"https:\/\/www.africa-press.net\/burkina-faso\/culture-et-art\/snc-2026-lancement-des-activites-litteraires-a-luniversite#primaryimage"},"thumbnailUrl":"https:\/\/static.africa-press.net\/burkina\/sites\/42\/2026\/04\/sm_1777372253.133444.jpg","datePublished":"2026-04-28T13:32:17+00:00","dateModified":"2026-04-28T14:01:12+00:00","author":{"@id":"https:\/\/www.africa-press.net\/burkina-faso\/#\/schema\/person\/2b1cf3cd81a31e3cd26889ca66d677f1"},"description":"Le ministre de l\u2019Enseignement supe\u0301rieur, de la Recherche et de l\u2019Innovation, Pr Adjima Thiombiano, a proce\u0301de\u0301, ce lund ...","breadcrumb":{"@id":"https:\/\/www.africa-press.net\/burkina-faso\/culture-et-art\/snc-2026-lancement-des-activites-litteraires-a-luniversite#breadcrumb"},"inLanguage":"fr-FR","potentialAction":[{"@type":"ReadAction","target":["https:\/\/www.africa-press.net\/burkina-faso\/culture-et-art\/snc-2026-lancement-des-activites-litteraires-a-luniversite"]}]},{"@type":"ImageObject","inLanguage":"fr-FR","@id":"https:\/\/www.africa-press.net\/burkina-faso\/culture-et-art\/snc-2026-lancement-des-activites-litteraires-a-luniversite#primaryimage","url":"https:\/\/static.africa-press.net\/burkina\/sites\/42\/2026\/04\/sm_1777372253.133444.jpg","contentUrl":"https:\/\/static.africa-press.net\/burkina\/sites\/42\/2026\/04\/sm_1777372253.133444.jpg","width":720,"height":480,"caption":"SNC 2026 Lancement des Activit\u00e9s Litt\u00e9raires \u00e0 l'Universit\u00e9"},{"@type":"BreadcrumbList","@id":"https:\/\/www.africa-press.net\/burkina-faso\/culture-et-art\/snc-2026-lancement-des-activites-litteraires-a-luniversite#breadcrumb","itemListElement":[{"@type":"ListItem","position":1,"name":"Accueil","item":"https:\/\/www.africa-press.net\/burkina-faso\/"},{"@type":"ListItem","position":2,"name":"SNC 2026 Lancement des Activit\u00e9s Litt\u00e9raires \u00e0 l&#8217;Universit\u00e9"}]},{"@type":"WebSite","@id":"https:\/\/www.africa-press.net\/burkina-faso\/#website","url":"https:\/\/www.africa-press.net\/burkina-faso\/","name":"Burkina Faso","description":"Just another Africa News Agency Sites site","potentialAction":[{"@type":"SearchAction","target":{"@type":"EntryPoint","urlTemplate":"https:\/\/www.africa-press.net\/burkina-faso\/?s={search_term_string}"},"query-input":{"@type":"PropertyValueSpecification","valueRequired":true,"valueName":"search_term_string"}}],"inLanguage":"fr-FR"},{"@type":"Person","@id":"https:\/\/www.africa-press.net\/burkina-faso\/#\/schema\/person\/2b1cf3cd81a31e3cd26889ca66d677f1","name":"cfeditorfr"}]}},"_links":{"self":[{"href":"https:\/\/www.africa-press.net\/burkina-faso\/wp-json\/wp\/v2\/posts\/129052","targetHints":{"allow":["GET"]}}],"collection":[{"href":"https:\/\/www.africa-press.net\/burkina-faso\/wp-json\/wp\/v2\/posts"}],"about":[{"href":"https:\/\/www.africa-press.net\/burkina-faso\/wp-json\/wp\/v2\/types\/post"}],"author":[{"embeddable":true,"href":"https:\/\/www.africa-press.net\/burkina-faso\/wp-json\/wp\/v2\/users\/82"}],"replies":[{"embeddable":true,"href":"https:\/\/www.africa-press.net\/burkina-faso\/wp-json\/wp\/v2\/comments?post=129052"}],"version-history":[{"count":1,"href":"https:\/\/www.africa-press.net\/burkina-faso\/wp-json\/wp\/v2\/posts\/129052\/revisions"}],"predecessor-version":[{"id":129055,"href":"https:\/\/www.africa-press.net\/burkina-faso\/wp-json\/wp\/v2\/posts\/129052\/revisions\/129055"}],"wp:featuredmedia":[{"embeddable":true,"href":"https:\/\/www.africa-press.net\/burkina-faso\/wp-json\/wp\/v2\/media\/129051"}],"wp:attachment":[{"href":"https:\/\/www.africa-press.net\/burkina-faso\/wp-json\/wp\/v2\/media?parent=129052"}],"wp:term":[{"taxonomy":"category","embeddable":true,"href":"https:\/\/www.africa-press.net\/burkina-faso\/wp-json\/wp\/v2\/categories?post=129052"},{"taxonomy":"post_tag","embeddable":true,"href":"https:\/\/www.africa-press.net\/burkina-faso\/wp-json\/wp\/v2\/tags?post=129052"}],"curies":[{"name":"wp","href":"https:\/\/api.w.org\/{rel}","templated":true}]}}