{"id":129057,"date":"2026-04-28T13:33:29","date_gmt":"2026-04-28T13:33:29","guid":{"rendered":"https:\/\/www.africa-press.net\/burkina-faso\/politique\/amenagement-zad-bobo-dioulasso-souscriptions-lancees"},"modified":"2026-04-28T14:01:42","modified_gmt":"2026-04-28T14:01:42","slug":"amenagement-zad-bobo-dioulasso-souscriptions-lancees","status":"publish","type":"post","link":"https:\/\/www.africa-press.net\/burkina-faso\/economie\/amenagement-zad-bobo-dioulasso-souscriptions-lancees","title":{"rendered":"Ame\u0301nagement ZAD Bobo-Dioulasso: Souscriptions lance\u0301es"},"content":{"rendered":"<p><span style=\"color: #ff6600\"><strong>Africa-Press &#8211; Burkina Faso. <\/strong><\/span><b>Le Premier ministre, Chef du Gouvernement, Rimtalba Jean Emmanuel Oue\u0301draogo, a pre\u0301side\u0301, ce lundi 27 avril 2026, la ce\u0301re\u0301monie officielle de lancement des souscriptions aux parcelles de la Zone d\u2019activite\u0301s diverses (ZAD) de Bobo-Dioulasso. Porte\u0301e par la Chambre de commerce et d\u2019industrie du Burkina Faso (CCI-BF), cette ope\u0301ration marque une e\u0301tape de\u0301cisive dans la mise en \u0153uvre de cet espace e\u0301conomique strate\u0301gique, destine\u0301 a\u0300 renforcer l\u2019industrialisation, l\u2019entrepreneuriat et la compe\u0301titivite\u0301 de la re\u0301gion du Guiriko. <\/b><\/p>\n<p>D\u2019une superficie d\u2019environ 80 hectares, la ZAD de la ville de Sya se veut un po\u0302le e\u0301conomique inte\u0301gre\u0301, moderne et compe\u0301titif. Elle est conc\u0327ue pour accompagner la transformation du tissu productif, renforcer l\u2019ancrage industriel de l\u2019e\u0301conomie re\u0301gionale et contribuer a\u0300 la dynamique nationale de de\u0301veloppement.<\/p>\n<p>Le projet pre\u0301voit notamment un espace de\u0301die\u0301 aux unite\u0301s industrielles, des espaces logistiques de stockage et d\u2019entreposage, des bureaux administratifs et commerciaux, des showrooms pour la promotion des produits, ainsi que des services d\u2019appui comprenant des garages, des parkings et un centre de vie. Des infrastructures modernes en matie\u0300re de voirie, d\u2019e\u0301nergie, d\u2019eau, de fibre optique et de se\u0301curite\u0301 sont e\u0301galement pre\u0301vues.<\/p>\n<p><b>Au total, 162 parcelles ame\u0301nage\u0301es, repre\u0301sentant plus de 580 000 m2, soit 58 hectares de surface utile, seront progressivement mises a\u0300 la disposition des investisseurs. Le mode\u0300le e\u0301conomique retenu combine la cession directe et le bail emphyte\u0301otique. Il re\u0301pond a\u0300 un double impe\u0301ratif: assurer l\u2019autofinancement du projet, dont le cou\u0302t d\u2019ame\u0301nagement est estime\u0301 a\u0300 10,8 milliards de FCFA, et pre\u0301server durablement le patrimoine foncier et e\u0301conomique.<\/b><\/p>\n<p>Ce projet s\u2019inscrit dans la deuxie\u0300me phase du projet de port sec de Bobo-Dioulasso, avec l\u2019ambition de doter la ville d\u2019infrastructures adapte\u0301es a\u0300 son ro\u0302le de capitale e\u0301conomique et de carrefour commercial.<\/p>\n<p>Dans un souci de modernisation et de transparence, une plateforme nume\u0301rique de souscription a e\u0301te\u0301 mise en place a\u0300 l\u2019adresse: zadbobo.cci.bf. Les souscriptions sont ouvertes jusqu\u2019au 31 mai 2026, a\u0300 23h59.<\/p>\n<p>Au cours de la ce\u0301re\u0301monie, le Chef du Gouvernement a insiste\u0301 sur l\u2019exigence de transparence dans la conduite du processus et sur la ne\u0301cessite\u0301 de lutter contre toute forme de spe\u0301culation foncie\u0300re.<\/p>\n<p>\u00ab Il y a des choses qui ne seront pas tole\u0301re\u0301es dans cette ope\u0301ration. Elle doit e\u0302tre transparente, afin que tous les souscripteurs aient la me\u0302me chance. L\u2019ope\u0301ration n\u2019a pas pour objectif d\u2019attribuer des parcelles. Tout souscripteur doit e\u0302tre porteur d\u2019un projet mu\u0302r, clair, avec des moyens d\u2019investissement.<\/p>\n<p>Tout attributaire qui ne respecte pas le cahier des charges et les de\u0301lais d\u2019investissement se verra retirer son terrain. Le cahier des charges sera revu et nous serons tre\u0300s fermes sur les de\u0301lais d\u2019investissement \u00bb, a indique\u0301 le Premier ministre, avec fermete\u0301.<\/p>\n<p>Selon le Directeur ge\u0301ne\u0301ral de la CCI-BF, Seydou Tou, l\u2019acce\u0300s aux parcelles est strictement re\u0301serve\u0301 aux entreprises formellement constitue\u0301es, sur la base de projets viables, cre\u0301dibles et financie\u0300rement soutenables.<\/p>\n<p>Au nom des acteurs e\u0301conomiques du Guiriko et de l\u2019ensemble du secteur prive\u0301 national, le pre\u0301sident de la de\u0301le\u0301gation spe\u0301ciale consulaire du Guiriko de la CCI-BF, Bachirou Tera, a exprime\u0301 sa gratitude aux plus hautes autorite\u0301s du pays pour la concre\u0301tisation de cette vision porteuse d\u2019espoir pour le monde e\u0301conomique.<\/p>\n<p>L\u2019E\u0301tat, pour sa part, s\u2019engage a\u0300 finaliser les travaux de voirie, d\u2019e\u0301lectrification, d\u2019adduction d\u2019eau et d\u2019assainissement de la zone, afin de garantir aux futurs investisseurs un cadre fonctionnel et propice au de\u0301veloppement de leurs activite\u0301s.<\/p>\n<p>Avec la ZAD, Bobo-Dioulasso conforte son statut de capitale e\u0301conomique et s\u2019arrime a\u0300 la politique nationale d\u2019ame\u0301nagement de zones e\u0301conomiques de\u0301die\u0301es, en vue d\u2019acce\u0301le\u0301rer la transformation structurelle de l\u2019e\u0301conomie burkinabe\u0300.<\/p>\n\r\n                <style type=\"text\/css\">\r\n                    \r\n                    #td_uid_1_69f0f43f4d145  .td-doubleSlider-2 .td-item1 {\r\n                        background: url(https:\/\/static.africa-press.net\/burkina\/sites\/42\/2026\/04\/sm_1777372267.368819-80x60.jpg) 0 0 no-repeat;\r\n                    }\r\n                    #td_uid_1_69f0f43f4d145  .td-doubleSlider-2 .td-item2 {\r\n                        background: url(https:\/\/static.africa-press.net\/burkina\/sites\/42\/2026\/04\/sm_1777372274.05448-80x60.jpg) 0 0 no-repeat;\r\n                    }\r\n                <\/style>\r\n\r\n                <div id=\"td_uid_1_69f0f43f4d145\" class=\"td-gallery td-slide-on-2-columns\">\r\n                    <div class=\"post_td_gallery\">\r\n                        <div class=\"td-gallery-slide-top\">\r\n                           <div class=\"td-gallery-title\"><\/div>\r\n\r\n                            <div class=\"td-gallery-controls-wrapper\">\r\n                                <div class=\"td-gallery-slide-count\"><span class=\"td-gallery-slide-item-focus\">1<\/span> de 2<\/div>\r\n                                <div class=\"td-gallery-slide-prev-next-but\">\r\n                                    <i class = \"td-icon-left doubleSliderPrevButton\"><\/i>\r\n                                    <i class = \"td-icon-right doubleSliderNextButton\"><\/i>\r\n                                <\/div>\r\n                            <\/div>\r\n                        <\/div>\r\n\r\n                        <div class = \"td-doubleSlider-1 \">\r\n                            <div class = \"td-slider\">\r\n                                \r\n                    <div class = \"td-slide-item td-item1\">\r\n                        <figure class=\"td-slide-galery-figure td-slide-popup-gallery\">\r\n                            <a class=\"slide-gallery-image-link\" href=\"https:\/\/static.africa-press.net\/burkina\/sites\/42\/2026\/04\/sm_1777372267.368819.jpg\" title=\"sm_1777372267.368819\"  data-caption=\"\"  data-description=\"\">\r\n                                <img decoding=\"async\" src=\"https:\/\/static.africa-press.net\/burkina\/sites\/42\/2026\/04\/sm_1777372267.368819.jpg\" srcset=\"https:\/\/static.africa-press.net\/burkina\/sites\/42\/2026\/04\/sm_1777372267.368819.jpg 590w, https:\/\/static.africa-press.net\/burkina\/sites\/42\/2026\/04\/sm_1777372267.368819-300x225.jpg 300w, https:\/\/static.africa-press.net\/burkina\/sites\/42\/2026\/04\/sm_1777372267.368819-80x60.jpg 80w\" sizes=\"(max-width: 590px) 100vw, 590px\" alt=\"\">\r\n                            <\/a>\r\n                            \r\n                        <\/figure>\r\n                    <\/div>\r\n                    <div class = \"td-slide-item td-item2\">\r\n                        <figure class=\"td-slide-galery-figure td-slide-popup-gallery\">\r\n                            <a class=\"slide-gallery-image-link\" href=\"https:\/\/static.africa-press.net\/burkina\/sites\/42\/2026\/04\/sm_1777372274.05448.jpg\" title=\"sm_1777372274.05448\"  data-caption=\"\"  data-description=\"\">\r\n                                <img decoding=\"async\" src=\"https:\/\/static.africa-press.net\/burkina\/sites\/42\/2026\/04\/sm_1777372274.05448.jpg\" srcset=\"https:\/\/static.africa-press.net\/burkina\/sites\/42\/2026\/04\/sm_1777372274.05448.jpg 2048w, https:\/\/static.africa-press.net\/burkina\/sites\/42\/2026\/04\/sm_1777372274.05448-300x175.jpg 300w, https:\/\/static.africa-press.net\/burkina\/sites\/42\/2026\/04\/sm_1777372274.05448-1024x596.jpg 1024w, https:\/\/static.africa-press.net\/burkina\/sites\/42\/2026\/04\/sm_1777372274.05448-768x447.jpg 768w, https:\/\/static.africa-press.net\/burkina\/sites\/42\/2026\/04\/sm_1777372274.05448-1536x894.jpg 1536w\" sizes=\"(max-width: 2048px) 100vw, 2048px\" alt=\"\">\r\n                            <\/a>\r\n                            \r\n                        <\/figure>\r\n                    <\/div>\r\n                            <\/div>\r\n                        <\/div>\r\n\r\n                        <div class = \"td-doubleSlider-2\">\r\n                            <div class = \"td-slider\">\r\n                                \r\n                    <div class = \"td-button td-item1\">\r\n                        <div class = \"td-border\"><\/div>\r\n                    <\/div>\r\n                    <div class = \"td-button td-item2\">\r\n                        <div class = \"td-border\"><\/div>\r\n                    <\/div>\r\n                            <\/div>\r\n                        <\/div>\r\n\r\n                    <\/div>\r\n\r\n                <\/div>\r\n                \n<p><strong>Pour plus d&rsquo;informations et d&rsquo;analyses sur la <span style=\"color: #ff6600\">Burkina Faso<\/span>, suivez <span style=\"color: #ff6600\">Africa-Press<\/span><\/strong><\/p>\n","protected":false},"excerpt":{"rendered":"<p>Africa-Press &#8211; Burkina Faso. Le Premier ministre, Chef du Gouvernement, Rimtalba Jean Emmanuel Oue\u0301draogo, a pre\u0301side\u0301, ce lundi 27 avril 2026, la ce\u0301re\u0301monie officielle de lancement des souscriptions aux parcelles de la Zone d\u2019activite\u0301s diverses (ZAD) de Bobo-Dioulasso. Porte\u0301e par la Chambre de commerce et d\u2019industrie du Burkina Faso (CCI-BF), cette ope\u0301ration marque une e\u0301tape [&hellip;]<\/p>\n","protected":false},"author":82,"featured_media":129056,"comment_status":"open","ping_status":"closed","sticky":false,"template":"","format":"standard","meta":{"footnotes":""},"categories":[3,8,10],"tags":[29],"class_list":["post-129057","post","type-post","status-publish","format-standard","has-post-thumbnail","hentry","category-economie","category-photo","category-toutes-les-actualites","tag-burkina-faso"],"yoast_head":"<!-- This site is optimized with the Yoast SEO Premium plugin v26.1 (Yoast SEO v27.0) - https:\/\/yoast.com\/product\/yoast-seo-premium-wordpress\/ -->\n<title>Ame\u0301nagement ZAD Bobo-Dioulasso: Souscriptions lance\u0301es - Burkina Faso<\/title>\n<meta name=\"description\" content=\"Le Premier ministre, Chef du Gouvernement, Rimtalba Jean Emmanuel Oue\u0301draogo, a pre\u0301side\u0301, ce lundi 27 avril 2026, la ...\" \/>\n<meta name=\"robots\" content=\"index, follow, max-snippet:-1, max-image-preview:large, max-video-preview:-1\" \/>\n<link rel=\"canonical\" href=\"https:\/\/www.africa-press.net\/burkina-faso\/economie\/amenagement-zad-bobo-dioulasso-souscriptions-lancees\" \/>\n<meta property=\"og:locale\" content=\"fr_FR\" \/>\n<meta property=\"og:type\" content=\"article\" \/>\n<meta property=\"og:title\" content=\"Ame\u0301nagement ZAD Bobo-Dioulasso: Souscriptions lance\u0301es\" \/>\n<meta property=\"og:description\" content=\"Le Premier ministre, Chef du Gouvernement, Rimtalba Jean Emmanuel Oue\u0301draogo, a pre\u0301side\u0301, ce lundi 27 avril 2026, la ...\" \/>\n<meta property=\"og:url\" content=\"https:\/\/www.africa-press.net\/burkina-faso\/economie\/amenagement-zad-bobo-dioulasso-souscriptions-lancees\" \/>\n<meta property=\"og:site_name\" content=\"Burkina Faso\" \/>\n<meta property=\"article:published_time\" content=\"2026-04-28T13:33:29+00:00\" \/>\n<meta property=\"article:modified_time\" content=\"2026-04-28T14:01:42+00:00\" \/>\n<meta property=\"og:image\" content=\"https:\/\/static.africa-press.net\/burkina\/sites\/42\/2026\/04\/sm_1777372282.512546.jpg\" \/>\n\t<meta property=\"og:image:width\" content=\"1024\" \/>\n\t<meta property=\"og:image:height\" content=\"720\" \/>\n\t<meta property=\"og:image:type\" content=\"image\/jpeg\" \/>\n<meta name=\"author\" content=\"cfeditorfr\" \/>\n<meta name=\"twitter:card\" content=\"summary_large_image\" \/>\n<meta name=\"twitter:label1\" content=\"\u00c9crit par\" \/>\n\t<meta name=\"twitter:data1\" content=\"cfeditorfr\" \/>\n\t<meta name=\"twitter:label2\" content=\"Dur\u00e9e de lecture estim\u00e9e\" \/>\n\t<meta name=\"twitter:data2\" content=\"4 minutes\" \/>\n<script type=\"application\/ld+json\" class=\"yoast-schema-graph\">{\"@context\":\"https:\/\/schema.org\",\"@graph\":[{\"@type\":\"Article\",\"@id\":\"https:\/\/www.africa-press.net\/burkina-faso\/economie\/amenagement-zad-bobo-dioulasso-souscriptions-lancees#article\",\"isPartOf\":{\"@id\":\"https:\/\/www.africa-press.net\/burkina-faso\/economie\/amenagement-zad-bobo-dioulasso-souscriptions-lancees\"},\"author\":{\"name\":\"cfeditorfr\",\"@id\":\"https:\/\/www.africa-press.net\/burkina-faso\/#\/schema\/person\/2b1cf3cd81a31e3cd26889ca66d677f1\"},\"headline\":\"Ame\u0301nagement ZAD Bobo-Dioulasso: Souscriptions lance\u0301es\",\"datePublished\":\"2026-04-28T13:33:29+00:00\",\"dateModified\":\"2026-04-28T14:01:42+00:00\",\"mainEntityOfPage\":{\"@id\":\"https:\/\/www.africa-press.net\/burkina-faso\/economie\/amenagement-zad-bobo-dioulasso-souscriptions-lancees\"},\"wordCount\":731,\"commentCount\":0,\"image\":{\"@id\":\"https:\/\/www.africa-press.net\/burkina-faso\/economie\/amenagement-zad-bobo-dioulasso-souscriptions-lancees#primaryimage\"},\"thumbnailUrl\":\"https:\/\/static.africa-press.net\/burkina\/sites\/42\/2026\/04\/sm_1777372282.512546.jpg\",\"keywords\":[\"Burkina Faso\"],\"articleSection\":[\"\u00c9conomie\",\"Photo\",\"Toutes les actualit\u00e9s\"],\"inLanguage\":\"fr-FR\",\"potentialAction\":[{\"@type\":\"CommentAction\",\"name\":\"Comment\",\"target\":[\"https:\/\/www.africa-press.net\/burkina-faso\/economie\/amenagement-zad-bobo-dioulasso-souscriptions-lancees#respond\"]}]},{\"@type\":\"WebPage\",\"@id\":\"https:\/\/www.africa-press.net\/burkina-faso\/economie\/amenagement-zad-bobo-dioulasso-souscriptions-lancees\",\"url\":\"https:\/\/www.africa-press.net\/burkina-faso\/economie\/amenagement-zad-bobo-dioulasso-souscriptions-lancees\",\"name\":\"Ame\u0301nagement ZAD Bobo-Dioulasso: Souscriptions lance\u0301es - Burkina Faso\",\"isPartOf\":{\"@id\":\"https:\/\/www.africa-press.net\/burkina-faso\/#website\"},\"primaryImageOfPage\":{\"@id\":\"https:\/\/www.africa-press.net\/burkina-faso\/economie\/amenagement-zad-bobo-dioulasso-souscriptions-lancees#primaryimage\"},\"image\":{\"@id\":\"https:\/\/www.africa-press.net\/burkina-faso\/economie\/amenagement-zad-bobo-dioulasso-souscriptions-lancees#primaryimage\"},\"thumbnailUrl\":\"https:\/\/static.africa-press.net\/burkina\/sites\/42\/2026\/04\/sm_1777372282.512546.jpg\",\"datePublished\":\"2026-04-28T13:33:29+00:00\",\"dateModified\":\"2026-04-28T14:01:42+00:00\",\"author\":{\"@id\":\"https:\/\/www.africa-press.net\/burkina-faso\/#\/schema\/person\/2b1cf3cd81a31e3cd26889ca66d677f1\"},\"description\":\"Le Premier ministre, Chef du Gouvernement, Rimtalba Jean Emmanuel Oue\u0301draogo, a pre\u0301side\u0301, ce lundi 27 avril 2026, la ...\",\"breadcrumb\":{\"@id\":\"https:\/\/www.africa-press.net\/burkina-faso\/economie\/amenagement-zad-bobo-dioulasso-souscriptions-lancees#breadcrumb\"},\"inLanguage\":\"fr-FR\",\"potentialAction\":[{\"@type\":\"ReadAction\",\"target\":[\"https:\/\/www.africa-press.net\/burkina-faso\/economie\/amenagement-zad-bobo-dioulasso-souscriptions-lancees\"]}]},{\"@type\":\"ImageObject\",\"inLanguage\":\"fr-FR\",\"@id\":\"https:\/\/www.africa-press.net\/burkina-faso\/economie\/amenagement-zad-bobo-dioulasso-souscriptions-lancees#primaryimage\",\"url\":\"https:\/\/static.africa-press.net\/burkina\/sites\/42\/2026\/04\/sm_1777372282.512546.jpg\",\"contentUrl\":\"https:\/\/static.africa-press.net\/burkina\/sites\/42\/2026\/04\/sm_1777372282.512546.jpg\",\"width\":1024,\"height\":720,\"caption\":\"Ame\u0301nagement ZAD Bobo-Dioulasso: Souscriptions lance\u0301es\"},{\"@type\":\"BreadcrumbList\",\"@id\":\"https:\/\/www.africa-press.net\/burkina-faso\/economie\/amenagement-zad-bobo-dioulasso-souscriptions-lancees#breadcrumb\",\"itemListElement\":[{\"@type\":\"ListItem\",\"position\":1,\"name\":\"Accueil\",\"item\":\"https:\/\/www.africa-press.net\/burkina-faso\/\"},{\"@type\":\"ListItem\",\"position\":2,\"name\":\"Ame\u0301nagement ZAD Bobo-Dioulasso: Souscriptions lance\u0301es\"}]},{\"@type\":\"WebSite\",\"@id\":\"https:\/\/www.africa-press.net\/burkina-faso\/#website\",\"url\":\"https:\/\/www.africa-press.net\/burkina-faso\/\",\"name\":\"Burkina Faso\",\"description\":\"Just another Africa News Agency Sites site\",\"potentialAction\":[{\"@type\":\"SearchAction\",\"target\":{\"@type\":\"EntryPoint\",\"urlTemplate\":\"https:\/\/www.africa-press.net\/burkina-faso\/?s={search_term_string}\"},\"query-input\":{\"@type\":\"PropertyValueSpecification\",\"valueRequired\":true,\"valueName\":\"search_term_string\"}}],\"inLanguage\":\"fr-FR\"},{\"@type\":\"Person\",\"@id\":\"https:\/\/www.africa-press.net\/burkina-faso\/#\/schema\/person\/2b1cf3cd81a31e3cd26889ca66d677f1\",\"name\":\"cfeditorfr\"}]}<\/script>\n<!-- \/ Yoast SEO Premium plugin. -->","yoast_head_json":{"title":"Ame\u0301nagement ZAD Bobo-Dioulasso: Souscriptions lance\u0301es - Burkina Faso","description":"Le Premier ministre, Chef du Gouvernement, Rimtalba Jean Emmanuel Oue\u0301draogo, a pre\u0301side\u0301, ce lundi 27 avril 2026, la ...","robots":{"index":"index","follow":"follow","max-snippet":"max-snippet:-1","max-image-preview":"max-image-preview:large","max-video-preview":"max-video-preview:-1"},"canonical":"https:\/\/www.africa-press.net\/burkina-faso\/economie\/amenagement-zad-bobo-dioulasso-souscriptions-lancees","og_locale":"fr_FR","og_type":"article","og_title":"Ame\u0301nagement ZAD Bobo-Dioulasso: Souscriptions lance\u0301es","og_description":"Le Premier ministre, Chef du Gouvernement, Rimtalba Jean Emmanuel Oue\u0301draogo, a pre\u0301side\u0301, ce lundi 27 avril 2026, la ...","og_url":"https:\/\/www.africa-press.net\/burkina-faso\/economie\/amenagement-zad-bobo-dioulasso-souscriptions-lancees","og_site_name":"Burkina Faso","article_published_time":"2026-04-28T13:33:29+00:00","article_modified_time":"2026-04-28T14:01:42+00:00","og_image":[{"width":1024,"height":720,"url":"https:\/\/static.africa-press.net\/burkina\/sites\/42\/2026\/04\/sm_1777372282.512546.jpg","type":"image\/jpeg"}],"author":"cfeditorfr","twitter_card":"summary_large_image","twitter_misc":{"\u00c9crit par":"cfeditorfr","Dur\u00e9e de lecture estim\u00e9e":"4 minutes"},"schema":{"@context":"https:\/\/schema.org","@graph":[{"@type":"Article","@id":"https:\/\/www.africa-press.net\/burkina-faso\/economie\/amenagement-zad-bobo-dioulasso-souscriptions-lancees#article","isPartOf":{"@id":"https:\/\/www.africa-press.net\/burkina-faso\/economie\/amenagement-zad-bobo-dioulasso-souscriptions-lancees"},"author":{"name":"cfeditorfr","@id":"https:\/\/www.africa-press.net\/burkina-faso\/#\/schema\/person\/2b1cf3cd81a31e3cd26889ca66d677f1"},"headline":"Ame\u0301nagement ZAD Bobo-Dioulasso: Souscriptions lance\u0301es","datePublished":"2026-04-28T13:33:29+00:00","dateModified":"2026-04-28T14:01:42+00:00","mainEntityOfPage":{"@id":"https:\/\/www.africa-press.net\/burkina-faso\/economie\/amenagement-zad-bobo-dioulasso-souscriptions-lancees"},"wordCount":731,"commentCount":0,"image":{"@id":"https:\/\/www.africa-press.net\/burkina-faso\/economie\/amenagement-zad-bobo-dioulasso-souscriptions-lancees#primaryimage"},"thumbnailUrl":"https:\/\/static.africa-press.net\/burkina\/sites\/42\/2026\/04\/sm_1777372282.512546.jpg","keywords":["Burkina Faso"],"articleSection":["\u00c9conomie","Photo","Toutes les actualit\u00e9s"],"inLanguage":"fr-FR","potentialAction":[{"@type":"CommentAction","name":"Comment","target":["https:\/\/www.africa-press.net\/burkina-faso\/economie\/amenagement-zad-bobo-dioulasso-souscriptions-lancees#respond"]}]},{"@type":"WebPage","@id":"https:\/\/www.africa-press.net\/burkina-faso\/economie\/amenagement-zad-bobo-dioulasso-souscriptions-lancees","url":"https:\/\/www.africa-press.net\/burkina-faso\/economie\/amenagement-zad-bobo-dioulasso-souscriptions-lancees","name":"Ame\u0301nagement ZAD Bobo-Dioulasso: Souscriptions lance\u0301es - Burkina Faso","isPartOf":{"@id":"https:\/\/www.africa-press.net\/burkina-faso\/#website"},"primaryImageOfPage":{"@id":"https:\/\/www.africa-press.net\/burkina-faso\/economie\/amenagement-zad-bobo-dioulasso-souscriptions-lancees#primaryimage"},"image":{"@id":"https:\/\/www.africa-press.net\/burkina-faso\/economie\/amenagement-zad-bobo-dioulasso-souscriptions-lancees#primaryimage"},"thumbnailUrl":"https:\/\/static.africa-press.net\/burkina\/sites\/42\/2026\/04\/sm_1777372282.512546.jpg","datePublished":"2026-04-28T13:33:29+00:00","dateModified":"2026-04-28T14:01:42+00:00","author":{"@id":"https:\/\/www.africa-press.net\/burkina-faso\/#\/schema\/person\/2b1cf3cd81a31e3cd26889ca66d677f1"},"description":"Le Premier ministre, Chef du Gouvernement, Rimtalba Jean Emmanuel Oue\u0301draogo, a pre\u0301side\u0301, ce lundi 27 avril 2026, la ...","breadcrumb":{"@id":"https:\/\/www.africa-press.net\/burkina-faso\/economie\/amenagement-zad-bobo-dioulasso-souscriptions-lancees#breadcrumb"},"inLanguage":"fr-FR","potentialAction":[{"@type":"ReadAction","target":["https:\/\/www.africa-press.net\/burkina-faso\/economie\/amenagement-zad-bobo-dioulasso-souscriptions-lancees"]}]},{"@type":"ImageObject","inLanguage":"fr-FR","@id":"https:\/\/www.africa-press.net\/burkina-faso\/economie\/amenagement-zad-bobo-dioulasso-souscriptions-lancees#primaryimage","url":"https:\/\/static.africa-press.net\/burkina\/sites\/42\/2026\/04\/sm_1777372282.512546.jpg","contentUrl":"https:\/\/static.africa-press.net\/burkina\/sites\/42\/2026\/04\/sm_1777372282.512546.jpg","width":1024,"height":720,"caption":"Ame\u0301nagement ZAD Bobo-Dioulasso: Souscriptions lance\u0301es"},{"@type":"BreadcrumbList","@id":"https:\/\/www.africa-press.net\/burkina-faso\/economie\/amenagement-zad-bobo-dioulasso-souscriptions-lancees#breadcrumb","itemListElement":[{"@type":"ListItem","position":1,"name":"Accueil","item":"https:\/\/www.africa-press.net\/burkina-faso\/"},{"@type":"ListItem","position":2,"name":"Ame\u0301nagement ZAD Bobo-Dioulasso: Souscriptions lance\u0301es"}]},{"@type":"WebSite","@id":"https:\/\/www.africa-press.net\/burkina-faso\/#website","url":"https:\/\/www.africa-press.net\/burkina-faso\/","name":"Burkina Faso","description":"Just another Africa News Agency Sites site","potentialAction":[{"@type":"SearchAction","target":{"@type":"EntryPoint","urlTemplate":"https:\/\/www.africa-press.net\/burkina-faso\/?s={search_term_string}"},"query-input":{"@type":"PropertyValueSpecification","valueRequired":true,"valueName":"search_term_string"}}],"inLanguage":"fr-FR"},{"@type":"Person","@id":"https:\/\/www.africa-press.net\/burkina-faso\/#\/schema\/person\/2b1cf3cd81a31e3cd26889ca66d677f1","name":"cfeditorfr"}]}},"_links":{"self":[{"href":"https:\/\/www.africa-press.net\/burkina-faso\/wp-json\/wp\/v2\/posts\/129057","targetHints":{"allow":["GET"]}}],"collection":[{"href":"https:\/\/www.africa-press.net\/burkina-faso\/wp-json\/wp\/v2\/posts"}],"about":[{"href":"https:\/\/www.africa-press.net\/burkina-faso\/wp-json\/wp\/v2\/types\/post"}],"author":[{"embeddable":true,"href":"https:\/\/www.africa-press.net\/burkina-faso\/wp-json\/wp\/v2\/users\/82"}],"replies":[{"embeddable":true,"href":"https:\/\/www.africa-press.net\/burkina-faso\/wp-json\/wp\/v2\/comments?post=129057"}],"version-history":[{"count":1,"href":"https:\/\/www.africa-press.net\/burkina-faso\/wp-json\/wp\/v2\/posts\/129057\/revisions"}],"predecessor-version":[{"id":129060,"href":"https:\/\/www.africa-press.net\/burkina-faso\/wp-json\/wp\/v2\/posts\/129057\/revisions\/129060"}],"wp:featuredmedia":[{"embeddable":true,"href":"https:\/\/www.africa-press.net\/burkina-faso\/wp-json\/wp\/v2\/media\/129056"}],"wp:attachment":[{"href":"https:\/\/www.africa-press.net\/burkina-faso\/wp-json\/wp\/v2\/media?parent=129057"}],"wp:term":[{"taxonomy":"category","embeddable":true,"href":"https:\/\/www.africa-press.net\/burkina-faso\/wp-json\/wp\/v2\/categories?post=129057"},{"taxonomy":"post_tag","embeddable":true,"href":"https:\/\/www.africa-press.net\/burkina-faso\/wp-json\/wp\/v2\/tags?post=129057"}],"curies":[{"name":"wp","href":"https:\/\/api.w.org\/{rel}","templated":true}]}}