{"id":129062,"date":"2026-04-28T13:33:59","date_gmt":"2026-04-28T13:33:59","guid":{"rendered":"https:\/\/www.africa-press.net\/burkina-faso\/politique\/souverainete-alimentaire-mobilisation-a-samendeni"},"modified":"2026-04-28T14:02:07","modified_gmt":"2026-04-28T14:02:07","slug":"souverainete-alimentaire-mobilisation-a-samendeni","status":"publish","type":"post","link":"https:\/\/www.africa-press.net\/burkina-faso\/economie\/souverainete-alimentaire-mobilisation-a-samendeni","title":{"rendered":"Souverainete\u0301 Alimentaire: Mobilisation a\u0300 Samende\u0301ni"},"content":{"rendered":"<p><span style=\"color: #ff6600\"><strong>Africa-Press &#8211; Burkina Faso. <\/strong><\/span>Le ministre d\u2019E\u0301tat en charge de la Guerre et de la de\u0301fense patriotique, le ge\u0301ne\u0301ral Ce\u0301lestin Simpore\u0301, a effectue\u0301 une visite de terrain au Centre de formation et de perfectionnement, mais e\u0301galement au barrage hydro-agricole de Samende\u0301ni, le 26 janvier 2026. L\u2019objectif est de soutenir l\u2019offensive sylvo-agro-pastorale engage\u0301e pour la souverainete\u0301 alimentaire.<\/p>\n<p>Au cours de cette mission, il a e\u0301change\u0301 avec les encadreurs et les appele\u0301s du Service national pour le de\u0301veloppement (SND), actuellement mobilise\u0301s pour renforcer la main-d\u2019\u0153uvre agricole. La visite a permis de constater des re\u0301sultats concrets, notamment la mise en valeur de 40 hectares de production ce\u0301re\u0301alie\u0300re, le de\u0301veloppement de la pisciculture en cages flottantes et les activite\u0301s marai\u0302che\u0300res.<\/p>\n<p>S\u2019inscrivant dans la vision du pre\u0301sident du Faso, Ibrahim Traore\u0301, le ministre d\u2019E\u0301tat a encourage\u0301 les acteurs locaux et re\u0301affirme\u0301 la volonte\u0301 du Gouvernement de diversifier les techniques agricoles. Il a ainsi souligne\u0301 l\u2019ambition nationale d\u2019atteindre l\u2019autosuffisance alimentaire a\u0300 travers un accompagnement renforce\u0301 des initiatives productives.<\/p>\n\r\n                <style type=\"text\/css\">\r\n                    \r\n                    #td_uid_1_69f0f420f38d5  .td-doubleSlider-2 .td-item1 {\r\n                        background: url(https:\/\/static.africa-press.net\/burkina\/sites\/42\/2026\/04\/sm_1777372296.650608-80x60.jpg) 0 0 no-repeat;\r\n                    }\r\n                    #td_uid_1_69f0f420f38d5  .td-doubleSlider-2 .td-item2 {\r\n                        background: url(https:\/\/static.africa-press.net\/burkina\/sites\/42\/2026\/04\/sm_1777372302.085369-80x60.jpg) 0 0 no-repeat;\r\n                    }\r\n                <\/style>\r\n\r\n                <div id=\"td_uid_1_69f0f420f38d5\" class=\"td-gallery td-slide-on-2-columns\">\r\n                    <div class=\"post_td_gallery\">\r\n                        <div class=\"td-gallery-slide-top\">\r\n                           <div class=\"td-gallery-title\"><\/div>\r\n\r\n                            <div class=\"td-gallery-controls-wrapper\">\r\n                                <div class=\"td-gallery-slide-count\"><span class=\"td-gallery-slide-item-focus\">1<\/span> de 2<\/div>\r\n                                <div class=\"td-gallery-slide-prev-next-but\">\r\n                                    <i class = \"td-icon-left doubleSliderPrevButton\"><\/i>\r\n                                    <i class = \"td-icon-right doubleSliderNextButton\"><\/i>\r\n                                <\/div>\r\n                            <\/div>\r\n                        <\/div>\r\n\r\n                        <div class = \"td-doubleSlider-1 \">\r\n                            <div class = \"td-slider\">\r\n                                \r\n                    <div class = \"td-slide-item td-item1\">\r\n                        <figure class=\"td-slide-galery-figure td-slide-popup-gallery\">\r\n                            <a class=\"slide-gallery-image-link\" href=\"https:\/\/static.africa-press.net\/burkina\/sites\/42\/2026\/04\/sm_1777372296.650608.jpg\" title=\"sm_1777372296.650608\"  data-caption=\"\"  data-description=\"\">\r\n                                <img decoding=\"async\" src=\"https:\/\/static.africa-press.net\/burkina\/sites\/42\/2026\/04\/sm_1777372296.650608.jpg\" srcset=\"https:\/\/static.africa-press.net\/burkina\/sites\/42\/2026\/04\/sm_1777372296.650608.jpg 600w, https:\/\/static.africa-press.net\/burkina\/sites\/42\/2026\/04\/sm_1777372296.650608-300x200.jpg 300w\" sizes=\"(max-width: 600px) 100vw, 600px\" alt=\"\">\r\n                            <\/a>\r\n                            \r\n                        <\/figure>\r\n                    <\/div>\r\n                    <div class = \"td-slide-item td-item2\">\r\n                        <figure class=\"td-slide-galery-figure td-slide-popup-gallery\">\r\n                            <a class=\"slide-gallery-image-link\" href=\"https:\/\/static.africa-press.net\/burkina\/sites\/42\/2026\/04\/sm_1777372302.085369.jpg\" title=\"sm_1777372302.085369\"  data-caption=\"\"  data-description=\"\">\r\n                                <img decoding=\"async\" src=\"https:\/\/static.africa-press.net\/burkina\/sites\/42\/2026\/04\/sm_1777372302.085369.jpg\" srcset=\"https:\/\/static.africa-press.net\/burkina\/sites\/42\/2026\/04\/sm_1777372302.085369.jpg 600w, https:\/\/static.africa-press.net\/burkina\/sites\/42\/2026\/04\/sm_1777372302.085369-300x200.jpg 300w\" sizes=\"(max-width: 600px) 100vw, 600px\" alt=\"\">\r\n                            <\/a>\r\n                            \r\n                        <\/figure>\r\n                    <\/div>\r\n                            <\/div>\r\n                        <\/div>\r\n\r\n                        <div class = \"td-doubleSlider-2\">\r\n                            <div class = \"td-slider\">\r\n                                \r\n                    <div class = \"td-button td-item1\">\r\n                        <div class = \"td-border\"><\/div>\r\n                    <\/div>\r\n                    <div class = \"td-button td-item2\">\r\n                        <div class = \"td-border\"><\/div>\r\n                    <\/div>\r\n                            <\/div>\r\n                        <\/div>\r\n\r\n                    <\/div>\r\n\r\n                <\/div>\r\n                \n<p><strong>Pour plus d&rsquo;informations et d&rsquo;analyses sur la <span style=\"color: #ff6600\">Burkina Faso<\/span>, suivez <span style=\"color: #ff6600\">Africa-Press<\/span><\/strong><\/p>\n","protected":false},"excerpt":{"rendered":"<p>Africa-Press &#8211; Burkina Faso. Le ministre d\u2019E\u0301tat en charge de la Guerre et de la de\u0301fense patriotique, le ge\u0301ne\u0301ral Ce\u0301lestin Simpore\u0301, a effectue\u0301 une visite de terrain au Centre de formation et de perfectionnement, mais e\u0301galement au barrage hydro-agricole de Samende\u0301ni, le 26 janvier 2026. L\u2019objectif est de soutenir l\u2019offensive sylvo-agro-pastorale engage\u0301e pour la souverainete\u0301 [&hellip;]<\/p>\n","protected":false},"author":82,"featured_media":129061,"comment_status":"open","ping_status":"closed","sticky":false,"template":"","format":"standard","meta":{"footnotes":""},"categories":[3,8,10],"tags":[29],"class_list":["post-129062","post","type-post","status-publish","format-standard","has-post-thumbnail","hentry","category-economie","category-photo","category-toutes-les-actualites","tag-burkina-faso"],"yoast_head":"<!-- This site is optimized with the Yoast SEO Premium plugin v26.1 (Yoast SEO v27.0) - https:\/\/yoast.com\/product\/yoast-seo-premium-wordpress\/ -->\n<title>Souverainete\u0301 Alimentaire: Mobilisation a\u0300 Samende\u0301ni - Burkina Faso<\/title>\n<meta name=\"description\" content=\"Le ministre d\u2019E\u0301tat en charge de la Guerre et de la de\u0301fense patriotique, le ge\u0301ne\u0301ral Ce\u0301lestin Simpore\u0301, a effectue\u0301 u ...\" \/>\n<meta name=\"robots\" content=\"index, follow, max-snippet:-1, max-image-preview:large, max-video-preview:-1\" \/>\n<link rel=\"canonical\" href=\"https:\/\/www.africa-press.net\/burkina-faso\/economie\/souverainete-alimentaire-mobilisation-a-samendeni\" \/>\n<meta property=\"og:locale\" content=\"fr_FR\" \/>\n<meta property=\"og:type\" content=\"article\" \/>\n<meta property=\"og:title\" content=\"Souverainete\u0301 Alimentaire: Mobilisation a\u0300 Samende\u0301ni\" \/>\n<meta property=\"og:description\" content=\"Le ministre d\u2019E\u0301tat en charge de la Guerre et de la de\u0301fense patriotique, le ge\u0301ne\u0301ral Ce\u0301lestin Simpore\u0301, a effectue\u0301 u ...\" \/>\n<meta property=\"og:url\" content=\"https:\/\/www.africa-press.net\/burkina-faso\/economie\/souverainete-alimentaire-mobilisation-a-samendeni\" \/>\n<meta property=\"og:site_name\" content=\"Burkina Faso\" \/>\n<meta property=\"article:published_time\" content=\"2026-04-28T13:33:59+00:00\" \/>\n<meta property=\"article:modified_time\" content=\"2026-04-28T14:02:07+00:00\" \/>\n<meta property=\"og:image\" content=\"https:\/\/static.africa-press.net\/burkina\/sites\/42\/2026\/04\/sm_1777372312.907146.jpg\" \/>\n\t<meta property=\"og:image:width\" content=\"720\" \/>\n\t<meta property=\"og:image:height\" content=\"480\" \/>\n\t<meta property=\"og:image:type\" content=\"image\/jpeg\" \/>\n<meta name=\"author\" content=\"cfeditorfr\" \/>\n<meta name=\"twitter:card\" content=\"summary_large_image\" \/>\n<meta name=\"twitter:label1\" content=\"\u00c9crit par\" \/>\n\t<meta name=\"twitter:data1\" content=\"cfeditorfr\" \/>\n\t<meta name=\"twitter:label2\" content=\"Dur\u00e9e de lecture estim\u00e9e\" \/>\n\t<meta name=\"twitter:data2\" content=\"2 minutes\" \/>\n<script type=\"application\/ld+json\" class=\"yoast-schema-graph\">{\"@context\":\"https:\/\/schema.org\",\"@graph\":[{\"@type\":\"Article\",\"@id\":\"https:\/\/www.africa-press.net\/burkina-faso\/economie\/souverainete-alimentaire-mobilisation-a-samendeni#article\",\"isPartOf\":{\"@id\":\"https:\/\/www.africa-press.net\/burkina-faso\/economie\/souverainete-alimentaire-mobilisation-a-samendeni\"},\"author\":{\"name\":\"cfeditorfr\",\"@id\":\"https:\/\/www.africa-press.net\/burkina-faso\/#\/schema\/person\/2b1cf3cd81a31e3cd26889ca66d677f1\"},\"headline\":\"Souverainete\u0301 Alimentaire: Mobilisation a\u0300 Samende\u0301ni\",\"datePublished\":\"2026-04-28T13:33:59+00:00\",\"dateModified\":\"2026-04-28T14:02:07+00:00\",\"mainEntityOfPage\":{\"@id\":\"https:\/\/www.africa-press.net\/burkina-faso\/economie\/souverainete-alimentaire-mobilisation-a-samendeni\"},\"wordCount\":220,\"commentCount\":0,\"image\":{\"@id\":\"https:\/\/www.africa-press.net\/burkina-faso\/economie\/souverainete-alimentaire-mobilisation-a-samendeni#primaryimage\"},\"thumbnailUrl\":\"https:\/\/static.africa-press.net\/burkina\/sites\/42\/2026\/04\/sm_1777372312.907146.jpg\",\"keywords\":[\"Burkina Faso\"],\"articleSection\":[\"\u00c9conomie\",\"Photo\",\"Toutes les actualit\u00e9s\"],\"inLanguage\":\"fr-FR\",\"potentialAction\":[{\"@type\":\"CommentAction\",\"name\":\"Comment\",\"target\":[\"https:\/\/www.africa-press.net\/burkina-faso\/economie\/souverainete-alimentaire-mobilisation-a-samendeni#respond\"]}]},{\"@type\":\"WebPage\",\"@id\":\"https:\/\/www.africa-press.net\/burkina-faso\/economie\/souverainete-alimentaire-mobilisation-a-samendeni\",\"url\":\"https:\/\/www.africa-press.net\/burkina-faso\/economie\/souverainete-alimentaire-mobilisation-a-samendeni\",\"name\":\"Souverainete\u0301 Alimentaire: Mobilisation a\u0300 Samende\u0301ni - Burkina Faso\",\"isPartOf\":{\"@id\":\"https:\/\/www.africa-press.net\/burkina-faso\/#website\"},\"primaryImageOfPage\":{\"@id\":\"https:\/\/www.africa-press.net\/burkina-faso\/economie\/souverainete-alimentaire-mobilisation-a-samendeni#primaryimage\"},\"image\":{\"@id\":\"https:\/\/www.africa-press.net\/burkina-faso\/economie\/souverainete-alimentaire-mobilisation-a-samendeni#primaryimage\"},\"thumbnailUrl\":\"https:\/\/static.africa-press.net\/burkina\/sites\/42\/2026\/04\/sm_1777372312.907146.jpg\",\"datePublished\":\"2026-04-28T13:33:59+00:00\",\"dateModified\":\"2026-04-28T14:02:07+00:00\",\"author\":{\"@id\":\"https:\/\/www.africa-press.net\/burkina-faso\/#\/schema\/person\/2b1cf3cd81a31e3cd26889ca66d677f1\"},\"description\":\"Le ministre d\u2019E\u0301tat en charge de la Guerre et de la de\u0301fense patriotique, le ge\u0301ne\u0301ral Ce\u0301lestin Simpore\u0301, a effectue\u0301 u ...\",\"breadcrumb\":{\"@id\":\"https:\/\/www.africa-press.net\/burkina-faso\/economie\/souverainete-alimentaire-mobilisation-a-samendeni#breadcrumb\"},\"inLanguage\":\"fr-FR\",\"potentialAction\":[{\"@type\":\"ReadAction\",\"target\":[\"https:\/\/www.africa-press.net\/burkina-faso\/economie\/souverainete-alimentaire-mobilisation-a-samendeni\"]}]},{\"@type\":\"ImageObject\",\"inLanguage\":\"fr-FR\",\"@id\":\"https:\/\/www.africa-press.net\/burkina-faso\/economie\/souverainete-alimentaire-mobilisation-a-samendeni#primaryimage\",\"url\":\"https:\/\/static.africa-press.net\/burkina\/sites\/42\/2026\/04\/sm_1777372312.907146.jpg\",\"contentUrl\":\"https:\/\/static.africa-press.net\/burkina\/sites\/42\/2026\/04\/sm_1777372312.907146.jpg\",\"width\":720,\"height\":480,\"caption\":\"Souverainete\u0301 Alimentaire: Mobilisation a\u0300 Samende\u0301ni\"},{\"@type\":\"BreadcrumbList\",\"@id\":\"https:\/\/www.africa-press.net\/burkina-faso\/economie\/souverainete-alimentaire-mobilisation-a-samendeni#breadcrumb\",\"itemListElement\":[{\"@type\":\"ListItem\",\"position\":1,\"name\":\"Accueil\",\"item\":\"https:\/\/www.africa-press.net\/burkina-faso\/\"},{\"@type\":\"ListItem\",\"position\":2,\"name\":\"Souverainete\u0301 Alimentaire: Mobilisation a\u0300 Samende\u0301ni\"}]},{\"@type\":\"WebSite\",\"@id\":\"https:\/\/www.africa-press.net\/burkina-faso\/#website\",\"url\":\"https:\/\/www.africa-press.net\/burkina-faso\/\",\"name\":\"Burkina Faso\",\"description\":\"Just another Africa News Agency Sites site\",\"potentialAction\":[{\"@type\":\"SearchAction\",\"target\":{\"@type\":\"EntryPoint\",\"urlTemplate\":\"https:\/\/www.africa-press.net\/burkina-faso\/?s={search_term_string}\"},\"query-input\":{\"@type\":\"PropertyValueSpecification\",\"valueRequired\":true,\"valueName\":\"search_term_string\"}}],\"inLanguage\":\"fr-FR\"},{\"@type\":\"Person\",\"@id\":\"https:\/\/www.africa-press.net\/burkina-faso\/#\/schema\/person\/2b1cf3cd81a31e3cd26889ca66d677f1\",\"name\":\"cfeditorfr\"}]}<\/script>\n<!-- \/ Yoast SEO Premium plugin. -->","yoast_head_json":{"title":"Souverainete\u0301 Alimentaire: Mobilisation a\u0300 Samende\u0301ni - Burkina Faso","description":"Le ministre d\u2019E\u0301tat en charge de la Guerre et de la de\u0301fense patriotique, le ge\u0301ne\u0301ral Ce\u0301lestin Simpore\u0301, a effectue\u0301 u ...","robots":{"index":"index","follow":"follow","max-snippet":"max-snippet:-1","max-image-preview":"max-image-preview:large","max-video-preview":"max-video-preview:-1"},"canonical":"https:\/\/www.africa-press.net\/burkina-faso\/economie\/souverainete-alimentaire-mobilisation-a-samendeni","og_locale":"fr_FR","og_type":"article","og_title":"Souverainete\u0301 Alimentaire: Mobilisation a\u0300 Samende\u0301ni","og_description":"Le ministre d\u2019E\u0301tat en charge de la Guerre et de la de\u0301fense patriotique, le ge\u0301ne\u0301ral Ce\u0301lestin Simpore\u0301, a effectue\u0301 u ...","og_url":"https:\/\/www.africa-press.net\/burkina-faso\/economie\/souverainete-alimentaire-mobilisation-a-samendeni","og_site_name":"Burkina Faso","article_published_time":"2026-04-28T13:33:59+00:00","article_modified_time":"2026-04-28T14:02:07+00:00","og_image":[{"width":720,"height":480,"url":"https:\/\/static.africa-press.net\/burkina\/sites\/42\/2026\/04\/sm_1777372312.907146.jpg","type":"image\/jpeg"}],"author":"cfeditorfr","twitter_card":"summary_large_image","twitter_misc":{"\u00c9crit par":"cfeditorfr","Dur\u00e9e de lecture estim\u00e9e":"2 minutes"},"schema":{"@context":"https:\/\/schema.org","@graph":[{"@type":"Article","@id":"https:\/\/www.africa-press.net\/burkina-faso\/economie\/souverainete-alimentaire-mobilisation-a-samendeni#article","isPartOf":{"@id":"https:\/\/www.africa-press.net\/burkina-faso\/economie\/souverainete-alimentaire-mobilisation-a-samendeni"},"author":{"name":"cfeditorfr","@id":"https:\/\/www.africa-press.net\/burkina-faso\/#\/schema\/person\/2b1cf3cd81a31e3cd26889ca66d677f1"},"headline":"Souverainete\u0301 Alimentaire: Mobilisation a\u0300 Samende\u0301ni","datePublished":"2026-04-28T13:33:59+00:00","dateModified":"2026-04-28T14:02:07+00:00","mainEntityOfPage":{"@id":"https:\/\/www.africa-press.net\/burkina-faso\/economie\/souverainete-alimentaire-mobilisation-a-samendeni"},"wordCount":220,"commentCount":0,"image":{"@id":"https:\/\/www.africa-press.net\/burkina-faso\/economie\/souverainete-alimentaire-mobilisation-a-samendeni#primaryimage"},"thumbnailUrl":"https:\/\/static.africa-press.net\/burkina\/sites\/42\/2026\/04\/sm_1777372312.907146.jpg","keywords":["Burkina Faso"],"articleSection":["\u00c9conomie","Photo","Toutes les actualit\u00e9s"],"inLanguage":"fr-FR","potentialAction":[{"@type":"CommentAction","name":"Comment","target":["https:\/\/www.africa-press.net\/burkina-faso\/economie\/souverainete-alimentaire-mobilisation-a-samendeni#respond"]}]},{"@type":"WebPage","@id":"https:\/\/www.africa-press.net\/burkina-faso\/economie\/souverainete-alimentaire-mobilisation-a-samendeni","url":"https:\/\/www.africa-press.net\/burkina-faso\/economie\/souverainete-alimentaire-mobilisation-a-samendeni","name":"Souverainete\u0301 Alimentaire: Mobilisation a\u0300 Samende\u0301ni - Burkina Faso","isPartOf":{"@id":"https:\/\/www.africa-press.net\/burkina-faso\/#website"},"primaryImageOfPage":{"@id":"https:\/\/www.africa-press.net\/burkina-faso\/economie\/souverainete-alimentaire-mobilisation-a-samendeni#primaryimage"},"image":{"@id":"https:\/\/www.africa-press.net\/burkina-faso\/economie\/souverainete-alimentaire-mobilisation-a-samendeni#primaryimage"},"thumbnailUrl":"https:\/\/static.africa-press.net\/burkina\/sites\/42\/2026\/04\/sm_1777372312.907146.jpg","datePublished":"2026-04-28T13:33:59+00:00","dateModified":"2026-04-28T14:02:07+00:00","author":{"@id":"https:\/\/www.africa-press.net\/burkina-faso\/#\/schema\/person\/2b1cf3cd81a31e3cd26889ca66d677f1"},"description":"Le ministre d\u2019E\u0301tat en charge de la Guerre et de la de\u0301fense patriotique, le ge\u0301ne\u0301ral Ce\u0301lestin Simpore\u0301, a effectue\u0301 u ...","breadcrumb":{"@id":"https:\/\/www.africa-press.net\/burkina-faso\/economie\/souverainete-alimentaire-mobilisation-a-samendeni#breadcrumb"},"inLanguage":"fr-FR","potentialAction":[{"@type":"ReadAction","target":["https:\/\/www.africa-press.net\/burkina-faso\/economie\/souverainete-alimentaire-mobilisation-a-samendeni"]}]},{"@type":"ImageObject","inLanguage":"fr-FR","@id":"https:\/\/www.africa-press.net\/burkina-faso\/economie\/souverainete-alimentaire-mobilisation-a-samendeni#primaryimage","url":"https:\/\/static.africa-press.net\/burkina\/sites\/42\/2026\/04\/sm_1777372312.907146.jpg","contentUrl":"https:\/\/static.africa-press.net\/burkina\/sites\/42\/2026\/04\/sm_1777372312.907146.jpg","width":720,"height":480,"caption":"Souverainete\u0301 Alimentaire: Mobilisation a\u0300 Samende\u0301ni"},{"@type":"BreadcrumbList","@id":"https:\/\/www.africa-press.net\/burkina-faso\/economie\/souverainete-alimentaire-mobilisation-a-samendeni#breadcrumb","itemListElement":[{"@type":"ListItem","position":1,"name":"Accueil","item":"https:\/\/www.africa-press.net\/burkina-faso\/"},{"@type":"ListItem","position":2,"name":"Souverainete\u0301 Alimentaire: Mobilisation a\u0300 Samende\u0301ni"}]},{"@type":"WebSite","@id":"https:\/\/www.africa-press.net\/burkina-faso\/#website","url":"https:\/\/www.africa-press.net\/burkina-faso\/","name":"Burkina Faso","description":"Just another Africa News Agency Sites site","potentialAction":[{"@type":"SearchAction","target":{"@type":"EntryPoint","urlTemplate":"https:\/\/www.africa-press.net\/burkina-faso\/?s={search_term_string}"},"query-input":{"@type":"PropertyValueSpecification","valueRequired":true,"valueName":"search_term_string"}}],"inLanguage":"fr-FR"},{"@type":"Person","@id":"https:\/\/www.africa-press.net\/burkina-faso\/#\/schema\/person\/2b1cf3cd81a31e3cd26889ca66d677f1","name":"cfeditorfr"}]}},"_links":{"self":[{"href":"https:\/\/www.africa-press.net\/burkina-faso\/wp-json\/wp\/v2\/posts\/129062","targetHints":{"allow":["GET"]}}],"collection":[{"href":"https:\/\/www.africa-press.net\/burkina-faso\/wp-json\/wp\/v2\/posts"}],"about":[{"href":"https:\/\/www.africa-press.net\/burkina-faso\/wp-json\/wp\/v2\/types\/post"}],"author":[{"embeddable":true,"href":"https:\/\/www.africa-press.net\/burkina-faso\/wp-json\/wp\/v2\/users\/82"}],"replies":[{"embeddable":true,"href":"https:\/\/www.africa-press.net\/burkina-faso\/wp-json\/wp\/v2\/comments?post=129062"}],"version-history":[{"count":1,"href":"https:\/\/www.africa-press.net\/burkina-faso\/wp-json\/wp\/v2\/posts\/129062\/revisions"}],"predecessor-version":[{"id":129065,"href":"https:\/\/www.africa-press.net\/burkina-faso\/wp-json\/wp\/v2\/posts\/129062\/revisions\/129065"}],"wp:featuredmedia":[{"embeddable":true,"href":"https:\/\/www.africa-press.net\/burkina-faso\/wp-json\/wp\/v2\/media\/129061"}],"wp:attachment":[{"href":"https:\/\/www.africa-press.net\/burkina-faso\/wp-json\/wp\/v2\/media?parent=129062"}],"wp:term":[{"taxonomy":"category","embeddable":true,"href":"https:\/\/www.africa-press.net\/burkina-faso\/wp-json\/wp\/v2\/categories?post=129062"},{"taxonomy":"post_tag","embeddable":true,"href":"https:\/\/www.africa-press.net\/burkina-faso\/wp-json\/wp\/v2\/tags?post=129062"}],"curies":[{"name":"wp","href":"https:\/\/api.w.org\/{rel}","templated":true}]}}