{"id":129064,"date":"2026-04-28T13:34:24","date_gmt":"2026-04-28T13:34:24","guid":{"rendered":"https:\/\/www.africa-press.net\/burkina-faso\/politique\/offensive-sylvo-agro-pastorale-pour-la-souverainete-alimentaire"},"modified":"2026-04-28T14:02:21","modified_gmt":"2026-04-28T14:02:21","slug":"offensive-sylvo-agro-pastorale-pour-la-souverainete-alimentaire","status":"publish","type":"post","link":"https:\/\/www.africa-press.net\/burkina-faso\/economie\/offensive-sylvo-agro-pastorale-pour-la-souverainete-alimentaire","title":{"rendered":"Offensive Sylvo-Agro-Pastorale Pour la Souverainet\u00e9 Alimentaire"},"content":{"rendered":"<p><span style=\"color: #ff6600\"><strong>Africa-Press &#8211; Burkina Faso. <\/strong><\/span><b>Le dimanche 26 janvier 2026, le Ministre d\u2019E\u0301tat, Ministre de la De\u0301fense et de la De\u0301fense Patriotique, a effectue\u0301 une visite au Centre de Formation et de Perfectionnement (CFP) ainsi qu\u2019au barrage hydro-agricole de Samende\u0301ni. <\/b><\/p>\n<p>Au CFP, le Ministre a e\u0301change\u0301 avec les encadreurs et les appele\u0301s du Service National pour le De\u0301veloppement (SND). Ces derniers sont actuellement en immersion pour renforcer la main-d\u2019\u0153uvre agricole locale.<\/p>\n<p>Cette visite a permis de constater l\u2019impact concret des activite\u0301s sur le terrain, notamment la production ce\u0301re\u0301alie\u0300re sur 40 hectares d\u2019une part, la production piscicole en cages flottantes et le marai\u0302chage d\u2019autre part.<\/p>\n<p>S\u2019inscrivant dans la vision de Son Excellence le Capitaine Ibrahim Traore\u0301, le Ministre d\u2019Etat a rappele\u0301 que cette e\u0301tape de l\u2019offensive agro-pastorale vise a\u0300 encourager les acteurs locaux. Il a re\u0301affirme\u0301 l\u2019ambition du gouvernement d\u2019accompagner et de diversifier les techniques agricoles pour garantir l\u2019autosuffisance du Burkina Faso.<\/p>\n<p><strong>Pour plus d&rsquo;informations et d&rsquo;analyses sur la <span style=\"color: #ff6600\">Burkina Faso<\/span>, suivez <span style=\"color: #ff6600\">Africa-Press<\/span><\/strong><\/p>\n","protected":false},"excerpt":{"rendered":"<p>Africa-Press &#8211; Burkina Faso. Le dimanche 26 janvier 2026, le Ministre d\u2019E\u0301tat, Ministre de la De\u0301fense et de la De\u0301fense Patriotique, a effectue\u0301 une visite au Centre de Formation et de Perfectionnement (CFP) ainsi qu\u2019au barrage hydro-agricole de Samende\u0301ni. Au CFP, le Ministre a e\u0301change\u0301 avec les encadreurs et les appele\u0301s du Service National pour [&hellip;]<\/p>\n","protected":false},"author":82,"featured_media":129063,"comment_status":"open","ping_status":"closed","sticky":false,"template":"","format":"standard","meta":{"footnotes":""},"categories":[3,10],"tags":[29],"class_list":["post-129064","post","type-post","status-publish","format-standard","has-post-thumbnail","hentry","category-economie","category-toutes-les-actualites","tag-burkina-faso"],"yoast_head":"<!-- This site is optimized with the Yoast SEO Premium plugin v26.1 (Yoast SEO v27.0) - https:\/\/yoast.com\/product\/yoast-seo-premium-wordpress\/ -->\n<title>Offensive Sylvo-Agro-Pastorale Pour la Souverainet\u00e9 Alimentaire - Burkina Faso<\/title>\n<meta name=\"description\" content=\"Le dimanche 26 janvier 2026, le Ministre d\u2019E\u0301tat, Ministre de la De\u0301fense et de la De\u0301fense Patriotique, a effectue\u0301 ...\" \/>\n<meta name=\"robots\" content=\"index, follow, max-snippet:-1, max-image-preview:large, max-video-preview:-1\" \/>\n<link rel=\"canonical\" href=\"https:\/\/www.africa-press.net\/burkina-faso\/economie\/offensive-sylvo-agro-pastorale-pour-la-souverainete-alimentaire\" \/>\n<meta property=\"og:locale\" content=\"fr_FR\" \/>\n<meta property=\"og:type\" content=\"article\" \/>\n<meta property=\"og:title\" content=\"Offensive Sylvo-Agro-Pastorale Pour la Souverainet\u00e9 Alimentaire\" \/>\n<meta property=\"og:description\" content=\"Le dimanche 26 janvier 2026, le Ministre d\u2019E\u0301tat, Ministre de la De\u0301fense et de la De\u0301fense Patriotique, a effectue\u0301 ...\" \/>\n<meta property=\"og:url\" content=\"https:\/\/www.africa-press.net\/burkina-faso\/economie\/offensive-sylvo-agro-pastorale-pour-la-souverainete-alimentaire\" \/>\n<meta property=\"og:site_name\" content=\"Burkina Faso\" \/>\n<meta property=\"article:published_time\" content=\"2026-04-28T13:34:24+00:00\" \/>\n<meta property=\"article:modified_time\" content=\"2026-04-28T14:02:21+00:00\" \/>\n<meta property=\"og:image\" content=\"https:\/\/static.africa-press.net\/burkina\/sites\/42\/2026\/04\/sm_1777372323.433372.jpg\" \/>\n\t<meta property=\"og:image:width\" content=\"1024\" \/>\n\t<meta property=\"og:image:height\" content=\"682\" \/>\n\t<meta property=\"og:image:type\" content=\"image\/jpeg\" \/>\n<meta name=\"author\" content=\"cfeditorfr\" \/>\n<meta name=\"twitter:card\" content=\"summary_large_image\" \/>\n<meta name=\"twitter:label1\" content=\"\u00c9crit par\" \/>\n\t<meta name=\"twitter:data1\" content=\"cfeditorfr\" \/>\n\t<meta name=\"twitter:label2\" content=\"Dur\u00e9e de lecture estim\u00e9e\" \/>\n\t<meta name=\"twitter:data2\" content=\"2 minutes\" \/>\n<script type=\"application\/ld+json\" class=\"yoast-schema-graph\">{\"@context\":\"https:\/\/schema.org\",\"@graph\":[{\"@type\":\"Article\",\"@id\":\"https:\/\/www.africa-press.net\/burkina-faso\/economie\/offensive-sylvo-agro-pastorale-pour-la-souverainete-alimentaire#article\",\"isPartOf\":{\"@id\":\"https:\/\/www.africa-press.net\/burkina-faso\/economie\/offensive-sylvo-agro-pastorale-pour-la-souverainete-alimentaire\"},\"author\":{\"name\":\"cfeditorfr\",\"@id\":\"https:\/\/www.africa-press.net\/burkina-faso\/#\/schema\/person\/2b1cf3cd81a31e3cd26889ca66d677f1\"},\"headline\":\"Offensive Sylvo-Agro-Pastorale Pour la Souverainet\u00e9 Alimentaire\",\"datePublished\":\"2026-04-28T13:34:24+00:00\",\"dateModified\":\"2026-04-28T14:02:21+00:00\",\"mainEntityOfPage\":{\"@id\":\"https:\/\/www.africa-press.net\/burkina-faso\/economie\/offensive-sylvo-agro-pastorale-pour-la-souverainete-alimentaire\"},\"wordCount\":192,\"commentCount\":0,\"image\":{\"@id\":\"https:\/\/www.africa-press.net\/burkina-faso\/economie\/offensive-sylvo-agro-pastorale-pour-la-souverainete-alimentaire#primaryimage\"},\"thumbnailUrl\":\"https:\/\/static.africa-press.net\/burkina\/sites\/42\/2026\/04\/sm_1777372323.433372.jpg\",\"keywords\":[\"Burkina Faso\"],\"articleSection\":[\"\u00c9conomie\",\"Toutes les actualit\u00e9s\"],\"inLanguage\":\"fr-FR\",\"potentialAction\":[{\"@type\":\"CommentAction\",\"name\":\"Comment\",\"target\":[\"https:\/\/www.africa-press.net\/burkina-faso\/economie\/offensive-sylvo-agro-pastorale-pour-la-souverainete-alimentaire#respond\"]}]},{\"@type\":\"WebPage\",\"@id\":\"https:\/\/www.africa-press.net\/burkina-faso\/economie\/offensive-sylvo-agro-pastorale-pour-la-souverainete-alimentaire\",\"url\":\"https:\/\/www.africa-press.net\/burkina-faso\/economie\/offensive-sylvo-agro-pastorale-pour-la-souverainete-alimentaire\",\"name\":\"Offensive Sylvo-Agro-Pastorale Pour la Souverainet\u00e9 Alimentaire - Burkina Faso\",\"isPartOf\":{\"@id\":\"https:\/\/www.africa-press.net\/burkina-faso\/#website\"},\"primaryImageOfPage\":{\"@id\":\"https:\/\/www.africa-press.net\/burkina-faso\/economie\/offensive-sylvo-agro-pastorale-pour-la-souverainete-alimentaire#primaryimage\"},\"image\":{\"@id\":\"https:\/\/www.africa-press.net\/burkina-faso\/economie\/offensive-sylvo-agro-pastorale-pour-la-souverainete-alimentaire#primaryimage\"},\"thumbnailUrl\":\"https:\/\/static.africa-press.net\/burkina\/sites\/42\/2026\/04\/sm_1777372323.433372.jpg\",\"datePublished\":\"2026-04-28T13:34:24+00:00\",\"dateModified\":\"2026-04-28T14:02:21+00:00\",\"author\":{\"@id\":\"https:\/\/www.africa-press.net\/burkina-faso\/#\/schema\/person\/2b1cf3cd81a31e3cd26889ca66d677f1\"},\"description\":\"Le dimanche 26 janvier 2026, le Ministre d\u2019E\u0301tat, Ministre de la De\u0301fense et de la De\u0301fense Patriotique, a effectue\u0301 ...\",\"breadcrumb\":{\"@id\":\"https:\/\/www.africa-press.net\/burkina-faso\/economie\/offensive-sylvo-agro-pastorale-pour-la-souverainete-alimentaire#breadcrumb\"},\"inLanguage\":\"fr-FR\",\"potentialAction\":[{\"@type\":\"ReadAction\",\"target\":[\"https:\/\/www.africa-press.net\/burkina-faso\/economie\/offensive-sylvo-agro-pastorale-pour-la-souverainete-alimentaire\"]}]},{\"@type\":\"ImageObject\",\"inLanguage\":\"fr-FR\",\"@id\":\"https:\/\/www.africa-press.net\/burkina-faso\/economie\/offensive-sylvo-agro-pastorale-pour-la-souverainete-alimentaire#primaryimage\",\"url\":\"https:\/\/static.africa-press.net\/burkina\/sites\/42\/2026\/04\/sm_1777372323.433372.jpg\",\"contentUrl\":\"https:\/\/static.africa-press.net\/burkina\/sites\/42\/2026\/04\/sm_1777372323.433372.jpg\",\"width\":1024,\"height\":682,\"caption\":\"Offensive Sylvo-Agro-Pastorale Pour la Souverainet\u00e9 Alimentaire\"},{\"@type\":\"BreadcrumbList\",\"@id\":\"https:\/\/www.africa-press.net\/burkina-faso\/economie\/offensive-sylvo-agro-pastorale-pour-la-souverainete-alimentaire#breadcrumb\",\"itemListElement\":[{\"@type\":\"ListItem\",\"position\":1,\"name\":\"Accueil\",\"item\":\"https:\/\/www.africa-press.net\/burkina-faso\/\"},{\"@type\":\"ListItem\",\"position\":2,\"name\":\"Offensive Sylvo-Agro-Pastorale Pour la Souverainet\u00e9 Alimentaire\"}]},{\"@type\":\"WebSite\",\"@id\":\"https:\/\/www.africa-press.net\/burkina-faso\/#website\",\"url\":\"https:\/\/www.africa-press.net\/burkina-faso\/\",\"name\":\"Burkina Faso\",\"description\":\"Just another Africa News Agency Sites site\",\"potentialAction\":[{\"@type\":\"SearchAction\",\"target\":{\"@type\":\"EntryPoint\",\"urlTemplate\":\"https:\/\/www.africa-press.net\/burkina-faso\/?s={search_term_string}\"},\"query-input\":{\"@type\":\"PropertyValueSpecification\",\"valueRequired\":true,\"valueName\":\"search_term_string\"}}],\"inLanguage\":\"fr-FR\"},{\"@type\":\"Person\",\"@id\":\"https:\/\/www.africa-press.net\/burkina-faso\/#\/schema\/person\/2b1cf3cd81a31e3cd26889ca66d677f1\",\"name\":\"cfeditorfr\"}]}<\/script>\n<!-- \/ Yoast SEO Premium plugin. -->","yoast_head_json":{"title":"Offensive Sylvo-Agro-Pastorale Pour la Souverainet\u00e9 Alimentaire - Burkina Faso","description":"Le dimanche 26 janvier 2026, le Ministre d\u2019E\u0301tat, Ministre de la De\u0301fense et de la De\u0301fense Patriotique, a effectue\u0301 ...","robots":{"index":"index","follow":"follow","max-snippet":"max-snippet:-1","max-image-preview":"max-image-preview:large","max-video-preview":"max-video-preview:-1"},"canonical":"https:\/\/www.africa-press.net\/burkina-faso\/economie\/offensive-sylvo-agro-pastorale-pour-la-souverainete-alimentaire","og_locale":"fr_FR","og_type":"article","og_title":"Offensive Sylvo-Agro-Pastorale Pour la Souverainet\u00e9 Alimentaire","og_description":"Le dimanche 26 janvier 2026, le Ministre d\u2019E\u0301tat, Ministre de la De\u0301fense et de la De\u0301fense Patriotique, a effectue\u0301 ...","og_url":"https:\/\/www.africa-press.net\/burkina-faso\/economie\/offensive-sylvo-agro-pastorale-pour-la-souverainete-alimentaire","og_site_name":"Burkina Faso","article_published_time":"2026-04-28T13:34:24+00:00","article_modified_time":"2026-04-28T14:02:21+00:00","og_image":[{"width":1024,"height":682,"url":"https:\/\/static.africa-press.net\/burkina\/sites\/42\/2026\/04\/sm_1777372323.433372.jpg","type":"image\/jpeg"}],"author":"cfeditorfr","twitter_card":"summary_large_image","twitter_misc":{"\u00c9crit par":"cfeditorfr","Dur\u00e9e de lecture estim\u00e9e":"2 minutes"},"schema":{"@context":"https:\/\/schema.org","@graph":[{"@type":"Article","@id":"https:\/\/www.africa-press.net\/burkina-faso\/economie\/offensive-sylvo-agro-pastorale-pour-la-souverainete-alimentaire#article","isPartOf":{"@id":"https:\/\/www.africa-press.net\/burkina-faso\/economie\/offensive-sylvo-agro-pastorale-pour-la-souverainete-alimentaire"},"author":{"name":"cfeditorfr","@id":"https:\/\/www.africa-press.net\/burkina-faso\/#\/schema\/person\/2b1cf3cd81a31e3cd26889ca66d677f1"},"headline":"Offensive Sylvo-Agro-Pastorale Pour la Souverainet\u00e9 Alimentaire","datePublished":"2026-04-28T13:34:24+00:00","dateModified":"2026-04-28T14:02:21+00:00","mainEntityOfPage":{"@id":"https:\/\/www.africa-press.net\/burkina-faso\/economie\/offensive-sylvo-agro-pastorale-pour-la-souverainete-alimentaire"},"wordCount":192,"commentCount":0,"image":{"@id":"https:\/\/www.africa-press.net\/burkina-faso\/economie\/offensive-sylvo-agro-pastorale-pour-la-souverainete-alimentaire#primaryimage"},"thumbnailUrl":"https:\/\/static.africa-press.net\/burkina\/sites\/42\/2026\/04\/sm_1777372323.433372.jpg","keywords":["Burkina Faso"],"articleSection":["\u00c9conomie","Toutes les actualit\u00e9s"],"inLanguage":"fr-FR","potentialAction":[{"@type":"CommentAction","name":"Comment","target":["https:\/\/www.africa-press.net\/burkina-faso\/economie\/offensive-sylvo-agro-pastorale-pour-la-souverainete-alimentaire#respond"]}]},{"@type":"WebPage","@id":"https:\/\/www.africa-press.net\/burkina-faso\/economie\/offensive-sylvo-agro-pastorale-pour-la-souverainete-alimentaire","url":"https:\/\/www.africa-press.net\/burkina-faso\/economie\/offensive-sylvo-agro-pastorale-pour-la-souverainete-alimentaire","name":"Offensive Sylvo-Agro-Pastorale Pour la Souverainet\u00e9 Alimentaire - Burkina Faso","isPartOf":{"@id":"https:\/\/www.africa-press.net\/burkina-faso\/#website"},"primaryImageOfPage":{"@id":"https:\/\/www.africa-press.net\/burkina-faso\/economie\/offensive-sylvo-agro-pastorale-pour-la-souverainete-alimentaire#primaryimage"},"image":{"@id":"https:\/\/www.africa-press.net\/burkina-faso\/economie\/offensive-sylvo-agro-pastorale-pour-la-souverainete-alimentaire#primaryimage"},"thumbnailUrl":"https:\/\/static.africa-press.net\/burkina\/sites\/42\/2026\/04\/sm_1777372323.433372.jpg","datePublished":"2026-04-28T13:34:24+00:00","dateModified":"2026-04-28T14:02:21+00:00","author":{"@id":"https:\/\/www.africa-press.net\/burkina-faso\/#\/schema\/person\/2b1cf3cd81a31e3cd26889ca66d677f1"},"description":"Le dimanche 26 janvier 2026, le Ministre d\u2019E\u0301tat, Ministre de la De\u0301fense et de la De\u0301fense Patriotique, a effectue\u0301 ...","breadcrumb":{"@id":"https:\/\/www.africa-press.net\/burkina-faso\/economie\/offensive-sylvo-agro-pastorale-pour-la-souverainete-alimentaire#breadcrumb"},"inLanguage":"fr-FR","potentialAction":[{"@type":"ReadAction","target":["https:\/\/www.africa-press.net\/burkina-faso\/economie\/offensive-sylvo-agro-pastorale-pour-la-souverainete-alimentaire"]}]},{"@type":"ImageObject","inLanguage":"fr-FR","@id":"https:\/\/www.africa-press.net\/burkina-faso\/economie\/offensive-sylvo-agro-pastorale-pour-la-souverainete-alimentaire#primaryimage","url":"https:\/\/static.africa-press.net\/burkina\/sites\/42\/2026\/04\/sm_1777372323.433372.jpg","contentUrl":"https:\/\/static.africa-press.net\/burkina\/sites\/42\/2026\/04\/sm_1777372323.433372.jpg","width":1024,"height":682,"caption":"Offensive Sylvo-Agro-Pastorale Pour la Souverainet\u00e9 Alimentaire"},{"@type":"BreadcrumbList","@id":"https:\/\/www.africa-press.net\/burkina-faso\/economie\/offensive-sylvo-agro-pastorale-pour-la-souverainete-alimentaire#breadcrumb","itemListElement":[{"@type":"ListItem","position":1,"name":"Accueil","item":"https:\/\/www.africa-press.net\/burkina-faso\/"},{"@type":"ListItem","position":2,"name":"Offensive Sylvo-Agro-Pastorale Pour la Souverainet\u00e9 Alimentaire"}]},{"@type":"WebSite","@id":"https:\/\/www.africa-press.net\/burkina-faso\/#website","url":"https:\/\/www.africa-press.net\/burkina-faso\/","name":"Burkina Faso","description":"Just another Africa News Agency Sites site","potentialAction":[{"@type":"SearchAction","target":{"@type":"EntryPoint","urlTemplate":"https:\/\/www.africa-press.net\/burkina-faso\/?s={search_term_string}"},"query-input":{"@type":"PropertyValueSpecification","valueRequired":true,"valueName":"search_term_string"}}],"inLanguage":"fr-FR"},{"@type":"Person","@id":"https:\/\/www.africa-press.net\/burkina-faso\/#\/schema\/person\/2b1cf3cd81a31e3cd26889ca66d677f1","name":"cfeditorfr"}]}},"_links":{"self":[{"href":"https:\/\/www.africa-press.net\/burkina-faso\/wp-json\/wp\/v2\/posts\/129064","targetHints":{"allow":["GET"]}}],"collection":[{"href":"https:\/\/www.africa-press.net\/burkina-faso\/wp-json\/wp\/v2\/posts"}],"about":[{"href":"https:\/\/www.africa-press.net\/burkina-faso\/wp-json\/wp\/v2\/types\/post"}],"author":[{"embeddable":true,"href":"https:\/\/www.africa-press.net\/burkina-faso\/wp-json\/wp\/v2\/users\/82"}],"replies":[{"embeddable":true,"href":"https:\/\/www.africa-press.net\/burkina-faso\/wp-json\/wp\/v2\/comments?post=129064"}],"version-history":[{"count":1,"href":"https:\/\/www.africa-press.net\/burkina-faso\/wp-json\/wp\/v2\/posts\/129064\/revisions"}],"predecessor-version":[{"id":129066,"href":"https:\/\/www.africa-press.net\/burkina-faso\/wp-json\/wp\/v2\/posts\/129064\/revisions\/129066"}],"wp:featuredmedia":[{"embeddable":true,"href":"https:\/\/www.africa-press.net\/burkina-faso\/wp-json\/wp\/v2\/media\/129063"}],"wp:attachment":[{"href":"https:\/\/www.africa-press.net\/burkina-faso\/wp-json\/wp\/v2\/media?parent=129064"}],"wp:term":[{"taxonomy":"category","embeddable":true,"href":"https:\/\/www.africa-press.net\/burkina-faso\/wp-json\/wp\/v2\/categories?post=129064"},{"taxonomy":"post_tag","embeddable":true,"href":"https:\/\/www.africa-press.net\/burkina-faso\/wp-json\/wp\/v2\/tags?post=129064"}],"curies":[{"name":"wp","href":"https:\/\/api.w.org\/{rel}","templated":true}]}}