{"id":129074,"date":"2026-04-30T21:14:48","date_gmt":"2026-04-30T21:14:48","guid":{"rendered":"https:\/\/www.africa-press.net\/burkina-faso\/politique\/burkina-faso-renforce-son-alerte-securitaire-apres-attaques"},"modified":"2026-05-01T00:44:19","modified_gmt":"2026-05-01T00:44:19","slug":"burkina-faso-renforce-son-alerte-securitaire-apres-attaques","status":"publish","type":"post","link":"https:\/\/www.africa-press.net\/burkina-faso\/politique\/burkina-faso-renforce-son-alerte-securitaire-apres-attaques","title":{"rendered":"Burkina Faso Renforce Son Alerte S\u00e9curitaire Apr\u00e8s Attaques"},"content":{"rendered":"<p><span class=\"ap-article-header-tag\"> <strong>Africa-Press &#8211; Burkina Faso. <\/strong> <\/span>Le ministe\u0300re de la Se\u0301curite\u0301 au Burkina Faso a lance\u0301 l&rsquo;ope\u0301ration \u00ab\u00a0Webga-2\u00a0\u00bb pour renforcer la se\u0301curite\u0301 dans tout le pays, tout en e\u0301mettant des directives de se\u0301curite\u0301 pour la population. Le ministre de la Se\u0301curite\u0301 burkinabe\u0301, Mohamedou Sana, a exprime\u0301 sa gratitude au peuple pour son engagement continu en matie\u0300re de vigilance et sa contribution efficace au renforcement de la se\u0301curite\u0301 inte\u0301rieure.<\/p>\n<p>Le ministre Sana a explique\u0301 qu&rsquo;en raison de la dynamique continue de renforcement de la se\u0301curite\u0301, l&rsquo;ope\u0301ration \u00ab\u00a0Webga-2\u00a0\u00bb a e\u0301te\u0301 lance\u0301e a\u0300 l&rsquo;e\u0301chelle nationale. Il a exhorte\u0301 le public a\u0300 respecter pleinement les directives, a\u0300 faire preuve d&rsquo;une grande prudence et a\u0300 signaler imme\u0301diatement toute activite\u0301 ou comportement suspect aux autorite\u0301s compe\u0301tentes.<\/p>\n<p>Cela inclut, sans s&rsquo;y limiter, des cas d&rsquo;augmentation inhabituelle des achats de denre\u0301es alimentaires ; l&rsquo;acquisition de produits dangereux ou de composants explosifs ; le de\u0301me\u0301nagement soudain dans des maisons par des individus refusant de communiquer avec les voisins ; le refus de se conformer aux proce\u0301dures d&rsquo;enregistrement dans les ho\u0302tels ; des activite\u0301s suspectes a\u0300 proximite\u0301 des infrastructures strate\u0301giques ; et des demandes d&rsquo;informations sur des sites sensibles.<\/p>\n<p>Le ministre a ajoute\u0301 que la garantie d&rsquo;une se\u0301curite\u0301 globale repose sur le principe de la participation communautaire a\u0300 la construction de la se\u0301curite\u0301, et que chaque citoyen repre\u0301sente un maillon vital dans la pre\u0301vention des menaces se\u0301curitaires. Il a renouvele\u0301 son appel a\u0300 tous les citoyens pour qu&rsquo;ils continuent a\u0300 coope\u0301rer avec les forces de de\u0301fense et de se\u0301curite\u0301 par le biais de la vigilance civique et de l&rsquo;esprit national.<\/p>\n<p>Les autorite\u0301s burkinabe\u0301es suivent de pre\u0300s les conse\u0301quences des attaques survenues au Mali ces derniers jours, qui ont suscite\u0301 une inquie\u0301tude au sein du pays, notamment dans la capitale Ouagadougou, ou\u0300 le niveau d&rsquo;alerte a e\u0301te\u0301 releve\u0301 et les mesures de pre\u0301caution intensifie\u0301es.<\/p>\n<p>Selon des te\u0301moignages de re\u0301sidents locaux a\u0300 Ouagadougou, la pre\u0301sence se\u0301curitaire a e\u0301te\u0301 conside\u0301rablement renforce\u0301e autour du palais pre\u0301sidentiel dans la zone de Koulouba, ainsi qu&rsquo;autour de l&rsquo;ae\u0301roport international de Ouagadougou, ou\u0300 plusieurs ve\u0301hicules blinde\u0301s ont e\u0301te\u0301 de\u0301ploye\u0301s a\u0300 des points strate\u0301giques proches du sie\u0300ge de la pre\u0301sidence depuis samedi. La police nationale a e\u0301galement intensifie\u0301 les ope\u0301rations de contro\u0302le et de ve\u0301rification des documents sur plusieurs axes principaux de la capitale.<\/p>\n<p>Dans ce contexte, les appels a\u0300 la prudence et a\u0300 prendre au se\u0301rieux tout indice ou alerte, me\u0302me s&rsquo;ils semblent limite\u0301s, se multiplient sur les re\u0301seaux sociaux.<\/p>\n<p>Des militants soulignent que le pays reste une cible potentielle pour les groupes arme\u0301s, appelant les services de renseignement et les citoyens a\u0300 rester en e\u0301tat de vigilance permanente. Un fonctionnaire a note\u0301 que la situation refle\u0300te une inquie\u0301tude croissante, expliquant que de nombreux citoyens ne s&rsquo;attendaient pas a\u0300 ce que les groupes arme\u0301s puissent mener des attaques d&rsquo;une telle ampleur au Mali.<\/p>\n<p>Il a ajoute\u0301 que le centre de la capitale, qui avait de\u0301ja\u0300 des mesures de se\u0301curite\u0301 renforce\u0301es, est devenu semblable a\u0300 une zone entie\u0300rement fortifie\u0301e. Depuis la publication d&rsquo;une de\u0301claration dimanche signe\u0301e par Ibrahim Traore\u0301 en tant que pre\u0301sident de l&rsquo;Alliance des E\u0301tats du Sahel, aucune clarification supple\u0301mentaire n&rsquo;a e\u0301te\u0301 fournie concernant l&rsquo;e\u0301volution de la situation au Mali, ce qui accroi\u0302t l&rsquo;e\u0301tat d&rsquo;attente et de prudence au Burkina Faso.<\/p>\n<p class=\"ap-article-footer-note\">Retrouvez plus d\u2019actualit\u00e9s et d\u2019analyses sur <span class=\"ap-highlight-country\">Burkina Faso<\/span> sur le site <span class=\"ap-highlight-brand\">Africa Press<\/span><\/p>\n","protected":false},"excerpt":{"rendered":"<p>Africa-Press &#8211; Burkina Faso. Le ministe\u0300re de la Se\u0301curite\u0301 au Burkina Faso a lance\u0301 l&rsquo;ope\u0301ration \u00ab\u00a0Webga-2\u00a0\u00bb pour renforcer la se\u0301curite\u0301 dans tout le pays, tout en e\u0301mettant des directives de se\u0301curite\u0301 pour la population. Le ministre de la Se\u0301curite\u0301 burkinabe\u0301, Mohamedou Sana, a exprime\u0301 sa gratitude au peuple pour son engagement continu en matie\u0300re de [&hellip;]<\/p>\n","protected":false},"author":82,"featured_media":129073,"comment_status":"open","ping_status":"closed","sticky":false,"template":"","format":"standard","meta":{"footnotes":""},"categories":[2,20,10],"tags":[29],"class_list":["post-129074","post","type-post","status-publish","format-standard","has-post-thumbnail","hentry","category-politique","category-top-nouvelles","category-toutes-les-actualites","tag-burkina-faso"],"yoast_head":"<!-- This site is optimized with the Yoast SEO Premium plugin v26.1 (Yoast SEO v27.0) - https:\/\/yoast.com\/product\/yoast-seo-premium-wordpress\/ -->\n<title>Burkina Faso Renforce Son Alerte S\u00e9curitaire Apr\u00e8s Attaques - Burkina Faso<\/title>\n<meta name=\"description\" content=\"-article-header-tag&quot;&gt; Africa-Press - Burkina Faso. Le ministe\u0300re de la Se\u0301cur ...\" \/>\n<meta name=\"robots\" content=\"index, follow, max-snippet:-1, max-image-preview:large, max-video-preview:-1\" \/>\n<link rel=\"canonical\" href=\"https:\/\/www.africa-press.net\/burkina-faso\/politique\/burkina-faso-renforce-son-alerte-securitaire-apres-attaques\" \/>\n<meta property=\"og:locale\" content=\"fr_FR\" \/>\n<meta property=\"og:type\" content=\"article\" \/>\n<meta property=\"og:title\" content=\"Burkina Faso Renforce Son Alerte S\u00e9curitaire Apr\u00e8s Attaques\" \/>\n<meta property=\"og:description\" content=\"-article-header-tag&quot;&gt; Africa-Press - Burkina Faso. Le ministe\u0300re de la Se\u0301cur ...\" \/>\n<meta property=\"og:url\" content=\"https:\/\/www.africa-press.net\/burkina-faso\/politique\/burkina-faso-renforce-son-alerte-securitaire-apres-attaques\" \/>\n<meta property=\"og:site_name\" content=\"Burkina Faso\" \/>\n<meta property=\"article:published_time\" content=\"2026-04-30T21:14:48+00:00\" \/>\n<meta property=\"article:modified_time\" content=\"2026-05-01T00:44:19+00:00\" \/>\n<meta property=\"og:image\" content=\"https:\/\/static.africa-press.net\/burkina\/sites\/42\/2026\/05\/sm_1777594966.512157.jpg\" \/>\n\t<meta property=\"og:image:width\" content=\"980\" \/>\n\t<meta property=\"og:image:height\" content=\"551\" \/>\n\t<meta property=\"og:image:type\" content=\"image\/jpeg\" \/>\n<meta name=\"author\" content=\"cfeditorfr\" \/>\n<meta name=\"twitter:card\" content=\"summary_large_image\" \/>\n<meta name=\"twitter:label1\" content=\"\u00c9crit par\" \/>\n\t<meta name=\"twitter:data1\" content=\"cfeditorfr\" \/>\n\t<meta name=\"twitter:label2\" content=\"Dur\u00e9e de lecture estim\u00e9e\" \/>\n\t<meta name=\"twitter:data2\" content=\"3 minutes\" \/>\n<script type=\"application\/ld+json\" class=\"yoast-schema-graph\">{\"@context\":\"https:\/\/schema.org\",\"@graph\":[{\"@type\":\"Article\",\"@id\":\"https:\/\/www.africa-press.net\/burkina-faso\/politique\/burkina-faso-renforce-son-alerte-securitaire-apres-attaques#article\",\"isPartOf\":{\"@id\":\"https:\/\/www.africa-press.net\/burkina-faso\/politique\/burkina-faso-renforce-son-alerte-securitaire-apres-attaques\"},\"author\":{\"name\":\"cfeditorfr\",\"@id\":\"https:\/\/www.africa-press.net\/burkina-faso\/#\/schema\/person\/2b1cf3cd81a31e3cd26889ca66d677f1\"},\"headline\":\"Burkina Faso Renforce Son Alerte S\u00e9curitaire Apr\u00e8s Attaques\",\"datePublished\":\"2026-04-30T21:14:48+00:00\",\"dateModified\":\"2026-05-01T00:44:19+00:00\",\"mainEntityOfPage\":{\"@id\":\"https:\/\/www.africa-press.net\/burkina-faso\/politique\/burkina-faso-renforce-son-alerte-securitaire-apres-attaques\"},\"wordCount\":663,\"commentCount\":0,\"image\":{\"@id\":\"https:\/\/www.africa-press.net\/burkina-faso\/politique\/burkina-faso-renforce-son-alerte-securitaire-apres-attaques#primaryimage\"},\"thumbnailUrl\":\"https:\/\/static.africa-press.net\/burkina\/sites\/42\/2026\/05\/sm_1777594966.512157.jpg\",\"keywords\":[\"Burkina Faso\"],\"articleSection\":[\"Politique\",\"Top Nouvelles\",\"Toutes les actualit\u00e9s\"],\"inLanguage\":\"fr-FR\",\"potentialAction\":[{\"@type\":\"CommentAction\",\"name\":\"Comment\",\"target\":[\"https:\/\/www.africa-press.net\/burkina-faso\/politique\/burkina-faso-renforce-son-alerte-securitaire-apres-attaques#respond\"]}]},{\"@type\":\"WebPage\",\"@id\":\"https:\/\/www.africa-press.net\/burkina-faso\/politique\/burkina-faso-renforce-son-alerte-securitaire-apres-attaques\",\"url\":\"https:\/\/www.africa-press.net\/burkina-faso\/politique\/burkina-faso-renforce-son-alerte-securitaire-apres-attaques\",\"name\":\"Burkina Faso Renforce Son Alerte S\u00e9curitaire Apr\u00e8s Attaques - Burkina Faso\",\"isPartOf\":{\"@id\":\"https:\/\/www.africa-press.net\/burkina-faso\/#website\"},\"primaryImageOfPage\":{\"@id\":\"https:\/\/www.africa-press.net\/burkina-faso\/politique\/burkina-faso-renforce-son-alerte-securitaire-apres-attaques#primaryimage\"},\"image\":{\"@id\":\"https:\/\/www.africa-press.net\/burkina-faso\/politique\/burkina-faso-renforce-son-alerte-securitaire-apres-attaques#primaryimage\"},\"thumbnailUrl\":\"https:\/\/static.africa-press.net\/burkina\/sites\/42\/2026\/05\/sm_1777594966.512157.jpg\",\"datePublished\":\"2026-04-30T21:14:48+00:00\",\"dateModified\":\"2026-05-01T00:44:19+00:00\",\"author\":{\"@id\":\"https:\/\/www.africa-press.net\/burkina-faso\/#\/schema\/person\/2b1cf3cd81a31e3cd26889ca66d677f1\"},\"description\":\"-article-header-tag\\\"> Africa-Press - Burkina Faso. Le ministe\u0300re de la Se\u0301cur ...\",\"breadcrumb\":{\"@id\":\"https:\/\/www.africa-press.net\/burkina-faso\/politique\/burkina-faso-renforce-son-alerte-securitaire-apres-attaques#breadcrumb\"},\"inLanguage\":\"fr-FR\",\"potentialAction\":[{\"@type\":\"ReadAction\",\"target\":[\"https:\/\/www.africa-press.net\/burkina-faso\/politique\/burkina-faso-renforce-son-alerte-securitaire-apres-attaques\"]}]},{\"@type\":\"ImageObject\",\"inLanguage\":\"fr-FR\",\"@id\":\"https:\/\/www.africa-press.net\/burkina-faso\/politique\/burkina-faso-renforce-son-alerte-securitaire-apres-attaques#primaryimage\",\"url\":\"https:\/\/static.africa-press.net\/burkina\/sites\/42\/2026\/05\/sm_1777594966.512157.jpg\",\"contentUrl\":\"https:\/\/static.africa-press.net\/burkina\/sites\/42\/2026\/05\/sm_1777594966.512157.jpg\",\"width\":980,\"height\":551,\"caption\":\"Burkina Faso Renforce Son Alerte S\u00e9curitaire Apr\u00e8s Attaques\"},{\"@type\":\"BreadcrumbList\",\"@id\":\"https:\/\/www.africa-press.net\/burkina-faso\/politique\/burkina-faso-renforce-son-alerte-securitaire-apres-attaques#breadcrumb\",\"itemListElement\":[{\"@type\":\"ListItem\",\"position\":1,\"name\":\"Accueil\",\"item\":\"https:\/\/www.africa-press.net\/burkina-faso\/\"},{\"@type\":\"ListItem\",\"position\":2,\"name\":\"Burkina Faso Renforce Son Alerte S\u00e9curitaire Apr\u00e8s Attaques\"}]},{\"@type\":\"WebSite\",\"@id\":\"https:\/\/www.africa-press.net\/burkina-faso\/#website\",\"url\":\"https:\/\/www.africa-press.net\/burkina-faso\/\",\"name\":\"Burkina Faso\",\"description\":\"Just another Africa News Agency Sites site\",\"potentialAction\":[{\"@type\":\"SearchAction\",\"target\":{\"@type\":\"EntryPoint\",\"urlTemplate\":\"https:\/\/www.africa-press.net\/burkina-faso\/?s={search_term_string}\"},\"query-input\":{\"@type\":\"PropertyValueSpecification\",\"valueRequired\":true,\"valueName\":\"search_term_string\"}}],\"inLanguage\":\"fr-FR\"},{\"@type\":\"Person\",\"@id\":\"https:\/\/www.africa-press.net\/burkina-faso\/#\/schema\/person\/2b1cf3cd81a31e3cd26889ca66d677f1\",\"name\":\"cfeditorfr\"}]}<\/script>\n<!-- \/ Yoast SEO Premium plugin. -->","yoast_head_json":{"title":"Burkina Faso Renforce Son Alerte S\u00e9curitaire Apr\u00e8s Attaques - Burkina Faso","description":"-article-header-tag\"> Africa-Press - Burkina Faso. Le ministe\u0300re de la Se\u0301cur ...","robots":{"index":"index","follow":"follow","max-snippet":"max-snippet:-1","max-image-preview":"max-image-preview:large","max-video-preview":"max-video-preview:-1"},"canonical":"https:\/\/www.africa-press.net\/burkina-faso\/politique\/burkina-faso-renforce-son-alerte-securitaire-apres-attaques","og_locale":"fr_FR","og_type":"article","og_title":"Burkina Faso Renforce Son Alerte S\u00e9curitaire Apr\u00e8s Attaques","og_description":"-article-header-tag\"> Africa-Press - Burkina Faso. Le ministe\u0300re de la Se\u0301cur ...","og_url":"https:\/\/www.africa-press.net\/burkina-faso\/politique\/burkina-faso-renforce-son-alerte-securitaire-apres-attaques","og_site_name":"Burkina Faso","article_published_time":"2026-04-30T21:14:48+00:00","article_modified_time":"2026-05-01T00:44:19+00:00","og_image":[{"width":980,"height":551,"url":"https:\/\/static.africa-press.net\/burkina\/sites\/42\/2026\/05\/sm_1777594966.512157.jpg","type":"image\/jpeg"}],"author":"cfeditorfr","twitter_card":"summary_large_image","twitter_misc":{"\u00c9crit par":"cfeditorfr","Dur\u00e9e de lecture estim\u00e9e":"3 minutes"},"schema":{"@context":"https:\/\/schema.org","@graph":[{"@type":"Article","@id":"https:\/\/www.africa-press.net\/burkina-faso\/politique\/burkina-faso-renforce-son-alerte-securitaire-apres-attaques#article","isPartOf":{"@id":"https:\/\/www.africa-press.net\/burkina-faso\/politique\/burkina-faso-renforce-son-alerte-securitaire-apres-attaques"},"author":{"name":"cfeditorfr","@id":"https:\/\/www.africa-press.net\/burkina-faso\/#\/schema\/person\/2b1cf3cd81a31e3cd26889ca66d677f1"},"headline":"Burkina Faso Renforce Son Alerte S\u00e9curitaire Apr\u00e8s Attaques","datePublished":"2026-04-30T21:14:48+00:00","dateModified":"2026-05-01T00:44:19+00:00","mainEntityOfPage":{"@id":"https:\/\/www.africa-press.net\/burkina-faso\/politique\/burkina-faso-renforce-son-alerte-securitaire-apres-attaques"},"wordCount":663,"commentCount":0,"image":{"@id":"https:\/\/www.africa-press.net\/burkina-faso\/politique\/burkina-faso-renforce-son-alerte-securitaire-apres-attaques#primaryimage"},"thumbnailUrl":"https:\/\/static.africa-press.net\/burkina\/sites\/42\/2026\/05\/sm_1777594966.512157.jpg","keywords":["Burkina Faso"],"articleSection":["Politique","Top Nouvelles","Toutes les actualit\u00e9s"],"inLanguage":"fr-FR","potentialAction":[{"@type":"CommentAction","name":"Comment","target":["https:\/\/www.africa-press.net\/burkina-faso\/politique\/burkina-faso-renforce-son-alerte-securitaire-apres-attaques#respond"]}]},{"@type":"WebPage","@id":"https:\/\/www.africa-press.net\/burkina-faso\/politique\/burkina-faso-renforce-son-alerte-securitaire-apres-attaques","url":"https:\/\/www.africa-press.net\/burkina-faso\/politique\/burkina-faso-renforce-son-alerte-securitaire-apres-attaques","name":"Burkina Faso Renforce Son Alerte S\u00e9curitaire Apr\u00e8s Attaques - Burkina Faso","isPartOf":{"@id":"https:\/\/www.africa-press.net\/burkina-faso\/#website"},"primaryImageOfPage":{"@id":"https:\/\/www.africa-press.net\/burkina-faso\/politique\/burkina-faso-renforce-son-alerte-securitaire-apres-attaques#primaryimage"},"image":{"@id":"https:\/\/www.africa-press.net\/burkina-faso\/politique\/burkina-faso-renforce-son-alerte-securitaire-apres-attaques#primaryimage"},"thumbnailUrl":"https:\/\/static.africa-press.net\/burkina\/sites\/42\/2026\/05\/sm_1777594966.512157.jpg","datePublished":"2026-04-30T21:14:48+00:00","dateModified":"2026-05-01T00:44:19+00:00","author":{"@id":"https:\/\/www.africa-press.net\/burkina-faso\/#\/schema\/person\/2b1cf3cd81a31e3cd26889ca66d677f1"},"description":"-article-header-tag\"> Africa-Press - Burkina Faso. Le ministe\u0300re de la Se\u0301cur ...","breadcrumb":{"@id":"https:\/\/www.africa-press.net\/burkina-faso\/politique\/burkina-faso-renforce-son-alerte-securitaire-apres-attaques#breadcrumb"},"inLanguage":"fr-FR","potentialAction":[{"@type":"ReadAction","target":["https:\/\/www.africa-press.net\/burkina-faso\/politique\/burkina-faso-renforce-son-alerte-securitaire-apres-attaques"]}]},{"@type":"ImageObject","inLanguage":"fr-FR","@id":"https:\/\/www.africa-press.net\/burkina-faso\/politique\/burkina-faso-renforce-son-alerte-securitaire-apres-attaques#primaryimage","url":"https:\/\/static.africa-press.net\/burkina\/sites\/42\/2026\/05\/sm_1777594966.512157.jpg","contentUrl":"https:\/\/static.africa-press.net\/burkina\/sites\/42\/2026\/05\/sm_1777594966.512157.jpg","width":980,"height":551,"caption":"Burkina Faso Renforce Son Alerte S\u00e9curitaire Apr\u00e8s Attaques"},{"@type":"BreadcrumbList","@id":"https:\/\/www.africa-press.net\/burkina-faso\/politique\/burkina-faso-renforce-son-alerte-securitaire-apres-attaques#breadcrumb","itemListElement":[{"@type":"ListItem","position":1,"name":"Accueil","item":"https:\/\/www.africa-press.net\/burkina-faso\/"},{"@type":"ListItem","position":2,"name":"Burkina Faso Renforce Son Alerte S\u00e9curitaire Apr\u00e8s Attaques"}]},{"@type":"WebSite","@id":"https:\/\/www.africa-press.net\/burkina-faso\/#website","url":"https:\/\/www.africa-press.net\/burkina-faso\/","name":"Burkina Faso","description":"Just another Africa News Agency Sites site","potentialAction":[{"@type":"SearchAction","target":{"@type":"EntryPoint","urlTemplate":"https:\/\/www.africa-press.net\/burkina-faso\/?s={search_term_string}"},"query-input":{"@type":"PropertyValueSpecification","valueRequired":true,"valueName":"search_term_string"}}],"inLanguage":"fr-FR"},{"@type":"Person","@id":"https:\/\/www.africa-press.net\/burkina-faso\/#\/schema\/person\/2b1cf3cd81a31e3cd26889ca66d677f1","name":"cfeditorfr"}]}},"_links":{"self":[{"href":"https:\/\/www.africa-press.net\/burkina-faso\/wp-json\/wp\/v2\/posts\/129074","targetHints":{"allow":["GET"]}}],"collection":[{"href":"https:\/\/www.africa-press.net\/burkina-faso\/wp-json\/wp\/v2\/posts"}],"about":[{"href":"https:\/\/www.africa-press.net\/burkina-faso\/wp-json\/wp\/v2\/types\/post"}],"author":[{"embeddable":true,"href":"https:\/\/www.africa-press.net\/burkina-faso\/wp-json\/wp\/v2\/users\/82"}],"replies":[{"embeddable":true,"href":"https:\/\/www.africa-press.net\/burkina-faso\/wp-json\/wp\/v2\/comments?post=129074"}],"version-history":[{"count":1,"href":"https:\/\/www.africa-press.net\/burkina-faso\/wp-json\/wp\/v2\/posts\/129074\/revisions"}],"predecessor-version":[{"id":129076,"href":"https:\/\/www.africa-press.net\/burkina-faso\/wp-json\/wp\/v2\/posts\/129074\/revisions\/129076"}],"wp:featuredmedia":[{"embeddable":true,"href":"https:\/\/www.africa-press.net\/burkina-faso\/wp-json\/wp\/v2\/media\/129073"}],"wp:attachment":[{"href":"https:\/\/www.africa-press.net\/burkina-faso\/wp-json\/wp\/v2\/media?parent=129074"}],"wp:term":[{"taxonomy":"category","embeddable":true,"href":"https:\/\/www.africa-press.net\/burkina-faso\/wp-json\/wp\/v2\/categories?post=129074"},{"taxonomy":"post_tag","embeddable":true,"href":"https:\/\/www.africa-press.net\/burkina-faso\/wp-json\/wp\/v2\/tags?post=129074"}],"curies":[{"name":"wp","href":"https:\/\/api.w.org\/{rel}","templated":true}]}}