{"id":13625,"date":"2021-06-08T16:16:24","date_gmt":"2021-06-08T16:16:24","guid":{"rendered":"https:\/\/www.africa-press.net\/burkina-faso\/?p=13625"},"modified":"2021-06-08T17:02:30","modified_gmt":"2021-06-08T17:02:30","slug":"burkina-journee-dhommages-a-titre-posthume-au-pr-fernand-sanou-un-faiseur-de-capital-humain","status":"publish","type":"post","link":"https:\/\/www.africa-press.net\/burkina-faso\/parties\/burkina-journee-dhommages-a-titre-posthume-au-pr-fernand-sanou-un-faiseur-de-capital-humain","title":{"rendered":"Journ\u00e9e d\u2019hommages \u00e0 titre posthume au Pr Fernand Sanou, un faiseur de capital humain !"},"content":{"rendered":"<p><span style=\"color: #ff6600\"><strong><a href=\"https:\/\/www.africa-press.net\/\">Africa-Press<\/a> &#8211; <a href=\"https:\/\/www.africa-press.net\/burkina-faso\">Burkina Faso<\/a>. <\/strong><\/span><b>Le 4 juin 2020, Pr Fernand Sanou, 3e vice-pr\u00e9sident du Conseil national de la Transition (CNT), ancien cadre du minist\u00e8re de l\u2019Education nationale (1969 et 1978) et ancien enseignant \u00e0 l\u2019Universit\u00e9 de Ouagadougou (1982 \u00e0 2002) a \u00e9t\u00e9, \u00e0 74 ans, arrach\u00e9 \u00e0 l\u2019affection de parents biologiques, professionnels, amis, \u00e9tudiants\u2026bref, de toute la nation. A la faveur du triste anniversaire, 4 juin 2021, c\u2019est toute une communaut\u00e9, aux c\u00f4t\u00e9s de sa famille, qui a rendu hommages \u00e0 l\u2019illustre disparu \u00e0 travers plusieurs activit\u00e9s.<\/b><\/p>\n<p>Sociologue de formation, titulaire d\u2019un doctorat en Sociologie de l\u2019\u00c9ducation de l\u2019University of Southern California avec une ouverture sur l\u2019\u00e9conomie politique, Pr Fernand Sanou a fait partie de l\u2019\u00e9quipe charg\u00e9e de l\u2019\u00e9tude prospective Burkina 2025, en qualit\u00e9 d\u2019expert national sociologue.<\/p>\n<p>Troisi\u00e8me vice-pr\u00e9sident du Conseil national de la Transition (assembl\u00e9e l\u00e9gislative sous la transition, 2014-2015), ancien pr\u00e9sident du Conseil d\u2019administration de l\u2019Inades-Formation, ancien cadre du minist\u00e8re de l\u2019Education nationale (1969 et 1978) et ancien enseignant \u00e0 l\u2019Universit\u00e9 de Ouagadougou (1982 \u00e0 2002), l\u2019illustre figure, qui s\u2019est donc investie dans le capital humain, a \u00e9galement men\u00e9 plusieurs travaux de consultation pour des institutions nationales, internationales et des chancelleries.<\/p>\n<p>De 2014 \u00e0 son d\u00e9c\u00e8s, Pr Fernand Sanou a mis au service de l\u2019Institut sup\u00e9rieur de S\u00e9curit\u00e9 humaine (ISSH), sa riche exp\u00e9rience acad\u00e9mique en tant que directeur acad\u00e9mique.<\/p>\n<p>En cette journ\u00e9e d\u2019hommages, parents, amis, coll\u00e8gues, connaissances, anciens \u00e9tudiants\u2026se sont d\u2019abord retrouv\u00e9s au cimeti\u00e8re de Gounghin (o\u00f9 il repose d\u00e9finitivement) pour se recueillir sur sa tombe.<\/p>\n<p>Ils se sont ensuite retrouv\u00e9s \u00e0 l\u2019ISSH autour d\u2019un panel avec pour th\u00e8me : \u00ab Le professeur Fernand Sanou : la s\u00e9curit\u00e9 humaine, la perspective et l\u2019\u00e9ducation au Burkina Faso \u00bb. La communication a \u00e9t\u00e9 donn\u00e9e par le macro-\u00e9conomiste, Daniel Bambara ; l\u2019analyste C\u00e9lestin Zongo, et le PCA de l\u2019ISSH, Dr Zakaria Tiemtor\u00e9.<\/p>\n<p>Dans son intervention, le pan\u00e9liste C\u00e9lestin Zongo a fait savoir que la s\u00e9curit\u00e9 humaine compl\u00e8te la s\u00e9curit\u00e9 de l\u2019Etat. Toute chose qui, dit-il, contribue \u00e0 la fois \u00e0 l\u2019exercice des droits de l\u2019Homme et \u00e0 un renfort du d\u00e9veloppement humain. Le principe de la s\u00e9curit\u00e9 porte sur des menaces \u00e0 la survie aux moyens de subsistance et \u00e0 la dignit\u00e9 des individus, poursuit M. Zongo. D\u2019o\u00f9 l\u2019int\u00e9r\u00eat de la transition vers la paix et le d\u00e9veloppement durables de collectivit\u00e9s touch\u00e9es par des conflits, sugg\u00e8re-t-il.<\/p>\n<p>\u00ab L\u2019\u00e9ducation doit-elle constituer une priorit\u00e9 ? \u00bb, s\u2019est interrog\u00e9 Dr Zackaria Tiemtor\u00e9 avant de souligner qu\u2019elle est plut\u00f4t une mission et une responsabilit\u00e9 de chaque soci\u00e9t\u00e9 humaine. Le pan\u00e9liste a conclu sa partie par cette id\u00e9e du Pr Fernand Sanou, \u00e0 savoir que \u00ab l\u2019un des d\u00e9fis majeurs que l\u2019humanit\u00e9 est appel\u00e9e \u00e0 relever au cours du XXIe si\u00e8cle est celui d\u2019assurer la durabilit\u00e9 du d\u00e9veloppement humain \u00bb.<\/p>\n<p><b>\u00ab Papa n\u2019aimait pas l\u2019injustice et il nous incitait au travail bien fait \u00bb<\/b><\/p>\n<p>Une autre \u00e9tape de la journ\u00e9e a \u00e9t\u00e9 aussi les nombreux t\u00e9moignages de parents, coll\u00e8gues, anciens \u00e9tudiants et amis. Ainsi, l\u2019enseignant de Lettres, Alain Sanou, a confi\u00e9 que le disparu repr\u00e9sente pour lui, un exemple de vie. Entre autres qualit\u00e9s\u2026, on retient que Pr Fernand Sanou est un intellectuel qui s\u2019est toujours battu pour d\u00e9fendre ses id\u00e9es. \u00ab Quand il croyait que quelque chose \u00e9tait juste, il allait jusqu\u2019au bout. Il est le t\u00e9moin d\u2019une \u00e9poque historique. Par rapport \u00e0 la libert\u00e9, il d\u00e9fendait toujours jusqu\u2019au bout, il a m\u00eame sign\u00e9 sur la franchise d\u2019universit\u00e9. Et cela n\u2019\u00e9tait pas du go\u00fbt des autorit\u00e9s, \u00e0 l\u2019\u00e9poque ; parce qu\u2019ils n\u2019aiment pas les voix discordantes. Il tenait \u00e0 assumer cette position-l\u00e0,\u2026et il est all\u00e9 jusqu\u2019au bout \u00bb, a t\u00e9moign\u00e9 Alain Sanou.<\/p>\n<p>Parmi ses anciens apprenants, l\u2019ancien ministre d\u00e9l\u00e9gu\u00e9 charg\u00e9 de l\u2019Alphab\u00e9tisation, Zakaria Tiemtor\u00e9, par ailleurs Pr\u00e9sident du Conseil d\u2019Administration de l\u2019ISSH, pour qui, ce regroupement pour rendre hommages \u00e0 l\u2019enseignant est donc un devoir de m\u00e9moire. \u00ab Je retiens de lui sa g\u00e9n\u00e9rosit\u00e9. (\u2026). Il s\u2019est battu pour une \u00e9ducation de qualit\u00e9. Nous devons \u00eatre, \u00e0 notre tour, des dignes h\u00e9ritiers du Professeur \u00bb, estime Zacharia Tiemtor\u00e9.<\/p>\n<p>Des instants bien accueillis par la famille du d\u00e9funt. St\u00e9phane Sanou a ainsi, au nom de la famille, exprim\u00e9 un sentiment de gratitudes pour cette journ\u00e9e \u00e0 l\u2019honneur et \u00e0 la m\u00e9moire de son p\u00e8re.<\/p>\n<p>\u00ab J\u2019ai beaucoup d\u2019\u00e9motions et de reconnaissances, parce qu\u2019on c\u00e9l\u00e8bre la m\u00e9moire de mon p\u00e8re pour ce qu\u2019il a fait. II \u00e9tait passionn\u00e9 par son m\u00e9tier et pour les hommes. C\u2019est un devoir pour nous de suivre ses pas, ses enseignements, sa g\u00e9n\u00e9rosit\u00e9. (\u2026). Ce que je retiens de papa, c\u2019est qu\u2019il n\u2019aimait pas l\u2019injustice et il nous incitait au travail bien fait, une des qualit\u00e9s que nous allons transmettre \u00e0 nos enfants \u00bb, s\u2019est confi\u00e9 St\u00e9phane Sanou.<\/p>\n<p><b>\u00a0<\/b><\/p>\n","protected":false},"excerpt":{"rendered":"<p>Africa-Press &#8211; Burkina Faso. Le 4 juin 2020, Pr Fernand Sanou, 3e vice-pr\u00e9sident du Conseil national de la Transition (CNT), ancien cadre du minist\u00e8re de l\u2019Education nationale (1969 et 1978) et ancien enseignant \u00e0 l\u2019Universit\u00e9 de Ouagadougou (1982 \u00e0 2002) a \u00e9t\u00e9, \u00e0 74 ans, arrach\u00e9 \u00e0 l\u2019affection de parents biologiques, professionnels, amis, \u00e9tudiants\u2026bref, de [&hellip;]<\/p>\n","protected":false},"author":82,"featured_media":13624,"comment_status":"open","ping_status":"closed","sticky":false,"template":"","format":"standard","meta":{"footnotes":""},"categories":[11,4,10],"tags":[111,725,29],"class_list":["post-13625","post","type-post","status-publish","format-standard","has-post-thumbnail","hentry","category-homepage-french","category-parties","category-toutes-les-actualites","tag-africa-press","tag-africa-press-burkina-faso","tag-burkina-faso"],"yoast_head":"<!-- This site is optimized with the Yoast SEO Premium plugin v26.1 (Yoast SEO v27.0) - https:\/\/yoast.com\/product\/yoast-seo-premium-wordpress\/ -->\n<title>Journ\u00e9e d\u2019hommages \u00e0 titre posthume au Pr Fernand Sanou, un faiseur de capital humain ! - Burkina Faso<\/title>\n<meta name=\"description\" content=\"Le 4 juin 2020, Pr Fernand Sanou, 3e vice-pr\u00e9sident du Conseil national de la Transition (CNT), ancien cadre du minis ...\" \/>\n<meta name=\"robots\" content=\"index, follow, max-snippet:-1, max-image-preview:large, max-video-preview:-1\" \/>\n<link rel=\"canonical\" href=\"https:\/\/www.africa-press.net\/burkina-faso\/parties\/burkina-journee-dhommages-a-titre-posthume-au-pr-fernand-sanou-un-faiseur-de-capital-humain\" \/>\n<meta property=\"og:locale\" content=\"fr_FR\" \/>\n<meta property=\"og:type\" content=\"article\" \/>\n<meta property=\"og:title\" content=\"Journ\u00e9e d\u2019hommages \u00e0 titre posthume au Pr Fernand Sanou, un faiseur de capital humain !\" \/>\n<meta property=\"og:description\" content=\"Le 4 juin 2020, Pr Fernand Sanou, 3e vice-pr\u00e9sident du Conseil national de la Transition (CNT), ancien cadre du minis ...\" \/>\n<meta property=\"og:url\" content=\"https:\/\/www.africa-press.net\/burkina-faso\/parties\/burkina-journee-dhommages-a-titre-posthume-au-pr-fernand-sanou-un-faiseur-de-capital-humain\" \/>\n<meta property=\"og:site_name\" content=\"Burkina Faso\" \/>\n<meta property=\"article:published_time\" content=\"2021-06-08T16:16:24+00:00\" \/>\n<meta property=\"article:modified_time\" content=\"2021-06-08T17:02:30+00:00\" \/>\n<meta property=\"og:image\" content=\"https:\/\/static.africa-press.net\/burkina\/sites\/42\/2021\/06\/img-60bf8f5b047cf.jpg\" \/>\n\t<meta property=\"og:image:width\" content=\"720\" \/>\n\t<meta property=\"og:image:height\" content=\"624\" \/>\n\t<meta property=\"og:image:type\" content=\"image\/jpeg\" \/>\n<meta name=\"author\" content=\"cfeditorfr\" \/>\n<meta name=\"twitter:card\" content=\"summary_large_image\" \/>\n<meta name=\"twitter:label1\" content=\"\u00c9crit par\" \/>\n\t<meta name=\"twitter:data1\" content=\"cfeditorfr\" \/>\n\t<meta name=\"twitter:label2\" content=\"Dur\u00e9e de lecture estim\u00e9e\" \/>\n\t<meta name=\"twitter:data2\" content=\"4 minutes\" \/>\n<script type=\"application\/ld+json\" class=\"yoast-schema-graph\">{\"@context\":\"https:\/\/schema.org\",\"@graph\":[{\"@type\":\"Article\",\"@id\":\"https:\/\/www.africa-press.net\/burkina-faso\/parties\/burkina-journee-dhommages-a-titre-posthume-au-pr-fernand-sanou-un-faiseur-de-capital-humain#article\",\"isPartOf\":{\"@id\":\"https:\/\/www.africa-press.net\/burkina-faso\/parties\/burkina-journee-dhommages-a-titre-posthume-au-pr-fernand-sanou-un-faiseur-de-capital-humain\"},\"author\":{\"name\":\"cfeditorfr\",\"@id\":\"https:\/\/www.africa-press.net\/burkina-faso\/#\/schema\/person\/2b1cf3cd81a31e3cd26889ca66d677f1\"},\"headline\":\"Journ\u00e9e d\u2019hommages \u00e0 titre posthume au Pr Fernand Sanou, un faiseur de capital humain !\",\"datePublished\":\"2021-06-08T16:16:24+00:00\",\"dateModified\":\"2021-06-08T17:02:30+00:00\",\"mainEntityOfPage\":{\"@id\":\"https:\/\/www.africa-press.net\/burkina-faso\/parties\/burkina-journee-dhommages-a-titre-posthume-au-pr-fernand-sanou-un-faiseur-de-capital-humain\"},\"wordCount\":886,\"commentCount\":0,\"image\":{\"@id\":\"https:\/\/www.africa-press.net\/burkina-faso\/parties\/burkina-journee-dhommages-a-titre-posthume-au-pr-fernand-sanou-un-faiseur-de-capital-humain#primaryimage\"},\"thumbnailUrl\":\"https:\/\/static.africa-press.net\/burkina\/sites\/42\/2021\/06\/img-60bf8f5b047cf.jpg\",\"keywords\":[\"Africa Press\",\"Africa Press-Burkina Faso\",\"Burkina Faso\"],\"articleSection\":[\"homepage-french\",\"Parties\",\"Toutes les actualit\u00e9s\"],\"inLanguage\":\"fr-FR\",\"potentialAction\":[{\"@type\":\"CommentAction\",\"name\":\"Comment\",\"target\":[\"https:\/\/www.africa-press.net\/burkina-faso\/parties\/burkina-journee-dhommages-a-titre-posthume-au-pr-fernand-sanou-un-faiseur-de-capital-humain#respond\"]}]},{\"@type\":\"WebPage\",\"@id\":\"https:\/\/www.africa-press.net\/burkina-faso\/parties\/burkina-journee-dhommages-a-titre-posthume-au-pr-fernand-sanou-un-faiseur-de-capital-humain\",\"url\":\"https:\/\/www.africa-press.net\/burkina-faso\/parties\/burkina-journee-dhommages-a-titre-posthume-au-pr-fernand-sanou-un-faiseur-de-capital-humain\",\"name\":\"Journ\u00e9e d\u2019hommages \u00e0 titre posthume au Pr Fernand Sanou, un faiseur de capital humain ! - Burkina Faso\",\"isPartOf\":{\"@id\":\"https:\/\/www.africa-press.net\/burkina-faso\/#website\"},\"primaryImageOfPage\":{\"@id\":\"https:\/\/www.africa-press.net\/burkina-faso\/parties\/burkina-journee-dhommages-a-titre-posthume-au-pr-fernand-sanou-un-faiseur-de-capital-humain#primaryimage\"},\"image\":{\"@id\":\"https:\/\/www.africa-press.net\/burkina-faso\/parties\/burkina-journee-dhommages-a-titre-posthume-au-pr-fernand-sanou-un-faiseur-de-capital-humain#primaryimage\"},\"thumbnailUrl\":\"https:\/\/static.africa-press.net\/burkina\/sites\/42\/2021\/06\/img-60bf8f5b047cf.jpg\",\"datePublished\":\"2021-06-08T16:16:24+00:00\",\"dateModified\":\"2021-06-08T17:02:30+00:00\",\"author\":{\"@id\":\"https:\/\/www.africa-press.net\/burkina-faso\/#\/schema\/person\/2b1cf3cd81a31e3cd26889ca66d677f1\"},\"description\":\"Le 4 juin 2020, Pr Fernand Sanou, 3e vice-pr\u00e9sident du Conseil national de la Transition (CNT), ancien cadre du minis ...\",\"breadcrumb\":{\"@id\":\"https:\/\/www.africa-press.net\/burkina-faso\/parties\/burkina-journee-dhommages-a-titre-posthume-au-pr-fernand-sanou-un-faiseur-de-capital-humain#breadcrumb\"},\"inLanguage\":\"fr-FR\",\"potentialAction\":[{\"@type\":\"ReadAction\",\"target\":[\"https:\/\/www.africa-press.net\/burkina-faso\/parties\/burkina-journee-dhommages-a-titre-posthume-au-pr-fernand-sanou-un-faiseur-de-capital-humain\"]}]},{\"@type\":\"ImageObject\",\"inLanguage\":\"fr-FR\",\"@id\":\"https:\/\/www.africa-press.net\/burkina-faso\/parties\/burkina-journee-dhommages-a-titre-posthume-au-pr-fernand-sanou-un-faiseur-de-capital-humain#primaryimage\",\"url\":\"https:\/\/static.africa-press.net\/burkina\/sites\/42\/2021\/06\/img-60bf8f5b047cf.jpg\",\"contentUrl\":\"https:\/\/static.africa-press.net\/burkina\/sites\/42\/2021\/06\/img-60bf8f5b047cf.jpg\",\"width\":720,\"height\":624,\"caption\":\"Burkina : Journ\u00e9e d\u2019hommages \u00e0 titre posthume au Pr Fernand Sanou, un faiseur de capital humain !\"},{\"@type\":\"BreadcrumbList\",\"@id\":\"https:\/\/www.africa-press.net\/burkina-faso\/parties\/burkina-journee-dhommages-a-titre-posthume-au-pr-fernand-sanou-un-faiseur-de-capital-humain#breadcrumb\",\"itemListElement\":[{\"@type\":\"ListItem\",\"position\":1,\"name\":\"Accueil\",\"item\":\"https:\/\/www.africa-press.net\/burkina-faso\/\"},{\"@type\":\"ListItem\",\"position\":2,\"name\":\"Journ\u00e9e d\u2019hommages \u00e0 titre posthume au Pr Fernand Sanou, un faiseur de capital humain !\"}]},{\"@type\":\"WebSite\",\"@id\":\"https:\/\/www.africa-press.net\/burkina-faso\/#website\",\"url\":\"https:\/\/www.africa-press.net\/burkina-faso\/\",\"name\":\"Burkina Faso\",\"description\":\"Just another Africa News Agency Sites site\",\"potentialAction\":[{\"@type\":\"SearchAction\",\"target\":{\"@type\":\"EntryPoint\",\"urlTemplate\":\"https:\/\/www.africa-press.net\/burkina-faso\/?s={search_term_string}\"},\"query-input\":{\"@type\":\"PropertyValueSpecification\",\"valueRequired\":true,\"valueName\":\"search_term_string\"}}],\"inLanguage\":\"fr-FR\"},{\"@type\":\"Person\",\"@id\":\"https:\/\/www.africa-press.net\/burkina-faso\/#\/schema\/person\/2b1cf3cd81a31e3cd26889ca66d677f1\",\"name\":\"cfeditorfr\"}]}<\/script>\n<!-- \/ Yoast SEO Premium plugin. -->","yoast_head_json":{"title":"Journ\u00e9e d\u2019hommages \u00e0 titre posthume au Pr Fernand Sanou, un faiseur de capital humain ! - Burkina Faso","description":"Le 4 juin 2020, Pr Fernand Sanou, 3e vice-pr\u00e9sident du Conseil national de la Transition (CNT), ancien cadre du minis ...","robots":{"index":"index","follow":"follow","max-snippet":"max-snippet:-1","max-image-preview":"max-image-preview:large","max-video-preview":"max-video-preview:-1"},"canonical":"https:\/\/www.africa-press.net\/burkina-faso\/parties\/burkina-journee-dhommages-a-titre-posthume-au-pr-fernand-sanou-un-faiseur-de-capital-humain","og_locale":"fr_FR","og_type":"article","og_title":"Journ\u00e9e d\u2019hommages \u00e0 titre posthume au Pr Fernand Sanou, un faiseur de capital humain !","og_description":"Le 4 juin 2020, Pr Fernand Sanou, 3e vice-pr\u00e9sident du Conseil national de la Transition (CNT), ancien cadre du minis ...","og_url":"https:\/\/www.africa-press.net\/burkina-faso\/parties\/burkina-journee-dhommages-a-titre-posthume-au-pr-fernand-sanou-un-faiseur-de-capital-humain","og_site_name":"Burkina Faso","article_published_time":"2021-06-08T16:16:24+00:00","article_modified_time":"2021-06-08T17:02:30+00:00","og_image":[{"width":720,"height":624,"url":"https:\/\/static.africa-press.net\/burkina\/sites\/42\/2021\/06\/img-60bf8f5b047cf.jpg","type":"image\/jpeg"}],"author":"cfeditorfr","twitter_card":"summary_large_image","twitter_misc":{"\u00c9crit par":"cfeditorfr","Dur\u00e9e de lecture estim\u00e9e":"4 minutes"},"schema":{"@context":"https:\/\/schema.org","@graph":[{"@type":"Article","@id":"https:\/\/www.africa-press.net\/burkina-faso\/parties\/burkina-journee-dhommages-a-titre-posthume-au-pr-fernand-sanou-un-faiseur-de-capital-humain#article","isPartOf":{"@id":"https:\/\/www.africa-press.net\/burkina-faso\/parties\/burkina-journee-dhommages-a-titre-posthume-au-pr-fernand-sanou-un-faiseur-de-capital-humain"},"author":{"name":"cfeditorfr","@id":"https:\/\/www.africa-press.net\/burkina-faso\/#\/schema\/person\/2b1cf3cd81a31e3cd26889ca66d677f1"},"headline":"Journ\u00e9e d\u2019hommages \u00e0 titre posthume au Pr Fernand Sanou, un faiseur de capital humain !","datePublished":"2021-06-08T16:16:24+00:00","dateModified":"2021-06-08T17:02:30+00:00","mainEntityOfPage":{"@id":"https:\/\/www.africa-press.net\/burkina-faso\/parties\/burkina-journee-dhommages-a-titre-posthume-au-pr-fernand-sanou-un-faiseur-de-capital-humain"},"wordCount":886,"commentCount":0,"image":{"@id":"https:\/\/www.africa-press.net\/burkina-faso\/parties\/burkina-journee-dhommages-a-titre-posthume-au-pr-fernand-sanou-un-faiseur-de-capital-humain#primaryimage"},"thumbnailUrl":"https:\/\/static.africa-press.net\/burkina\/sites\/42\/2021\/06\/img-60bf8f5b047cf.jpg","keywords":["Africa Press","Africa Press-Burkina Faso","Burkina Faso"],"articleSection":["homepage-french","Parties","Toutes les actualit\u00e9s"],"inLanguage":"fr-FR","potentialAction":[{"@type":"CommentAction","name":"Comment","target":["https:\/\/www.africa-press.net\/burkina-faso\/parties\/burkina-journee-dhommages-a-titre-posthume-au-pr-fernand-sanou-un-faiseur-de-capital-humain#respond"]}]},{"@type":"WebPage","@id":"https:\/\/www.africa-press.net\/burkina-faso\/parties\/burkina-journee-dhommages-a-titre-posthume-au-pr-fernand-sanou-un-faiseur-de-capital-humain","url":"https:\/\/www.africa-press.net\/burkina-faso\/parties\/burkina-journee-dhommages-a-titre-posthume-au-pr-fernand-sanou-un-faiseur-de-capital-humain","name":"Journ\u00e9e d\u2019hommages \u00e0 titre posthume au Pr Fernand Sanou, un faiseur de capital humain ! - Burkina Faso","isPartOf":{"@id":"https:\/\/www.africa-press.net\/burkina-faso\/#website"},"primaryImageOfPage":{"@id":"https:\/\/www.africa-press.net\/burkina-faso\/parties\/burkina-journee-dhommages-a-titre-posthume-au-pr-fernand-sanou-un-faiseur-de-capital-humain#primaryimage"},"image":{"@id":"https:\/\/www.africa-press.net\/burkina-faso\/parties\/burkina-journee-dhommages-a-titre-posthume-au-pr-fernand-sanou-un-faiseur-de-capital-humain#primaryimage"},"thumbnailUrl":"https:\/\/static.africa-press.net\/burkina\/sites\/42\/2021\/06\/img-60bf8f5b047cf.jpg","datePublished":"2021-06-08T16:16:24+00:00","dateModified":"2021-06-08T17:02:30+00:00","author":{"@id":"https:\/\/www.africa-press.net\/burkina-faso\/#\/schema\/person\/2b1cf3cd81a31e3cd26889ca66d677f1"},"description":"Le 4 juin 2020, Pr Fernand Sanou, 3e vice-pr\u00e9sident du Conseil national de la Transition (CNT), ancien cadre du minis ...","breadcrumb":{"@id":"https:\/\/www.africa-press.net\/burkina-faso\/parties\/burkina-journee-dhommages-a-titre-posthume-au-pr-fernand-sanou-un-faiseur-de-capital-humain#breadcrumb"},"inLanguage":"fr-FR","potentialAction":[{"@type":"ReadAction","target":["https:\/\/www.africa-press.net\/burkina-faso\/parties\/burkina-journee-dhommages-a-titre-posthume-au-pr-fernand-sanou-un-faiseur-de-capital-humain"]}]},{"@type":"ImageObject","inLanguage":"fr-FR","@id":"https:\/\/www.africa-press.net\/burkina-faso\/parties\/burkina-journee-dhommages-a-titre-posthume-au-pr-fernand-sanou-un-faiseur-de-capital-humain#primaryimage","url":"https:\/\/static.africa-press.net\/burkina\/sites\/42\/2021\/06\/img-60bf8f5b047cf.jpg","contentUrl":"https:\/\/static.africa-press.net\/burkina\/sites\/42\/2021\/06\/img-60bf8f5b047cf.jpg","width":720,"height":624,"caption":"Burkina : Journ\u00e9e d\u2019hommages \u00e0 titre posthume au Pr Fernand Sanou, un faiseur de capital humain !"},{"@type":"BreadcrumbList","@id":"https:\/\/www.africa-press.net\/burkina-faso\/parties\/burkina-journee-dhommages-a-titre-posthume-au-pr-fernand-sanou-un-faiseur-de-capital-humain#breadcrumb","itemListElement":[{"@type":"ListItem","position":1,"name":"Accueil","item":"https:\/\/www.africa-press.net\/burkina-faso\/"},{"@type":"ListItem","position":2,"name":"Journ\u00e9e d\u2019hommages \u00e0 titre posthume au Pr Fernand Sanou, un faiseur de capital humain !"}]},{"@type":"WebSite","@id":"https:\/\/www.africa-press.net\/burkina-faso\/#website","url":"https:\/\/www.africa-press.net\/burkina-faso\/","name":"Burkina Faso","description":"Just another Africa News Agency Sites site","potentialAction":[{"@type":"SearchAction","target":{"@type":"EntryPoint","urlTemplate":"https:\/\/www.africa-press.net\/burkina-faso\/?s={search_term_string}"},"query-input":{"@type":"PropertyValueSpecification","valueRequired":true,"valueName":"search_term_string"}}],"inLanguage":"fr-FR"},{"@type":"Person","@id":"https:\/\/www.africa-press.net\/burkina-faso\/#\/schema\/person\/2b1cf3cd81a31e3cd26889ca66d677f1","name":"cfeditorfr"}]}},"_links":{"self":[{"href":"https:\/\/www.africa-press.net\/burkina-faso\/wp-json\/wp\/v2\/posts\/13625","targetHints":{"allow":["GET"]}}],"collection":[{"href":"https:\/\/www.africa-press.net\/burkina-faso\/wp-json\/wp\/v2\/posts"}],"about":[{"href":"https:\/\/www.africa-press.net\/burkina-faso\/wp-json\/wp\/v2\/types\/post"}],"author":[{"embeddable":true,"href":"https:\/\/www.africa-press.net\/burkina-faso\/wp-json\/wp\/v2\/users\/82"}],"replies":[{"embeddable":true,"href":"https:\/\/www.africa-press.net\/burkina-faso\/wp-json\/wp\/v2\/comments?post=13625"}],"version-history":[{"count":0,"href":"https:\/\/www.africa-press.net\/burkina-faso\/wp-json\/wp\/v2\/posts\/13625\/revisions"}],"wp:featuredmedia":[{"embeddable":true,"href":"https:\/\/www.africa-press.net\/burkina-faso\/wp-json\/wp\/v2\/media\/13624"}],"wp:attachment":[{"href":"https:\/\/www.africa-press.net\/burkina-faso\/wp-json\/wp\/v2\/media?parent=13625"}],"wp:term":[{"taxonomy":"category","embeddable":true,"href":"https:\/\/www.africa-press.net\/burkina-faso\/wp-json\/wp\/v2\/categories?post=13625"},{"taxonomy":"post_tag","embeddable":true,"href":"https:\/\/www.africa-press.net\/burkina-faso\/wp-json\/wp\/v2\/tags?post=13625"}],"curies":[{"name":"wp","href":"https:\/\/api.w.org\/{rel}","templated":true}]}}