{"id":13745,"date":"2021-06-09T15:01:51","date_gmt":"2021-06-09T15:01:51","guid":{"rendered":"https:\/\/www.africa-press.net\/burkina-faso\/?p=13745"},"modified":"2021-06-09T20:19:14","modified_gmt":"2021-06-09T20:19:14","slug":"affaire-solhan-les-medias-epingles-par-le-csc","status":"publish","type":"post","link":"https:\/\/www.africa-press.net\/burkina-faso\/politique\/affaire-solhan-les-medias-epingles-par-le-csc","title":{"rendered":"Affaire Solhan : Les m\u00e9dias \u00ab \u00e9pingl\u00e9s \u00bb par le CSC"},"content":{"rendered":"<p><span style=\"color: #ff6600\"><strong><a href=\"https:\/\/www.africa-press.net\/\">Africa-Press<\/a> &#8211; <a href=\"https:\/\/www.africa-press.net\/burkina-faso\">Burkina Faso<\/a>. <\/strong><\/span><b>Quels sont les m\u00e9dias que le Conseil sup\u00e9rieur de la Communication dit avoir \u00ab \u00e9pingl\u00e9s \u00bb pour avoir relay\u00e9 de \u00ab fausses informations ou diffus\u00e9 des images choquantes comme celles des fosses communes \u00bb sur l\u2019attaque de Solhan ?<\/b><\/p>\n<p>Au cours d\u2019une conf\u00e9rence de presse, anim\u00e9e, ce mercredi 9 juin 2021, le pr\u00e9sident du CSC a cit\u00e9 entre autres les m\u00e9dias suivants : RTB t\u00e9l\u00e9 et radio LCA TV BF1 3TV BURKINA INFO CANAL3 via FRANCE 24 PULSAR via DEUTSCHE WELLE OBSERVATEUR PAALGA AOUAGA.COM WAKATSERA.COM BOIMA.TV INFOWAKAT.NET NETAFRIQUE.NET<\/p>\n<p>\u00ab Une lettre d\u2019observation est envoy\u00e9e \u00e0 ces m\u00e9dias pour leur dire de faire attention parce qu\u2019ils ont manqu\u00e9 \u00e0 leur obligation de v\u00e9rification de la source. Ce n\u2019est pas parce que c\u2019est un m\u00e9dia cr\u00e9dible qu\u2019il faut reprendre l\u2019information. Il y en a qui l\u2019ont repris sans citer la source qui est Om\u00e9ga \u00bb, a indiqu\u00e9 Mathias Tankoano.<\/p>\n","protected":false},"excerpt":{"rendered":"<p>Africa-Press &#8211; Burkina Faso. Quels sont les m\u00e9dias que le Conseil sup\u00e9rieur de la Communication dit avoir \u00ab \u00e9pingl\u00e9s \u00bb pour avoir relay\u00e9 de \u00ab fausses informations ou diffus\u00e9 des images choquantes comme celles des fosses communes \u00bb sur l\u2019attaque de Solhan ? Au cours d\u2019une conf\u00e9rence de presse, anim\u00e9e, ce mercredi 9 juin 2021, [&hellip;]<\/p>\n","protected":false},"author":82,"featured_media":13744,"comment_status":"open","ping_status":"closed","sticky":false,"template":"","format":"standard","meta":{"footnotes":""},"categories":[11,2,20,10],"tags":[111,725,29],"class_list":["post-13745","post","type-post","status-publish","format-standard","has-post-thumbnail","hentry","category-homepage-french","category-politique","category-top-nouvelles","category-toutes-les-actualites","tag-africa-press","tag-africa-press-burkina-faso","tag-burkina-faso"],"yoast_head":"<!-- This site is optimized with the Yoast SEO Premium plugin v26.1 (Yoast SEO v27.0) - https:\/\/yoast.com\/product\/yoast-seo-premium-wordpress\/ -->\n<title>Affaire Solhan : Les m\u00e9dias \u00ab \u00e9pingl\u00e9s \u00bb par le CSC - Burkina Faso<\/title>\n<meta name=\"description\" content=\"Quels sont les m\u00e9dias que le Conseil sup\u00e9rieur de la Communication dit avoir \u00ab \u00e9pingl\u00e9s \u00bb pour avoir relay\u00e9 de \u00ab faus ...\" \/>\n<meta name=\"robots\" content=\"index, follow, max-snippet:-1, max-image-preview:large, max-video-preview:-1\" \/>\n<link rel=\"canonical\" href=\"https:\/\/www.africa-press.net\/burkina-faso\/politique\/affaire-solhan-les-medias-epingles-par-le-csc\" \/>\n<meta property=\"og:locale\" content=\"fr_FR\" \/>\n<meta property=\"og:type\" content=\"article\" \/>\n<meta property=\"og:title\" content=\"Affaire Solhan : Les m\u00e9dias \u00ab \u00e9pingl\u00e9s \u00bb par le CSC\" \/>\n<meta property=\"og:description\" content=\"Quels sont les m\u00e9dias que le Conseil sup\u00e9rieur de la Communication dit avoir \u00ab \u00e9pingl\u00e9s \u00bb pour avoir relay\u00e9 de \u00ab faus ...\" \/>\n<meta property=\"og:url\" content=\"https:\/\/www.africa-press.net\/burkina-faso\/politique\/affaire-solhan-les-medias-epingles-par-le-csc\" \/>\n<meta property=\"og:site_name\" content=\"Burkina Faso\" \/>\n<meta property=\"article:published_time\" content=\"2021-06-09T15:01:51+00:00\" \/>\n<meta property=\"article:modified_time\" content=\"2021-06-09T20:19:14+00:00\" \/>\n<meta property=\"og:image\" content=\"https:\/\/static.africa-press.net\/burkina\/sites\/42\/2021\/06\/img-60c0c3e2f2c8f.jpg\" \/>\n\t<meta property=\"og:image:width\" content=\"720\" \/>\n\t<meta property=\"og:image:height\" content=\"358\" \/>\n\t<meta property=\"og:image:type\" content=\"image\/jpeg\" \/>\n<meta name=\"author\" content=\"cfeditorfr\" \/>\n<meta name=\"twitter:card\" content=\"summary_large_image\" \/>\n<meta name=\"twitter:label1\" content=\"\u00c9crit par\" \/>\n\t<meta name=\"twitter:data1\" content=\"cfeditorfr\" \/>\n\t<meta name=\"twitter:label2\" content=\"Dur\u00e9e de lecture estim\u00e9e\" \/>\n\t<meta name=\"twitter:data2\" content=\"1 minute\" \/>\n<script type=\"application\/ld+json\" class=\"yoast-schema-graph\">{\"@context\":\"https:\/\/schema.org\",\"@graph\":[{\"@type\":\"Article\",\"@id\":\"https:\/\/www.africa-press.net\/burkina-faso\/politique\/affaire-solhan-les-medias-epingles-par-le-csc#article\",\"isPartOf\":{\"@id\":\"https:\/\/www.africa-press.net\/burkina-faso\/politique\/affaire-solhan-les-medias-epingles-par-le-csc\"},\"author\":{\"name\":\"cfeditorfr\",\"@id\":\"https:\/\/www.africa-press.net\/burkina-faso\/#\/schema\/person\/2b1cf3cd81a31e3cd26889ca66d677f1\"},\"headline\":\"Affaire Solhan : Les m\u00e9dias \u00ab \u00e9pingl\u00e9s \u00bb par le CSC\",\"datePublished\":\"2021-06-09T15:01:51+00:00\",\"dateModified\":\"2021-06-09T20:19:14+00:00\",\"mainEntityOfPage\":{\"@id\":\"https:\/\/www.africa-press.net\/burkina-faso\/politique\/affaire-solhan-les-medias-epingles-par-le-csc\"},\"wordCount\":176,\"commentCount\":0,\"image\":{\"@id\":\"https:\/\/www.africa-press.net\/burkina-faso\/politique\/affaire-solhan-les-medias-epingles-par-le-csc#primaryimage\"},\"thumbnailUrl\":\"https:\/\/static.africa-press.net\/burkina\/sites\/42\/2021\/06\/img-60c0c3e2f2c8f.jpg\",\"keywords\":[\"Africa Press\",\"Africa Press-Burkina Faso\",\"Burkina Faso\"],\"articleSection\":[\"homepage-french\",\"Politique\",\"Top Nouvelles\",\"Toutes les actualit\u00e9s\"],\"inLanguage\":\"fr-FR\",\"potentialAction\":[{\"@type\":\"CommentAction\",\"name\":\"Comment\",\"target\":[\"https:\/\/www.africa-press.net\/burkina-faso\/politique\/affaire-solhan-les-medias-epingles-par-le-csc#respond\"]}]},{\"@type\":\"WebPage\",\"@id\":\"https:\/\/www.africa-press.net\/burkina-faso\/politique\/affaire-solhan-les-medias-epingles-par-le-csc\",\"url\":\"https:\/\/www.africa-press.net\/burkina-faso\/politique\/affaire-solhan-les-medias-epingles-par-le-csc\",\"name\":\"Affaire Solhan : Les m\u00e9dias \u00ab \u00e9pingl\u00e9s \u00bb par le CSC - Burkina Faso\",\"isPartOf\":{\"@id\":\"https:\/\/www.africa-press.net\/burkina-faso\/#website\"},\"primaryImageOfPage\":{\"@id\":\"https:\/\/www.africa-press.net\/burkina-faso\/politique\/affaire-solhan-les-medias-epingles-par-le-csc#primaryimage\"},\"image\":{\"@id\":\"https:\/\/www.africa-press.net\/burkina-faso\/politique\/affaire-solhan-les-medias-epingles-par-le-csc#primaryimage\"},\"thumbnailUrl\":\"https:\/\/static.africa-press.net\/burkina\/sites\/42\/2021\/06\/img-60c0c3e2f2c8f.jpg\",\"datePublished\":\"2021-06-09T15:01:51+00:00\",\"dateModified\":\"2021-06-09T20:19:14+00:00\",\"author\":{\"@id\":\"https:\/\/www.africa-press.net\/burkina-faso\/#\/schema\/person\/2b1cf3cd81a31e3cd26889ca66d677f1\"},\"description\":\"Quels sont les m\u00e9dias que le Conseil sup\u00e9rieur de la Communication dit avoir \u00ab \u00e9pingl\u00e9s \u00bb pour avoir relay\u00e9 de \u00ab faus ...\",\"breadcrumb\":{\"@id\":\"https:\/\/www.africa-press.net\/burkina-faso\/politique\/affaire-solhan-les-medias-epingles-par-le-csc#breadcrumb\"},\"inLanguage\":\"fr-FR\",\"potentialAction\":[{\"@type\":\"ReadAction\",\"target\":[\"https:\/\/www.africa-press.net\/burkina-faso\/politique\/affaire-solhan-les-medias-epingles-par-le-csc\"]}]},{\"@type\":\"ImageObject\",\"inLanguage\":\"fr-FR\",\"@id\":\"https:\/\/www.africa-press.net\/burkina-faso\/politique\/affaire-solhan-les-medias-epingles-par-le-csc#primaryimage\",\"url\":\"https:\/\/static.africa-press.net\/burkina\/sites\/42\/2021\/06\/img-60c0c3e2f2c8f.jpg\",\"contentUrl\":\"https:\/\/static.africa-press.net\/burkina\/sites\/42\/2021\/06\/img-60c0c3e2f2c8f.jpg\",\"width\":720,\"height\":358,\"caption\":\"Affaire Solhan : Les m\u00e9dias \u00ab \u00e9pingl\u00e9s \u00bb par le CSC\"},{\"@type\":\"BreadcrumbList\",\"@id\":\"https:\/\/www.africa-press.net\/burkina-faso\/politique\/affaire-solhan-les-medias-epingles-par-le-csc#breadcrumb\",\"itemListElement\":[{\"@type\":\"ListItem\",\"position\":1,\"name\":\"Accueil\",\"item\":\"https:\/\/www.africa-press.net\/burkina-faso\/\"},{\"@type\":\"ListItem\",\"position\":2,\"name\":\"Affaire Solhan : Les m\u00e9dias \u00ab \u00e9pingl\u00e9s \u00bb par le CSC\"}]},{\"@type\":\"WebSite\",\"@id\":\"https:\/\/www.africa-press.net\/burkina-faso\/#website\",\"url\":\"https:\/\/www.africa-press.net\/burkina-faso\/\",\"name\":\"Burkina Faso\",\"description\":\"Just another Africa News Agency Sites site\",\"potentialAction\":[{\"@type\":\"SearchAction\",\"target\":{\"@type\":\"EntryPoint\",\"urlTemplate\":\"https:\/\/www.africa-press.net\/burkina-faso\/?s={search_term_string}\"},\"query-input\":{\"@type\":\"PropertyValueSpecification\",\"valueRequired\":true,\"valueName\":\"search_term_string\"}}],\"inLanguage\":\"fr-FR\"},{\"@type\":\"Person\",\"@id\":\"https:\/\/www.africa-press.net\/burkina-faso\/#\/schema\/person\/2b1cf3cd81a31e3cd26889ca66d677f1\",\"name\":\"cfeditorfr\"}]}<\/script>\n<!-- \/ Yoast SEO Premium plugin. -->","yoast_head_json":{"title":"Affaire Solhan : Les m\u00e9dias \u00ab \u00e9pingl\u00e9s \u00bb par le CSC - Burkina Faso","description":"Quels sont les m\u00e9dias que le Conseil sup\u00e9rieur de la Communication dit avoir \u00ab \u00e9pingl\u00e9s \u00bb pour avoir relay\u00e9 de \u00ab faus ...","robots":{"index":"index","follow":"follow","max-snippet":"max-snippet:-1","max-image-preview":"max-image-preview:large","max-video-preview":"max-video-preview:-1"},"canonical":"https:\/\/www.africa-press.net\/burkina-faso\/politique\/affaire-solhan-les-medias-epingles-par-le-csc","og_locale":"fr_FR","og_type":"article","og_title":"Affaire Solhan : Les m\u00e9dias \u00ab \u00e9pingl\u00e9s \u00bb par le CSC","og_description":"Quels sont les m\u00e9dias que le Conseil sup\u00e9rieur de la Communication dit avoir \u00ab \u00e9pingl\u00e9s \u00bb pour avoir relay\u00e9 de \u00ab faus ...","og_url":"https:\/\/www.africa-press.net\/burkina-faso\/politique\/affaire-solhan-les-medias-epingles-par-le-csc","og_site_name":"Burkina Faso","article_published_time":"2021-06-09T15:01:51+00:00","article_modified_time":"2021-06-09T20:19:14+00:00","og_image":[{"width":720,"height":358,"url":"https:\/\/static.africa-press.net\/burkina\/sites\/42\/2021\/06\/img-60c0c3e2f2c8f.jpg","type":"image\/jpeg"}],"author":"cfeditorfr","twitter_card":"summary_large_image","twitter_misc":{"\u00c9crit par":"cfeditorfr","Dur\u00e9e de lecture estim\u00e9e":"1 minute"},"schema":{"@context":"https:\/\/schema.org","@graph":[{"@type":"Article","@id":"https:\/\/www.africa-press.net\/burkina-faso\/politique\/affaire-solhan-les-medias-epingles-par-le-csc#article","isPartOf":{"@id":"https:\/\/www.africa-press.net\/burkina-faso\/politique\/affaire-solhan-les-medias-epingles-par-le-csc"},"author":{"name":"cfeditorfr","@id":"https:\/\/www.africa-press.net\/burkina-faso\/#\/schema\/person\/2b1cf3cd81a31e3cd26889ca66d677f1"},"headline":"Affaire Solhan : Les m\u00e9dias \u00ab \u00e9pingl\u00e9s \u00bb par le CSC","datePublished":"2021-06-09T15:01:51+00:00","dateModified":"2021-06-09T20:19:14+00:00","mainEntityOfPage":{"@id":"https:\/\/www.africa-press.net\/burkina-faso\/politique\/affaire-solhan-les-medias-epingles-par-le-csc"},"wordCount":176,"commentCount":0,"image":{"@id":"https:\/\/www.africa-press.net\/burkina-faso\/politique\/affaire-solhan-les-medias-epingles-par-le-csc#primaryimage"},"thumbnailUrl":"https:\/\/static.africa-press.net\/burkina\/sites\/42\/2021\/06\/img-60c0c3e2f2c8f.jpg","keywords":["Africa Press","Africa Press-Burkina Faso","Burkina Faso"],"articleSection":["homepage-french","Politique","Top Nouvelles","Toutes les actualit\u00e9s"],"inLanguage":"fr-FR","potentialAction":[{"@type":"CommentAction","name":"Comment","target":["https:\/\/www.africa-press.net\/burkina-faso\/politique\/affaire-solhan-les-medias-epingles-par-le-csc#respond"]}]},{"@type":"WebPage","@id":"https:\/\/www.africa-press.net\/burkina-faso\/politique\/affaire-solhan-les-medias-epingles-par-le-csc","url":"https:\/\/www.africa-press.net\/burkina-faso\/politique\/affaire-solhan-les-medias-epingles-par-le-csc","name":"Affaire Solhan : Les m\u00e9dias \u00ab \u00e9pingl\u00e9s \u00bb par le CSC - Burkina Faso","isPartOf":{"@id":"https:\/\/www.africa-press.net\/burkina-faso\/#website"},"primaryImageOfPage":{"@id":"https:\/\/www.africa-press.net\/burkina-faso\/politique\/affaire-solhan-les-medias-epingles-par-le-csc#primaryimage"},"image":{"@id":"https:\/\/www.africa-press.net\/burkina-faso\/politique\/affaire-solhan-les-medias-epingles-par-le-csc#primaryimage"},"thumbnailUrl":"https:\/\/static.africa-press.net\/burkina\/sites\/42\/2021\/06\/img-60c0c3e2f2c8f.jpg","datePublished":"2021-06-09T15:01:51+00:00","dateModified":"2021-06-09T20:19:14+00:00","author":{"@id":"https:\/\/www.africa-press.net\/burkina-faso\/#\/schema\/person\/2b1cf3cd81a31e3cd26889ca66d677f1"},"description":"Quels sont les m\u00e9dias que le Conseil sup\u00e9rieur de la Communication dit avoir \u00ab \u00e9pingl\u00e9s \u00bb pour avoir relay\u00e9 de \u00ab faus ...","breadcrumb":{"@id":"https:\/\/www.africa-press.net\/burkina-faso\/politique\/affaire-solhan-les-medias-epingles-par-le-csc#breadcrumb"},"inLanguage":"fr-FR","potentialAction":[{"@type":"ReadAction","target":["https:\/\/www.africa-press.net\/burkina-faso\/politique\/affaire-solhan-les-medias-epingles-par-le-csc"]}]},{"@type":"ImageObject","inLanguage":"fr-FR","@id":"https:\/\/www.africa-press.net\/burkina-faso\/politique\/affaire-solhan-les-medias-epingles-par-le-csc#primaryimage","url":"https:\/\/static.africa-press.net\/burkina\/sites\/42\/2021\/06\/img-60c0c3e2f2c8f.jpg","contentUrl":"https:\/\/static.africa-press.net\/burkina\/sites\/42\/2021\/06\/img-60c0c3e2f2c8f.jpg","width":720,"height":358,"caption":"Affaire Solhan : Les m\u00e9dias \u00ab \u00e9pingl\u00e9s \u00bb par le CSC"},{"@type":"BreadcrumbList","@id":"https:\/\/www.africa-press.net\/burkina-faso\/politique\/affaire-solhan-les-medias-epingles-par-le-csc#breadcrumb","itemListElement":[{"@type":"ListItem","position":1,"name":"Accueil","item":"https:\/\/www.africa-press.net\/burkina-faso\/"},{"@type":"ListItem","position":2,"name":"Affaire Solhan : Les m\u00e9dias \u00ab \u00e9pingl\u00e9s \u00bb par le CSC"}]},{"@type":"WebSite","@id":"https:\/\/www.africa-press.net\/burkina-faso\/#website","url":"https:\/\/www.africa-press.net\/burkina-faso\/","name":"Burkina Faso","description":"Just another Africa News Agency Sites site","potentialAction":[{"@type":"SearchAction","target":{"@type":"EntryPoint","urlTemplate":"https:\/\/www.africa-press.net\/burkina-faso\/?s={search_term_string}"},"query-input":{"@type":"PropertyValueSpecification","valueRequired":true,"valueName":"search_term_string"}}],"inLanguage":"fr-FR"},{"@type":"Person","@id":"https:\/\/www.africa-press.net\/burkina-faso\/#\/schema\/person\/2b1cf3cd81a31e3cd26889ca66d677f1","name":"cfeditorfr"}]}},"_links":{"self":[{"href":"https:\/\/www.africa-press.net\/burkina-faso\/wp-json\/wp\/v2\/posts\/13745","targetHints":{"allow":["GET"]}}],"collection":[{"href":"https:\/\/www.africa-press.net\/burkina-faso\/wp-json\/wp\/v2\/posts"}],"about":[{"href":"https:\/\/www.africa-press.net\/burkina-faso\/wp-json\/wp\/v2\/types\/post"}],"author":[{"embeddable":true,"href":"https:\/\/www.africa-press.net\/burkina-faso\/wp-json\/wp\/v2\/users\/82"}],"replies":[{"embeddable":true,"href":"https:\/\/www.africa-press.net\/burkina-faso\/wp-json\/wp\/v2\/comments?post=13745"}],"version-history":[{"count":0,"href":"https:\/\/www.africa-press.net\/burkina-faso\/wp-json\/wp\/v2\/posts\/13745\/revisions"}],"wp:featuredmedia":[{"embeddable":true,"href":"https:\/\/www.africa-press.net\/burkina-faso\/wp-json\/wp\/v2\/media\/13744"}],"wp:attachment":[{"href":"https:\/\/www.africa-press.net\/burkina-faso\/wp-json\/wp\/v2\/media?parent=13745"}],"wp:term":[{"taxonomy":"category","embeddable":true,"href":"https:\/\/www.africa-press.net\/burkina-faso\/wp-json\/wp\/v2\/categories?post=13745"},{"taxonomy":"post_tag","embeddable":true,"href":"https:\/\/www.africa-press.net\/burkina-faso\/wp-json\/wp\/v2\/tags?post=13745"}],"curies":[{"name":"wp","href":"https:\/\/api.w.org\/{rel}","templated":true}]}}