{"id":13806,"date":"2021-06-10T16:56:43","date_gmt":"2021-06-10T16:56:43","guid":{"rendered":"https:\/\/www.africa-press.net\/burkina-faso\/?p=13806"},"modified":"2021-06-10T16:13:57","modified_gmt":"2021-06-10T16:13:57","slug":"gernelle-nous-sommes-tous-des-enfants-burkinabes-et-des-femmes-soudanaises-sauf-m-melenchon","status":"publish","type":"post","link":"https:\/\/www.africa-press.net\/burkina-faso\/dossiers\/gernelle-nous-sommes-tous-des-enfants-burkinabes-et-des-femmes-soudanaises-sauf-m-melenchon","title":{"rendered":"Gernelle \u2013 Nous sommes tous des enfants burkinab\u00e9s et des femmes soudanaises (sauf M. M\u00e9lenchon)"},"content":{"rendered":"<p><span style=\"color: #ff6600\"><strong><a href=\"https:\/\/www.africa-press.net\/\">Africa-Press<\/a> &#8211; <a href=\"https:\/\/www.africa-press.net\/burkina-faso\">Burkina Faso<\/a>. <\/strong><\/span>Nous n&rsquo;avons jamais vu le nombril de M. M\u00e9lenchon, mais il doit \u00eatre grandiose. Car lorsque le Lider Maximo de La France insoumise d\u00e9crit les attentats de Toulouse et Montauban (2012) ou des Champs-\u00c9lys\u00e9es, \u00e0 Paris (2017) comme de \u00ab graves incidents \u00bb servant un objectif \u00e9lectoraliste, il se vautre non seulement dans le complotisme le plus gras (lire l&rsquo;\u00e9ditorial de S\u00e9bastien Le Fol<\/p>\n<p>), mais aussi dans un spectaculaire d\u00e9dain pour les victimes du terrorisme islamiste dans le reste du monde.<\/p>\n<p>Quoi ? Le ph\u00e9nom\u00e8ne ne concernerait que notre pays ? Le Burkina Faso vient, il y a quelques jou&#8230;<\/p>\n<p>Cet article<\/p>\n<p>est r\u00e9serv\u00e9 aux abonn\u00e9s<\/p>\n<p>Illustration : dusault pour \u00ab le point \u00bb<\/p>\n","protected":false},"excerpt":{"rendered":"<p>Africa-Press &#8211; Burkina Faso. Nous n&rsquo;avons jamais vu le nombril de M. M\u00e9lenchon, mais il doit \u00eatre grandiose. Car lorsque le Lider Maximo de La France insoumise d\u00e9crit les attentats de Toulouse et Montauban (2012) ou des Champs-\u00c9lys\u00e9es, \u00e0 Paris (2017) comme de \u00ab graves incidents \u00bb servant un objectif \u00e9lectoraliste, il se vautre non [&hellip;]<\/p>\n","protected":false},"author":82,"featured_media":13805,"comment_status":"open","ping_status":"closed","sticky":false,"template":"","format":"standard","meta":{"footnotes":""},"categories":[7,11,20,10],"tags":[111,725,29,2113,738,2112,150,328],"class_list":["post-13806","post","type-post","status-publish","format-standard","has-post-thumbnail","hentry","category-dossiers","category-homepage-french","category-top-nouvelles","category-toutes-les-actualites","tag-africa-press","tag-africa-press-burkina-faso","tag-burkina-faso","tag-debats","tag-internationales","tag-ledito-detienne-gernelle","tag-politique","tag-societe"],"yoast_head":"<!-- This site is optimized with the Yoast SEO Premium plugin v26.1 (Yoast SEO v27.0) - https:\/\/yoast.com\/product\/yoast-seo-premium-wordpress\/ -->\n<title>Gernelle \u2013 Nous sommes tous des enfants burkinab\u00e9s et des femmes soudanaises (sauf M. M\u00e9lenchon) - Burkina Faso<\/title>\n<meta name=\"description\" content=\"Nous n&#039;avons jamais vu le nombril de M. M\u00e9lenchon, mais il doit \u00eatre grandiose. Car lorsque le Lider Maximo de La France ...\" \/>\n<meta name=\"robots\" content=\"index, follow, max-snippet:-1, max-image-preview:large, max-video-preview:-1\" \/>\n<link rel=\"canonical\" href=\"https:\/\/www.africa-press.net\/burkina-faso\/dossiers\/gernelle-nous-sommes-tous-des-enfants-burkinabes-et-des-femmes-soudanaises-sauf-m-melenchon\" \/>\n<meta property=\"og:locale\" content=\"fr_FR\" \/>\n<meta property=\"og:type\" content=\"article\" \/>\n<meta property=\"og:title\" content=\"Gernelle \u2013 Nous sommes tous des enfants burkinab\u00e9s et des femmes soudanaises (sauf M. M\u00e9lenchon)\" \/>\n<meta property=\"og:description\" content=\"Nous n&#039;avons jamais vu le nombril de M. M\u00e9lenchon, mais il doit \u00eatre grandiose. Car lorsque le Lider Maximo de La France ...\" \/>\n<meta property=\"og:url\" content=\"https:\/\/www.africa-press.net\/burkina-faso\/dossiers\/gernelle-nous-sommes-tous-des-enfants-burkinabes-et-des-femmes-soudanaises-sauf-m-melenchon\" \/>\n<meta property=\"og:site_name\" content=\"Burkina Faso\" \/>\n<meta property=\"article:published_time\" content=\"2021-06-10T16:56:43+00:00\" \/>\n<meta property=\"og:image\" content=\"https:\/\/static.africa-press.net\/burkina\/sites\/42\/2021\/06\/img-60c23a1b2cf1d.jpg\" \/>\n\t<meta property=\"og:image:width\" content=\"720\" \/>\n\t<meta property=\"og:image:height\" content=\"376\" \/>\n\t<meta property=\"og:image:type\" content=\"image\/jpeg\" \/>\n<meta name=\"author\" content=\"cfeditorfr\" \/>\n<meta name=\"twitter:card\" content=\"summary_large_image\" \/>\n<meta name=\"twitter:label1\" content=\"\u00c9crit par\" \/>\n\t<meta name=\"twitter:data1\" content=\"cfeditorfr\" \/>\n\t<meta name=\"twitter:label2\" content=\"Dur\u00e9e de lecture estim\u00e9e\" \/>\n\t<meta name=\"twitter:data2\" content=\"1 minute\" \/>\n<script type=\"application\/ld+json\" class=\"yoast-schema-graph\">{\"@context\":\"https:\/\/schema.org\",\"@graph\":[{\"@type\":\"Article\",\"@id\":\"https:\/\/www.africa-press.net\/burkina-faso\/dossiers\/gernelle-nous-sommes-tous-des-enfants-burkinabes-et-des-femmes-soudanaises-sauf-m-melenchon#article\",\"isPartOf\":{\"@id\":\"https:\/\/www.africa-press.net\/burkina-faso\/dossiers\/gernelle-nous-sommes-tous-des-enfants-burkinabes-et-des-femmes-soudanaises-sauf-m-melenchon\"},\"author\":{\"name\":\"cfeditorfr\",\"@id\":\"https:\/\/www.africa-press.net\/burkina-faso\/#\/schema\/person\/2b1cf3cd81a31e3cd26889ca66d677f1\"},\"headline\":\"Gernelle \u2013 Nous sommes tous des enfants burkinab\u00e9s et des femmes soudanaises (sauf M. M\u00e9lenchon)\",\"datePublished\":\"2021-06-10T16:56:43+00:00\",\"mainEntityOfPage\":{\"@id\":\"https:\/\/www.africa-press.net\/burkina-faso\/dossiers\/gernelle-nous-sommes-tous-des-enfants-burkinabes-et-des-femmes-soudanaises-sauf-m-melenchon\"},\"wordCount\":136,\"commentCount\":0,\"image\":{\"@id\":\"https:\/\/www.africa-press.net\/burkina-faso\/dossiers\/gernelle-nous-sommes-tous-des-enfants-burkinabes-et-des-femmes-soudanaises-sauf-m-melenchon#primaryimage\"},\"thumbnailUrl\":\"https:\/\/static.africa-press.net\/burkina\/sites\/42\/2021\/06\/img-60c23a1b2cf1d.jpg\",\"keywords\":[\"Africa Press\",\"Africa Press-Burkina Faso\",\"Burkina Faso\",\"D\u00e9bats\",\"Internationales\",\"L'\u00e9dito d'Etienne Gernelle\",\"Politique\",\"Soci\u00e9t\u00e9\"],\"articleSection\":[\"Dossiers\",\"homepage-french\",\"Top Nouvelles\",\"Toutes les actualit\u00e9s\"],\"inLanguage\":\"fr-FR\",\"potentialAction\":[{\"@type\":\"CommentAction\",\"name\":\"Comment\",\"target\":[\"https:\/\/www.africa-press.net\/burkina-faso\/dossiers\/gernelle-nous-sommes-tous-des-enfants-burkinabes-et-des-femmes-soudanaises-sauf-m-melenchon#respond\"]}]},{\"@type\":\"WebPage\",\"@id\":\"https:\/\/www.africa-press.net\/burkina-faso\/dossiers\/gernelle-nous-sommes-tous-des-enfants-burkinabes-et-des-femmes-soudanaises-sauf-m-melenchon\",\"url\":\"https:\/\/www.africa-press.net\/burkina-faso\/dossiers\/gernelle-nous-sommes-tous-des-enfants-burkinabes-et-des-femmes-soudanaises-sauf-m-melenchon\",\"name\":\"Gernelle \u2013 Nous sommes tous des enfants burkinab\u00e9s et des femmes soudanaises (sauf M. M\u00e9lenchon) - Burkina Faso\",\"isPartOf\":{\"@id\":\"https:\/\/www.africa-press.net\/burkina-faso\/#website\"},\"primaryImageOfPage\":{\"@id\":\"https:\/\/www.africa-press.net\/burkina-faso\/dossiers\/gernelle-nous-sommes-tous-des-enfants-burkinabes-et-des-femmes-soudanaises-sauf-m-melenchon#primaryimage\"},\"image\":{\"@id\":\"https:\/\/www.africa-press.net\/burkina-faso\/dossiers\/gernelle-nous-sommes-tous-des-enfants-burkinabes-et-des-femmes-soudanaises-sauf-m-melenchon#primaryimage\"},\"thumbnailUrl\":\"https:\/\/static.africa-press.net\/burkina\/sites\/42\/2021\/06\/img-60c23a1b2cf1d.jpg\",\"datePublished\":\"2021-06-10T16:56:43+00:00\",\"author\":{\"@id\":\"https:\/\/www.africa-press.net\/burkina-faso\/#\/schema\/person\/2b1cf3cd81a31e3cd26889ca66d677f1\"},\"description\":\"Nous n'avons jamais vu le nombril de M. M\u00e9lenchon, mais il doit \u00eatre grandiose. Car lorsque le Lider Maximo de La France ...\",\"breadcrumb\":{\"@id\":\"https:\/\/www.africa-press.net\/burkina-faso\/dossiers\/gernelle-nous-sommes-tous-des-enfants-burkinabes-et-des-femmes-soudanaises-sauf-m-melenchon#breadcrumb\"},\"inLanguage\":\"fr-FR\",\"potentialAction\":[{\"@type\":\"ReadAction\",\"target\":[\"https:\/\/www.africa-press.net\/burkina-faso\/dossiers\/gernelle-nous-sommes-tous-des-enfants-burkinabes-et-des-femmes-soudanaises-sauf-m-melenchon\"]}]},{\"@type\":\"ImageObject\",\"inLanguage\":\"fr-FR\",\"@id\":\"https:\/\/www.africa-press.net\/burkina-faso\/dossiers\/gernelle-nous-sommes-tous-des-enfants-burkinabes-et-des-femmes-soudanaises-sauf-m-melenchon#primaryimage\",\"url\":\"https:\/\/static.africa-press.net\/burkina\/sites\/42\/2021\/06\/img-60c23a1b2cf1d.jpg\",\"contentUrl\":\"https:\/\/static.africa-press.net\/burkina\/sites\/42\/2021\/06\/img-60c23a1b2cf1d.jpg\",\"width\":720,\"height\":376,\"caption\":\"Gernelle \u2013 Nous sommes tous des enfants burkinab\u00e9s et des femmes soudanaises (sauf M. M\u00e9lenchon)\"},{\"@type\":\"BreadcrumbList\",\"@id\":\"https:\/\/www.africa-press.net\/burkina-faso\/dossiers\/gernelle-nous-sommes-tous-des-enfants-burkinabes-et-des-femmes-soudanaises-sauf-m-melenchon#breadcrumb\",\"itemListElement\":[{\"@type\":\"ListItem\",\"position\":1,\"name\":\"Accueil\",\"item\":\"https:\/\/www.africa-press.net\/burkina-faso\/\"},{\"@type\":\"ListItem\",\"position\":2,\"name\":\"Gernelle \u2013 Nous sommes tous des enfants burkinab\u00e9s et des femmes soudanaises (sauf M. M\u00e9lenchon)\"}]},{\"@type\":\"WebSite\",\"@id\":\"https:\/\/www.africa-press.net\/burkina-faso\/#website\",\"url\":\"https:\/\/www.africa-press.net\/burkina-faso\/\",\"name\":\"Burkina Faso\",\"description\":\"Just another Africa News Agency Sites site\",\"potentialAction\":[{\"@type\":\"SearchAction\",\"target\":{\"@type\":\"EntryPoint\",\"urlTemplate\":\"https:\/\/www.africa-press.net\/burkina-faso\/?s={search_term_string}\"},\"query-input\":{\"@type\":\"PropertyValueSpecification\",\"valueRequired\":true,\"valueName\":\"search_term_string\"}}],\"inLanguage\":\"fr-FR\"},{\"@type\":\"Person\",\"@id\":\"https:\/\/www.africa-press.net\/burkina-faso\/#\/schema\/person\/2b1cf3cd81a31e3cd26889ca66d677f1\",\"name\":\"cfeditorfr\"}]}<\/script>\n<!-- \/ Yoast SEO Premium plugin. -->","yoast_head_json":{"title":"Gernelle \u2013 Nous sommes tous des enfants burkinab\u00e9s et des femmes soudanaises (sauf M. M\u00e9lenchon) - Burkina Faso","description":"Nous n'avons jamais vu le nombril de M. M\u00e9lenchon, mais il doit \u00eatre grandiose. Car lorsque le Lider Maximo de La France ...","robots":{"index":"index","follow":"follow","max-snippet":"max-snippet:-1","max-image-preview":"max-image-preview:large","max-video-preview":"max-video-preview:-1"},"canonical":"https:\/\/www.africa-press.net\/burkina-faso\/dossiers\/gernelle-nous-sommes-tous-des-enfants-burkinabes-et-des-femmes-soudanaises-sauf-m-melenchon","og_locale":"fr_FR","og_type":"article","og_title":"Gernelle \u2013 Nous sommes tous des enfants burkinab\u00e9s et des femmes soudanaises (sauf M. M\u00e9lenchon)","og_description":"Nous n'avons jamais vu le nombril de M. M\u00e9lenchon, mais il doit \u00eatre grandiose. Car lorsque le Lider Maximo de La France ...","og_url":"https:\/\/www.africa-press.net\/burkina-faso\/dossiers\/gernelle-nous-sommes-tous-des-enfants-burkinabes-et-des-femmes-soudanaises-sauf-m-melenchon","og_site_name":"Burkina Faso","article_published_time":"2021-06-10T16:56:43+00:00","og_image":[{"width":720,"height":376,"url":"https:\/\/static.africa-press.net\/burkina\/sites\/42\/2021\/06\/img-60c23a1b2cf1d.jpg","type":"image\/jpeg"}],"author":"cfeditorfr","twitter_card":"summary_large_image","twitter_misc":{"\u00c9crit par":"cfeditorfr","Dur\u00e9e de lecture estim\u00e9e":"1 minute"},"schema":{"@context":"https:\/\/schema.org","@graph":[{"@type":"Article","@id":"https:\/\/www.africa-press.net\/burkina-faso\/dossiers\/gernelle-nous-sommes-tous-des-enfants-burkinabes-et-des-femmes-soudanaises-sauf-m-melenchon#article","isPartOf":{"@id":"https:\/\/www.africa-press.net\/burkina-faso\/dossiers\/gernelle-nous-sommes-tous-des-enfants-burkinabes-et-des-femmes-soudanaises-sauf-m-melenchon"},"author":{"name":"cfeditorfr","@id":"https:\/\/www.africa-press.net\/burkina-faso\/#\/schema\/person\/2b1cf3cd81a31e3cd26889ca66d677f1"},"headline":"Gernelle \u2013 Nous sommes tous des enfants burkinab\u00e9s et des femmes soudanaises (sauf M. M\u00e9lenchon)","datePublished":"2021-06-10T16:56:43+00:00","mainEntityOfPage":{"@id":"https:\/\/www.africa-press.net\/burkina-faso\/dossiers\/gernelle-nous-sommes-tous-des-enfants-burkinabes-et-des-femmes-soudanaises-sauf-m-melenchon"},"wordCount":136,"commentCount":0,"image":{"@id":"https:\/\/www.africa-press.net\/burkina-faso\/dossiers\/gernelle-nous-sommes-tous-des-enfants-burkinabes-et-des-femmes-soudanaises-sauf-m-melenchon#primaryimage"},"thumbnailUrl":"https:\/\/static.africa-press.net\/burkina\/sites\/42\/2021\/06\/img-60c23a1b2cf1d.jpg","keywords":["Africa Press","Africa Press-Burkina Faso","Burkina Faso","D\u00e9bats","Internationales","L'\u00e9dito d'Etienne Gernelle","Politique","Soci\u00e9t\u00e9"],"articleSection":["Dossiers","homepage-french","Top Nouvelles","Toutes les actualit\u00e9s"],"inLanguage":"fr-FR","potentialAction":[{"@type":"CommentAction","name":"Comment","target":["https:\/\/www.africa-press.net\/burkina-faso\/dossiers\/gernelle-nous-sommes-tous-des-enfants-burkinabes-et-des-femmes-soudanaises-sauf-m-melenchon#respond"]}]},{"@type":"WebPage","@id":"https:\/\/www.africa-press.net\/burkina-faso\/dossiers\/gernelle-nous-sommes-tous-des-enfants-burkinabes-et-des-femmes-soudanaises-sauf-m-melenchon","url":"https:\/\/www.africa-press.net\/burkina-faso\/dossiers\/gernelle-nous-sommes-tous-des-enfants-burkinabes-et-des-femmes-soudanaises-sauf-m-melenchon","name":"Gernelle \u2013 Nous sommes tous des enfants burkinab\u00e9s et des femmes soudanaises (sauf M. M\u00e9lenchon) - Burkina Faso","isPartOf":{"@id":"https:\/\/www.africa-press.net\/burkina-faso\/#website"},"primaryImageOfPage":{"@id":"https:\/\/www.africa-press.net\/burkina-faso\/dossiers\/gernelle-nous-sommes-tous-des-enfants-burkinabes-et-des-femmes-soudanaises-sauf-m-melenchon#primaryimage"},"image":{"@id":"https:\/\/www.africa-press.net\/burkina-faso\/dossiers\/gernelle-nous-sommes-tous-des-enfants-burkinabes-et-des-femmes-soudanaises-sauf-m-melenchon#primaryimage"},"thumbnailUrl":"https:\/\/static.africa-press.net\/burkina\/sites\/42\/2021\/06\/img-60c23a1b2cf1d.jpg","datePublished":"2021-06-10T16:56:43+00:00","author":{"@id":"https:\/\/www.africa-press.net\/burkina-faso\/#\/schema\/person\/2b1cf3cd81a31e3cd26889ca66d677f1"},"description":"Nous n'avons jamais vu le nombril de M. M\u00e9lenchon, mais il doit \u00eatre grandiose. Car lorsque le Lider Maximo de La France ...","breadcrumb":{"@id":"https:\/\/www.africa-press.net\/burkina-faso\/dossiers\/gernelle-nous-sommes-tous-des-enfants-burkinabes-et-des-femmes-soudanaises-sauf-m-melenchon#breadcrumb"},"inLanguage":"fr-FR","potentialAction":[{"@type":"ReadAction","target":["https:\/\/www.africa-press.net\/burkina-faso\/dossiers\/gernelle-nous-sommes-tous-des-enfants-burkinabes-et-des-femmes-soudanaises-sauf-m-melenchon"]}]},{"@type":"ImageObject","inLanguage":"fr-FR","@id":"https:\/\/www.africa-press.net\/burkina-faso\/dossiers\/gernelle-nous-sommes-tous-des-enfants-burkinabes-et-des-femmes-soudanaises-sauf-m-melenchon#primaryimage","url":"https:\/\/static.africa-press.net\/burkina\/sites\/42\/2021\/06\/img-60c23a1b2cf1d.jpg","contentUrl":"https:\/\/static.africa-press.net\/burkina\/sites\/42\/2021\/06\/img-60c23a1b2cf1d.jpg","width":720,"height":376,"caption":"Gernelle \u2013 Nous sommes tous des enfants burkinab\u00e9s et des femmes soudanaises (sauf M. M\u00e9lenchon)"},{"@type":"BreadcrumbList","@id":"https:\/\/www.africa-press.net\/burkina-faso\/dossiers\/gernelle-nous-sommes-tous-des-enfants-burkinabes-et-des-femmes-soudanaises-sauf-m-melenchon#breadcrumb","itemListElement":[{"@type":"ListItem","position":1,"name":"Accueil","item":"https:\/\/www.africa-press.net\/burkina-faso\/"},{"@type":"ListItem","position":2,"name":"Gernelle \u2013 Nous sommes tous des enfants burkinab\u00e9s et des femmes soudanaises (sauf M. M\u00e9lenchon)"}]},{"@type":"WebSite","@id":"https:\/\/www.africa-press.net\/burkina-faso\/#website","url":"https:\/\/www.africa-press.net\/burkina-faso\/","name":"Burkina Faso","description":"Just another Africa News Agency Sites site","potentialAction":[{"@type":"SearchAction","target":{"@type":"EntryPoint","urlTemplate":"https:\/\/www.africa-press.net\/burkina-faso\/?s={search_term_string}"},"query-input":{"@type":"PropertyValueSpecification","valueRequired":true,"valueName":"search_term_string"}}],"inLanguage":"fr-FR"},{"@type":"Person","@id":"https:\/\/www.africa-press.net\/burkina-faso\/#\/schema\/person\/2b1cf3cd81a31e3cd26889ca66d677f1","name":"cfeditorfr"}]}},"_links":{"self":[{"href":"https:\/\/www.africa-press.net\/burkina-faso\/wp-json\/wp\/v2\/posts\/13806","targetHints":{"allow":["GET"]}}],"collection":[{"href":"https:\/\/www.africa-press.net\/burkina-faso\/wp-json\/wp\/v2\/posts"}],"about":[{"href":"https:\/\/www.africa-press.net\/burkina-faso\/wp-json\/wp\/v2\/types\/post"}],"author":[{"embeddable":true,"href":"https:\/\/www.africa-press.net\/burkina-faso\/wp-json\/wp\/v2\/users\/82"}],"replies":[{"embeddable":true,"href":"https:\/\/www.africa-press.net\/burkina-faso\/wp-json\/wp\/v2\/comments?post=13806"}],"version-history":[{"count":0,"href":"https:\/\/www.africa-press.net\/burkina-faso\/wp-json\/wp\/v2\/posts\/13806\/revisions"}],"wp:featuredmedia":[{"embeddable":true,"href":"https:\/\/www.africa-press.net\/burkina-faso\/wp-json\/wp\/v2\/media\/13805"}],"wp:attachment":[{"href":"https:\/\/www.africa-press.net\/burkina-faso\/wp-json\/wp\/v2\/media?parent=13806"}],"wp:term":[{"taxonomy":"category","embeddable":true,"href":"https:\/\/www.africa-press.net\/burkina-faso\/wp-json\/wp\/v2\/categories?post=13806"},{"taxonomy":"post_tag","embeddable":true,"href":"https:\/\/www.africa-press.net\/burkina-faso\/wp-json\/wp\/v2\/tags?post=13806"}],"curies":[{"name":"wp","href":"https:\/\/api.w.org\/{rel}","templated":true}]}}