{"id":14353,"date":"2021-06-17T14:50:14","date_gmt":"2021-06-17T14:50:14","guid":{"rendered":"https:\/\/www.africa-press.net\/burkina-faso\/?p=14353"},"modified":"2021-06-17T19:15:42","modified_gmt":"2021-06-17T19:15:42","slug":"nour-al-ayatt-ouedraogo-president-de-linterprofession-lait-les-acteurs-beneficient-des-retombees-de-la-filiere","status":"publish","type":"post","link":"https:\/\/www.africa-press.net\/burkina-faso\/economie\/nour-al-ayatt-ouedraogo-president-de-linterprofession-lait-les-acteurs-beneficient-des-retombees-de-la-filiere","title":{"rendered":"Nour Al-Ayatt Ou\u00e9draogo, pr\u00e9sident de l\u2019Interprofession lait : \u00ab Les acteurs b\u00e9n\u00e9ficient des retomb\u00e9es  de la fili\u00e8re \u00bb"},"content":{"rendered":"<p><span style=\"color: #ff6600\"><strong><a href=\"https:\/\/www.africa-press.net\/\">Africa-Press<\/a> &#8211; <a href=\"https:\/\/www.africa-press.net\/burkina-faso\">Burkina Faso<\/a>. <\/strong><\/span><b>Chaque 1er juin, la communaut\u00e9 internationale c\u00e9l\u00e8bre la Journ\u00e9e mondiale du lait. Cette ann\u00e9e, le Burkina Faso comm\u00e9more cette journ\u00e9e en diff\u00e9r\u00e9 le 17 juin 2021, conjointement avec le lancement officiel de l\u2019initiative du pr\u00e9sident du Faso \u00ab Assurer \u00e0 chaque enfant en \u00e2ge scolaire, au moins un repas \u00e9quilibrer par jour \u00bb. A cette occasion, le pr\u00e9sident de l\u2019interprofession lait du Burkina Faso, Nour Al-Ayatt Ou\u00e9draogo, a accord\u00e9 une interview \u00e0 Sidwaya.<\/b><\/p>\n<p><b>Sidwaya (S) : Comment se porte la fili\u00e8re lait local au Burkina Faso ?<\/b><\/p>\n<p><b>Nour Al-Ayatt Ou\u00e9draogo (N.A.O.) :<\/b><\/p>\n<p>Le lait local se d\u00e9finit comme \u00e9tant le lait d\u2019origine animale produit sur le territoire national. Quant \u00e0 la fili\u00e8re, elle se porte bien et fait partie des fili\u00e8res prioritaires au Burkina Faso. Elle est anim\u00e9e par des acteurs tr\u00e8s engag\u00e9s \u00e0 relever le d\u00e9fi de son d\u00e9veloppement par une forte contribution \u00e0 l\u2019am\u00e9lioration de la productivit\u00e9, \u00e0 l\u2019acc\u00e8s au march\u00e9 et \u00e0 la lutte contre la malnutrition ainsi que la pauvret\u00e9. Selon les statistiques, elle contribue fortement \u00e0 l\u2019\u00e9conomie nationale, les acteurs b\u00e9n\u00e9ficient aussi des retomb\u00e9es de la fili\u00e8re.<\/p>\n<p><b>S : Les potentialit\u00e9s de cette fili\u00e8re sont-elles suffisamment explor\u00e9es et exploit\u00e9es au Burkina Faso ?<\/b><\/p>\n<p><b>N. A. O. :<\/b><\/p>\n<p>La zone de libre \u00e9change est faiblement exploit\u00e9e, pour preuve la quantit\u00e9 de lait produit est faiblement transform\u00e9e du fait de l\u2019insuffisance li\u00e9e \u00e0 sa collecte.<\/p>\n<p><b>S : Quelles sont les principales contraintes au d\u00e9veloppement de la fili\u00e8re lait local au pays des Hommes int\u00e8gres ?<\/b><\/p>\n<p><b>N. A. O. :<\/b><\/p>\n<p>Les contraintes sont nombreuses, parmi lesquelles l\u2019absence d\u2019une production continue en toute saison et un faible march\u00e9 en saison hivernale. A cela s\u2019ajoute une faible organisation des acteurs ; c\u2019est ce \u00e0 quoi s\u2019attelle \u00e0 relever l\u2019interprofession lait.<\/p>\n<p><b>S : La communaut\u00e9 internationale c\u00e9l\u00e8bre chaque 1er juin la Journ\u00e9e mondiale du lait. Quel sens faut-il donner \u00e0 cette comm\u00e9moration ?<\/b><\/p>\n<p><b>N. A. O. :<\/b><\/p>\n<p>La zone de libre-\u00e9change est d\u2019une grande importance pour nous en tant qu\u2019acteurs de la fili\u00e8re, car elle marque un arr\u00eat pour r\u00e9fl\u00e9chir aux enjeux li\u00e9s au d\u00e9veloppement du lait local dans notre pays. A l\u2019occasion de cette journ\u00e9e, les acteurs se concerteront avec les d\u00e9cideurs publics, le monde de la recherche ainsi que les fournisseurs et prestataires de services divers.<\/p>\n<p><b>S : Quel est le th\u00e8me de la c\u00e9l\u00e9bration de cette journ\u00e9e en 2021 ?<\/b><\/p>\n<p><b>N. A. O. :<\/b><\/p>\n<p>Cette ann\u00e9e, cette journ\u00e9e est particuli\u00e8re, parce que nous avons l\u2019honneur de la c\u00e9l\u00e9brer avec le lancement de l\u2019Initiative de Son Excellence le Pr\u00e9sident du Faso intitul\u00e9e : \u00ab Assurer \u00e0 chaque enfant en \u00e2ge scolaire, au moins un repas \u00e9quilibr\u00e9 par jour \u00bb. En phase donc avec cette initiative fortement louable, nous avons choisi le th\u00e8me suivant ; \u00ab Lait et produits laitiers locaux dans le menu des cantines scolaires, qu\u2019elles strat\u00e9gies pour accompagner l\u2019initiative du pr\u00e9sident du Faso ? \u00bb.<\/p>\n<p><b>S : Comme vous le soulignez, cette ann\u00e9e, le Burkina Faso comm\u00e9more en diff\u00e9r\u00e9, la Journ\u00e9e mondiale du lait, conjointement avec le lancement officiel de l\u2019initiative pr\u00e9sidentielle. Pourquoi un tel attelage ?<\/b><\/p>\n<p><b>N. A. O. :<\/b><\/p>\n<p>La zone de libre-\u00e9change est engag\u00e9 \u00e0 am\u00e9liorer les conditions d\u2019\u00e9ducation des enfants burkinab\u00e8 en renfor\u00e7ant le menu alimentaire dans les cantines scolaires. La fili\u00e8re lait pourrait fortement contribuer \u00e0 la r\u00e9ussite de cet engagement par l\u2019introduction des produits laitiers dans le menu des cantines scolaires et cela est une bonne chose, car le lait est un aliment complet.<\/p>\n<p><b>S : Visiblement, les producteurs et transformateurs du lait local fondent beaucoup d\u2019espoir sur cette initiative pr\u00e9sidentielle. Quelles sont vos attentes vis-\u00e0-vis de ce projet ?<\/b><\/p>\n<p><b>N. A. O. :<\/b><\/p>\n<p>La zone de libre-\u00e9change est l\u2019acc\u00e8s au march\u00e9 institutionnel, notamment la fourniture des produits laitiers dans les \u00e9coles et bien d\u2019autres entit\u00e9s publiques.<\/p>\n<p><b>S : Outre cette initiative pr\u00e9sidentielle, quelles actions fortes faut-il engager pour un v\u00e9ritable d\u00e9veloppement de la fili\u00e8re lait local au Burkina Faso ?<\/b><\/p>\n<p><b>N. A. O. :<\/b><\/p>\n<p>La zone de libre-\u00e9change est le d\u00e9veloppement de la fili\u00e8re lait local et passe imp\u00e9rativement par le professionnalisme des acteurs. Cela passe aussi par un accompagnement technique et financier, dont les acteurs ont besoin.<\/p>\n<p><b>S : Cette ann\u00e9e, cette comm\u00e9moration co\u00efncide avec l\u2019entr\u00e9e en vigueur de la Zone de libre-\u00e9change continental africaine (ZLECAf). Ce march\u00e9 africain constitue-t-il une opportunit\u00e9 ou une menace pour la fili\u00e8re lait local au \u00ab pays des Hommes int\u00e8gres \u00bb ?<\/b><\/p>\n<p><b>N. A. O. :<\/b><\/p>\n<p>La zone de libre-\u00e9change est une opportunit\u00e9 \u00e0 saisir pour l\u2019ensemble des acteurs de l\u2019\u00e9conomie nationale. Cependant, la fili\u00e8re lait \u00e9tant sur la voie de son d\u00e9veloppement pourrait b\u00e9n\u00e9ficier de ce march\u00e9, si toutefois le professionnalisme est mis en avant par les acteurs que nous sommes.<\/p>\n","protected":false},"excerpt":{"rendered":"<p>Africa-Press &#8211; Burkina Faso. Chaque 1er juin, la communaut\u00e9 internationale c\u00e9l\u00e8bre la Journ\u00e9e mondiale du lait. Cette ann\u00e9e, le Burkina Faso comm\u00e9more cette journ\u00e9e en diff\u00e9r\u00e9 le 17 juin 2021, conjointement avec le lancement officiel de l\u2019initiative du pr\u00e9sident du Faso \u00ab Assurer \u00e0 chaque enfant en \u00e2ge scolaire, au moins un repas \u00e9quilibrer par [&hellip;]<\/p>\n","protected":false},"author":82,"featured_media":14352,"comment_status":"open","ping_status":"closed","sticky":false,"template":"","format":"standard","meta":{"footnotes":""},"categories":[3,11,10],"tags":[111,725,29,2176,1916,2175],"class_list":["post-14353","post","type-post","status-publish","format-standard","has-post-thumbnail","hentry","category-economie","category-homepage-french","category-toutes-les-actualites","tag-africa-press","tag-africa-press-burkina-faso","tag-burkina-faso","tag-interprofession","tag-lait","tag-nour-al-ayatt-ouedraogo"],"yoast_head":"<!-- This site is optimized with the Yoast SEO Premium plugin v26.1 (Yoast SEO v27.0) - https:\/\/yoast.com\/product\/yoast-seo-premium-wordpress\/ -->\n<title>Nour Al-Ayatt Ou\u00e9draogo, pr\u00e9sident de l\u2019Interprofession lait : \u00ab Les acteurs b\u00e9n\u00e9ficient des retomb\u00e9es de la fili\u00e8re \u00bb - Burkina Faso<\/title>\n<meta name=\"description\" content=\"Chaque 1er juin, la communaut\u00e9 internationale c\u00e9l\u00e8bre la Journ\u00e9e mondiale du lait. Cette ann\u00e9e, le Burkina Faso comm\u00e9 ...\" \/>\n<meta name=\"robots\" content=\"index, follow, max-snippet:-1, max-image-preview:large, max-video-preview:-1\" \/>\n<link rel=\"canonical\" href=\"https:\/\/www.africa-press.net\/burkina-faso\/economie\/nour-al-ayatt-ouedraogo-president-de-linterprofession-lait-les-acteurs-beneficient-des-retombees-de-la-filiere\" \/>\n<meta property=\"og:locale\" content=\"fr_FR\" \/>\n<meta property=\"og:type\" content=\"article\" \/>\n<meta property=\"og:title\" content=\"Nour Al-Ayatt Ou\u00e9draogo, pr\u00e9sident de l\u2019Interprofession lait : \u00ab Les acteurs b\u00e9n\u00e9ficient des retomb\u00e9es de la fili\u00e8re \u00bb\" \/>\n<meta property=\"og:description\" content=\"Chaque 1er juin, la communaut\u00e9 internationale c\u00e9l\u00e8bre la Journ\u00e9e mondiale du lait. Cette ann\u00e9e, le Burkina Faso comm\u00e9 ...\" \/>\n<meta property=\"og:url\" content=\"https:\/\/www.africa-press.net\/burkina-faso\/economie\/nour-al-ayatt-ouedraogo-president-de-linterprofession-lait-les-acteurs-beneficient-des-retombees-de-la-filiere\" \/>\n<meta property=\"og:site_name\" content=\"Burkina Faso\" \/>\n<meta property=\"article:published_time\" content=\"2021-06-17T14:50:14+00:00\" \/>\n<meta property=\"article:modified_time\" content=\"2021-06-17T19:15:42+00:00\" \/>\n<meta property=\"og:image\" content=\"https:\/\/static.africa-press.net\/burkina\/sites\/42\/2021\/06\/img-60cb5a4286c03.jpg\" \/>\n\t<meta property=\"og:image:width\" content=\"720\" \/>\n\t<meta property=\"og:image:height\" content=\"567\" \/>\n\t<meta property=\"og:image:type\" content=\"image\/jpeg\" \/>\n<meta name=\"author\" content=\"cfeditorfr\" \/>\n<meta name=\"twitter:card\" content=\"summary_large_image\" \/>\n<meta name=\"twitter:label1\" content=\"\u00c9crit par\" \/>\n\t<meta name=\"twitter:data1\" content=\"cfeditorfr\" \/>\n\t<meta name=\"twitter:label2\" content=\"Dur\u00e9e de lecture estim\u00e9e\" \/>\n\t<meta name=\"twitter:data2\" content=\"4 minutes\" \/>\n<script type=\"application\/ld+json\" class=\"yoast-schema-graph\">{\"@context\":\"https:\/\/schema.org\",\"@graph\":[{\"@type\":\"Article\",\"@id\":\"https:\/\/www.africa-press.net\/burkina-faso\/economie\/nour-al-ayatt-ouedraogo-president-de-linterprofession-lait-les-acteurs-beneficient-des-retombees-de-la-filiere#article\",\"isPartOf\":{\"@id\":\"https:\/\/www.africa-press.net\/burkina-faso\/economie\/nour-al-ayatt-ouedraogo-president-de-linterprofession-lait-les-acteurs-beneficient-des-retombees-de-la-filiere\"},\"author\":{\"name\":\"cfeditorfr\",\"@id\":\"https:\/\/www.africa-press.net\/burkina-faso\/#\/schema\/person\/2b1cf3cd81a31e3cd26889ca66d677f1\"},\"headline\":\"Nour Al-Ayatt Ou\u00e9draogo, pr\u00e9sident de l\u2019Interprofession lait : \u00ab Les acteurs b\u00e9n\u00e9ficient des retomb\u00e9es de la fili\u00e8re \u00bb\",\"datePublished\":\"2021-06-17T14:50:14+00:00\",\"dateModified\":\"2021-06-17T19:15:42+00:00\",\"mainEntityOfPage\":{\"@id\":\"https:\/\/www.africa-press.net\/burkina-faso\/economie\/nour-al-ayatt-ouedraogo-president-de-linterprofession-lait-les-acteurs-beneficient-des-retombees-de-la-filiere\"},\"wordCount\":876,\"commentCount\":0,\"image\":{\"@id\":\"https:\/\/www.africa-press.net\/burkina-faso\/economie\/nour-al-ayatt-ouedraogo-president-de-linterprofession-lait-les-acteurs-beneficient-des-retombees-de-la-filiere#primaryimage\"},\"thumbnailUrl\":\"https:\/\/static.africa-press.net\/burkina\/sites\/42\/2021\/06\/img-60cb5a4286c03.jpg\",\"keywords\":[\"Africa Press\",\"Africa Press-Burkina Faso\",\"Burkina Faso\",\"Interprofession\",\"lait\",\"Nour Al-Ayatt Ou\u00e9draogo\"],\"articleSection\":[\"\u00c9conomie\",\"homepage-french\",\"Toutes les actualit\u00e9s\"],\"inLanguage\":\"fr-FR\",\"potentialAction\":[{\"@type\":\"CommentAction\",\"name\":\"Comment\",\"target\":[\"https:\/\/www.africa-press.net\/burkina-faso\/economie\/nour-al-ayatt-ouedraogo-president-de-linterprofession-lait-les-acteurs-beneficient-des-retombees-de-la-filiere#respond\"]}]},{\"@type\":\"WebPage\",\"@id\":\"https:\/\/www.africa-press.net\/burkina-faso\/economie\/nour-al-ayatt-ouedraogo-president-de-linterprofession-lait-les-acteurs-beneficient-des-retombees-de-la-filiere\",\"url\":\"https:\/\/www.africa-press.net\/burkina-faso\/economie\/nour-al-ayatt-ouedraogo-president-de-linterprofession-lait-les-acteurs-beneficient-des-retombees-de-la-filiere\",\"name\":\"Nour Al-Ayatt Ou\u00e9draogo, pr\u00e9sident de l\u2019Interprofession lait : \u00ab Les acteurs b\u00e9n\u00e9ficient des retomb\u00e9es de la fili\u00e8re \u00bb - Burkina Faso\",\"isPartOf\":{\"@id\":\"https:\/\/www.africa-press.net\/burkina-faso\/#website\"},\"primaryImageOfPage\":{\"@id\":\"https:\/\/www.africa-press.net\/burkina-faso\/economie\/nour-al-ayatt-ouedraogo-president-de-linterprofession-lait-les-acteurs-beneficient-des-retombees-de-la-filiere#primaryimage\"},\"image\":{\"@id\":\"https:\/\/www.africa-press.net\/burkina-faso\/economie\/nour-al-ayatt-ouedraogo-president-de-linterprofession-lait-les-acteurs-beneficient-des-retombees-de-la-filiere#primaryimage\"},\"thumbnailUrl\":\"https:\/\/static.africa-press.net\/burkina\/sites\/42\/2021\/06\/img-60cb5a4286c03.jpg\",\"datePublished\":\"2021-06-17T14:50:14+00:00\",\"dateModified\":\"2021-06-17T19:15:42+00:00\",\"author\":{\"@id\":\"https:\/\/www.africa-press.net\/burkina-faso\/#\/schema\/person\/2b1cf3cd81a31e3cd26889ca66d677f1\"},\"description\":\"Chaque 1er juin, la communaut\u00e9 internationale c\u00e9l\u00e8bre la Journ\u00e9e mondiale du lait. Cette ann\u00e9e, le Burkina Faso comm\u00e9 ...\",\"breadcrumb\":{\"@id\":\"https:\/\/www.africa-press.net\/burkina-faso\/economie\/nour-al-ayatt-ouedraogo-president-de-linterprofession-lait-les-acteurs-beneficient-des-retombees-de-la-filiere#breadcrumb\"},\"inLanguage\":\"fr-FR\",\"potentialAction\":[{\"@type\":\"ReadAction\",\"target\":[\"https:\/\/www.africa-press.net\/burkina-faso\/economie\/nour-al-ayatt-ouedraogo-president-de-linterprofession-lait-les-acteurs-beneficient-des-retombees-de-la-filiere\"]}]},{\"@type\":\"ImageObject\",\"inLanguage\":\"fr-FR\",\"@id\":\"https:\/\/www.africa-press.net\/burkina-faso\/economie\/nour-al-ayatt-ouedraogo-president-de-linterprofession-lait-les-acteurs-beneficient-des-retombees-de-la-filiere#primaryimage\",\"url\":\"https:\/\/static.africa-press.net\/burkina\/sites\/42\/2021\/06\/img-60cb5a4286c03.jpg\",\"contentUrl\":\"https:\/\/static.africa-press.net\/burkina\/sites\/42\/2021\/06\/img-60cb5a4286c03.jpg\",\"width\":720,\"height\":567,\"caption\":\"Nour Al-Ayatt Ou\u00e9draogo, pr\u00e9sident de l\u2019Interprofession lait : \u00ab Les acteurs b\u00e9n\u00e9ficient des retomb\u00e9es de la fili\u00e8re \u00bb\"},{\"@type\":\"BreadcrumbList\",\"@id\":\"https:\/\/www.africa-press.net\/burkina-faso\/economie\/nour-al-ayatt-ouedraogo-president-de-linterprofession-lait-les-acteurs-beneficient-des-retombees-de-la-filiere#breadcrumb\",\"itemListElement\":[{\"@type\":\"ListItem\",\"position\":1,\"name\":\"Accueil\",\"item\":\"https:\/\/www.africa-press.net\/burkina-faso\/\"},{\"@type\":\"ListItem\",\"position\":2,\"name\":\"Nour Al-Ayatt Ou\u00e9draogo, pr\u00e9sident de l\u2019Interprofession lait : \u00ab Les acteurs b\u00e9n\u00e9ficient des retomb\u00e9es de la fili\u00e8re \u00bb\"}]},{\"@type\":\"WebSite\",\"@id\":\"https:\/\/www.africa-press.net\/burkina-faso\/#website\",\"url\":\"https:\/\/www.africa-press.net\/burkina-faso\/\",\"name\":\"Burkina Faso\",\"description\":\"Just another Africa News Agency Sites site\",\"potentialAction\":[{\"@type\":\"SearchAction\",\"target\":{\"@type\":\"EntryPoint\",\"urlTemplate\":\"https:\/\/www.africa-press.net\/burkina-faso\/?s={search_term_string}\"},\"query-input\":{\"@type\":\"PropertyValueSpecification\",\"valueRequired\":true,\"valueName\":\"search_term_string\"}}],\"inLanguage\":\"fr-FR\"},{\"@type\":\"Person\",\"@id\":\"https:\/\/www.africa-press.net\/burkina-faso\/#\/schema\/person\/2b1cf3cd81a31e3cd26889ca66d677f1\",\"name\":\"cfeditorfr\"}]}<\/script>\n<!-- \/ Yoast SEO Premium plugin. -->","yoast_head_json":{"title":"Nour Al-Ayatt Ou\u00e9draogo, pr\u00e9sident de l\u2019Interprofession lait : \u00ab Les acteurs b\u00e9n\u00e9ficient des retomb\u00e9es de la fili\u00e8re \u00bb - Burkina Faso","description":"Chaque 1er juin, la communaut\u00e9 internationale c\u00e9l\u00e8bre la Journ\u00e9e mondiale du lait. Cette ann\u00e9e, le Burkina Faso comm\u00e9 ...","robots":{"index":"index","follow":"follow","max-snippet":"max-snippet:-1","max-image-preview":"max-image-preview:large","max-video-preview":"max-video-preview:-1"},"canonical":"https:\/\/www.africa-press.net\/burkina-faso\/economie\/nour-al-ayatt-ouedraogo-president-de-linterprofession-lait-les-acteurs-beneficient-des-retombees-de-la-filiere","og_locale":"fr_FR","og_type":"article","og_title":"Nour Al-Ayatt Ou\u00e9draogo, pr\u00e9sident de l\u2019Interprofession lait : \u00ab Les acteurs b\u00e9n\u00e9ficient des retomb\u00e9es de la fili\u00e8re \u00bb","og_description":"Chaque 1er juin, la communaut\u00e9 internationale c\u00e9l\u00e8bre la Journ\u00e9e mondiale du lait. Cette ann\u00e9e, le Burkina Faso comm\u00e9 ...","og_url":"https:\/\/www.africa-press.net\/burkina-faso\/economie\/nour-al-ayatt-ouedraogo-president-de-linterprofession-lait-les-acteurs-beneficient-des-retombees-de-la-filiere","og_site_name":"Burkina Faso","article_published_time":"2021-06-17T14:50:14+00:00","article_modified_time":"2021-06-17T19:15:42+00:00","og_image":[{"width":720,"height":567,"url":"https:\/\/static.africa-press.net\/burkina\/sites\/42\/2021\/06\/img-60cb5a4286c03.jpg","type":"image\/jpeg"}],"author":"cfeditorfr","twitter_card":"summary_large_image","twitter_misc":{"\u00c9crit par":"cfeditorfr","Dur\u00e9e de lecture estim\u00e9e":"4 minutes"},"schema":{"@context":"https:\/\/schema.org","@graph":[{"@type":"Article","@id":"https:\/\/www.africa-press.net\/burkina-faso\/economie\/nour-al-ayatt-ouedraogo-president-de-linterprofession-lait-les-acteurs-beneficient-des-retombees-de-la-filiere#article","isPartOf":{"@id":"https:\/\/www.africa-press.net\/burkina-faso\/economie\/nour-al-ayatt-ouedraogo-president-de-linterprofession-lait-les-acteurs-beneficient-des-retombees-de-la-filiere"},"author":{"name":"cfeditorfr","@id":"https:\/\/www.africa-press.net\/burkina-faso\/#\/schema\/person\/2b1cf3cd81a31e3cd26889ca66d677f1"},"headline":"Nour Al-Ayatt Ou\u00e9draogo, pr\u00e9sident de l\u2019Interprofession lait : \u00ab Les acteurs b\u00e9n\u00e9ficient des retomb\u00e9es de la fili\u00e8re \u00bb","datePublished":"2021-06-17T14:50:14+00:00","dateModified":"2021-06-17T19:15:42+00:00","mainEntityOfPage":{"@id":"https:\/\/www.africa-press.net\/burkina-faso\/economie\/nour-al-ayatt-ouedraogo-president-de-linterprofession-lait-les-acteurs-beneficient-des-retombees-de-la-filiere"},"wordCount":876,"commentCount":0,"image":{"@id":"https:\/\/www.africa-press.net\/burkina-faso\/economie\/nour-al-ayatt-ouedraogo-president-de-linterprofession-lait-les-acteurs-beneficient-des-retombees-de-la-filiere#primaryimage"},"thumbnailUrl":"https:\/\/static.africa-press.net\/burkina\/sites\/42\/2021\/06\/img-60cb5a4286c03.jpg","keywords":["Africa Press","Africa Press-Burkina Faso","Burkina Faso","Interprofession","lait","Nour Al-Ayatt Ou\u00e9draogo"],"articleSection":["\u00c9conomie","homepage-french","Toutes les actualit\u00e9s"],"inLanguage":"fr-FR","potentialAction":[{"@type":"CommentAction","name":"Comment","target":["https:\/\/www.africa-press.net\/burkina-faso\/economie\/nour-al-ayatt-ouedraogo-president-de-linterprofession-lait-les-acteurs-beneficient-des-retombees-de-la-filiere#respond"]}]},{"@type":"WebPage","@id":"https:\/\/www.africa-press.net\/burkina-faso\/economie\/nour-al-ayatt-ouedraogo-president-de-linterprofession-lait-les-acteurs-beneficient-des-retombees-de-la-filiere","url":"https:\/\/www.africa-press.net\/burkina-faso\/economie\/nour-al-ayatt-ouedraogo-president-de-linterprofession-lait-les-acteurs-beneficient-des-retombees-de-la-filiere","name":"Nour Al-Ayatt Ou\u00e9draogo, pr\u00e9sident de l\u2019Interprofession lait : \u00ab Les acteurs b\u00e9n\u00e9ficient des retomb\u00e9es de la fili\u00e8re \u00bb - Burkina Faso","isPartOf":{"@id":"https:\/\/www.africa-press.net\/burkina-faso\/#website"},"primaryImageOfPage":{"@id":"https:\/\/www.africa-press.net\/burkina-faso\/economie\/nour-al-ayatt-ouedraogo-president-de-linterprofession-lait-les-acteurs-beneficient-des-retombees-de-la-filiere#primaryimage"},"image":{"@id":"https:\/\/www.africa-press.net\/burkina-faso\/economie\/nour-al-ayatt-ouedraogo-president-de-linterprofession-lait-les-acteurs-beneficient-des-retombees-de-la-filiere#primaryimage"},"thumbnailUrl":"https:\/\/static.africa-press.net\/burkina\/sites\/42\/2021\/06\/img-60cb5a4286c03.jpg","datePublished":"2021-06-17T14:50:14+00:00","dateModified":"2021-06-17T19:15:42+00:00","author":{"@id":"https:\/\/www.africa-press.net\/burkina-faso\/#\/schema\/person\/2b1cf3cd81a31e3cd26889ca66d677f1"},"description":"Chaque 1er juin, la communaut\u00e9 internationale c\u00e9l\u00e8bre la Journ\u00e9e mondiale du lait. Cette ann\u00e9e, le Burkina Faso comm\u00e9 ...","breadcrumb":{"@id":"https:\/\/www.africa-press.net\/burkina-faso\/economie\/nour-al-ayatt-ouedraogo-president-de-linterprofession-lait-les-acteurs-beneficient-des-retombees-de-la-filiere#breadcrumb"},"inLanguage":"fr-FR","potentialAction":[{"@type":"ReadAction","target":["https:\/\/www.africa-press.net\/burkina-faso\/economie\/nour-al-ayatt-ouedraogo-president-de-linterprofession-lait-les-acteurs-beneficient-des-retombees-de-la-filiere"]}]},{"@type":"ImageObject","inLanguage":"fr-FR","@id":"https:\/\/www.africa-press.net\/burkina-faso\/economie\/nour-al-ayatt-ouedraogo-president-de-linterprofession-lait-les-acteurs-beneficient-des-retombees-de-la-filiere#primaryimage","url":"https:\/\/static.africa-press.net\/burkina\/sites\/42\/2021\/06\/img-60cb5a4286c03.jpg","contentUrl":"https:\/\/static.africa-press.net\/burkina\/sites\/42\/2021\/06\/img-60cb5a4286c03.jpg","width":720,"height":567,"caption":"Nour Al-Ayatt Ou\u00e9draogo, pr\u00e9sident de l\u2019Interprofession lait : \u00ab Les acteurs b\u00e9n\u00e9ficient des retomb\u00e9es de la fili\u00e8re \u00bb"},{"@type":"BreadcrumbList","@id":"https:\/\/www.africa-press.net\/burkina-faso\/economie\/nour-al-ayatt-ouedraogo-president-de-linterprofession-lait-les-acteurs-beneficient-des-retombees-de-la-filiere#breadcrumb","itemListElement":[{"@type":"ListItem","position":1,"name":"Accueil","item":"https:\/\/www.africa-press.net\/burkina-faso\/"},{"@type":"ListItem","position":2,"name":"Nour Al-Ayatt Ou\u00e9draogo, pr\u00e9sident de l\u2019Interprofession lait : \u00ab Les acteurs b\u00e9n\u00e9ficient des retomb\u00e9es de la fili\u00e8re \u00bb"}]},{"@type":"WebSite","@id":"https:\/\/www.africa-press.net\/burkina-faso\/#website","url":"https:\/\/www.africa-press.net\/burkina-faso\/","name":"Burkina Faso","description":"Just another Africa News Agency Sites site","potentialAction":[{"@type":"SearchAction","target":{"@type":"EntryPoint","urlTemplate":"https:\/\/www.africa-press.net\/burkina-faso\/?s={search_term_string}"},"query-input":{"@type":"PropertyValueSpecification","valueRequired":true,"valueName":"search_term_string"}}],"inLanguage":"fr-FR"},{"@type":"Person","@id":"https:\/\/www.africa-press.net\/burkina-faso\/#\/schema\/person\/2b1cf3cd81a31e3cd26889ca66d677f1","name":"cfeditorfr"}]}},"_links":{"self":[{"href":"https:\/\/www.africa-press.net\/burkina-faso\/wp-json\/wp\/v2\/posts\/14353","targetHints":{"allow":["GET"]}}],"collection":[{"href":"https:\/\/www.africa-press.net\/burkina-faso\/wp-json\/wp\/v2\/posts"}],"about":[{"href":"https:\/\/www.africa-press.net\/burkina-faso\/wp-json\/wp\/v2\/types\/post"}],"author":[{"embeddable":true,"href":"https:\/\/www.africa-press.net\/burkina-faso\/wp-json\/wp\/v2\/users\/82"}],"replies":[{"embeddable":true,"href":"https:\/\/www.africa-press.net\/burkina-faso\/wp-json\/wp\/v2\/comments?post=14353"}],"version-history":[{"count":0,"href":"https:\/\/www.africa-press.net\/burkina-faso\/wp-json\/wp\/v2\/posts\/14353\/revisions"}],"wp:featuredmedia":[{"embeddable":true,"href":"https:\/\/www.africa-press.net\/burkina-faso\/wp-json\/wp\/v2\/media\/14352"}],"wp:attachment":[{"href":"https:\/\/www.africa-press.net\/burkina-faso\/wp-json\/wp\/v2\/media?parent=14353"}],"wp:term":[{"taxonomy":"category","embeddable":true,"href":"https:\/\/www.africa-press.net\/burkina-faso\/wp-json\/wp\/v2\/categories?post=14353"},{"taxonomy":"post_tag","embeddable":true,"href":"https:\/\/www.africa-press.net\/burkina-faso\/wp-json\/wp\/v2\/tags?post=14353"}],"curies":[{"name":"wp","href":"https:\/\/api.w.org\/{rel}","templated":true}]}}