{"id":15567,"date":"2021-07-04T18:04:41","date_gmt":"2021-07-04T18:04:41","guid":{"rendered":"https:\/\/www.africa-press.net\/burkina-faso\/?p=15567"},"modified":"2021-07-04T17:14:58","modified_gmt":"2021-07-04T17:14:58","slug":"burkina-faso-la-colere-monte-face-aux-attaques-djihadistes","status":"publish","type":"post","link":"https:\/\/www.africa-press.net\/burkina-faso\/politique\/burkina-faso-la-colere-monte-face-aux-attaques-djihadistes","title":{"rendered":"Burkina Faso\u00a0: la col\u00e8re monte face aux attaques\u00a0djihadistes"},"content":{"rendered":"<p><span style=\"color: #ff6600\"><strong><a href=\"https:\/\/www.africa-press.net\/\">Africa-Press<\/a> &#8211; <a href=\"https:\/\/www.africa-press.net\/burkina-faso\">Burkina Faso<\/a>. <\/strong><\/span>Depuis l\u2019attaque djihadiste commise dans la nuit du 4 au 5 juin contre le village de Solhan dans le Nord-Est et ayant fait de 132 \u00e0 160 morts, les manifestations de col\u00e8re se multiplient dans le pays. Tout juste une semaine apr\u00e8s ce massacre, le plus meurtrier au Burkina Faso depuis le d\u00e9but des violences djihadistes il y a six ans, plusieurs milliers de personnes avaient manifest\u00e9 \u00e0 Dori, le chef-lieu de la r\u00e9gion du Sahel o\u00f9 se trouve Solhan, pour d\u00e9noncer \u00ab l\u2019inaction \u00bb des autorit\u00e9s.<\/p>\n<p><b>Les Burkinab\u00e8 manifestent leur col\u00e8re<\/b><\/p>\n<p>Ce Samedi 3 juillet, d\u2019autres manifestations aussi importantes ont eu lieu dans plusieurs villes des r\u00e9gions du Nord et du Centre-Nord. \u00ab Des morts et des morts, on n\u2019en veut plus ! \u00bb, \u00ab Non \u00e0 l\u2019ins\u00e9curit\u00e9 grandissante \u00bb ou encore \u00ab On veut cultiver nos champs en paix \u00bb, pouvait-on lire sur les pancartes brandies par les habitants en col\u00e8re.<\/p>\n<p><b>Une plainte d\u00e9pos\u00e9e contre l\u2019\u00c9tat pour non-assistance<\/b><\/p>\n<p>Ces rassemblements s\u2019organisent \u00e0 l\u2019appel de l\u2019opposition et de la soci\u00e9t\u00e9 civile, qui ont d\u00e9cid\u00e9 de ne pas rester les bras crois\u00e9s. Le Balai citoyen, qui a \u00e9t\u00e9 \u00e0 la pointe de l\u2019insurrection populaire ayant abouti en 2014 \u00e0 la chute du pr\u00e9sident Blaise Compaor\u00e9, n\u2019a pas appel\u00e9 \u00e0 manifester, mais a d\u00e9pos\u00e9 plainte contre le gouvernement pour \u00ab non-assistance \u00e0 personnes en danger \u00bb. \u00ab La non-intervention du d\u00e9tachement militaire bas\u00e9 \u00e0 Sebba (15 km de Solhan) et la dur\u00e9e de l\u2019attaque, qui a \u00e9t\u00e9 d\u2019environ 4 heures de temps, ont pouss\u00e9 le Balai citoyen \u00e0 formuler cette plainte \u00bb, a affirm\u00e9 le mouvement.<\/p>\n<p>Il estime que le massacre de Solhan \u00ab constitue le symbole de l\u2019incapacit\u00e9 notoire, voire de l\u2019insouciance du gouvernement \u00e0 prot\u00e9ger les populations contre le p\u00e9ril terroriste \u00bb. Le pouvoir du pr\u00e9sident Roch Marc Christian Kabor\u00e9 \u00ab a consciemment fait le choix d\u2019abandonner les populations \u00e0 leur triste sort \u00bb, a-t-il expliqu\u00e9. \u00ab Face \u00e0 cette trahison d\u2019un gouvernement insouciant aux appels au secours de populations en d\u00e9tresse qu\u2019il a l\u2019obligation de prot\u00e9ger en tout temps et en tous lieux \u00bb, le Balai citoyen a demand\u00e9 \u00e0 la justice d\u2019en \u00ab tirer toutes les cons\u00e9quences de droit \u00bb.<\/p>\n<p><b>Le pr\u00e9sident reprend en main les dossiers s\u00e9curitaires<\/b><\/p>\n<p>Face \u00e0 cette col\u00e8re, le pr\u00e9sident Kabor\u00e9, au pouvoir depuis 2015 et r\u00e9\u00e9lu en 2020 sur la promesse de ramener la paix dans son pays, a annonc\u00e9 cette semaine le limogeage des ministres de la D\u00e9fense Ch\u00e9rif Sy et de la S\u00e9curit\u00e9, Ouss\u00e9ni Compaor\u00e9. Le chef de l\u2019\u00c9tat, qui a demand\u00e9 \u00e0 l\u2019opposition et \u00e0 la soci\u00e9t\u00e9 civile de \u00ab surseoir \u00bb aux manifestations pr\u00e9vues ce week-end, assumera lui-m\u00eame le poste de la D\u00e9fense.<\/p>\n<p>\u00ab Un nouveau gouvernement est en place. Le remaniement minist\u00e9riel intervenu ce 30 juin 2021 s\u2019inscrit dans ma volont\u00e9 de donner un nouveau souffle \u00e0 notre engagement face aux d\u00e9fis majeurs de notre nation \u00bb, a-t-il \u00e9crit sur ses comptes Twitter et Facebook. Le pr\u00e9sident Kabor\u00e9 avait d\u00e9j\u00e0 gard\u00e9 ce portefeuille lors de son premier gouvernement en 2015, avant de s\u2019en d\u00e9charger quelques mois plus tard. \u00c0 ses c\u00f4t\u00e9s, le colonel-major Aim\u00e9 Barth\u00e9lemy Simpor\u00e9 a \u00e9t\u00e9 nomm\u00e9 ministre d\u00e9l\u00e9gu\u00e9, charg\u00e9 de la D\u00e9fense nationale.<\/p>\n<p><b>L\u2019\u00c9tat pris entre deux logiques contradictoires<\/b><\/p>\n<p>\u00ab Plus qu\u2019un jeu de chaises musicales au sein du gouvernement, ce sont des mesures fortes, des actions concr\u00e8tes sur le terrain que les Burkinab\u00e8 attendent \u00bb, estime l\u2019analyste politique Drissa Traor\u00e9 \u00e0 l\u2019AFP, qui ajoute : \u00ab Ce changement s\u2019est fait sans conviction, il a fallu les mouvements d\u2019humeur des populations et l\u2019entr\u00e9e en sc\u00e8ne de l\u2019opposition pour que le pr\u00e9sident proc\u00e8de \u00e0 un remaniement du gouvernement dont l\u2019efficacit\u00e9 laisse dubitatif. \u00bb<\/p>\n<p>Le Premier ministre Christophe Dabir\u00e9 a r\u00e9pondu qu&rsquo;\u00ab aujourd\u2019hui, notre peuple a besoin d\u2019aller de fa\u00e7on unie contre le terrorisme et il ne faut pas qu\u2019on se trompe d\u2019ennemis \u00bb. \u00ab L\u2019attaque de Solhan a servi de d\u00e9tonateur parce que cela a permis de mettre en \u00e9vidence un certain nombre de dysfonctionnements au niveau de notre dispositif de d\u00e9fense et de s\u00e9curit\u00e9 \u00bb, a-t-il reconnu. \u00ab C\u2019est pourquoi le pr\u00e9sident Kabor\u00e9 a repris les r\u00eanes du minist\u00e8re de la D\u00e9fense nationale [\u2026] pour pouvoir proc\u00e9der \u00e0 une r\u00e9organisation interne de l\u2019ensemble de nos structures charg\u00e9es de la d\u00e9fense et de la s\u00e9curit\u00e9. \u00bb<\/p>\n<p>Il veut croire que cette d\u00e9cision \u00ab extr\u00eamement importante \u00bb permettra au chef de l\u2019\u00c9tat \u00ab de renouer avec le peuple et de recr\u00e9er la confiance indispensable pour assurer la s\u00e9curit\u00e9 des personnes et des biens \u00bb.<\/p>\n<p>Sur le plan de la justice, il y a eu quelques avanc\u00e9es, notamment deux djihadistes pr\u00e9sum\u00e9s, dont le \u00ab chef d\u2019une base terroriste \u00bb, accus\u00e9s d\u2019avoir jou\u00e9 un r\u00f4le cl\u00e9 dans l\u2019attaque du village de Solhan, qui ont \u00e9t\u00e9 mis en examen pour \u00ab terrorisme \u00bb, a-t-on appris de source judiciaire. \u00ab Apr\u00e8s l\u2019attaque terroriste perp\u00e9tr\u00e9e \u00e0 Solhan, une enqu\u00eate [\u2026] a abouti \u00e0 la pr\u00e9sentation le 25 juin \u00e0 la section antiterroriste de notre parquet de deux individus : Mano Tidjani alias Ali et Woba Dikour\u00e9 \u00bb, indique un communiqu\u00e9 d\u2019\u00c9mile Zerbo, procureur du Burkina. \u00ab L\u2019enqu\u00eate d\u00e9montre \u00bb que cette attaque \u00ab a \u00e9t\u00e9 d\u00e9cid\u00e9e le 21 mai [\u2026] dans l\u2019objectif de piller des biens, le pillage \u00e9tant la principale source de financement du groupe auquel appartiennent les deux mis en examen \u00bb, selon le procureur. Il a confirm\u00e9 que les deux djihadistes pr\u00e9sum\u00e9s sont membres d\u2019une composante du Groupe de soutien \u00e0 l\u2019islam et aux musulmans (GSIM), affili\u00e9 \u00e0 Al-Qa\u00efda, qui s\u00e9vit dans plusieurs pays du Sahel.<\/p>\n<p>Et selon Christophe Dabir\u00e9, \u00ab les agitations politiciennes ont leur place dans le jeu d\u00e9mocratique de notre pays, mais quand le pays est en danger, il faut qu\u2019on sache raison garder, se donner la main pour combattre l\u2019ennemi \u00bb.<\/p>\n<p><b>Spirale de violences<\/b><\/p>\n<p>Un message loin d\u2019avoir convaincu. \u00ab Aujourd\u2019hui, de Dori \u00e0 Kampti, de Dedougou \u00e0 Diebougou, de Ouagadougou \u00e0 Diapaga, les populations ont manifest\u00e9 pour protester contre l\u2019aggravation de la situation s\u00e9curitaire \u00bb, a d\u00e9clar\u00e9 le chef de file de l\u2019opposition, Eddie Kombo\u00efgo, se r\u00e9jouissant, samedi, d\u2019une \u00ab mobilisation gigantesque \u00e0 travers le pays malgr\u00e9 les appels au boycott par le pouvoir \u00bb.<\/p>\n<p>Des manifestations ont \u00e9galement eu lieu \u00e0 Bobo-Dioulasso (Ouest), deuxi\u00e8me ville du pays, mais aussi \u00e0 Ouahigouya, chef-lieu de la r\u00e9gion du Nord, \u00e0 Kaya, chef-lieu de la r\u00e9gion du Centre-Nord et \u00e0 Fada N&rsquo;Gourma, chef-lieu de la r\u00e9gion de l\u2019Est, ces trois derni\u00e8res r\u00e9gions \u00e9tant parmi les plus frapp\u00e9es par les djihadistes. Le Burkina Faso est confront\u00e9 depuis 2015 \u00e0 des attaques de plus en plus fr\u00e9quentes et meurtri\u00e8res de formations djihadistes, dont le Groupe de soutien \u00e0 l\u2019islam et aux musulmans (affili\u00e9 \u00e0 Al-Qa\u00efda) et le groupe \u00c9tat islamique au Grand Sahara (EIGS).<\/p>\n<p>Interrog\u00e9 au t\u00e9l\u00e9phone par l\u2019AFP, un manifestant de la commune de Madjoari, dans l\u2019est du Burkina, a dit marcher \u00ab pour que les nombreux d\u00e9plac\u00e9s puissent retourner dans leur localit\u00e9 d\u2019origine et vivre paisiblement \u00bb. \u00ab \u00c7a fait plus d\u2019un an que cette commune est sous blocus des groupes arm\u00e9s, personne ne peut y entrer ou en sortir. La vie y est devenue ch\u00e8re et nous ne voyons aucun espoir venir des autorit\u00e9s \u00bb, a-t-il ajout\u00e9. Depuis 2015, les attaques au Burkina Faso ont fait environ 1 500 morts et contraint pr\u00e8s de 1,5 million de personnes \u00e0 fuir leurs foyers.<\/p>\n","protected":false},"excerpt":{"rendered":"<p>Africa-Press &#8211; Burkina Faso. Depuis l\u2019attaque djihadiste commise dans la nuit du 4 au 5 juin contre le village de Solhan dans le Nord-Est et ayant fait de 132 \u00e0 160 morts, les manifestations de col\u00e8re se multiplient dans le pays. Tout juste une semaine apr\u00e8s ce massacre, le plus meurtrier au Burkina Faso depuis [&hellip;]<\/p>\n","protected":false},"author":82,"featured_media":15566,"comment_status":"open","ping_status":"closed","sticky":false,"template":"","format":"standard","meta":{"footnotes":""},"categories":[11,2,20,10],"tags":[111,725,149,29,738],"class_list":["post-15567","post","type-post","status-publish","format-standard","has-post-thumbnail","hentry","category-homepage-french","category-politique","category-top-nouvelles","category-toutes-les-actualites","tag-africa-press","tag-africa-press-burkina-faso","tag-afrique","tag-burkina-faso","tag-internationales"],"yoast_head":"<!-- This site is optimized with the Yoast SEO Premium plugin v26.1 (Yoast SEO v27.0) - https:\/\/yoast.com\/product\/yoast-seo-premium-wordpress\/ -->\n<title>Burkina Faso\u00a0: la col\u00e8re monte face aux attaques\u00a0djihadistes - Burkina Faso<\/title>\n<meta name=\"description\" content=\"Depuis l\u2019attaque djihadiste commise dans la nuit du 4 au 5 juin contre le village de Solhan dans le Nord-Est et ayant fa ...\" \/>\n<meta name=\"robots\" content=\"index, follow, max-snippet:-1, max-image-preview:large, max-video-preview:-1\" \/>\n<link rel=\"canonical\" href=\"https:\/\/www.africa-press.net\/burkina-faso\/politique\/burkina-faso-la-colere-monte-face-aux-attaques-djihadistes\" \/>\n<meta property=\"og:locale\" content=\"fr_FR\" \/>\n<meta property=\"og:type\" content=\"article\" \/>\n<meta property=\"og:title\" content=\"Burkina Faso\u00a0: la col\u00e8re monte face aux attaques\u00a0djihadistes\" \/>\n<meta property=\"og:description\" content=\"Depuis l\u2019attaque djihadiste commise dans la nuit du 4 au 5 juin contre le village de Solhan dans le Nord-Est et ayant fa ...\" \/>\n<meta property=\"og:url\" content=\"https:\/\/www.africa-press.net\/burkina-faso\/politique\/burkina-faso-la-colere-monte-face-aux-attaques-djihadistes\" \/>\n<meta property=\"og:site_name\" content=\"Burkina Faso\" \/>\n<meta property=\"article:published_time\" content=\"2021-07-04T18:04:41+00:00\" \/>\n<meta property=\"og:image\" content=\"https:\/\/static.africa-press.net\/burkina\/sites\/42\/2021\/07\/img-60e1ec70dd692.jpg\" \/>\n\t<meta property=\"og:image:width\" content=\"720\" \/>\n\t<meta property=\"og:image:height\" content=\"376\" \/>\n\t<meta property=\"og:image:type\" content=\"image\/jpeg\" \/>\n<meta name=\"author\" content=\"cfeditorfr\" \/>\n<meta name=\"twitter:card\" content=\"summary_large_image\" \/>\n<meta name=\"twitter:label1\" content=\"\u00c9crit par\" \/>\n\t<meta name=\"twitter:data1\" content=\"cfeditorfr\" \/>\n\t<meta name=\"twitter:label2\" content=\"Dur\u00e9e de lecture estim\u00e9e\" \/>\n\t<meta name=\"twitter:data2\" content=\"6 minutes\" \/>\n<script type=\"application\/ld+json\" class=\"yoast-schema-graph\">{\"@context\":\"https:\/\/schema.org\",\"@graph\":[{\"@type\":\"Article\",\"@id\":\"https:\/\/www.africa-press.net\/burkina-faso\/politique\/burkina-faso-la-colere-monte-face-aux-attaques-djihadistes#article\",\"isPartOf\":{\"@id\":\"https:\/\/www.africa-press.net\/burkina-faso\/politique\/burkina-faso-la-colere-monte-face-aux-attaques-djihadistes\"},\"author\":{\"name\":\"cfeditorfr\",\"@id\":\"https:\/\/www.africa-press.net\/burkina-faso\/#\/schema\/person\/2b1cf3cd81a31e3cd26889ca66d677f1\"},\"headline\":\"Burkina Faso\u00a0: la col\u00e8re monte face aux attaques\u00a0djihadistes\",\"datePublished\":\"2021-07-04T18:04:41+00:00\",\"mainEntityOfPage\":{\"@id\":\"https:\/\/www.africa-press.net\/burkina-faso\/politique\/burkina-faso-la-colere-monte-face-aux-attaques-djihadistes\"},\"wordCount\":1287,\"commentCount\":0,\"image\":{\"@id\":\"https:\/\/www.africa-press.net\/burkina-faso\/politique\/burkina-faso-la-colere-monte-face-aux-attaques-djihadistes#primaryimage\"},\"thumbnailUrl\":\"https:\/\/static.africa-press.net\/burkina\/sites\/42\/2021\/07\/img-60e1ec70dd692.jpg\",\"keywords\":[\"Africa Press\",\"Africa Press-Burkina Faso\",\"Afrique\",\"Burkina Faso\",\"Internationales\"],\"articleSection\":[\"homepage-french\",\"Politique\",\"Top Nouvelles\",\"Toutes les actualit\u00e9s\"],\"inLanguage\":\"fr-FR\",\"potentialAction\":[{\"@type\":\"CommentAction\",\"name\":\"Comment\",\"target\":[\"https:\/\/www.africa-press.net\/burkina-faso\/politique\/burkina-faso-la-colere-monte-face-aux-attaques-djihadistes#respond\"]}]},{\"@type\":\"WebPage\",\"@id\":\"https:\/\/www.africa-press.net\/burkina-faso\/politique\/burkina-faso-la-colere-monte-face-aux-attaques-djihadistes\",\"url\":\"https:\/\/www.africa-press.net\/burkina-faso\/politique\/burkina-faso-la-colere-monte-face-aux-attaques-djihadistes\",\"name\":\"Burkina Faso\u00a0: la col\u00e8re monte face aux attaques\u00a0djihadistes - Burkina Faso\",\"isPartOf\":{\"@id\":\"https:\/\/www.africa-press.net\/burkina-faso\/#website\"},\"primaryImageOfPage\":{\"@id\":\"https:\/\/www.africa-press.net\/burkina-faso\/politique\/burkina-faso-la-colere-monte-face-aux-attaques-djihadistes#primaryimage\"},\"image\":{\"@id\":\"https:\/\/www.africa-press.net\/burkina-faso\/politique\/burkina-faso-la-colere-monte-face-aux-attaques-djihadistes#primaryimage\"},\"thumbnailUrl\":\"https:\/\/static.africa-press.net\/burkina\/sites\/42\/2021\/07\/img-60e1ec70dd692.jpg\",\"datePublished\":\"2021-07-04T18:04:41+00:00\",\"author\":{\"@id\":\"https:\/\/www.africa-press.net\/burkina-faso\/#\/schema\/person\/2b1cf3cd81a31e3cd26889ca66d677f1\"},\"description\":\"Depuis l\u2019attaque djihadiste commise dans la nuit du 4 au 5 juin contre le village de Solhan dans le Nord-Est et ayant fa ...\",\"breadcrumb\":{\"@id\":\"https:\/\/www.africa-press.net\/burkina-faso\/politique\/burkina-faso-la-colere-monte-face-aux-attaques-djihadistes#breadcrumb\"},\"inLanguage\":\"fr-FR\",\"potentialAction\":[{\"@type\":\"ReadAction\",\"target\":[\"https:\/\/www.africa-press.net\/burkina-faso\/politique\/burkina-faso-la-colere-monte-face-aux-attaques-djihadistes\"]}]},{\"@type\":\"ImageObject\",\"inLanguage\":\"fr-FR\",\"@id\":\"https:\/\/www.africa-press.net\/burkina-faso\/politique\/burkina-faso-la-colere-monte-face-aux-attaques-djihadistes#primaryimage\",\"url\":\"https:\/\/static.africa-press.net\/burkina\/sites\/42\/2021\/07\/img-60e1ec70dd692.jpg\",\"contentUrl\":\"https:\/\/static.africa-press.net\/burkina\/sites\/42\/2021\/07\/img-60e1ec70dd692.jpg\",\"width\":720,\"height\":376,\"caption\":\"Burkina Faso\u00a0: la col\u00e8re monte face aux attaques\u00a0djihadistes\"},{\"@type\":\"BreadcrumbList\",\"@id\":\"https:\/\/www.africa-press.net\/burkina-faso\/politique\/burkina-faso-la-colere-monte-face-aux-attaques-djihadistes#breadcrumb\",\"itemListElement\":[{\"@type\":\"ListItem\",\"position\":1,\"name\":\"Accueil\",\"item\":\"https:\/\/www.africa-press.net\/burkina-faso\/\"},{\"@type\":\"ListItem\",\"position\":2,\"name\":\"Burkina Faso\u00a0: la col\u00e8re monte face aux attaques\u00a0djihadistes\"}]},{\"@type\":\"WebSite\",\"@id\":\"https:\/\/www.africa-press.net\/burkina-faso\/#website\",\"url\":\"https:\/\/www.africa-press.net\/burkina-faso\/\",\"name\":\"Burkina Faso\",\"description\":\"Just another Africa News Agency Sites site\",\"potentialAction\":[{\"@type\":\"SearchAction\",\"target\":{\"@type\":\"EntryPoint\",\"urlTemplate\":\"https:\/\/www.africa-press.net\/burkina-faso\/?s={search_term_string}\"},\"query-input\":{\"@type\":\"PropertyValueSpecification\",\"valueRequired\":true,\"valueName\":\"search_term_string\"}}],\"inLanguage\":\"fr-FR\"},{\"@type\":\"Person\",\"@id\":\"https:\/\/www.africa-press.net\/burkina-faso\/#\/schema\/person\/2b1cf3cd81a31e3cd26889ca66d677f1\",\"name\":\"cfeditorfr\"}]}<\/script>\n<!-- \/ Yoast SEO Premium plugin. -->","yoast_head_json":{"title":"Burkina Faso\u00a0: la col\u00e8re monte face aux attaques\u00a0djihadistes - Burkina Faso","description":"Depuis l\u2019attaque djihadiste commise dans la nuit du 4 au 5 juin contre le village de Solhan dans le Nord-Est et ayant fa ...","robots":{"index":"index","follow":"follow","max-snippet":"max-snippet:-1","max-image-preview":"max-image-preview:large","max-video-preview":"max-video-preview:-1"},"canonical":"https:\/\/www.africa-press.net\/burkina-faso\/politique\/burkina-faso-la-colere-monte-face-aux-attaques-djihadistes","og_locale":"fr_FR","og_type":"article","og_title":"Burkina Faso\u00a0: la col\u00e8re monte face aux attaques\u00a0djihadistes","og_description":"Depuis l\u2019attaque djihadiste commise dans la nuit du 4 au 5 juin contre le village de Solhan dans le Nord-Est et ayant fa ...","og_url":"https:\/\/www.africa-press.net\/burkina-faso\/politique\/burkina-faso-la-colere-monte-face-aux-attaques-djihadistes","og_site_name":"Burkina Faso","article_published_time":"2021-07-04T18:04:41+00:00","og_image":[{"width":720,"height":376,"url":"https:\/\/static.africa-press.net\/burkina\/sites\/42\/2021\/07\/img-60e1ec70dd692.jpg","type":"image\/jpeg"}],"author":"cfeditorfr","twitter_card":"summary_large_image","twitter_misc":{"\u00c9crit par":"cfeditorfr","Dur\u00e9e de lecture estim\u00e9e":"6 minutes"},"schema":{"@context":"https:\/\/schema.org","@graph":[{"@type":"Article","@id":"https:\/\/www.africa-press.net\/burkina-faso\/politique\/burkina-faso-la-colere-monte-face-aux-attaques-djihadistes#article","isPartOf":{"@id":"https:\/\/www.africa-press.net\/burkina-faso\/politique\/burkina-faso-la-colere-monte-face-aux-attaques-djihadistes"},"author":{"name":"cfeditorfr","@id":"https:\/\/www.africa-press.net\/burkina-faso\/#\/schema\/person\/2b1cf3cd81a31e3cd26889ca66d677f1"},"headline":"Burkina Faso\u00a0: la col\u00e8re monte face aux attaques\u00a0djihadistes","datePublished":"2021-07-04T18:04:41+00:00","mainEntityOfPage":{"@id":"https:\/\/www.africa-press.net\/burkina-faso\/politique\/burkina-faso-la-colere-monte-face-aux-attaques-djihadistes"},"wordCount":1287,"commentCount":0,"image":{"@id":"https:\/\/www.africa-press.net\/burkina-faso\/politique\/burkina-faso-la-colere-monte-face-aux-attaques-djihadistes#primaryimage"},"thumbnailUrl":"https:\/\/static.africa-press.net\/burkina\/sites\/42\/2021\/07\/img-60e1ec70dd692.jpg","keywords":["Africa Press","Africa Press-Burkina Faso","Afrique","Burkina Faso","Internationales"],"articleSection":["homepage-french","Politique","Top Nouvelles","Toutes les actualit\u00e9s"],"inLanguage":"fr-FR","potentialAction":[{"@type":"CommentAction","name":"Comment","target":["https:\/\/www.africa-press.net\/burkina-faso\/politique\/burkina-faso-la-colere-monte-face-aux-attaques-djihadistes#respond"]}]},{"@type":"WebPage","@id":"https:\/\/www.africa-press.net\/burkina-faso\/politique\/burkina-faso-la-colere-monte-face-aux-attaques-djihadistes","url":"https:\/\/www.africa-press.net\/burkina-faso\/politique\/burkina-faso-la-colere-monte-face-aux-attaques-djihadistes","name":"Burkina Faso\u00a0: la col\u00e8re monte face aux attaques\u00a0djihadistes - Burkina Faso","isPartOf":{"@id":"https:\/\/www.africa-press.net\/burkina-faso\/#website"},"primaryImageOfPage":{"@id":"https:\/\/www.africa-press.net\/burkina-faso\/politique\/burkina-faso-la-colere-monte-face-aux-attaques-djihadistes#primaryimage"},"image":{"@id":"https:\/\/www.africa-press.net\/burkina-faso\/politique\/burkina-faso-la-colere-monte-face-aux-attaques-djihadistes#primaryimage"},"thumbnailUrl":"https:\/\/static.africa-press.net\/burkina\/sites\/42\/2021\/07\/img-60e1ec70dd692.jpg","datePublished":"2021-07-04T18:04:41+00:00","author":{"@id":"https:\/\/www.africa-press.net\/burkina-faso\/#\/schema\/person\/2b1cf3cd81a31e3cd26889ca66d677f1"},"description":"Depuis l\u2019attaque djihadiste commise dans la nuit du 4 au 5 juin contre le village de Solhan dans le Nord-Est et ayant fa ...","breadcrumb":{"@id":"https:\/\/www.africa-press.net\/burkina-faso\/politique\/burkina-faso-la-colere-monte-face-aux-attaques-djihadistes#breadcrumb"},"inLanguage":"fr-FR","potentialAction":[{"@type":"ReadAction","target":["https:\/\/www.africa-press.net\/burkina-faso\/politique\/burkina-faso-la-colere-monte-face-aux-attaques-djihadistes"]}]},{"@type":"ImageObject","inLanguage":"fr-FR","@id":"https:\/\/www.africa-press.net\/burkina-faso\/politique\/burkina-faso-la-colere-monte-face-aux-attaques-djihadistes#primaryimage","url":"https:\/\/static.africa-press.net\/burkina\/sites\/42\/2021\/07\/img-60e1ec70dd692.jpg","contentUrl":"https:\/\/static.africa-press.net\/burkina\/sites\/42\/2021\/07\/img-60e1ec70dd692.jpg","width":720,"height":376,"caption":"Burkina Faso\u00a0: la col\u00e8re monte face aux attaques\u00a0djihadistes"},{"@type":"BreadcrumbList","@id":"https:\/\/www.africa-press.net\/burkina-faso\/politique\/burkina-faso-la-colere-monte-face-aux-attaques-djihadistes#breadcrumb","itemListElement":[{"@type":"ListItem","position":1,"name":"Accueil","item":"https:\/\/www.africa-press.net\/burkina-faso\/"},{"@type":"ListItem","position":2,"name":"Burkina Faso\u00a0: la col\u00e8re monte face aux attaques\u00a0djihadistes"}]},{"@type":"WebSite","@id":"https:\/\/www.africa-press.net\/burkina-faso\/#website","url":"https:\/\/www.africa-press.net\/burkina-faso\/","name":"Burkina Faso","description":"Just another Africa News Agency Sites site","potentialAction":[{"@type":"SearchAction","target":{"@type":"EntryPoint","urlTemplate":"https:\/\/www.africa-press.net\/burkina-faso\/?s={search_term_string}"},"query-input":{"@type":"PropertyValueSpecification","valueRequired":true,"valueName":"search_term_string"}}],"inLanguage":"fr-FR"},{"@type":"Person","@id":"https:\/\/www.africa-press.net\/burkina-faso\/#\/schema\/person\/2b1cf3cd81a31e3cd26889ca66d677f1","name":"cfeditorfr"}]}},"_links":{"self":[{"href":"https:\/\/www.africa-press.net\/burkina-faso\/wp-json\/wp\/v2\/posts\/15567","targetHints":{"allow":["GET"]}}],"collection":[{"href":"https:\/\/www.africa-press.net\/burkina-faso\/wp-json\/wp\/v2\/posts"}],"about":[{"href":"https:\/\/www.africa-press.net\/burkina-faso\/wp-json\/wp\/v2\/types\/post"}],"author":[{"embeddable":true,"href":"https:\/\/www.africa-press.net\/burkina-faso\/wp-json\/wp\/v2\/users\/82"}],"replies":[{"embeddable":true,"href":"https:\/\/www.africa-press.net\/burkina-faso\/wp-json\/wp\/v2\/comments?post=15567"}],"version-history":[{"count":0,"href":"https:\/\/www.africa-press.net\/burkina-faso\/wp-json\/wp\/v2\/posts\/15567\/revisions"}],"wp:featuredmedia":[{"embeddable":true,"href":"https:\/\/www.africa-press.net\/burkina-faso\/wp-json\/wp\/v2\/media\/15566"}],"wp:attachment":[{"href":"https:\/\/www.africa-press.net\/burkina-faso\/wp-json\/wp\/v2\/media?parent=15567"}],"wp:term":[{"taxonomy":"category","embeddable":true,"href":"https:\/\/www.africa-press.net\/burkina-faso\/wp-json\/wp\/v2\/categories?post=15567"},{"taxonomy":"post_tag","embeddable":true,"href":"https:\/\/www.africa-press.net\/burkina-faso\/wp-json\/wp\/v2\/tags?post=15567"}],"curies":[{"name":"wp","href":"https:\/\/api.w.org\/{rel}","templated":true}]}}