{"id":15633,"date":"2021-07-06T16:28:30","date_gmt":"2021-07-06T16:28:30","guid":{"rendered":"https:\/\/www.africa-press.net\/burkina-faso\/?p=15633"},"modified":"2021-07-06T19:55:33","modified_gmt":"2021-07-06T19:55:33","slug":"burkina-faso-vers-la-labellisation-du-poulet-bicyclette","status":"publish","type":"post","link":"https:\/\/www.africa-press.net\/burkina-faso\/economie\/burkina-faso-vers-la-labellisation-du-poulet-bicyclette","title":{"rendered":"Vers la labellisation du \u00ab Poulet bicyclette \u00bb"},"content":{"rendered":"<p><span style=\"color: #ff6600\"><strong><a href=\"https:\/\/www.africa-press.net\/\">Africa-Press<\/a> &#8211; <a href=\"https:\/\/www.africa-press.net\/burkina-faso\">Burkina Faso<\/a>. <\/strong><\/span><b>Le minist\u00e8re en charge des Ressources animales et celui du Commerce ont lanc\u00e9 officiellement le processus de labellisation du poulet local commun\u00e9ment appel\u00e9 \u00ab poulet bicyclette \u00bb, ce lundi 5 juillet 2021 \u00e0 Ouagadougou.<\/b><\/p>\n<p>Selon les statistiques du minist\u00e8re des Ressources animales et halieutiques, en 2018, le Burkina Faso totalise 40 millions de production de volaille. Durant cette m\u00eame ann\u00e9e, \u00e0 Ouagadougou, 80 000 t\u00eates sont consomm\u00e9es par jour et 50 000 \u00e0 Bobo-Dioulasso. Le poulet est pris\u00e9 par des Burkinab\u00e8.<\/p>\n<p>Le minist\u00e8re constate que les poulets de race locale commun\u00e9ment appel\u00e9s \u00ab Poulet bicyclette \u00bb sont de plus en plus confront\u00e9s \u00e0 ceux dits de chair, pour la plupart import\u00e9. Face \u00e0 cette situation, il faut une identit\u00e9 propre aux poulets locaux, d\u2019o\u00f9 leur labellisation. Le projet permettra, entre autres, de pr\u00e9server et d\u2019am\u00e9liorer l\u2019existence du poulet de race locale, d\u2019accro\u00eetre l\u2019acc\u00e8s au march\u00e9 et les revenus des acteurs de la fili\u00e8re et de lutter contre la concurrence d\u00e9loyale, a indiqu\u00e9 le directeur du cabinet du minist\u00e8re en charge du Commerce, Augustin Bambara.<\/p>\n<p>Dans son intervention, le ministre en charge des Ressources animales, Modeste Yerbanga, a mis l\u2019accent sur la place de l\u2019\u00e9levage des poulets dans les milieux ruraux. C\u2019est une activit\u00e9 que beaucoup de m\u00e9nages pratiquent. Un autre aspect important pour le ministre, la viande du poulet local qui est un produit naturel et riche pour l\u2019organisme. Il a ainsi r\u00e9uni les arguments pour valoriser le \u00ab Poulet bicyclette \u00bb.<\/p>\n<p>Apr\u00e8s le pagne Faso Danfani, le chapeau de Sapon\u00e9 et l\u2019Atti\u00e9k\u00e9, c\u2019est au tour du poulet au Pays des hommes int\u00e8gres d\u2019\u00eatre labellis\u00e9. A en croire le directeur g\u00e9n\u00e9ral du Centre national de la propri\u00e9t\u00e9 intellectuelle, Mahamadi Tassembedo, le processus de cette labellisation va comprendre quatre \u00e9tapes. Dans un premier temps, il faut une mise en place des instruments techniques de labellisation du \u00ab Poulet bicyclette \u00bb. Ensuite, il faut concevoir le logo, prot\u00e9ger et s\u00e9curiser le label en question. Une promotion et gestion du label doit avoir lieu. Enfin, il va falloir une gestion op\u00e9rationnelle du \u00ab Poulet bicyclette \u00bb.<\/p>\n<p>Une p\u00e9riode de trois mois est estim\u00e9e afin de venir \u00e0 bout de ce processus. A travers cette c\u00e9r\u00e9monie de lancement des activit\u00e9s de labellisation, c\u2019est la premi\u00e8re \u00e9tape qui vient de d\u00e9marrer.<\/p>\n<p>La labellisation du \u00ab Poulet bicyclette \u00bb intervient dans le cadre de la valorisation des produits du terroir. Le ministre Modeste Yerbanga a promis d\u2019encourager les Burkinab\u00e8 \u00e0 poursuivre l\u2019\u00e9lan de production du \u00ab Poulet bicyclette \u00bb de sorte \u00e0 ce qu\u2019on fasse une r\u00e9elle diff\u00e9rence avec le poulet de chair. Cryspin Laoundiki<\/p>\n","protected":false},"excerpt":{"rendered":"<p>Africa-Press &#8211; Burkina Faso. Le minist\u00e8re en charge des Ressources animales et celui du Commerce ont lanc\u00e9 officiellement le processus de labellisation du poulet local commun\u00e9ment appel\u00e9 \u00ab poulet bicyclette \u00bb, ce lundi 5 juillet 2021 \u00e0 Ouagadougou. Selon les statistiques du minist\u00e8re des Ressources animales et halieutiques, en 2018, le Burkina Faso totalise 40 [&hellip;]<\/p>\n","protected":false},"author":82,"featured_media":15632,"comment_status":"open","ping_status":"closed","sticky":false,"template":"","format":"standard","meta":{"footnotes":""},"categories":[3,11,10],"tags":[111,725,29],"class_list":["post-15633","post","type-post","status-publish","format-standard","has-post-thumbnail","hentry","category-economie","category-homepage-french","category-toutes-les-actualites","tag-africa-press","tag-africa-press-burkina-faso","tag-burkina-faso"],"yoast_head":"<!-- This site is optimized with the Yoast SEO Premium plugin v26.1 (Yoast SEO v27.0) - https:\/\/yoast.com\/product\/yoast-seo-premium-wordpress\/ -->\n<title>Vers la labellisation du \u00ab Poulet bicyclette \u00bb - Burkina Faso<\/title>\n<meta name=\"description\" content=\"Le minist\u00e8re en charge des Ressources animales et celui du Commerce ont lanc\u00e9 officiellement le processus de labellis ...\" \/>\n<meta name=\"robots\" content=\"index, follow, max-snippet:-1, max-image-preview:large, max-video-preview:-1\" \/>\n<link rel=\"canonical\" href=\"https:\/\/www.africa-press.net\/burkina-faso\/economie\/burkina-faso-vers-la-labellisation-du-poulet-bicyclette\" \/>\n<meta property=\"og:locale\" content=\"fr_FR\" \/>\n<meta property=\"og:type\" content=\"article\" \/>\n<meta property=\"og:title\" content=\"Vers la labellisation du \u00ab Poulet bicyclette \u00bb\" \/>\n<meta property=\"og:description\" content=\"Le minist\u00e8re en charge des Ressources animales et celui du Commerce ont lanc\u00e9 officiellement le processus de labellis ...\" \/>\n<meta property=\"og:url\" content=\"https:\/\/www.africa-press.net\/burkina-faso\/economie\/burkina-faso-vers-la-labellisation-du-poulet-bicyclette\" \/>\n<meta property=\"og:site_name\" content=\"Burkina Faso\" \/>\n<meta property=\"article:published_time\" content=\"2021-07-06T16:28:30+00:00\" \/>\n<meta property=\"article:modified_time\" content=\"2021-07-06T19:55:33+00:00\" \/>\n<meta property=\"og:image\" content=\"https:\/\/static.africa-press.net\/burkina\/sites\/42\/2021\/07\/img-60e465359183e.jpg\" \/>\n\t<meta property=\"og:image:width\" content=\"720\" \/>\n\t<meta property=\"og:image:height\" content=\"479\" \/>\n\t<meta property=\"og:image:type\" content=\"image\/jpeg\" \/>\n<meta name=\"author\" content=\"cfeditorfr\" \/>\n<meta name=\"twitter:card\" content=\"summary_large_image\" \/>\n<meta name=\"twitter:label1\" content=\"\u00c9crit par\" \/>\n\t<meta name=\"twitter:data1\" content=\"cfeditorfr\" \/>\n\t<meta name=\"twitter:label2\" content=\"Dur\u00e9e de lecture estim\u00e9e\" \/>\n\t<meta name=\"twitter:data2\" content=\"2 minutes\" \/>\n<script type=\"application\/ld+json\" class=\"yoast-schema-graph\">{\"@context\":\"https:\/\/schema.org\",\"@graph\":[{\"@type\":\"Article\",\"@id\":\"https:\/\/www.africa-press.net\/burkina-faso\/economie\/burkina-faso-vers-la-labellisation-du-poulet-bicyclette#article\",\"isPartOf\":{\"@id\":\"https:\/\/www.africa-press.net\/burkina-faso\/economie\/burkina-faso-vers-la-labellisation-du-poulet-bicyclette\"},\"author\":{\"name\":\"cfeditorfr\",\"@id\":\"https:\/\/www.africa-press.net\/burkina-faso\/#\/schema\/person\/2b1cf3cd81a31e3cd26889ca66d677f1\"},\"headline\":\"Vers la labellisation du \u00ab Poulet bicyclette \u00bb\",\"datePublished\":\"2021-07-06T16:28:30+00:00\",\"dateModified\":\"2021-07-06T19:55:33+00:00\",\"mainEntityOfPage\":{\"@id\":\"https:\/\/www.africa-press.net\/burkina-faso\/economie\/burkina-faso-vers-la-labellisation-du-poulet-bicyclette\"},\"wordCount\":463,\"commentCount\":0,\"image\":{\"@id\":\"https:\/\/www.africa-press.net\/burkina-faso\/economie\/burkina-faso-vers-la-labellisation-du-poulet-bicyclette#primaryimage\"},\"thumbnailUrl\":\"https:\/\/static.africa-press.net\/burkina\/sites\/42\/2021\/07\/img-60e465359183e.jpg\",\"keywords\":[\"Africa Press\",\"Africa Press-Burkina Faso\",\"Burkina Faso\"],\"articleSection\":[\"\u00c9conomie\",\"homepage-french\",\"Toutes les actualit\u00e9s\"],\"inLanguage\":\"fr-FR\",\"potentialAction\":[{\"@type\":\"CommentAction\",\"name\":\"Comment\",\"target\":[\"https:\/\/www.africa-press.net\/burkina-faso\/economie\/burkina-faso-vers-la-labellisation-du-poulet-bicyclette#respond\"]}]},{\"@type\":\"WebPage\",\"@id\":\"https:\/\/www.africa-press.net\/burkina-faso\/economie\/burkina-faso-vers-la-labellisation-du-poulet-bicyclette\",\"url\":\"https:\/\/www.africa-press.net\/burkina-faso\/economie\/burkina-faso-vers-la-labellisation-du-poulet-bicyclette\",\"name\":\"Vers la labellisation du \u00ab Poulet bicyclette \u00bb - Burkina Faso\",\"isPartOf\":{\"@id\":\"https:\/\/www.africa-press.net\/burkina-faso\/#website\"},\"primaryImageOfPage\":{\"@id\":\"https:\/\/www.africa-press.net\/burkina-faso\/economie\/burkina-faso-vers-la-labellisation-du-poulet-bicyclette#primaryimage\"},\"image\":{\"@id\":\"https:\/\/www.africa-press.net\/burkina-faso\/economie\/burkina-faso-vers-la-labellisation-du-poulet-bicyclette#primaryimage\"},\"thumbnailUrl\":\"https:\/\/static.africa-press.net\/burkina\/sites\/42\/2021\/07\/img-60e465359183e.jpg\",\"datePublished\":\"2021-07-06T16:28:30+00:00\",\"dateModified\":\"2021-07-06T19:55:33+00:00\",\"author\":{\"@id\":\"https:\/\/www.africa-press.net\/burkina-faso\/#\/schema\/person\/2b1cf3cd81a31e3cd26889ca66d677f1\"},\"description\":\"Le minist\u00e8re en charge des Ressources animales et celui du Commerce ont lanc\u00e9 officiellement le processus de labellis ...\",\"breadcrumb\":{\"@id\":\"https:\/\/www.africa-press.net\/burkina-faso\/economie\/burkina-faso-vers-la-labellisation-du-poulet-bicyclette#breadcrumb\"},\"inLanguage\":\"fr-FR\",\"potentialAction\":[{\"@type\":\"ReadAction\",\"target\":[\"https:\/\/www.africa-press.net\/burkina-faso\/economie\/burkina-faso-vers-la-labellisation-du-poulet-bicyclette\"]}]},{\"@type\":\"ImageObject\",\"inLanguage\":\"fr-FR\",\"@id\":\"https:\/\/www.africa-press.net\/burkina-faso\/economie\/burkina-faso-vers-la-labellisation-du-poulet-bicyclette#primaryimage\",\"url\":\"https:\/\/static.africa-press.net\/burkina\/sites\/42\/2021\/07\/img-60e465359183e.jpg\",\"contentUrl\":\"https:\/\/static.africa-press.net\/burkina\/sites\/42\/2021\/07\/img-60e465359183e.jpg\",\"width\":720,\"height\":479,\"caption\":\"Burkina Faso : Vers la labellisation du \u00ab Poulet bicyclette \u00bb\"},{\"@type\":\"BreadcrumbList\",\"@id\":\"https:\/\/www.africa-press.net\/burkina-faso\/economie\/burkina-faso-vers-la-labellisation-du-poulet-bicyclette#breadcrumb\",\"itemListElement\":[{\"@type\":\"ListItem\",\"position\":1,\"name\":\"Accueil\",\"item\":\"https:\/\/www.africa-press.net\/burkina-faso\/\"},{\"@type\":\"ListItem\",\"position\":2,\"name\":\"Vers la labellisation du \u00ab Poulet bicyclette \u00bb\"}]},{\"@type\":\"WebSite\",\"@id\":\"https:\/\/www.africa-press.net\/burkina-faso\/#website\",\"url\":\"https:\/\/www.africa-press.net\/burkina-faso\/\",\"name\":\"Burkina Faso\",\"description\":\"Just another Africa News Agency Sites site\",\"potentialAction\":[{\"@type\":\"SearchAction\",\"target\":{\"@type\":\"EntryPoint\",\"urlTemplate\":\"https:\/\/www.africa-press.net\/burkina-faso\/?s={search_term_string}\"},\"query-input\":{\"@type\":\"PropertyValueSpecification\",\"valueRequired\":true,\"valueName\":\"search_term_string\"}}],\"inLanguage\":\"fr-FR\"},{\"@type\":\"Person\",\"@id\":\"https:\/\/www.africa-press.net\/burkina-faso\/#\/schema\/person\/2b1cf3cd81a31e3cd26889ca66d677f1\",\"name\":\"cfeditorfr\"}]}<\/script>\n<!-- \/ Yoast SEO Premium plugin. -->","yoast_head_json":{"title":"Vers la labellisation du \u00ab Poulet bicyclette \u00bb - Burkina Faso","description":"Le minist\u00e8re en charge des Ressources animales et celui du Commerce ont lanc\u00e9 officiellement le processus de labellis ...","robots":{"index":"index","follow":"follow","max-snippet":"max-snippet:-1","max-image-preview":"max-image-preview:large","max-video-preview":"max-video-preview:-1"},"canonical":"https:\/\/www.africa-press.net\/burkina-faso\/economie\/burkina-faso-vers-la-labellisation-du-poulet-bicyclette","og_locale":"fr_FR","og_type":"article","og_title":"Vers la labellisation du \u00ab Poulet bicyclette \u00bb","og_description":"Le minist\u00e8re en charge des Ressources animales et celui du Commerce ont lanc\u00e9 officiellement le processus de labellis ...","og_url":"https:\/\/www.africa-press.net\/burkina-faso\/economie\/burkina-faso-vers-la-labellisation-du-poulet-bicyclette","og_site_name":"Burkina Faso","article_published_time":"2021-07-06T16:28:30+00:00","article_modified_time":"2021-07-06T19:55:33+00:00","og_image":[{"width":720,"height":479,"url":"https:\/\/static.africa-press.net\/burkina\/sites\/42\/2021\/07\/img-60e465359183e.jpg","type":"image\/jpeg"}],"author":"cfeditorfr","twitter_card":"summary_large_image","twitter_misc":{"\u00c9crit par":"cfeditorfr","Dur\u00e9e de lecture estim\u00e9e":"2 minutes"},"schema":{"@context":"https:\/\/schema.org","@graph":[{"@type":"Article","@id":"https:\/\/www.africa-press.net\/burkina-faso\/economie\/burkina-faso-vers-la-labellisation-du-poulet-bicyclette#article","isPartOf":{"@id":"https:\/\/www.africa-press.net\/burkina-faso\/economie\/burkina-faso-vers-la-labellisation-du-poulet-bicyclette"},"author":{"name":"cfeditorfr","@id":"https:\/\/www.africa-press.net\/burkina-faso\/#\/schema\/person\/2b1cf3cd81a31e3cd26889ca66d677f1"},"headline":"Vers la labellisation du \u00ab Poulet bicyclette \u00bb","datePublished":"2021-07-06T16:28:30+00:00","dateModified":"2021-07-06T19:55:33+00:00","mainEntityOfPage":{"@id":"https:\/\/www.africa-press.net\/burkina-faso\/economie\/burkina-faso-vers-la-labellisation-du-poulet-bicyclette"},"wordCount":463,"commentCount":0,"image":{"@id":"https:\/\/www.africa-press.net\/burkina-faso\/economie\/burkina-faso-vers-la-labellisation-du-poulet-bicyclette#primaryimage"},"thumbnailUrl":"https:\/\/static.africa-press.net\/burkina\/sites\/42\/2021\/07\/img-60e465359183e.jpg","keywords":["Africa Press","Africa Press-Burkina Faso","Burkina Faso"],"articleSection":["\u00c9conomie","homepage-french","Toutes les actualit\u00e9s"],"inLanguage":"fr-FR","potentialAction":[{"@type":"CommentAction","name":"Comment","target":["https:\/\/www.africa-press.net\/burkina-faso\/economie\/burkina-faso-vers-la-labellisation-du-poulet-bicyclette#respond"]}]},{"@type":"WebPage","@id":"https:\/\/www.africa-press.net\/burkina-faso\/economie\/burkina-faso-vers-la-labellisation-du-poulet-bicyclette","url":"https:\/\/www.africa-press.net\/burkina-faso\/economie\/burkina-faso-vers-la-labellisation-du-poulet-bicyclette","name":"Vers la labellisation du \u00ab Poulet bicyclette \u00bb - Burkina Faso","isPartOf":{"@id":"https:\/\/www.africa-press.net\/burkina-faso\/#website"},"primaryImageOfPage":{"@id":"https:\/\/www.africa-press.net\/burkina-faso\/economie\/burkina-faso-vers-la-labellisation-du-poulet-bicyclette#primaryimage"},"image":{"@id":"https:\/\/www.africa-press.net\/burkina-faso\/economie\/burkina-faso-vers-la-labellisation-du-poulet-bicyclette#primaryimage"},"thumbnailUrl":"https:\/\/static.africa-press.net\/burkina\/sites\/42\/2021\/07\/img-60e465359183e.jpg","datePublished":"2021-07-06T16:28:30+00:00","dateModified":"2021-07-06T19:55:33+00:00","author":{"@id":"https:\/\/www.africa-press.net\/burkina-faso\/#\/schema\/person\/2b1cf3cd81a31e3cd26889ca66d677f1"},"description":"Le minist\u00e8re en charge des Ressources animales et celui du Commerce ont lanc\u00e9 officiellement le processus de labellis ...","breadcrumb":{"@id":"https:\/\/www.africa-press.net\/burkina-faso\/economie\/burkina-faso-vers-la-labellisation-du-poulet-bicyclette#breadcrumb"},"inLanguage":"fr-FR","potentialAction":[{"@type":"ReadAction","target":["https:\/\/www.africa-press.net\/burkina-faso\/economie\/burkina-faso-vers-la-labellisation-du-poulet-bicyclette"]}]},{"@type":"ImageObject","inLanguage":"fr-FR","@id":"https:\/\/www.africa-press.net\/burkina-faso\/economie\/burkina-faso-vers-la-labellisation-du-poulet-bicyclette#primaryimage","url":"https:\/\/static.africa-press.net\/burkina\/sites\/42\/2021\/07\/img-60e465359183e.jpg","contentUrl":"https:\/\/static.africa-press.net\/burkina\/sites\/42\/2021\/07\/img-60e465359183e.jpg","width":720,"height":479,"caption":"Burkina Faso : Vers la labellisation du \u00ab Poulet bicyclette \u00bb"},{"@type":"BreadcrumbList","@id":"https:\/\/www.africa-press.net\/burkina-faso\/economie\/burkina-faso-vers-la-labellisation-du-poulet-bicyclette#breadcrumb","itemListElement":[{"@type":"ListItem","position":1,"name":"Accueil","item":"https:\/\/www.africa-press.net\/burkina-faso\/"},{"@type":"ListItem","position":2,"name":"Vers la labellisation du \u00ab Poulet bicyclette \u00bb"}]},{"@type":"WebSite","@id":"https:\/\/www.africa-press.net\/burkina-faso\/#website","url":"https:\/\/www.africa-press.net\/burkina-faso\/","name":"Burkina Faso","description":"Just another Africa News Agency Sites site","potentialAction":[{"@type":"SearchAction","target":{"@type":"EntryPoint","urlTemplate":"https:\/\/www.africa-press.net\/burkina-faso\/?s={search_term_string}"},"query-input":{"@type":"PropertyValueSpecification","valueRequired":true,"valueName":"search_term_string"}}],"inLanguage":"fr-FR"},{"@type":"Person","@id":"https:\/\/www.africa-press.net\/burkina-faso\/#\/schema\/person\/2b1cf3cd81a31e3cd26889ca66d677f1","name":"cfeditorfr"}]}},"_links":{"self":[{"href":"https:\/\/www.africa-press.net\/burkina-faso\/wp-json\/wp\/v2\/posts\/15633","targetHints":{"allow":["GET"]}}],"collection":[{"href":"https:\/\/www.africa-press.net\/burkina-faso\/wp-json\/wp\/v2\/posts"}],"about":[{"href":"https:\/\/www.africa-press.net\/burkina-faso\/wp-json\/wp\/v2\/types\/post"}],"author":[{"embeddable":true,"href":"https:\/\/www.africa-press.net\/burkina-faso\/wp-json\/wp\/v2\/users\/82"}],"replies":[{"embeddable":true,"href":"https:\/\/www.africa-press.net\/burkina-faso\/wp-json\/wp\/v2\/comments?post=15633"}],"version-history":[{"count":0,"href":"https:\/\/www.africa-press.net\/burkina-faso\/wp-json\/wp\/v2\/posts\/15633\/revisions"}],"wp:featuredmedia":[{"embeddable":true,"href":"https:\/\/www.africa-press.net\/burkina-faso\/wp-json\/wp\/v2\/media\/15632"}],"wp:attachment":[{"href":"https:\/\/www.africa-press.net\/burkina-faso\/wp-json\/wp\/v2\/media?parent=15633"}],"wp:term":[{"taxonomy":"category","embeddable":true,"href":"https:\/\/www.africa-press.net\/burkina-faso\/wp-json\/wp\/v2\/categories?post=15633"},{"taxonomy":"post_tag","embeddable":true,"href":"https:\/\/www.africa-press.net\/burkina-faso\/wp-json\/wp\/v2\/tags?post=15633"}],"curies":[{"name":"wp","href":"https:\/\/api.w.org\/{rel}","templated":true}]}}