{"id":16891,"date":"2021-07-27T15:15:56","date_gmt":"2021-07-27T15:15:56","guid":{"rendered":"https:\/\/www.africa-press.net\/burkina-faso\/?p=16891"},"modified":"2021-07-27T19:16:59","modified_gmt":"2021-07-27T19:16:59","slug":"burkina-faso-le-centre-detudes-de-formation-et-de-recherche-en-gestion-des-risques-sociaux-a-lance-son-programme-de-recherche","status":"publish","type":"post","link":"https:\/\/www.africa-press.net\/burkina-faso\/politique\/burkina-faso-le-centre-detudes-de-formation-et-de-recherche-en-gestion-des-risques-sociaux-a-lance-son-programme-de-recherche","title":{"rendered":"Le Centre d\u2019\u00e9tudes, de formation et de recherche en gestion des risques sociaux a lanc\u00e9 son programme de recherche"},"content":{"rendered":"<p><span style=\"color: #ff6600\"><strong><a href=\"https:\/\/www.africa-press.net\/\">Africa-Press<\/a> &#8211; <a href=\"https:\/\/www.africa-press.net\/burkina-faso\">Burkina Faso<\/a>. <\/strong><\/span>Les universit\u00e9s Joseph Ki-Zerbo et Thomas Sankara ont proc\u00e9d\u00e9 ce lundi 26 juillet 2021 \u00e0 Ouagadougou, au lancement du programme de recherche du Centre d\u2019\u00e9tudes, de formation et de recherche en gestion des risques sociaux (CEFORGRIS). Les travaux des chercheurs devraient contribuer \u00e0 une bonne sauvegarde environnementale et sociale. C\u2019est le pr\u00e9sident de l\u2019universit\u00e9 Joseph Ki-Zerbo, Pr Rabiou Ciss\u00e9, qui a pr\u00e9sid\u00e9 la c\u00e9r\u00e9monie.<\/p>\n<p>Le programme de recherche du CEFORGRIS est d\u00e9sormais op\u00e9rationnel. Son lancement officiel a eu lieu ce lundi 26 juillet 2021 \u00e0 l\u2019universit\u00e9 Joseph Ki-Zerbo. Pour le coordonnateur du CEFORGRIS, Dr Seindra Magnini, apr\u00e8s les programmes de formation de courte et de longue dur\u00e9e, il \u00e9tait imp\u00e9ratif maintenant d\u2019op\u00e9rationnaliser les programmes de recherche. C\u2019est pourquoi les diff\u00e9rents acteurs ont \u00e9t\u00e9 mobilis\u00e9s. Il a indiqu\u00e9 que ce sont ainsi neuf programmes de recherches qui sont lanc\u00e9s. D\u00e9j\u00e0, une vingtaine de publications ont \u00e9t\u00e9 d\u00e9j\u00e0 r\u00e9alis\u00e9es.<\/p>\n<p>Les r\u00e9sultats des chercheurs devraient permettre une meilleure sauvegarde environnementale et sociale. Les programmes de recherches sont ax\u00e9s entre autres sur les ressources naturelles, soci\u00e9t\u00e9s et risques, l\u2019expropriation, la r\u00e9installation et la r\u00e9habilitation, la sant\u00e9 communautaire, la s\u00e9curit\u00e9 et la sant\u00e9 au travail\u2026 C\u2019est le pr\u00e9sident de l\u2019universit\u00e9 Joseph Ki-Zerbo, Pr Rabiou Ciss\u00e9, qui a pr\u00e9sid\u00e9 la c\u00e9r\u00e9monie de lancement. Il a rappel\u00e9 que le CEFORGRIS est r\u00e9alis\u00e9 gr\u00e2ce \u00e0 la volont\u00e9 de la Banque mondiale d\u2019avoir au moins un centre d\u2019excellence sur la question des \u00e9valuations environnementales et sociales pour chaque zone linguistique (anglophone et francophone).<\/p>\n<p>C\u2019est pourquoi il a tenu \u00e0 remercier la Banque mondiale pour la confiance port\u00e9e sur le Burkina Faso. Il a aussi salu\u00e9 le gouvernement du Burkina Faso pour les efforts consentis pour que cela soit une r\u00e9alit\u00e9. Il a rassur\u00e9 le CEFORGRIS de la disponibilit\u00e9 des universit\u00e9s Joseph Ki-Zerbo et Thomas Sankara pour l\u2019accompagner vers la r\u00e9ussite.<\/p>\n<p>Le CEFORGRIS a pour objectif de former des professionnels comp\u00e9tents et cr\u00e9er des services d\u2019expertise dans le domaine de l\u2019\u00e9valuation et de la sauvegarde environnementale et sociale.<\/p>\n<p><b>\u00a0<\/b><\/p>\n","protected":false},"excerpt":{"rendered":"<p>Africa-Press &#8211; Burkina Faso. Les universit\u00e9s Joseph Ki-Zerbo et Thomas Sankara ont proc\u00e9d\u00e9 ce lundi 26 juillet 2021 \u00e0 Ouagadougou, au lancement du programme de recherche du Centre d\u2019\u00e9tudes, de formation et de recherche en gestion des risques sociaux (CEFORGRIS). Les travaux des chercheurs devraient contribuer \u00e0 une bonne sauvegarde environnementale et sociale. C\u2019est le [&hellip;]<\/p>\n","protected":false},"author":82,"featured_media":16890,"comment_status":"open","ping_status":"closed","sticky":false,"template":"","format":"standard","meta":{"footnotes":""},"categories":[11,2,10],"tags":[111,725,29],"class_list":["post-16891","post","type-post","status-publish","format-standard","has-post-thumbnail","hentry","category-homepage-french","category-politique","category-toutes-les-actualites","tag-africa-press","tag-africa-press-burkina-faso","tag-burkina-faso"],"yoast_head":"<!-- This site is optimized with the Yoast SEO Premium plugin v26.1 (Yoast SEO v27.0) - https:\/\/yoast.com\/product\/yoast-seo-premium-wordpress\/ -->\n<title>Le Centre d\u2019\u00e9tudes, de formation et de recherche en gestion des risques sociaux a lanc\u00e9 son programme de recherche - Burkina Faso<\/title>\n<meta name=\"description\" content=\"Les universit\u00e9s Joseph Ki-Zerbo et Thomas Sankara ont proc\u00e9d\u00e9 ce lundi 26 juillet 2021 \u00e0 Ouagadougou, au lancement du pr ...\" \/>\n<meta name=\"robots\" content=\"index, follow, max-snippet:-1, max-image-preview:large, max-video-preview:-1\" \/>\n<link rel=\"canonical\" href=\"https:\/\/www.africa-press.net\/burkina-faso\/politique\/burkina-faso-le-centre-detudes-de-formation-et-de-recherche-en-gestion-des-risques-sociaux-a-lance-son-programme-de-recherche\" \/>\n<meta property=\"og:locale\" content=\"fr_FR\" \/>\n<meta property=\"og:type\" content=\"article\" \/>\n<meta property=\"og:title\" content=\"Le Centre d\u2019\u00e9tudes, de formation et de recherche en gestion des risques sociaux a lanc\u00e9 son programme de recherche\" \/>\n<meta property=\"og:description\" content=\"Les universit\u00e9s Joseph Ki-Zerbo et Thomas Sankara ont proc\u00e9d\u00e9 ce lundi 26 juillet 2021 \u00e0 Ouagadougou, au lancement du pr ...\" \/>\n<meta property=\"og:url\" content=\"https:\/\/www.africa-press.net\/burkina-faso\/politique\/burkina-faso-le-centre-detudes-de-formation-et-de-recherche-en-gestion-des-risques-sociaux-a-lance-son-programme-de-recherche\" \/>\n<meta property=\"og:site_name\" content=\"Burkina Faso\" \/>\n<meta property=\"article:published_time\" content=\"2021-07-27T15:15:56+00:00\" \/>\n<meta property=\"article:modified_time\" content=\"2021-07-27T19:16:59+00:00\" \/>\n<meta property=\"og:image\" content=\"https:\/\/static.africa-press.net\/burkina\/sites\/42\/2021\/07\/img-610010d7dd8de.jpg\" \/>\n\t<meta property=\"og:image:width\" content=\"720\" \/>\n\t<meta property=\"og:image:height\" content=\"404\" \/>\n\t<meta property=\"og:image:type\" content=\"image\/jpeg\" \/>\n<meta name=\"author\" content=\"cfeditorfr\" \/>\n<meta name=\"twitter:card\" content=\"summary_large_image\" \/>\n<meta name=\"twitter:label1\" content=\"\u00c9crit par\" \/>\n\t<meta name=\"twitter:data1\" content=\"cfeditorfr\" \/>\n\t<meta name=\"twitter:label2\" content=\"Dur\u00e9e de lecture estim\u00e9e\" \/>\n\t<meta name=\"twitter:data2\" content=\"2 minutes\" \/>\n<script type=\"application\/ld+json\" class=\"yoast-schema-graph\">{\"@context\":\"https:\/\/schema.org\",\"@graph\":[{\"@type\":\"Article\",\"@id\":\"https:\/\/www.africa-press.net\/burkina-faso\/politique\/burkina-faso-le-centre-detudes-de-formation-et-de-recherche-en-gestion-des-risques-sociaux-a-lance-son-programme-de-recherche#article\",\"isPartOf\":{\"@id\":\"https:\/\/www.africa-press.net\/burkina-faso\/politique\/burkina-faso-le-centre-detudes-de-formation-et-de-recherche-en-gestion-des-risques-sociaux-a-lance-son-programme-de-recherche\"},\"author\":{\"name\":\"cfeditorfr\",\"@id\":\"https:\/\/www.africa-press.net\/burkina-faso\/#\/schema\/person\/2b1cf3cd81a31e3cd26889ca66d677f1\"},\"headline\":\"Le Centre d\u2019\u00e9tudes, de formation et de recherche en gestion des risques sociaux a lanc\u00e9 son programme de recherche\",\"datePublished\":\"2021-07-27T15:15:56+00:00\",\"dateModified\":\"2021-07-27T19:16:59+00:00\",\"mainEntityOfPage\":{\"@id\":\"https:\/\/www.africa-press.net\/burkina-faso\/politique\/burkina-faso-le-centre-detudes-de-formation-et-de-recherche-en-gestion-des-risques-sociaux-a-lance-son-programme-de-recherche\"},\"wordCount\":396,\"commentCount\":0,\"image\":{\"@id\":\"https:\/\/www.africa-press.net\/burkina-faso\/politique\/burkina-faso-le-centre-detudes-de-formation-et-de-recherche-en-gestion-des-risques-sociaux-a-lance-son-programme-de-recherche#primaryimage\"},\"thumbnailUrl\":\"https:\/\/static.africa-press.net\/burkina\/sites\/42\/2021\/07\/img-610010d7dd8de.jpg\",\"keywords\":[\"Africa Press\",\"Africa Press-Burkina Faso\",\"Burkina Faso\"],\"articleSection\":[\"homepage-french\",\"Politique\",\"Toutes les actualit\u00e9s\"],\"inLanguage\":\"fr-FR\",\"potentialAction\":[{\"@type\":\"CommentAction\",\"name\":\"Comment\",\"target\":[\"https:\/\/www.africa-press.net\/burkina-faso\/politique\/burkina-faso-le-centre-detudes-de-formation-et-de-recherche-en-gestion-des-risques-sociaux-a-lance-son-programme-de-recherche#respond\"]}]},{\"@type\":\"WebPage\",\"@id\":\"https:\/\/www.africa-press.net\/burkina-faso\/politique\/burkina-faso-le-centre-detudes-de-formation-et-de-recherche-en-gestion-des-risques-sociaux-a-lance-son-programme-de-recherche\",\"url\":\"https:\/\/www.africa-press.net\/burkina-faso\/politique\/burkina-faso-le-centre-detudes-de-formation-et-de-recherche-en-gestion-des-risques-sociaux-a-lance-son-programme-de-recherche\",\"name\":\"Le Centre d\u2019\u00e9tudes, de formation et de recherche en gestion des risques sociaux a lanc\u00e9 son programme de recherche - Burkina Faso\",\"isPartOf\":{\"@id\":\"https:\/\/www.africa-press.net\/burkina-faso\/#website\"},\"primaryImageOfPage\":{\"@id\":\"https:\/\/www.africa-press.net\/burkina-faso\/politique\/burkina-faso-le-centre-detudes-de-formation-et-de-recherche-en-gestion-des-risques-sociaux-a-lance-son-programme-de-recherche#primaryimage\"},\"image\":{\"@id\":\"https:\/\/www.africa-press.net\/burkina-faso\/politique\/burkina-faso-le-centre-detudes-de-formation-et-de-recherche-en-gestion-des-risques-sociaux-a-lance-son-programme-de-recherche#primaryimage\"},\"thumbnailUrl\":\"https:\/\/static.africa-press.net\/burkina\/sites\/42\/2021\/07\/img-610010d7dd8de.jpg\",\"datePublished\":\"2021-07-27T15:15:56+00:00\",\"dateModified\":\"2021-07-27T19:16:59+00:00\",\"author\":{\"@id\":\"https:\/\/www.africa-press.net\/burkina-faso\/#\/schema\/person\/2b1cf3cd81a31e3cd26889ca66d677f1\"},\"description\":\"Les universit\u00e9s Joseph Ki-Zerbo et Thomas Sankara ont proc\u00e9d\u00e9 ce lundi 26 juillet 2021 \u00e0 Ouagadougou, au lancement du pr ...\",\"breadcrumb\":{\"@id\":\"https:\/\/www.africa-press.net\/burkina-faso\/politique\/burkina-faso-le-centre-detudes-de-formation-et-de-recherche-en-gestion-des-risques-sociaux-a-lance-son-programme-de-recherche#breadcrumb\"},\"inLanguage\":\"fr-FR\",\"potentialAction\":[{\"@type\":\"ReadAction\",\"target\":[\"https:\/\/www.africa-press.net\/burkina-faso\/politique\/burkina-faso-le-centre-detudes-de-formation-et-de-recherche-en-gestion-des-risques-sociaux-a-lance-son-programme-de-recherche\"]}]},{\"@type\":\"ImageObject\",\"inLanguage\":\"fr-FR\",\"@id\":\"https:\/\/www.africa-press.net\/burkina-faso\/politique\/burkina-faso-le-centre-detudes-de-formation-et-de-recherche-en-gestion-des-risques-sociaux-a-lance-son-programme-de-recherche#primaryimage\",\"url\":\"https:\/\/static.africa-press.net\/burkina\/sites\/42\/2021\/07\/img-610010d7dd8de.jpg\",\"contentUrl\":\"https:\/\/static.africa-press.net\/burkina\/sites\/42\/2021\/07\/img-610010d7dd8de.jpg\",\"width\":720,\"height\":404,\"caption\":\"Burkina Faso : Le Centre d\u2019\u00e9tudes, de formation et de recherche en gestion des risques sociaux a lanc\u00e9 son programme de recherche\"},{\"@type\":\"BreadcrumbList\",\"@id\":\"https:\/\/www.africa-press.net\/burkina-faso\/politique\/burkina-faso-le-centre-detudes-de-formation-et-de-recherche-en-gestion-des-risques-sociaux-a-lance-son-programme-de-recherche#breadcrumb\",\"itemListElement\":[{\"@type\":\"ListItem\",\"position\":1,\"name\":\"Accueil\",\"item\":\"https:\/\/www.africa-press.net\/burkina-faso\/\"},{\"@type\":\"ListItem\",\"position\":2,\"name\":\"Le Centre d\u2019\u00e9tudes, de formation et de recherche en gestion des risques sociaux a lanc\u00e9 son programme de recherche\"}]},{\"@type\":\"WebSite\",\"@id\":\"https:\/\/www.africa-press.net\/burkina-faso\/#website\",\"url\":\"https:\/\/www.africa-press.net\/burkina-faso\/\",\"name\":\"Burkina Faso\",\"description\":\"Just another Africa News Agency Sites site\",\"potentialAction\":[{\"@type\":\"SearchAction\",\"target\":{\"@type\":\"EntryPoint\",\"urlTemplate\":\"https:\/\/www.africa-press.net\/burkina-faso\/?s={search_term_string}\"},\"query-input\":{\"@type\":\"PropertyValueSpecification\",\"valueRequired\":true,\"valueName\":\"search_term_string\"}}],\"inLanguage\":\"fr-FR\"},{\"@type\":\"Person\",\"@id\":\"https:\/\/www.africa-press.net\/burkina-faso\/#\/schema\/person\/2b1cf3cd81a31e3cd26889ca66d677f1\",\"name\":\"cfeditorfr\"}]}<\/script>\n<!-- \/ Yoast SEO Premium plugin. -->","yoast_head_json":{"title":"Le Centre d\u2019\u00e9tudes, de formation et de recherche en gestion des risques sociaux a lanc\u00e9 son programme de recherche - Burkina Faso","description":"Les universit\u00e9s Joseph Ki-Zerbo et Thomas Sankara ont proc\u00e9d\u00e9 ce lundi 26 juillet 2021 \u00e0 Ouagadougou, au lancement du pr ...","robots":{"index":"index","follow":"follow","max-snippet":"max-snippet:-1","max-image-preview":"max-image-preview:large","max-video-preview":"max-video-preview:-1"},"canonical":"https:\/\/www.africa-press.net\/burkina-faso\/politique\/burkina-faso-le-centre-detudes-de-formation-et-de-recherche-en-gestion-des-risques-sociaux-a-lance-son-programme-de-recherche","og_locale":"fr_FR","og_type":"article","og_title":"Le Centre d\u2019\u00e9tudes, de formation et de recherche en gestion des risques sociaux a lanc\u00e9 son programme de recherche","og_description":"Les universit\u00e9s Joseph Ki-Zerbo et Thomas Sankara ont proc\u00e9d\u00e9 ce lundi 26 juillet 2021 \u00e0 Ouagadougou, au lancement du pr ...","og_url":"https:\/\/www.africa-press.net\/burkina-faso\/politique\/burkina-faso-le-centre-detudes-de-formation-et-de-recherche-en-gestion-des-risques-sociaux-a-lance-son-programme-de-recherche","og_site_name":"Burkina Faso","article_published_time":"2021-07-27T15:15:56+00:00","article_modified_time":"2021-07-27T19:16:59+00:00","og_image":[{"width":720,"height":404,"url":"https:\/\/static.africa-press.net\/burkina\/sites\/42\/2021\/07\/img-610010d7dd8de.jpg","type":"image\/jpeg"}],"author":"cfeditorfr","twitter_card":"summary_large_image","twitter_misc":{"\u00c9crit par":"cfeditorfr","Dur\u00e9e de lecture estim\u00e9e":"2 minutes"},"schema":{"@context":"https:\/\/schema.org","@graph":[{"@type":"Article","@id":"https:\/\/www.africa-press.net\/burkina-faso\/politique\/burkina-faso-le-centre-detudes-de-formation-et-de-recherche-en-gestion-des-risques-sociaux-a-lance-son-programme-de-recherche#article","isPartOf":{"@id":"https:\/\/www.africa-press.net\/burkina-faso\/politique\/burkina-faso-le-centre-detudes-de-formation-et-de-recherche-en-gestion-des-risques-sociaux-a-lance-son-programme-de-recherche"},"author":{"name":"cfeditorfr","@id":"https:\/\/www.africa-press.net\/burkina-faso\/#\/schema\/person\/2b1cf3cd81a31e3cd26889ca66d677f1"},"headline":"Le Centre d\u2019\u00e9tudes, de formation et de recherche en gestion des risques sociaux a lanc\u00e9 son programme de recherche","datePublished":"2021-07-27T15:15:56+00:00","dateModified":"2021-07-27T19:16:59+00:00","mainEntityOfPage":{"@id":"https:\/\/www.africa-press.net\/burkina-faso\/politique\/burkina-faso-le-centre-detudes-de-formation-et-de-recherche-en-gestion-des-risques-sociaux-a-lance-son-programme-de-recherche"},"wordCount":396,"commentCount":0,"image":{"@id":"https:\/\/www.africa-press.net\/burkina-faso\/politique\/burkina-faso-le-centre-detudes-de-formation-et-de-recherche-en-gestion-des-risques-sociaux-a-lance-son-programme-de-recherche#primaryimage"},"thumbnailUrl":"https:\/\/static.africa-press.net\/burkina\/sites\/42\/2021\/07\/img-610010d7dd8de.jpg","keywords":["Africa Press","Africa Press-Burkina Faso","Burkina Faso"],"articleSection":["homepage-french","Politique","Toutes les actualit\u00e9s"],"inLanguage":"fr-FR","potentialAction":[{"@type":"CommentAction","name":"Comment","target":["https:\/\/www.africa-press.net\/burkina-faso\/politique\/burkina-faso-le-centre-detudes-de-formation-et-de-recherche-en-gestion-des-risques-sociaux-a-lance-son-programme-de-recherche#respond"]}]},{"@type":"WebPage","@id":"https:\/\/www.africa-press.net\/burkina-faso\/politique\/burkina-faso-le-centre-detudes-de-formation-et-de-recherche-en-gestion-des-risques-sociaux-a-lance-son-programme-de-recherche","url":"https:\/\/www.africa-press.net\/burkina-faso\/politique\/burkina-faso-le-centre-detudes-de-formation-et-de-recherche-en-gestion-des-risques-sociaux-a-lance-son-programme-de-recherche","name":"Le Centre d\u2019\u00e9tudes, de formation et de recherche en gestion des risques sociaux a lanc\u00e9 son programme de recherche - Burkina Faso","isPartOf":{"@id":"https:\/\/www.africa-press.net\/burkina-faso\/#website"},"primaryImageOfPage":{"@id":"https:\/\/www.africa-press.net\/burkina-faso\/politique\/burkina-faso-le-centre-detudes-de-formation-et-de-recherche-en-gestion-des-risques-sociaux-a-lance-son-programme-de-recherche#primaryimage"},"image":{"@id":"https:\/\/www.africa-press.net\/burkina-faso\/politique\/burkina-faso-le-centre-detudes-de-formation-et-de-recherche-en-gestion-des-risques-sociaux-a-lance-son-programme-de-recherche#primaryimage"},"thumbnailUrl":"https:\/\/static.africa-press.net\/burkina\/sites\/42\/2021\/07\/img-610010d7dd8de.jpg","datePublished":"2021-07-27T15:15:56+00:00","dateModified":"2021-07-27T19:16:59+00:00","author":{"@id":"https:\/\/www.africa-press.net\/burkina-faso\/#\/schema\/person\/2b1cf3cd81a31e3cd26889ca66d677f1"},"description":"Les universit\u00e9s Joseph Ki-Zerbo et Thomas Sankara ont proc\u00e9d\u00e9 ce lundi 26 juillet 2021 \u00e0 Ouagadougou, au lancement du pr ...","breadcrumb":{"@id":"https:\/\/www.africa-press.net\/burkina-faso\/politique\/burkina-faso-le-centre-detudes-de-formation-et-de-recherche-en-gestion-des-risques-sociaux-a-lance-son-programme-de-recherche#breadcrumb"},"inLanguage":"fr-FR","potentialAction":[{"@type":"ReadAction","target":["https:\/\/www.africa-press.net\/burkina-faso\/politique\/burkina-faso-le-centre-detudes-de-formation-et-de-recherche-en-gestion-des-risques-sociaux-a-lance-son-programme-de-recherche"]}]},{"@type":"ImageObject","inLanguage":"fr-FR","@id":"https:\/\/www.africa-press.net\/burkina-faso\/politique\/burkina-faso-le-centre-detudes-de-formation-et-de-recherche-en-gestion-des-risques-sociaux-a-lance-son-programme-de-recherche#primaryimage","url":"https:\/\/static.africa-press.net\/burkina\/sites\/42\/2021\/07\/img-610010d7dd8de.jpg","contentUrl":"https:\/\/static.africa-press.net\/burkina\/sites\/42\/2021\/07\/img-610010d7dd8de.jpg","width":720,"height":404,"caption":"Burkina Faso : Le Centre d\u2019\u00e9tudes, de formation et de recherche en gestion des risques sociaux a lanc\u00e9 son programme de recherche"},{"@type":"BreadcrumbList","@id":"https:\/\/www.africa-press.net\/burkina-faso\/politique\/burkina-faso-le-centre-detudes-de-formation-et-de-recherche-en-gestion-des-risques-sociaux-a-lance-son-programme-de-recherche#breadcrumb","itemListElement":[{"@type":"ListItem","position":1,"name":"Accueil","item":"https:\/\/www.africa-press.net\/burkina-faso\/"},{"@type":"ListItem","position":2,"name":"Le Centre d\u2019\u00e9tudes, de formation et de recherche en gestion des risques sociaux a lanc\u00e9 son programme de recherche"}]},{"@type":"WebSite","@id":"https:\/\/www.africa-press.net\/burkina-faso\/#website","url":"https:\/\/www.africa-press.net\/burkina-faso\/","name":"Burkina Faso","description":"Just another Africa News Agency Sites site","potentialAction":[{"@type":"SearchAction","target":{"@type":"EntryPoint","urlTemplate":"https:\/\/www.africa-press.net\/burkina-faso\/?s={search_term_string}"},"query-input":{"@type":"PropertyValueSpecification","valueRequired":true,"valueName":"search_term_string"}}],"inLanguage":"fr-FR"},{"@type":"Person","@id":"https:\/\/www.africa-press.net\/burkina-faso\/#\/schema\/person\/2b1cf3cd81a31e3cd26889ca66d677f1","name":"cfeditorfr"}]}},"_links":{"self":[{"href":"https:\/\/www.africa-press.net\/burkina-faso\/wp-json\/wp\/v2\/posts\/16891","targetHints":{"allow":["GET"]}}],"collection":[{"href":"https:\/\/www.africa-press.net\/burkina-faso\/wp-json\/wp\/v2\/posts"}],"about":[{"href":"https:\/\/www.africa-press.net\/burkina-faso\/wp-json\/wp\/v2\/types\/post"}],"author":[{"embeddable":true,"href":"https:\/\/www.africa-press.net\/burkina-faso\/wp-json\/wp\/v2\/users\/82"}],"replies":[{"embeddable":true,"href":"https:\/\/www.africa-press.net\/burkina-faso\/wp-json\/wp\/v2\/comments?post=16891"}],"version-history":[{"count":0,"href":"https:\/\/www.africa-press.net\/burkina-faso\/wp-json\/wp\/v2\/posts\/16891\/revisions"}],"wp:featuredmedia":[{"embeddable":true,"href":"https:\/\/www.africa-press.net\/burkina-faso\/wp-json\/wp\/v2\/media\/16890"}],"wp:attachment":[{"href":"https:\/\/www.africa-press.net\/burkina-faso\/wp-json\/wp\/v2\/media?parent=16891"}],"wp:term":[{"taxonomy":"category","embeddable":true,"href":"https:\/\/www.africa-press.net\/burkina-faso\/wp-json\/wp\/v2\/categories?post=16891"},{"taxonomy":"post_tag","embeddable":true,"href":"https:\/\/www.africa-press.net\/burkina-faso\/wp-json\/wp\/v2\/tags?post=16891"}],"curies":[{"name":"wp","href":"https:\/\/api.w.org\/{rel}","templated":true}]}}