{"id":18880,"date":"2021-08-20T14:17:51","date_gmt":"2021-08-20T14:17:51","guid":{"rendered":"https:\/\/www.africa-press.net\/burkina-faso\/?p=18880"},"modified":"2021-08-20T20:08:22","modified_gmt":"2021-08-20T20:08:22","slug":"log-lift-un-nouveau-challenge-pour-iron-biby-le-4-septembre","status":"publish","type":"post","link":"https:\/\/www.africa-press.net\/burkina-faso\/sports\/log-lift-un-nouveau-challenge-pour-iron-biby-le-4-septembre","title":{"rendered":"Log Lift : Un nouveau challenge pour Iron Biby le 4 septembre"},"content":{"rendered":"<p><span style=\"color: #ff6600\"><strong><a href=\"https:\/\/www.africa-press.net\/\">Africa-Press<\/a> &#8211; <a href=\"https:\/\/www.africa-press.net\/burkina-faso\">Burkina Faso<\/a>. <\/strong><\/span><b>Iron Biby, de son vrai nom Cheich Al Hassan Sanou, est \u00e0 la recherche d\u2019un nouveau titre d\u2019homme le plus fort du monde. L\u2019athl\u00e8te burkinab\u00e8 sera \u00e0 Leeds (Angleterre) le 4 septembre 2021 pour une nouvelle comp\u00e9tition pour d\u00e9signer l\u2019homme le plus fort d\u2019Europe.<\/b><\/p>\n<p>Mais, Iron Biby tentera un nouveau record dans le concours du log lift. En effet, le Burkinab\u00e8 et deux athl\u00e8tes (Luke Stoltman et Graham Hicks) veulent tenter de battre le record de lever de b\u00fbches.<\/p>\n<p>Depuis 2005, le lituanien \u017dydr\u016bnas Savickas dit Big Z d\u00e9tient le record de soulever de b\u00fbches qu\u2019il a am\u00e9lior\u00e9 depuis lors jusqu\u2019\u00e0 228 kg. Il est imbattable depuis lors.<\/p>\n<p>Cette fois, Iron Biby tentera, \u00e0 nouveau, de pousser ses limites pour battre ce record. De par le pass\u00e9, Iron Biby a fr\u00f4l\u00e9 la barre des 228 kg. Il est consid\u00e9r\u00e9 comme un candidat s\u00e9rieux pour battre ce record. Cette ann\u00e9e, Iron Biby avait d\u00e9j\u00e0 battu le record de l\u2019Axle press en soulevant une charge de 216 kilogramme en juillet 2021 \u00e0 Londres.<\/p>\n","protected":false},"excerpt":{"rendered":"<p>Africa-Press &#8211; Burkina Faso. Iron Biby, de son vrai nom Cheich Al Hassan Sanou, est \u00e0 la recherche d\u2019un nouveau titre d\u2019homme le plus fort du monde. L\u2019athl\u00e8te burkinab\u00e8 sera \u00e0 Leeds (Angleterre) le 4 septembre 2021 pour une nouvelle comp\u00e9tition pour d\u00e9signer l\u2019homme le plus fort d\u2019Europe. Mais, Iron Biby tentera un nouveau record [&hellip;]<\/p>\n","protected":false},"author":82,"featured_media":18879,"comment_status":"open","ping_status":"closed","sticky":false,"template":"","format":"standard","meta":{"footnotes":""},"categories":[11,6,10],"tags":[111,725,29],"class_list":["post-18880","post","type-post","status-publish","format-standard","has-post-thumbnail","hentry","category-homepage-french","category-sports","category-toutes-les-actualites","tag-africa-press","tag-africa-press-burkina-faso","tag-burkina-faso"],"yoast_head":"<!-- This site is optimized with the Yoast SEO Premium plugin v26.1 (Yoast SEO v27.0) - https:\/\/yoast.com\/product\/yoast-seo-premium-wordpress\/ -->\n<title>Log Lift : Un nouveau challenge pour Iron Biby le 4 septembre - Burkina Faso<\/title>\n<meta name=\"description\" content=\"Iron Biby, de son vrai nom Cheich Al Hassan Sanou, est \u00e0 la recherche d\u2019un nouveau titre d\u2019homme le plus fort du mond ...\" \/>\n<meta name=\"robots\" content=\"index, follow, max-snippet:-1, max-image-preview:large, max-video-preview:-1\" \/>\n<link rel=\"canonical\" href=\"https:\/\/www.africa-press.net\/burkina-faso\/sports\/log-lift-un-nouveau-challenge-pour-iron-biby-le-4-septembre\" \/>\n<meta property=\"og:locale\" content=\"fr_FR\" \/>\n<meta property=\"og:type\" content=\"article\" \/>\n<meta property=\"og:title\" content=\"Log Lift : Un nouveau challenge pour Iron Biby le 4 septembre\" \/>\n<meta property=\"og:description\" content=\"Iron Biby, de son vrai nom Cheich Al Hassan Sanou, est \u00e0 la recherche d\u2019un nouveau titre d\u2019homme le plus fort du mond ...\" \/>\n<meta property=\"og:url\" content=\"https:\/\/www.africa-press.net\/burkina-faso\/sports\/log-lift-un-nouveau-challenge-pour-iron-biby-le-4-septembre\" \/>\n<meta property=\"og:site_name\" content=\"Burkina Faso\" \/>\n<meta property=\"article:published_time\" content=\"2021-08-20T14:17:51+00:00\" \/>\n<meta property=\"article:modified_time\" content=\"2021-08-20T20:08:22+00:00\" \/>\n<meta property=\"og:image\" content=\"https:\/\/static.africa-press.net\/burkina\/sites\/42\/2021\/08\/img-611faebcb1400.jpg\" \/>\n\t<meta property=\"og:image:width\" content=\"1024\" \/>\n\t<meta property=\"og:image:height\" content=\"623\" \/>\n\t<meta property=\"og:image:type\" content=\"image\/jpeg\" \/>\n<meta name=\"author\" content=\"cfeditorfr\" \/>\n<meta name=\"twitter:card\" content=\"summary_large_image\" \/>\n<meta name=\"twitter:label1\" content=\"\u00c9crit par\" \/>\n\t<meta name=\"twitter:data1\" content=\"cfeditorfr\" \/>\n\t<meta name=\"twitter:label2\" content=\"Dur\u00e9e de lecture estim\u00e9e\" \/>\n\t<meta name=\"twitter:data2\" content=\"1 minute\" \/>\n<script type=\"application\/ld+json\" class=\"yoast-schema-graph\">{\"@context\":\"https:\/\/schema.org\",\"@graph\":[{\"@type\":\"Article\",\"@id\":\"https:\/\/www.africa-press.net\/burkina-faso\/sports\/log-lift-un-nouveau-challenge-pour-iron-biby-le-4-septembre#article\",\"isPartOf\":{\"@id\":\"https:\/\/www.africa-press.net\/burkina-faso\/sports\/log-lift-un-nouveau-challenge-pour-iron-biby-le-4-septembre\"},\"author\":{\"name\":\"cfeditorfr\",\"@id\":\"https:\/\/www.africa-press.net\/burkina-faso\/#\/schema\/person\/2b1cf3cd81a31e3cd26889ca66d677f1\"},\"headline\":\"Log Lift : Un nouveau challenge pour Iron Biby le 4 septembre\",\"datePublished\":\"2021-08-20T14:17:51+00:00\",\"dateModified\":\"2021-08-20T20:08:22+00:00\",\"mainEntityOfPage\":{\"@id\":\"https:\/\/www.africa-press.net\/burkina-faso\/sports\/log-lift-un-nouveau-challenge-pour-iron-biby-le-4-septembre\"},\"wordCount\":195,\"commentCount\":0,\"image\":{\"@id\":\"https:\/\/www.africa-press.net\/burkina-faso\/sports\/log-lift-un-nouveau-challenge-pour-iron-biby-le-4-septembre#primaryimage\"},\"thumbnailUrl\":\"https:\/\/static.africa-press.net\/burkina\/sites\/42\/2021\/08\/img-611faebcb1400.jpg\",\"keywords\":[\"Africa Press\",\"Africa Press-Burkina Faso\",\"Burkina Faso\"],\"articleSection\":[\"homepage-french\",\"Sports\",\"Toutes les actualit\u00e9s\"],\"inLanguage\":\"fr-FR\",\"potentialAction\":[{\"@type\":\"CommentAction\",\"name\":\"Comment\",\"target\":[\"https:\/\/www.africa-press.net\/burkina-faso\/sports\/log-lift-un-nouveau-challenge-pour-iron-biby-le-4-septembre#respond\"]}]},{\"@type\":\"WebPage\",\"@id\":\"https:\/\/www.africa-press.net\/burkina-faso\/sports\/log-lift-un-nouveau-challenge-pour-iron-biby-le-4-septembre\",\"url\":\"https:\/\/www.africa-press.net\/burkina-faso\/sports\/log-lift-un-nouveau-challenge-pour-iron-biby-le-4-septembre\",\"name\":\"Log Lift : Un nouveau challenge pour Iron Biby le 4 septembre - Burkina Faso\",\"isPartOf\":{\"@id\":\"https:\/\/www.africa-press.net\/burkina-faso\/#website\"},\"primaryImageOfPage\":{\"@id\":\"https:\/\/www.africa-press.net\/burkina-faso\/sports\/log-lift-un-nouveau-challenge-pour-iron-biby-le-4-septembre#primaryimage\"},\"image\":{\"@id\":\"https:\/\/www.africa-press.net\/burkina-faso\/sports\/log-lift-un-nouveau-challenge-pour-iron-biby-le-4-septembre#primaryimage\"},\"thumbnailUrl\":\"https:\/\/static.africa-press.net\/burkina\/sites\/42\/2021\/08\/img-611faebcb1400.jpg\",\"datePublished\":\"2021-08-20T14:17:51+00:00\",\"dateModified\":\"2021-08-20T20:08:22+00:00\",\"author\":{\"@id\":\"https:\/\/www.africa-press.net\/burkina-faso\/#\/schema\/person\/2b1cf3cd81a31e3cd26889ca66d677f1\"},\"description\":\"Iron Biby, de son vrai nom Cheich Al Hassan Sanou, est \u00e0 la recherche d\u2019un nouveau titre d\u2019homme le plus fort du mond ...\",\"breadcrumb\":{\"@id\":\"https:\/\/www.africa-press.net\/burkina-faso\/sports\/log-lift-un-nouveau-challenge-pour-iron-biby-le-4-septembre#breadcrumb\"},\"inLanguage\":\"fr-FR\",\"potentialAction\":[{\"@type\":\"ReadAction\",\"target\":[\"https:\/\/www.africa-press.net\/burkina-faso\/sports\/log-lift-un-nouveau-challenge-pour-iron-biby-le-4-septembre\"]}]},{\"@type\":\"ImageObject\",\"inLanguage\":\"fr-FR\",\"@id\":\"https:\/\/www.africa-press.net\/burkina-faso\/sports\/log-lift-un-nouveau-challenge-pour-iron-biby-le-4-septembre#primaryimage\",\"url\":\"https:\/\/static.africa-press.net\/burkina\/sites\/42\/2021\/08\/img-611faebcb1400.jpg\",\"contentUrl\":\"https:\/\/static.africa-press.net\/burkina\/sites\/42\/2021\/08\/img-611faebcb1400.jpg\",\"width\":1024,\"height\":623,\"caption\":\"Log Lift : Un nouveau challenge pour Iron Biby le 4 septembre\"},{\"@type\":\"BreadcrumbList\",\"@id\":\"https:\/\/www.africa-press.net\/burkina-faso\/sports\/log-lift-un-nouveau-challenge-pour-iron-biby-le-4-septembre#breadcrumb\",\"itemListElement\":[{\"@type\":\"ListItem\",\"position\":1,\"name\":\"Accueil\",\"item\":\"https:\/\/www.africa-press.net\/burkina-faso\/\"},{\"@type\":\"ListItem\",\"position\":2,\"name\":\"Log Lift : Un nouveau challenge pour Iron Biby le 4 septembre\"}]},{\"@type\":\"WebSite\",\"@id\":\"https:\/\/www.africa-press.net\/burkina-faso\/#website\",\"url\":\"https:\/\/www.africa-press.net\/burkina-faso\/\",\"name\":\"Burkina Faso\",\"description\":\"Just another Africa News Agency Sites site\",\"potentialAction\":[{\"@type\":\"SearchAction\",\"target\":{\"@type\":\"EntryPoint\",\"urlTemplate\":\"https:\/\/www.africa-press.net\/burkina-faso\/?s={search_term_string}\"},\"query-input\":{\"@type\":\"PropertyValueSpecification\",\"valueRequired\":true,\"valueName\":\"search_term_string\"}}],\"inLanguage\":\"fr-FR\"},{\"@type\":\"Person\",\"@id\":\"https:\/\/www.africa-press.net\/burkina-faso\/#\/schema\/person\/2b1cf3cd81a31e3cd26889ca66d677f1\",\"name\":\"cfeditorfr\"}]}<\/script>\n<!-- \/ Yoast SEO Premium plugin. -->","yoast_head_json":{"title":"Log Lift : Un nouveau challenge pour Iron Biby le 4 septembre - Burkina Faso","description":"Iron Biby, de son vrai nom Cheich Al Hassan Sanou, est \u00e0 la recherche d\u2019un nouveau titre d\u2019homme le plus fort du mond ...","robots":{"index":"index","follow":"follow","max-snippet":"max-snippet:-1","max-image-preview":"max-image-preview:large","max-video-preview":"max-video-preview:-1"},"canonical":"https:\/\/www.africa-press.net\/burkina-faso\/sports\/log-lift-un-nouveau-challenge-pour-iron-biby-le-4-septembre","og_locale":"fr_FR","og_type":"article","og_title":"Log Lift : Un nouveau challenge pour Iron Biby le 4 septembre","og_description":"Iron Biby, de son vrai nom Cheich Al Hassan Sanou, est \u00e0 la recherche d\u2019un nouveau titre d\u2019homme le plus fort du mond ...","og_url":"https:\/\/www.africa-press.net\/burkina-faso\/sports\/log-lift-un-nouveau-challenge-pour-iron-biby-le-4-septembre","og_site_name":"Burkina Faso","article_published_time":"2021-08-20T14:17:51+00:00","article_modified_time":"2021-08-20T20:08:22+00:00","og_image":[{"width":1024,"height":623,"url":"https:\/\/static.africa-press.net\/burkina\/sites\/42\/2021\/08\/img-611faebcb1400.jpg","type":"image\/jpeg"}],"author":"cfeditorfr","twitter_card":"summary_large_image","twitter_misc":{"\u00c9crit par":"cfeditorfr","Dur\u00e9e de lecture estim\u00e9e":"1 minute"},"schema":{"@context":"https:\/\/schema.org","@graph":[{"@type":"Article","@id":"https:\/\/www.africa-press.net\/burkina-faso\/sports\/log-lift-un-nouveau-challenge-pour-iron-biby-le-4-septembre#article","isPartOf":{"@id":"https:\/\/www.africa-press.net\/burkina-faso\/sports\/log-lift-un-nouveau-challenge-pour-iron-biby-le-4-septembre"},"author":{"name":"cfeditorfr","@id":"https:\/\/www.africa-press.net\/burkina-faso\/#\/schema\/person\/2b1cf3cd81a31e3cd26889ca66d677f1"},"headline":"Log Lift : Un nouveau challenge pour Iron Biby le 4 septembre","datePublished":"2021-08-20T14:17:51+00:00","dateModified":"2021-08-20T20:08:22+00:00","mainEntityOfPage":{"@id":"https:\/\/www.africa-press.net\/burkina-faso\/sports\/log-lift-un-nouveau-challenge-pour-iron-biby-le-4-septembre"},"wordCount":195,"commentCount":0,"image":{"@id":"https:\/\/www.africa-press.net\/burkina-faso\/sports\/log-lift-un-nouveau-challenge-pour-iron-biby-le-4-septembre#primaryimage"},"thumbnailUrl":"https:\/\/static.africa-press.net\/burkina\/sites\/42\/2021\/08\/img-611faebcb1400.jpg","keywords":["Africa Press","Africa Press-Burkina Faso","Burkina Faso"],"articleSection":["homepage-french","Sports","Toutes les actualit\u00e9s"],"inLanguage":"fr-FR","potentialAction":[{"@type":"CommentAction","name":"Comment","target":["https:\/\/www.africa-press.net\/burkina-faso\/sports\/log-lift-un-nouveau-challenge-pour-iron-biby-le-4-septembre#respond"]}]},{"@type":"WebPage","@id":"https:\/\/www.africa-press.net\/burkina-faso\/sports\/log-lift-un-nouveau-challenge-pour-iron-biby-le-4-septembre","url":"https:\/\/www.africa-press.net\/burkina-faso\/sports\/log-lift-un-nouveau-challenge-pour-iron-biby-le-4-septembre","name":"Log Lift : Un nouveau challenge pour Iron Biby le 4 septembre - Burkina Faso","isPartOf":{"@id":"https:\/\/www.africa-press.net\/burkina-faso\/#website"},"primaryImageOfPage":{"@id":"https:\/\/www.africa-press.net\/burkina-faso\/sports\/log-lift-un-nouveau-challenge-pour-iron-biby-le-4-septembre#primaryimage"},"image":{"@id":"https:\/\/www.africa-press.net\/burkina-faso\/sports\/log-lift-un-nouveau-challenge-pour-iron-biby-le-4-septembre#primaryimage"},"thumbnailUrl":"https:\/\/static.africa-press.net\/burkina\/sites\/42\/2021\/08\/img-611faebcb1400.jpg","datePublished":"2021-08-20T14:17:51+00:00","dateModified":"2021-08-20T20:08:22+00:00","author":{"@id":"https:\/\/www.africa-press.net\/burkina-faso\/#\/schema\/person\/2b1cf3cd81a31e3cd26889ca66d677f1"},"description":"Iron Biby, de son vrai nom Cheich Al Hassan Sanou, est \u00e0 la recherche d\u2019un nouveau titre d\u2019homme le plus fort du mond ...","breadcrumb":{"@id":"https:\/\/www.africa-press.net\/burkina-faso\/sports\/log-lift-un-nouveau-challenge-pour-iron-biby-le-4-septembre#breadcrumb"},"inLanguage":"fr-FR","potentialAction":[{"@type":"ReadAction","target":["https:\/\/www.africa-press.net\/burkina-faso\/sports\/log-lift-un-nouveau-challenge-pour-iron-biby-le-4-septembre"]}]},{"@type":"ImageObject","inLanguage":"fr-FR","@id":"https:\/\/www.africa-press.net\/burkina-faso\/sports\/log-lift-un-nouveau-challenge-pour-iron-biby-le-4-septembre#primaryimage","url":"https:\/\/static.africa-press.net\/burkina\/sites\/42\/2021\/08\/img-611faebcb1400.jpg","contentUrl":"https:\/\/static.africa-press.net\/burkina\/sites\/42\/2021\/08\/img-611faebcb1400.jpg","width":1024,"height":623,"caption":"Log Lift : Un nouveau challenge pour Iron Biby le 4 septembre"},{"@type":"BreadcrumbList","@id":"https:\/\/www.africa-press.net\/burkina-faso\/sports\/log-lift-un-nouveau-challenge-pour-iron-biby-le-4-septembre#breadcrumb","itemListElement":[{"@type":"ListItem","position":1,"name":"Accueil","item":"https:\/\/www.africa-press.net\/burkina-faso\/"},{"@type":"ListItem","position":2,"name":"Log Lift : Un nouveau challenge pour Iron Biby le 4 septembre"}]},{"@type":"WebSite","@id":"https:\/\/www.africa-press.net\/burkina-faso\/#website","url":"https:\/\/www.africa-press.net\/burkina-faso\/","name":"Burkina Faso","description":"Just another Africa News Agency Sites site","potentialAction":[{"@type":"SearchAction","target":{"@type":"EntryPoint","urlTemplate":"https:\/\/www.africa-press.net\/burkina-faso\/?s={search_term_string}"},"query-input":{"@type":"PropertyValueSpecification","valueRequired":true,"valueName":"search_term_string"}}],"inLanguage":"fr-FR"},{"@type":"Person","@id":"https:\/\/www.africa-press.net\/burkina-faso\/#\/schema\/person\/2b1cf3cd81a31e3cd26889ca66d677f1","name":"cfeditorfr"}]}},"_links":{"self":[{"href":"https:\/\/www.africa-press.net\/burkina-faso\/wp-json\/wp\/v2\/posts\/18880","targetHints":{"allow":["GET"]}}],"collection":[{"href":"https:\/\/www.africa-press.net\/burkina-faso\/wp-json\/wp\/v2\/posts"}],"about":[{"href":"https:\/\/www.africa-press.net\/burkina-faso\/wp-json\/wp\/v2\/types\/post"}],"author":[{"embeddable":true,"href":"https:\/\/www.africa-press.net\/burkina-faso\/wp-json\/wp\/v2\/users\/82"}],"replies":[{"embeddable":true,"href":"https:\/\/www.africa-press.net\/burkina-faso\/wp-json\/wp\/v2\/comments?post=18880"}],"version-history":[{"count":0,"href":"https:\/\/www.africa-press.net\/burkina-faso\/wp-json\/wp\/v2\/posts\/18880\/revisions"}],"wp:featuredmedia":[{"embeddable":true,"href":"https:\/\/www.africa-press.net\/burkina-faso\/wp-json\/wp\/v2\/media\/18879"}],"wp:attachment":[{"href":"https:\/\/www.africa-press.net\/burkina-faso\/wp-json\/wp\/v2\/media?parent=18880"}],"wp:term":[{"taxonomy":"category","embeddable":true,"href":"https:\/\/www.africa-press.net\/burkina-faso\/wp-json\/wp\/v2\/categories?post=18880"},{"taxonomy":"post_tag","embeddable":true,"href":"https:\/\/www.africa-press.net\/burkina-faso\/wp-json\/wp\/v2\/tags?post=18880"}],"curies":[{"name":"wp","href":"https:\/\/api.w.org\/{rel}","templated":true}]}}