{"id":199,"date":"2020-10-22T01:25:56","date_gmt":"2020-10-22T01:25:56","guid":{"rendered":"https:\/\/www.africa-press.com\/burkina-faso\/?p=199"},"modified":"2020-10-22T16:09:25","modified_gmt":"2020-10-22T16:09:25","slug":"province-du-zondoma-quand-la-recherche-booste-la-production-du-niebe","status":"publish","type":"post","link":"https:\/\/www.africa-press.net\/burkina-faso\/economie\/province-du-zondoma-quand-la-recherche-booste-la-production-du-niebe","title":{"rendered":"Province du Zondoma\u00a0: Quand la recherche booste la production du ni\u00e9b\u00e9"},"content":{"rendered":"<p><span style=\"color: #ff6600\"><strong>Burkina Faso &#8211; Africa Press. <\/strong><\/span>Le ni\u00e9b\u00e9, Vigna unguiculata, est la l\u00e9gumineuse majeure au Burkina Faso. G\u00e9n\u00e9ralement adapt\u00e9 aux conditions agro\u00e9cologiques des savanes ouest-africaines, le ni\u00e9b\u00e9 est produit au Burkina Faso dans toutes les r\u00e9gions en association avec les c\u00e9r\u00e9ales (95 %) et en culture pure (5% des superficies et 9% des volumes produits). Sa culture pr\u00e9sente des retomb\u00e9es \u00e9conomiques, nutritionnelles, et agronomiques consid\u00e9rables.<\/p>\n<p>La fili\u00e8re ni\u00e9b\u00e9 fait d\u2019ailleurs partie des six fili\u00e8res prioritaires de l\u2019Etat. Malgr\u00e9 sa large adaptation et son importance, la productivit\u00e9 du ni\u00e9b\u00e9 est g\u00e9n\u00e9ralement tr\u00e8s faible \u00e0 cause de nombreuses contraintes biotiques et abiotiques. Les principales contraintes dans la production du ni\u00e9b\u00e9 comprennent : les insectes ravageurs (aphides, thrips, piqueurs suceurs, foreuses de gousses et bruches), les maladies (bact\u00e9riennes, virales et fongiques), les plantes parasites (Striga et alectra), la s\u00e9cheresse et les pratiques agricoles.<\/p>\n<p>Fort heureusement, la recherche a fait beaucoup d\u2019avanc\u00e9es dans le domaine et gr\u00e2ce \u00e0 la biotechnologie, des vari\u00e9t\u00e9s am\u00e9lior\u00e9es capables de dompter la plupart de ces contraintes sont mis \u00e0 la disposition des producteurs ouvrant ainsi de belles perspectives \u00e0 la fili\u00e8re.<\/p>\n<p>Boussou, 40 Km de Gourcy. Nous sommes dans la province du Zondoma dans la R\u00e9gion du Nord. Nous y avons rendez-vous avec Boukar\u00e9 Compaor\u00e9, un producteur mod\u00e8le de ni\u00e9b\u00e9. De part et d\u2019autre de la piste qui nous m\u00e8ne dans cette commune rurale, de vastes champs de diverses sp\u00e9culations se laissent observer avec une part belle au ni\u00e9b\u00e9. \u00ab M\u00eame dans les champs de mil, le ni\u00e9b\u00e9 est \u00e9galement associ\u00e9 \u00bb, nous murmure notre guide. Apr\u00e8s presque une heure de route, nous arrivons enfin \u00e0 Boussou.<\/p>\n<p>Apr\u00e8s un bref instant d\u2019\u00e9change, place \u00e0 une visite guid\u00e9e dans le vaste champ de Boukar\u00e9 Compaor\u00e9. Ce paysan a fait de la production des vari\u00e9t\u00e9s am\u00e9lior\u00e9es de ni\u00e9b\u00e9 sa pr\u00e9f\u00e9rence. \u00ab Ici il n\u2019y a plus de place pour le ni\u00e9b\u00e9 traditionnel \u00bb, se plait-il \u00e0 nous raconter. Compte tenu de \u00ab sa riche exp\u00e9rience \u00bb avec les vari\u00e9t\u00e9s am\u00e9lior\u00e9es, il a \u00e9t\u00e9 choisi par l\u2019Institut de l\u2019Environnement et de Recherches Agricoles (INERA) pour exp\u00e9rimenter de nouvelles lign\u00e9es de ni\u00e9b\u00e9 issues de la biotechnologie.<\/p>\n<p>Sur une portion de sa ferme de 5 ha, une parcelle de la taille d\u2019un terrain de football est d\u00e9di\u00e9e \u00e0 des tests de d\u00e9monstration de lign\u00e9es. \u00ab L\u2019INERA a mis \u00e0 notre disposition une semence de pr\u00e9base (des semences de puret\u00e9 \u00e9lev\u00e9e produites par la recherche, ndlr) pour qu\u2019on l\u2019exp\u00e9rimente. Aux c\u00f4t\u00e9s de chaque nouvelle lign\u00e9e, nous juxtaposons une parcelle t\u00e9moin de Komcall\u00e9 ou Tilgr\u00e9 qui sont des vari\u00e9t\u00e9s am\u00e9lior\u00e9es que nous connaissons d\u00e9j\u00e0 \u00bb, nous explique le ma\u00eetre des lieux.<\/p>\n<p>\u00ab Apr\u00e8s maturation, on essaie de caract\u00e9riser ces nouvelles lign\u00e9es (leur rendement, la dur\u00e9e du cycle, la texture des graines, le mod\u00e8le rampant, semi-rampant ou \u00e9rig\u00e9, etc.). Elles seront, apr\u00e8s homologation, int\u00e9gr\u00e9es dans la cha\u00eene des vari\u00e9t\u00e9s \u00bb, pr\u00e9cise le directeur provincial de l\u2019agriculture et des am\u00e9nagements hydroagricoles du Zondoma, Kiswendsida Nicod\u00e8me Zoungrana.<\/p>\n<p>De retour de Boussou, nous faisons escale \u00e0 Toubyengo, une localit\u00e9 \u00e0 mi-chemin entre Boussou et Gourcy. Dans cette localit\u00e9, l\u2019Union des Producteurs semenciers du Zondoma dispose d\u2019une sole semenci\u00e8re de 30 ha o\u00f9 elle produit de la semence certifi\u00e9e (semence issue de semence de base et destin\u00e9e \u00e0 la production, ndlr) de Komcall\u00e9, une vari\u00e9t\u00e9 de ni\u00e9b\u00e9 pr\u00e9coce de 60 jours issue de la recherche.<\/p>\n<p>C\u2019est en moyenne 75 tonnes de semences qui sont produites chaque ann\u00e9e par cette union, qui les revend aux paysans qui produisent pour la consommation ou le commerce.<\/p>\n<p>Lire aussi L\u00e9gumineuses au Burkina : A la d\u00e9couverte de nouvelles esp\u00e8ces en exp\u00e9rimentation \u00e0 Kamboins\u00e9De l\u2019avis du pr\u00e9sident de l\u2019Union des Producteurs semenciers du Zondoma, El hadj Ahamadou Kenor\u00e9, l\u2019introduction des vari\u00e9t\u00e9s issues de la biotechnologie a fortement boost\u00e9 le rendement des producteurs du ni\u00e9b\u00e9 dans la province.<\/p>\n<p>\u00ab Depuis que l\u2019on produit les semences am\u00e9lior\u00e9es, on se rend compte que le rendement des producteurs a consid\u00e9rablement augment\u00e9. Comparativement aux vari\u00e9t\u00e9s traditionnelles, dont le rendement est tributaire des al\u00e9as climatiques, ces nouvelles vari\u00e9t\u00e9s r\u00e9sistent \u00e0 plusieurs contraintes.<\/p>\n<p>Tous les paysans qui se procurent aupr\u00e8s de l\u2019union nous font toujours un retour positif par rapport \u00e0 la qualit\u00e9 des semences am\u00e9lior\u00e9es que nous mettons \u00e0 leur disposition \u00bb, nous confie-t-il.<\/p>\n<p>Si le ni\u00e9b\u00e9 rencontre du succ\u00e8s dans le Zondoma, il le doit \u00e0 une bonne organisation des acteurs de la cha\u00eene. En effet, les producteurs de cette province sont organis\u00e9s en coop\u00e9ratives, toute chose qui facilite leur encadrement, selon le directeur provincial en charge de l\u2019agriculture et des am\u00e9nagements hydroagricoles du Zondoma.<\/p>\n<p>\u00ab Les acteurs sont tr\u00e8s bien organis\u00e9s ici. Nous avons une fa\u00eeti\u00e8re au niveau provincial avec des d\u00e9membrements au niveau d\u00e9partement et village. Cette structure mobilise une cinquantaine de producteurs semenciers toutes sp\u00e9culations confondues ; mais le ni\u00e9b\u00e9 est la semence la plus produite.<\/p>\n<p>Chaque ann\u00e9e, nous avons une production moyenne de 150 tonnes de productions de semences avec 75 tonnes pour le ni\u00e9b\u00e9 \u00bb, nous explique Kiswendsida Nicod\u00e8me Zoungrana.<\/p>\n<p>Dans cette province, les paysans ont compris que la qualit\u00e9 de la semence influe directement la performance de la production. C\u2019est donc aupr\u00e8s des producteurs semenciers que les paysans qui produisent pour la consommation se procurent la semence certifi\u00e9e par l\u2019INERA. Pour la production de consommation, la province enregistre chaque ann\u00e9e en moyenne 30 000 tonnes de ni\u00e9b\u00e9.<\/p>\n<p>\u00ab Le Zondoma, c\u2019est la plus petite province de la r\u00e9gion du Nord. Mais au vu de la quantit\u00e9 de ni\u00e9b\u00e9 qui y sort, nous figurons parmi les premiers \u00e0 l\u2019\u00e9chelle m\u00eame nationale \u00bb, se f\u00e9licite le directeur provincial en charge de l\u2019agriculture et des am\u00e9nagements hydroagricoles du Zondoma.<\/p>\n<p>Selon le pr\u00e9sident de l\u2019union provinciale des coop\u00e9ratives simplifi\u00e9es de production du ni\u00e9b\u00e9 du Zondoma, Abdoulaye Mand\u00e9, \u00ab c\u2019est gr\u00e2ce au tandem entre l\u2019union des producteurs semenciers et les coop\u00e9ratives simplifi\u00e9es de production du ni\u00e9b\u00e9, que la production du ni\u00e9b\u00e9 a pris son envol dans le Zondoma \u00bb.<\/p>\n<p>Au-del\u00e0 de l\u2019engouement des producteurs pour le ni\u00e9b\u00e9, faisant de cette l\u00e9gumineuse la sp\u00e9culation l\u00e9gendaire dans le Zondoma et cela depuis les ann\u00e9es 80, il faut reconna\u00eetre que cette culture y doit son succ\u00e8s \u00e0 la recherche. Le Zondoma est en fait une province de pr\u00e9dilection pour les s\u00e9lections et les d\u00e9monstrations des nouvelles vari\u00e9t\u00e9s de ni\u00e9b\u00e9 sorties du laboratoire de g\u00e9n\u00e9tique et biotechnologies v\u00e9g\u00e9tales de l\u2019Institut de l\u2019Environnement et de Recherches Agricoles (INERA).<\/p>\n<p>Cette province a du reste b\u00e9n\u00e9fici\u00e9 d\u2019un projet de l\u2019INERA d\u00e9nomm\u00e9 TL3 (tropical L\u00e9gume Phase III) qui est une plateforme multi-acteurs regroupant les acteurs directs (producteurs-transformateurs\/trices, les commer\u00e7ants), les structures de soutien (l\u2019administration, les techniciens, les institutions bancaires et la recherche).<\/p>\n<p>Apr\u00e8s le Zondoma, retour \u00e0 Ouagadougou. Au Centre de Recherches Environnementales, Agricoles et de Formation (CREAF) \u00e0 Kamboins\u00e9, en banlieue nord de la capitale. Le chef de l\u2019\u00e9quipe de l\u2019Unit\u00e9 de s\u00e9lection de ni\u00e9b\u00e9, Dr Beno\u00eet Joseph Batieno est en pleine activit\u00e9 au laboratoire de g\u00e9n\u00e9tique et de biotechnologies v\u00e9g\u00e9tales. C\u2019est l\u00e0 o\u00f9 s\u2019effectue tout le travail biotechnologique. Selon lui, depuis 1978 les chercheurs burkinab\u00e8 se sont int\u00e9ress\u00e9s au ni\u00e9b\u00e9 et mis au point une quarantaine de vari\u00e9t\u00e9s .<\/p>\n<p>\u00ab On prend le ni\u00e9b\u00e9 comme une des plantes qui tol\u00e8re un peu la s\u00e9cheresse. Mais aujourd\u2019hui avec les changements climatiques qui influencent les pluies, la longueur des poches de s\u00e9cheresse devient de plus en plus importante. Le ni\u00e9b\u00e9 aussi subit ces poches de s\u00e9cheresse et surtout en fin de cycle.<\/p>\n<p>Donc, ce que nous faisons aujourd\u2019hui, c\u2019est de d\u00e9velopper des vari\u00e9t\u00e9s qui sont adapt\u00e9es, qui ont un court cycle autour de 60 \u00e0 70 jours et qui puissent, malgr\u00e9 les poches de s\u00e9cheresse, r\u00e9sister et produire quelque chose pour le producteur tout en \u00e9tant r\u00e9sistant aux parasites. C\u2019est ce qui nous a pouss\u00e9s \u00e0 am\u00e9liorer le ni\u00e9b\u00e9 parce que tous ces parasites, plus les changements climatiques se mettent ensemble pour contrer notre production \u00bb, explique le chercheur.<\/p>\n<p>Gr\u00e2ce \u00e0 ce laboratoire dot\u00e9 d\u2019un \u00e9quipement de haute technologie, les chercheurs arrivent \u00e0 raccourcir le cycle de s\u00e9lection des vari\u00e9t\u00e9s. \u00ab Dans le temps, on faisait la s\u00e9lection de fa\u00e7on aveugle et c\u2019est le champ qui nous disait la v\u00e9rit\u00e9. Tu peux s\u00e9lectionner et puis \u00e0 la fin tu pars le mettre au champ et il n\u2019y a rien d\u2019int\u00e9ressant \u00e0 l\u2019int\u00e9rieur. Tu pouvais faire 12 ans et \u00e0 la fin tu n\u2019as pas de vari\u00e9t\u00e9 \u00e0 vulgariser \u00bb, avoue Dr Batieno.<\/p>\n<p>\u00ab Mais aujourd\u2019hui, explique-t-il, pour \u00eatre s\u00fbr que tu as quelque chose \u00e0 vulgariser, tu suis les g\u00e8nes d\u2019int\u00e9r\u00eat \u00e0 travers des marqueurs que nous utilisons au laboratoire pour suivre l\u2019\u00e9volution de nos plantes. Mais \u00e7a, au lieu de faire 12 ans, \u00e7a peut nous permettre de sortir une vari\u00e9t\u00e9 en 6 ans. Et pour encore plus raccourcir, au lieu d\u2019attendre une ann\u00e9e pour avancer, on peut utiliser les serres ou l\u2019irrigation qui nous permettent de faire au plus 4 saisons en une ann\u00e9e. Avec ce processus, normalement en 4 ans, on peut faire sortir une vari\u00e9t\u00e9 \u00bb.<\/p>\n<p>Au Zondoma, gr\u00e2ce aux vari\u00e9t\u00e9s am\u00e9lior\u00e9es, les producteurs de ni\u00e9b\u00e9 ont nettement accru leur rendement, am\u00e9liorant ainsi leurs conditions de vie.\u00ab En tout cas, nous sommes tr\u00e8s contents ici. Nous remercions Dieu et l\u2019INERA pour la vulgarisation des vari\u00e9t\u00e9s am\u00e9lior\u00e9es. En v\u00e9rit\u00e9, la famine \u00e0 laquelle nos anc\u00eatres et nos parents ont souffert, gr\u00e2ce aux vari\u00e9t\u00e9s am\u00e9lior\u00e9es, nous ne conna\u00eetrons pas cette famine. Nous allons vaincre l\u2019ins\u00e9curit\u00e9 alimentaire \u00bb, se r\u00e9jouit le pr\u00e9sident de l\u2019Union des Producteurs semenciers du Zondoma, El hadj Ahamadou Kenor\u00e9, qui invite au passage les paysans \u00e0 se lancer \u00e0 fond dans la production du ni\u00e9b\u00e9, en se dotant notamment de la semence \u00e0 vari\u00e9t\u00e9 am\u00e9lior\u00e9e. \u00ab C\u2019est la solution \u00e0 la pauvret\u00e9 et \u00e0 l\u2019ins\u00e9curit\u00e9 alimentaire \u00bb, ajoute-t-il.<\/p>\n<p>Le Docteur Beno\u00eet Joseph Batieno y croit dur, \u00ab la fili\u00e8re ni\u00e9b\u00e9 a de beaux jours devant elle et nous faisons tout pour que cela se fasse \u00bb. Et de conclure : \u00ab nous mettons tous les moyens parce que quoi qu\u2019on dise, nous essayons de mobiliser chaque ann\u00e9e beaucoup de fonds pour ne pas rester en marge par rapport \u00e0 une am\u00e9lioration et r\u00e9soudre les probl\u00e8mes des producteurs \u00bb.<\/p>\n<p>Maxime KABORE<\/p>\n","protected":false},"excerpt":{"rendered":"<p>Burkina Faso &#8211; Africa Press. Le ni\u00e9b\u00e9, Vigna unguiculata, est la l\u00e9gumineuse majeure au Burkina Faso. G\u00e9n\u00e9ralement adapt\u00e9 aux conditions agro\u00e9cologiques des savanes ouest-africaines, le ni\u00e9b\u00e9 est produit au Burkina Faso dans toutes les r\u00e9gions en association avec les c\u00e9r\u00e9ales (95 %) et en culture pure (5% des superficies et 9% des volumes produits). Sa [&hellip;]<\/p>\n","protected":false},"author":82,"featured_media":198,"comment_status":"open","ping_status":"closed","sticky":false,"template":"","format":"standard","meta":{"footnotes":""},"categories":[3,11,10],"tags":[76,77,78,102,103,79],"class_list":["post-199","post","type-post","status-publish","format-standard","has-post-thumbnail","hentry","category-economie","category-homepage-french","category-toutes-les-actualites","tag-biotechnologies","tag-inera","tag-niebe","tag-production-de-niebe-au-burkina-faso","tag-recherche-agricole-au-burkina-faso","tag-varietes-ameliorees"],"yoast_head":"<!-- This site is optimized with the Yoast SEO Premium plugin v26.1 (Yoast SEO v27.0) - https:\/\/yoast.com\/product\/yoast-seo-premium-wordpress\/ -->\n<title>Province du Zondoma\u00a0: Quand la recherche booste la production du ni\u00e9b\u00e9 - Burkina Faso<\/title>\n<meta name=\"description\" content=\"Le ni\u00e9b\u00e9, Vigna unguiculata, est la l\u00e9gumineuse majeure au Burkina Faso. G\u00e9n\u00e9ralement adapt\u00e9 aux conditions agro\u00e9cologiques\" \/>\n<meta name=\"robots\" content=\"index, follow, max-snippet:-1, max-image-preview:large, max-video-preview:-1\" \/>\n<link rel=\"canonical\" href=\"https:\/\/www.africa-press.net\/burkina-faso\/economie\/province-du-zondoma-quand-la-recherche-booste-la-production-du-niebe\" \/>\n<meta property=\"og:locale\" content=\"fr_FR\" \/>\n<meta property=\"og:type\" content=\"article\" \/>\n<meta property=\"og:title\" content=\"Province du Zondoma\u00a0: Quand la recherche booste la production du ni\u00e9b\u00e9\" \/>\n<meta property=\"og:description\" content=\"Le ni\u00e9b\u00e9, Vigna unguiculata, est la l\u00e9gumineuse majeure au Burkina Faso. G\u00e9n\u00e9ralement adapt\u00e9 aux conditions agro\u00e9cologiques\" \/>\n<meta property=\"og:url\" content=\"https:\/\/www.africa-press.net\/burkina-faso\/economie\/province-du-zondoma-quand-la-recherche-booste-la-production-du-niebe\" \/>\n<meta property=\"og:site_name\" content=\"Burkina Faso\" \/>\n<meta property=\"article:published_time\" content=\"2020-10-22T01:25:56+00:00\" \/>\n<meta property=\"article:modified_time\" content=\"2020-10-22T16:09:25+00:00\" \/>\n<meta property=\"og:image\" content=\"https:\/\/static.africa-press.net\/burkina\/sites\/42\/2020\/10\/img-5f90d097f0803.jpg\" \/>\n\t<meta property=\"og:image:width\" content=\"690\" \/>\n\t<meta property=\"og:image:height\" content=\"460\" \/>\n\t<meta property=\"og:image:type\" content=\"image\/jpeg\" \/>\n<meta name=\"author\" content=\"cfeditorfr\" \/>\n<meta name=\"twitter:card\" content=\"summary_large_image\" \/>\n<meta name=\"twitter:label1\" content=\"\u00c9crit par\" \/>\n\t<meta name=\"twitter:data1\" content=\"cfeditorfr\" \/>\n\t<meta name=\"twitter:label2\" content=\"Dur\u00e9e de lecture estim\u00e9e\" \/>\n\t<meta name=\"twitter:data2\" content=\"9 minutes\" \/>\n<script type=\"application\/ld+json\" class=\"yoast-schema-graph\">{\"@context\":\"https:\/\/schema.org\",\"@graph\":[{\"@type\":\"Article\",\"@id\":\"https:\/\/www.africa-press.net\/burkina-faso\/economie\/province-du-zondoma-quand-la-recherche-booste-la-production-du-niebe#article\",\"isPartOf\":{\"@id\":\"https:\/\/www.africa-press.net\/burkina-faso\/economie\/province-du-zondoma-quand-la-recherche-booste-la-production-du-niebe\"},\"author\":{\"name\":\"cfeditorfr\",\"@id\":\"https:\/\/www.africa-press.net\/burkina-faso\/#\/schema\/person\/2b1cf3cd81a31e3cd26889ca66d677f1\"},\"headline\":\"Province du Zondoma\u00a0: Quand la recherche booste la production du ni\u00e9b\u00e9\",\"datePublished\":\"2020-10-22T01:25:56+00:00\",\"dateModified\":\"2020-10-22T16:09:25+00:00\",\"mainEntityOfPage\":{\"@id\":\"https:\/\/www.africa-press.net\/burkina-faso\/economie\/province-du-zondoma-quand-la-recherche-booste-la-production-du-niebe\"},\"wordCount\":1909,\"commentCount\":0,\"image\":{\"@id\":\"https:\/\/www.africa-press.net\/burkina-faso\/economie\/province-du-zondoma-quand-la-recherche-booste-la-production-du-niebe#primaryimage\"},\"thumbnailUrl\":\"https:\/\/static.africa-press.net\/burkina\/sites\/42\/2020\/10\/img-5f90d097f0803.jpg\",\"keywords\":[\"Biotechnologies\",\"INERA\",\"ni\u00e9b\u00e9\",\"Production de ni\u00e9b\u00e9 au Burkina Faso\",\"Recherche agricole au Burkina Faso\",\"vari\u00e9t\u00e9s am\u00e9lior\u00e9es\"],\"articleSection\":[\"\u00c9conomie\",\"homepage-french\",\"Toutes les actualit\u00e9s\"],\"inLanguage\":\"fr-FR\",\"potentialAction\":[{\"@type\":\"CommentAction\",\"name\":\"Comment\",\"target\":[\"https:\/\/www.africa-press.net\/burkina-faso\/economie\/province-du-zondoma-quand-la-recherche-booste-la-production-du-niebe#respond\"]}]},{\"@type\":\"WebPage\",\"@id\":\"https:\/\/www.africa-press.net\/burkina-faso\/economie\/province-du-zondoma-quand-la-recherche-booste-la-production-du-niebe\",\"url\":\"https:\/\/www.africa-press.net\/burkina-faso\/economie\/province-du-zondoma-quand-la-recherche-booste-la-production-du-niebe\",\"name\":\"Province du Zondoma\u00a0: Quand la recherche booste la production du ni\u00e9b\u00e9 - Burkina Faso\",\"isPartOf\":{\"@id\":\"https:\/\/www.africa-press.net\/burkina-faso\/#website\"},\"primaryImageOfPage\":{\"@id\":\"https:\/\/www.africa-press.net\/burkina-faso\/economie\/province-du-zondoma-quand-la-recherche-booste-la-production-du-niebe#primaryimage\"},\"image\":{\"@id\":\"https:\/\/www.africa-press.net\/burkina-faso\/economie\/province-du-zondoma-quand-la-recherche-booste-la-production-du-niebe#primaryimage\"},\"thumbnailUrl\":\"https:\/\/static.africa-press.net\/burkina\/sites\/42\/2020\/10\/img-5f90d097f0803.jpg\",\"datePublished\":\"2020-10-22T01:25:56+00:00\",\"dateModified\":\"2020-10-22T16:09:25+00:00\",\"author\":{\"@id\":\"https:\/\/www.africa-press.net\/burkina-faso\/#\/schema\/person\/2b1cf3cd81a31e3cd26889ca66d677f1\"},\"description\":\"Le ni\u00e9b\u00e9, Vigna unguiculata, est la l\u00e9gumineuse majeure au Burkina Faso. G\u00e9n\u00e9ralement adapt\u00e9 aux conditions agro\u00e9cologiques\",\"breadcrumb\":{\"@id\":\"https:\/\/www.africa-press.net\/burkina-faso\/economie\/province-du-zondoma-quand-la-recherche-booste-la-production-du-niebe#breadcrumb\"},\"inLanguage\":\"fr-FR\",\"potentialAction\":[{\"@type\":\"ReadAction\",\"target\":[\"https:\/\/www.africa-press.net\/burkina-faso\/economie\/province-du-zondoma-quand-la-recherche-booste-la-production-du-niebe\"]}]},{\"@type\":\"ImageObject\",\"inLanguage\":\"fr-FR\",\"@id\":\"https:\/\/www.africa-press.net\/burkina-faso\/economie\/province-du-zondoma-quand-la-recherche-booste-la-production-du-niebe#primaryimage\",\"url\":\"https:\/\/static.africa-press.net\/burkina\/sites\/42\/2020\/10\/img-5f90d097f0803.jpg\",\"contentUrl\":\"https:\/\/static.africa-press.net\/burkina\/sites\/42\/2020\/10\/img-5f90d097f0803.jpg\",\"width\":690,\"height\":460},{\"@type\":\"BreadcrumbList\",\"@id\":\"https:\/\/www.africa-press.net\/burkina-faso\/economie\/province-du-zondoma-quand-la-recherche-booste-la-production-du-niebe#breadcrumb\",\"itemListElement\":[{\"@type\":\"ListItem\",\"position\":1,\"name\":\"Accueil\",\"item\":\"https:\/\/www.africa-press.net\/burkina-faso\/\"},{\"@type\":\"ListItem\",\"position\":2,\"name\":\"Province du Zondoma\u00a0: Quand la recherche booste la production du ni\u00e9b\u00e9\"}]},{\"@type\":\"WebSite\",\"@id\":\"https:\/\/www.africa-press.net\/burkina-faso\/#website\",\"url\":\"https:\/\/www.africa-press.net\/burkina-faso\/\",\"name\":\"Burkina Faso\",\"description\":\"Just another Africa News Agency Sites site\",\"potentialAction\":[{\"@type\":\"SearchAction\",\"target\":{\"@type\":\"EntryPoint\",\"urlTemplate\":\"https:\/\/www.africa-press.net\/burkina-faso\/?s={search_term_string}\"},\"query-input\":{\"@type\":\"PropertyValueSpecification\",\"valueRequired\":true,\"valueName\":\"search_term_string\"}}],\"inLanguage\":\"fr-FR\"},{\"@type\":\"Person\",\"@id\":\"https:\/\/www.africa-press.net\/burkina-faso\/#\/schema\/person\/2b1cf3cd81a31e3cd26889ca66d677f1\",\"name\":\"cfeditorfr\"}]}<\/script>\n<!-- \/ Yoast SEO Premium plugin. -->","yoast_head_json":{"title":"Province du Zondoma\u00a0: Quand la recherche booste la production du ni\u00e9b\u00e9 - Burkina Faso","description":"Le ni\u00e9b\u00e9, Vigna unguiculata, est la l\u00e9gumineuse majeure au Burkina Faso. G\u00e9n\u00e9ralement adapt\u00e9 aux conditions agro\u00e9cologiques","robots":{"index":"index","follow":"follow","max-snippet":"max-snippet:-1","max-image-preview":"max-image-preview:large","max-video-preview":"max-video-preview:-1"},"canonical":"https:\/\/www.africa-press.net\/burkina-faso\/economie\/province-du-zondoma-quand-la-recherche-booste-la-production-du-niebe","og_locale":"fr_FR","og_type":"article","og_title":"Province du Zondoma\u00a0: Quand la recherche booste la production du ni\u00e9b\u00e9","og_description":"Le ni\u00e9b\u00e9, Vigna unguiculata, est la l\u00e9gumineuse majeure au Burkina Faso. G\u00e9n\u00e9ralement adapt\u00e9 aux conditions agro\u00e9cologiques","og_url":"https:\/\/www.africa-press.net\/burkina-faso\/economie\/province-du-zondoma-quand-la-recherche-booste-la-production-du-niebe","og_site_name":"Burkina Faso","article_published_time":"2020-10-22T01:25:56+00:00","article_modified_time":"2020-10-22T16:09:25+00:00","og_image":[{"width":690,"height":460,"url":"https:\/\/static.africa-press.net\/burkina\/sites\/42\/2020\/10\/img-5f90d097f0803.jpg","type":"image\/jpeg"}],"author":"cfeditorfr","twitter_card":"summary_large_image","twitter_misc":{"\u00c9crit par":"cfeditorfr","Dur\u00e9e de lecture estim\u00e9e":"9 minutes"},"schema":{"@context":"https:\/\/schema.org","@graph":[{"@type":"Article","@id":"https:\/\/www.africa-press.net\/burkina-faso\/economie\/province-du-zondoma-quand-la-recherche-booste-la-production-du-niebe#article","isPartOf":{"@id":"https:\/\/www.africa-press.net\/burkina-faso\/economie\/province-du-zondoma-quand-la-recherche-booste-la-production-du-niebe"},"author":{"name":"cfeditorfr","@id":"https:\/\/www.africa-press.net\/burkina-faso\/#\/schema\/person\/2b1cf3cd81a31e3cd26889ca66d677f1"},"headline":"Province du Zondoma\u00a0: Quand la recherche booste la production du ni\u00e9b\u00e9","datePublished":"2020-10-22T01:25:56+00:00","dateModified":"2020-10-22T16:09:25+00:00","mainEntityOfPage":{"@id":"https:\/\/www.africa-press.net\/burkina-faso\/economie\/province-du-zondoma-quand-la-recherche-booste-la-production-du-niebe"},"wordCount":1909,"commentCount":0,"image":{"@id":"https:\/\/www.africa-press.net\/burkina-faso\/economie\/province-du-zondoma-quand-la-recherche-booste-la-production-du-niebe#primaryimage"},"thumbnailUrl":"https:\/\/static.africa-press.net\/burkina\/sites\/42\/2020\/10\/img-5f90d097f0803.jpg","keywords":["Biotechnologies","INERA","ni\u00e9b\u00e9","Production de ni\u00e9b\u00e9 au Burkina Faso","Recherche agricole au Burkina Faso","vari\u00e9t\u00e9s am\u00e9lior\u00e9es"],"articleSection":["\u00c9conomie","homepage-french","Toutes les actualit\u00e9s"],"inLanguage":"fr-FR","potentialAction":[{"@type":"CommentAction","name":"Comment","target":["https:\/\/www.africa-press.net\/burkina-faso\/economie\/province-du-zondoma-quand-la-recherche-booste-la-production-du-niebe#respond"]}]},{"@type":"WebPage","@id":"https:\/\/www.africa-press.net\/burkina-faso\/economie\/province-du-zondoma-quand-la-recherche-booste-la-production-du-niebe","url":"https:\/\/www.africa-press.net\/burkina-faso\/economie\/province-du-zondoma-quand-la-recherche-booste-la-production-du-niebe","name":"Province du Zondoma\u00a0: Quand la recherche booste la production du ni\u00e9b\u00e9 - Burkina Faso","isPartOf":{"@id":"https:\/\/www.africa-press.net\/burkina-faso\/#website"},"primaryImageOfPage":{"@id":"https:\/\/www.africa-press.net\/burkina-faso\/economie\/province-du-zondoma-quand-la-recherche-booste-la-production-du-niebe#primaryimage"},"image":{"@id":"https:\/\/www.africa-press.net\/burkina-faso\/economie\/province-du-zondoma-quand-la-recherche-booste-la-production-du-niebe#primaryimage"},"thumbnailUrl":"https:\/\/static.africa-press.net\/burkina\/sites\/42\/2020\/10\/img-5f90d097f0803.jpg","datePublished":"2020-10-22T01:25:56+00:00","dateModified":"2020-10-22T16:09:25+00:00","author":{"@id":"https:\/\/www.africa-press.net\/burkina-faso\/#\/schema\/person\/2b1cf3cd81a31e3cd26889ca66d677f1"},"description":"Le ni\u00e9b\u00e9, Vigna unguiculata, est la l\u00e9gumineuse majeure au Burkina Faso. G\u00e9n\u00e9ralement adapt\u00e9 aux conditions agro\u00e9cologiques","breadcrumb":{"@id":"https:\/\/www.africa-press.net\/burkina-faso\/economie\/province-du-zondoma-quand-la-recherche-booste-la-production-du-niebe#breadcrumb"},"inLanguage":"fr-FR","potentialAction":[{"@type":"ReadAction","target":["https:\/\/www.africa-press.net\/burkina-faso\/economie\/province-du-zondoma-quand-la-recherche-booste-la-production-du-niebe"]}]},{"@type":"ImageObject","inLanguage":"fr-FR","@id":"https:\/\/www.africa-press.net\/burkina-faso\/economie\/province-du-zondoma-quand-la-recherche-booste-la-production-du-niebe#primaryimage","url":"https:\/\/static.africa-press.net\/burkina\/sites\/42\/2020\/10\/img-5f90d097f0803.jpg","contentUrl":"https:\/\/static.africa-press.net\/burkina\/sites\/42\/2020\/10\/img-5f90d097f0803.jpg","width":690,"height":460},{"@type":"BreadcrumbList","@id":"https:\/\/www.africa-press.net\/burkina-faso\/economie\/province-du-zondoma-quand-la-recherche-booste-la-production-du-niebe#breadcrumb","itemListElement":[{"@type":"ListItem","position":1,"name":"Accueil","item":"https:\/\/www.africa-press.net\/burkina-faso\/"},{"@type":"ListItem","position":2,"name":"Province du Zondoma\u00a0: Quand la recherche booste la production du ni\u00e9b\u00e9"}]},{"@type":"WebSite","@id":"https:\/\/www.africa-press.net\/burkina-faso\/#website","url":"https:\/\/www.africa-press.net\/burkina-faso\/","name":"Burkina Faso","description":"Just another Africa News Agency Sites site","potentialAction":[{"@type":"SearchAction","target":{"@type":"EntryPoint","urlTemplate":"https:\/\/www.africa-press.net\/burkina-faso\/?s={search_term_string}"},"query-input":{"@type":"PropertyValueSpecification","valueRequired":true,"valueName":"search_term_string"}}],"inLanguage":"fr-FR"},{"@type":"Person","@id":"https:\/\/www.africa-press.net\/burkina-faso\/#\/schema\/person\/2b1cf3cd81a31e3cd26889ca66d677f1","name":"cfeditorfr"}]}},"_links":{"self":[{"href":"https:\/\/www.africa-press.net\/burkina-faso\/wp-json\/wp\/v2\/posts\/199","targetHints":{"allow":["GET"]}}],"collection":[{"href":"https:\/\/www.africa-press.net\/burkina-faso\/wp-json\/wp\/v2\/posts"}],"about":[{"href":"https:\/\/www.africa-press.net\/burkina-faso\/wp-json\/wp\/v2\/types\/post"}],"author":[{"embeddable":true,"href":"https:\/\/www.africa-press.net\/burkina-faso\/wp-json\/wp\/v2\/users\/82"}],"replies":[{"embeddable":true,"href":"https:\/\/www.africa-press.net\/burkina-faso\/wp-json\/wp\/v2\/comments?post=199"}],"version-history":[{"count":0,"href":"https:\/\/www.africa-press.net\/burkina-faso\/wp-json\/wp\/v2\/posts\/199\/revisions"}],"wp:featuredmedia":[{"embeddable":true,"href":"https:\/\/www.africa-press.net\/burkina-faso\/wp-json\/wp\/v2\/media\/198"}],"wp:attachment":[{"href":"https:\/\/www.africa-press.net\/burkina-faso\/wp-json\/wp\/v2\/media?parent=199"}],"wp:term":[{"taxonomy":"category","embeddable":true,"href":"https:\/\/www.africa-press.net\/burkina-faso\/wp-json\/wp\/v2\/categories?post=199"},{"taxonomy":"post_tag","embeddable":true,"href":"https:\/\/www.africa-press.net\/burkina-faso\/wp-json\/wp\/v2\/tags?post=199"}],"curies":[{"name":"wp","href":"https:\/\/api.w.org\/{rel}","templated":true}]}}