{"id":21666,"date":"2021-09-26T16:34:37","date_gmt":"2021-09-26T16:34:37","guid":{"rendered":"https:\/\/www.africa-press.net\/burkina-faso\/?p=21666"},"modified":"2021-09-26T16:29:54","modified_gmt":"2021-09-26T16:29:54","slug":"conference-internationale-sur-les-sciences-et-la-diplomatie-a-ouagadougou-le-comite-national-dorganisation-installe-le-vendredi-23-septembre","status":"publish","type":"post","link":"https:\/\/www.africa-press.net\/burkina-faso\/politique\/conference-internationale-sur-les-sciences-et-la-diplomatie-a-ouagadougou-le-comite-national-dorganisation-installe-le-vendredi-23-septembre","title":{"rendered":"Conf\u00e9rence internationale sur les sciences et la diplomatie \u00e0 Ouagadougou:\u00a0 Le \u00a0Comit\u00e9 national d\u2019organisation install\u00e9 le vendredi 23 septembre"},"content":{"rendered":"<p><span style=\"color: #ff6600\"><strong><a href=\"https:\/\/www.africa-press.net\/\">Africa-Press<\/a> &#8211; <a href=\"https:\/\/www.africa-press.net\/burkina-faso\">Burkina Faso<\/a>. <\/strong><\/span>Le Burkina Faso accueille du 29 novembre au 1er d\u00e9cembre 2021 une grande conf\u00e9rence internationale sur les sciences et la diplomatie sous le th\u00e8me : \u00ab Nexus sciences et diplomatie : acc\u00e9l\u00e9rer la transformation de l\u2019Afrique par l\u2019innovation technologique \u00bb.<\/p>\n<p>Initi\u00e9e par le pr\u00e9sident du Faso, Roch Kabor\u00e9, cette conf\u00e9rence internationale va r\u00e9unir 500 invit\u00e9s dont des chefs d\u2019\u00c9tat d\u2019Afrique, d\u2019Asie et du Moyen-Orient, ainsi que des scientifiques de renom.<\/p>\n<p>Selon le Directeur de cabinet du pr\u00e9sident du Faso, Dr Seydou Zagr\u00e9, la rencontre entend : \u00ab R\u00e9unir tout ce qui compte en mati\u00e8re d\u2019innovation dans tous les secteurs : les scientifiques, les diplomates, d\u2019\u00e9minentes personnalit\u00e9s politiques pour r\u00e9fl\u00e9chir afin de permettre aux pays africains de profiter efficacement des avanc\u00e9es technologiques pour avancer dans tous les domaines, dans tous les secteurs d\u2019activit\u00e9s). Il s\u2019agit pour le pr\u00e9sident du Faso Roch Marc Christian Kabor\u00e9, (d\u2019offrir aux scientifiques et aux diplomates, des opportunit\u00e9s d\u2019\u00e9changer des informations, d\u2019explorer des domaines de coop\u00e9ration possible, et de d\u00e9velopper des propositions pour r\u00e9soudre les probl\u00e8mes existants).<\/p>\n<p>En vue de r\u00e9ussir l\u2019\u00e9v\u00e8nement, un Comit\u00e9 national d\u2019organisation (CNO), pr\u00e9sid\u00e9 par le conseiller sp\u00e9cial du pr\u00e9sident du Faso, Bissiri Sirima, a \u00e9t\u00e9 install\u00e9 le vendredi septembre 2021 par le directeur de cabinet du pr\u00e9sident du Faso, Dr Seydou Zagr\u00e9.<\/p>\n<p>La Conf\u00e9rence se tiendra aussi bien en pr\u00e9sentiel qu\u2019en ligne, pour permettre surtout aux \u00e9tudiants des universit\u00e9s burkinab\u00e8 de profiter de ce grand rendez-vous. Direction de la communication de la pr\u00e9sidence du Faso<\/p>\n","protected":false},"excerpt":{"rendered":"<p>Africa-Press &#8211; Burkina Faso. Le Burkina Faso accueille du 29 novembre au 1er d\u00e9cembre 2021 une grande conf\u00e9rence internationale sur les sciences et la diplomatie sous le th\u00e8me : \u00ab Nexus sciences et diplomatie : acc\u00e9l\u00e9rer la transformation de l\u2019Afrique par l\u2019innovation technologique \u00bb. Initi\u00e9e par le pr\u00e9sident du Faso, Roch Kabor\u00e9, cette conf\u00e9rence internationale [&hellip;]<\/p>\n","protected":false},"author":82,"featured_media":21665,"comment_status":"open","ping_status":"closed","sticky":false,"template":"","format":"standard","meta":{"footnotes":""},"categories":[11,2,10],"tags":[111,725,2946,29,2947,2944,2948,2945],"class_list":["post-21666","post","type-post","status-publish","format-standard","has-post-thumbnail","hentry","category-homepage-french","category-politique","category-toutes-les-actualites","tag-africa-press","tag-africa-press-burkina-faso","tag-bissiri-sirima","tag-burkina-faso","tag-conference-internationale","tag-president-roch-kabore","tag-sciences-et-la-diplomatie","tag-un-comite-national-dorganisation"],"yoast_head":"<!-- This site is optimized with the Yoast SEO Premium plugin v26.1 (Yoast SEO v27.0) - https:\/\/yoast.com\/product\/yoast-seo-premium-wordpress\/ -->\n<title>Conf\u00e9rence internationale sur les sciences et la diplomatie \u00e0 Ouagadougou:\u00a0 Le \u00a0Comit\u00e9 national d\u2019organisation install\u00e9 le vendredi 23 septembre - Burkina Faso<\/title>\n<meta name=\"description\" content=\"Le Burkina Faso accueille du 29 novembre au 1er d\u00e9cembre 2021 une grande conf\u00e9rence internationale sur les sciences et l ...\" \/>\n<meta name=\"robots\" content=\"index, follow, max-snippet:-1, max-image-preview:large, max-video-preview:-1\" \/>\n<link rel=\"canonical\" href=\"https:\/\/www.africa-press.net\/burkina-faso\/politique\/conference-internationale-sur-les-sciences-et-la-diplomatie-a-ouagadougou-le-comite-national-dorganisation-installe-le-vendredi-23-septembre\" \/>\n<meta property=\"og:locale\" content=\"fr_FR\" \/>\n<meta property=\"og:type\" content=\"article\" \/>\n<meta property=\"og:title\" content=\"Conf\u00e9rence internationale sur les sciences et la diplomatie \u00e0 Ouagadougou:\u00a0 Le \u00a0Comit\u00e9 national d\u2019organisation install\u00e9 le vendredi 23 septembre\" \/>\n<meta property=\"og:description\" content=\"Le Burkina Faso accueille du 29 novembre au 1er d\u00e9cembre 2021 une grande conf\u00e9rence internationale sur les sciences et l ...\" \/>\n<meta property=\"og:url\" content=\"https:\/\/www.africa-press.net\/burkina-faso\/politique\/conference-internationale-sur-les-sciences-et-la-diplomatie-a-ouagadougou-le-comite-national-dorganisation-installe-le-vendredi-23-septembre\" \/>\n<meta property=\"og:site_name\" content=\"Burkina Faso\" \/>\n<meta property=\"article:published_time\" content=\"2021-09-26T16:34:37+00:00\" \/>\n<meta property=\"og:image\" content=\"https:\/\/static.africa-press.net\/burkina\/sites\/42\/2021\/09\/img-61509fd9675f6.jpg\" \/>\n\t<meta property=\"og:image:width\" content=\"900\" \/>\n\t<meta property=\"og:image:height\" content=\"920\" \/>\n\t<meta property=\"og:image:type\" content=\"image\/jpeg\" \/>\n<meta name=\"author\" content=\"cfeditorfr\" \/>\n<meta name=\"twitter:card\" content=\"summary_large_image\" \/>\n<meta name=\"twitter:label1\" content=\"\u00c9crit par\" \/>\n\t<meta name=\"twitter:data1\" content=\"cfeditorfr\" \/>\n\t<meta name=\"twitter:label2\" content=\"Dur\u00e9e de lecture estim\u00e9e\" \/>\n\t<meta name=\"twitter:data2\" content=\"1 minute\" \/>\n<script type=\"application\/ld+json\" class=\"yoast-schema-graph\">{\"@context\":\"https:\/\/schema.org\",\"@graph\":[{\"@type\":\"Article\",\"@id\":\"https:\/\/www.africa-press.net\/burkina-faso\/politique\/conference-internationale-sur-les-sciences-et-la-diplomatie-a-ouagadougou-le-comite-national-dorganisation-installe-le-vendredi-23-septembre#article\",\"isPartOf\":{\"@id\":\"https:\/\/www.africa-press.net\/burkina-faso\/politique\/conference-internationale-sur-les-sciences-et-la-diplomatie-a-ouagadougou-le-comite-national-dorganisation-installe-le-vendredi-23-septembre\"},\"author\":{\"name\":\"cfeditorfr\",\"@id\":\"https:\/\/www.africa-press.net\/burkina-faso\/#\/schema\/person\/2b1cf3cd81a31e3cd26889ca66d677f1\"},\"headline\":\"Conf\u00e9rence internationale sur les sciences et la diplomatie \u00e0 Ouagadougou:\u00a0 Le \u00a0Comit\u00e9 national d\u2019organisation install\u00e9 le vendredi 23 septembre\",\"datePublished\":\"2021-09-26T16:34:37+00:00\",\"mainEntityOfPage\":{\"@id\":\"https:\/\/www.africa-press.net\/burkina-faso\/politique\/conference-internationale-sur-les-sciences-et-la-diplomatie-a-ouagadougou-le-comite-national-dorganisation-installe-le-vendredi-23-septembre\"},\"wordCount\":304,\"commentCount\":0,\"image\":{\"@id\":\"https:\/\/www.africa-press.net\/burkina-faso\/politique\/conference-internationale-sur-les-sciences-et-la-diplomatie-a-ouagadougou-le-comite-national-dorganisation-installe-le-vendredi-23-septembre#primaryimage\"},\"thumbnailUrl\":\"https:\/\/static.africa-press.net\/burkina\/sites\/42\/2021\/09\/img-61509fd9675f6.jpg\",\"keywords\":[\"Africa Press\",\"Africa Press-Burkina Faso\",\"Bissiri Sirima\",\"Burkina Faso\",\"Conf\u00e9rence internationale\",\"Pr\u00e9sident Roch Kabor\u00e9\",\"sciences et la diplomatie\",\"un Comit\u00e9 national d\u2019organisation\"],\"articleSection\":[\"homepage-french\",\"Politique\",\"Toutes les actualit\u00e9s\"],\"inLanguage\":\"fr-FR\",\"potentialAction\":[{\"@type\":\"CommentAction\",\"name\":\"Comment\",\"target\":[\"https:\/\/www.africa-press.net\/burkina-faso\/politique\/conference-internationale-sur-les-sciences-et-la-diplomatie-a-ouagadougou-le-comite-national-dorganisation-installe-le-vendredi-23-septembre#respond\"]}]},{\"@type\":\"WebPage\",\"@id\":\"https:\/\/www.africa-press.net\/burkina-faso\/politique\/conference-internationale-sur-les-sciences-et-la-diplomatie-a-ouagadougou-le-comite-national-dorganisation-installe-le-vendredi-23-septembre\",\"url\":\"https:\/\/www.africa-press.net\/burkina-faso\/politique\/conference-internationale-sur-les-sciences-et-la-diplomatie-a-ouagadougou-le-comite-national-dorganisation-installe-le-vendredi-23-septembre\",\"name\":\"Conf\u00e9rence internationale sur les sciences et la diplomatie \u00e0 Ouagadougou:\u00a0 Le \u00a0Comit\u00e9 national d\u2019organisation install\u00e9 le vendredi 23 septembre - Burkina Faso\",\"isPartOf\":{\"@id\":\"https:\/\/www.africa-press.net\/burkina-faso\/#website\"},\"primaryImageOfPage\":{\"@id\":\"https:\/\/www.africa-press.net\/burkina-faso\/politique\/conference-internationale-sur-les-sciences-et-la-diplomatie-a-ouagadougou-le-comite-national-dorganisation-installe-le-vendredi-23-septembre#primaryimage\"},\"image\":{\"@id\":\"https:\/\/www.africa-press.net\/burkina-faso\/politique\/conference-internationale-sur-les-sciences-et-la-diplomatie-a-ouagadougou-le-comite-national-dorganisation-installe-le-vendredi-23-septembre#primaryimage\"},\"thumbnailUrl\":\"https:\/\/static.africa-press.net\/burkina\/sites\/42\/2021\/09\/img-61509fd9675f6.jpg\",\"datePublished\":\"2021-09-26T16:34:37+00:00\",\"author\":{\"@id\":\"https:\/\/www.africa-press.net\/burkina-faso\/#\/schema\/person\/2b1cf3cd81a31e3cd26889ca66d677f1\"},\"description\":\"Le Burkina Faso accueille du 29 novembre au 1er d\u00e9cembre 2021 une grande conf\u00e9rence internationale sur les sciences et l ...\",\"breadcrumb\":{\"@id\":\"https:\/\/www.africa-press.net\/burkina-faso\/politique\/conference-internationale-sur-les-sciences-et-la-diplomatie-a-ouagadougou-le-comite-national-dorganisation-installe-le-vendredi-23-septembre#breadcrumb\"},\"inLanguage\":\"fr-FR\",\"potentialAction\":[{\"@type\":\"ReadAction\",\"target\":[\"https:\/\/www.africa-press.net\/burkina-faso\/politique\/conference-internationale-sur-les-sciences-et-la-diplomatie-a-ouagadougou-le-comite-national-dorganisation-installe-le-vendredi-23-septembre\"]}]},{\"@type\":\"ImageObject\",\"inLanguage\":\"fr-FR\",\"@id\":\"https:\/\/www.africa-press.net\/burkina-faso\/politique\/conference-internationale-sur-les-sciences-et-la-diplomatie-a-ouagadougou-le-comite-national-dorganisation-installe-le-vendredi-23-septembre#primaryimage\",\"url\":\"https:\/\/static.africa-press.net\/burkina\/sites\/42\/2021\/09\/img-61509fd9675f6.jpg\",\"contentUrl\":\"https:\/\/static.africa-press.net\/burkina\/sites\/42\/2021\/09\/img-61509fd9675f6.jpg\",\"width\":900,\"height\":920,\"caption\":\"Conf\u00e9rence internationale sur les sciences et la diplomatie \u00e0 Ouagadougou:\u00a0 Le \u00a0Comit\u00e9 national d\u2019organisation install\u00e9 le vendredi 23 septembre\"},{\"@type\":\"BreadcrumbList\",\"@id\":\"https:\/\/www.africa-press.net\/burkina-faso\/politique\/conference-internationale-sur-les-sciences-et-la-diplomatie-a-ouagadougou-le-comite-national-dorganisation-installe-le-vendredi-23-septembre#breadcrumb\",\"itemListElement\":[{\"@type\":\"ListItem\",\"position\":1,\"name\":\"Accueil\",\"item\":\"https:\/\/www.africa-press.net\/burkina-faso\/\"},{\"@type\":\"ListItem\",\"position\":2,\"name\":\"Conf\u00e9rence internationale sur les sciences et la diplomatie \u00e0 Ouagadougou:\u00a0 Le \u00a0Comit\u00e9 national d\u2019organisation install\u00e9 le vendredi 23 septembre\"}]},{\"@type\":\"WebSite\",\"@id\":\"https:\/\/www.africa-press.net\/burkina-faso\/#website\",\"url\":\"https:\/\/www.africa-press.net\/burkina-faso\/\",\"name\":\"Burkina Faso\",\"description\":\"Just another Africa News Agency Sites site\",\"potentialAction\":[{\"@type\":\"SearchAction\",\"target\":{\"@type\":\"EntryPoint\",\"urlTemplate\":\"https:\/\/www.africa-press.net\/burkina-faso\/?s={search_term_string}\"},\"query-input\":{\"@type\":\"PropertyValueSpecification\",\"valueRequired\":true,\"valueName\":\"search_term_string\"}}],\"inLanguage\":\"fr-FR\"},{\"@type\":\"Person\",\"@id\":\"https:\/\/www.africa-press.net\/burkina-faso\/#\/schema\/person\/2b1cf3cd81a31e3cd26889ca66d677f1\",\"name\":\"cfeditorfr\"}]}<\/script>\n<!-- \/ Yoast SEO Premium plugin. -->","yoast_head_json":{"title":"Conf\u00e9rence internationale sur les sciences et la diplomatie \u00e0 Ouagadougou:\u00a0 Le \u00a0Comit\u00e9 national d\u2019organisation install\u00e9 le vendredi 23 septembre - Burkina Faso","description":"Le Burkina Faso accueille du 29 novembre au 1er d\u00e9cembre 2021 une grande conf\u00e9rence internationale sur les sciences et l ...","robots":{"index":"index","follow":"follow","max-snippet":"max-snippet:-1","max-image-preview":"max-image-preview:large","max-video-preview":"max-video-preview:-1"},"canonical":"https:\/\/www.africa-press.net\/burkina-faso\/politique\/conference-internationale-sur-les-sciences-et-la-diplomatie-a-ouagadougou-le-comite-national-dorganisation-installe-le-vendredi-23-septembre","og_locale":"fr_FR","og_type":"article","og_title":"Conf\u00e9rence internationale sur les sciences et la diplomatie \u00e0 Ouagadougou:\u00a0 Le \u00a0Comit\u00e9 national d\u2019organisation install\u00e9 le vendredi 23 septembre","og_description":"Le Burkina Faso accueille du 29 novembre au 1er d\u00e9cembre 2021 une grande conf\u00e9rence internationale sur les sciences et l ...","og_url":"https:\/\/www.africa-press.net\/burkina-faso\/politique\/conference-internationale-sur-les-sciences-et-la-diplomatie-a-ouagadougou-le-comite-national-dorganisation-installe-le-vendredi-23-septembre","og_site_name":"Burkina Faso","article_published_time":"2021-09-26T16:34:37+00:00","og_image":[{"width":900,"height":920,"url":"https:\/\/static.africa-press.net\/burkina\/sites\/42\/2021\/09\/img-61509fd9675f6.jpg","type":"image\/jpeg"}],"author":"cfeditorfr","twitter_card":"summary_large_image","twitter_misc":{"\u00c9crit par":"cfeditorfr","Dur\u00e9e de lecture estim\u00e9e":"1 minute"},"schema":{"@context":"https:\/\/schema.org","@graph":[{"@type":"Article","@id":"https:\/\/www.africa-press.net\/burkina-faso\/politique\/conference-internationale-sur-les-sciences-et-la-diplomatie-a-ouagadougou-le-comite-national-dorganisation-installe-le-vendredi-23-septembre#article","isPartOf":{"@id":"https:\/\/www.africa-press.net\/burkina-faso\/politique\/conference-internationale-sur-les-sciences-et-la-diplomatie-a-ouagadougou-le-comite-national-dorganisation-installe-le-vendredi-23-septembre"},"author":{"name":"cfeditorfr","@id":"https:\/\/www.africa-press.net\/burkina-faso\/#\/schema\/person\/2b1cf3cd81a31e3cd26889ca66d677f1"},"headline":"Conf\u00e9rence internationale sur les sciences et la diplomatie \u00e0 Ouagadougou:\u00a0 Le \u00a0Comit\u00e9 national d\u2019organisation install\u00e9 le vendredi 23 septembre","datePublished":"2021-09-26T16:34:37+00:00","mainEntityOfPage":{"@id":"https:\/\/www.africa-press.net\/burkina-faso\/politique\/conference-internationale-sur-les-sciences-et-la-diplomatie-a-ouagadougou-le-comite-national-dorganisation-installe-le-vendredi-23-septembre"},"wordCount":304,"commentCount":0,"image":{"@id":"https:\/\/www.africa-press.net\/burkina-faso\/politique\/conference-internationale-sur-les-sciences-et-la-diplomatie-a-ouagadougou-le-comite-national-dorganisation-installe-le-vendredi-23-septembre#primaryimage"},"thumbnailUrl":"https:\/\/static.africa-press.net\/burkina\/sites\/42\/2021\/09\/img-61509fd9675f6.jpg","keywords":["Africa Press","Africa Press-Burkina Faso","Bissiri Sirima","Burkina Faso","Conf\u00e9rence internationale","Pr\u00e9sident Roch Kabor\u00e9","sciences et la diplomatie","un Comit\u00e9 national d\u2019organisation"],"articleSection":["homepage-french","Politique","Toutes les actualit\u00e9s"],"inLanguage":"fr-FR","potentialAction":[{"@type":"CommentAction","name":"Comment","target":["https:\/\/www.africa-press.net\/burkina-faso\/politique\/conference-internationale-sur-les-sciences-et-la-diplomatie-a-ouagadougou-le-comite-national-dorganisation-installe-le-vendredi-23-septembre#respond"]}]},{"@type":"WebPage","@id":"https:\/\/www.africa-press.net\/burkina-faso\/politique\/conference-internationale-sur-les-sciences-et-la-diplomatie-a-ouagadougou-le-comite-national-dorganisation-installe-le-vendredi-23-septembre","url":"https:\/\/www.africa-press.net\/burkina-faso\/politique\/conference-internationale-sur-les-sciences-et-la-diplomatie-a-ouagadougou-le-comite-national-dorganisation-installe-le-vendredi-23-septembre","name":"Conf\u00e9rence internationale sur les sciences et la diplomatie \u00e0 Ouagadougou:\u00a0 Le \u00a0Comit\u00e9 national d\u2019organisation install\u00e9 le vendredi 23 septembre - Burkina Faso","isPartOf":{"@id":"https:\/\/www.africa-press.net\/burkina-faso\/#website"},"primaryImageOfPage":{"@id":"https:\/\/www.africa-press.net\/burkina-faso\/politique\/conference-internationale-sur-les-sciences-et-la-diplomatie-a-ouagadougou-le-comite-national-dorganisation-installe-le-vendredi-23-septembre#primaryimage"},"image":{"@id":"https:\/\/www.africa-press.net\/burkina-faso\/politique\/conference-internationale-sur-les-sciences-et-la-diplomatie-a-ouagadougou-le-comite-national-dorganisation-installe-le-vendredi-23-septembre#primaryimage"},"thumbnailUrl":"https:\/\/static.africa-press.net\/burkina\/sites\/42\/2021\/09\/img-61509fd9675f6.jpg","datePublished":"2021-09-26T16:34:37+00:00","author":{"@id":"https:\/\/www.africa-press.net\/burkina-faso\/#\/schema\/person\/2b1cf3cd81a31e3cd26889ca66d677f1"},"description":"Le Burkina Faso accueille du 29 novembre au 1er d\u00e9cembre 2021 une grande conf\u00e9rence internationale sur les sciences et l ...","breadcrumb":{"@id":"https:\/\/www.africa-press.net\/burkina-faso\/politique\/conference-internationale-sur-les-sciences-et-la-diplomatie-a-ouagadougou-le-comite-national-dorganisation-installe-le-vendredi-23-septembre#breadcrumb"},"inLanguage":"fr-FR","potentialAction":[{"@type":"ReadAction","target":["https:\/\/www.africa-press.net\/burkina-faso\/politique\/conference-internationale-sur-les-sciences-et-la-diplomatie-a-ouagadougou-le-comite-national-dorganisation-installe-le-vendredi-23-septembre"]}]},{"@type":"ImageObject","inLanguage":"fr-FR","@id":"https:\/\/www.africa-press.net\/burkina-faso\/politique\/conference-internationale-sur-les-sciences-et-la-diplomatie-a-ouagadougou-le-comite-national-dorganisation-installe-le-vendredi-23-septembre#primaryimage","url":"https:\/\/static.africa-press.net\/burkina\/sites\/42\/2021\/09\/img-61509fd9675f6.jpg","contentUrl":"https:\/\/static.africa-press.net\/burkina\/sites\/42\/2021\/09\/img-61509fd9675f6.jpg","width":900,"height":920,"caption":"Conf\u00e9rence internationale sur les sciences et la diplomatie \u00e0 Ouagadougou:\u00a0 Le \u00a0Comit\u00e9 national d\u2019organisation install\u00e9 le vendredi 23 septembre"},{"@type":"BreadcrumbList","@id":"https:\/\/www.africa-press.net\/burkina-faso\/politique\/conference-internationale-sur-les-sciences-et-la-diplomatie-a-ouagadougou-le-comite-national-dorganisation-installe-le-vendredi-23-septembre#breadcrumb","itemListElement":[{"@type":"ListItem","position":1,"name":"Accueil","item":"https:\/\/www.africa-press.net\/burkina-faso\/"},{"@type":"ListItem","position":2,"name":"Conf\u00e9rence internationale sur les sciences et la diplomatie \u00e0 Ouagadougou:\u00a0 Le \u00a0Comit\u00e9 national d\u2019organisation install\u00e9 le vendredi 23 septembre"}]},{"@type":"WebSite","@id":"https:\/\/www.africa-press.net\/burkina-faso\/#website","url":"https:\/\/www.africa-press.net\/burkina-faso\/","name":"Burkina Faso","description":"Just another Africa News Agency Sites site","potentialAction":[{"@type":"SearchAction","target":{"@type":"EntryPoint","urlTemplate":"https:\/\/www.africa-press.net\/burkina-faso\/?s={search_term_string}"},"query-input":{"@type":"PropertyValueSpecification","valueRequired":true,"valueName":"search_term_string"}}],"inLanguage":"fr-FR"},{"@type":"Person","@id":"https:\/\/www.africa-press.net\/burkina-faso\/#\/schema\/person\/2b1cf3cd81a31e3cd26889ca66d677f1","name":"cfeditorfr"}]}},"_links":{"self":[{"href":"https:\/\/www.africa-press.net\/burkina-faso\/wp-json\/wp\/v2\/posts\/21666","targetHints":{"allow":["GET"]}}],"collection":[{"href":"https:\/\/www.africa-press.net\/burkina-faso\/wp-json\/wp\/v2\/posts"}],"about":[{"href":"https:\/\/www.africa-press.net\/burkina-faso\/wp-json\/wp\/v2\/types\/post"}],"author":[{"embeddable":true,"href":"https:\/\/www.africa-press.net\/burkina-faso\/wp-json\/wp\/v2\/users\/82"}],"replies":[{"embeddable":true,"href":"https:\/\/www.africa-press.net\/burkina-faso\/wp-json\/wp\/v2\/comments?post=21666"}],"version-history":[{"count":0,"href":"https:\/\/www.africa-press.net\/burkina-faso\/wp-json\/wp\/v2\/posts\/21666\/revisions"}],"wp:featuredmedia":[{"embeddable":true,"href":"https:\/\/www.africa-press.net\/burkina-faso\/wp-json\/wp\/v2\/media\/21665"}],"wp:attachment":[{"href":"https:\/\/www.africa-press.net\/burkina-faso\/wp-json\/wp\/v2\/media?parent=21666"}],"wp:term":[{"taxonomy":"category","embeddable":true,"href":"https:\/\/www.africa-press.net\/burkina-faso\/wp-json\/wp\/v2\/categories?post=21666"},{"taxonomy":"post_tag","embeddable":true,"href":"https:\/\/www.africa-press.net\/burkina-faso\/wp-json\/wp\/v2\/tags?post=21666"}],"curies":[{"name":"wp","href":"https:\/\/api.w.org\/{rel}","templated":true}]}}