{"id":217,"date":"2020-10-22T00:42:20","date_gmt":"2020-10-22T00:42:20","guid":{"rendered":"https:\/\/www.africa-press.com\/burkina-faso\/?p=217"},"modified":"2020-10-22T17:09:50","modified_gmt":"2020-10-22T17:09:50","slug":"newsletter-lefaso-net-2","status":"publish","type":"post","link":"https:\/\/www.africa-press.net\/burkina-faso\/politique\/newsletter-lefaso-net-2","title":{"rendered":"H\u00f4pital de r\u00e9f\u00e9rence de Bobo-Dioulasso"},"content":{"rendered":"<p><span style=\"color: #ff6600\"><strong>Burkina Faso &#8211; Africa Press. <\/strong><\/span><b>Le chef du gouvernement burkinab\u00e8, Christophe Dabir\u00e9, a proc\u00e9d\u00e9, ce mardi 20 octobre 2020 \u00e0 Pala, village rattach\u00e9 \u00e0 la commune de Bobo-Dioulasso, sur la RN1, \u00e0 la pose de la premi\u00e8re pierre de construction du nouveau Centre hospitalier universitaire (CHU). Le co\u00fbt du projet est estim\u00e9 \u00e0 environ 60 milliards de Francs CFA, avec un d\u00e9lai d\u2019ex\u00e9cution des travaux de 36 mois.<\/b><\/p>\n<p>Le projet de construction du nouveau Centre hospitalier universitaire (CHU) de Sya a fait couler beaucoup d\u2019encre et de salive en ce qui concerne le choix du site de la for\u00eat class\u00e9e de Kua pour abriter cet h\u00f4pital de r\u00e9f\u00e9rence. D\u00e9sormais, c\u2019est le site du village de Pala, \u00e0 la sortie de la ville de Bobo-Dioulasso (sur l\u2019axe Bobo-Ouaga), qui abritera ce nouveau centre de sant\u00e9.<\/p>\n<p>Le CHU de Pala sera b\u00e2ti sur une superficie totale de 30 hectares avec une capacit\u00e9 de 500 lits d\u2019hospitalisation. Il comprendra 9 zones de fonctionnalit\u00e9 dont les services de consultation, d\u2019urgences, d\u2019hospitalisation, le d\u00e9partement de technologie m\u00e9dicale, l\u2019administration, la zone p\u00e9dagogique et les appartements pour les experts m\u00e9dicaux chinois. Equip\u00e9 de mat\u00e9riels de pointe pour offrir une prise en charge holistique et efficace des malades, ce CHU sera un fleuron en mati\u00e8re de technologie.<\/p>\n<p>Selon la ministre de la Sant\u00e9, Pr Claudine Lougu\u00e9, la construction de ce centre est une volont\u00e9 tripartite de la population de la ville de Sya, du gouvernement burkinab\u00e8 et de la R\u00e9publique populaire de Chine. Cet h\u00f4pital de rang universitaire dans la ville de Sya, va \u00e0 n\u2019en point douter, contribuer \u00e0 l\u2019accroissement des capacit\u00e9s de formation des ressources humaines en sant\u00e9, mais surtout au renforcement du dispositif d\u2019offre de soins de sant\u00e9 tr\u00e8s sp\u00e9cialis\u00e9s dans la r\u00e9gion des Hauts-Bassins.<\/p>\n<p>\u00ab La concr\u00e9tisation de ce projet offrira \u00e0 notre peuple, un CHU d\u2019envergure nationale d\u2019un tr\u00e8s haut niveau qui couvrira non seulement la r\u00e9gion des Hauts-Bassins, mais aussi les r\u00e9gions environnantes, et pourquoi pas, les r\u00e9gions du Nord de la C\u00f4te d\u2019Ivoire et du Ghana. Cette r\u00e9alisation vient s\u2019ajouter aux nombreux projets de construction d\u2019infrastructures en cours dont la construction du centre de radioth\u00e9rapie de Bobo-Dioulasso et des h\u00f4pitaux de district de Lena et de Karangasso-Vigu\u00e9 pour ce qui est de la r\u00e9gion des Hauts-Bassins \u00bb, a indiqu\u00e9 la ministre de la Sant\u00e9ant\u00e9. Elle a par ailleurs saisi l\u2019occasion pour adresser ses remerciements aux notabilit\u00e9s du village de Pala et au peuple de la R\u00e9publique populaire de Chine qui ont accept\u00e9 d\u2019accompagner le gouvernement dans sa qu\u00eate du bien-\u00eatre social des populations.<\/p>\n<p><b>La concr\u00e9tisation d\u2019une vision de coop\u00e9ration et d\u2019amiti\u00e9 entre deux peuples<\/b><\/p>\n<p>Cette c\u00e9r\u00e9monie de pose de la premi\u00e8re pierre a \u00e9t\u00e9 pr\u00e9sid\u00e9e par le Chef du gouvernement, Christophe Dabir\u00e9. Selon lui, la r\u00e9alisation de ce projet est un engagement et une d\u00e9termination du pr\u00e9sident Roch Kabor\u00e9, \u00e0 faire du Burkina Faso en g\u00e9n\u00e9ral et de la ville de Bobo-Dioulasso en particulier, \u00ab une terre d\u2019hospitalit\u00e9 et de justice sociale, pour un mieux-\u00eatre \u00bb. Il a affirm\u00e9 que ce projet est un engagement dont l\u2019espoir de r\u00e9alisation s\u2019est fortement affirm\u00e9 avec la reprise de la coop\u00e9ration entre la R\u00e9publique populaire de Chine et le Burkina Faso.<\/p>\n<p>\u00ab Ce projet est la concr\u00e9tisation d\u2019une vision, celle de la coop\u00e9ration et d\u2019amiti\u00e9 entre nos deux peuples. En posant cette pierre, nous concr\u00e9tisons ainsi une vision parce que le choix de travailler avec la R\u00e9publique populaire de Chine est un choix strat\u00e9gique. Il marque \u00e9galement la concr\u00e9tisation de la d\u00e9termination d\u2019un homme. Malgr\u00e9 les turbulences, le pr\u00e9sident Kabor\u00e9 a tenu \u00e0 ce que l\u2019h\u00f4pital soit construit \u00e0 Bobo-Dioulasso \u00bb, a soulign\u00e9 le Premier ministre Dabir\u00e9. Tout en exprimant ses sentiments de joie et de satisfaction, Christophe Dabir\u00e9 a rendu hommage \u00e0 tous les acteurs qui se sont investis pour que ce projet soit une r\u00e9alit\u00e9.[ Cliquez ici pour lire l\u2019int\u00e9gralit\u00e9 ]<\/p>\n<p><b>Romuald Dofini<br \/>\n<\/b><\/p>\n","protected":false},"excerpt":{"rendered":"<p>Burkina Faso &#8211; Africa Press. Le chef du gouvernement burkinab\u00e8, Christophe Dabir\u00e9, a proc\u00e9d\u00e9, ce mardi 20 octobre 2020 \u00e0 Pala, village rattach\u00e9 \u00e0 la commune de Bobo-Dioulasso, sur la RN1, \u00e0 la pose de la premi\u00e8re pierre de construction du nouveau Centre hospitalier universitaire (CHU). Le co\u00fbt du projet est estim\u00e9 \u00e0 environ 60 [&hellip;]<\/p>\n","protected":false},"author":82,"featured_media":216,"comment_status":"open","ping_status":"closed","sticky":false,"template":"","format":"standard","meta":{"footnotes":""},"categories":[11,2,10],"tags":[29,106],"class_list":["post-217","post","type-post","status-publish","format-standard","has-post-thumbnail","hentry","category-homepage-french","category-politique","category-toutes-les-actualites","tag-burkina-faso","tag-hopital-de-reference-de-bobo-dioulasso"],"yoast_head":"<!-- This site is optimized with the Yoast SEO Premium plugin v26.1 (Yoast SEO v27.0) - https:\/\/yoast.com\/product\/yoast-seo-premium-wordpress\/ -->\n<title>H\u00f4pital de r\u00e9f\u00e9rence de Bobo-Dioulasso - Burkina Faso<\/title>\n<meta name=\"description\" content=\"Le chef du gouvernement burkinab\u00e8, Christophe Dabir\u00e9, a proc\u00e9d\u00e9, ce mardi 20 octobre \u00e0 Pala, village rattach\u00e9 \u00e0 la commune de Bobo-Dioulasso,\" \/>\n<meta name=\"robots\" content=\"index, follow, max-snippet:-1, max-image-preview:large, max-video-preview:-1\" \/>\n<link rel=\"canonical\" href=\"https:\/\/www.africa-press.net\/burkina-faso\/politique\/newsletter-lefaso-net-2\" \/>\n<meta property=\"og:locale\" content=\"fr_FR\" \/>\n<meta property=\"og:type\" content=\"article\" \/>\n<meta property=\"og:title\" content=\"H\u00f4pital de r\u00e9f\u00e9rence de Bobo-Dioulasso\" \/>\n<meta property=\"og:description\" content=\"Le chef du gouvernement burkinab\u00e8, Christophe Dabir\u00e9, a proc\u00e9d\u00e9, ce mardi 20 octobre \u00e0 Pala, village rattach\u00e9 \u00e0 la commune de Bobo-Dioulasso,\" \/>\n<meta property=\"og:url\" content=\"https:\/\/www.africa-press.net\/burkina-faso\/politique\/newsletter-lefaso-net-2\" \/>\n<meta property=\"og:site_name\" content=\"Burkina Faso\" \/>\n<meta property=\"article:published_time\" content=\"2020-10-22T00:42:20+00:00\" \/>\n<meta property=\"article:modified_time\" content=\"2020-10-22T17:09:50+00:00\" \/>\n<meta property=\"og:image\" content=\"https:\/\/static.africa-press.net\/burkina\/sites\/42\/2020\/10\/img-5f90d474e70aa.jpg\" \/>\n\t<meta property=\"og:image:width\" content=\"640\" \/>\n\t<meta property=\"og:image:height\" content=\"389\" \/>\n\t<meta property=\"og:image:type\" content=\"image\/jpeg\" \/>\n<meta name=\"author\" content=\"cfeditorfr\" \/>\n<meta name=\"twitter:card\" content=\"summary_large_image\" \/>\n<meta name=\"twitter:label1\" content=\"\u00c9crit par\" \/>\n\t<meta name=\"twitter:data1\" content=\"cfeditorfr\" \/>\n\t<meta name=\"twitter:label2\" content=\"Dur\u00e9e de lecture estim\u00e9e\" \/>\n\t<meta name=\"twitter:data2\" content=\"4 minutes\" \/>\n<script type=\"application\/ld+json\" class=\"yoast-schema-graph\">{\"@context\":\"https:\/\/schema.org\",\"@graph\":[{\"@type\":\"Article\",\"@id\":\"https:\/\/www.africa-press.net\/burkina-faso\/politique\/newsletter-lefaso-net-2#article\",\"isPartOf\":{\"@id\":\"https:\/\/www.africa-press.net\/burkina-faso\/politique\/newsletter-lefaso-net-2\"},\"author\":{\"name\":\"cfeditorfr\",\"@id\":\"https:\/\/www.africa-press.net\/burkina-faso\/#\/schema\/person\/2b1cf3cd81a31e3cd26889ca66d677f1\"},\"headline\":\"H\u00f4pital de r\u00e9f\u00e9rence de Bobo-Dioulasso\",\"datePublished\":\"2020-10-22T00:42:20+00:00\",\"dateModified\":\"2020-10-22T17:09:50+00:00\",\"mainEntityOfPage\":{\"@id\":\"https:\/\/www.africa-press.net\/burkina-faso\/politique\/newsletter-lefaso-net-2\"},\"wordCount\":718,\"commentCount\":0,\"image\":{\"@id\":\"https:\/\/www.africa-press.net\/burkina-faso\/politique\/newsletter-lefaso-net-2#primaryimage\"},\"thumbnailUrl\":\"https:\/\/static.africa-press.net\/burkina\/sites\/42\/2020\/10\/img-5f90d474e70aa.jpg\",\"keywords\":[\"Burkina Faso\",\"H\u00f4pital de r\u00e9f\u00e9rence de Bobo-Dioulasso\"],\"articleSection\":[\"homepage-french\",\"Politique\",\"Toutes les actualit\u00e9s\"],\"inLanguage\":\"fr-FR\",\"potentialAction\":[{\"@type\":\"CommentAction\",\"name\":\"Comment\",\"target\":[\"https:\/\/www.africa-press.net\/burkina-faso\/politique\/newsletter-lefaso-net-2#respond\"]}]},{\"@type\":\"WebPage\",\"@id\":\"https:\/\/www.africa-press.net\/burkina-faso\/politique\/newsletter-lefaso-net-2\",\"url\":\"https:\/\/www.africa-press.net\/burkina-faso\/politique\/newsletter-lefaso-net-2\",\"name\":\"H\u00f4pital de r\u00e9f\u00e9rence de Bobo-Dioulasso - Burkina Faso\",\"isPartOf\":{\"@id\":\"https:\/\/www.africa-press.net\/burkina-faso\/#website\"},\"primaryImageOfPage\":{\"@id\":\"https:\/\/www.africa-press.net\/burkina-faso\/politique\/newsletter-lefaso-net-2#primaryimage\"},\"image\":{\"@id\":\"https:\/\/www.africa-press.net\/burkina-faso\/politique\/newsletter-lefaso-net-2#primaryimage\"},\"thumbnailUrl\":\"https:\/\/static.africa-press.net\/burkina\/sites\/42\/2020\/10\/img-5f90d474e70aa.jpg\",\"datePublished\":\"2020-10-22T00:42:20+00:00\",\"dateModified\":\"2020-10-22T17:09:50+00:00\",\"author\":{\"@id\":\"https:\/\/www.africa-press.net\/burkina-faso\/#\/schema\/person\/2b1cf3cd81a31e3cd26889ca66d677f1\"},\"description\":\"Le chef du gouvernement burkinab\u00e8, Christophe Dabir\u00e9, a proc\u00e9d\u00e9, ce mardi 20 octobre \u00e0 Pala, village rattach\u00e9 \u00e0 la commune de Bobo-Dioulasso,\",\"breadcrumb\":{\"@id\":\"https:\/\/www.africa-press.net\/burkina-faso\/politique\/newsletter-lefaso-net-2#breadcrumb\"},\"inLanguage\":\"fr-FR\",\"potentialAction\":[{\"@type\":\"ReadAction\",\"target\":[\"https:\/\/www.africa-press.net\/burkina-faso\/politique\/newsletter-lefaso-net-2\"]}]},{\"@type\":\"ImageObject\",\"inLanguage\":\"fr-FR\",\"@id\":\"https:\/\/www.africa-press.net\/burkina-faso\/politique\/newsletter-lefaso-net-2#primaryimage\",\"url\":\"https:\/\/static.africa-press.net\/burkina\/sites\/42\/2020\/10\/img-5f90d474e70aa.jpg\",\"contentUrl\":\"https:\/\/static.africa-press.net\/burkina\/sites\/42\/2020\/10\/img-5f90d474e70aa.jpg\",\"width\":640,\"height\":389},{\"@type\":\"BreadcrumbList\",\"@id\":\"https:\/\/www.africa-press.net\/burkina-faso\/politique\/newsletter-lefaso-net-2#breadcrumb\",\"itemListElement\":[{\"@type\":\"ListItem\",\"position\":1,\"name\":\"Accueil\",\"item\":\"https:\/\/www.africa-press.net\/burkina-faso\/\"},{\"@type\":\"ListItem\",\"position\":2,\"name\":\"H\u00f4pital de r\u00e9f\u00e9rence de Bobo-Dioulasso\"}]},{\"@type\":\"WebSite\",\"@id\":\"https:\/\/www.africa-press.net\/burkina-faso\/#website\",\"url\":\"https:\/\/www.africa-press.net\/burkina-faso\/\",\"name\":\"Burkina Faso\",\"description\":\"Just another Africa News Agency Sites site\",\"potentialAction\":[{\"@type\":\"SearchAction\",\"target\":{\"@type\":\"EntryPoint\",\"urlTemplate\":\"https:\/\/www.africa-press.net\/burkina-faso\/?s={search_term_string}\"},\"query-input\":{\"@type\":\"PropertyValueSpecification\",\"valueRequired\":true,\"valueName\":\"search_term_string\"}}],\"inLanguage\":\"fr-FR\"},{\"@type\":\"Person\",\"@id\":\"https:\/\/www.africa-press.net\/burkina-faso\/#\/schema\/person\/2b1cf3cd81a31e3cd26889ca66d677f1\",\"name\":\"cfeditorfr\"}]}<\/script>\n<!-- \/ Yoast SEO Premium plugin. -->","yoast_head_json":{"title":"H\u00f4pital de r\u00e9f\u00e9rence de Bobo-Dioulasso - Burkina Faso","description":"Le chef du gouvernement burkinab\u00e8, Christophe Dabir\u00e9, a proc\u00e9d\u00e9, ce mardi 20 octobre \u00e0 Pala, village rattach\u00e9 \u00e0 la commune de Bobo-Dioulasso,","robots":{"index":"index","follow":"follow","max-snippet":"max-snippet:-1","max-image-preview":"max-image-preview:large","max-video-preview":"max-video-preview:-1"},"canonical":"https:\/\/www.africa-press.net\/burkina-faso\/politique\/newsletter-lefaso-net-2","og_locale":"fr_FR","og_type":"article","og_title":"H\u00f4pital de r\u00e9f\u00e9rence de Bobo-Dioulasso","og_description":"Le chef du gouvernement burkinab\u00e8, Christophe Dabir\u00e9, a proc\u00e9d\u00e9, ce mardi 20 octobre \u00e0 Pala, village rattach\u00e9 \u00e0 la commune de Bobo-Dioulasso,","og_url":"https:\/\/www.africa-press.net\/burkina-faso\/politique\/newsletter-lefaso-net-2","og_site_name":"Burkina Faso","article_published_time":"2020-10-22T00:42:20+00:00","article_modified_time":"2020-10-22T17:09:50+00:00","og_image":[{"width":640,"height":389,"url":"https:\/\/static.africa-press.net\/burkina\/sites\/42\/2020\/10\/img-5f90d474e70aa.jpg","type":"image\/jpeg"}],"author":"cfeditorfr","twitter_card":"summary_large_image","twitter_misc":{"\u00c9crit par":"cfeditorfr","Dur\u00e9e de lecture estim\u00e9e":"4 minutes"},"schema":{"@context":"https:\/\/schema.org","@graph":[{"@type":"Article","@id":"https:\/\/www.africa-press.net\/burkina-faso\/politique\/newsletter-lefaso-net-2#article","isPartOf":{"@id":"https:\/\/www.africa-press.net\/burkina-faso\/politique\/newsletter-lefaso-net-2"},"author":{"name":"cfeditorfr","@id":"https:\/\/www.africa-press.net\/burkina-faso\/#\/schema\/person\/2b1cf3cd81a31e3cd26889ca66d677f1"},"headline":"H\u00f4pital de r\u00e9f\u00e9rence de Bobo-Dioulasso","datePublished":"2020-10-22T00:42:20+00:00","dateModified":"2020-10-22T17:09:50+00:00","mainEntityOfPage":{"@id":"https:\/\/www.africa-press.net\/burkina-faso\/politique\/newsletter-lefaso-net-2"},"wordCount":718,"commentCount":0,"image":{"@id":"https:\/\/www.africa-press.net\/burkina-faso\/politique\/newsletter-lefaso-net-2#primaryimage"},"thumbnailUrl":"https:\/\/static.africa-press.net\/burkina\/sites\/42\/2020\/10\/img-5f90d474e70aa.jpg","keywords":["Burkina Faso","H\u00f4pital de r\u00e9f\u00e9rence de Bobo-Dioulasso"],"articleSection":["homepage-french","Politique","Toutes les actualit\u00e9s"],"inLanguage":"fr-FR","potentialAction":[{"@type":"CommentAction","name":"Comment","target":["https:\/\/www.africa-press.net\/burkina-faso\/politique\/newsletter-lefaso-net-2#respond"]}]},{"@type":"WebPage","@id":"https:\/\/www.africa-press.net\/burkina-faso\/politique\/newsletter-lefaso-net-2","url":"https:\/\/www.africa-press.net\/burkina-faso\/politique\/newsletter-lefaso-net-2","name":"H\u00f4pital de r\u00e9f\u00e9rence de Bobo-Dioulasso - Burkina Faso","isPartOf":{"@id":"https:\/\/www.africa-press.net\/burkina-faso\/#website"},"primaryImageOfPage":{"@id":"https:\/\/www.africa-press.net\/burkina-faso\/politique\/newsletter-lefaso-net-2#primaryimage"},"image":{"@id":"https:\/\/www.africa-press.net\/burkina-faso\/politique\/newsletter-lefaso-net-2#primaryimage"},"thumbnailUrl":"https:\/\/static.africa-press.net\/burkina\/sites\/42\/2020\/10\/img-5f90d474e70aa.jpg","datePublished":"2020-10-22T00:42:20+00:00","dateModified":"2020-10-22T17:09:50+00:00","author":{"@id":"https:\/\/www.africa-press.net\/burkina-faso\/#\/schema\/person\/2b1cf3cd81a31e3cd26889ca66d677f1"},"description":"Le chef du gouvernement burkinab\u00e8, Christophe Dabir\u00e9, a proc\u00e9d\u00e9, ce mardi 20 octobre \u00e0 Pala, village rattach\u00e9 \u00e0 la commune de Bobo-Dioulasso,","breadcrumb":{"@id":"https:\/\/www.africa-press.net\/burkina-faso\/politique\/newsletter-lefaso-net-2#breadcrumb"},"inLanguage":"fr-FR","potentialAction":[{"@type":"ReadAction","target":["https:\/\/www.africa-press.net\/burkina-faso\/politique\/newsletter-lefaso-net-2"]}]},{"@type":"ImageObject","inLanguage":"fr-FR","@id":"https:\/\/www.africa-press.net\/burkina-faso\/politique\/newsletter-lefaso-net-2#primaryimage","url":"https:\/\/static.africa-press.net\/burkina\/sites\/42\/2020\/10\/img-5f90d474e70aa.jpg","contentUrl":"https:\/\/static.africa-press.net\/burkina\/sites\/42\/2020\/10\/img-5f90d474e70aa.jpg","width":640,"height":389},{"@type":"BreadcrumbList","@id":"https:\/\/www.africa-press.net\/burkina-faso\/politique\/newsletter-lefaso-net-2#breadcrumb","itemListElement":[{"@type":"ListItem","position":1,"name":"Accueil","item":"https:\/\/www.africa-press.net\/burkina-faso\/"},{"@type":"ListItem","position":2,"name":"H\u00f4pital de r\u00e9f\u00e9rence de Bobo-Dioulasso"}]},{"@type":"WebSite","@id":"https:\/\/www.africa-press.net\/burkina-faso\/#website","url":"https:\/\/www.africa-press.net\/burkina-faso\/","name":"Burkina Faso","description":"Just another Africa News Agency Sites site","potentialAction":[{"@type":"SearchAction","target":{"@type":"EntryPoint","urlTemplate":"https:\/\/www.africa-press.net\/burkina-faso\/?s={search_term_string}"},"query-input":{"@type":"PropertyValueSpecification","valueRequired":true,"valueName":"search_term_string"}}],"inLanguage":"fr-FR"},{"@type":"Person","@id":"https:\/\/www.africa-press.net\/burkina-faso\/#\/schema\/person\/2b1cf3cd81a31e3cd26889ca66d677f1","name":"cfeditorfr"}]}},"_links":{"self":[{"href":"https:\/\/www.africa-press.net\/burkina-faso\/wp-json\/wp\/v2\/posts\/217","targetHints":{"allow":["GET"]}}],"collection":[{"href":"https:\/\/www.africa-press.net\/burkina-faso\/wp-json\/wp\/v2\/posts"}],"about":[{"href":"https:\/\/www.africa-press.net\/burkina-faso\/wp-json\/wp\/v2\/types\/post"}],"author":[{"embeddable":true,"href":"https:\/\/www.africa-press.net\/burkina-faso\/wp-json\/wp\/v2\/users\/82"}],"replies":[{"embeddable":true,"href":"https:\/\/www.africa-press.net\/burkina-faso\/wp-json\/wp\/v2\/comments?post=217"}],"version-history":[{"count":0,"href":"https:\/\/www.africa-press.net\/burkina-faso\/wp-json\/wp\/v2\/posts\/217\/revisions"}],"wp:featuredmedia":[{"embeddable":true,"href":"https:\/\/www.africa-press.net\/burkina-faso\/wp-json\/wp\/v2\/media\/216"}],"wp:attachment":[{"href":"https:\/\/www.africa-press.net\/burkina-faso\/wp-json\/wp\/v2\/media?parent=217"}],"wp:term":[{"taxonomy":"category","embeddable":true,"href":"https:\/\/www.africa-press.net\/burkina-faso\/wp-json\/wp\/v2\/categories?post=217"},{"taxonomy":"post_tag","embeddable":true,"href":"https:\/\/www.africa-press.net\/burkina-faso\/wp-json\/wp\/v2\/tags?post=217"}],"curies":[{"name":"wp","href":"https:\/\/api.w.org\/{rel}","templated":true}]}}